{"id":31785,"date":"2024-02-29T04:54:05","date_gmt":"2024-02-29T04:54:05","guid":{"rendered":"https:\/\/kibrisdakik.com\/index.php\/2024\/02\/29\/kucuk-yasananlar-2024-2025-egitim-ve-ekonomisine-yansiyacak\/"},"modified":"2024-02-29T04:54:05","modified_gmt":"2024-02-29T04:54:05","slug":"kucuk-yasananlar-2024-2025-egitim-ve-ekonomisine-yansiyacak","status":"publish","type":"post","link":"https:\/\/kibrisdakik.com\/?p=31785","title":{"rendered":"K\u00fc\u00e7\u00fck: Ya\u015fananlar 2024 -2025 e\u011fitim ve ekonomisine yans\u0131yacak"},"content":{"rendered":"<p><img decoding=\"async\" src=\"https:\/\/www.kibristurk.com\/images\/haberler\/2024\/02\/kucuk-yasananlar-2024-2025-egitim-ve-ekonomisine-yansiyacak-1709125372.webp\" \/><\/p>\n<p>\u201cHer zaman devlet kurumlar\u0131na inan, de\u011fer veren sistemse s\u0131k\u0131nt\u0131lar\u0131n k\u00f6kten \u00e7\u00f6z\u00fcm\u00fcn\u00fcn taraftar\u0131y\u0131m\u201d \u015feklinde konu\u015fan K\u00fc\u00e7\u00fck, Y\u00fcksek\u00f6\u011fretimde 0 tolerans ile ilerleyerek Y\u00d6DAK \u2018\u0131n kurumsal yap\u0131s\u0131n\u0131n ve insan kayna\u011f\u0131n\u0131n g\u00fc\u00e7lendirilmesi gerekti\u011fini belirterek diploma takip sisteminin getirilmesi, \u00f6\u011frenci takip sisteminin ise geli\u015ftirilmesi gerekti\u011fini savundu.&nbsp;<br \/>\n\u201cHEP\u0130M\u0130Z KAYBED\u0130YORUZ\u201d<br \/>\nBas\u0131na yans\u0131yan konular\u0131n \u00fclkeyi y\u0131pratabilece\u011fini de ekleyen Dr. K\u00fc\u00e7\u00fck, &nbsp;\u201cHepimizin kaybetti\u011finin fark\u0131nda de\u011filiz. Hem siyaset \u00fczerinden hem de kamuoyunun tam bilgisi olmadan bas\u0131n taraf\u0131ndan yans\u0131t\u0131lan tart\u0131\u015fmalar 2024 -2025 e\u011fitim \u00f6\u011fretim d\u00f6nemine yans\u0131yacak. Biz hangi \u00f6\u011frenciyi kar\u015f\u0131layaca\u011f\u0131z? \u00d6\u011frencilerin az olmas\u0131 \u00fcretimi de sekteye u\u011fratacakt\u0131r\u201d Dedi.&nbsp;<br \/>\n\u201cY\u00dcKSEK\u00d6\u011eRET\u0130MDE 0 TOLERANS \u0130LE BU KARA LEKE ORTADAN KALKMALI\u201d<br \/>\nY\u00fcksek\u00f6\u011fretim alan\u0131nda ivedilikle hayata ge\u00e7irilmesi gerekenler oldu\u011funu savunan Dr. K\u00fc\u00e7\u00fck, \u201cY\u00fcksek\u00f6\u011frenim \u00fcniversiteler olarak yorumlanmamal\u0131 toplum m\u00fchendisli\u011fi olarak d\u00fc\u015f\u00fcnmeliyiz. Bu alg\u0131y\u0131 de\u011fi\u015ftirmez ve y\u00fcksek\u00f6\u011fretimdeki marka de\u011ferini hak etti\u011fi yere getirecek eylemlere giremezsek, yeni y\u0131lda sadece y\u00fcksek\u00f6\u011frenim de\u011fil ekonomik anlamda da ciddi s\u0131k\u0131nt\u0131larla bo\u011fu\u015faca\u011f\u0131z. Telafisi uzun y\u0131llar s\u00fcrecek. Y\u00fcksek\u00f6\u011fretimde 0 tolerans ile bu kara lekenin ortadan kalkmas\u0131 ve y\u00fcksek\u00f6\u011fretime kendi \u00e7ocu\u011fumuz gibi bakmam\u0131z gerekir\u201d ifadelerine&nbsp;yer&nbsp;verdi.<\/p>\n","protected":false},"excerpt":{"rendered":"<p>\u201cHer zaman devlet kurumlar\u0131na inan, de\u011fer veren sistemse s\u0131k\u0131nt\u0131lar\u0131n k\u00f6kten \u00e7\u00f6z\u00fcm\u00fcn\u00fcn taraftar\u0131y\u0131m\u201d \u015feklinde konu\u015fan K\u00fc\u00e7\u00fck, Y\u00fcksek\u00f6\u011fretimde 0 tolerans ile ilerleyerek Y\u00d6DAK \u2018\u0131n kurumsal yap\u0131s\u0131n\u0131n ve insan kayna\u011f\u0131n\u0131n g\u00fc\u00e7lendirilmesi gerekti\u011fini belirterek diploma takip sisteminin getirilmesi, \u00f6\u011frenci takip sisteminin ise geli\u015ftirilmesi gerekti\u011fini savundu.&nbsp; \u201cHEP\u0130M\u0130Z KAYBED\u0130YORUZ\u201d Bas\u0131na yans\u0131yan konular\u0131n \u00fclkeyi y\u0131pratabilece\u011fini de ekleyen Dr. K\u00fc\u00e7\u00fck, &nbsp;\u201cHepimizin kaybetti\u011finin fark\u0131nda<\/p>\n","protected":false},"author":1,"featured_media":31786,"comment_status":"open","ping_status":"open","sticky":false,"template":"","format":"standard","meta":{"footnotes":""},"categories":[79],"tags":[],"class_list":["post-31785","post","type-post","status-publish","format-standard","has-post-thumbnail","hentry","category-ekonomi"],"yoast_head":"<!-- This site is optimized with the Yoast SEO plugin v27.5 - https:\/\/yoast.com\/product\/yoast-seo-wordpress\/ -->\n<title>K\u00fc\u00e7\u00fck: Ya\u015fananlar 2024 -2025 e\u011fitim ve ekonomisine yans\u0131yacak -<\/title>\n<meta name=\"robots\" content=\"index, follow, max-snippet:-1, max-image-preview:large, max-video-preview:-1\" \/>\n<link rel=\"canonical\" href=\"https:\/\/kibrisdakik.com\/?p=31785\" \/>\n<meta property=\"og:locale\" content=\"tr_TR\" \/>\n<meta property=\"og:type\" content=\"article\" \/>\n<meta property=\"og:title\" content=\"K\u00fc\u00e7\u00fck: Ya\u015fananlar 2024 -2025 e\u011fitim ve ekonomisine yans\u0131yacak -\" \/>\n<meta property=\"og:description\" content=\"\u201cHer zaman devlet kurumlar\u0131na inan, de\u011fer veren sistemse s\u0131k\u0131nt\u0131lar\u0131n k\u00f6kten \u00e7\u00f6z\u00fcm\u00fcn\u00fcn taraftar\u0131y\u0131m\u201d \u015feklinde konu\u015fan K\u00fc\u00e7\u00fck, Y\u00fcksek\u00f6\u011fretimde 0 tolerans ile ilerleyerek Y\u00d6DAK \u2018\u0131n kurumsal yap\u0131s\u0131n\u0131n ve insan kayna\u011f\u0131n\u0131n g\u00fc\u00e7lendirilmesi gerekti\u011fini belirterek diploma takip sisteminin getirilmesi, \u00f6\u011frenci takip sisteminin ise geli\u015ftirilmesi gerekti\u011fini savundu.&nbsp; \u201cHEP\u0130M\u0130Z KAYBED\u0130YORUZ\u201d Bas\u0131na yans\u0131yan konular\u0131n \u00fclkeyi y\u0131pratabilece\u011fini de ekleyen Dr. K\u00fc\u00e7\u00fck, &nbsp;\u201cHepimizin kaybetti\u011finin fark\u0131nda\" \/>\n<meta property=\"og:url\" content=\"https:\/\/kibrisdakik.com\/?p=31785\" \/>\n<meta property=\"article:published_time\" content=\"2024-02-29T04:54:05+00:00\" \/>\n<meta property=\"og:image\" content=\"https:\/\/kibrisdakik.com\/wp-content\/uploads\/2024\/02\/kucuk-yasananlar-2024-2025-egitim-ve-ekonomisine-yansiyacak-1709125372.webp.webp\" \/>\n\t<meta property=\"og:image:width\" content=\"710\" \/>\n\t<meta property=\"og:image:height\" content=\"370\" \/>\n\t<meta property=\"og:image:type\" content=\"image\/webp\" \/>\n<meta name=\"author\" content=\"admin\" \/>\n<meta name=\"twitter:card\" content=\"summary_large_image\" \/>\n<meta name=\"twitter:label1\" content=\"Yazan:\" \/>\n\t<meta name=\"twitter:data1\" content=\"admin\" \/>\n\t<meta name=\"twitter:label2\" content=\"Tahmini okuma s\u00fcresi\" \/>\n\t<meta name=\"twitter:data2\" content=\"1 dakika\" \/>\n<script type=\"application\/ld+json\" class=\"yoast-schema-graph\">{\"@context\":\"https:\\\/\\\/schema.org\",\"@graph\":[{\"@type\":\"Article\",\"@id\":\"https:\\\/\\\/kibrisdakik.com\\\/?p=31785#article\",\"isPartOf\":{\"@id\":\"https:\\\/\\\/kibrisdakik.com\\\/?p=31785\"},\"author\":{\"name\":\"admin\",\"@id\":\"https:\\\/\\\/kibrisdakik.com\\\/#\\\/schema\\\/person\\\/9cd9d437bbb44f72b73ba127e06d8e79\"},\"headline\":\"K\u00fc\u00e7\u00fck: Ya\u015fananlar 2024 -2025 e\u011fitim ve ekonomisine yans\u0131yacak\",\"datePublished\":\"2024-02-29T04:54:05+00:00\",\"mainEntityOfPage\":{\"@id\":\"https:\\\/\\\/kibrisdakik.com\\\/?p=31785\"},\"wordCount\":262,\"commentCount\":0,\"image\":{\"@id\":\"https:\\\/\\\/kibrisdakik.com\\\/?p=31785#primaryimage\"},\"thumbnailUrl\":\"https:\\\/\\\/kibrisdakik.com\\\/wp-content\\\/uploads\\\/2024\\\/02\\\/kucuk-yasananlar-2024-2025-egitim-ve-ekonomisine-yansiyacak-1709125372.webp.webp\",\"articleSection\":[\"Ekonomi\"],\"inLanguage\":\"tr\",\"potentialAction\":[{\"@type\":\"CommentAction\",\"name\":\"Comment\",\"target\":[\"https:\\\/\\\/kibrisdakik.com\\\/?p=31785#respond\"]}]},{\"@type\":\"WebPage\",\"@id\":\"https:\\\/\\\/kibrisdakik.com\\\/?p=31785\",\"url\":\"https:\\\/\\\/kibrisdakik.com\\\/?p=31785\",\"name\":\"K\u00fc\u00e7\u00fck: Ya\u015fananlar 2024 -2025 e\u011fitim ve ekonomisine yans\u0131yacak -\",\"isPartOf\":{\"@id\":\"https:\\\/\\\/kibrisdakik.com\\\/#website\"},\"primaryImageOfPage\":{\"@id\":\"https:\\\/\\\/kibrisdakik.com\\\/?p=31785#primaryimage\"},\"image\":{\"@id\":\"https:\\\/\\\/kibrisdakik.com\\\/?p=31785#primaryimage\"},\"thumbnailUrl\":\"https:\\\/\\\/kibrisdakik.com\\\/wp-content\\\/uploads\\\/2024\\\/02\\\/kucuk-yasananlar-2024-2025-egitim-ve-ekonomisine-yansiyacak-1709125372.webp.webp\",\"datePublished\":\"2024-02-29T04:54:05+00:00\",\"author\":{\"@id\":\"https:\\\/\\\/kibrisdakik.com\\\/#\\\/schema\\\/person\\\/9cd9d437bbb44f72b73ba127e06d8e79\"},\"breadcrumb\":{\"@id\":\"https:\\\/\\\/kibrisdakik.com\\\/?p=31785#breadcrumb\"},\"inLanguage\":\"tr\",\"potentialAction\":[{\"@type\":\"ReadAction\",\"target\":[\"https:\\\/\\\/kibrisdakik.com\\\/?p=31785\"]}]},{\"@type\":\"ImageObject\",\"inLanguage\":\"tr\",\"@id\":\"https:\\\/\\\/kibrisdakik.com\\\/?p=31785#primaryimage\",\"url\":\"https:\\\/\\\/kibrisdakik.com\\\/wp-content\\\/uploads\\\/2024\\\/02\\\/kucuk-yasananlar-2024-2025-egitim-ve-ekonomisine-yansiyacak-1709125372.webp.webp\",\"contentUrl\":\"https:\\\/\\\/kibrisdakik.com\\\/wp-content\\\/uploads\\\/2024\\\/02\\\/kucuk-yasananlar-2024-2025-egitim-ve-ekonomisine-yansiyacak-1709125372.webp.webp\",\"width\":710,\"height\":370},{\"@type\":\"BreadcrumbList\",\"@id\":\"https:\\\/\\\/kibrisdakik.com\\\/?p=31785#breadcrumb\",\"itemListElement\":[{\"@type\":\"ListItem\",\"position\":1,\"name\":\"Home\",\"item\":\"https:\\\/\\\/kibrisdakik.com\\\/\"},{\"@type\":\"ListItem\",\"position\":2,\"name\":\"K\u00fc\u00e7\u00fck: Ya\u015fananlar 2024 -2025 e\u011fitim ve ekonomisine yans\u0131yacak\"}]},{\"@type\":\"WebSite\",\"@id\":\"https:\\\/\\\/kibrisdakik.com\\\/#website\",\"url\":\"https:\\\/\\\/kibrisdakik.com\\\/\",\"name\":\"\",\"description\":\"Tam vaktinde haber\",\"potentialAction\":[{\"@type\":\"SearchAction\",\"target\":{\"@type\":\"EntryPoint\",\"urlTemplate\":\"https:\\\/\\\/kibrisdakik.com\\\/?s={search_term_string}\"},\"query-input\":{\"@type\":\"PropertyValueSpecification\",\"valueRequired\":true,\"valueName\":\"search_term_string\"}}],\"inLanguage\":\"tr\"},{\"@type\":\"Person\",\"@id\":\"https:\\\/\\\/kibrisdakik.com\\\/#\\\/schema\\\/person\\\/9cd9d437bbb44f72b73ba127e06d8e79\",\"name\":\"admin\",\"image\":{\"@type\":\"ImageObject\",\"inLanguage\":\"tr\",\"@id\":\"https:\\\/\\\/secure.gravatar.com\\\/avatar\\\/ccc17943b9d660506c869530f897617f7cb1c21a4bf30023f252596d83e1f007?s=96&d=mm&r=g\",\"url\":\"https:\\\/\\\/secure.gravatar.com\\\/avatar\\\/ccc17943b9d660506c869530f897617f7cb1c21a4bf30023f252596d83e1f007?s=96&d=mm&r=g\",\"contentUrl\":\"https:\\\/\\\/secure.gravatar.com\\\/avatar\\\/ccc17943b9d660506c869530f897617f7cb1c21a4bf30023f252596d83e1f007?s=96&d=mm&r=g\",\"caption\":\"admin\"},\"sameAs\":[\"https:\\\/\\\/kibrisdakik.com\"],\"url\":\"https:\\\/\\\/kibrisdakik.com\\\/?author=1\"}]}<\/script>\n<!-- \/ Yoast SEO plugin. -->","yoast_head_json":{"title":"K\u00fc\u00e7\u00fck: Ya\u015fananlar 2024 -2025 e\u011fitim ve ekonomisine yans\u0131yacak -","robots":{"index":"index","follow":"follow","max-snippet":"max-snippet:-1","max-image-preview":"max-image-preview:large","max-video-preview":"max-video-preview:-1"},"canonical":"https:\/\/kibrisdakik.com\/?p=31785","og_locale":"tr_TR","og_type":"article","og_title":"K\u00fc\u00e7\u00fck: Ya\u015fananlar 2024 -2025 e\u011fitim ve ekonomisine yans\u0131yacak -","og_description":"\u201cHer zaman devlet kurumlar\u0131na inan, de\u011fer veren sistemse s\u0131k\u0131nt\u0131lar\u0131n k\u00f6kten \u00e7\u00f6z\u00fcm\u00fcn\u00fcn taraftar\u0131y\u0131m\u201d \u015feklinde konu\u015fan K\u00fc\u00e7\u00fck, Y\u00fcksek\u00f6\u011fretimde 0 tolerans ile ilerleyerek Y\u00d6DAK \u2018\u0131n kurumsal yap\u0131s\u0131n\u0131n ve insan kayna\u011f\u0131n\u0131n g\u00fc\u00e7lendirilmesi gerekti\u011fini belirterek diploma takip sisteminin getirilmesi, \u00f6\u011frenci takip sisteminin ise geli\u015ftirilmesi gerekti\u011fini savundu.&nbsp; \u201cHEP\u0130M\u0130Z KAYBED\u0130YORUZ\u201d Bas\u0131na yans\u0131yan konular\u0131n \u00fclkeyi y\u0131pratabilece\u011fini de ekleyen Dr. K\u00fc\u00e7\u00fck, &nbsp;\u201cHepimizin kaybetti\u011finin fark\u0131nda","og_url":"https:\/\/kibrisdakik.com\/?p=31785","article_published_time":"2024-02-29T04:54:05+00:00","og_image":[{"width":710,"height":370,"url":"https:\/\/kibrisdakik.com\/wp-content\/uploads\/2024\/02\/kucuk-yasananlar-2024-2025-egitim-ve-ekonomisine-yansiyacak-1709125372.webp.webp","type":"image\/webp"}],"author":"admin","twitter_card":"summary_large_image","twitter_misc":{"Yazan:":"admin","Tahmini okuma s\u00fcresi":"1 dakika"},"schema":{"@context":"https:\/\/schema.org","@graph":[{"@type":"Article","@id":"https:\/\/kibrisdakik.com\/?p=31785#article","isPartOf":{"@id":"https:\/\/kibrisdakik.com\/?p=31785"},"author":{"name":"admin","@id":"https:\/\/kibrisdakik.com\/#\/schema\/person\/9cd9d437bbb44f72b73ba127e06d8e79"},"headline":"K\u00fc\u00e7\u00fck: Ya\u015fananlar 2024 -2025 e\u011fitim ve ekonomisine yans\u0131yacak","datePublished":"2024-02-29T04:54:05+00:00","mainEntityOfPage":{"@id":"https:\/\/kibrisdakik.com\/?p=31785"},"wordCount":262,"commentCount":0,"image":{"@id":"https:\/\/kibrisdakik.com\/?p=31785#primaryimage"},"thumbnailUrl":"https:\/\/kibrisdakik.com\/wp-content\/uploads\/2024\/02\/kucuk-yasananlar-2024-2025-egitim-ve-ekonomisine-yansiyacak-1709125372.webp.webp","articleSection":["Ekonomi"],"inLanguage":"tr","potentialAction":[{"@type":"CommentAction","name":"Comment","target":["https:\/\/kibrisdakik.com\/?p=31785#respond"]}]},{"@type":"WebPage","@id":"https:\/\/kibrisdakik.com\/?p=31785","url":"https:\/\/kibrisdakik.com\/?p=31785","name":"K\u00fc\u00e7\u00fck: Ya\u015fananlar 2024 -2025 e\u011fitim ve ekonomisine yans\u0131yacak -","isPartOf":{"@id":"https:\/\/kibrisdakik.com\/#website"},"primaryImageOfPage":{"@id":"https:\/\/kibrisdakik.com\/?p=31785#primaryimage"},"image":{"@id":"https:\/\/kibrisdakik.com\/?p=31785#primaryimage"},"thumbnailUrl":"https:\/\/kibrisdakik.com\/wp-content\/uploads\/2024\/02\/kucuk-yasananlar-2024-2025-egitim-ve-ekonomisine-yansiyacak-1709125372.webp.webp","datePublished":"2024-02-29T04:54:05+00:00","author":{"@id":"https:\/\/kibrisdakik.com\/#\/schema\/person\/9cd9d437bbb44f72b73ba127e06d8e79"},"breadcrumb":{"@id":"https:\/\/kibrisdakik.com\/?p=31785#breadcrumb"},"inLanguage":"tr","potentialAction":[{"@type":"ReadAction","target":["https:\/\/kibrisdakik.com\/?p=31785"]}]},{"@type":"ImageObject","inLanguage":"tr","@id":"https:\/\/kibrisdakik.com\/?p=31785#primaryimage","url":"https:\/\/kibrisdakik.com\/wp-content\/uploads\/2024\/02\/kucuk-yasananlar-2024-2025-egitim-ve-ekonomisine-yansiyacak-1709125372.webp.webp","contentUrl":"https:\/\/kibrisdakik.com\/wp-content\/uploads\/2024\/02\/kucuk-yasananlar-2024-2025-egitim-ve-ekonomisine-yansiyacak-1709125372.webp.webp","width":710,"height":370},{"@type":"BreadcrumbList","@id":"https:\/\/kibrisdakik.com\/?p=31785#breadcrumb","itemListElement":[{"@type":"ListItem","position":1,"name":"Home","item":"https:\/\/kibrisdakik.com\/"},{"@type":"ListItem","position":2,"name":"K\u00fc\u00e7\u00fck: Ya\u015fananlar 2024 -2025 e\u011fitim ve ekonomisine yans\u0131yacak"}]},{"@type":"WebSite","@id":"https:\/\/kibrisdakik.com\/#website","url":"https:\/\/kibrisdakik.com\/","name":"","description":"Tam vaktinde haber","potentialAction":[{"@type":"SearchAction","target":{"@type":"EntryPoint","urlTemplate":"https:\/\/kibrisdakik.com\/?s={search_term_string}"},"query-input":{"@type":"PropertyValueSpecification","valueRequired":true,"valueName":"search_term_string"}}],"inLanguage":"tr"},{"@type":"Person","@id":"https:\/\/kibrisdakik.com\/#\/schema\/person\/9cd9d437bbb44f72b73ba127e06d8e79","name":"admin","image":{"@type":"ImageObject","inLanguage":"tr","@id":"https:\/\/secure.gravatar.com\/avatar\/ccc17943b9d660506c869530f897617f7cb1c21a4bf30023f252596d83e1f007?s=96&d=mm&r=g","url":"https:\/\/secure.gravatar.com\/avatar\/ccc17943b9d660506c869530f897617f7cb1c21a4bf30023f252596d83e1f007?s=96&d=mm&r=g","contentUrl":"https:\/\/secure.gravatar.com\/avatar\/ccc17943b9d660506c869530f897617f7cb1c21a4bf30023f252596d83e1f007?s=96&d=mm&r=g","caption":"admin"},"sameAs":["https:\/\/kibrisdakik.com"],"url":"https:\/\/kibrisdakik.com\/?author=1"}]}},"_links":{"self":[{"href":"https:\/\/kibrisdakik.com\/index.php?rest_route=\/wp\/v2\/posts\/31785","targetHints":{"allow":["GET"]}}],"collection":[{"href":"https:\/\/kibrisdakik.com\/index.php?rest_route=\/wp\/v2\/posts"}],"about":[{"href":"https:\/\/kibrisdakik.com\/index.php?rest_route=\/wp\/v2\/types\/post"}],"author":[{"embeddable":true,"href":"https:\/\/kibrisdakik.com\/index.php?rest_route=\/wp\/v2\/users\/1"}],"replies":[{"embeddable":true,"href":"https:\/\/kibrisdakik.com\/index.php?rest_route=%2Fwp%2Fv2%2Fcomments&post=31785"}],"version-history":[{"count":0,"href":"https:\/\/kibrisdakik.com\/index.php?rest_route=\/wp\/v2\/posts\/31785\/revisions"}],"wp:featuredmedia":[{"embeddable":true,"href":"https:\/\/kibrisdakik.com\/index.php?rest_route=\/wp\/v2\/media\/31786"}],"wp:attachment":[{"href":"https:\/\/kibrisdakik.com\/index.php?rest_route=%2Fwp%2Fv2%2Fmedia&parent=31785"}],"wp:term":[{"taxonomy":"category","embeddable":true,"href":"https:\/\/kibrisdakik.com\/index.php?rest_route=%2Fwp%2Fv2%2Fcategories&post=31785"},{"taxonomy":"post_tag","embeddable":true,"href":"https:\/\/kibrisdakik.com\/index.php?rest_route=%2Fwp%2Fv2%2Ftags&post=31785"}],"curies":[{"name":"wp","href":"https:\/\/api.w.org\/{rel}","templated":true}]}}