{"id":3182,"date":"2023-03-13T15:03:45","date_gmt":"2023-03-13T15:03:45","guid":{"rendered":"https:\/\/kibrisdakik.com\/index.php\/2023\/03\/13\/avrupa-komisyonu-reform-mudurlugu-genel-direktoru-nava-suleyman-ulucaya-taziye-ziyaretinde-bulundu\/"},"modified":"2023-03-13T15:03:45","modified_gmt":"2023-03-13T15:03:45","slug":"avrupa-komisyonu-reform-mudurlugu-genel-direktoru-nava-suleyman-ulucaya-taziye-ziyaretinde-bulundu","status":"publish","type":"post","link":"https:\/\/kibrisdakik.com\/?p=3182","title":{"rendered":"Avrupa Komisyonu Reform M\u00fcd\u00fcrl\u00fc\u011f\u00fc Genel Direkt\u00f6r\u00fc Nava, S\u00fcleyman Ulu\u00e7ay\u2019a taziye ziyaretinde bulundu"},"content":{"rendered":"<p><\/p>\n<div>\n<div class=\"mariselle-image-container none\">\n                <img width=\"2000\" height=\"1125\" class=\"lazy-image\" alt=\"\" decoding=\"async\" loading=\"lazy\" sizes=\"auto, (max-width: 2000px) 100vw, 2000px\" src=\"https:\/\/brtk.net\/wp-content\/uploads\/2023\/03\/13\/gazimagusa-bel-2-.jpg?ver=99c086ae8800cd0da474d0a8a55cf3a1\" srcset=\"https:\/\/brtk.net\/wp-content\/uploads\/2023\/03\/13\/gazimagusa-bel-2-.jpg?ver=99c086ae8800cd0da474d0a8a55cf3a1 2000w, https:\/\/brtk.net\/wp-content\/uploads\/2023\/03\/13\/gazimagusa-bel-2--300x169.jpg?ver=99c086ae8800cd0da474d0a8a55cf3a1 300w, https:\/\/brtk.net\/wp-content\/uploads\/2023\/03\/13\/gazimagusa-bel-2--1024x576.jpg?ver=2446b228d771b41a1aa6d0343a5e545e 1024w, https:\/\/brtk.net\/wp-content\/uploads\/2023\/03\/13\/gazimagusa-bel-2--768x432.jpg?ver=2446b228d771b41a1aa6d0343a5e545e 768w, https:\/\/brtk.net\/wp-content\/uploads\/2023\/03\/13\/gazimagusa-bel-2--1536x864.jpg?ver=2446b228d771b41a1aa6d0343a5e545e 1536w\"\/>                            <\/div>\n<p>Avrupa Komisyonu\u2019nun Reform M\u00fcd\u00fcrl\u00fc\u011f\u00fc Genel Direkt\u00f6r\u00fc Mario Nava beraberinde heyetle Gazima\u011fusa Belediye Ba\u015fkan\u0131 S\u00fcleyman Ulu\u00e7ay\u2019\u0131 ziyaret ederek, depremden dolay\u0131 ya\u015fanan can kay\u0131plar\u0131yla ilgili taziyelerini sundu.<\/p>\n<p>Gazima\u011fusa Belediyesi teknik ekibinin de haz\u0131r bulundu\u011fu g\u00f6r\u00fc\u015fmede, Kanalizasyon Birimi Sorumlular\u0131ndan \u00c7evre M\u00fchendisi Do\u011fu\u00e7 Veysio\u011flu, y\u00fcr\u00fct\u00fclen kanalizasyon \u00e7al\u0131\u015fmalar\u0131yla ilgili bir sunum yapt\u0131. Heyet, bug\u00fcn saat 9.00\u2019da Belediye\u2019de yer alan toplant\u0131n\u0131n ard\u0131ndan kanalizasyon \u00e7al\u0131\u015fmalar\u0131n\u0131 yerinde g\u00f6rd\u00fc.<\/p>\n<p>Belediye\u2019den yap\u0131lan a\u00e7\u0131klamaya g\u00f6re, Gazima\u011fusa Belediye Ba\u015fkan\u0131 S\u00fcleyman Ulu\u00e7ay, \u00fclkedeki ma\u00e7larda \u015fampiyon olan erkek ve k\u0131z voleybol tak\u0131mlar\u0131n\u0131n t\u00fcm\u00fcn\u00fc depremde kaybettiklerini aktard\u0131. Ye\u011feni Evren \u00c7avd\u0131r\u2019\u0131n k\u0131z\u0131n\u0131n da k\u0131z tak\u0131m\u0131nda oldu\u011funu ve annesi ile babas\u0131n\u0131n onu desteklemek i\u00e7in T\u00fcrkiye\u2019ye gitti\u011fini kaydeden Ulu\u00e7ay, k\u00fc\u00e7\u00fck k\u0131zlar\u0131 Ceylin\u2019i de \u0131srarla g\u00f6t\u00fcrmek istediklerini ancak onun gitmek istemedi\u011fini anlatt\u0131. Gazima\u011fusa\u2019da ayn\u0131 ak\u0131beti ya\u015fayan \u00e7ok say\u0131da ailenin oldu\u011funu ve bu olaydan dolay\u0131 bir travman\u0131n da ya\u015fand\u0131\u011f\u0131n\u0131 ifade eden Ulu\u00e7ay, bu d\u00f6nemde bu t\u00fcr ziyaretlerde verilen mesajlar\u0131n halk\u0131n moralini d\u00fczeltmek i\u00e7in \u00f6nemli oldu\u011funu s\u00f6yledi ve Mario Nava ile heyetine te\u015fekk\u00fcr etti.<\/p>\n<p>Ba\u015fkan Ulu\u00e7ay, AB Komisyonu\u2019nun halk\u0131n hayat\u0131n\u0131 kolayla\u015ft\u0131ran pek \u00e7ok projeye \u00f6nc\u00fcl\u00fck etti\u011fini s\u00f6yleyerek, kanalizasyon sistemine verdikleri deste\u011fin \u00f6nemine de vurgu yapt\u0131.<\/p>\n<p>Avrupa Komisyonu\u2019nun Reform M\u00fcd\u00fcrl\u00fc\u011f\u00fc Genel Direkt\u00f6r\u00fc Mario Nava ise konu\u015fmas\u0131nda, T\u00fcrkiye\u2019de meydana gelen depremde Gazima\u011fusa\u2019n\u0131n \u00e7ocuklar\u0131n\u0131, velileri ve vatanda\u015flar\u0131n\u0131 kaybetti\u011fini kaydederek, bu kay\u0131plardan dolay\u0131 Ba\u015fkan S\u00fcleyman Ulu\u00e7ay\u2019a taziyelerini sundu. Nava, Ba\u015fkan S\u00fcleyman Ulu\u00e7ay\u2019\u0131n ayr\u0131ca felakette ye\u011feni Evren \u00c7avd\u0131r\u2019\u0131 kaybetmesinden dolay\u0131 ba\u015fsa\u011fl\u0131\u011f\u0131 da diledi.<\/p>\n<p>Kanalizasyon Birimi Sorumlular\u0131ndan Do\u011fu\u00e7 Veysio\u011flu ise yapt\u0131\u011f\u0131 sunumda, ge\u00e7mi\u015fte yap\u0131lan kanalizasyon projesiyle ilgili de bilgi vererek, Haziran 2022 tarihinde ba\u015flayan yeni tamirat \u00e7al\u0131\u015fmalar\u0131n\u0131n g\u00fcncel olarak gelinen noktada y\u00fczde 70\u2019in \u00fczerinde tamamland\u0131\u011f\u0131n\u0131 ve 31 kilometrelik hatt\u0131n 23 kilometrelik k\u0131sm\u0131n\u0131n boru de\u011fi\u015fiminin yap\u0131ld\u0131\u011f\u0131n\u0131 aktard\u0131. Veysio\u011flu, 7 pompa istasyonunun yenilenmesi gerekti\u011fini, ayr\u0131ca kanalizasyon ar\u0131tma tesisinin g\u00fcnde 4100 metrek\u00fcp ar\u0131tma kapasitesinin g\u00fcnde 16 bin metrek\u00fcp kapasiteye y\u00fckseltilmesi halinde 90 bin ki\u015fiye hizmet verebilece\u011fini ve Tuzla ve Mara\u015f\u2019\u0131n a\u00e7\u0131k k\u0131sm\u0131n\u0131n sisteme ba\u011flanabilece\u011fini s\u00f6yledi.<\/p>\n<p>TAK\/<a href=\"https:\/\/brtk.net\/\">BRT<\/a><\/p>\n<\/p><\/div>\n<p><script async\n                    defer\n                    crossorigin=\"anonymous\"\n                    src=\"https:\/\/connect.facebook.net\/tr_TR\/sdk.js#xfbml=1&#038;version=v3.3\"\n            ><\/script><\/p>\n","protected":false},"excerpt":{"rendered":"<p>Avrupa Komisyonu\u2019nun Reform M\u00fcd\u00fcrl\u00fc\u011f\u00fc Genel Direkt\u00f6r\u00fc Mario Nava beraberinde heyetle Gazima\u011fusa Belediye Ba\u015fkan\u0131 S\u00fcleyman Ulu\u00e7ay\u2019\u0131 ziyaret ederek, depremden dolay\u0131 ya\u015fanan can kay\u0131plar\u0131yla ilgili taziyelerini sundu. Gazima\u011fusa Belediyesi teknik ekibinin de haz\u0131r bulundu\u011fu g\u00f6r\u00fc\u015fmede, Kanalizasyon Birimi Sorumlular\u0131ndan \u00c7evre M\u00fchendisi Do\u011fu\u00e7 Veysio\u011flu, y\u00fcr\u00fct\u00fclen kanalizasyon \u00e7al\u0131\u015fmalar\u0131yla ilgili bir sunum yapt\u0131. Heyet, bug\u00fcn saat 9.00\u2019da Belediye\u2019de yer alan toplant\u0131n\u0131n<\/p>\n","protected":false},"author":1,"featured_media":3183,"comment_status":"open","ping_status":"open","sticky":false,"template":"","format":"standard","meta":{"footnotes":""},"categories":[1],"tags":[],"class_list":["post-3182","post","type-post","status-publish","format-standard","has-post-thumbnail","hentry","category-gundem"],"yoast_head":"<!-- This site is optimized with the Yoast SEO plugin v27.5 - https:\/\/yoast.com\/product\/yoast-seo-wordpress\/ -->\n<title>Avrupa Komisyonu Reform M\u00fcd\u00fcrl\u00fc\u011f\u00fc Genel Direkt\u00f6r\u00fc Nava, S\u00fcleyman Ulu\u00e7ay\u2019a taziye ziyaretinde bulundu -<\/title>\n<meta name=\"robots\" content=\"index, follow, max-snippet:-1, max-image-preview:large, max-video-preview:-1\" \/>\n<link rel=\"canonical\" href=\"https:\/\/kibrisdakik.com\/?p=3182\" \/>\n<meta property=\"og:locale\" content=\"tr_TR\" \/>\n<meta property=\"og:type\" content=\"article\" \/>\n<meta property=\"og:title\" content=\"Avrupa Komisyonu Reform M\u00fcd\u00fcrl\u00fc\u011f\u00fc Genel Direkt\u00f6r\u00fc Nava, S\u00fcleyman Ulu\u00e7ay\u2019a taziye ziyaretinde bulundu -\" \/>\n<meta property=\"og:description\" content=\"Avrupa Komisyonu\u2019nun Reform M\u00fcd\u00fcrl\u00fc\u011f\u00fc Genel Direkt\u00f6r\u00fc Mario Nava beraberinde heyetle Gazima\u011fusa Belediye Ba\u015fkan\u0131 S\u00fcleyman Ulu\u00e7ay\u2019\u0131 ziyaret ederek, depremden dolay\u0131 ya\u015fanan can kay\u0131plar\u0131yla ilgili taziyelerini sundu. Gazima\u011fusa Belediyesi teknik ekibinin de haz\u0131r bulundu\u011fu g\u00f6r\u00fc\u015fmede, Kanalizasyon Birimi Sorumlular\u0131ndan \u00c7evre M\u00fchendisi Do\u011fu\u00e7 Veysio\u011flu, y\u00fcr\u00fct\u00fclen kanalizasyon \u00e7al\u0131\u015fmalar\u0131yla ilgili bir sunum yapt\u0131. Heyet, bug\u00fcn saat 9.00\u2019da Belediye\u2019de yer alan toplant\u0131n\u0131n\" \/>\n<meta property=\"og:url\" content=\"https:\/\/kibrisdakik.com\/?p=3182\" \/>\n<meta property=\"article:published_time\" content=\"2023-03-13T15:03:45+00:00\" \/>\n<meta property=\"og:image\" content=\"https:\/\/kibrisdakik.com\/wp-content\/uploads\/2023\/03\/gazimagusa-bel-2--740x420.jpg\" \/>\n\t<meta property=\"og:image:width\" content=\"2000\" \/>\n\t<meta property=\"og:image:height\" content=\"1125\" \/>\n\t<meta property=\"og:image:type\" content=\"image\/jpeg\" \/>\n<meta name=\"author\" content=\"admin\" \/>\n<meta name=\"twitter:card\" content=\"summary_large_image\" \/>\n<meta name=\"twitter:label1\" content=\"Yazan:\" \/>\n\t<meta name=\"twitter:data1\" content=\"admin\" \/>\n\t<meta name=\"twitter:label2\" content=\"Tahmini okuma s\u00fcresi\" \/>\n\t<meta name=\"twitter:data2\" content=\"2 dakika\" \/>\n<script type=\"application\/ld+json\" class=\"yoast-schema-graph\">{\"@context\":\"https:\\\/\\\/schema.org\",\"@graph\":[{\"@type\":\"Article\",\"@id\":\"https:\\\/\\\/kibrisdakik.com\\\/?p=3182#article\",\"isPartOf\":{\"@id\":\"https:\\\/\\\/kibrisdakik.com\\\/?p=3182\"},\"author\":{\"name\":\"admin\",\"@id\":\"https:\\\/\\\/kibrisdakik.com\\\/#\\\/schema\\\/person\\\/9cd9d437bbb44f72b73ba127e06d8e79\"},\"headline\":\"Avrupa Komisyonu Reform M\u00fcd\u00fcrl\u00fc\u011f\u00fc Genel Direkt\u00f6r\u00fc Nava, S\u00fcleyman Ulu\u00e7ay\u2019a taziye ziyaretinde bulundu\",\"datePublished\":\"2023-03-13T15:03:45+00:00\",\"mainEntityOfPage\":{\"@id\":\"https:\\\/\\\/kibrisdakik.com\\\/?p=3182\"},\"wordCount\":481,\"commentCount\":0,\"image\":{\"@id\":\"https:\\\/\\\/kibrisdakik.com\\\/?p=3182#primaryimage\"},\"thumbnailUrl\":\"https:\\\/\\\/kibrisdakik.com\\\/wp-content\\\/uploads\\\/2023\\\/03\\\/gazimagusa-bel-2--740x420.jpg\",\"articleSection\":[\"G\u00fcndem\"],\"inLanguage\":\"tr\",\"potentialAction\":[{\"@type\":\"CommentAction\",\"name\":\"Comment\",\"target\":[\"https:\\\/\\\/kibrisdakik.com\\\/?p=3182#respond\"]}]},{\"@type\":\"WebPage\",\"@id\":\"https:\\\/\\\/kibrisdakik.com\\\/?p=3182\",\"url\":\"https:\\\/\\\/kibrisdakik.com\\\/?p=3182\",\"name\":\"Avrupa Komisyonu Reform M\u00fcd\u00fcrl\u00fc\u011f\u00fc Genel Direkt\u00f6r\u00fc Nava, S\u00fcleyman Ulu\u00e7ay\u2019a taziye ziyaretinde bulundu -\",\"isPartOf\":{\"@id\":\"https:\\\/\\\/kibrisdakik.com\\\/#website\"},\"primaryImageOfPage\":{\"@id\":\"https:\\\/\\\/kibrisdakik.com\\\/?p=3182#primaryimage\"},\"image\":{\"@id\":\"https:\\\/\\\/kibrisdakik.com\\\/?p=3182#primaryimage\"},\"thumbnailUrl\":\"https:\\\/\\\/kibrisdakik.com\\\/wp-content\\\/uploads\\\/2023\\\/03\\\/gazimagusa-bel-2--740x420.jpg\",\"datePublished\":\"2023-03-13T15:03:45+00:00\",\"author\":{\"@id\":\"https:\\\/\\\/kibrisdakik.com\\\/#\\\/schema\\\/person\\\/9cd9d437bbb44f72b73ba127e06d8e79\"},\"breadcrumb\":{\"@id\":\"https:\\\/\\\/kibrisdakik.com\\\/?p=3182#breadcrumb\"},\"inLanguage\":\"tr\",\"potentialAction\":[{\"@type\":\"ReadAction\",\"target\":[\"https:\\\/\\\/kibrisdakik.com\\\/?p=3182\"]}]},{\"@type\":\"ImageObject\",\"inLanguage\":\"tr\",\"@id\":\"https:\\\/\\\/kibrisdakik.com\\\/?p=3182#primaryimage\",\"url\":\"https:\\\/\\\/kibrisdakik.com\\\/wp-content\\\/uploads\\\/2023\\\/03\\\/gazimagusa-bel-2--740x420.jpg\",\"contentUrl\":\"https:\\\/\\\/kibrisdakik.com\\\/wp-content\\\/uploads\\\/2023\\\/03\\\/gazimagusa-bel-2--740x420.jpg\",\"width\":2000,\"height\":1125},{\"@type\":\"BreadcrumbList\",\"@id\":\"https:\\\/\\\/kibrisdakik.com\\\/?p=3182#breadcrumb\",\"itemListElement\":[{\"@type\":\"ListItem\",\"position\":1,\"name\":\"Home\",\"item\":\"https:\\\/\\\/kibrisdakik.com\\\/\"},{\"@type\":\"ListItem\",\"position\":2,\"name\":\"Avrupa Komisyonu Reform M\u00fcd\u00fcrl\u00fc\u011f\u00fc Genel Direkt\u00f6r\u00fc Nava, S\u00fcleyman Ulu\u00e7ay\u2019a taziye ziyaretinde bulundu\"}]},{\"@type\":\"WebSite\",\"@id\":\"https:\\\/\\\/kibrisdakik.com\\\/#website\",\"url\":\"https:\\\/\\\/kibrisdakik.com\\\/\",\"name\":\"\",\"description\":\"Tam vaktinde haber\",\"potentialAction\":[{\"@type\":\"SearchAction\",\"target\":{\"@type\":\"EntryPoint\",\"urlTemplate\":\"https:\\\/\\\/kibrisdakik.com\\\/?s={search_term_string}\"},\"query-input\":{\"@type\":\"PropertyValueSpecification\",\"valueRequired\":true,\"valueName\":\"search_term_string\"}}],\"inLanguage\":\"tr\"},{\"@type\":\"Person\",\"@id\":\"https:\\\/\\\/kibrisdakik.com\\\/#\\\/schema\\\/person\\\/9cd9d437bbb44f72b73ba127e06d8e79\",\"name\":\"admin\",\"image\":{\"@type\":\"ImageObject\",\"inLanguage\":\"tr\",\"@id\":\"https:\\\/\\\/secure.gravatar.com\\\/avatar\\\/ccc17943b9d660506c869530f897617f7cb1c21a4bf30023f252596d83e1f007?s=96&d=mm&r=g\",\"url\":\"https:\\\/\\\/secure.gravatar.com\\\/avatar\\\/ccc17943b9d660506c869530f897617f7cb1c21a4bf30023f252596d83e1f007?s=96&d=mm&r=g\",\"contentUrl\":\"https:\\\/\\\/secure.gravatar.com\\\/avatar\\\/ccc17943b9d660506c869530f897617f7cb1c21a4bf30023f252596d83e1f007?s=96&d=mm&r=g\",\"caption\":\"admin\"},\"sameAs\":[\"https:\\\/\\\/kibrisdakik.com\"],\"url\":\"https:\\\/\\\/kibrisdakik.com\\\/?author=1\"}]}<\/script>\n<!-- \/ Yoast SEO plugin. -->","yoast_head_json":{"title":"Avrupa Komisyonu Reform M\u00fcd\u00fcrl\u00fc\u011f\u00fc Genel Direkt\u00f6r\u00fc Nava, S\u00fcleyman Ulu\u00e7ay\u2019a taziye ziyaretinde bulundu -","robots":{"index":"index","follow":"follow","max-snippet":"max-snippet:-1","max-image-preview":"max-image-preview:large","max-video-preview":"max-video-preview:-1"},"canonical":"https:\/\/kibrisdakik.com\/?p=3182","og_locale":"tr_TR","og_type":"article","og_title":"Avrupa Komisyonu Reform M\u00fcd\u00fcrl\u00fc\u011f\u00fc Genel Direkt\u00f6r\u00fc Nava, S\u00fcleyman Ulu\u00e7ay\u2019a taziye ziyaretinde bulundu -","og_description":"Avrupa Komisyonu\u2019nun Reform M\u00fcd\u00fcrl\u00fc\u011f\u00fc Genel Direkt\u00f6r\u00fc Mario Nava beraberinde heyetle Gazima\u011fusa Belediye Ba\u015fkan\u0131 S\u00fcleyman Ulu\u00e7ay\u2019\u0131 ziyaret ederek, depremden dolay\u0131 ya\u015fanan can kay\u0131plar\u0131yla ilgili taziyelerini sundu. Gazima\u011fusa Belediyesi teknik ekibinin de haz\u0131r bulundu\u011fu g\u00f6r\u00fc\u015fmede, Kanalizasyon Birimi Sorumlular\u0131ndan \u00c7evre M\u00fchendisi Do\u011fu\u00e7 Veysio\u011flu, y\u00fcr\u00fct\u00fclen kanalizasyon \u00e7al\u0131\u015fmalar\u0131yla ilgili bir sunum yapt\u0131. Heyet, bug\u00fcn saat 9.00\u2019da Belediye\u2019de yer alan toplant\u0131n\u0131n","og_url":"https:\/\/kibrisdakik.com\/?p=3182","article_published_time":"2023-03-13T15:03:45+00:00","og_image":[{"width":2000,"height":1125,"url":"https:\/\/kibrisdakik.com\/wp-content\/uploads\/2023\/03\/gazimagusa-bel-2--740x420.jpg","type":"image\/jpeg"}],"author":"admin","twitter_card":"summary_large_image","twitter_misc":{"Yazan:":"admin","Tahmini okuma s\u00fcresi":"2 dakika"},"schema":{"@context":"https:\/\/schema.org","@graph":[{"@type":"Article","@id":"https:\/\/kibrisdakik.com\/?p=3182#article","isPartOf":{"@id":"https:\/\/kibrisdakik.com\/?p=3182"},"author":{"name":"admin","@id":"https:\/\/kibrisdakik.com\/#\/schema\/person\/9cd9d437bbb44f72b73ba127e06d8e79"},"headline":"Avrupa Komisyonu Reform M\u00fcd\u00fcrl\u00fc\u011f\u00fc Genel Direkt\u00f6r\u00fc Nava, S\u00fcleyman Ulu\u00e7ay\u2019a taziye ziyaretinde bulundu","datePublished":"2023-03-13T15:03:45+00:00","mainEntityOfPage":{"@id":"https:\/\/kibrisdakik.com\/?p=3182"},"wordCount":481,"commentCount":0,"image":{"@id":"https:\/\/kibrisdakik.com\/?p=3182#primaryimage"},"thumbnailUrl":"https:\/\/kibrisdakik.com\/wp-content\/uploads\/2023\/03\/gazimagusa-bel-2--740x420.jpg","articleSection":["G\u00fcndem"],"inLanguage":"tr","potentialAction":[{"@type":"CommentAction","name":"Comment","target":["https:\/\/kibrisdakik.com\/?p=3182#respond"]}]},{"@type":"WebPage","@id":"https:\/\/kibrisdakik.com\/?p=3182","url":"https:\/\/kibrisdakik.com\/?p=3182","name":"Avrupa Komisyonu Reform M\u00fcd\u00fcrl\u00fc\u011f\u00fc Genel Direkt\u00f6r\u00fc Nava, S\u00fcleyman Ulu\u00e7ay\u2019a taziye ziyaretinde bulundu -","isPartOf":{"@id":"https:\/\/kibrisdakik.com\/#website"},"primaryImageOfPage":{"@id":"https:\/\/kibrisdakik.com\/?p=3182#primaryimage"},"image":{"@id":"https:\/\/kibrisdakik.com\/?p=3182#primaryimage"},"thumbnailUrl":"https:\/\/kibrisdakik.com\/wp-content\/uploads\/2023\/03\/gazimagusa-bel-2--740x420.jpg","datePublished":"2023-03-13T15:03:45+00:00","author":{"@id":"https:\/\/kibrisdakik.com\/#\/schema\/person\/9cd9d437bbb44f72b73ba127e06d8e79"},"breadcrumb":{"@id":"https:\/\/kibrisdakik.com\/?p=3182#breadcrumb"},"inLanguage":"tr","potentialAction":[{"@type":"ReadAction","target":["https:\/\/kibrisdakik.com\/?p=3182"]}]},{"@type":"ImageObject","inLanguage":"tr","@id":"https:\/\/kibrisdakik.com\/?p=3182#primaryimage","url":"https:\/\/kibrisdakik.com\/wp-content\/uploads\/2023\/03\/gazimagusa-bel-2--740x420.jpg","contentUrl":"https:\/\/kibrisdakik.com\/wp-content\/uploads\/2023\/03\/gazimagusa-bel-2--740x420.jpg","width":2000,"height":1125},{"@type":"BreadcrumbList","@id":"https:\/\/kibrisdakik.com\/?p=3182#breadcrumb","itemListElement":[{"@type":"ListItem","position":1,"name":"Home","item":"https:\/\/kibrisdakik.com\/"},{"@type":"ListItem","position":2,"name":"Avrupa Komisyonu Reform M\u00fcd\u00fcrl\u00fc\u011f\u00fc Genel Direkt\u00f6r\u00fc Nava, S\u00fcleyman Ulu\u00e7ay\u2019a taziye ziyaretinde bulundu"}]},{"@type":"WebSite","@id":"https:\/\/kibrisdakik.com\/#website","url":"https:\/\/kibrisdakik.com\/","name":"","description":"Tam vaktinde haber","potentialAction":[{"@type":"SearchAction","target":{"@type":"EntryPoint","urlTemplate":"https:\/\/kibrisdakik.com\/?s={search_term_string}"},"query-input":{"@type":"PropertyValueSpecification","valueRequired":true,"valueName":"search_term_string"}}],"inLanguage":"tr"},{"@type":"Person","@id":"https:\/\/kibrisdakik.com\/#\/schema\/person\/9cd9d437bbb44f72b73ba127e06d8e79","name":"admin","image":{"@type":"ImageObject","inLanguage":"tr","@id":"https:\/\/secure.gravatar.com\/avatar\/ccc17943b9d660506c869530f897617f7cb1c21a4bf30023f252596d83e1f007?s=96&d=mm&r=g","url":"https:\/\/secure.gravatar.com\/avatar\/ccc17943b9d660506c869530f897617f7cb1c21a4bf30023f252596d83e1f007?s=96&d=mm&r=g","contentUrl":"https:\/\/secure.gravatar.com\/avatar\/ccc17943b9d660506c869530f897617f7cb1c21a4bf30023f252596d83e1f007?s=96&d=mm&r=g","caption":"admin"},"sameAs":["https:\/\/kibrisdakik.com"],"url":"https:\/\/kibrisdakik.com\/?author=1"}]}},"_links":{"self":[{"href":"https:\/\/kibrisdakik.com\/index.php?rest_route=\/wp\/v2\/posts\/3182","targetHints":{"allow":["GET"]}}],"collection":[{"href":"https:\/\/kibrisdakik.com\/index.php?rest_route=\/wp\/v2\/posts"}],"about":[{"href":"https:\/\/kibrisdakik.com\/index.php?rest_route=\/wp\/v2\/types\/post"}],"author":[{"embeddable":true,"href":"https:\/\/kibrisdakik.com\/index.php?rest_route=\/wp\/v2\/users\/1"}],"replies":[{"embeddable":true,"href":"https:\/\/kibrisdakik.com\/index.php?rest_route=%2Fwp%2Fv2%2Fcomments&post=3182"}],"version-history":[{"count":0,"href":"https:\/\/kibrisdakik.com\/index.php?rest_route=\/wp\/v2\/posts\/3182\/revisions"}],"wp:featuredmedia":[{"embeddable":true,"href":"https:\/\/kibrisdakik.com\/index.php?rest_route=\/wp\/v2\/media\/3183"}],"wp:attachment":[{"href":"https:\/\/kibrisdakik.com\/index.php?rest_route=%2Fwp%2Fv2%2Fmedia&parent=3182"}],"wp:term":[{"taxonomy":"category","embeddable":true,"href":"https:\/\/kibrisdakik.com\/index.php?rest_route=%2Fwp%2Fv2%2Fcategories&post=3182"},{"taxonomy":"post_tag","embeddable":true,"href":"https:\/\/kibrisdakik.com\/index.php?rest_route=%2Fwp%2Fv2%2Ftags&post=3182"}],"curies":[{"name":"wp","href":"https:\/\/api.w.org\/{rel}","templated":true}]}}