{"id":31897,"date":"2024-02-29T20:08:25","date_gmt":"2024-02-29T20:08:25","guid":{"rendered":"https:\/\/kibrisdakik.com\/index.php\/2024\/02\/29\/montelladan-arda-gulere-euro-2024-soku\/"},"modified":"2024-02-29T20:08:25","modified_gmt":"2024-02-29T20:08:25","slug":"montelladan-arda-gulere-euro-2024-soku","status":"publish","type":"post","link":"https:\/\/kibrisdakik.com\/?p=31897","title":{"rendered":"Montella&#039;dan Arda G\u00fcler&#039;e Euro 2024 \u015foku"},"content":{"rendered":"<p><\/p>\n<p>T\u00fcrkiye Futbol Federasyonu, end\u00fcstriyel ve ticari lastik \u015firketi Prometeon ile sponsorluk s\u00f6zle\u015fmesi imzalad\u0131. \u0130mza t\u00f6reninde Federasyon Ba\u015fkan\u0131 Mehmet B\u00fcy\u00fckek\u015fi&#8217;nin yan\u0131 s\u0131ra A Milli Tak\u0131m Teknik Direkt\u00f6r\u00fc Vincenzo Montella da yer ald\u0131.&nbsp;<\/p>\n<p>Montella, bir \u0130talyan \u015firketiyle yap\u0131lan anla\u015fman\u0131n kendi i\u00e7in b\u00fcy\u00fck mutluluk oldu\u011funu s\u00f6yledi.&nbsp;<\/p>\n<p>&#8220;Dost iki \u00fclke sadece k\u00fclt\u00fcrel olarak yak\u0131nl\u0131kla kalm\u0131yoruz ayn\u0131 zamanda i\u015f hayat\u0131na hep daha fazla yak\u0131nla\u015f\u0131yoruz. EURO 2032&#8217;yi birlikte organize edecek olmak da \u00f6nemli bir hedef. Bu hedefe ula\u015fm\u0131\u015f olmak beni mutlu ediyor. Ayn\u0131 zamanda otob\u00fcslerimizin lastiklerinin de emniyette olaca\u011f\u0131 kesin. Avrupa \u015eampiyonas\u0131&#8217;nda \u00f6nemli ba\u015far\u0131lara imza atmay\u0131 \u00fcmit ediyoruz. Lider olarak grubu bitirdik ama bu ge\u00e7mi\u015f, gelece\u011fe bakmal\u0131y\u0131z.<\/p>\n<p><img decoding=\"async\" alt=\"Montella'dan Arda G\u00fcler'e Euro 2024 \u015foku - 1. Resim\" src=\"https:\/\/i.tgrthaber.com.tr\/images\/haberler\/24-02\/29\/montelladan-arda-gulere-euro-2024-soku-17092265708500_1.jpg\" title=\"Montella'dan Arda G\u00fcler'e Euro 2024 \u015foku\" \/><\/p>\n<h3>\u201c\u0130ST\u0130KRARLI \u0130LERLEMEK \u0130ST\u0130YORUZ\u201d<\/h3>\n<p>Hayallerimiz, arzular\u0131m\u0131z ve heveslerimiz olacak. Bunlar i\u00e7in s\u0131k\u0131 \u00e7al\u0131\u015fmal\u0131y\u0131z. Formumuz en \u00fcst d\u00fczeyde olmal\u0131. Avrupa \u015eampiyonas\u0131 en \u00fcst d\u00fczey m\u00fcsabaka. T\u00fcrk halk\u0131n\u0131n ihtiya\u00e7lar\u0131na kar\u015f\u0131l\u0131k verece\u011fiz. Almanya\u2019da say\u0131lar\u0131 \u00e7ok fazla. \u0130stikrarl\u0131 ilerlemek istiyoruz. D\u00fcnya Kupas\u0131\u2019na da Prometeon ile y\u00fcr\u00fcmek isteriz. \u00c7ok mutluyum.&#8221;<\/p>\n<h3>\u201c20+3 OYUNCU DAVET ETME \u0130MKANIMIZ VAR\u201d<\/h3>\n<p>Montella, Arda G\u00fcler&#8217;le ilgili gelen bir soruya ise&nbsp;&#8220;Ben her oyuncumuzla temastay\u0131m. Arda\u2019y\u0131 da ziyaret ettim. \u00c7al\u0131\u015fma arkada\u015flar\u0131m\u0131z da ziyaret etti. Evet \u00e7ok az oynuyor. \u00dcmit ediyorum ki art\u0131k bundan sonra daha fazla oynayabilsin. \u00c7ok yetenekli bir oyuncu. Onu dikkatle takip ediyoruz. Fiziksel olarak da durumunu takip ediyoruz. Sadece 20+3 oyuncu davet etme imkan\u0131m\u0131z var. Fiziksel olarak kim iyi durumdaysa biraz da ma\u00e7 oynam\u0131\u015fsa onlar\u0131 davet etme imkan\u0131m\u0131z olacak.&#8221;&nbsp;yan\u0131t\u0131n\u0131 verdi.<\/p>\n","protected":false},"excerpt":{"rendered":"<p>T\u00fcrkiye Futbol Federasyonu, end\u00fcstriyel ve ticari lastik \u015firketi Prometeon ile sponsorluk s\u00f6zle\u015fmesi imzalad\u0131. \u0130mza t\u00f6reninde Federasyon Ba\u015fkan\u0131 Mehmet B\u00fcy\u00fckek\u015fi&#8217;nin yan\u0131 s\u0131ra A Milli Tak\u0131m Teknik Direkt\u00f6r\u00fc Vincenzo Montella da yer ald\u0131.&nbsp; Montella, bir \u0130talyan \u015firketiyle yap\u0131lan anla\u015fman\u0131n kendi i\u00e7in b\u00fcy\u00fck mutluluk oldu\u011funu s\u00f6yledi.&nbsp; &#8220;Dost iki \u00fclke sadece k\u00fclt\u00fcrel olarak yak\u0131nl\u0131kla kalm\u0131yoruz ayn\u0131 zamanda i\u015f hayat\u0131na<\/p>\n","protected":false},"author":1,"featured_media":31898,"comment_status":"open","ping_status":"open","sticky":false,"template":"","format":"standard","meta":{"footnotes":""},"categories":[79],"tags":[],"class_list":["post-31897","post","type-post","status-publish","format-standard","has-post-thumbnail","hentry","category-ekonomi"],"yoast_head":"<!-- This site is optimized with the Yoast SEO plugin v27.4 - https:\/\/yoast.com\/product\/yoast-seo-wordpress\/ -->\n<title>Montella&#039;dan Arda G\u00fcler&#039;e Euro 2024 \u015foku -<\/title>\n<meta name=\"robots\" content=\"index, follow, max-snippet:-1, max-image-preview:large, max-video-preview:-1\" \/>\n<link rel=\"canonical\" href=\"https:\/\/kibrisdakik.com\/?p=31897\" \/>\n<meta property=\"og:locale\" content=\"tr_TR\" \/>\n<meta property=\"og:type\" content=\"article\" \/>\n<meta property=\"og:title\" content=\"Montella&#039;dan Arda G\u00fcler&#039;e Euro 2024 \u015foku -\" \/>\n<meta property=\"og:description\" content=\"T\u00fcrkiye Futbol Federasyonu, end\u00fcstriyel ve ticari lastik \u015firketi Prometeon ile sponsorluk s\u00f6zle\u015fmesi imzalad\u0131. \u0130mza t\u00f6reninde Federasyon Ba\u015fkan\u0131 Mehmet B\u00fcy\u00fckek\u015fi&#8217;nin yan\u0131 s\u0131ra A Milli Tak\u0131m Teknik Direkt\u00f6r\u00fc Vincenzo Montella da yer ald\u0131.&nbsp; Montella, bir \u0130talyan \u015firketiyle yap\u0131lan anla\u015fman\u0131n kendi i\u00e7in b\u00fcy\u00fck mutluluk oldu\u011funu s\u00f6yledi.&nbsp; &#8220;Dost iki \u00fclke sadece k\u00fclt\u00fcrel olarak yak\u0131nl\u0131kla kalm\u0131yoruz ayn\u0131 zamanda i\u015f hayat\u0131na\" \/>\n<meta property=\"og:url\" content=\"https:\/\/kibrisdakik.com\/?p=31897\" \/>\n<meta property=\"article:published_time\" content=\"2024-02-29T20:08:25+00:00\" \/>\n<meta property=\"og:image\" content=\"https:\/\/kibrisdakik.com\/wp-content\/uploads\/2024\/02\/montelladan-arda-gulere-euro-2024-soku-17092265708500_1.jpg\" \/>\n\t<meta property=\"og:image:width\" content=\"1280\" \/>\n\t<meta property=\"og:image:height\" content=\"828\" \/>\n\t<meta property=\"og:image:type\" content=\"image\/jpeg\" \/>\n<meta name=\"author\" content=\"admin\" \/>\n<meta name=\"twitter:card\" content=\"summary_large_image\" \/>\n<meta name=\"twitter:label1\" content=\"Yazan:\" \/>\n\t<meta name=\"twitter:data1\" content=\"admin\" \/>\n\t<meta name=\"twitter:label2\" content=\"Tahmini okuma s\u00fcresi\" \/>\n\t<meta name=\"twitter:data2\" content=\"2 dakika\" \/>\n<script type=\"application\/ld+json\" class=\"yoast-schema-graph\">{\"@context\":\"https:\\\/\\\/schema.org\",\"@graph\":[{\"@type\":\"Article\",\"@id\":\"https:\\\/\\\/kibrisdakik.com\\\/?p=31897#article\",\"isPartOf\":{\"@id\":\"https:\\\/\\\/kibrisdakik.com\\\/?p=31897\"},\"author\":{\"name\":\"admin\",\"@id\":\"https:\\\/\\\/kibrisdakik.com\\\/#\\\/schema\\\/person\\\/9cd9d437bbb44f72b73ba127e06d8e79\"},\"headline\":\"Montella&#039;dan Arda G\u00fcler&#039;e Euro 2024 \u015foku\",\"datePublished\":\"2024-02-29T20:08:25+00:00\",\"mainEntityOfPage\":{\"@id\":\"https:\\\/\\\/kibrisdakik.com\\\/?p=31897\"},\"wordCount\":310,\"commentCount\":0,\"image\":{\"@id\":\"https:\\\/\\\/kibrisdakik.com\\\/?p=31897#primaryimage\"},\"thumbnailUrl\":\"https:\\\/\\\/kibrisdakik.com\\\/wp-content\\\/uploads\\\/2024\\\/02\\\/montelladan-arda-gulere-euro-2024-soku-17092265708500_1.jpg\",\"articleSection\":[\"Ekonomi\"],\"inLanguage\":\"tr\",\"potentialAction\":[{\"@type\":\"CommentAction\",\"name\":\"Comment\",\"target\":[\"https:\\\/\\\/kibrisdakik.com\\\/?p=31897#respond\"]}]},{\"@type\":\"WebPage\",\"@id\":\"https:\\\/\\\/kibrisdakik.com\\\/?p=31897\",\"url\":\"https:\\\/\\\/kibrisdakik.com\\\/?p=31897\",\"name\":\"Montella&#039;dan Arda G\u00fcler&#039;e Euro 2024 \u015foku -\",\"isPartOf\":{\"@id\":\"https:\\\/\\\/kibrisdakik.com\\\/#website\"},\"primaryImageOfPage\":{\"@id\":\"https:\\\/\\\/kibrisdakik.com\\\/?p=31897#primaryimage\"},\"image\":{\"@id\":\"https:\\\/\\\/kibrisdakik.com\\\/?p=31897#primaryimage\"},\"thumbnailUrl\":\"https:\\\/\\\/kibrisdakik.com\\\/wp-content\\\/uploads\\\/2024\\\/02\\\/montelladan-arda-gulere-euro-2024-soku-17092265708500_1.jpg\",\"datePublished\":\"2024-02-29T20:08:25+00:00\",\"author\":{\"@id\":\"https:\\\/\\\/kibrisdakik.com\\\/#\\\/schema\\\/person\\\/9cd9d437bbb44f72b73ba127e06d8e79\"},\"breadcrumb\":{\"@id\":\"https:\\\/\\\/kibrisdakik.com\\\/?p=31897#breadcrumb\"},\"inLanguage\":\"tr\",\"potentialAction\":[{\"@type\":\"ReadAction\",\"target\":[\"https:\\\/\\\/kibrisdakik.com\\\/?p=31897\"]}]},{\"@type\":\"ImageObject\",\"inLanguage\":\"tr\",\"@id\":\"https:\\\/\\\/kibrisdakik.com\\\/?p=31897#primaryimage\",\"url\":\"https:\\\/\\\/kibrisdakik.com\\\/wp-content\\\/uploads\\\/2024\\\/02\\\/montelladan-arda-gulere-euro-2024-soku-17092265708500_1.jpg\",\"contentUrl\":\"https:\\\/\\\/kibrisdakik.com\\\/wp-content\\\/uploads\\\/2024\\\/02\\\/montelladan-arda-gulere-euro-2024-soku-17092265708500_1.jpg\",\"width\":1280,\"height\":828},{\"@type\":\"BreadcrumbList\",\"@id\":\"https:\\\/\\\/kibrisdakik.com\\\/?p=31897#breadcrumb\",\"itemListElement\":[{\"@type\":\"ListItem\",\"position\":1,\"name\":\"Home\",\"item\":\"https:\\\/\\\/kibrisdakik.com\\\/\"},{\"@type\":\"ListItem\",\"position\":2,\"name\":\"Montella&#039;dan Arda G\u00fcler&#039;e Euro 2024 \u015foku\"}]},{\"@type\":\"WebSite\",\"@id\":\"https:\\\/\\\/kibrisdakik.com\\\/#website\",\"url\":\"https:\\\/\\\/kibrisdakik.com\\\/\",\"name\":\"\",\"description\":\"Tam vaktinde haber\",\"potentialAction\":[{\"@type\":\"SearchAction\",\"target\":{\"@type\":\"EntryPoint\",\"urlTemplate\":\"https:\\\/\\\/kibrisdakik.com\\\/?s={search_term_string}\"},\"query-input\":{\"@type\":\"PropertyValueSpecification\",\"valueRequired\":true,\"valueName\":\"search_term_string\"}}],\"inLanguage\":\"tr\"},{\"@type\":\"Person\",\"@id\":\"https:\\\/\\\/kibrisdakik.com\\\/#\\\/schema\\\/person\\\/9cd9d437bbb44f72b73ba127e06d8e79\",\"name\":\"admin\",\"image\":{\"@type\":\"ImageObject\",\"inLanguage\":\"tr\",\"@id\":\"https:\\\/\\\/secure.gravatar.com\\\/avatar\\\/ccc17943b9d660506c869530f897617f7cb1c21a4bf30023f252596d83e1f007?s=96&d=mm&r=g\",\"url\":\"https:\\\/\\\/secure.gravatar.com\\\/avatar\\\/ccc17943b9d660506c869530f897617f7cb1c21a4bf30023f252596d83e1f007?s=96&d=mm&r=g\",\"contentUrl\":\"https:\\\/\\\/secure.gravatar.com\\\/avatar\\\/ccc17943b9d660506c869530f897617f7cb1c21a4bf30023f252596d83e1f007?s=96&d=mm&r=g\",\"caption\":\"admin\"},\"sameAs\":[\"https:\\\/\\\/kibrisdakik.com\"],\"url\":\"https:\\\/\\\/kibrisdakik.com\\\/?author=1\"}]}<\/script>\n<!-- \/ Yoast SEO plugin. -->","yoast_head_json":{"title":"Montella&#039;dan Arda G\u00fcler&#039;e Euro 2024 \u015foku -","robots":{"index":"index","follow":"follow","max-snippet":"max-snippet:-1","max-image-preview":"max-image-preview:large","max-video-preview":"max-video-preview:-1"},"canonical":"https:\/\/kibrisdakik.com\/?p=31897","og_locale":"tr_TR","og_type":"article","og_title":"Montella&#039;dan Arda G\u00fcler&#039;e Euro 2024 \u015foku -","og_description":"T\u00fcrkiye Futbol Federasyonu, end\u00fcstriyel ve ticari lastik \u015firketi Prometeon ile sponsorluk s\u00f6zle\u015fmesi imzalad\u0131. \u0130mza t\u00f6reninde Federasyon Ba\u015fkan\u0131 Mehmet B\u00fcy\u00fckek\u015fi&#8217;nin yan\u0131 s\u0131ra A Milli Tak\u0131m Teknik Direkt\u00f6r\u00fc Vincenzo Montella da yer ald\u0131.&nbsp; Montella, bir \u0130talyan \u015firketiyle yap\u0131lan anla\u015fman\u0131n kendi i\u00e7in b\u00fcy\u00fck mutluluk oldu\u011funu s\u00f6yledi.&nbsp; &#8220;Dost iki \u00fclke sadece k\u00fclt\u00fcrel olarak yak\u0131nl\u0131kla kalm\u0131yoruz ayn\u0131 zamanda i\u015f hayat\u0131na","og_url":"https:\/\/kibrisdakik.com\/?p=31897","article_published_time":"2024-02-29T20:08:25+00:00","og_image":[{"width":1280,"height":828,"url":"https:\/\/kibrisdakik.com\/wp-content\/uploads\/2024\/02\/montelladan-arda-gulere-euro-2024-soku-17092265708500_1.jpg","type":"image\/jpeg"}],"author":"admin","twitter_card":"summary_large_image","twitter_misc":{"Yazan:":"admin","Tahmini okuma s\u00fcresi":"2 dakika"},"schema":{"@context":"https:\/\/schema.org","@graph":[{"@type":"Article","@id":"https:\/\/kibrisdakik.com\/?p=31897#article","isPartOf":{"@id":"https:\/\/kibrisdakik.com\/?p=31897"},"author":{"name":"admin","@id":"https:\/\/kibrisdakik.com\/#\/schema\/person\/9cd9d437bbb44f72b73ba127e06d8e79"},"headline":"Montella&#039;dan Arda G\u00fcler&#039;e Euro 2024 \u015foku","datePublished":"2024-02-29T20:08:25+00:00","mainEntityOfPage":{"@id":"https:\/\/kibrisdakik.com\/?p=31897"},"wordCount":310,"commentCount":0,"image":{"@id":"https:\/\/kibrisdakik.com\/?p=31897#primaryimage"},"thumbnailUrl":"https:\/\/kibrisdakik.com\/wp-content\/uploads\/2024\/02\/montelladan-arda-gulere-euro-2024-soku-17092265708500_1.jpg","articleSection":["Ekonomi"],"inLanguage":"tr","potentialAction":[{"@type":"CommentAction","name":"Comment","target":["https:\/\/kibrisdakik.com\/?p=31897#respond"]}]},{"@type":"WebPage","@id":"https:\/\/kibrisdakik.com\/?p=31897","url":"https:\/\/kibrisdakik.com\/?p=31897","name":"Montella&#039;dan Arda G\u00fcler&#039;e Euro 2024 \u015foku -","isPartOf":{"@id":"https:\/\/kibrisdakik.com\/#website"},"primaryImageOfPage":{"@id":"https:\/\/kibrisdakik.com\/?p=31897#primaryimage"},"image":{"@id":"https:\/\/kibrisdakik.com\/?p=31897#primaryimage"},"thumbnailUrl":"https:\/\/kibrisdakik.com\/wp-content\/uploads\/2024\/02\/montelladan-arda-gulere-euro-2024-soku-17092265708500_1.jpg","datePublished":"2024-02-29T20:08:25+00:00","author":{"@id":"https:\/\/kibrisdakik.com\/#\/schema\/person\/9cd9d437bbb44f72b73ba127e06d8e79"},"breadcrumb":{"@id":"https:\/\/kibrisdakik.com\/?p=31897#breadcrumb"},"inLanguage":"tr","potentialAction":[{"@type":"ReadAction","target":["https:\/\/kibrisdakik.com\/?p=31897"]}]},{"@type":"ImageObject","inLanguage":"tr","@id":"https:\/\/kibrisdakik.com\/?p=31897#primaryimage","url":"https:\/\/kibrisdakik.com\/wp-content\/uploads\/2024\/02\/montelladan-arda-gulere-euro-2024-soku-17092265708500_1.jpg","contentUrl":"https:\/\/kibrisdakik.com\/wp-content\/uploads\/2024\/02\/montelladan-arda-gulere-euro-2024-soku-17092265708500_1.jpg","width":1280,"height":828},{"@type":"BreadcrumbList","@id":"https:\/\/kibrisdakik.com\/?p=31897#breadcrumb","itemListElement":[{"@type":"ListItem","position":1,"name":"Home","item":"https:\/\/kibrisdakik.com\/"},{"@type":"ListItem","position":2,"name":"Montella&#039;dan Arda G\u00fcler&#039;e Euro 2024 \u015foku"}]},{"@type":"WebSite","@id":"https:\/\/kibrisdakik.com\/#website","url":"https:\/\/kibrisdakik.com\/","name":"","description":"Tam vaktinde haber","potentialAction":[{"@type":"SearchAction","target":{"@type":"EntryPoint","urlTemplate":"https:\/\/kibrisdakik.com\/?s={search_term_string}"},"query-input":{"@type":"PropertyValueSpecification","valueRequired":true,"valueName":"search_term_string"}}],"inLanguage":"tr"},{"@type":"Person","@id":"https:\/\/kibrisdakik.com\/#\/schema\/person\/9cd9d437bbb44f72b73ba127e06d8e79","name":"admin","image":{"@type":"ImageObject","inLanguage":"tr","@id":"https:\/\/secure.gravatar.com\/avatar\/ccc17943b9d660506c869530f897617f7cb1c21a4bf30023f252596d83e1f007?s=96&d=mm&r=g","url":"https:\/\/secure.gravatar.com\/avatar\/ccc17943b9d660506c869530f897617f7cb1c21a4bf30023f252596d83e1f007?s=96&d=mm&r=g","contentUrl":"https:\/\/secure.gravatar.com\/avatar\/ccc17943b9d660506c869530f897617f7cb1c21a4bf30023f252596d83e1f007?s=96&d=mm&r=g","caption":"admin"},"sameAs":["https:\/\/kibrisdakik.com"],"url":"https:\/\/kibrisdakik.com\/?author=1"}]}},"_links":{"self":[{"href":"https:\/\/kibrisdakik.com\/index.php?rest_route=\/wp\/v2\/posts\/31897","targetHints":{"allow":["GET"]}}],"collection":[{"href":"https:\/\/kibrisdakik.com\/index.php?rest_route=\/wp\/v2\/posts"}],"about":[{"href":"https:\/\/kibrisdakik.com\/index.php?rest_route=\/wp\/v2\/types\/post"}],"author":[{"embeddable":true,"href":"https:\/\/kibrisdakik.com\/index.php?rest_route=\/wp\/v2\/users\/1"}],"replies":[{"embeddable":true,"href":"https:\/\/kibrisdakik.com\/index.php?rest_route=%2Fwp%2Fv2%2Fcomments&post=31897"}],"version-history":[{"count":0,"href":"https:\/\/kibrisdakik.com\/index.php?rest_route=\/wp\/v2\/posts\/31897\/revisions"}],"wp:featuredmedia":[{"embeddable":true,"href":"https:\/\/kibrisdakik.com\/index.php?rest_route=\/wp\/v2\/media\/31898"}],"wp:attachment":[{"href":"https:\/\/kibrisdakik.com\/index.php?rest_route=%2Fwp%2Fv2%2Fmedia&parent=31897"}],"wp:term":[{"taxonomy":"category","embeddable":true,"href":"https:\/\/kibrisdakik.com\/index.php?rest_route=%2Fwp%2Fv2%2Fcategories&post=31897"},{"taxonomy":"post_tag","embeddable":true,"href":"https:\/\/kibrisdakik.com\/index.php?rest_route=%2Fwp%2Fv2%2Ftags&post=31897"}],"curies":[{"name":"wp","href":"https:\/\/api.w.org\/{rel}","templated":true}]}}