{"id":31899,"date":"2024-02-29T20:42:53","date_gmt":"2024-02-29T20:42:53","guid":{"rendered":"https:\/\/kibrisdakik.com\/index.php\/2024\/02\/29\/lefkede-cevre-orgutleri-eylem-yapti-cam-kese-bocegine-karsi-mucadele-sart\/"},"modified":"2024-02-29T20:42:53","modified_gmt":"2024-02-29T20:42:53","slug":"lefkede-cevre-orgutleri-eylem-yapti-cam-kese-bocegine-karsi-mucadele-sart","status":"publish","type":"post","link":"https:\/\/kibrisdakik.com\/?p=31899","title":{"rendered":"Lefke\u2019de \u00e7evre \u00f6rg\u00fctleri eylem yapt\u0131: \u201c\u00c7am kese b\u00f6ce\u011fine kar\u015f\u0131 m\u00fccadele \u015fart\u201d"},"content":{"rendered":"<p><\/p>\n<div>\n<div class=\"mariselle-image-container center\">\n                <img loading=\"lazy\" decoding=\"async\" width=\"2560\" height=\"1438\" class=\"lazy-image\" alt=\"\" sizes=\"auto, (max-width: 2560px) 100vw, 2560px\" src=\"https:\/\/brtk.net\/wp-content\/uploads\/2024\/02\/29\/hhhhhhhvb56-scaled.jpg?ver=cf83d1e8b9b8aefc1ad960fb960acee2\" srcset=\"https:\/\/brtk.net\/wp-content\/uploads\/2024\/02\/29\/hhhhhhhvb56-scaled.jpg?ver=cf83d1e8b9b8aefc1ad960fb960acee2 2560w, https:\/\/brtk.net\/wp-content\/uploads\/2024\/02\/29\/hhhhhhhvb56-300x169.jpg?ver=385d7f502d1b68acb132505f266f08f9 300w, https:\/\/brtk.net\/wp-content\/uploads\/2024\/02\/29\/hhhhhhhvb56-1024x575.jpg?ver=60c9810544f816282cf2f672f003eb05 1024w, https:\/\/brtk.net\/wp-content\/uploads\/2024\/02\/29\/hhhhhhhvb56-768x431.jpg?ver=60c9810544f816282cf2f672f003eb05 768w, https:\/\/brtk.net\/wp-content\/uploads\/2024\/02\/29\/hhhhhhhvb56-1536x863.jpg?ver=55cb3ca05e635ba59ceb33d5d7514981 1536w, https:\/\/brtk.net\/wp-content\/uploads\/2024\/02\/29\/hhhhhhhvb56-2048x1150.jpg?ver=5f84c2ef716cd771553614420c6416bf 2048w\"\/>                            <\/div>\n<p>Lefke \u00c7evre ve Tan\u0131tma Derne\u011fi ile \u00c7evre Platformu i\u015fbirli\u011fiyle, Lefke Belediyesi ve b\u00f6lgedeki sivil toplum \u00f6rg\u00fctlerinin deste\u011fiyle, yetkilileri, \u00fclkedeki ormanl\u0131k alanlar\u0131n korunmas\u0131 konusunda uyarmak ve \u00f6zellikle \u00e7am kese b\u00f6ceklerine kar\u015f\u0131 m\u00fccadeleye \u00e7a\u011f\u0131rmak amac\u0131yla eylem d\u00fczenlendi.<\/p>\n<p>Lefke-\u00c7aml\u0131k\u00f6y aras\u0131ndaki ormanl\u0131k arazide d\u00fczenlenen eylemin a\u00e7\u0131l\u0131\u015f konu\u015fmas\u0131n\u0131 yapan Lefke \u00c7evre ve Tan\u0131tma Derne\u011fi Ba\u015fkan\u0131 M\u00fcnevver Ebedi, ormanlar\u0131m\u0131za sahip \u00e7\u0131kmak i\u00e7in topland\u0131klar\u0131n\u0131 belirterek, 2022 y\u0131l\u0131ndan beridir \u00e7am kese b\u00f6ce\u011fiyle ilgili at\u0131lan ad\u0131mlar\u0131n sonu\u00e7 vermedi\u011fini ve bu konunun ivedilikle ele al\u0131nmas\u0131 gerekti\u011fini kaydetti.<\/p>\n<p>Orman Dairesi b\u00fct\u00e7esinde \u00e7am kese b\u00f6ce\u011fiyle ilgili bir kaleme yer verilmedi\u011fini ifade eden Ebedi, biyolojik entegre m\u00fccadelesinin \u00f6nemine vurgu yapt\u0131.<\/p>\n<p>Lefke Belediye Ba\u015fkan\u0131 Aziz Kaya da Lefke\u2019nin kendine \u00f6zel sorunlar\u0131n\u0131n yan\u0131s\u0131ra \u00fclke genelini etkileyen \u00e7am kese b\u00f6ce\u011finden de olumsuz etkilendi\u011finin alt\u0131n\u0131 \u00e7izerek, bu b\u00f6ce\u011fin art\u0131k salg\u0131n haline d\u00f6n\u00fc\u015ft\u00fc\u011f\u00fcn\u00fc ve biyolojik ila\u00e7laman\u0131n \u015fart oldu\u011funu s\u00f6yledi. <\/p>\n<p>Eyleme kat\u0131lan Denizli-Gemikona\u011f\u0131 Kalk\u0131nd\u0131rma Derne\u011fi Ba\u015fkan\u0131 T\u00fcrkay Fotal\u0131, Biyologlar Derne\u011fi Y\u00f6netim Kurulu \u00dcyesi Hasan Sarpten, Ye\u015fil Bar\u0131\u015f Hareketi Y\u00f6netim Kurulu \u00dcyesi \u0130zlem Nizam, Gaziverenliler Derne\u011fi Y\u00f6netim Kurulu \u00dcyesi Enver \u00d6ztoprak, Lefke Turizm Derne\u011fi Ba\u015fkan\u0131 Hasan Karl\u0131ta\u015f, Lefke Vakf\u0131 ad\u0131na Vehit Nekibzade ile <a href=\"https:\/\/brtk.net\/\">CTP<\/a> Milletvekilleri Salahi \u015eahiner ve Biray Hamzao\u011fullar\u0131 da s\u00f6z alarak detek belirttiler. <\/p>\n<p><a href=\"https:\/\/brtk.net\/\">BRT<\/a><\/p>\n<\/p><\/div>\n<p><script async\n                    defer\n                    crossorigin=\"anonymous\"\n                    src=\"https:\/\/connect.facebook.net\/tr_TR\/sdk.js#xfbml=1&#038;version=v3.3\"\n            ><\/script><\/p>\n","protected":false},"excerpt":{"rendered":"<p>Lefke \u00c7evre ve Tan\u0131tma Derne\u011fi ile \u00c7evre Platformu i\u015fbirli\u011fiyle, Lefke Belediyesi ve b\u00f6lgedeki sivil toplum \u00f6rg\u00fctlerinin deste\u011fiyle, yetkilileri, \u00fclkedeki ormanl\u0131k alanlar\u0131n korunmas\u0131 konusunda uyarmak ve \u00f6zellikle \u00e7am kese b\u00f6ceklerine kar\u015f\u0131 m\u00fccadeleye \u00e7a\u011f\u0131rmak amac\u0131yla eylem d\u00fczenlendi. Lefke-\u00c7aml\u0131k\u00f6y aras\u0131ndaki ormanl\u0131k arazide d\u00fczenlenen eylemin a\u00e7\u0131l\u0131\u015f konu\u015fmas\u0131n\u0131 yapan Lefke \u00c7evre ve Tan\u0131tma Derne\u011fi Ba\u015fkan\u0131 M\u00fcnevver Ebedi, ormanlar\u0131m\u0131za sahip \u00e7\u0131kmak<\/p>\n","protected":false},"author":1,"featured_media":31900,"comment_status":"open","ping_status":"open","sticky":false,"template":"","format":"standard","meta":{"footnotes":""},"categories":[1],"tags":[],"class_list":["post-31899","post","type-post","status-publish","format-standard","has-post-thumbnail","hentry","category-gundem"],"yoast_head":"<!-- This site is optimized with the Yoast SEO plugin v27.5 - https:\/\/yoast.com\/product\/yoast-seo-wordpress\/ -->\n<title>Lefke\u2019de \u00e7evre \u00f6rg\u00fctleri eylem yapt\u0131: \u201c\u00c7am kese b\u00f6ce\u011fine kar\u015f\u0131 m\u00fccadele \u015fart\u201d -<\/title>\n<meta name=\"robots\" content=\"index, follow, max-snippet:-1, max-image-preview:large, max-video-preview:-1\" \/>\n<link rel=\"canonical\" href=\"https:\/\/kibrisdakik.com\/?p=31899\" \/>\n<meta property=\"og:locale\" content=\"tr_TR\" \/>\n<meta property=\"og:type\" content=\"article\" \/>\n<meta property=\"og:title\" content=\"Lefke\u2019de \u00e7evre \u00f6rg\u00fctleri eylem yapt\u0131: \u201c\u00c7am kese b\u00f6ce\u011fine kar\u015f\u0131 m\u00fccadele \u015fart\u201d -\" \/>\n<meta property=\"og:description\" content=\"Lefke \u00c7evre ve Tan\u0131tma Derne\u011fi ile \u00c7evre Platformu i\u015fbirli\u011fiyle, Lefke Belediyesi ve b\u00f6lgedeki sivil toplum \u00f6rg\u00fctlerinin deste\u011fiyle, yetkilileri, \u00fclkedeki ormanl\u0131k alanlar\u0131n korunmas\u0131 konusunda uyarmak ve \u00f6zellikle \u00e7am kese b\u00f6ceklerine kar\u015f\u0131 m\u00fccadeleye \u00e7a\u011f\u0131rmak amac\u0131yla eylem d\u00fczenlendi. Lefke-\u00c7aml\u0131k\u00f6y aras\u0131ndaki ormanl\u0131k arazide d\u00fczenlenen eylemin a\u00e7\u0131l\u0131\u015f konu\u015fmas\u0131n\u0131 yapan Lefke \u00c7evre ve Tan\u0131tma Derne\u011fi Ba\u015fkan\u0131 M\u00fcnevver Ebedi, ormanlar\u0131m\u0131za sahip \u00e7\u0131kmak\" \/>\n<meta property=\"og:url\" content=\"https:\/\/kibrisdakik.com\/?p=31899\" \/>\n<meta property=\"article:published_time\" content=\"2024-02-29T20:42:53+00:00\" \/>\n<meta property=\"og:image\" content=\"https:\/\/kibrisdakik.com\/wp-content\/uploads\/2024\/02\/hhhhhhhvb56-scaled-740x420.jpg\" \/>\n\t<meta property=\"og:image:width\" content=\"2560\" \/>\n\t<meta property=\"og:image:height\" content=\"1438\" \/>\n\t<meta property=\"og:image:type\" content=\"image\/jpeg\" \/>\n<meta name=\"author\" content=\"admin\" \/>\n<meta name=\"twitter:card\" content=\"summary_large_image\" \/>\n<meta name=\"twitter:label1\" content=\"Yazan:\" \/>\n\t<meta name=\"twitter:data1\" content=\"admin\" \/>\n\t<meta name=\"twitter:label2\" content=\"Tahmini okuma s\u00fcresi\" \/>\n\t<meta name=\"twitter:data2\" content=\"1 dakika\" \/>\n<script type=\"application\/ld+json\" class=\"yoast-schema-graph\">{\"@context\":\"https:\\\/\\\/schema.org\",\"@graph\":[{\"@type\":\"Article\",\"@id\":\"https:\\\/\\\/kibrisdakik.com\\\/?p=31899#article\",\"isPartOf\":{\"@id\":\"https:\\\/\\\/kibrisdakik.com\\\/?p=31899\"},\"author\":{\"name\":\"admin\",\"@id\":\"https:\\\/\\\/kibrisdakik.com\\\/#\\\/schema\\\/person\\\/9cd9d437bbb44f72b73ba127e06d8e79\"},\"headline\":\"Lefke\u2019de \u00e7evre \u00f6rg\u00fctleri eylem yapt\u0131: \u201c\u00c7am kese b\u00f6ce\u011fine kar\u015f\u0131 m\u00fccadele \u015fart\u201d\",\"datePublished\":\"2024-02-29T20:42:53+00:00\",\"mainEntityOfPage\":{\"@id\":\"https:\\\/\\\/kibrisdakik.com\\\/?p=31899\"},\"wordCount\":288,\"commentCount\":0,\"image\":{\"@id\":\"https:\\\/\\\/kibrisdakik.com\\\/?p=31899#primaryimage\"},\"thumbnailUrl\":\"https:\\\/\\\/kibrisdakik.com\\\/wp-content\\\/uploads\\\/2024\\\/02\\\/hhhhhhhvb56-scaled-740x420.jpg\",\"articleSection\":[\"G\u00fcndem\"],\"inLanguage\":\"tr\",\"potentialAction\":[{\"@type\":\"CommentAction\",\"name\":\"Comment\",\"target\":[\"https:\\\/\\\/kibrisdakik.com\\\/?p=31899#respond\"]}]},{\"@type\":\"WebPage\",\"@id\":\"https:\\\/\\\/kibrisdakik.com\\\/?p=31899\",\"url\":\"https:\\\/\\\/kibrisdakik.com\\\/?p=31899\",\"name\":\"Lefke\u2019de \u00e7evre \u00f6rg\u00fctleri eylem yapt\u0131: \u201c\u00c7am kese b\u00f6ce\u011fine kar\u015f\u0131 m\u00fccadele \u015fart\u201d -\",\"isPartOf\":{\"@id\":\"https:\\\/\\\/kibrisdakik.com\\\/#website\"},\"primaryImageOfPage\":{\"@id\":\"https:\\\/\\\/kibrisdakik.com\\\/?p=31899#primaryimage\"},\"image\":{\"@id\":\"https:\\\/\\\/kibrisdakik.com\\\/?p=31899#primaryimage\"},\"thumbnailUrl\":\"https:\\\/\\\/kibrisdakik.com\\\/wp-content\\\/uploads\\\/2024\\\/02\\\/hhhhhhhvb56-scaled-740x420.jpg\",\"datePublished\":\"2024-02-29T20:42:53+00:00\",\"author\":{\"@id\":\"https:\\\/\\\/kibrisdakik.com\\\/#\\\/schema\\\/person\\\/9cd9d437bbb44f72b73ba127e06d8e79\"},\"breadcrumb\":{\"@id\":\"https:\\\/\\\/kibrisdakik.com\\\/?p=31899#breadcrumb\"},\"inLanguage\":\"tr\",\"potentialAction\":[{\"@type\":\"ReadAction\",\"target\":[\"https:\\\/\\\/kibrisdakik.com\\\/?p=31899\"]}]},{\"@type\":\"ImageObject\",\"inLanguage\":\"tr\",\"@id\":\"https:\\\/\\\/kibrisdakik.com\\\/?p=31899#primaryimage\",\"url\":\"https:\\\/\\\/kibrisdakik.com\\\/wp-content\\\/uploads\\\/2024\\\/02\\\/hhhhhhhvb56-scaled-740x420.jpg\",\"contentUrl\":\"https:\\\/\\\/kibrisdakik.com\\\/wp-content\\\/uploads\\\/2024\\\/02\\\/hhhhhhhvb56-scaled-740x420.jpg\",\"width\":2560,\"height\":1438},{\"@type\":\"BreadcrumbList\",\"@id\":\"https:\\\/\\\/kibrisdakik.com\\\/?p=31899#breadcrumb\",\"itemListElement\":[{\"@type\":\"ListItem\",\"position\":1,\"name\":\"Home\",\"item\":\"https:\\\/\\\/kibrisdakik.com\\\/\"},{\"@type\":\"ListItem\",\"position\":2,\"name\":\"Lefke\u2019de \u00e7evre \u00f6rg\u00fctleri eylem yapt\u0131: \u201c\u00c7am kese b\u00f6ce\u011fine kar\u015f\u0131 m\u00fccadele \u015fart\u201d\"}]},{\"@type\":\"WebSite\",\"@id\":\"https:\\\/\\\/kibrisdakik.com\\\/#website\",\"url\":\"https:\\\/\\\/kibrisdakik.com\\\/\",\"name\":\"\",\"description\":\"Tam vaktinde haber\",\"potentialAction\":[{\"@type\":\"SearchAction\",\"target\":{\"@type\":\"EntryPoint\",\"urlTemplate\":\"https:\\\/\\\/kibrisdakik.com\\\/?s={search_term_string}\"},\"query-input\":{\"@type\":\"PropertyValueSpecification\",\"valueRequired\":true,\"valueName\":\"search_term_string\"}}],\"inLanguage\":\"tr\"},{\"@type\":\"Person\",\"@id\":\"https:\\\/\\\/kibrisdakik.com\\\/#\\\/schema\\\/person\\\/9cd9d437bbb44f72b73ba127e06d8e79\",\"name\":\"admin\",\"image\":{\"@type\":\"ImageObject\",\"inLanguage\":\"tr\",\"@id\":\"https:\\\/\\\/secure.gravatar.com\\\/avatar\\\/ccc17943b9d660506c869530f897617f7cb1c21a4bf30023f252596d83e1f007?s=96&d=mm&r=g\",\"url\":\"https:\\\/\\\/secure.gravatar.com\\\/avatar\\\/ccc17943b9d660506c869530f897617f7cb1c21a4bf30023f252596d83e1f007?s=96&d=mm&r=g\",\"contentUrl\":\"https:\\\/\\\/secure.gravatar.com\\\/avatar\\\/ccc17943b9d660506c869530f897617f7cb1c21a4bf30023f252596d83e1f007?s=96&d=mm&r=g\",\"caption\":\"admin\"},\"sameAs\":[\"https:\\\/\\\/kibrisdakik.com\"],\"url\":\"https:\\\/\\\/kibrisdakik.com\\\/?author=1\"}]}<\/script>\n<!-- \/ Yoast SEO plugin. -->","yoast_head_json":{"title":"Lefke\u2019de \u00e7evre \u00f6rg\u00fctleri eylem yapt\u0131: \u201c\u00c7am kese b\u00f6ce\u011fine kar\u015f\u0131 m\u00fccadele \u015fart\u201d -","robots":{"index":"index","follow":"follow","max-snippet":"max-snippet:-1","max-image-preview":"max-image-preview:large","max-video-preview":"max-video-preview:-1"},"canonical":"https:\/\/kibrisdakik.com\/?p=31899","og_locale":"tr_TR","og_type":"article","og_title":"Lefke\u2019de \u00e7evre \u00f6rg\u00fctleri eylem yapt\u0131: \u201c\u00c7am kese b\u00f6ce\u011fine kar\u015f\u0131 m\u00fccadele \u015fart\u201d -","og_description":"Lefke \u00c7evre ve Tan\u0131tma Derne\u011fi ile \u00c7evre Platformu i\u015fbirli\u011fiyle, Lefke Belediyesi ve b\u00f6lgedeki sivil toplum \u00f6rg\u00fctlerinin deste\u011fiyle, yetkilileri, \u00fclkedeki ormanl\u0131k alanlar\u0131n korunmas\u0131 konusunda uyarmak ve \u00f6zellikle \u00e7am kese b\u00f6ceklerine kar\u015f\u0131 m\u00fccadeleye \u00e7a\u011f\u0131rmak amac\u0131yla eylem d\u00fczenlendi. Lefke-\u00c7aml\u0131k\u00f6y aras\u0131ndaki ormanl\u0131k arazide d\u00fczenlenen eylemin a\u00e7\u0131l\u0131\u015f konu\u015fmas\u0131n\u0131 yapan Lefke \u00c7evre ve Tan\u0131tma Derne\u011fi Ba\u015fkan\u0131 M\u00fcnevver Ebedi, ormanlar\u0131m\u0131za sahip \u00e7\u0131kmak","og_url":"https:\/\/kibrisdakik.com\/?p=31899","article_published_time":"2024-02-29T20:42:53+00:00","og_image":[{"width":2560,"height":1438,"url":"https:\/\/kibrisdakik.com\/wp-content\/uploads\/2024\/02\/hhhhhhhvb56-scaled-740x420.jpg","type":"image\/jpeg"}],"author":"admin","twitter_card":"summary_large_image","twitter_misc":{"Yazan:":"admin","Tahmini okuma s\u00fcresi":"1 dakika"},"schema":{"@context":"https:\/\/schema.org","@graph":[{"@type":"Article","@id":"https:\/\/kibrisdakik.com\/?p=31899#article","isPartOf":{"@id":"https:\/\/kibrisdakik.com\/?p=31899"},"author":{"name":"admin","@id":"https:\/\/kibrisdakik.com\/#\/schema\/person\/9cd9d437bbb44f72b73ba127e06d8e79"},"headline":"Lefke\u2019de \u00e7evre \u00f6rg\u00fctleri eylem yapt\u0131: \u201c\u00c7am kese b\u00f6ce\u011fine kar\u015f\u0131 m\u00fccadele \u015fart\u201d","datePublished":"2024-02-29T20:42:53+00:00","mainEntityOfPage":{"@id":"https:\/\/kibrisdakik.com\/?p=31899"},"wordCount":288,"commentCount":0,"image":{"@id":"https:\/\/kibrisdakik.com\/?p=31899#primaryimage"},"thumbnailUrl":"https:\/\/kibrisdakik.com\/wp-content\/uploads\/2024\/02\/hhhhhhhvb56-scaled-740x420.jpg","articleSection":["G\u00fcndem"],"inLanguage":"tr","potentialAction":[{"@type":"CommentAction","name":"Comment","target":["https:\/\/kibrisdakik.com\/?p=31899#respond"]}]},{"@type":"WebPage","@id":"https:\/\/kibrisdakik.com\/?p=31899","url":"https:\/\/kibrisdakik.com\/?p=31899","name":"Lefke\u2019de \u00e7evre \u00f6rg\u00fctleri eylem yapt\u0131: \u201c\u00c7am kese b\u00f6ce\u011fine kar\u015f\u0131 m\u00fccadele \u015fart\u201d -","isPartOf":{"@id":"https:\/\/kibrisdakik.com\/#website"},"primaryImageOfPage":{"@id":"https:\/\/kibrisdakik.com\/?p=31899#primaryimage"},"image":{"@id":"https:\/\/kibrisdakik.com\/?p=31899#primaryimage"},"thumbnailUrl":"https:\/\/kibrisdakik.com\/wp-content\/uploads\/2024\/02\/hhhhhhhvb56-scaled-740x420.jpg","datePublished":"2024-02-29T20:42:53+00:00","author":{"@id":"https:\/\/kibrisdakik.com\/#\/schema\/person\/9cd9d437bbb44f72b73ba127e06d8e79"},"breadcrumb":{"@id":"https:\/\/kibrisdakik.com\/?p=31899#breadcrumb"},"inLanguage":"tr","potentialAction":[{"@type":"ReadAction","target":["https:\/\/kibrisdakik.com\/?p=31899"]}]},{"@type":"ImageObject","inLanguage":"tr","@id":"https:\/\/kibrisdakik.com\/?p=31899#primaryimage","url":"https:\/\/kibrisdakik.com\/wp-content\/uploads\/2024\/02\/hhhhhhhvb56-scaled-740x420.jpg","contentUrl":"https:\/\/kibrisdakik.com\/wp-content\/uploads\/2024\/02\/hhhhhhhvb56-scaled-740x420.jpg","width":2560,"height":1438},{"@type":"BreadcrumbList","@id":"https:\/\/kibrisdakik.com\/?p=31899#breadcrumb","itemListElement":[{"@type":"ListItem","position":1,"name":"Home","item":"https:\/\/kibrisdakik.com\/"},{"@type":"ListItem","position":2,"name":"Lefke\u2019de \u00e7evre \u00f6rg\u00fctleri eylem yapt\u0131: \u201c\u00c7am kese b\u00f6ce\u011fine kar\u015f\u0131 m\u00fccadele \u015fart\u201d"}]},{"@type":"WebSite","@id":"https:\/\/kibrisdakik.com\/#website","url":"https:\/\/kibrisdakik.com\/","name":"","description":"Tam vaktinde haber","potentialAction":[{"@type":"SearchAction","target":{"@type":"EntryPoint","urlTemplate":"https:\/\/kibrisdakik.com\/?s={search_term_string}"},"query-input":{"@type":"PropertyValueSpecification","valueRequired":true,"valueName":"search_term_string"}}],"inLanguage":"tr"},{"@type":"Person","@id":"https:\/\/kibrisdakik.com\/#\/schema\/person\/9cd9d437bbb44f72b73ba127e06d8e79","name":"admin","image":{"@type":"ImageObject","inLanguage":"tr","@id":"https:\/\/secure.gravatar.com\/avatar\/ccc17943b9d660506c869530f897617f7cb1c21a4bf30023f252596d83e1f007?s=96&d=mm&r=g","url":"https:\/\/secure.gravatar.com\/avatar\/ccc17943b9d660506c869530f897617f7cb1c21a4bf30023f252596d83e1f007?s=96&d=mm&r=g","contentUrl":"https:\/\/secure.gravatar.com\/avatar\/ccc17943b9d660506c869530f897617f7cb1c21a4bf30023f252596d83e1f007?s=96&d=mm&r=g","caption":"admin"},"sameAs":["https:\/\/kibrisdakik.com"],"url":"https:\/\/kibrisdakik.com\/?author=1"}]}},"_links":{"self":[{"href":"https:\/\/kibrisdakik.com\/index.php?rest_route=\/wp\/v2\/posts\/31899","targetHints":{"allow":["GET"]}}],"collection":[{"href":"https:\/\/kibrisdakik.com\/index.php?rest_route=\/wp\/v2\/posts"}],"about":[{"href":"https:\/\/kibrisdakik.com\/index.php?rest_route=\/wp\/v2\/types\/post"}],"author":[{"embeddable":true,"href":"https:\/\/kibrisdakik.com\/index.php?rest_route=\/wp\/v2\/users\/1"}],"replies":[{"embeddable":true,"href":"https:\/\/kibrisdakik.com\/index.php?rest_route=%2Fwp%2Fv2%2Fcomments&post=31899"}],"version-history":[{"count":0,"href":"https:\/\/kibrisdakik.com\/index.php?rest_route=\/wp\/v2\/posts\/31899\/revisions"}],"wp:featuredmedia":[{"embeddable":true,"href":"https:\/\/kibrisdakik.com\/index.php?rest_route=\/wp\/v2\/media\/31900"}],"wp:attachment":[{"href":"https:\/\/kibrisdakik.com\/index.php?rest_route=%2Fwp%2Fv2%2Fmedia&parent=31899"}],"wp:term":[{"taxonomy":"category","embeddable":true,"href":"https:\/\/kibrisdakik.com\/index.php?rest_route=%2Fwp%2Fv2%2Fcategories&post=31899"},{"taxonomy":"post_tag","embeddable":true,"href":"https:\/\/kibrisdakik.com\/index.php?rest_route=%2Fwp%2Fv2%2Ftags&post=31899"}],"curies":[{"name":"wp","href":"https:\/\/api.w.org\/{rel}","templated":true}]}}