{"id":31903,"date":"2024-02-29T21:09:50","date_gmt":"2024-02-29T21:09:50","guid":{"rendered":"https:\/\/kibrisdakik.com\/index.php\/2024\/02\/29\/dakkada-korkunc-yangin-en-az-43-kisi-olu-22-yarali\/"},"modified":"2024-02-29T21:09:50","modified_gmt":"2024-02-29T21:09:50","slug":"dakkada-korkunc-yangin-en-az-43-kisi-olu-22-yarali","status":"publish","type":"post","link":"https:\/\/kibrisdakik.com\/?p=31903","title":{"rendered":"Dakka&#039;da korkun\u00e7 yang\u0131n: En az 43 ki\u015fi \u00f6l\u00fc, 22 yaral\u0131"},"content":{"rendered":"<p><img decoding=\"async\" src=\"https:\/\/www.kibristurk.com\/images\/haberler\/2024\/02\/dakkada-korkunc-yangin-en-az-43-kisi-olu-22-yarali-1709240451.webp\" \/><\/p>\n<p>Banglade\u015f\u2019te 7 katl\u0131 restoranda korkun\u00e7 bir yang\u0131n \u00e7\u0131kt\u0131. Olay yerine sevk edilen itfaiye ve ambulans ekipleri, 75 ki\u015fiyi alevlerin aras\u0131ndan sa\u011f kurtarmay\u0131 ba\u015fard\u0131. Yang\u0131n\u0131n, ak\u015fam saatlerinde \u00e7\u0131kt\u0131\u011f\u0131 ve k\u0131sa s\u00fcrede t\u00fcm binay\u0131 sard\u0131\u011f\u0131 belirtildi. Yang\u0131n\u0131n s\u00f6nd\u00fcr\u00fclmesi i\u00e7in itfaiye ekipleri uzun s\u00fcre m\u00fccadele etti.<\/p>\n<h3>43 \u00d6L\u00dc, 22 YARALI<\/h3>\n<p>Yang\u0131n\u0131n s\u00f6nd\u00fcr\u00fclmesinin ard\u0131ndan Banglade\u015f Sa\u011fl\u0131k Bakan\u0131 Dr. Samanta Lal Sen, yang\u0131nda 43 ki\u015fi hayat\u0131n\u0131 kaybetti\u011fini, 22 ki\u015finin de yaraland\u0131\u011f\u0131n\u0131 a\u00e7\u0131klad\u0131. \u0130tfaiye ekipleri, 75 ki\u015fiyi ise yang\u0131ndan sa\u011f kurtarmay\u0131 ba\u015fard\u0131.<\/p>\n<p>Yang\u0131n\u0131n \u00e7\u0131k\u0131\u015f nedeni hen\u00fcz bilinmezken, yang\u0131nlar ilgili soru\u015fturma ba\u015flat\u0131ld\u0131.<\/p>\n","protected":false},"excerpt":{"rendered":"<p>Banglade\u015f\u2019te 7 katl\u0131 restoranda korkun\u00e7 bir yang\u0131n \u00e7\u0131kt\u0131. Olay yerine sevk edilen itfaiye ve ambulans ekipleri, 75 ki\u015fiyi alevlerin aras\u0131ndan sa\u011f kurtarmay\u0131 ba\u015fard\u0131. Yang\u0131n\u0131n, ak\u015fam saatlerinde \u00e7\u0131kt\u0131\u011f\u0131 ve k\u0131sa s\u00fcrede t\u00fcm binay\u0131 sard\u0131\u011f\u0131 belirtildi. Yang\u0131n\u0131n s\u00f6nd\u00fcr\u00fclmesi i\u00e7in itfaiye ekipleri uzun s\u00fcre m\u00fccadele etti. 43 \u00d6L\u00dc, 22 YARALI Yang\u0131n\u0131n s\u00f6nd\u00fcr\u00fclmesinin ard\u0131ndan Banglade\u015f Sa\u011fl\u0131k Bakan\u0131 Dr. Samanta<\/p>\n","protected":false},"author":1,"featured_media":31904,"comment_status":"open","ping_status":"open","sticky":false,"template":"","format":"standard","meta":{"footnotes":""},"categories":[79],"tags":[],"class_list":["post-31903","post","type-post","status-publish","format-standard","has-post-thumbnail","hentry","category-ekonomi"],"yoast_head":"<!-- This site is optimized with the Yoast SEO plugin v27.4 - https:\/\/yoast.com\/product\/yoast-seo-wordpress\/ -->\n<title>Dakka&#039;da korkun\u00e7 yang\u0131n: En az 43 ki\u015fi \u00f6l\u00fc, 22 yaral\u0131 -<\/title>\n<meta name=\"robots\" content=\"index, follow, max-snippet:-1, max-image-preview:large, max-video-preview:-1\" \/>\n<link rel=\"canonical\" href=\"https:\/\/kibrisdakik.com\/?p=31903\" \/>\n<meta property=\"og:locale\" content=\"tr_TR\" \/>\n<meta property=\"og:type\" content=\"article\" \/>\n<meta property=\"og:title\" content=\"Dakka&#039;da korkun\u00e7 yang\u0131n: En az 43 ki\u015fi \u00f6l\u00fc, 22 yaral\u0131 -\" \/>\n<meta property=\"og:description\" content=\"Banglade\u015f\u2019te 7 katl\u0131 restoranda korkun\u00e7 bir yang\u0131n \u00e7\u0131kt\u0131. Olay yerine sevk edilen itfaiye ve ambulans ekipleri, 75 ki\u015fiyi alevlerin aras\u0131ndan sa\u011f kurtarmay\u0131 ba\u015fard\u0131. Yang\u0131n\u0131n, ak\u015fam saatlerinde \u00e7\u0131kt\u0131\u011f\u0131 ve k\u0131sa s\u00fcrede t\u00fcm binay\u0131 sard\u0131\u011f\u0131 belirtildi. Yang\u0131n\u0131n s\u00f6nd\u00fcr\u00fclmesi i\u00e7in itfaiye ekipleri uzun s\u00fcre m\u00fccadele etti. 43 \u00d6L\u00dc, 22 YARALI Yang\u0131n\u0131n s\u00f6nd\u00fcr\u00fclmesinin ard\u0131ndan Banglade\u015f Sa\u011fl\u0131k Bakan\u0131 Dr. Samanta\" \/>\n<meta property=\"og:url\" content=\"https:\/\/kibrisdakik.com\/?p=31903\" \/>\n<meta property=\"article:published_time\" content=\"2024-02-29T21:09:50+00:00\" \/>\n<meta property=\"og:image\" content=\"https:\/\/kibrisdakik.com\/wp-content\/uploads\/2024\/02\/dakkada-korkunc-yangin-en-az-43-kisi-olu-22-yarali-1709240451.webp.webp\" \/>\n\t<meta property=\"og:image:width\" content=\"710\" \/>\n\t<meta property=\"og:image:height\" content=\"370\" \/>\n\t<meta property=\"og:image:type\" content=\"image\/webp\" \/>\n<meta name=\"author\" content=\"admin\" \/>\n<meta name=\"twitter:card\" content=\"summary_large_image\" \/>\n<meta name=\"twitter:label1\" content=\"Yazan:\" \/>\n\t<meta name=\"twitter:data1\" content=\"admin\" \/>\n\t<meta name=\"twitter:label2\" content=\"Tahmini okuma s\u00fcresi\" \/>\n\t<meta name=\"twitter:data2\" content=\"1 dakika\" \/>\n<script type=\"application\/ld+json\" class=\"yoast-schema-graph\">{\"@context\":\"https:\\\/\\\/schema.org\",\"@graph\":[{\"@type\":\"Article\",\"@id\":\"https:\\\/\\\/kibrisdakik.com\\\/?p=31903#article\",\"isPartOf\":{\"@id\":\"https:\\\/\\\/kibrisdakik.com\\\/?p=31903\"},\"author\":{\"name\":\"admin\",\"@id\":\"https:\\\/\\\/kibrisdakik.com\\\/#\\\/schema\\\/person\\\/9cd9d437bbb44f72b73ba127e06d8e79\"},\"headline\":\"Dakka&#039;da korkun\u00e7 yang\u0131n: En az 43 ki\u015fi \u00f6l\u00fc, 22 yaral\u0131\",\"datePublished\":\"2024-02-29T21:09:50+00:00\",\"mainEntityOfPage\":{\"@id\":\"https:\\\/\\\/kibrisdakik.com\\\/?p=31903\"},\"wordCount\":133,\"commentCount\":0,\"image\":{\"@id\":\"https:\\\/\\\/kibrisdakik.com\\\/?p=31903#primaryimage\"},\"thumbnailUrl\":\"https:\\\/\\\/kibrisdakik.com\\\/wp-content\\\/uploads\\\/2024\\\/02\\\/dakkada-korkunc-yangin-en-az-43-kisi-olu-22-yarali-1709240451.webp.webp\",\"articleSection\":[\"Ekonomi\"],\"inLanguage\":\"tr\",\"potentialAction\":[{\"@type\":\"CommentAction\",\"name\":\"Comment\",\"target\":[\"https:\\\/\\\/kibrisdakik.com\\\/?p=31903#respond\"]}]},{\"@type\":\"WebPage\",\"@id\":\"https:\\\/\\\/kibrisdakik.com\\\/?p=31903\",\"url\":\"https:\\\/\\\/kibrisdakik.com\\\/?p=31903\",\"name\":\"Dakka&#039;da korkun\u00e7 yang\u0131n: En az 43 ki\u015fi \u00f6l\u00fc, 22 yaral\u0131 -\",\"isPartOf\":{\"@id\":\"https:\\\/\\\/kibrisdakik.com\\\/#website\"},\"primaryImageOfPage\":{\"@id\":\"https:\\\/\\\/kibrisdakik.com\\\/?p=31903#primaryimage\"},\"image\":{\"@id\":\"https:\\\/\\\/kibrisdakik.com\\\/?p=31903#primaryimage\"},\"thumbnailUrl\":\"https:\\\/\\\/kibrisdakik.com\\\/wp-content\\\/uploads\\\/2024\\\/02\\\/dakkada-korkunc-yangin-en-az-43-kisi-olu-22-yarali-1709240451.webp.webp\",\"datePublished\":\"2024-02-29T21:09:50+00:00\",\"author\":{\"@id\":\"https:\\\/\\\/kibrisdakik.com\\\/#\\\/schema\\\/person\\\/9cd9d437bbb44f72b73ba127e06d8e79\"},\"breadcrumb\":{\"@id\":\"https:\\\/\\\/kibrisdakik.com\\\/?p=31903#breadcrumb\"},\"inLanguage\":\"tr\",\"potentialAction\":[{\"@type\":\"ReadAction\",\"target\":[\"https:\\\/\\\/kibrisdakik.com\\\/?p=31903\"]}]},{\"@type\":\"ImageObject\",\"inLanguage\":\"tr\",\"@id\":\"https:\\\/\\\/kibrisdakik.com\\\/?p=31903#primaryimage\",\"url\":\"https:\\\/\\\/kibrisdakik.com\\\/wp-content\\\/uploads\\\/2024\\\/02\\\/dakkada-korkunc-yangin-en-az-43-kisi-olu-22-yarali-1709240451.webp.webp\",\"contentUrl\":\"https:\\\/\\\/kibrisdakik.com\\\/wp-content\\\/uploads\\\/2024\\\/02\\\/dakkada-korkunc-yangin-en-az-43-kisi-olu-22-yarali-1709240451.webp.webp\",\"width\":710,\"height\":370},{\"@type\":\"BreadcrumbList\",\"@id\":\"https:\\\/\\\/kibrisdakik.com\\\/?p=31903#breadcrumb\",\"itemListElement\":[{\"@type\":\"ListItem\",\"position\":1,\"name\":\"Home\",\"item\":\"https:\\\/\\\/kibrisdakik.com\\\/\"},{\"@type\":\"ListItem\",\"position\":2,\"name\":\"Dakka&#039;da korkun\u00e7 yang\u0131n: En az 43 ki\u015fi \u00f6l\u00fc, 22 yaral\u0131\"}]},{\"@type\":\"WebSite\",\"@id\":\"https:\\\/\\\/kibrisdakik.com\\\/#website\",\"url\":\"https:\\\/\\\/kibrisdakik.com\\\/\",\"name\":\"\",\"description\":\"Tam vaktinde haber\",\"potentialAction\":[{\"@type\":\"SearchAction\",\"target\":{\"@type\":\"EntryPoint\",\"urlTemplate\":\"https:\\\/\\\/kibrisdakik.com\\\/?s={search_term_string}\"},\"query-input\":{\"@type\":\"PropertyValueSpecification\",\"valueRequired\":true,\"valueName\":\"search_term_string\"}}],\"inLanguage\":\"tr\"},{\"@type\":\"Person\",\"@id\":\"https:\\\/\\\/kibrisdakik.com\\\/#\\\/schema\\\/person\\\/9cd9d437bbb44f72b73ba127e06d8e79\",\"name\":\"admin\",\"image\":{\"@type\":\"ImageObject\",\"inLanguage\":\"tr\",\"@id\":\"https:\\\/\\\/secure.gravatar.com\\\/avatar\\\/ccc17943b9d660506c869530f897617f7cb1c21a4bf30023f252596d83e1f007?s=96&d=mm&r=g\",\"url\":\"https:\\\/\\\/secure.gravatar.com\\\/avatar\\\/ccc17943b9d660506c869530f897617f7cb1c21a4bf30023f252596d83e1f007?s=96&d=mm&r=g\",\"contentUrl\":\"https:\\\/\\\/secure.gravatar.com\\\/avatar\\\/ccc17943b9d660506c869530f897617f7cb1c21a4bf30023f252596d83e1f007?s=96&d=mm&r=g\",\"caption\":\"admin\"},\"sameAs\":[\"https:\\\/\\\/kibrisdakik.com\"],\"url\":\"https:\\\/\\\/kibrisdakik.com\\\/?author=1\"}]}<\/script>\n<!-- \/ Yoast SEO plugin. -->","yoast_head_json":{"title":"Dakka&#039;da korkun\u00e7 yang\u0131n: En az 43 ki\u015fi \u00f6l\u00fc, 22 yaral\u0131 -","robots":{"index":"index","follow":"follow","max-snippet":"max-snippet:-1","max-image-preview":"max-image-preview:large","max-video-preview":"max-video-preview:-1"},"canonical":"https:\/\/kibrisdakik.com\/?p=31903","og_locale":"tr_TR","og_type":"article","og_title":"Dakka&#039;da korkun\u00e7 yang\u0131n: En az 43 ki\u015fi \u00f6l\u00fc, 22 yaral\u0131 -","og_description":"Banglade\u015f\u2019te 7 katl\u0131 restoranda korkun\u00e7 bir yang\u0131n \u00e7\u0131kt\u0131. Olay yerine sevk edilen itfaiye ve ambulans ekipleri, 75 ki\u015fiyi alevlerin aras\u0131ndan sa\u011f kurtarmay\u0131 ba\u015fard\u0131. Yang\u0131n\u0131n, ak\u015fam saatlerinde \u00e7\u0131kt\u0131\u011f\u0131 ve k\u0131sa s\u00fcrede t\u00fcm binay\u0131 sard\u0131\u011f\u0131 belirtildi. Yang\u0131n\u0131n s\u00f6nd\u00fcr\u00fclmesi i\u00e7in itfaiye ekipleri uzun s\u00fcre m\u00fccadele etti. 43 \u00d6L\u00dc, 22 YARALI Yang\u0131n\u0131n s\u00f6nd\u00fcr\u00fclmesinin ard\u0131ndan Banglade\u015f Sa\u011fl\u0131k Bakan\u0131 Dr. Samanta","og_url":"https:\/\/kibrisdakik.com\/?p=31903","article_published_time":"2024-02-29T21:09:50+00:00","og_image":[{"width":710,"height":370,"url":"https:\/\/kibrisdakik.com\/wp-content\/uploads\/2024\/02\/dakkada-korkunc-yangin-en-az-43-kisi-olu-22-yarali-1709240451.webp.webp","type":"image\/webp"}],"author":"admin","twitter_card":"summary_large_image","twitter_misc":{"Yazan:":"admin","Tahmini okuma s\u00fcresi":"1 dakika"},"schema":{"@context":"https:\/\/schema.org","@graph":[{"@type":"Article","@id":"https:\/\/kibrisdakik.com\/?p=31903#article","isPartOf":{"@id":"https:\/\/kibrisdakik.com\/?p=31903"},"author":{"name":"admin","@id":"https:\/\/kibrisdakik.com\/#\/schema\/person\/9cd9d437bbb44f72b73ba127e06d8e79"},"headline":"Dakka&#039;da korkun\u00e7 yang\u0131n: En az 43 ki\u015fi \u00f6l\u00fc, 22 yaral\u0131","datePublished":"2024-02-29T21:09:50+00:00","mainEntityOfPage":{"@id":"https:\/\/kibrisdakik.com\/?p=31903"},"wordCount":133,"commentCount":0,"image":{"@id":"https:\/\/kibrisdakik.com\/?p=31903#primaryimage"},"thumbnailUrl":"https:\/\/kibrisdakik.com\/wp-content\/uploads\/2024\/02\/dakkada-korkunc-yangin-en-az-43-kisi-olu-22-yarali-1709240451.webp.webp","articleSection":["Ekonomi"],"inLanguage":"tr","potentialAction":[{"@type":"CommentAction","name":"Comment","target":["https:\/\/kibrisdakik.com\/?p=31903#respond"]}]},{"@type":"WebPage","@id":"https:\/\/kibrisdakik.com\/?p=31903","url":"https:\/\/kibrisdakik.com\/?p=31903","name":"Dakka&#039;da korkun\u00e7 yang\u0131n: En az 43 ki\u015fi \u00f6l\u00fc, 22 yaral\u0131 -","isPartOf":{"@id":"https:\/\/kibrisdakik.com\/#website"},"primaryImageOfPage":{"@id":"https:\/\/kibrisdakik.com\/?p=31903#primaryimage"},"image":{"@id":"https:\/\/kibrisdakik.com\/?p=31903#primaryimage"},"thumbnailUrl":"https:\/\/kibrisdakik.com\/wp-content\/uploads\/2024\/02\/dakkada-korkunc-yangin-en-az-43-kisi-olu-22-yarali-1709240451.webp.webp","datePublished":"2024-02-29T21:09:50+00:00","author":{"@id":"https:\/\/kibrisdakik.com\/#\/schema\/person\/9cd9d437bbb44f72b73ba127e06d8e79"},"breadcrumb":{"@id":"https:\/\/kibrisdakik.com\/?p=31903#breadcrumb"},"inLanguage":"tr","potentialAction":[{"@type":"ReadAction","target":["https:\/\/kibrisdakik.com\/?p=31903"]}]},{"@type":"ImageObject","inLanguage":"tr","@id":"https:\/\/kibrisdakik.com\/?p=31903#primaryimage","url":"https:\/\/kibrisdakik.com\/wp-content\/uploads\/2024\/02\/dakkada-korkunc-yangin-en-az-43-kisi-olu-22-yarali-1709240451.webp.webp","contentUrl":"https:\/\/kibrisdakik.com\/wp-content\/uploads\/2024\/02\/dakkada-korkunc-yangin-en-az-43-kisi-olu-22-yarali-1709240451.webp.webp","width":710,"height":370},{"@type":"BreadcrumbList","@id":"https:\/\/kibrisdakik.com\/?p=31903#breadcrumb","itemListElement":[{"@type":"ListItem","position":1,"name":"Home","item":"https:\/\/kibrisdakik.com\/"},{"@type":"ListItem","position":2,"name":"Dakka&#039;da korkun\u00e7 yang\u0131n: En az 43 ki\u015fi \u00f6l\u00fc, 22 yaral\u0131"}]},{"@type":"WebSite","@id":"https:\/\/kibrisdakik.com\/#website","url":"https:\/\/kibrisdakik.com\/","name":"","description":"Tam vaktinde haber","potentialAction":[{"@type":"SearchAction","target":{"@type":"EntryPoint","urlTemplate":"https:\/\/kibrisdakik.com\/?s={search_term_string}"},"query-input":{"@type":"PropertyValueSpecification","valueRequired":true,"valueName":"search_term_string"}}],"inLanguage":"tr"},{"@type":"Person","@id":"https:\/\/kibrisdakik.com\/#\/schema\/person\/9cd9d437bbb44f72b73ba127e06d8e79","name":"admin","image":{"@type":"ImageObject","inLanguage":"tr","@id":"https:\/\/secure.gravatar.com\/avatar\/ccc17943b9d660506c869530f897617f7cb1c21a4bf30023f252596d83e1f007?s=96&d=mm&r=g","url":"https:\/\/secure.gravatar.com\/avatar\/ccc17943b9d660506c869530f897617f7cb1c21a4bf30023f252596d83e1f007?s=96&d=mm&r=g","contentUrl":"https:\/\/secure.gravatar.com\/avatar\/ccc17943b9d660506c869530f897617f7cb1c21a4bf30023f252596d83e1f007?s=96&d=mm&r=g","caption":"admin"},"sameAs":["https:\/\/kibrisdakik.com"],"url":"https:\/\/kibrisdakik.com\/?author=1"}]}},"_links":{"self":[{"href":"https:\/\/kibrisdakik.com\/index.php?rest_route=\/wp\/v2\/posts\/31903","targetHints":{"allow":["GET"]}}],"collection":[{"href":"https:\/\/kibrisdakik.com\/index.php?rest_route=\/wp\/v2\/posts"}],"about":[{"href":"https:\/\/kibrisdakik.com\/index.php?rest_route=\/wp\/v2\/types\/post"}],"author":[{"embeddable":true,"href":"https:\/\/kibrisdakik.com\/index.php?rest_route=\/wp\/v2\/users\/1"}],"replies":[{"embeddable":true,"href":"https:\/\/kibrisdakik.com\/index.php?rest_route=%2Fwp%2Fv2%2Fcomments&post=31903"}],"version-history":[{"count":0,"href":"https:\/\/kibrisdakik.com\/index.php?rest_route=\/wp\/v2\/posts\/31903\/revisions"}],"wp:featuredmedia":[{"embeddable":true,"href":"https:\/\/kibrisdakik.com\/index.php?rest_route=\/wp\/v2\/media\/31904"}],"wp:attachment":[{"href":"https:\/\/kibrisdakik.com\/index.php?rest_route=%2Fwp%2Fv2%2Fmedia&parent=31903"}],"wp:term":[{"taxonomy":"category","embeddable":true,"href":"https:\/\/kibrisdakik.com\/index.php?rest_route=%2Fwp%2Fv2%2Fcategories&post=31903"},{"taxonomy":"post_tag","embeddable":true,"href":"https:\/\/kibrisdakik.com\/index.php?rest_route=%2Fwp%2Fv2%2Ftags&post=31903"}],"curies":[{"name":"wp","href":"https:\/\/api.w.org\/{rel}","templated":true}]}}