{"id":31949,"date":"2024-03-01T06:19:55","date_gmt":"2024-03-01T06:19:55","guid":{"rendered":"https:\/\/kibrisdakik.com\/index.php\/2024\/03\/01\/av-tufegini-dusurup-kaybeden-sahsa-yasal-islem\/"},"modified":"2024-03-01T06:19:55","modified_gmt":"2024-03-01T06:19:55","slug":"av-tufegini-dusurup-kaybeden-sahsa-yasal-islem","status":"publish","type":"post","link":"https:\/\/kibrisdakik.com\/?p=31949","title":{"rendered":"Av t\u00fcfe\u011fini d\u00fc\u015f\u00fcr\u00fcp kaybeden \u015fahsa yasal i\u015flem"},"content":{"rendered":"<p><img decoding=\"async\" src=\"https:\/\/www.kibristurk.com\/images\/haberler\/2024\/02\/av-tufegini-dusurup-kaybeden-sahsa-yasal-islem-1709213705.webp\" \/><\/p>\n<p><span style=\"font-size:12pt\"><span style=\"font-family:Calibri,sans-serif\">Polis Bas\u0131n Subayl\u0131\u011f\u0131ndan yap\u0131lan a\u00e7\u0131klamada, d\u00fcn saat 13.30 s\u0131ralar\u0131nda meydana gelen olayda, M.\u00d6\u2019n\u00fcn ad\u0131na kay\u0131tl\u0131 t\u00fcfe\u011fini av sonras\u0131nda arac\u0131n \u00fczerinde unutarak hareket etti\u011fi ve d\u00fc\u015fen t\u00fcfe\u011fi kaybetti\u011fi kaydedildi. A\u00e7\u0131klamada, soru\u015fturman\u0131n devam etti\u011fi belirtildi.<\/span><\/span><\/p>\n","protected":false},"excerpt":{"rendered":"<p>Polis Bas\u0131n Subayl\u0131\u011f\u0131ndan yap\u0131lan a\u00e7\u0131klamada, d\u00fcn saat 13.30 s\u0131ralar\u0131nda meydana gelen olayda, M.\u00d6\u2019n\u00fcn ad\u0131na kay\u0131tl\u0131 t\u00fcfe\u011fini av sonras\u0131nda arac\u0131n \u00fczerinde unutarak hareket etti\u011fi ve d\u00fc\u015fen t\u00fcfe\u011fi kaybetti\u011fi kaydedildi. A\u00e7\u0131klamada, soru\u015fturman\u0131n devam etti\u011fi belirtildi.<\/p>\n","protected":false},"author":1,"featured_media":31950,"comment_status":"open","ping_status":"open","sticky":false,"template":"","format":"standard","meta":{"footnotes":""},"categories":[79],"tags":[],"class_list":["post-31949","post","type-post","status-publish","format-standard","has-post-thumbnail","hentry","category-ekonomi"],"yoast_head":"<!-- This site is optimized with the Yoast SEO plugin v27.5 - https:\/\/yoast.com\/product\/yoast-seo-wordpress\/ -->\n<title>Av t\u00fcfe\u011fini d\u00fc\u015f\u00fcr\u00fcp kaybeden \u015fahsa yasal i\u015flem -<\/title>\n<meta name=\"robots\" content=\"index, follow, max-snippet:-1, max-image-preview:large, max-video-preview:-1\" \/>\n<link rel=\"canonical\" href=\"https:\/\/kibrisdakik.com\/?p=31949\" \/>\n<meta property=\"og:locale\" content=\"tr_TR\" \/>\n<meta property=\"og:type\" content=\"article\" \/>\n<meta property=\"og:title\" content=\"Av t\u00fcfe\u011fini d\u00fc\u015f\u00fcr\u00fcp kaybeden \u015fahsa yasal i\u015flem -\" \/>\n<meta property=\"og:description\" content=\"Polis Bas\u0131n Subayl\u0131\u011f\u0131ndan yap\u0131lan a\u00e7\u0131klamada, d\u00fcn saat 13.30 s\u0131ralar\u0131nda meydana gelen olayda, M.\u00d6\u2019n\u00fcn ad\u0131na kay\u0131tl\u0131 t\u00fcfe\u011fini av sonras\u0131nda arac\u0131n \u00fczerinde unutarak hareket etti\u011fi ve d\u00fc\u015fen t\u00fcfe\u011fi kaybetti\u011fi kaydedildi. A\u00e7\u0131klamada, soru\u015fturman\u0131n devam etti\u011fi belirtildi.\" \/>\n<meta property=\"og:url\" content=\"https:\/\/kibrisdakik.com\/?p=31949\" \/>\n<meta property=\"article:published_time\" content=\"2024-03-01T06:19:55+00:00\" \/>\n<meta property=\"og:image\" content=\"https:\/\/kibrisdakik.com\/wp-content\/uploads\/2024\/03\/av-tufegini-dusurup-kaybeden-sahsa-yasal-islem-1709213705.webp.webp\" \/>\n\t<meta property=\"og:image:width\" content=\"710\" \/>\n\t<meta property=\"og:image:height\" content=\"370\" \/>\n\t<meta property=\"og:image:type\" content=\"image\/webp\" \/>\n<meta name=\"author\" content=\"admin\" \/>\n<meta name=\"twitter:card\" content=\"summary_large_image\" \/>\n<meta name=\"twitter:label1\" content=\"Yazan:\" \/>\n\t<meta name=\"twitter:data1\" content=\"admin\" \/>\n<script type=\"application\/ld+json\" class=\"yoast-schema-graph\">{\"@context\":\"https:\\\/\\\/schema.org\",\"@graph\":[{\"@type\":\"Article\",\"@id\":\"https:\\\/\\\/kibrisdakik.com\\\/?p=31949#article\",\"isPartOf\":{\"@id\":\"https:\\\/\\\/kibrisdakik.com\\\/?p=31949\"},\"author\":{\"name\":\"admin\",\"@id\":\"https:\\\/\\\/kibrisdakik.com\\\/#\\\/schema\\\/person\\\/9cd9d437bbb44f72b73ba127e06d8e79\"},\"headline\":\"Av t\u00fcfe\u011fini d\u00fc\u015f\u00fcr\u00fcp kaybeden \u015fahsa yasal i\u015flem\",\"datePublished\":\"2024-03-01T06:19:55+00:00\",\"mainEntityOfPage\":{\"@id\":\"https:\\\/\\\/kibrisdakik.com\\\/?p=31949\"},\"wordCount\":68,\"commentCount\":0,\"image\":{\"@id\":\"https:\\\/\\\/kibrisdakik.com\\\/?p=31949#primaryimage\"},\"thumbnailUrl\":\"https:\\\/\\\/kibrisdakik.com\\\/wp-content\\\/uploads\\\/2024\\\/03\\\/av-tufegini-dusurup-kaybeden-sahsa-yasal-islem-1709213705.webp.webp\",\"articleSection\":[\"Ekonomi\"],\"inLanguage\":\"tr\",\"potentialAction\":[{\"@type\":\"CommentAction\",\"name\":\"Comment\",\"target\":[\"https:\\\/\\\/kibrisdakik.com\\\/?p=31949#respond\"]}]},{\"@type\":\"WebPage\",\"@id\":\"https:\\\/\\\/kibrisdakik.com\\\/?p=31949\",\"url\":\"https:\\\/\\\/kibrisdakik.com\\\/?p=31949\",\"name\":\"Av t\u00fcfe\u011fini d\u00fc\u015f\u00fcr\u00fcp kaybeden \u015fahsa yasal i\u015flem -\",\"isPartOf\":{\"@id\":\"https:\\\/\\\/kibrisdakik.com\\\/#website\"},\"primaryImageOfPage\":{\"@id\":\"https:\\\/\\\/kibrisdakik.com\\\/?p=31949#primaryimage\"},\"image\":{\"@id\":\"https:\\\/\\\/kibrisdakik.com\\\/?p=31949#primaryimage\"},\"thumbnailUrl\":\"https:\\\/\\\/kibrisdakik.com\\\/wp-content\\\/uploads\\\/2024\\\/03\\\/av-tufegini-dusurup-kaybeden-sahsa-yasal-islem-1709213705.webp.webp\",\"datePublished\":\"2024-03-01T06:19:55+00:00\",\"author\":{\"@id\":\"https:\\\/\\\/kibrisdakik.com\\\/#\\\/schema\\\/person\\\/9cd9d437bbb44f72b73ba127e06d8e79\"},\"breadcrumb\":{\"@id\":\"https:\\\/\\\/kibrisdakik.com\\\/?p=31949#breadcrumb\"},\"inLanguage\":\"tr\",\"potentialAction\":[{\"@type\":\"ReadAction\",\"target\":[\"https:\\\/\\\/kibrisdakik.com\\\/?p=31949\"]}]},{\"@type\":\"ImageObject\",\"inLanguage\":\"tr\",\"@id\":\"https:\\\/\\\/kibrisdakik.com\\\/?p=31949#primaryimage\",\"url\":\"https:\\\/\\\/kibrisdakik.com\\\/wp-content\\\/uploads\\\/2024\\\/03\\\/av-tufegini-dusurup-kaybeden-sahsa-yasal-islem-1709213705.webp.webp\",\"contentUrl\":\"https:\\\/\\\/kibrisdakik.com\\\/wp-content\\\/uploads\\\/2024\\\/03\\\/av-tufegini-dusurup-kaybeden-sahsa-yasal-islem-1709213705.webp.webp\",\"width\":710,\"height\":370},{\"@type\":\"BreadcrumbList\",\"@id\":\"https:\\\/\\\/kibrisdakik.com\\\/?p=31949#breadcrumb\",\"itemListElement\":[{\"@type\":\"ListItem\",\"position\":1,\"name\":\"Home\",\"item\":\"https:\\\/\\\/kibrisdakik.com\\\/\"},{\"@type\":\"ListItem\",\"position\":2,\"name\":\"Av t\u00fcfe\u011fini d\u00fc\u015f\u00fcr\u00fcp kaybeden \u015fahsa yasal i\u015flem\"}]},{\"@type\":\"WebSite\",\"@id\":\"https:\\\/\\\/kibrisdakik.com\\\/#website\",\"url\":\"https:\\\/\\\/kibrisdakik.com\\\/\",\"name\":\"\",\"description\":\"Tam vaktinde haber\",\"potentialAction\":[{\"@type\":\"SearchAction\",\"target\":{\"@type\":\"EntryPoint\",\"urlTemplate\":\"https:\\\/\\\/kibrisdakik.com\\\/?s={search_term_string}\"},\"query-input\":{\"@type\":\"PropertyValueSpecification\",\"valueRequired\":true,\"valueName\":\"search_term_string\"}}],\"inLanguage\":\"tr\"},{\"@type\":\"Person\",\"@id\":\"https:\\\/\\\/kibrisdakik.com\\\/#\\\/schema\\\/person\\\/9cd9d437bbb44f72b73ba127e06d8e79\",\"name\":\"admin\",\"image\":{\"@type\":\"ImageObject\",\"inLanguage\":\"tr\",\"@id\":\"https:\\\/\\\/secure.gravatar.com\\\/avatar\\\/ccc17943b9d660506c869530f897617f7cb1c21a4bf30023f252596d83e1f007?s=96&d=mm&r=g\",\"url\":\"https:\\\/\\\/secure.gravatar.com\\\/avatar\\\/ccc17943b9d660506c869530f897617f7cb1c21a4bf30023f252596d83e1f007?s=96&d=mm&r=g\",\"contentUrl\":\"https:\\\/\\\/secure.gravatar.com\\\/avatar\\\/ccc17943b9d660506c869530f897617f7cb1c21a4bf30023f252596d83e1f007?s=96&d=mm&r=g\",\"caption\":\"admin\"},\"sameAs\":[\"https:\\\/\\\/kibrisdakik.com\"],\"url\":\"https:\\\/\\\/kibrisdakik.com\\\/?author=1\"}]}<\/script>\n<!-- \/ Yoast SEO plugin. -->","yoast_head_json":{"title":"Av t\u00fcfe\u011fini d\u00fc\u015f\u00fcr\u00fcp kaybeden \u015fahsa yasal i\u015flem -","robots":{"index":"index","follow":"follow","max-snippet":"max-snippet:-1","max-image-preview":"max-image-preview:large","max-video-preview":"max-video-preview:-1"},"canonical":"https:\/\/kibrisdakik.com\/?p=31949","og_locale":"tr_TR","og_type":"article","og_title":"Av t\u00fcfe\u011fini d\u00fc\u015f\u00fcr\u00fcp kaybeden \u015fahsa yasal i\u015flem -","og_description":"Polis Bas\u0131n Subayl\u0131\u011f\u0131ndan yap\u0131lan a\u00e7\u0131klamada, d\u00fcn saat 13.30 s\u0131ralar\u0131nda meydana gelen olayda, M.\u00d6\u2019n\u00fcn ad\u0131na kay\u0131tl\u0131 t\u00fcfe\u011fini av sonras\u0131nda arac\u0131n \u00fczerinde unutarak hareket etti\u011fi ve d\u00fc\u015fen t\u00fcfe\u011fi kaybetti\u011fi kaydedildi. A\u00e7\u0131klamada, soru\u015fturman\u0131n devam etti\u011fi belirtildi.","og_url":"https:\/\/kibrisdakik.com\/?p=31949","article_published_time":"2024-03-01T06:19:55+00:00","og_image":[{"width":710,"height":370,"url":"https:\/\/kibrisdakik.com\/wp-content\/uploads\/2024\/03\/av-tufegini-dusurup-kaybeden-sahsa-yasal-islem-1709213705.webp.webp","type":"image\/webp"}],"author":"admin","twitter_card":"summary_large_image","twitter_misc":{"Yazan:":"admin"},"schema":{"@context":"https:\/\/schema.org","@graph":[{"@type":"Article","@id":"https:\/\/kibrisdakik.com\/?p=31949#article","isPartOf":{"@id":"https:\/\/kibrisdakik.com\/?p=31949"},"author":{"name":"admin","@id":"https:\/\/kibrisdakik.com\/#\/schema\/person\/9cd9d437bbb44f72b73ba127e06d8e79"},"headline":"Av t\u00fcfe\u011fini d\u00fc\u015f\u00fcr\u00fcp kaybeden \u015fahsa yasal i\u015flem","datePublished":"2024-03-01T06:19:55+00:00","mainEntityOfPage":{"@id":"https:\/\/kibrisdakik.com\/?p=31949"},"wordCount":68,"commentCount":0,"image":{"@id":"https:\/\/kibrisdakik.com\/?p=31949#primaryimage"},"thumbnailUrl":"https:\/\/kibrisdakik.com\/wp-content\/uploads\/2024\/03\/av-tufegini-dusurup-kaybeden-sahsa-yasal-islem-1709213705.webp.webp","articleSection":["Ekonomi"],"inLanguage":"tr","potentialAction":[{"@type":"CommentAction","name":"Comment","target":["https:\/\/kibrisdakik.com\/?p=31949#respond"]}]},{"@type":"WebPage","@id":"https:\/\/kibrisdakik.com\/?p=31949","url":"https:\/\/kibrisdakik.com\/?p=31949","name":"Av t\u00fcfe\u011fini d\u00fc\u015f\u00fcr\u00fcp kaybeden \u015fahsa yasal i\u015flem -","isPartOf":{"@id":"https:\/\/kibrisdakik.com\/#website"},"primaryImageOfPage":{"@id":"https:\/\/kibrisdakik.com\/?p=31949#primaryimage"},"image":{"@id":"https:\/\/kibrisdakik.com\/?p=31949#primaryimage"},"thumbnailUrl":"https:\/\/kibrisdakik.com\/wp-content\/uploads\/2024\/03\/av-tufegini-dusurup-kaybeden-sahsa-yasal-islem-1709213705.webp.webp","datePublished":"2024-03-01T06:19:55+00:00","author":{"@id":"https:\/\/kibrisdakik.com\/#\/schema\/person\/9cd9d437bbb44f72b73ba127e06d8e79"},"breadcrumb":{"@id":"https:\/\/kibrisdakik.com\/?p=31949#breadcrumb"},"inLanguage":"tr","potentialAction":[{"@type":"ReadAction","target":["https:\/\/kibrisdakik.com\/?p=31949"]}]},{"@type":"ImageObject","inLanguage":"tr","@id":"https:\/\/kibrisdakik.com\/?p=31949#primaryimage","url":"https:\/\/kibrisdakik.com\/wp-content\/uploads\/2024\/03\/av-tufegini-dusurup-kaybeden-sahsa-yasal-islem-1709213705.webp.webp","contentUrl":"https:\/\/kibrisdakik.com\/wp-content\/uploads\/2024\/03\/av-tufegini-dusurup-kaybeden-sahsa-yasal-islem-1709213705.webp.webp","width":710,"height":370},{"@type":"BreadcrumbList","@id":"https:\/\/kibrisdakik.com\/?p=31949#breadcrumb","itemListElement":[{"@type":"ListItem","position":1,"name":"Home","item":"https:\/\/kibrisdakik.com\/"},{"@type":"ListItem","position":2,"name":"Av t\u00fcfe\u011fini d\u00fc\u015f\u00fcr\u00fcp kaybeden \u015fahsa yasal i\u015flem"}]},{"@type":"WebSite","@id":"https:\/\/kibrisdakik.com\/#website","url":"https:\/\/kibrisdakik.com\/","name":"","description":"Tam vaktinde haber","potentialAction":[{"@type":"SearchAction","target":{"@type":"EntryPoint","urlTemplate":"https:\/\/kibrisdakik.com\/?s={search_term_string}"},"query-input":{"@type":"PropertyValueSpecification","valueRequired":true,"valueName":"search_term_string"}}],"inLanguage":"tr"},{"@type":"Person","@id":"https:\/\/kibrisdakik.com\/#\/schema\/person\/9cd9d437bbb44f72b73ba127e06d8e79","name":"admin","image":{"@type":"ImageObject","inLanguage":"tr","@id":"https:\/\/secure.gravatar.com\/avatar\/ccc17943b9d660506c869530f897617f7cb1c21a4bf30023f252596d83e1f007?s=96&d=mm&r=g","url":"https:\/\/secure.gravatar.com\/avatar\/ccc17943b9d660506c869530f897617f7cb1c21a4bf30023f252596d83e1f007?s=96&d=mm&r=g","contentUrl":"https:\/\/secure.gravatar.com\/avatar\/ccc17943b9d660506c869530f897617f7cb1c21a4bf30023f252596d83e1f007?s=96&d=mm&r=g","caption":"admin"},"sameAs":["https:\/\/kibrisdakik.com"],"url":"https:\/\/kibrisdakik.com\/?author=1"}]}},"_links":{"self":[{"href":"https:\/\/kibrisdakik.com\/index.php?rest_route=\/wp\/v2\/posts\/31949","targetHints":{"allow":["GET"]}}],"collection":[{"href":"https:\/\/kibrisdakik.com\/index.php?rest_route=\/wp\/v2\/posts"}],"about":[{"href":"https:\/\/kibrisdakik.com\/index.php?rest_route=\/wp\/v2\/types\/post"}],"author":[{"embeddable":true,"href":"https:\/\/kibrisdakik.com\/index.php?rest_route=\/wp\/v2\/users\/1"}],"replies":[{"embeddable":true,"href":"https:\/\/kibrisdakik.com\/index.php?rest_route=%2Fwp%2Fv2%2Fcomments&post=31949"}],"version-history":[{"count":0,"href":"https:\/\/kibrisdakik.com\/index.php?rest_route=\/wp\/v2\/posts\/31949\/revisions"}],"wp:featuredmedia":[{"embeddable":true,"href":"https:\/\/kibrisdakik.com\/index.php?rest_route=\/wp\/v2\/media\/31950"}],"wp:attachment":[{"href":"https:\/\/kibrisdakik.com\/index.php?rest_route=%2Fwp%2Fv2%2Fmedia&parent=31949"}],"wp:term":[{"taxonomy":"category","embeddable":true,"href":"https:\/\/kibrisdakik.com\/index.php?rest_route=%2Fwp%2Fv2%2Fcategories&post=31949"},{"taxonomy":"post_tag","embeddable":true,"href":"https:\/\/kibrisdakik.com\/index.php?rest_route=%2Fwp%2Fv2%2Ftags&post=31949"}],"curies":[{"name":"wp","href":"https:\/\/api.w.org\/{rel}","templated":true}]}}