{"id":31982,"date":"2024-03-01T11:58:05","date_gmt":"2024-03-01T11:58:05","guid":{"rendered":"https:\/\/kibrisdakik.com\/index.php\/2024\/03\/01\/basbakan-ustel-asrin-felaketinin-sorumlulariyla-ilgili-adalet-yerini-bulana-kadar-mucadelelerinin-devam-edecegini-vurguladi\/"},"modified":"2024-03-01T11:58:05","modified_gmt":"2024-03-01T11:58:05","slug":"basbakan-ustel-asrin-felaketinin-sorumlulariyla-ilgili-adalet-yerini-bulana-kadar-mucadelelerinin-devam-edecegini-vurguladi","status":"publish","type":"post","link":"https:\/\/kibrisdakik.com\/?p=31982","title":{"rendered":"Ba\u015fbakan \u00dcstel, asr\u0131n felaketinin sorumlular\u0131yla ilgili adalet yerini bulana kadar m\u00fccadelelerinin devam edece\u011fini vurgulad\u0131"},"content":{"rendered":"<p><\/p>\n<div>\n<div class=\"mariselle-image-container center\">\n                <img loading=\"lazy\" decoding=\"async\" width=\"747\" height=\"413\" class=\"lazy-image\" alt=\"\" sizes=\"auto, (max-width: 747px) 100vw, 747px\" src=\"https:\/\/brtk.net\/wp-content\/uploads\/2024\/02\/26\/unal-ustel121.jpg?ver=199b55ef8b85bcc43e7668b7a012a256\" srcset=\"https:\/\/brtk.net\/wp-content\/uploads\/2024\/02\/26\/unal-ustel121.jpg?ver=199b55ef8b85bcc43e7668b7a012a256 747w, https:\/\/brtk.net\/wp-content\/uploads\/2024\/02\/26\/unal-ustel121-300x166.jpg?ver=199b55ef8b85bcc43e7668b7a012a256 300w\"\/>                            <\/div>\n<p>Ba\u015fbakan \u00dcnal \u00dcstel, kamu vicdan\u0131n\u0131 derinden yaralayan, toplumda b\u00fcy\u00fck bir infial yaratan asr\u0131n felaketinin sorumlular\u0131yla ilgili adalet yerini bulana kadar m\u00fccadelelerinin devam edece\u011fini vurgulad\u0131.<\/p>\n<p>\u201c1-7 Mart Deprem Haftas\u0131\u2019n\u0131, ge\u00e7en y\u0131l 6 \u015eubat\u2019ta ya\u015fana asr\u0131n felaketinin y\u00fcre\u011fimizde a\u00e7t\u0131\u011f\u0131 derin yaralar\u0131 sarmaya \u00e7al\u0131\u015farak, yitirdi\u011fimiz \u015eampiyon Meleklerimiz, insanlar\u0131m\u0131z i\u00e7in hukuk m\u00fccadelemizi ve adalet aray\u0131\u015f\u0131m\u0131z\u0131 s\u00fcrd\u00fcrerek idrak ediyoruz\u201d diyen \u00dcstel, ortak ac\u0131n\u0131n da m\u00fccadelenin de bitmedi\u011fini, hukuk s\u00fcrecini yak\u0131ndan takip ettiklerini belirtti.<\/p>\n<p>Ba\u015fbakan \u00dcnal \u00dcstel, 1-7 Mart Deprem Haftas\u0131 nedeniyle mesaj yay\u0131mlad\u0131<\/p>\n<p>Ba\u015fbakan \u00dcstel\u2019in mesaj\u0131 \u015f\u00f6yle:<\/p>\n<p>\u201c1-7 Mart Deprem Haftas\u0131\u2019n\u0131, ge\u00e7en y\u0131l 6 \u015eubat\u2019ta ya\u015fana asr\u0131n felaketinin y\u00fcre\u011fimizde a\u00e7t\u0131\u011f\u0131 derin yaralar\u0131 sarmaya \u00e7al\u0131\u015farak, yitirdi\u011fimiz \u015eampiyon Meleklerimiz, insanlar\u0131m\u0131z i\u00e7in hukuk m\u00fccadelemizi ve adalet aray\u0131\u015f\u0131m\u0131z\u0131 s\u00fcrd\u00fcrerek idrak ediyoruz. Ortak ac\u0131m\u0131z da m\u00fccadelemiz de bitmedi\u2026 Hukuk s\u00fcrecini yak\u0131ndan takip ediyoruz ve edece\u011fiz. Kamu vicdan\u0131n\u0131 derinden yaralayan, toplumumuzda b\u00fcy\u00fck bir infial yaratan asr\u0131n felaketinin sorumlular\u0131yla ilgili adalet yerini bulana kadar m\u00fccadelemiz devam edecek\u2026<\/p>\n<p>H\u00fck\u00fcmetimiz, 6 \u015eubat deprem felaketinden gerekli dersleri \u00e7\u0131karm\u0131\u015f, eksiklerimizi gidermek ve ya\u015fam alanlar\u0131m\u0131z\u0131 depreme haz\u0131r hale getirmek i\u00e7in hi\u00e7 zaman kaybetmeden gerekli t\u00fcm ad\u0131mlar\u0131 atm\u0131\u015ft\u0131r.<\/p>\n<p>\u201c\u0130nsan\u0131m\u0131z\u0131n can ve mal g\u00fcvenli\u011fi \u00f6nceli\u011fimizdir\u201d diyerek, \u00fclkemizde ya\u015fanan do\u011fal olaylar\u0131n birer felakete d\u00f6n\u00fc\u015fmemesi i\u00e7in, siyaset \u00fcst\u00fc bir anlay\u0131\u015fla hareket ettik, payda\u015f t\u00fcm kesimler ve bilim insanlar\u0131m\u0131z\u0131n \u00f6nerileri do\u011frultusunda yap\u0131lar\u0131m\u0131z\u0131 yeniden g\u00f6zden ge\u00e7irdik. Al\u0131nmas\u0131 gereken her tedbiri ald\u0131k ve al\u0131yoruz.<\/p>\n<p>Ba\u015fbakanl\u0131k \u00e7at\u0131s\u0131 alt\u0131nda, bilim insanlar\u0131 ve sivil toplumla kurulan Deprem Komitesi aral\u0131ks\u0131z  olarak \u00e7al\u0131\u015fmalar\u0131n\u0131 s\u00fcrd\u00fcrmektedir.<\/p>\n<p>Kamu binalar\u0131 ve okullar\u0131n risk \u00f6l\u00e7\u00fcmleri yap\u0131lm\u0131\u015f, g\u00fc\u00e7lendirme projeleri ise devam etmektedir.<\/p>\n<p>Hastaneler ve di\u011fer kamu kurumlar\u0131 ile ilgili \u00e7al\u0131\u015fmalar da s\u00fcrmektedir.<\/p>\n<p>Sivil Savunma Te\u015fkilat\u0131 Ba\u015fkanl\u0131\u011f\u0131\u2019na ihtiya\u00e7 ve gereksinim duydu\u011fu personel istihdam edilmi\u015f, ekipman tedarik edilerek, te\u015fkilat\u0131m\u0131z g\u00fc\u00e7lendirilmi\u015ftir. Sivil Savunma Te\u015fkilat Ba\u015fkanl\u0131\u011f\u0131m\u0131z\u0131 daha da g\u00fc\u00e7lendirmek ad\u0131na \u00e7al\u0131\u015fmalar\u0131m\u0131z\u0131 yapt\u0131k ve yapmaya da devam ediyoruz.<\/p>\n<p>Bu bilin\u00e7 ve duyarl\u0131l\u0131kla bireyden topluma, her alanda afete haz\u0131r bir \u00fclke haline gelmemiz i\u00e7in var g\u00fcc\u00fcm\u00fczle \u00e7al\u0131\u015f\u0131yoruz.<\/p>\n<p>Ancak, deprem ve di\u011fer afetlerin sebep olaca\u011f\u0131 zararlar\u0131n azalt\u0131labilmesi konusunda devletimize, kamu kurumlar\u0131m\u0131za, sivil toplum kurulu\u015flar\u0131m\u0131za ve vatanda\u015flar\u0131m\u0131za \u00f6nemli g\u00f6revler d\u00fc\u015f\u00fcyor.<\/p>\n<p>Halk\u0131m\u0131zla birlikte, ortak ak\u0131l ve i\u015f birli\u011fi i\u00e7erisinde t\u00fcm s\u0131k\u0131nt\u0131lar\u0131n ve sorunlar\u0131n \u00fcstesinden gelece\u011fimizi biliyorum.<\/p>\n<p>Deprem Haftas\u0131\u2019n\u0131n deprem bilincinin art\u0131r\u0131lmas\u0131na y\u00f6nelik \u00f6nemli katk\u0131lar sa\u011flayaca\u011f\u0131na y\u00fcrekten inan\u0131yorum.<\/p>\n<p>Bu vesile ile bir kez daha, 6 \u015eubat deprem felaketinde ya\u015fam\u0131n\u0131 yitiren t\u00fcm insanlar\u0131m\u0131za Allah\u2019tan rahmet, halk\u0131m\u0131za ve milletimize ba\u015fsa\u011fl\u0131\u011f\u0131, t\u00fcm insanl\u0131\u011fa afetsiz g\u00fcnler diliyorum.\u201d.<\/p>\n<\/p><\/div>\n<p><script async\n                    defer\n                    crossorigin=\"anonymous\"\n                    src=\"https:\/\/connect.facebook.net\/tr_TR\/sdk.js#xfbml=1&#038;version=v3.3\"\n            ><\/script><\/p>\n","protected":false},"excerpt":{"rendered":"<p>Ba\u015fbakan \u00dcnal \u00dcstel, kamu vicdan\u0131n\u0131 derinden yaralayan, toplumda b\u00fcy\u00fck bir infial yaratan asr\u0131n felaketinin sorumlular\u0131yla ilgili adalet yerini bulana kadar m\u00fccadelelerinin devam edece\u011fini vurgulad\u0131. \u201c1-7 Mart Deprem Haftas\u0131\u2019n\u0131, ge\u00e7en y\u0131l 6 \u015eubat\u2019ta ya\u015fana asr\u0131n felaketinin y\u00fcre\u011fimizde a\u00e7t\u0131\u011f\u0131 derin yaralar\u0131 sarmaya \u00e7al\u0131\u015farak, yitirdi\u011fimiz \u015eampiyon Meleklerimiz, insanlar\u0131m\u0131z i\u00e7in hukuk m\u00fccadelemizi ve adalet aray\u0131\u015f\u0131m\u0131z\u0131 s\u00fcrd\u00fcrerek idrak ediyoruz\u201d diyen<\/p>\n","protected":false},"author":1,"featured_media":31983,"comment_status":"open","ping_status":"open","sticky":false,"template":"","format":"standard","meta":{"footnotes":""},"categories":[1],"tags":[],"class_list":["post-31982","post","type-post","status-publish","format-standard","has-post-thumbnail","hentry","category-gundem"],"yoast_head":"<!-- This site is optimized with the Yoast SEO plugin v27.5 - https:\/\/yoast.com\/product\/yoast-seo-wordpress\/ -->\n<title>Ba\u015fbakan \u00dcstel, asr\u0131n felaketinin sorumlular\u0131yla ilgili adalet yerini bulana kadar m\u00fccadelelerinin devam edece\u011fini vurgulad\u0131 -<\/title>\n<meta name=\"robots\" content=\"index, follow, max-snippet:-1, max-image-preview:large, max-video-preview:-1\" \/>\n<link rel=\"canonical\" href=\"https:\/\/kibrisdakik.com\/?p=31982\" \/>\n<meta property=\"og:locale\" content=\"tr_TR\" \/>\n<meta property=\"og:type\" content=\"article\" \/>\n<meta property=\"og:title\" content=\"Ba\u015fbakan \u00dcstel, asr\u0131n felaketinin sorumlular\u0131yla ilgili adalet yerini bulana kadar m\u00fccadelelerinin devam edece\u011fini vurgulad\u0131 -\" \/>\n<meta property=\"og:description\" content=\"Ba\u015fbakan \u00dcnal \u00dcstel, kamu vicdan\u0131n\u0131 derinden yaralayan, toplumda b\u00fcy\u00fck bir infial yaratan asr\u0131n felaketinin sorumlular\u0131yla ilgili adalet yerini bulana kadar m\u00fccadelelerinin devam edece\u011fini vurgulad\u0131. \u201c1-7 Mart Deprem Haftas\u0131\u2019n\u0131, ge\u00e7en y\u0131l 6 \u015eubat\u2019ta ya\u015fana asr\u0131n felaketinin y\u00fcre\u011fimizde a\u00e7t\u0131\u011f\u0131 derin yaralar\u0131 sarmaya \u00e7al\u0131\u015farak, yitirdi\u011fimiz \u015eampiyon Meleklerimiz, insanlar\u0131m\u0131z i\u00e7in hukuk m\u00fccadelemizi ve adalet aray\u0131\u015f\u0131m\u0131z\u0131 s\u00fcrd\u00fcrerek idrak ediyoruz\u201d diyen\" \/>\n<meta property=\"og:url\" content=\"https:\/\/kibrisdakik.com\/?p=31982\" \/>\n<meta property=\"article:published_time\" content=\"2024-03-01T11:58:05+00:00\" \/>\n<meta property=\"og:image\" content=\"https:\/\/kibrisdakik.com\/wp-content\/uploads\/2024\/03\/unal-ustel121-740x413.jpg\" \/>\n\t<meta property=\"og:image:width\" content=\"747\" \/>\n\t<meta property=\"og:image:height\" content=\"413\" \/>\n\t<meta property=\"og:image:type\" content=\"image\/jpeg\" \/>\n<meta name=\"author\" content=\"admin\" \/>\n<meta name=\"twitter:card\" content=\"summary_large_image\" \/>\n<meta name=\"twitter:label1\" content=\"Yazan:\" \/>\n\t<meta name=\"twitter:data1\" content=\"admin\" \/>\n\t<meta name=\"twitter:label2\" content=\"Tahmini okuma s\u00fcresi\" \/>\n\t<meta name=\"twitter:data2\" content=\"3 dakika\" \/>\n<script type=\"application\/ld+json\" class=\"yoast-schema-graph\">{\"@context\":\"https:\\\/\\\/schema.org\",\"@graph\":[{\"@type\":\"Article\",\"@id\":\"https:\\\/\\\/kibrisdakik.com\\\/?p=31982#article\",\"isPartOf\":{\"@id\":\"https:\\\/\\\/kibrisdakik.com\\\/?p=31982\"},\"author\":{\"name\":\"admin\",\"@id\":\"https:\\\/\\\/kibrisdakik.com\\\/#\\\/schema\\\/person\\\/9cd9d437bbb44f72b73ba127e06d8e79\"},\"headline\":\"Ba\u015fbakan \u00dcstel, asr\u0131n felaketinin sorumlular\u0131yla ilgili adalet yerini bulana kadar m\u00fccadelelerinin devam edece\u011fini vurgulad\u0131\",\"datePublished\":\"2024-03-01T11:58:05+00:00\",\"mainEntityOfPage\":{\"@id\":\"https:\\\/\\\/kibrisdakik.com\\\/?p=31982\"},\"wordCount\":581,\"commentCount\":0,\"image\":{\"@id\":\"https:\\\/\\\/kibrisdakik.com\\\/?p=31982#primaryimage\"},\"thumbnailUrl\":\"https:\\\/\\\/kibrisdakik.com\\\/wp-content\\\/uploads\\\/2024\\\/03\\\/unal-ustel121-740x413.jpg\",\"articleSection\":[\"G\u00fcndem\"],\"inLanguage\":\"tr\",\"potentialAction\":[{\"@type\":\"CommentAction\",\"name\":\"Comment\",\"target\":[\"https:\\\/\\\/kibrisdakik.com\\\/?p=31982#respond\"]}]},{\"@type\":\"WebPage\",\"@id\":\"https:\\\/\\\/kibrisdakik.com\\\/?p=31982\",\"url\":\"https:\\\/\\\/kibrisdakik.com\\\/?p=31982\",\"name\":\"Ba\u015fbakan \u00dcstel, asr\u0131n felaketinin sorumlular\u0131yla ilgili adalet yerini bulana kadar m\u00fccadelelerinin devam edece\u011fini vurgulad\u0131 -\",\"isPartOf\":{\"@id\":\"https:\\\/\\\/kibrisdakik.com\\\/#website\"},\"primaryImageOfPage\":{\"@id\":\"https:\\\/\\\/kibrisdakik.com\\\/?p=31982#primaryimage\"},\"image\":{\"@id\":\"https:\\\/\\\/kibrisdakik.com\\\/?p=31982#primaryimage\"},\"thumbnailUrl\":\"https:\\\/\\\/kibrisdakik.com\\\/wp-content\\\/uploads\\\/2024\\\/03\\\/unal-ustel121-740x413.jpg\",\"datePublished\":\"2024-03-01T11:58:05+00:00\",\"author\":{\"@id\":\"https:\\\/\\\/kibrisdakik.com\\\/#\\\/schema\\\/person\\\/9cd9d437bbb44f72b73ba127e06d8e79\"},\"breadcrumb\":{\"@id\":\"https:\\\/\\\/kibrisdakik.com\\\/?p=31982#breadcrumb\"},\"inLanguage\":\"tr\",\"potentialAction\":[{\"@type\":\"ReadAction\",\"target\":[\"https:\\\/\\\/kibrisdakik.com\\\/?p=31982\"]}]},{\"@type\":\"ImageObject\",\"inLanguage\":\"tr\",\"@id\":\"https:\\\/\\\/kibrisdakik.com\\\/?p=31982#primaryimage\",\"url\":\"https:\\\/\\\/kibrisdakik.com\\\/wp-content\\\/uploads\\\/2024\\\/03\\\/unal-ustel121-740x413.jpg\",\"contentUrl\":\"https:\\\/\\\/kibrisdakik.com\\\/wp-content\\\/uploads\\\/2024\\\/03\\\/unal-ustel121-740x413.jpg\",\"width\":747,\"height\":413},{\"@type\":\"BreadcrumbList\",\"@id\":\"https:\\\/\\\/kibrisdakik.com\\\/?p=31982#breadcrumb\",\"itemListElement\":[{\"@type\":\"ListItem\",\"position\":1,\"name\":\"Home\",\"item\":\"https:\\\/\\\/kibrisdakik.com\\\/\"},{\"@type\":\"ListItem\",\"position\":2,\"name\":\"Ba\u015fbakan \u00dcstel, asr\u0131n felaketinin sorumlular\u0131yla ilgili adalet yerini bulana kadar m\u00fccadelelerinin devam edece\u011fini vurgulad\u0131\"}]},{\"@type\":\"WebSite\",\"@id\":\"https:\\\/\\\/kibrisdakik.com\\\/#website\",\"url\":\"https:\\\/\\\/kibrisdakik.com\\\/\",\"name\":\"\",\"description\":\"Tam vaktinde haber\",\"potentialAction\":[{\"@type\":\"SearchAction\",\"target\":{\"@type\":\"EntryPoint\",\"urlTemplate\":\"https:\\\/\\\/kibrisdakik.com\\\/?s={search_term_string}\"},\"query-input\":{\"@type\":\"PropertyValueSpecification\",\"valueRequired\":true,\"valueName\":\"search_term_string\"}}],\"inLanguage\":\"tr\"},{\"@type\":\"Person\",\"@id\":\"https:\\\/\\\/kibrisdakik.com\\\/#\\\/schema\\\/person\\\/9cd9d437bbb44f72b73ba127e06d8e79\",\"name\":\"admin\",\"image\":{\"@type\":\"ImageObject\",\"inLanguage\":\"tr\",\"@id\":\"https:\\\/\\\/secure.gravatar.com\\\/avatar\\\/ccc17943b9d660506c869530f897617f7cb1c21a4bf30023f252596d83e1f007?s=96&d=mm&r=g\",\"url\":\"https:\\\/\\\/secure.gravatar.com\\\/avatar\\\/ccc17943b9d660506c869530f897617f7cb1c21a4bf30023f252596d83e1f007?s=96&d=mm&r=g\",\"contentUrl\":\"https:\\\/\\\/secure.gravatar.com\\\/avatar\\\/ccc17943b9d660506c869530f897617f7cb1c21a4bf30023f252596d83e1f007?s=96&d=mm&r=g\",\"caption\":\"admin\"},\"sameAs\":[\"https:\\\/\\\/kibrisdakik.com\"],\"url\":\"https:\\\/\\\/kibrisdakik.com\\\/?author=1\"}]}<\/script>\n<!-- \/ Yoast SEO plugin. -->","yoast_head_json":{"title":"Ba\u015fbakan \u00dcstel, asr\u0131n felaketinin sorumlular\u0131yla ilgili adalet yerini bulana kadar m\u00fccadelelerinin devam edece\u011fini vurgulad\u0131 -","robots":{"index":"index","follow":"follow","max-snippet":"max-snippet:-1","max-image-preview":"max-image-preview:large","max-video-preview":"max-video-preview:-1"},"canonical":"https:\/\/kibrisdakik.com\/?p=31982","og_locale":"tr_TR","og_type":"article","og_title":"Ba\u015fbakan \u00dcstel, asr\u0131n felaketinin sorumlular\u0131yla ilgili adalet yerini bulana kadar m\u00fccadelelerinin devam edece\u011fini vurgulad\u0131 -","og_description":"Ba\u015fbakan \u00dcnal \u00dcstel, kamu vicdan\u0131n\u0131 derinden yaralayan, toplumda b\u00fcy\u00fck bir infial yaratan asr\u0131n felaketinin sorumlular\u0131yla ilgili adalet yerini bulana kadar m\u00fccadelelerinin devam edece\u011fini vurgulad\u0131. \u201c1-7 Mart Deprem Haftas\u0131\u2019n\u0131, ge\u00e7en y\u0131l 6 \u015eubat\u2019ta ya\u015fana asr\u0131n felaketinin y\u00fcre\u011fimizde a\u00e7t\u0131\u011f\u0131 derin yaralar\u0131 sarmaya \u00e7al\u0131\u015farak, yitirdi\u011fimiz \u015eampiyon Meleklerimiz, insanlar\u0131m\u0131z i\u00e7in hukuk m\u00fccadelemizi ve adalet aray\u0131\u015f\u0131m\u0131z\u0131 s\u00fcrd\u00fcrerek idrak ediyoruz\u201d diyen","og_url":"https:\/\/kibrisdakik.com\/?p=31982","article_published_time":"2024-03-01T11:58:05+00:00","og_image":[{"width":747,"height":413,"url":"https:\/\/kibrisdakik.com\/wp-content\/uploads\/2024\/03\/unal-ustel121-740x413.jpg","type":"image\/jpeg"}],"author":"admin","twitter_card":"summary_large_image","twitter_misc":{"Yazan:":"admin","Tahmini okuma s\u00fcresi":"3 dakika"},"schema":{"@context":"https:\/\/schema.org","@graph":[{"@type":"Article","@id":"https:\/\/kibrisdakik.com\/?p=31982#article","isPartOf":{"@id":"https:\/\/kibrisdakik.com\/?p=31982"},"author":{"name":"admin","@id":"https:\/\/kibrisdakik.com\/#\/schema\/person\/9cd9d437bbb44f72b73ba127e06d8e79"},"headline":"Ba\u015fbakan \u00dcstel, asr\u0131n felaketinin sorumlular\u0131yla ilgili adalet yerini bulana kadar m\u00fccadelelerinin devam edece\u011fini vurgulad\u0131","datePublished":"2024-03-01T11:58:05+00:00","mainEntityOfPage":{"@id":"https:\/\/kibrisdakik.com\/?p=31982"},"wordCount":581,"commentCount":0,"image":{"@id":"https:\/\/kibrisdakik.com\/?p=31982#primaryimage"},"thumbnailUrl":"https:\/\/kibrisdakik.com\/wp-content\/uploads\/2024\/03\/unal-ustel121-740x413.jpg","articleSection":["G\u00fcndem"],"inLanguage":"tr","potentialAction":[{"@type":"CommentAction","name":"Comment","target":["https:\/\/kibrisdakik.com\/?p=31982#respond"]}]},{"@type":"WebPage","@id":"https:\/\/kibrisdakik.com\/?p=31982","url":"https:\/\/kibrisdakik.com\/?p=31982","name":"Ba\u015fbakan \u00dcstel, asr\u0131n felaketinin sorumlular\u0131yla ilgili adalet yerini bulana kadar m\u00fccadelelerinin devam edece\u011fini vurgulad\u0131 -","isPartOf":{"@id":"https:\/\/kibrisdakik.com\/#website"},"primaryImageOfPage":{"@id":"https:\/\/kibrisdakik.com\/?p=31982#primaryimage"},"image":{"@id":"https:\/\/kibrisdakik.com\/?p=31982#primaryimage"},"thumbnailUrl":"https:\/\/kibrisdakik.com\/wp-content\/uploads\/2024\/03\/unal-ustel121-740x413.jpg","datePublished":"2024-03-01T11:58:05+00:00","author":{"@id":"https:\/\/kibrisdakik.com\/#\/schema\/person\/9cd9d437bbb44f72b73ba127e06d8e79"},"breadcrumb":{"@id":"https:\/\/kibrisdakik.com\/?p=31982#breadcrumb"},"inLanguage":"tr","potentialAction":[{"@type":"ReadAction","target":["https:\/\/kibrisdakik.com\/?p=31982"]}]},{"@type":"ImageObject","inLanguage":"tr","@id":"https:\/\/kibrisdakik.com\/?p=31982#primaryimage","url":"https:\/\/kibrisdakik.com\/wp-content\/uploads\/2024\/03\/unal-ustel121-740x413.jpg","contentUrl":"https:\/\/kibrisdakik.com\/wp-content\/uploads\/2024\/03\/unal-ustel121-740x413.jpg","width":747,"height":413},{"@type":"BreadcrumbList","@id":"https:\/\/kibrisdakik.com\/?p=31982#breadcrumb","itemListElement":[{"@type":"ListItem","position":1,"name":"Home","item":"https:\/\/kibrisdakik.com\/"},{"@type":"ListItem","position":2,"name":"Ba\u015fbakan \u00dcstel, asr\u0131n felaketinin sorumlular\u0131yla ilgili adalet yerini bulana kadar m\u00fccadelelerinin devam edece\u011fini vurgulad\u0131"}]},{"@type":"WebSite","@id":"https:\/\/kibrisdakik.com\/#website","url":"https:\/\/kibrisdakik.com\/","name":"","description":"Tam vaktinde haber","potentialAction":[{"@type":"SearchAction","target":{"@type":"EntryPoint","urlTemplate":"https:\/\/kibrisdakik.com\/?s={search_term_string}"},"query-input":{"@type":"PropertyValueSpecification","valueRequired":true,"valueName":"search_term_string"}}],"inLanguage":"tr"},{"@type":"Person","@id":"https:\/\/kibrisdakik.com\/#\/schema\/person\/9cd9d437bbb44f72b73ba127e06d8e79","name":"admin","image":{"@type":"ImageObject","inLanguage":"tr","@id":"https:\/\/secure.gravatar.com\/avatar\/ccc17943b9d660506c869530f897617f7cb1c21a4bf30023f252596d83e1f007?s=96&d=mm&r=g","url":"https:\/\/secure.gravatar.com\/avatar\/ccc17943b9d660506c869530f897617f7cb1c21a4bf30023f252596d83e1f007?s=96&d=mm&r=g","contentUrl":"https:\/\/secure.gravatar.com\/avatar\/ccc17943b9d660506c869530f897617f7cb1c21a4bf30023f252596d83e1f007?s=96&d=mm&r=g","caption":"admin"},"sameAs":["https:\/\/kibrisdakik.com"],"url":"https:\/\/kibrisdakik.com\/?author=1"}]}},"_links":{"self":[{"href":"https:\/\/kibrisdakik.com\/index.php?rest_route=\/wp\/v2\/posts\/31982","targetHints":{"allow":["GET"]}}],"collection":[{"href":"https:\/\/kibrisdakik.com\/index.php?rest_route=\/wp\/v2\/posts"}],"about":[{"href":"https:\/\/kibrisdakik.com\/index.php?rest_route=\/wp\/v2\/types\/post"}],"author":[{"embeddable":true,"href":"https:\/\/kibrisdakik.com\/index.php?rest_route=\/wp\/v2\/users\/1"}],"replies":[{"embeddable":true,"href":"https:\/\/kibrisdakik.com\/index.php?rest_route=%2Fwp%2Fv2%2Fcomments&post=31982"}],"version-history":[{"count":0,"href":"https:\/\/kibrisdakik.com\/index.php?rest_route=\/wp\/v2\/posts\/31982\/revisions"}],"wp:featuredmedia":[{"embeddable":true,"href":"https:\/\/kibrisdakik.com\/index.php?rest_route=\/wp\/v2\/media\/31983"}],"wp:attachment":[{"href":"https:\/\/kibrisdakik.com\/index.php?rest_route=%2Fwp%2Fv2%2Fmedia&parent=31982"}],"wp:term":[{"taxonomy":"category","embeddable":true,"href":"https:\/\/kibrisdakik.com\/index.php?rest_route=%2Fwp%2Fv2%2Fcategories&post=31982"},{"taxonomy":"post_tag","embeddable":true,"href":"https:\/\/kibrisdakik.com\/index.php?rest_route=%2Fwp%2Fv2%2Ftags&post=31982"}],"curies":[{"name":"wp","href":"https:\/\/api.w.org\/{rel}","templated":true}]}}