{"id":31984,"date":"2024-03-01T12:20:04","date_gmt":"2024-03-01T12:20:04","guid":{"rendered":"https:\/\/kibrisdakik.com\/index.php\/2024\/03\/01\/avrupa-birligi-destekli-kapasite-gelistirme-projesi-ele-alindi\/"},"modified":"2024-03-01T12:20:04","modified_gmt":"2024-03-01T12:20:04","slug":"avrupa-birligi-destekli-kapasite-gelistirme-projesi-ele-alindi","status":"publish","type":"post","link":"https:\/\/kibrisdakik.com\/?p=31984","title":{"rendered":"Avrupa Birli\u011fi destekli Kapasite Geli\u015ftirme Projesi ele al\u0131nd\u0131"},"content":{"rendered":"<p><img decoding=\"async\" src=\"https:\/\/www.kibristurk.com\/images\/haberler\/2024\/03\/avrupa-birligi-destekli-kapasite-gelistirme-projesi-ele-alindi-1709295005.webp\" \/><\/p>\n<p style=\"text-align:left\"><span style=\"font-size:14px\"><span style=\"font-family:Arial,Helvetica,sans-serif\"><span style=\"color:#000000\"><span style=\"background-color:#ffffff\">KTBB\u2019den verilen bilgiye g\u00f6re, \u00d6z\u00e7\u0131nar, Proje ekip lideri Andy Whiteman, Uzman Vijdan \u015eeng\u00f6r, AB Koordinasyon Merkezinden H\u00fcseyin Herg\u00fcner ve Bet\u00fcl Atasayan ile bir araya geldi.<\/span><\/span><\/span><\/span><\/p>\n<p style=\"text-align:left\"><span style=\"font-size:14px\"><span style=\"font-family:Arial,Helvetica,sans-serif\"><span style=\"color:#000000\"><span style=\"background-color:#ffffff\">G\u00f6r\u00fc\u015fmede, Avrupa Birli\u011fi taraf\u0131ndan finanse edilen belediyelere y\u00f6nelik \u00fc\u00e7\u00fcnc\u00fc 2 y\u0131ll\u0131k Kapasite Geli\u015ftirme Projesi ele al\u0131nd\u0131.<\/span><\/span><\/span><\/span><\/p>\n<p style=\"text-align:left\"><span style=\"font-size:14px\"><span style=\"font-family:Arial,Helvetica,sans-serif\"><span style=\"color:#000000\"><span style=\"background-color:#ffffff\">Andy Whiteman toplant\u0131da, proje hakk\u0131nda bilgi verdi, Proje \u00e7al\u0131\u015fma plan\u0131n\u0131n haz\u0131r oldu\u011funu ve \u00f6ncekilerden farkl\u0131 bir proje olaca\u011f\u0131n\u0131, daha fazla \u00e7evresel ba\u011flant\u0131lar bulundu\u011funu s\u00f6yledi.<\/span><\/span><\/span><\/span><\/p>\n<p style=\"text-align:left\"><span style=\"font-size:14px\"><span style=\"font-family:Arial,Helvetica,sans-serif\"><span style=\"color:#000000\"><span style=\"background-color:#ffffff\">Mahmut \u00d6z\u00e7\u0131nar da projenin ba\u015far\u0131l\u0131 olmas\u0131 i\u00e7in \u00f6nceliklerin ve yol haritas\u0131n\u0131n do\u011fru belirlenmesi ve spesifik konulara odaklan\u0131lmas\u0131n\u0131n \u00f6nemli oldu\u011funu s\u00f6yledi.<\/span><\/span><\/span><\/span><\/p>\n<p style=\"text-align:left\"><span style=\"font-size:14px\"><span style=\"font-family:Arial,Helvetica,sans-serif\"><span style=\"color:#000000\"><span style=\"background-color:#ffffff\">G\u00f6r\u00fc\u015fmede KTBB\u2019den \u0130dare Amiri Muammer G\u00fcne\u015f, D\u0131\u015f \u0130li\u015fkiler Sorumlusu Merih Beydola ve D\u0131\u015f \u0130li\u015fkiler Memuru Ay\u015fe Oyal da yer ald\u0131.<\/span><\/span><\/span><\/span><\/p>\n","protected":false},"excerpt":{"rendered":"<p>KTBB\u2019den verilen bilgiye g\u00f6re, \u00d6z\u00e7\u0131nar, Proje ekip lideri Andy Whiteman, Uzman Vijdan \u015eeng\u00f6r, AB Koordinasyon Merkezinden H\u00fcseyin Herg\u00fcner ve Bet\u00fcl Atasayan ile bir araya geldi. G\u00f6r\u00fc\u015fmede, Avrupa Birli\u011fi taraf\u0131ndan finanse edilen belediyelere y\u00f6nelik \u00fc\u00e7\u00fcnc\u00fc 2 y\u0131ll\u0131k Kapasite Geli\u015ftirme Projesi ele al\u0131nd\u0131. Andy Whiteman toplant\u0131da, proje hakk\u0131nda bilgi verdi, Proje \u00e7al\u0131\u015fma plan\u0131n\u0131n haz\u0131r oldu\u011funu ve \u00f6ncekilerden<\/p>\n","protected":false},"author":1,"featured_media":31985,"comment_status":"open","ping_status":"open","sticky":false,"template":"","format":"standard","meta":{"footnotes":""},"categories":[85],"tags":[],"class_list":["post-31984","post","type-post","status-publish","format-standard","has-post-thumbnail","hentry","category-spor"],"yoast_head":"<!-- This site is optimized with the Yoast SEO plugin v27.5 - https:\/\/yoast.com\/product\/yoast-seo-wordpress\/ -->\n<title>Avrupa Birli\u011fi destekli Kapasite Geli\u015ftirme Projesi ele al\u0131nd\u0131 -<\/title>\n<meta name=\"robots\" content=\"index, follow, max-snippet:-1, max-image-preview:large, max-video-preview:-1\" \/>\n<link rel=\"canonical\" href=\"https:\/\/kibrisdakik.com\/?p=31984\" \/>\n<meta property=\"og:locale\" content=\"tr_TR\" \/>\n<meta property=\"og:type\" content=\"article\" \/>\n<meta property=\"og:title\" content=\"Avrupa Birli\u011fi destekli Kapasite Geli\u015ftirme Projesi ele al\u0131nd\u0131 -\" \/>\n<meta property=\"og:description\" content=\"KTBB\u2019den verilen bilgiye g\u00f6re, \u00d6z\u00e7\u0131nar, Proje ekip lideri Andy Whiteman, Uzman Vijdan \u015eeng\u00f6r, AB Koordinasyon Merkezinden H\u00fcseyin Herg\u00fcner ve Bet\u00fcl Atasayan ile bir araya geldi. G\u00f6r\u00fc\u015fmede, Avrupa Birli\u011fi taraf\u0131ndan finanse edilen belediyelere y\u00f6nelik \u00fc\u00e7\u00fcnc\u00fc 2 y\u0131ll\u0131k Kapasite Geli\u015ftirme Projesi ele al\u0131nd\u0131. Andy Whiteman toplant\u0131da, proje hakk\u0131nda bilgi verdi, Proje \u00e7al\u0131\u015fma plan\u0131n\u0131n haz\u0131r oldu\u011funu ve \u00f6ncekilerden\" \/>\n<meta property=\"og:url\" content=\"https:\/\/kibrisdakik.com\/?p=31984\" \/>\n<meta property=\"article:published_time\" content=\"2024-03-01T12:20:04+00:00\" \/>\n<meta property=\"og:image\" content=\"https:\/\/kibrisdakik.com\/wp-content\/uploads\/2024\/03\/avrupa-birligi-destekli-kapasite-gelistirme-projesi-ele-alindi-1709295005.webp.webp\" \/>\n\t<meta property=\"og:image:width\" content=\"710\" \/>\n\t<meta property=\"og:image:height\" content=\"370\" \/>\n\t<meta property=\"og:image:type\" content=\"image\/webp\" \/>\n<meta name=\"author\" content=\"admin\" \/>\n<meta name=\"twitter:card\" content=\"summary_large_image\" \/>\n<meta name=\"twitter:label1\" content=\"Yazan:\" \/>\n\t<meta name=\"twitter:data1\" content=\"admin\" \/>\n\t<meta name=\"twitter:label2\" content=\"Tahmini okuma s\u00fcresi\" \/>\n\t<meta name=\"twitter:data2\" content=\"1 dakika\" \/>\n<script type=\"application\/ld+json\" class=\"yoast-schema-graph\">{\"@context\":\"https:\\\/\\\/schema.org\",\"@graph\":[{\"@type\":\"Article\",\"@id\":\"https:\\\/\\\/kibrisdakik.com\\\/?p=31984#article\",\"isPartOf\":{\"@id\":\"https:\\\/\\\/kibrisdakik.com\\\/?p=31984\"},\"author\":{\"name\":\"admin\",\"@id\":\"https:\\\/\\\/kibrisdakik.com\\\/#\\\/schema\\\/person\\\/9cd9d437bbb44f72b73ba127e06d8e79\"},\"headline\":\"Avrupa Birli\u011fi destekli Kapasite Geli\u015ftirme Projesi ele al\u0131nd\u0131\",\"datePublished\":\"2024-03-01T12:20:04+00:00\",\"mainEntityOfPage\":{\"@id\":\"https:\\\/\\\/kibrisdakik.com\\\/?p=31984\"},\"wordCount\":162,\"commentCount\":0,\"image\":{\"@id\":\"https:\\\/\\\/kibrisdakik.com\\\/?p=31984#primaryimage\"},\"thumbnailUrl\":\"https:\\\/\\\/kibrisdakik.com\\\/wp-content\\\/uploads\\\/2024\\\/03\\\/avrupa-birligi-destekli-kapasite-gelistirme-projesi-ele-alindi-1709295005.webp.webp\",\"articleSection\":[\"Spor\"],\"inLanguage\":\"tr\",\"potentialAction\":[{\"@type\":\"CommentAction\",\"name\":\"Comment\",\"target\":[\"https:\\\/\\\/kibrisdakik.com\\\/?p=31984#respond\"]}]},{\"@type\":\"WebPage\",\"@id\":\"https:\\\/\\\/kibrisdakik.com\\\/?p=31984\",\"url\":\"https:\\\/\\\/kibrisdakik.com\\\/?p=31984\",\"name\":\"Avrupa Birli\u011fi destekli Kapasite Geli\u015ftirme Projesi ele al\u0131nd\u0131 -\",\"isPartOf\":{\"@id\":\"https:\\\/\\\/kibrisdakik.com\\\/#website\"},\"primaryImageOfPage\":{\"@id\":\"https:\\\/\\\/kibrisdakik.com\\\/?p=31984#primaryimage\"},\"image\":{\"@id\":\"https:\\\/\\\/kibrisdakik.com\\\/?p=31984#primaryimage\"},\"thumbnailUrl\":\"https:\\\/\\\/kibrisdakik.com\\\/wp-content\\\/uploads\\\/2024\\\/03\\\/avrupa-birligi-destekli-kapasite-gelistirme-projesi-ele-alindi-1709295005.webp.webp\",\"datePublished\":\"2024-03-01T12:20:04+00:00\",\"author\":{\"@id\":\"https:\\\/\\\/kibrisdakik.com\\\/#\\\/schema\\\/person\\\/9cd9d437bbb44f72b73ba127e06d8e79\"},\"breadcrumb\":{\"@id\":\"https:\\\/\\\/kibrisdakik.com\\\/?p=31984#breadcrumb\"},\"inLanguage\":\"tr\",\"potentialAction\":[{\"@type\":\"ReadAction\",\"target\":[\"https:\\\/\\\/kibrisdakik.com\\\/?p=31984\"]}]},{\"@type\":\"ImageObject\",\"inLanguage\":\"tr\",\"@id\":\"https:\\\/\\\/kibrisdakik.com\\\/?p=31984#primaryimage\",\"url\":\"https:\\\/\\\/kibrisdakik.com\\\/wp-content\\\/uploads\\\/2024\\\/03\\\/avrupa-birligi-destekli-kapasite-gelistirme-projesi-ele-alindi-1709295005.webp.webp\",\"contentUrl\":\"https:\\\/\\\/kibrisdakik.com\\\/wp-content\\\/uploads\\\/2024\\\/03\\\/avrupa-birligi-destekli-kapasite-gelistirme-projesi-ele-alindi-1709295005.webp.webp\",\"width\":710,\"height\":370},{\"@type\":\"BreadcrumbList\",\"@id\":\"https:\\\/\\\/kibrisdakik.com\\\/?p=31984#breadcrumb\",\"itemListElement\":[{\"@type\":\"ListItem\",\"position\":1,\"name\":\"Home\",\"item\":\"https:\\\/\\\/kibrisdakik.com\\\/\"},{\"@type\":\"ListItem\",\"position\":2,\"name\":\"Avrupa Birli\u011fi destekli Kapasite Geli\u015ftirme Projesi ele al\u0131nd\u0131\"}]},{\"@type\":\"WebSite\",\"@id\":\"https:\\\/\\\/kibrisdakik.com\\\/#website\",\"url\":\"https:\\\/\\\/kibrisdakik.com\\\/\",\"name\":\"\",\"description\":\"Tam vaktinde haber\",\"potentialAction\":[{\"@type\":\"SearchAction\",\"target\":{\"@type\":\"EntryPoint\",\"urlTemplate\":\"https:\\\/\\\/kibrisdakik.com\\\/?s={search_term_string}\"},\"query-input\":{\"@type\":\"PropertyValueSpecification\",\"valueRequired\":true,\"valueName\":\"search_term_string\"}}],\"inLanguage\":\"tr\"},{\"@type\":\"Person\",\"@id\":\"https:\\\/\\\/kibrisdakik.com\\\/#\\\/schema\\\/person\\\/9cd9d437bbb44f72b73ba127e06d8e79\",\"name\":\"admin\",\"image\":{\"@type\":\"ImageObject\",\"inLanguage\":\"tr\",\"@id\":\"https:\\\/\\\/secure.gravatar.com\\\/avatar\\\/ccc17943b9d660506c869530f897617f7cb1c21a4bf30023f252596d83e1f007?s=96&d=mm&r=g\",\"url\":\"https:\\\/\\\/secure.gravatar.com\\\/avatar\\\/ccc17943b9d660506c869530f897617f7cb1c21a4bf30023f252596d83e1f007?s=96&d=mm&r=g\",\"contentUrl\":\"https:\\\/\\\/secure.gravatar.com\\\/avatar\\\/ccc17943b9d660506c869530f897617f7cb1c21a4bf30023f252596d83e1f007?s=96&d=mm&r=g\",\"caption\":\"admin\"},\"sameAs\":[\"https:\\\/\\\/kibrisdakik.com\"],\"url\":\"https:\\\/\\\/kibrisdakik.com\\\/?author=1\"}]}<\/script>\n<!-- \/ Yoast SEO plugin. -->","yoast_head_json":{"title":"Avrupa Birli\u011fi destekli Kapasite Geli\u015ftirme Projesi ele al\u0131nd\u0131 -","robots":{"index":"index","follow":"follow","max-snippet":"max-snippet:-1","max-image-preview":"max-image-preview:large","max-video-preview":"max-video-preview:-1"},"canonical":"https:\/\/kibrisdakik.com\/?p=31984","og_locale":"tr_TR","og_type":"article","og_title":"Avrupa Birli\u011fi destekli Kapasite Geli\u015ftirme Projesi ele al\u0131nd\u0131 -","og_description":"KTBB\u2019den verilen bilgiye g\u00f6re, \u00d6z\u00e7\u0131nar, Proje ekip lideri Andy Whiteman, Uzman Vijdan \u015eeng\u00f6r, AB Koordinasyon Merkezinden H\u00fcseyin Herg\u00fcner ve Bet\u00fcl Atasayan ile bir araya geldi. G\u00f6r\u00fc\u015fmede, Avrupa Birli\u011fi taraf\u0131ndan finanse edilen belediyelere y\u00f6nelik \u00fc\u00e7\u00fcnc\u00fc 2 y\u0131ll\u0131k Kapasite Geli\u015ftirme Projesi ele al\u0131nd\u0131. Andy Whiteman toplant\u0131da, proje hakk\u0131nda bilgi verdi, Proje \u00e7al\u0131\u015fma plan\u0131n\u0131n haz\u0131r oldu\u011funu ve \u00f6ncekilerden","og_url":"https:\/\/kibrisdakik.com\/?p=31984","article_published_time":"2024-03-01T12:20:04+00:00","og_image":[{"width":710,"height":370,"url":"https:\/\/kibrisdakik.com\/wp-content\/uploads\/2024\/03\/avrupa-birligi-destekli-kapasite-gelistirme-projesi-ele-alindi-1709295005.webp.webp","type":"image\/webp"}],"author":"admin","twitter_card":"summary_large_image","twitter_misc":{"Yazan:":"admin","Tahmini okuma s\u00fcresi":"1 dakika"},"schema":{"@context":"https:\/\/schema.org","@graph":[{"@type":"Article","@id":"https:\/\/kibrisdakik.com\/?p=31984#article","isPartOf":{"@id":"https:\/\/kibrisdakik.com\/?p=31984"},"author":{"name":"admin","@id":"https:\/\/kibrisdakik.com\/#\/schema\/person\/9cd9d437bbb44f72b73ba127e06d8e79"},"headline":"Avrupa Birli\u011fi destekli Kapasite Geli\u015ftirme Projesi ele al\u0131nd\u0131","datePublished":"2024-03-01T12:20:04+00:00","mainEntityOfPage":{"@id":"https:\/\/kibrisdakik.com\/?p=31984"},"wordCount":162,"commentCount":0,"image":{"@id":"https:\/\/kibrisdakik.com\/?p=31984#primaryimage"},"thumbnailUrl":"https:\/\/kibrisdakik.com\/wp-content\/uploads\/2024\/03\/avrupa-birligi-destekli-kapasite-gelistirme-projesi-ele-alindi-1709295005.webp.webp","articleSection":["Spor"],"inLanguage":"tr","potentialAction":[{"@type":"CommentAction","name":"Comment","target":["https:\/\/kibrisdakik.com\/?p=31984#respond"]}]},{"@type":"WebPage","@id":"https:\/\/kibrisdakik.com\/?p=31984","url":"https:\/\/kibrisdakik.com\/?p=31984","name":"Avrupa Birli\u011fi destekli Kapasite Geli\u015ftirme Projesi ele al\u0131nd\u0131 -","isPartOf":{"@id":"https:\/\/kibrisdakik.com\/#website"},"primaryImageOfPage":{"@id":"https:\/\/kibrisdakik.com\/?p=31984#primaryimage"},"image":{"@id":"https:\/\/kibrisdakik.com\/?p=31984#primaryimage"},"thumbnailUrl":"https:\/\/kibrisdakik.com\/wp-content\/uploads\/2024\/03\/avrupa-birligi-destekli-kapasite-gelistirme-projesi-ele-alindi-1709295005.webp.webp","datePublished":"2024-03-01T12:20:04+00:00","author":{"@id":"https:\/\/kibrisdakik.com\/#\/schema\/person\/9cd9d437bbb44f72b73ba127e06d8e79"},"breadcrumb":{"@id":"https:\/\/kibrisdakik.com\/?p=31984#breadcrumb"},"inLanguage":"tr","potentialAction":[{"@type":"ReadAction","target":["https:\/\/kibrisdakik.com\/?p=31984"]}]},{"@type":"ImageObject","inLanguage":"tr","@id":"https:\/\/kibrisdakik.com\/?p=31984#primaryimage","url":"https:\/\/kibrisdakik.com\/wp-content\/uploads\/2024\/03\/avrupa-birligi-destekli-kapasite-gelistirme-projesi-ele-alindi-1709295005.webp.webp","contentUrl":"https:\/\/kibrisdakik.com\/wp-content\/uploads\/2024\/03\/avrupa-birligi-destekli-kapasite-gelistirme-projesi-ele-alindi-1709295005.webp.webp","width":710,"height":370},{"@type":"BreadcrumbList","@id":"https:\/\/kibrisdakik.com\/?p=31984#breadcrumb","itemListElement":[{"@type":"ListItem","position":1,"name":"Home","item":"https:\/\/kibrisdakik.com\/"},{"@type":"ListItem","position":2,"name":"Avrupa Birli\u011fi destekli Kapasite Geli\u015ftirme Projesi ele al\u0131nd\u0131"}]},{"@type":"WebSite","@id":"https:\/\/kibrisdakik.com\/#website","url":"https:\/\/kibrisdakik.com\/","name":"","description":"Tam vaktinde haber","potentialAction":[{"@type":"SearchAction","target":{"@type":"EntryPoint","urlTemplate":"https:\/\/kibrisdakik.com\/?s={search_term_string}"},"query-input":{"@type":"PropertyValueSpecification","valueRequired":true,"valueName":"search_term_string"}}],"inLanguage":"tr"},{"@type":"Person","@id":"https:\/\/kibrisdakik.com\/#\/schema\/person\/9cd9d437bbb44f72b73ba127e06d8e79","name":"admin","image":{"@type":"ImageObject","inLanguage":"tr","@id":"https:\/\/secure.gravatar.com\/avatar\/ccc17943b9d660506c869530f897617f7cb1c21a4bf30023f252596d83e1f007?s=96&d=mm&r=g","url":"https:\/\/secure.gravatar.com\/avatar\/ccc17943b9d660506c869530f897617f7cb1c21a4bf30023f252596d83e1f007?s=96&d=mm&r=g","contentUrl":"https:\/\/secure.gravatar.com\/avatar\/ccc17943b9d660506c869530f897617f7cb1c21a4bf30023f252596d83e1f007?s=96&d=mm&r=g","caption":"admin"},"sameAs":["https:\/\/kibrisdakik.com"],"url":"https:\/\/kibrisdakik.com\/?author=1"}]}},"_links":{"self":[{"href":"https:\/\/kibrisdakik.com\/index.php?rest_route=\/wp\/v2\/posts\/31984","targetHints":{"allow":["GET"]}}],"collection":[{"href":"https:\/\/kibrisdakik.com\/index.php?rest_route=\/wp\/v2\/posts"}],"about":[{"href":"https:\/\/kibrisdakik.com\/index.php?rest_route=\/wp\/v2\/types\/post"}],"author":[{"embeddable":true,"href":"https:\/\/kibrisdakik.com\/index.php?rest_route=\/wp\/v2\/users\/1"}],"replies":[{"embeddable":true,"href":"https:\/\/kibrisdakik.com\/index.php?rest_route=%2Fwp%2Fv2%2Fcomments&post=31984"}],"version-history":[{"count":0,"href":"https:\/\/kibrisdakik.com\/index.php?rest_route=\/wp\/v2\/posts\/31984\/revisions"}],"wp:featuredmedia":[{"embeddable":true,"href":"https:\/\/kibrisdakik.com\/index.php?rest_route=\/wp\/v2\/media\/31985"}],"wp:attachment":[{"href":"https:\/\/kibrisdakik.com\/index.php?rest_route=%2Fwp%2Fv2%2Fmedia&parent=31984"}],"wp:term":[{"taxonomy":"category","embeddable":true,"href":"https:\/\/kibrisdakik.com\/index.php?rest_route=%2Fwp%2Fv2%2Fcategories&post=31984"},{"taxonomy":"post_tag","embeddable":true,"href":"https:\/\/kibrisdakik.com\/index.php?rest_route=%2Fwp%2Fv2%2Ftags&post=31984"}],"curies":[{"name":"wp","href":"https:\/\/api.w.org\/{rel}","templated":true}]}}