{"id":32009,"date":"2024-03-01T15:30:21","date_gmt":"2024-03-01T15:30:21","guid":{"rendered":"https:\/\/kibrisdakik.com\/index.php\/2024\/03\/01\/meclis-baskani-tore-iskelede-ziyaretler-yapti\/"},"modified":"2024-03-01T15:30:21","modified_gmt":"2024-03-01T15:30:21","slug":"meclis-baskani-tore-iskelede-ziyaretler-yapti","status":"publish","type":"post","link":"https:\/\/kibrisdakik.com\/?p=32009","title":{"rendered":"Meclis Ba\u015fkan\u0131 T\u00f6re \u0130skele\u2019de ziyaretler yapt\u0131"},"content":{"rendered":"<p><img decoding=\"async\" src=\"https:\/\/www.kibristurk.com\/images\/haberler\/2024\/03\/meclis-baskani-tore-iskelede-ziyaretler-yapti-1709306432.webp\" \/><\/p>\n<p style=\"text-align:left\"><span style=\"font-size:16px\"><span style=\"font-family:Merriweather,serif !important\"><span style=\"color:#000000\"><span style=\"background-color:#ffffff\">Cumhuriyet Meclisinden verilen bilgiye g\u00f6re, Zorlu T\u00f6re, \u0130skele Kaymakaml\u0131\u011f\u0131n\u0131, \u0130skele Polis M\u00fcd\u00fcrl\u00fc\u011f\u00fcn\u00fc, \u0130skele \u0130tfaiyesi ve \u0130skele Pazar Yeri&#8217;ni ziyaret etti.<\/span><\/span><\/span><\/span><\/p>\n<p style=\"text-align:left\"><span style=\"font-size:16px\"><span style=\"font-family:Merriweather,serif !important\"><span style=\"color:#000000\"><span style=\"background-color:#ffffff\">-\u0130skele Kaymakaml\u0131\u011f\u0131<\/span><\/span><\/span><\/span><\/p>\n<p style=\"text-align:left\"><span style=\"font-size:16px\"><span style=\"font-family:Merriweather,serif !important\"><span style=\"color:#000000\"><span style=\"background-color:#ffffff\">Zorlu T\u00f6re, \u0130skele Kaymakaml\u0131\u011f\u0131nda Kaymakam Ertu\u011frul Toroslu taraf\u0131ndan kar\u015f\u0131land\u0131. Kaymakam Toroslu, ziyaret nedeniyle T\u00f6re\u2019ye te\u015fekk\u00fcr etti ve y\u00fcr\u00fctt\u00fckleri faaliyetler hakk\u0131nda bilgi verdi.<\/span><\/span><\/span><\/span><\/p>\n<p style=\"text-align:left\"><span style=\"font-size:16px\"><span style=\"font-family:Merriweather,serif !important\"><span style=\"color:#000000\"><span style=\"background-color:#ffffff\">Cumhuriyet Meclisi Ba\u015fkan\u0131 Zorlu T\u00f6re \u0130skele\u2019nin geli\u015fen ve b\u00fcy\u00fcyen bir b\u00f6lge oldu\u011funu, ancak b\u00fcy\u00fcmenin beraberinde baz\u0131 sorunlar getirdi\u011fini belirtti. \u00d6nemli olan\u0131n devlet sahibi olmak oldu\u011funu ifade eden T\u00f6re, b\u00fct\u00fcn sorunlar\u0131n el birli\u011fi ile a\u015f\u0131labilece\u011fini kaydetti.<\/span><\/span><\/span><\/span><\/p>\n<p style=\"text-align:left\"><span style=\"font-size:16px\"><span style=\"font-family:Merriweather,serif !important\"><span style=\"color:#000000\"><span style=\"background-color:#ffffff\">G\u00f6r\u00fc\u015fmede b\u00f6lgede yap\u0131m\u0131 devam eden Kay\u0131p Otob\u00fcs An\u0131t\u0131 da g\u00fcndeme geldi. \u0130skele\u2019nin en \u00e7ok \u015fehit veren b\u00f6lge oldu\u011funa dikkati \u00e7eken T\u00f6re, b\u00fct\u00fcn \u015fehitleri rahmetle and\u0131 ve Kaymakam Toroslu nezdinde \u0130skele halk\u0131na esenlikler diledi.<\/span><\/span><\/span><\/span><\/p>\n<p style=\"text-align:left\"><span style=\"font-size:16px\"><span style=\"font-family:Merriweather,serif !important\"><span style=\"color:#000000\"><span style=\"background-color:#ffffff\">T\u00f6re, Kaymakaml\u0131k binas\u0131 i\u00e7erisinde bulunan \u0130skele Kaza Tapu Dairesini de ziyaret etti ve sorumlu Tamer Aylan\u00e7\u2019tan \u00e7al\u0131\u015fmalar hakk\u0131nda bilgi &nbsp;ald\u0131.<\/span><\/span><\/span><\/span><\/p>\n<p style=\"text-align:left\"><span style=\"font-size:16px\"><span style=\"font-family:Merriweather,serif !important\"><span style=\"color:#000000\"><span style=\"background-color:#ffffff\">-\u0130skele Polis M\u00fcd\u00fcrl\u00fc\u011f\u00fc ziyareti<\/span><\/span><\/span><\/span><\/p>\n<p style=\"text-align:left\"><span style=\"font-size:16px\"><span style=\"font-family:Merriweather,serif !important\"><span style=\"color:#000000\"><span style=\"background-color:#ffffff\">Cumhuriyet Meclisi Ba\u015fkan\u0131 Zorlu T\u00f6re, \u0130skele Polis M\u00fcd\u00fcrl\u00fc\u011f\u00fcnde \u0130skele Polis M\u00fcd\u00fcr\u00fc Erdal \u015eanl\u0131da\u011f taraf\u0131ndan kar\u015f\u0131land\u0131. T\u00f6re, birimleri ziyaret etti, personelle konu\u015ftu. \u0130skele Polis M\u00fcd\u00fcr\u00fc Erdal \u015eanl\u0131da\u011f, T\u00f6re ile g\u00f6r\u00fc\u015fmede yapt\u0131\u011f\u0131 konu\u015fmada ziyaretten ve Polis te\u015fkilat\u0131na verdi\u011fi destekten dolay\u0131 g\u00fc\u00e7 ald\u0131klar\u0131n\u0131 s\u00f6yledi.<\/span><\/span><\/span><\/span><\/p>\n<p style=\"text-align:left\"><span style=\"font-size:16px\"><span style=\"font-family:Merriweather,serif !important\"><span style=\"color:#000000\"><span style=\"background-color:#ffffff\">Cumhuriyet Meclisi Ba\u015fkan\u0131 Zorlu T\u00f6re, Polis te\u015fkilat\u0131n\u0131n halk\u0131n g\u00fcveni ve mutlu\u011fu i\u00e7in g\u00f6revde oldu\u011funu, Polisin son d\u00f6nemlerde ortaya koydu\u011fu ba\u015far\u0131n\u0131n \u00f6nemli oldu\u011funu s\u00f6yledi. Alkol tesiri alt\u0131nda ger\u00e7ekle\u015fen kazalara dikkati \u00e7eken T\u00f6re, polisin bu konuda denetimlerini artt\u0131rmas\u0131ndan dolay\u0131 da memnuniyet duydu\u011funu kaydetti.<\/span><\/span><\/span><\/span><\/p>\n<p style=\"text-align:left\"><span style=\"font-size:16px\"><span style=\"font-family:Merriweather,serif !important\"><span style=\"color:#000000\"><span style=\"background-color:#ffffff\">-Di\u011fer ziyaretler<\/span><\/span><\/span><\/span><\/p>\n<p style=\"text-align:left\"><span style=\"font-size:16px\"><span style=\"font-family:Merriweather,serif !important\"><span style=\"color:#000000\"><span style=\"background-color:#ffffff\">\u0130skele \u0130tfaiyesi ziyaretinde B\u00f6lge Amiri Tahir Bulak taraf\u0131ndan kar\u015f\u0131lanan T\u00f6re, itfaiye \u00e7al\u0131\u015fanlar\u0131na i\u015flerinde kolayl\u0131klar diledi. \u0130skele Pazar Yerini de ziyaretinde T\u00f6re, Pazardaki esnaf\u0131n sorunlar\u0131n\u0131 dinledi, vatanda\u015flarla sohbet etti.<\/span><\/span><\/span><\/span><\/p>\n","protected":false},"excerpt":{"rendered":"<p>Cumhuriyet Meclisinden verilen bilgiye g\u00f6re, Zorlu T\u00f6re, \u0130skele Kaymakaml\u0131\u011f\u0131n\u0131, \u0130skele Polis M\u00fcd\u00fcrl\u00fc\u011f\u00fcn\u00fc, \u0130skele \u0130tfaiyesi ve \u0130skele Pazar Yeri&#8217;ni ziyaret etti. -\u0130skele Kaymakaml\u0131\u011f\u0131 Zorlu T\u00f6re, \u0130skele Kaymakaml\u0131\u011f\u0131nda Kaymakam Ertu\u011frul Toroslu taraf\u0131ndan kar\u015f\u0131land\u0131. Kaymakam Toroslu, ziyaret nedeniyle T\u00f6re\u2019ye te\u015fekk\u00fcr etti ve y\u00fcr\u00fctt\u00fckleri faaliyetler hakk\u0131nda bilgi verdi. Cumhuriyet Meclisi Ba\u015fkan\u0131 Zorlu T\u00f6re \u0130skele\u2019nin geli\u015fen ve b\u00fcy\u00fcyen bir b\u00f6lge<\/p>\n","protected":false},"author":1,"featured_media":32010,"comment_status":"open","ping_status":"open","sticky":false,"template":"","format":"standard","meta":{"footnotes":""},"categories":[79],"tags":[],"class_list":["post-32009","post","type-post","status-publish","format-standard","has-post-thumbnail","hentry","category-ekonomi"],"yoast_head":"<!-- This site is optimized with the Yoast SEO plugin v27.5 - https:\/\/yoast.com\/product\/yoast-seo-wordpress\/ -->\n<title>Meclis Ba\u015fkan\u0131 T\u00f6re \u0130skele\u2019de ziyaretler yapt\u0131 -<\/title>\n<meta name=\"robots\" content=\"index, follow, max-snippet:-1, max-image-preview:large, max-video-preview:-1\" \/>\n<link rel=\"canonical\" href=\"https:\/\/kibrisdakik.com\/?p=32009\" \/>\n<meta property=\"og:locale\" content=\"tr_TR\" \/>\n<meta property=\"og:type\" content=\"article\" \/>\n<meta property=\"og:title\" content=\"Meclis Ba\u015fkan\u0131 T\u00f6re \u0130skele\u2019de ziyaretler yapt\u0131 -\" \/>\n<meta property=\"og:description\" content=\"Cumhuriyet Meclisinden verilen bilgiye g\u00f6re, Zorlu T\u00f6re, \u0130skele Kaymakaml\u0131\u011f\u0131n\u0131, \u0130skele Polis M\u00fcd\u00fcrl\u00fc\u011f\u00fcn\u00fc, \u0130skele \u0130tfaiyesi ve \u0130skele Pazar Yeri&#8217;ni ziyaret etti. -\u0130skele Kaymakaml\u0131\u011f\u0131 Zorlu T\u00f6re, \u0130skele Kaymakaml\u0131\u011f\u0131nda Kaymakam Ertu\u011frul Toroslu taraf\u0131ndan kar\u015f\u0131land\u0131. Kaymakam Toroslu, ziyaret nedeniyle T\u00f6re\u2019ye te\u015fekk\u00fcr etti ve y\u00fcr\u00fctt\u00fckleri faaliyetler hakk\u0131nda bilgi verdi. Cumhuriyet Meclisi Ba\u015fkan\u0131 Zorlu T\u00f6re \u0130skele\u2019nin geli\u015fen ve b\u00fcy\u00fcyen bir b\u00f6lge\" \/>\n<meta property=\"og:url\" content=\"https:\/\/kibrisdakik.com\/?p=32009\" \/>\n<meta property=\"article:published_time\" content=\"2024-03-01T15:30:21+00:00\" \/>\n<meta property=\"og:image\" content=\"https:\/\/kibrisdakik.com\/wp-content\/uploads\/2024\/03\/meclis-baskani-tore-iskelede-ziyaretler-yapti-1709306432.webp.webp\" \/>\n\t<meta property=\"og:image:width\" content=\"710\" \/>\n\t<meta property=\"og:image:height\" content=\"370\" \/>\n\t<meta property=\"og:image:type\" content=\"image\/webp\" \/>\n<meta name=\"author\" content=\"admin\" \/>\n<meta name=\"twitter:card\" content=\"summary_large_image\" \/>\n<meta name=\"twitter:label1\" content=\"Yazan:\" \/>\n\t<meta name=\"twitter:data1\" content=\"admin\" \/>\n\t<meta name=\"twitter:label2\" content=\"Tahmini okuma s\u00fcresi\" \/>\n\t<meta name=\"twitter:data2\" content=\"2 dakika\" \/>\n<script type=\"application\/ld+json\" class=\"yoast-schema-graph\">{\"@context\":\"https:\\\/\\\/schema.org\",\"@graph\":[{\"@type\":\"Article\",\"@id\":\"https:\\\/\\\/kibrisdakik.com\\\/?p=32009#article\",\"isPartOf\":{\"@id\":\"https:\\\/\\\/kibrisdakik.com\\\/?p=32009\"},\"author\":{\"name\":\"admin\",\"@id\":\"https:\\\/\\\/kibrisdakik.com\\\/#\\\/schema\\\/person\\\/9cd9d437bbb44f72b73ba127e06d8e79\"},\"headline\":\"Meclis Ba\u015fkan\u0131 T\u00f6re \u0130skele\u2019de ziyaretler yapt\u0131\",\"datePublished\":\"2024-03-01T15:30:21+00:00\",\"mainEntityOfPage\":{\"@id\":\"https:\\\/\\\/kibrisdakik.com\\\/?p=32009\"},\"wordCount\":385,\"commentCount\":0,\"image\":{\"@id\":\"https:\\\/\\\/kibrisdakik.com\\\/?p=32009#primaryimage\"},\"thumbnailUrl\":\"https:\\\/\\\/kibrisdakik.com\\\/wp-content\\\/uploads\\\/2024\\\/03\\\/meclis-baskani-tore-iskelede-ziyaretler-yapti-1709306432.webp.webp\",\"articleSection\":[\"Ekonomi\"],\"inLanguage\":\"tr\",\"potentialAction\":[{\"@type\":\"CommentAction\",\"name\":\"Comment\",\"target\":[\"https:\\\/\\\/kibrisdakik.com\\\/?p=32009#respond\"]}]},{\"@type\":\"WebPage\",\"@id\":\"https:\\\/\\\/kibrisdakik.com\\\/?p=32009\",\"url\":\"https:\\\/\\\/kibrisdakik.com\\\/?p=32009\",\"name\":\"Meclis Ba\u015fkan\u0131 T\u00f6re \u0130skele\u2019de ziyaretler yapt\u0131 -\",\"isPartOf\":{\"@id\":\"https:\\\/\\\/kibrisdakik.com\\\/#website\"},\"primaryImageOfPage\":{\"@id\":\"https:\\\/\\\/kibrisdakik.com\\\/?p=32009#primaryimage\"},\"image\":{\"@id\":\"https:\\\/\\\/kibrisdakik.com\\\/?p=32009#primaryimage\"},\"thumbnailUrl\":\"https:\\\/\\\/kibrisdakik.com\\\/wp-content\\\/uploads\\\/2024\\\/03\\\/meclis-baskani-tore-iskelede-ziyaretler-yapti-1709306432.webp.webp\",\"datePublished\":\"2024-03-01T15:30:21+00:00\",\"author\":{\"@id\":\"https:\\\/\\\/kibrisdakik.com\\\/#\\\/schema\\\/person\\\/9cd9d437bbb44f72b73ba127e06d8e79\"},\"breadcrumb\":{\"@id\":\"https:\\\/\\\/kibrisdakik.com\\\/?p=32009#breadcrumb\"},\"inLanguage\":\"tr\",\"potentialAction\":[{\"@type\":\"ReadAction\",\"target\":[\"https:\\\/\\\/kibrisdakik.com\\\/?p=32009\"]}]},{\"@type\":\"ImageObject\",\"inLanguage\":\"tr\",\"@id\":\"https:\\\/\\\/kibrisdakik.com\\\/?p=32009#primaryimage\",\"url\":\"https:\\\/\\\/kibrisdakik.com\\\/wp-content\\\/uploads\\\/2024\\\/03\\\/meclis-baskani-tore-iskelede-ziyaretler-yapti-1709306432.webp.webp\",\"contentUrl\":\"https:\\\/\\\/kibrisdakik.com\\\/wp-content\\\/uploads\\\/2024\\\/03\\\/meclis-baskani-tore-iskelede-ziyaretler-yapti-1709306432.webp.webp\",\"width\":710,\"height\":370},{\"@type\":\"BreadcrumbList\",\"@id\":\"https:\\\/\\\/kibrisdakik.com\\\/?p=32009#breadcrumb\",\"itemListElement\":[{\"@type\":\"ListItem\",\"position\":1,\"name\":\"Home\",\"item\":\"https:\\\/\\\/kibrisdakik.com\\\/\"},{\"@type\":\"ListItem\",\"position\":2,\"name\":\"Meclis Ba\u015fkan\u0131 T\u00f6re \u0130skele\u2019de ziyaretler yapt\u0131\"}]},{\"@type\":\"WebSite\",\"@id\":\"https:\\\/\\\/kibrisdakik.com\\\/#website\",\"url\":\"https:\\\/\\\/kibrisdakik.com\\\/\",\"name\":\"\",\"description\":\"Tam vaktinde haber\",\"potentialAction\":[{\"@type\":\"SearchAction\",\"target\":{\"@type\":\"EntryPoint\",\"urlTemplate\":\"https:\\\/\\\/kibrisdakik.com\\\/?s={search_term_string}\"},\"query-input\":{\"@type\":\"PropertyValueSpecification\",\"valueRequired\":true,\"valueName\":\"search_term_string\"}}],\"inLanguage\":\"tr\"},{\"@type\":\"Person\",\"@id\":\"https:\\\/\\\/kibrisdakik.com\\\/#\\\/schema\\\/person\\\/9cd9d437bbb44f72b73ba127e06d8e79\",\"name\":\"admin\",\"image\":{\"@type\":\"ImageObject\",\"inLanguage\":\"tr\",\"@id\":\"https:\\\/\\\/secure.gravatar.com\\\/avatar\\\/ccc17943b9d660506c869530f897617f7cb1c21a4bf30023f252596d83e1f007?s=96&d=mm&r=g\",\"url\":\"https:\\\/\\\/secure.gravatar.com\\\/avatar\\\/ccc17943b9d660506c869530f897617f7cb1c21a4bf30023f252596d83e1f007?s=96&d=mm&r=g\",\"contentUrl\":\"https:\\\/\\\/secure.gravatar.com\\\/avatar\\\/ccc17943b9d660506c869530f897617f7cb1c21a4bf30023f252596d83e1f007?s=96&d=mm&r=g\",\"caption\":\"admin\"},\"sameAs\":[\"https:\\\/\\\/kibrisdakik.com\"],\"url\":\"https:\\\/\\\/kibrisdakik.com\\\/?author=1\"}]}<\/script>\n<!-- \/ Yoast SEO plugin. -->","yoast_head_json":{"title":"Meclis Ba\u015fkan\u0131 T\u00f6re \u0130skele\u2019de ziyaretler yapt\u0131 -","robots":{"index":"index","follow":"follow","max-snippet":"max-snippet:-1","max-image-preview":"max-image-preview:large","max-video-preview":"max-video-preview:-1"},"canonical":"https:\/\/kibrisdakik.com\/?p=32009","og_locale":"tr_TR","og_type":"article","og_title":"Meclis Ba\u015fkan\u0131 T\u00f6re \u0130skele\u2019de ziyaretler yapt\u0131 -","og_description":"Cumhuriyet Meclisinden verilen bilgiye g\u00f6re, Zorlu T\u00f6re, \u0130skele Kaymakaml\u0131\u011f\u0131n\u0131, \u0130skele Polis M\u00fcd\u00fcrl\u00fc\u011f\u00fcn\u00fc, \u0130skele \u0130tfaiyesi ve \u0130skele Pazar Yeri&#8217;ni ziyaret etti. -\u0130skele Kaymakaml\u0131\u011f\u0131 Zorlu T\u00f6re, \u0130skele Kaymakaml\u0131\u011f\u0131nda Kaymakam Ertu\u011frul Toroslu taraf\u0131ndan kar\u015f\u0131land\u0131. Kaymakam Toroslu, ziyaret nedeniyle T\u00f6re\u2019ye te\u015fekk\u00fcr etti ve y\u00fcr\u00fctt\u00fckleri faaliyetler hakk\u0131nda bilgi verdi. Cumhuriyet Meclisi Ba\u015fkan\u0131 Zorlu T\u00f6re \u0130skele\u2019nin geli\u015fen ve b\u00fcy\u00fcyen bir b\u00f6lge","og_url":"https:\/\/kibrisdakik.com\/?p=32009","article_published_time":"2024-03-01T15:30:21+00:00","og_image":[{"width":710,"height":370,"url":"https:\/\/kibrisdakik.com\/wp-content\/uploads\/2024\/03\/meclis-baskani-tore-iskelede-ziyaretler-yapti-1709306432.webp.webp","type":"image\/webp"}],"author":"admin","twitter_card":"summary_large_image","twitter_misc":{"Yazan:":"admin","Tahmini okuma s\u00fcresi":"2 dakika"},"schema":{"@context":"https:\/\/schema.org","@graph":[{"@type":"Article","@id":"https:\/\/kibrisdakik.com\/?p=32009#article","isPartOf":{"@id":"https:\/\/kibrisdakik.com\/?p=32009"},"author":{"name":"admin","@id":"https:\/\/kibrisdakik.com\/#\/schema\/person\/9cd9d437bbb44f72b73ba127e06d8e79"},"headline":"Meclis Ba\u015fkan\u0131 T\u00f6re \u0130skele\u2019de ziyaretler yapt\u0131","datePublished":"2024-03-01T15:30:21+00:00","mainEntityOfPage":{"@id":"https:\/\/kibrisdakik.com\/?p=32009"},"wordCount":385,"commentCount":0,"image":{"@id":"https:\/\/kibrisdakik.com\/?p=32009#primaryimage"},"thumbnailUrl":"https:\/\/kibrisdakik.com\/wp-content\/uploads\/2024\/03\/meclis-baskani-tore-iskelede-ziyaretler-yapti-1709306432.webp.webp","articleSection":["Ekonomi"],"inLanguage":"tr","potentialAction":[{"@type":"CommentAction","name":"Comment","target":["https:\/\/kibrisdakik.com\/?p=32009#respond"]}]},{"@type":"WebPage","@id":"https:\/\/kibrisdakik.com\/?p=32009","url":"https:\/\/kibrisdakik.com\/?p=32009","name":"Meclis Ba\u015fkan\u0131 T\u00f6re \u0130skele\u2019de ziyaretler yapt\u0131 -","isPartOf":{"@id":"https:\/\/kibrisdakik.com\/#website"},"primaryImageOfPage":{"@id":"https:\/\/kibrisdakik.com\/?p=32009#primaryimage"},"image":{"@id":"https:\/\/kibrisdakik.com\/?p=32009#primaryimage"},"thumbnailUrl":"https:\/\/kibrisdakik.com\/wp-content\/uploads\/2024\/03\/meclis-baskani-tore-iskelede-ziyaretler-yapti-1709306432.webp.webp","datePublished":"2024-03-01T15:30:21+00:00","author":{"@id":"https:\/\/kibrisdakik.com\/#\/schema\/person\/9cd9d437bbb44f72b73ba127e06d8e79"},"breadcrumb":{"@id":"https:\/\/kibrisdakik.com\/?p=32009#breadcrumb"},"inLanguage":"tr","potentialAction":[{"@type":"ReadAction","target":["https:\/\/kibrisdakik.com\/?p=32009"]}]},{"@type":"ImageObject","inLanguage":"tr","@id":"https:\/\/kibrisdakik.com\/?p=32009#primaryimage","url":"https:\/\/kibrisdakik.com\/wp-content\/uploads\/2024\/03\/meclis-baskani-tore-iskelede-ziyaretler-yapti-1709306432.webp.webp","contentUrl":"https:\/\/kibrisdakik.com\/wp-content\/uploads\/2024\/03\/meclis-baskani-tore-iskelede-ziyaretler-yapti-1709306432.webp.webp","width":710,"height":370},{"@type":"BreadcrumbList","@id":"https:\/\/kibrisdakik.com\/?p=32009#breadcrumb","itemListElement":[{"@type":"ListItem","position":1,"name":"Home","item":"https:\/\/kibrisdakik.com\/"},{"@type":"ListItem","position":2,"name":"Meclis Ba\u015fkan\u0131 T\u00f6re \u0130skele\u2019de ziyaretler yapt\u0131"}]},{"@type":"WebSite","@id":"https:\/\/kibrisdakik.com\/#website","url":"https:\/\/kibrisdakik.com\/","name":"","description":"Tam vaktinde haber","potentialAction":[{"@type":"SearchAction","target":{"@type":"EntryPoint","urlTemplate":"https:\/\/kibrisdakik.com\/?s={search_term_string}"},"query-input":{"@type":"PropertyValueSpecification","valueRequired":true,"valueName":"search_term_string"}}],"inLanguage":"tr"},{"@type":"Person","@id":"https:\/\/kibrisdakik.com\/#\/schema\/person\/9cd9d437bbb44f72b73ba127e06d8e79","name":"admin","image":{"@type":"ImageObject","inLanguage":"tr","@id":"https:\/\/secure.gravatar.com\/avatar\/ccc17943b9d660506c869530f897617f7cb1c21a4bf30023f252596d83e1f007?s=96&d=mm&r=g","url":"https:\/\/secure.gravatar.com\/avatar\/ccc17943b9d660506c869530f897617f7cb1c21a4bf30023f252596d83e1f007?s=96&d=mm&r=g","contentUrl":"https:\/\/secure.gravatar.com\/avatar\/ccc17943b9d660506c869530f897617f7cb1c21a4bf30023f252596d83e1f007?s=96&d=mm&r=g","caption":"admin"},"sameAs":["https:\/\/kibrisdakik.com"],"url":"https:\/\/kibrisdakik.com\/?author=1"}]}},"_links":{"self":[{"href":"https:\/\/kibrisdakik.com\/index.php?rest_route=\/wp\/v2\/posts\/32009","targetHints":{"allow":["GET"]}}],"collection":[{"href":"https:\/\/kibrisdakik.com\/index.php?rest_route=\/wp\/v2\/posts"}],"about":[{"href":"https:\/\/kibrisdakik.com\/index.php?rest_route=\/wp\/v2\/types\/post"}],"author":[{"embeddable":true,"href":"https:\/\/kibrisdakik.com\/index.php?rest_route=\/wp\/v2\/users\/1"}],"replies":[{"embeddable":true,"href":"https:\/\/kibrisdakik.com\/index.php?rest_route=%2Fwp%2Fv2%2Fcomments&post=32009"}],"version-history":[{"count":0,"href":"https:\/\/kibrisdakik.com\/index.php?rest_route=\/wp\/v2\/posts\/32009\/revisions"}],"wp:featuredmedia":[{"embeddable":true,"href":"https:\/\/kibrisdakik.com\/index.php?rest_route=\/wp\/v2\/media\/32010"}],"wp:attachment":[{"href":"https:\/\/kibrisdakik.com\/index.php?rest_route=%2Fwp%2Fv2%2Fmedia&parent=32009"}],"wp:term":[{"taxonomy":"category","embeddable":true,"href":"https:\/\/kibrisdakik.com\/index.php?rest_route=%2Fwp%2Fv2%2Fcategories&post=32009"},{"taxonomy":"post_tag","embeddable":true,"href":"https:\/\/kibrisdakik.com\/index.php?rest_route=%2Fwp%2Fv2%2Ftags&post=32009"}],"curies":[{"name":"wp","href":"https:\/\/api.w.org\/{rel}","templated":true}]}}