{"id":32035,"date":"2024-03-01T18:28:18","date_gmt":"2024-03-01T18:28:18","guid":{"rendered":"https:\/\/kibrisdakik.com\/index.php\/2024\/03\/01\/cumhurbaskani-erdogan-orbanla-gorustu\/"},"modified":"2024-03-01T18:28:18","modified_gmt":"2024-03-01T18:28:18","slug":"cumhurbaskani-erdogan-orbanla-gorustu","status":"publish","type":"post","link":"https:\/\/kibrisdakik.com\/?p=32035","title":{"rendered":"Cumhurba\u015fkan\u0131 Erdo\u011fan, Orban&#039;la g\u00f6r\u00fc\u015ft\u00fc"},"content":{"rendered":"<p><\/p>\n<p>Cumhurba\u015fkan\u0131 Recep Tayyip Erdo\u011fan&#8217;\u0131n Antalya&#8217;da yo\u011fun diplomasi trafi\u011fi s\u00fcr\u00fcyor. Antalya&#8217;da pe\u015f pe\u015fe g\u00f6r\u00fc\u015fmeler ger\u00e7ekle\u015ftiren Cumhurba\u015fkan\u0131 Erdo\u011fan en son olarak Macaristan Ba\u015fbakan\u0131 Viktor Orban\u2019\u0131 kabul etti.<\/p>\n<p>Erdo\u011fan&#8217;\u0131n, Antalya Diplomasi Forumu&#8217;ndaki ikili temaslar\u0131 kapsam\u0131nda ger\u00e7ekle\u015fen kabulde, T\u00fcrkiye-Macaristan ili\u015fkileri, \u0130srail\u2019in Filistin halk\u0131na y\u00f6nelik sald\u0131r\u0131lar\u0131, Ukrayna-Rusya sava\u015f\u0131ndaki son durum, T\u00fcrkiye-Avrupa Birli\u011fi ili\u015fkileri ve NATO\u2019nun geni\u015fleme s\u00fcreci ele al\u0131nd\u0131.<\/p>\n<h3>&#8220;F\u0130L\u0130ST\u0130N G\u00d6RMEZDEN GEL\u0130NMEMEL\u0130&#8221;<\/h3>\n<p>Cumhurba\u015fkan\u0131 Erdo\u011fan, g\u00f6r\u00fc\u015fmede, T\u00fcrkiye ile Macaristan aras\u0131nda ekonomiden savunma sanayiine, enerjiden ula\u015ft\u0131rmaya kadar bir\u00e7ok alanda iyi ili\u015fkilerin artarak devam edece\u011fini s\u00f6yledi. Erdo\u011fan, \u0130srail&#8217;in uluslararas\u0131 hukuku, insan haklar\u0131n\u0131 hi\u00e7e sayarak ortaya koydu\u011fu soyk\u0131r\u0131m giri\u015fiminin engellenmesinin t\u00fcm \u00fclkelerin sorumlulu\u011fu oldu\u011funu, art\u0131k \u0130srail taraf\u0131ndan g\u00f6z g\u00f6re g\u00f6re yok edilen masum Filistin halk\u0131n\u0131n \u00e7\u0131\u011fl\u0131\u011f\u0131n\u0131n g\u00f6rmezden gelinmemesi gerekti\u011fini ifade etti.<\/p>\n<p><img decoding=\"async\" alt=\"Cumhurba\u015fkan\u0131 Erdo\u011fan, Orban'la g\u00f6r\u00fc\u015ft\u00fc - 1. Resim\" src=\"https:\/\/i.tgrthaber.com.tr\/images\/haberler\/24-03\/01\/cumhurbaskani-erdogan-orbanla-gorustu-1709313463371_1.jpg\" title=\"Cumhurba\u015fkan\u0131 Erdo\u011fan, Orban'la g\u00f6r\u00fc\u015ft\u00fc\" \/><\/p>\n<p>Cumhurba\u015fkan\u0131 Erdo\u011fan, T\u00fcrkiye&#8217;nin t\u00fcm \u00e7at\u0131\u015fma alanlar\u0131nda bar\u0131\u015ftan yana oldu\u011funu ve bunun i\u00e7in g\u00fc\u00e7l\u00fc ad\u0131mlar at\u0131lmaya devam edilece\u011fini ortaya koydu.<\/p>\n<p>Kabulde, K\u00fclt\u00fcr ve Turizm Bakan\u0131 Mehmet Nuri Ersoy, Milli Savunma Bakan\u0131 Ya\u015far G\u00fcler, M\u0130T Ba\u015fkan\u0131 \u0130brahim Kal\u0131n, Cumhurba\u015fkanl\u0131\u011f\u0131 \u0130leti\u015fim Ba\u015fkan\u0131 Fahrettin Altun, Cumhurba\u015fkan\u0131 D\u0131\u015f Politika ve G\u00fcvenlik Ba\u015fdan\u0131\u015fman\u0131 Akif \u00c7a\u011fatay K\u0131l\u0131\u00e7 ve T\u00fcrkiye&#8217;nin Budape\u015fte B\u00fcy\u00fckel\u00e7isi G\u00fcl\u015fen Karanis de haz\u0131r bulundu.<\/p>\n","protected":false},"excerpt":{"rendered":"<p>Cumhurba\u015fkan\u0131 Recep Tayyip Erdo\u011fan&#8217;\u0131n Antalya&#8217;da yo\u011fun diplomasi trafi\u011fi s\u00fcr\u00fcyor. Antalya&#8217;da pe\u015f pe\u015fe g\u00f6r\u00fc\u015fmeler ger\u00e7ekle\u015ftiren Cumhurba\u015fkan\u0131 Erdo\u011fan en son olarak Macaristan Ba\u015fbakan\u0131 Viktor Orban\u2019\u0131 kabul etti. Erdo\u011fan&#8217;\u0131n, Antalya Diplomasi Forumu&#8217;ndaki ikili temaslar\u0131 kapsam\u0131nda ger\u00e7ekle\u015fen kabulde, T\u00fcrkiye-Macaristan ili\u015fkileri, \u0130srail\u2019in Filistin halk\u0131na y\u00f6nelik sald\u0131r\u0131lar\u0131, Ukrayna-Rusya sava\u015f\u0131ndaki son durum, T\u00fcrkiye-Avrupa Birli\u011fi ili\u015fkileri ve NATO\u2019nun geni\u015fleme s\u00fcreci ele al\u0131nd\u0131. &#8220;F\u0130L\u0130ST\u0130N<\/p>\n","protected":false},"author":1,"featured_media":32036,"comment_status":"open","ping_status":"open","sticky":false,"template":"","format":"standard","meta":{"footnotes":""},"categories":[85],"tags":[],"class_list":["post-32035","post","type-post","status-publish","format-standard","has-post-thumbnail","hentry","category-spor"],"yoast_head":"<!-- This site is optimized with the Yoast SEO plugin v27.4 - https:\/\/yoast.com\/product\/yoast-seo-wordpress\/ -->\n<title>Cumhurba\u015fkan\u0131 Erdo\u011fan, Orban&#039;la g\u00f6r\u00fc\u015ft\u00fc -<\/title>\n<meta name=\"robots\" content=\"index, follow, max-snippet:-1, max-image-preview:large, max-video-preview:-1\" \/>\n<link rel=\"canonical\" href=\"https:\/\/kibrisdakik.com\/?p=32035\" \/>\n<meta property=\"og:locale\" content=\"tr_TR\" \/>\n<meta property=\"og:type\" content=\"article\" \/>\n<meta property=\"og:title\" content=\"Cumhurba\u015fkan\u0131 Erdo\u011fan, Orban&#039;la g\u00f6r\u00fc\u015ft\u00fc -\" \/>\n<meta property=\"og:description\" content=\"Cumhurba\u015fkan\u0131 Recep Tayyip Erdo\u011fan&#8217;\u0131n Antalya&#8217;da yo\u011fun diplomasi trafi\u011fi s\u00fcr\u00fcyor. Antalya&#8217;da pe\u015f pe\u015fe g\u00f6r\u00fc\u015fmeler ger\u00e7ekle\u015ftiren Cumhurba\u015fkan\u0131 Erdo\u011fan en son olarak Macaristan Ba\u015fbakan\u0131 Viktor Orban\u2019\u0131 kabul etti. Erdo\u011fan&#8217;\u0131n, Antalya Diplomasi Forumu&#8217;ndaki ikili temaslar\u0131 kapsam\u0131nda ger\u00e7ekle\u015fen kabulde, T\u00fcrkiye-Macaristan ili\u015fkileri, \u0130srail\u2019in Filistin halk\u0131na y\u00f6nelik sald\u0131r\u0131lar\u0131, Ukrayna-Rusya sava\u015f\u0131ndaki son durum, T\u00fcrkiye-Avrupa Birli\u011fi ili\u015fkileri ve NATO\u2019nun geni\u015fleme s\u00fcreci ele al\u0131nd\u0131. &#8220;F\u0130L\u0130ST\u0130N\" \/>\n<meta property=\"og:url\" content=\"https:\/\/kibrisdakik.com\/?p=32035\" \/>\n<meta property=\"article:published_time\" content=\"2024-03-01T18:28:18+00:00\" \/>\n<meta property=\"og:image\" content=\"https:\/\/kibrisdakik.com\/wp-content\/uploads\/2024\/03\/cumhurbaskani-erdogan-orbanla-gorustu-1709313463371_1.jpg\" \/>\n\t<meta property=\"og:image:width\" content=\"1280\" \/>\n\t<meta property=\"og:image:height\" content=\"828\" \/>\n\t<meta property=\"og:image:type\" content=\"image\/jpeg\" \/>\n<meta name=\"author\" content=\"admin\" \/>\n<meta name=\"twitter:card\" content=\"summary_large_image\" \/>\n<meta name=\"twitter:label1\" content=\"Yazan:\" \/>\n\t<meta name=\"twitter:data1\" content=\"admin\" \/>\n\t<meta name=\"twitter:label2\" content=\"Tahmini okuma s\u00fcresi\" \/>\n\t<meta name=\"twitter:data2\" content=\"1 dakika\" \/>\n<script type=\"application\/ld+json\" class=\"yoast-schema-graph\">{\"@context\":\"https:\\\/\\\/schema.org\",\"@graph\":[{\"@type\":\"Article\",\"@id\":\"https:\\\/\\\/kibrisdakik.com\\\/?p=32035#article\",\"isPartOf\":{\"@id\":\"https:\\\/\\\/kibrisdakik.com\\\/?p=32035\"},\"author\":{\"name\":\"admin\",\"@id\":\"https:\\\/\\\/kibrisdakik.com\\\/#\\\/schema\\\/person\\\/9cd9d437bbb44f72b73ba127e06d8e79\"},\"headline\":\"Cumhurba\u015fkan\u0131 Erdo\u011fan, Orban&#039;la g\u00f6r\u00fc\u015ft\u00fc\",\"datePublished\":\"2024-03-01T18:28:18+00:00\",\"mainEntityOfPage\":{\"@id\":\"https:\\\/\\\/kibrisdakik.com\\\/?p=32035\"},\"wordCount\":290,\"commentCount\":0,\"image\":{\"@id\":\"https:\\\/\\\/kibrisdakik.com\\\/?p=32035#primaryimage\"},\"thumbnailUrl\":\"https:\\\/\\\/kibrisdakik.com\\\/wp-content\\\/uploads\\\/2024\\\/03\\\/cumhurbaskani-erdogan-orbanla-gorustu-1709313463371_1.jpg\",\"articleSection\":[\"Spor\"],\"inLanguage\":\"tr\",\"potentialAction\":[{\"@type\":\"CommentAction\",\"name\":\"Comment\",\"target\":[\"https:\\\/\\\/kibrisdakik.com\\\/?p=32035#respond\"]}]},{\"@type\":\"WebPage\",\"@id\":\"https:\\\/\\\/kibrisdakik.com\\\/?p=32035\",\"url\":\"https:\\\/\\\/kibrisdakik.com\\\/?p=32035\",\"name\":\"Cumhurba\u015fkan\u0131 Erdo\u011fan, Orban&#039;la g\u00f6r\u00fc\u015ft\u00fc -\",\"isPartOf\":{\"@id\":\"https:\\\/\\\/kibrisdakik.com\\\/#website\"},\"primaryImageOfPage\":{\"@id\":\"https:\\\/\\\/kibrisdakik.com\\\/?p=32035#primaryimage\"},\"image\":{\"@id\":\"https:\\\/\\\/kibrisdakik.com\\\/?p=32035#primaryimage\"},\"thumbnailUrl\":\"https:\\\/\\\/kibrisdakik.com\\\/wp-content\\\/uploads\\\/2024\\\/03\\\/cumhurbaskani-erdogan-orbanla-gorustu-1709313463371_1.jpg\",\"datePublished\":\"2024-03-01T18:28:18+00:00\",\"author\":{\"@id\":\"https:\\\/\\\/kibrisdakik.com\\\/#\\\/schema\\\/person\\\/9cd9d437bbb44f72b73ba127e06d8e79\"},\"breadcrumb\":{\"@id\":\"https:\\\/\\\/kibrisdakik.com\\\/?p=32035#breadcrumb\"},\"inLanguage\":\"tr\",\"potentialAction\":[{\"@type\":\"ReadAction\",\"target\":[\"https:\\\/\\\/kibrisdakik.com\\\/?p=32035\"]}]},{\"@type\":\"ImageObject\",\"inLanguage\":\"tr\",\"@id\":\"https:\\\/\\\/kibrisdakik.com\\\/?p=32035#primaryimage\",\"url\":\"https:\\\/\\\/kibrisdakik.com\\\/wp-content\\\/uploads\\\/2024\\\/03\\\/cumhurbaskani-erdogan-orbanla-gorustu-1709313463371_1.jpg\",\"contentUrl\":\"https:\\\/\\\/kibrisdakik.com\\\/wp-content\\\/uploads\\\/2024\\\/03\\\/cumhurbaskani-erdogan-orbanla-gorustu-1709313463371_1.jpg\",\"width\":1280,\"height\":828},{\"@type\":\"BreadcrumbList\",\"@id\":\"https:\\\/\\\/kibrisdakik.com\\\/?p=32035#breadcrumb\",\"itemListElement\":[{\"@type\":\"ListItem\",\"position\":1,\"name\":\"Home\",\"item\":\"https:\\\/\\\/kibrisdakik.com\\\/\"},{\"@type\":\"ListItem\",\"position\":2,\"name\":\"Cumhurba\u015fkan\u0131 Erdo\u011fan, Orban&#039;la g\u00f6r\u00fc\u015ft\u00fc\"}]},{\"@type\":\"WebSite\",\"@id\":\"https:\\\/\\\/kibrisdakik.com\\\/#website\",\"url\":\"https:\\\/\\\/kibrisdakik.com\\\/\",\"name\":\"\",\"description\":\"Tam vaktinde haber\",\"potentialAction\":[{\"@type\":\"SearchAction\",\"target\":{\"@type\":\"EntryPoint\",\"urlTemplate\":\"https:\\\/\\\/kibrisdakik.com\\\/?s={search_term_string}\"},\"query-input\":{\"@type\":\"PropertyValueSpecification\",\"valueRequired\":true,\"valueName\":\"search_term_string\"}}],\"inLanguage\":\"tr\"},{\"@type\":\"Person\",\"@id\":\"https:\\\/\\\/kibrisdakik.com\\\/#\\\/schema\\\/person\\\/9cd9d437bbb44f72b73ba127e06d8e79\",\"name\":\"admin\",\"image\":{\"@type\":\"ImageObject\",\"inLanguage\":\"tr\",\"@id\":\"https:\\\/\\\/secure.gravatar.com\\\/avatar\\\/ccc17943b9d660506c869530f897617f7cb1c21a4bf30023f252596d83e1f007?s=96&d=mm&r=g\",\"url\":\"https:\\\/\\\/secure.gravatar.com\\\/avatar\\\/ccc17943b9d660506c869530f897617f7cb1c21a4bf30023f252596d83e1f007?s=96&d=mm&r=g\",\"contentUrl\":\"https:\\\/\\\/secure.gravatar.com\\\/avatar\\\/ccc17943b9d660506c869530f897617f7cb1c21a4bf30023f252596d83e1f007?s=96&d=mm&r=g\",\"caption\":\"admin\"},\"sameAs\":[\"https:\\\/\\\/kibrisdakik.com\"],\"url\":\"https:\\\/\\\/kibrisdakik.com\\\/?author=1\"}]}<\/script>\n<!-- \/ Yoast SEO plugin. -->","yoast_head_json":{"title":"Cumhurba\u015fkan\u0131 Erdo\u011fan, Orban&#039;la g\u00f6r\u00fc\u015ft\u00fc -","robots":{"index":"index","follow":"follow","max-snippet":"max-snippet:-1","max-image-preview":"max-image-preview:large","max-video-preview":"max-video-preview:-1"},"canonical":"https:\/\/kibrisdakik.com\/?p=32035","og_locale":"tr_TR","og_type":"article","og_title":"Cumhurba\u015fkan\u0131 Erdo\u011fan, Orban&#039;la g\u00f6r\u00fc\u015ft\u00fc -","og_description":"Cumhurba\u015fkan\u0131 Recep Tayyip Erdo\u011fan&#8217;\u0131n Antalya&#8217;da yo\u011fun diplomasi trafi\u011fi s\u00fcr\u00fcyor. Antalya&#8217;da pe\u015f pe\u015fe g\u00f6r\u00fc\u015fmeler ger\u00e7ekle\u015ftiren Cumhurba\u015fkan\u0131 Erdo\u011fan en son olarak Macaristan Ba\u015fbakan\u0131 Viktor Orban\u2019\u0131 kabul etti. Erdo\u011fan&#8217;\u0131n, Antalya Diplomasi Forumu&#8217;ndaki ikili temaslar\u0131 kapsam\u0131nda ger\u00e7ekle\u015fen kabulde, T\u00fcrkiye-Macaristan ili\u015fkileri, \u0130srail\u2019in Filistin halk\u0131na y\u00f6nelik sald\u0131r\u0131lar\u0131, Ukrayna-Rusya sava\u015f\u0131ndaki son durum, T\u00fcrkiye-Avrupa Birli\u011fi ili\u015fkileri ve NATO\u2019nun geni\u015fleme s\u00fcreci ele al\u0131nd\u0131. &#8220;F\u0130L\u0130ST\u0130N","og_url":"https:\/\/kibrisdakik.com\/?p=32035","article_published_time":"2024-03-01T18:28:18+00:00","og_image":[{"width":1280,"height":828,"url":"https:\/\/kibrisdakik.com\/wp-content\/uploads\/2024\/03\/cumhurbaskani-erdogan-orbanla-gorustu-1709313463371_1.jpg","type":"image\/jpeg"}],"author":"admin","twitter_card":"summary_large_image","twitter_misc":{"Yazan:":"admin","Tahmini okuma s\u00fcresi":"1 dakika"},"schema":{"@context":"https:\/\/schema.org","@graph":[{"@type":"Article","@id":"https:\/\/kibrisdakik.com\/?p=32035#article","isPartOf":{"@id":"https:\/\/kibrisdakik.com\/?p=32035"},"author":{"name":"admin","@id":"https:\/\/kibrisdakik.com\/#\/schema\/person\/9cd9d437bbb44f72b73ba127e06d8e79"},"headline":"Cumhurba\u015fkan\u0131 Erdo\u011fan, Orban&#039;la g\u00f6r\u00fc\u015ft\u00fc","datePublished":"2024-03-01T18:28:18+00:00","mainEntityOfPage":{"@id":"https:\/\/kibrisdakik.com\/?p=32035"},"wordCount":290,"commentCount":0,"image":{"@id":"https:\/\/kibrisdakik.com\/?p=32035#primaryimage"},"thumbnailUrl":"https:\/\/kibrisdakik.com\/wp-content\/uploads\/2024\/03\/cumhurbaskani-erdogan-orbanla-gorustu-1709313463371_1.jpg","articleSection":["Spor"],"inLanguage":"tr","potentialAction":[{"@type":"CommentAction","name":"Comment","target":["https:\/\/kibrisdakik.com\/?p=32035#respond"]}]},{"@type":"WebPage","@id":"https:\/\/kibrisdakik.com\/?p=32035","url":"https:\/\/kibrisdakik.com\/?p=32035","name":"Cumhurba\u015fkan\u0131 Erdo\u011fan, Orban&#039;la g\u00f6r\u00fc\u015ft\u00fc -","isPartOf":{"@id":"https:\/\/kibrisdakik.com\/#website"},"primaryImageOfPage":{"@id":"https:\/\/kibrisdakik.com\/?p=32035#primaryimage"},"image":{"@id":"https:\/\/kibrisdakik.com\/?p=32035#primaryimage"},"thumbnailUrl":"https:\/\/kibrisdakik.com\/wp-content\/uploads\/2024\/03\/cumhurbaskani-erdogan-orbanla-gorustu-1709313463371_1.jpg","datePublished":"2024-03-01T18:28:18+00:00","author":{"@id":"https:\/\/kibrisdakik.com\/#\/schema\/person\/9cd9d437bbb44f72b73ba127e06d8e79"},"breadcrumb":{"@id":"https:\/\/kibrisdakik.com\/?p=32035#breadcrumb"},"inLanguage":"tr","potentialAction":[{"@type":"ReadAction","target":["https:\/\/kibrisdakik.com\/?p=32035"]}]},{"@type":"ImageObject","inLanguage":"tr","@id":"https:\/\/kibrisdakik.com\/?p=32035#primaryimage","url":"https:\/\/kibrisdakik.com\/wp-content\/uploads\/2024\/03\/cumhurbaskani-erdogan-orbanla-gorustu-1709313463371_1.jpg","contentUrl":"https:\/\/kibrisdakik.com\/wp-content\/uploads\/2024\/03\/cumhurbaskani-erdogan-orbanla-gorustu-1709313463371_1.jpg","width":1280,"height":828},{"@type":"BreadcrumbList","@id":"https:\/\/kibrisdakik.com\/?p=32035#breadcrumb","itemListElement":[{"@type":"ListItem","position":1,"name":"Home","item":"https:\/\/kibrisdakik.com\/"},{"@type":"ListItem","position":2,"name":"Cumhurba\u015fkan\u0131 Erdo\u011fan, Orban&#039;la g\u00f6r\u00fc\u015ft\u00fc"}]},{"@type":"WebSite","@id":"https:\/\/kibrisdakik.com\/#website","url":"https:\/\/kibrisdakik.com\/","name":"","description":"Tam vaktinde haber","potentialAction":[{"@type":"SearchAction","target":{"@type":"EntryPoint","urlTemplate":"https:\/\/kibrisdakik.com\/?s={search_term_string}"},"query-input":{"@type":"PropertyValueSpecification","valueRequired":true,"valueName":"search_term_string"}}],"inLanguage":"tr"},{"@type":"Person","@id":"https:\/\/kibrisdakik.com\/#\/schema\/person\/9cd9d437bbb44f72b73ba127e06d8e79","name":"admin","image":{"@type":"ImageObject","inLanguage":"tr","@id":"https:\/\/secure.gravatar.com\/avatar\/ccc17943b9d660506c869530f897617f7cb1c21a4bf30023f252596d83e1f007?s=96&d=mm&r=g","url":"https:\/\/secure.gravatar.com\/avatar\/ccc17943b9d660506c869530f897617f7cb1c21a4bf30023f252596d83e1f007?s=96&d=mm&r=g","contentUrl":"https:\/\/secure.gravatar.com\/avatar\/ccc17943b9d660506c869530f897617f7cb1c21a4bf30023f252596d83e1f007?s=96&d=mm&r=g","caption":"admin"},"sameAs":["https:\/\/kibrisdakik.com"],"url":"https:\/\/kibrisdakik.com\/?author=1"}]}},"_links":{"self":[{"href":"https:\/\/kibrisdakik.com\/index.php?rest_route=\/wp\/v2\/posts\/32035","targetHints":{"allow":["GET"]}}],"collection":[{"href":"https:\/\/kibrisdakik.com\/index.php?rest_route=\/wp\/v2\/posts"}],"about":[{"href":"https:\/\/kibrisdakik.com\/index.php?rest_route=\/wp\/v2\/types\/post"}],"author":[{"embeddable":true,"href":"https:\/\/kibrisdakik.com\/index.php?rest_route=\/wp\/v2\/users\/1"}],"replies":[{"embeddable":true,"href":"https:\/\/kibrisdakik.com\/index.php?rest_route=%2Fwp%2Fv2%2Fcomments&post=32035"}],"version-history":[{"count":0,"href":"https:\/\/kibrisdakik.com\/index.php?rest_route=\/wp\/v2\/posts\/32035\/revisions"}],"wp:featuredmedia":[{"embeddable":true,"href":"https:\/\/kibrisdakik.com\/index.php?rest_route=\/wp\/v2\/media\/32036"}],"wp:attachment":[{"href":"https:\/\/kibrisdakik.com\/index.php?rest_route=%2Fwp%2Fv2%2Fmedia&parent=32035"}],"wp:term":[{"taxonomy":"category","embeddable":true,"href":"https:\/\/kibrisdakik.com\/index.php?rest_route=%2Fwp%2Fv2%2Fcategories&post=32035"},{"taxonomy":"post_tag","embeddable":true,"href":"https:\/\/kibrisdakik.com\/index.php?rest_route=%2Fwp%2Fv2%2Ftags&post=32035"}],"curies":[{"name":"wp","href":"https:\/\/api.w.org\/{rel}","templated":true}]}}