{"id":32132,"date":"2024-03-02T11:57:15","date_gmt":"2024-03-02T11:57:15","guid":{"rendered":"https:\/\/kibrisdakik.com\/index.php\/2024\/03\/02\/dunya-bilalin-yurek-burkan-hikayesini-konusuyor-ailesini-hayatta-tutmaya-calisirken-olduruldu\/"},"modified":"2024-03-02T11:57:15","modified_gmt":"2024-03-02T11:57:15","slug":"dunya-bilalin-yurek-burkan-hikayesini-konusuyor-ailesini-hayatta-tutmaya-calisirken-olduruldu","status":"publish","type":"post","link":"https:\/\/kibrisdakik.com\/?p=32132","title":{"rendered":"D\u00fcnya Bilal&#039;in y\u00fcrek burkan hikayesini konu\u015fuyor! &#039;Ailesini hayatta tutmaya \u00e7al\u0131\u015f\u0131rken \u00f6ld\u00fcr\u00fcld\u00fc&#039;"},"content":{"rendered":"<p><\/p>\n<p>\u0130srailli askerlerin, Gazze&#8217;nin kuzeyinde yard\u0131m konvoyuna ula\u015fmaya \u00e7al\u0131\u015fan Filistinlilerin oldu\u011fu b\u00f6lgeye do\u011fru ate\u015f a\u00e7mas\u0131 sonucunda en az 117 Filistinli hayat\u0131n\u0131 kaybetti, 760&#8217;\u0131 da yaraland\u0131. D\u00fcnyay\u0131 \u015foke eden katliamda hayat\u0131n\u0131 kaybeden iki \u00e7ocuk babas\u0131&nbsp;Bilal el-Essi&#8217;nin y\u00fcrek burkan hikayesi bug\u00fcn \u0130ngiliz Guardian gazetesinin man\u015fetinde yer ald\u0131.<\/p>\n<p><strong>\u0130K\u0130 KIZI VE BABASI \u0130\u00c7\u0130N Y\u0130YECEK BULAMIYORDU<\/strong><\/p>\n<p>Bilal \u00f6l\u00fcm\u00fcnden birka\u00e7 hafta \u00f6nce, ailesi i\u00e7in&nbsp;yemek&nbsp;bulmaya \u00e7al\u0131\u015f\u0131rken hayat\u0131n\u0131 kaybeden bir Filistinlinin foto\u011fraf\u0131n\u0131 \u00e7ekmi\u015f ve bunun Gazze&#8217;deki trajedinin ve \u00e7aresizli\u011fin resmi oldu\u011funu s\u00f6ylemi\u015fti.<\/p>\n<p>28 ya\u015f\u0131ndaki adam sevdi\u011fi insanlar\u0131n karn\u0131n\u0131 doyuramaman\u0131n ac\u0131s\u0131n\u0131 \u00e7ok iyi biliyordu. 2 ve 5 ya\u015flar\u0131ndaki iki k\u0131z\u0131 i\u00e7in s\u00fct ya da babas\u0131n\u0131n karn\u0131n\u0131 doyurmak i\u00e7in ekmek bulamad\u0131\u011f\u0131 i\u00e7in bu ac\u0131s\u0131 her ge\u00e7en g\u00fcn daha da keskinle\u015fiyordu.<\/p>\n<p>&nbsp;<\/p>\n<p>Per\u015fembe g\u00fcn\u00fc, kuzeye gelecek g\u0131da yard\u0131m\u0131n\u0131 duydu\u011funda, kendi gibi Gazze&#8217;de kalan iki erkek karde\u015fiyle birlikte yola \u00e7\u0131kt\u0131 ve k\u00fc\u00e7\u00fck ate\u015flerin etraf\u0131nda toplan\u0131p, so\u011fukta yiyecek kamyonlar\u0131n\u0131 bekleyen y\u00fczlerce insan\u0131n aras\u0131na kar\u0131\u015ft\u0131.<\/p>\n<p><img decoding=\"async\" alt=\"D\u00fcnya Bilalin y\u00fcrek burkan hikayesini konu\u015fuyor Ailesini hayatta tutmaya \u00e7al\u0131\u015f\u0131rken \u00f6ld\u00fcr\u00fcld\u00fc\" src=\"https:\/\/image.hurimg.com\/i\/hurriyet\/75\/770x0\/65e2ea3b1f70a32918c825d1.jpg\" style=\"height:100%;width:770px\" \/><\/p>\n<p>\n<strong>YARDIM ARA\u00c7LARINA KO\u015eAN \u0130NSANLARA ATE\u015e A\u00c7TILAR<\/strong><\/p>\n<p>&nbsp;<\/p>\n<p>Foto\u011fraf\u00e7\u0131 ve&nbsp;film&nbsp;yap\u0131mc\u0131s\u0131 21 ya\u015f\u0131ndaki Shukri Fleifel de kalabal\u0131\u011f\u0131n aras\u0131ndayd\u0131. Birka\u00e7 g\u00fcn \u00f6nce \u0130srail g\u00fc\u00e7lerinin ayn\u0131 noktada yard\u0131m kamyonlar\u0131n\u0131 bekleyen insanlara ate\u015f a\u00e7t\u0131\u011f\u0131n\u0131 g\u00f6rmesine ra\u011fmen bekliyordu \u00e7\u00fcnk\u00fc Gazze kentindeki \u00e7o\u011fu insan gibi o da a\u00e7t\u0131.<\/p>\n<p>Fleifel Guardian&#8217;a yapt\u0131\u011f\u0131 a\u00e7\u0131klamada sabah 4.30 sular\u0131nda kamyonlar\u0131n sesinin duyuldu\u011funu s\u00f6yledi. A\u00e7l\u0131kla bo\u011fu\u015fan Filistinliler sonunda bekledikleri g\u0131da yard\u0131m\u0131n\u0131n geldi\u011fini d\u00fc\u015f\u00fcnerek ara\u00e7lara do\u011fru ko\u015ftular. Tam o s\u0131rada, \u015fafak \u00f6ncesi karanl\u0131kta, kav\u015faklar aras\u0131nda bir \u0130srail tank\u0131 belirdi ve kalabal\u0131\u011fa ate\u015f a\u00e7t\u0131.<\/p>\n<p><strong>SERSEMLET\u0130C\u0130 EL BOMBALARI KULLANDILAR<\/strong><\/p>\n<p>Fleifel ilk sald\u0131r\u0131dan sonra tanklar\u0131n g\u00fcneye \u00e7ekildi\u011fini ancak a\u00e7 insanlara sald\u0131rmaya devam etti\u011fini belirterek &#8220;Sersemletici el bombalar\u0131 kulland\u0131lar ve yard\u0131m kamyonlar\u0131na do\u011fru ilerlemeye \u00e7al\u0131\u015fan insanlara ayr\u0131m g\u00f6zetmeksizin ate\u015f ettiler&#8221; dedi.<\/p>\n<p>\u0130srail ate\u015fi sona erdi\u011finde hala hayatta oldu\u011funa inanamayan gen\u00e7 adam, yaral\u0131lar\u0131n ve \u00f6l\u00fclerin hastaneye g\u00f6t\u00fcr\u00fcl\u00fc\u015f\u00fcn\u00fc izledi.Ambulans olmad\u0131\u011f\u0131 i\u00e7in hepsi e\u015feklerin ya da atlar\u0131n \u00e7ekti\u011fi arabalara y\u0131\u011f\u0131lm\u0131\u015ft\u0131.<\/p>\n<p>\u0130srail Ordusu askerlerinin sadece kendilerini savunmak i\u00e7in ate\u015f a\u00e7t\u0131\u011f\u0131n\u0131 ve hayat\u0131n\u0131 kaybedenlerin ezilerek hayat\u0131n\u0131 kaybetti\u011fini s\u00f6ylerken, Fleifel insanlar\u0131n ezildi\u011fini ancak bunun \u0130srail sald\u0131r\u0131s\u0131 sonras\u0131 ger\u00e7ekle\u015fti\u011fini s\u00f6yledi.<\/p>\n<p><img decoding=\"async\" alt=\"D\u00fcnya Bilalin y\u00fcrek burkan hikayesini konu\u015fuyor Ailesini hayatta tutmaya \u00e7al\u0131\u015f\u0131rken \u00f6ld\u00fcr\u00fcld\u00fc\" src=\"https:\/\/image.hurimg.com\/i\/hurriyet\/75\/770x0\/65e2ea571f70a32918c825d9.jpg\" style=\"height:100%;width:770px\" \/><\/p>\n<p>\n<strong>B\u0130LAL KARDE\u015eLER\u0130 TARAFINDAN KANLAR \u0130\u00c7\u0130NDE BULUNDU<\/strong><\/p>\n<p>&nbsp;<\/p>\n<p>K\u0131zlar\u0131na ve babas\u0131na yiyecek bulmak i\u00e7in kalabal\u0131\u011f\u0131n aras\u0131na kar\u0131\u015fan Bilal, karde\u015fleri taraf\u0131ndan kanlar i\u00e7inde bulundu, boynundan yaralanm\u0131\u015ft\u0131. Di\u011fer yaral\u0131larla beraber \u015eifa hastanesine kald\u0131r\u0131ld\u0131 ancak burada hayat\u0131n\u0131 kaybetti.<\/p>\n<p>Bilal&#8217;in Guardian gazetesine konu\u015fan kuzeni Moataz el-Essi, \u0130srail ate\u015fi s\u0131ras\u0131nda Bilal ve karde\u015flerinin ayr\u0131 d\u00fc\u015ft\u00fc\u011f\u00fcn\u00fc ve gen\u00e7 adam\u0131n \u00f6l\u00fcm nedeninin kur\u015fun yaras\u0131 oldu\u011funu s\u00f6yledi.<\/p>\n<p><strong>&#8220;A\u0130LES\u0130N\u0130 HAYATTA TUTMAYA \u00c7ALI\u015eIRKEN \u00d6LD\u00dcR\u00dcLD\u00dc&#8221;<\/strong><\/p>\n<p>Moataz, Bilal&#8217;in 3 y\u0131l \u00f6nce annesini kanserden kaybetti\u011fini ve sava\u015f ba\u015flad\u0131\u011f\u0131nda di\u011fer karde\u015flerinin aksine ka\u00e7may\u0131 reddedip, babas\u0131na bakmak i\u00e7in Gazze&#8217;de kald\u0131\u011f\u0131n\u0131 anlatt\u0131:<\/p>\n<p><strong>&#8220;\u0130srail g\u00fc\u00e7leri tahliye emri verdi\u011finde bile evini terk etmeyi reddetti. Kendini ailesine adam\u0131\u015ft\u0131, onlar\u0131 hayatta tutmaya \u00e7al\u0131\u015f\u0131rken \u00f6ld\u00fcr\u00fcld\u00fc.&#8221;<\/strong>&nbsp;<\/p>\n<p><strong>BM: YARALILARIN \u00c7O\u011eUNDA KUR\u015eUN YARASI VAR<\/strong><\/p>\n<p>Birle\u015fmi\u015f Milletler (BM) Per\u015fembe g\u00fcn\u00fc Gazze&#8217;de, \u0130srail\u2019in bir yard\u0131m konvoyuna do\u011fru ate\u015f a\u00e7mas\u0131 sonras\u0131nda yaralanan ve tedavi alt\u0131na al\u0131nan Filistinlilerin \u00e7o\u011funda kur\u015fun yaralar\u0131n\u0131n oldu\u011funu a\u00e7\u0131klad\u0131.<\/p>\n<p>BM g\u00f6zlemcileri Gazze&#8217;deki \u015eifa Hastanesi&#8217;ni ziyaret etti. Hala tedavi alt\u0131nda olan yakla\u015f\u0131k 200 ki\u015fiden baz\u0131lar\u0131n\u0131 g\u00f6rd\u00fc. BM Genel Sekreteri Ant\u00f3nio Guterres&#8217;in s\u00f6zc\u00fcs\u00fc Stephane Dujarric, BM ekibinin \u015eifa Hastanesi&#8217;ni ger\u00e7ekle\u015ftirdi\u011fi ziyarette yaral\u0131 olarak tedavi alt\u0131nda olanlar\u0131n pek \u00e7o\u011funda &#8220;\u00e7ok say\u0131da kur\u015fun yaras\u0131&#8221; g\u00f6rd\u00fc\u011f\u00fcn\u00fc s\u00f6yledi.<\/p>\n<p>El Avde hastanesinin hastane m\u00fcd\u00fcr\u00fc Dr. Muhammed Salha da daha \u00f6nce hastaneye 176 yaral\u0131n\u0131n getirildi\u011fini ve bunlardan 142&#8217;sinde kur\u015fun yaras\u0131 oldu\u011funu s\u00f6ylemi\u015fti.<\/p>\n<p>&nbsp;<\/p>\n","protected":false},"excerpt":{"rendered":"<p>\u0130srailli askerlerin, Gazze&#8217;nin kuzeyinde yard\u0131m konvoyuna ula\u015fmaya \u00e7al\u0131\u015fan Filistinlilerin oldu\u011fu b\u00f6lgeye do\u011fru ate\u015f a\u00e7mas\u0131 sonucunda en az 117 Filistinli hayat\u0131n\u0131 kaybetti, 760&#8217;\u0131 da yaraland\u0131. D\u00fcnyay\u0131 \u015foke eden katliamda hayat\u0131n\u0131 kaybeden iki \u00e7ocuk babas\u0131&nbsp;Bilal el-Essi&#8217;nin y\u00fcrek burkan hikayesi bug\u00fcn \u0130ngiliz Guardian gazetesinin man\u015fetinde yer ald\u0131. \u0130K\u0130 KIZI VE BABASI \u0130\u00c7\u0130N Y\u0130YECEK BULAMIYORDU Bilal \u00f6l\u00fcm\u00fcnden birka\u00e7 hafta<\/p>\n","protected":false},"author":1,"featured_media":32133,"comment_status":"open","ping_status":"open","sticky":false,"template":"","format":"standard","meta":{"footnotes":""},"categories":[85],"tags":[],"class_list":["post-32132","post","type-post","status-publish","format-standard","has-post-thumbnail","hentry","category-spor"],"yoast_head":"<!-- This site is optimized with the Yoast SEO plugin v27.4 - https:\/\/yoast.com\/product\/yoast-seo-wordpress\/ -->\n<title>D\u00fcnya Bilal&#039;in y\u00fcrek burkan hikayesini konu\u015fuyor! &#039;Ailesini hayatta tutmaya \u00e7al\u0131\u015f\u0131rken \u00f6ld\u00fcr\u00fcld\u00fc&#039; -<\/title>\n<meta name=\"robots\" content=\"index, follow, max-snippet:-1, max-image-preview:large, max-video-preview:-1\" \/>\n<link rel=\"canonical\" href=\"https:\/\/kibrisdakik.com\/?p=32132\" \/>\n<meta property=\"og:locale\" content=\"tr_TR\" \/>\n<meta property=\"og:type\" content=\"article\" \/>\n<meta property=\"og:title\" content=\"D\u00fcnya Bilal&#039;in y\u00fcrek burkan hikayesini konu\u015fuyor! &#039;Ailesini hayatta tutmaya \u00e7al\u0131\u015f\u0131rken \u00f6ld\u00fcr\u00fcld\u00fc&#039; -\" \/>\n<meta property=\"og:description\" content=\"\u0130srailli askerlerin, Gazze&#8217;nin kuzeyinde yard\u0131m konvoyuna ula\u015fmaya \u00e7al\u0131\u015fan Filistinlilerin oldu\u011fu b\u00f6lgeye do\u011fru ate\u015f a\u00e7mas\u0131 sonucunda en az 117 Filistinli hayat\u0131n\u0131 kaybetti, 760&#8217;\u0131 da yaraland\u0131. D\u00fcnyay\u0131 \u015foke eden katliamda hayat\u0131n\u0131 kaybeden iki \u00e7ocuk babas\u0131&nbsp;Bilal el-Essi&#8217;nin y\u00fcrek burkan hikayesi bug\u00fcn \u0130ngiliz Guardian gazetesinin man\u015fetinde yer ald\u0131. \u0130K\u0130 KIZI VE BABASI \u0130\u00c7\u0130N Y\u0130YECEK BULAMIYORDU Bilal \u00f6l\u00fcm\u00fcnden birka\u00e7 hafta\" \/>\n<meta property=\"og:url\" content=\"https:\/\/kibrisdakik.com\/?p=32132\" \/>\n<meta property=\"article:published_time\" content=\"2024-03-02T11:57:15+00:00\" \/>\n<meta property=\"og:image\" content=\"https:\/\/kibrisdakik.com\/wp-content\/uploads\/2024\/03\/65e2ea3b1f70a32918c825d1-740x420.jpg\" \/>\n\t<meta property=\"og:image:width\" content=\"770\" \/>\n\t<meta property=\"og:image:height\" content=\"698\" \/>\n\t<meta property=\"og:image:type\" content=\"image\/jpeg\" \/>\n<meta name=\"author\" content=\"admin\" \/>\n<meta name=\"twitter:card\" content=\"summary_large_image\" \/>\n<meta name=\"twitter:label1\" content=\"Yazan:\" \/>\n\t<meta name=\"twitter:data1\" content=\"admin\" \/>\n\t<meta name=\"twitter:label2\" content=\"Tahmini okuma s\u00fcresi\" \/>\n\t<meta name=\"twitter:data2\" content=\"4 dakika\" \/>\n<script type=\"application\/ld+json\" class=\"yoast-schema-graph\">{\"@context\":\"https:\\\/\\\/schema.org\",\"@graph\":[{\"@type\":\"Article\",\"@id\":\"https:\\\/\\\/kibrisdakik.com\\\/?p=32132#article\",\"isPartOf\":{\"@id\":\"https:\\\/\\\/kibrisdakik.com\\\/?p=32132\"},\"author\":{\"name\":\"admin\",\"@id\":\"https:\\\/\\\/kibrisdakik.com\\\/#\\\/schema\\\/person\\\/9cd9d437bbb44f72b73ba127e06d8e79\"},\"headline\":\"D\u00fcnya Bilal&#039;in y\u00fcrek burkan hikayesini konu\u015fuyor! &#039;Ailesini hayatta tutmaya \u00e7al\u0131\u015f\u0131rken \u00f6ld\u00fcr\u00fcld\u00fc&#039;\",\"datePublished\":\"2024-03-02T11:57:15+00:00\",\"mainEntityOfPage\":{\"@id\":\"https:\\\/\\\/kibrisdakik.com\\\/?p=32132\"},\"wordCount\":779,\"commentCount\":0,\"image\":{\"@id\":\"https:\\\/\\\/kibrisdakik.com\\\/?p=32132#primaryimage\"},\"thumbnailUrl\":\"https:\\\/\\\/kibrisdakik.com\\\/wp-content\\\/uploads\\\/2024\\\/03\\\/65e2ea3b1f70a32918c825d1-740x420.jpg\",\"articleSection\":[\"Spor\"],\"inLanguage\":\"tr\",\"potentialAction\":[{\"@type\":\"CommentAction\",\"name\":\"Comment\",\"target\":[\"https:\\\/\\\/kibrisdakik.com\\\/?p=32132#respond\"]}]},{\"@type\":\"WebPage\",\"@id\":\"https:\\\/\\\/kibrisdakik.com\\\/?p=32132\",\"url\":\"https:\\\/\\\/kibrisdakik.com\\\/?p=32132\",\"name\":\"D\u00fcnya Bilal&#039;in y\u00fcrek burkan hikayesini konu\u015fuyor! &#039;Ailesini hayatta tutmaya \u00e7al\u0131\u015f\u0131rken \u00f6ld\u00fcr\u00fcld\u00fc&#039; -\",\"isPartOf\":{\"@id\":\"https:\\\/\\\/kibrisdakik.com\\\/#website\"},\"primaryImageOfPage\":{\"@id\":\"https:\\\/\\\/kibrisdakik.com\\\/?p=32132#primaryimage\"},\"image\":{\"@id\":\"https:\\\/\\\/kibrisdakik.com\\\/?p=32132#primaryimage\"},\"thumbnailUrl\":\"https:\\\/\\\/kibrisdakik.com\\\/wp-content\\\/uploads\\\/2024\\\/03\\\/65e2ea3b1f70a32918c825d1-740x420.jpg\",\"datePublished\":\"2024-03-02T11:57:15+00:00\",\"author\":{\"@id\":\"https:\\\/\\\/kibrisdakik.com\\\/#\\\/schema\\\/person\\\/9cd9d437bbb44f72b73ba127e06d8e79\"},\"breadcrumb\":{\"@id\":\"https:\\\/\\\/kibrisdakik.com\\\/?p=32132#breadcrumb\"},\"inLanguage\":\"tr\",\"potentialAction\":[{\"@type\":\"ReadAction\",\"target\":[\"https:\\\/\\\/kibrisdakik.com\\\/?p=32132\"]}]},{\"@type\":\"ImageObject\",\"inLanguage\":\"tr\",\"@id\":\"https:\\\/\\\/kibrisdakik.com\\\/?p=32132#primaryimage\",\"url\":\"https:\\\/\\\/kibrisdakik.com\\\/wp-content\\\/uploads\\\/2024\\\/03\\\/65e2ea3b1f70a32918c825d1-740x420.jpg\",\"contentUrl\":\"https:\\\/\\\/kibrisdakik.com\\\/wp-content\\\/uploads\\\/2024\\\/03\\\/65e2ea3b1f70a32918c825d1-740x420.jpg\",\"width\":770,\"height\":698},{\"@type\":\"BreadcrumbList\",\"@id\":\"https:\\\/\\\/kibrisdakik.com\\\/?p=32132#breadcrumb\",\"itemListElement\":[{\"@type\":\"ListItem\",\"position\":1,\"name\":\"Home\",\"item\":\"https:\\\/\\\/kibrisdakik.com\\\/\"},{\"@type\":\"ListItem\",\"position\":2,\"name\":\"D\u00fcnya Bilal&#039;in y\u00fcrek burkan hikayesini konu\u015fuyor! &#039;Ailesini hayatta tutmaya \u00e7al\u0131\u015f\u0131rken \u00f6ld\u00fcr\u00fcld\u00fc&#039;\"}]},{\"@type\":\"WebSite\",\"@id\":\"https:\\\/\\\/kibrisdakik.com\\\/#website\",\"url\":\"https:\\\/\\\/kibrisdakik.com\\\/\",\"name\":\"\",\"description\":\"Tam vaktinde haber\",\"potentialAction\":[{\"@type\":\"SearchAction\",\"target\":{\"@type\":\"EntryPoint\",\"urlTemplate\":\"https:\\\/\\\/kibrisdakik.com\\\/?s={search_term_string}\"},\"query-input\":{\"@type\":\"PropertyValueSpecification\",\"valueRequired\":true,\"valueName\":\"search_term_string\"}}],\"inLanguage\":\"tr\"},{\"@type\":\"Person\",\"@id\":\"https:\\\/\\\/kibrisdakik.com\\\/#\\\/schema\\\/person\\\/9cd9d437bbb44f72b73ba127e06d8e79\",\"name\":\"admin\",\"image\":{\"@type\":\"ImageObject\",\"inLanguage\":\"tr\",\"@id\":\"https:\\\/\\\/secure.gravatar.com\\\/avatar\\\/ccc17943b9d660506c869530f897617f7cb1c21a4bf30023f252596d83e1f007?s=96&d=mm&r=g\",\"url\":\"https:\\\/\\\/secure.gravatar.com\\\/avatar\\\/ccc17943b9d660506c869530f897617f7cb1c21a4bf30023f252596d83e1f007?s=96&d=mm&r=g\",\"contentUrl\":\"https:\\\/\\\/secure.gravatar.com\\\/avatar\\\/ccc17943b9d660506c869530f897617f7cb1c21a4bf30023f252596d83e1f007?s=96&d=mm&r=g\",\"caption\":\"admin\"},\"sameAs\":[\"https:\\\/\\\/kibrisdakik.com\"],\"url\":\"https:\\\/\\\/kibrisdakik.com\\\/?author=1\"}]}<\/script>\n<!-- \/ Yoast SEO plugin. -->","yoast_head_json":{"title":"D\u00fcnya Bilal&#039;in y\u00fcrek burkan hikayesini konu\u015fuyor! &#039;Ailesini hayatta tutmaya \u00e7al\u0131\u015f\u0131rken \u00f6ld\u00fcr\u00fcld\u00fc&#039; -","robots":{"index":"index","follow":"follow","max-snippet":"max-snippet:-1","max-image-preview":"max-image-preview:large","max-video-preview":"max-video-preview:-1"},"canonical":"https:\/\/kibrisdakik.com\/?p=32132","og_locale":"tr_TR","og_type":"article","og_title":"D\u00fcnya Bilal&#039;in y\u00fcrek burkan hikayesini konu\u015fuyor! &#039;Ailesini hayatta tutmaya \u00e7al\u0131\u015f\u0131rken \u00f6ld\u00fcr\u00fcld\u00fc&#039; -","og_description":"\u0130srailli askerlerin, Gazze&#8217;nin kuzeyinde yard\u0131m konvoyuna ula\u015fmaya \u00e7al\u0131\u015fan Filistinlilerin oldu\u011fu b\u00f6lgeye do\u011fru ate\u015f a\u00e7mas\u0131 sonucunda en az 117 Filistinli hayat\u0131n\u0131 kaybetti, 760&#8217;\u0131 da yaraland\u0131. D\u00fcnyay\u0131 \u015foke eden katliamda hayat\u0131n\u0131 kaybeden iki \u00e7ocuk babas\u0131&nbsp;Bilal el-Essi&#8217;nin y\u00fcrek burkan hikayesi bug\u00fcn \u0130ngiliz Guardian gazetesinin man\u015fetinde yer ald\u0131. \u0130K\u0130 KIZI VE BABASI \u0130\u00c7\u0130N Y\u0130YECEK BULAMIYORDU Bilal \u00f6l\u00fcm\u00fcnden birka\u00e7 hafta","og_url":"https:\/\/kibrisdakik.com\/?p=32132","article_published_time":"2024-03-02T11:57:15+00:00","og_image":[{"width":770,"height":698,"url":"https:\/\/kibrisdakik.com\/wp-content\/uploads\/2024\/03\/65e2ea3b1f70a32918c825d1-740x420.jpg","type":"image\/jpeg"}],"author":"admin","twitter_card":"summary_large_image","twitter_misc":{"Yazan:":"admin","Tahmini okuma s\u00fcresi":"4 dakika"},"schema":{"@context":"https:\/\/schema.org","@graph":[{"@type":"Article","@id":"https:\/\/kibrisdakik.com\/?p=32132#article","isPartOf":{"@id":"https:\/\/kibrisdakik.com\/?p=32132"},"author":{"name":"admin","@id":"https:\/\/kibrisdakik.com\/#\/schema\/person\/9cd9d437bbb44f72b73ba127e06d8e79"},"headline":"D\u00fcnya Bilal&#039;in y\u00fcrek burkan hikayesini konu\u015fuyor! &#039;Ailesini hayatta tutmaya \u00e7al\u0131\u015f\u0131rken \u00f6ld\u00fcr\u00fcld\u00fc&#039;","datePublished":"2024-03-02T11:57:15+00:00","mainEntityOfPage":{"@id":"https:\/\/kibrisdakik.com\/?p=32132"},"wordCount":779,"commentCount":0,"image":{"@id":"https:\/\/kibrisdakik.com\/?p=32132#primaryimage"},"thumbnailUrl":"https:\/\/kibrisdakik.com\/wp-content\/uploads\/2024\/03\/65e2ea3b1f70a32918c825d1-740x420.jpg","articleSection":["Spor"],"inLanguage":"tr","potentialAction":[{"@type":"CommentAction","name":"Comment","target":["https:\/\/kibrisdakik.com\/?p=32132#respond"]}]},{"@type":"WebPage","@id":"https:\/\/kibrisdakik.com\/?p=32132","url":"https:\/\/kibrisdakik.com\/?p=32132","name":"D\u00fcnya Bilal&#039;in y\u00fcrek burkan hikayesini konu\u015fuyor! &#039;Ailesini hayatta tutmaya \u00e7al\u0131\u015f\u0131rken \u00f6ld\u00fcr\u00fcld\u00fc&#039; -","isPartOf":{"@id":"https:\/\/kibrisdakik.com\/#website"},"primaryImageOfPage":{"@id":"https:\/\/kibrisdakik.com\/?p=32132#primaryimage"},"image":{"@id":"https:\/\/kibrisdakik.com\/?p=32132#primaryimage"},"thumbnailUrl":"https:\/\/kibrisdakik.com\/wp-content\/uploads\/2024\/03\/65e2ea3b1f70a32918c825d1-740x420.jpg","datePublished":"2024-03-02T11:57:15+00:00","author":{"@id":"https:\/\/kibrisdakik.com\/#\/schema\/person\/9cd9d437bbb44f72b73ba127e06d8e79"},"breadcrumb":{"@id":"https:\/\/kibrisdakik.com\/?p=32132#breadcrumb"},"inLanguage":"tr","potentialAction":[{"@type":"ReadAction","target":["https:\/\/kibrisdakik.com\/?p=32132"]}]},{"@type":"ImageObject","inLanguage":"tr","@id":"https:\/\/kibrisdakik.com\/?p=32132#primaryimage","url":"https:\/\/kibrisdakik.com\/wp-content\/uploads\/2024\/03\/65e2ea3b1f70a32918c825d1-740x420.jpg","contentUrl":"https:\/\/kibrisdakik.com\/wp-content\/uploads\/2024\/03\/65e2ea3b1f70a32918c825d1-740x420.jpg","width":770,"height":698},{"@type":"BreadcrumbList","@id":"https:\/\/kibrisdakik.com\/?p=32132#breadcrumb","itemListElement":[{"@type":"ListItem","position":1,"name":"Home","item":"https:\/\/kibrisdakik.com\/"},{"@type":"ListItem","position":2,"name":"D\u00fcnya Bilal&#039;in y\u00fcrek burkan hikayesini konu\u015fuyor! &#039;Ailesini hayatta tutmaya \u00e7al\u0131\u015f\u0131rken \u00f6ld\u00fcr\u00fcld\u00fc&#039;"}]},{"@type":"WebSite","@id":"https:\/\/kibrisdakik.com\/#website","url":"https:\/\/kibrisdakik.com\/","name":"","description":"Tam vaktinde haber","potentialAction":[{"@type":"SearchAction","target":{"@type":"EntryPoint","urlTemplate":"https:\/\/kibrisdakik.com\/?s={search_term_string}"},"query-input":{"@type":"PropertyValueSpecification","valueRequired":true,"valueName":"search_term_string"}}],"inLanguage":"tr"},{"@type":"Person","@id":"https:\/\/kibrisdakik.com\/#\/schema\/person\/9cd9d437bbb44f72b73ba127e06d8e79","name":"admin","image":{"@type":"ImageObject","inLanguage":"tr","@id":"https:\/\/secure.gravatar.com\/avatar\/ccc17943b9d660506c869530f897617f7cb1c21a4bf30023f252596d83e1f007?s=96&d=mm&r=g","url":"https:\/\/secure.gravatar.com\/avatar\/ccc17943b9d660506c869530f897617f7cb1c21a4bf30023f252596d83e1f007?s=96&d=mm&r=g","contentUrl":"https:\/\/secure.gravatar.com\/avatar\/ccc17943b9d660506c869530f897617f7cb1c21a4bf30023f252596d83e1f007?s=96&d=mm&r=g","caption":"admin"},"sameAs":["https:\/\/kibrisdakik.com"],"url":"https:\/\/kibrisdakik.com\/?author=1"}]}},"_links":{"self":[{"href":"https:\/\/kibrisdakik.com\/index.php?rest_route=\/wp\/v2\/posts\/32132","targetHints":{"allow":["GET"]}}],"collection":[{"href":"https:\/\/kibrisdakik.com\/index.php?rest_route=\/wp\/v2\/posts"}],"about":[{"href":"https:\/\/kibrisdakik.com\/index.php?rest_route=\/wp\/v2\/types\/post"}],"author":[{"embeddable":true,"href":"https:\/\/kibrisdakik.com\/index.php?rest_route=\/wp\/v2\/users\/1"}],"replies":[{"embeddable":true,"href":"https:\/\/kibrisdakik.com\/index.php?rest_route=%2Fwp%2Fv2%2Fcomments&post=32132"}],"version-history":[{"count":0,"href":"https:\/\/kibrisdakik.com\/index.php?rest_route=\/wp\/v2\/posts\/32132\/revisions"}],"wp:featuredmedia":[{"embeddable":true,"href":"https:\/\/kibrisdakik.com\/index.php?rest_route=\/wp\/v2\/media\/32133"}],"wp:attachment":[{"href":"https:\/\/kibrisdakik.com\/index.php?rest_route=%2Fwp%2Fv2%2Fmedia&parent=32132"}],"wp:term":[{"taxonomy":"category","embeddable":true,"href":"https:\/\/kibrisdakik.com\/index.php?rest_route=%2Fwp%2Fv2%2Fcategories&post=32132"},{"taxonomy":"post_tag","embeddable":true,"href":"https:\/\/kibrisdakik.com\/index.php?rest_route=%2Fwp%2Fv2%2Ftags&post=32132"}],"curies":[{"name":"wp","href":"https:\/\/api.w.org\/{rel}","templated":true}]}}