{"id":32156,"date":"2024-03-02T15:42:08","date_gmt":"2024-03-02T15:42:08","guid":{"rendered":"https:\/\/kibrisdakik.com\/index.php\/2024\/03\/02\/bogazkoyde-seyir-halindeki-bir-arac-yandi-2\/"},"modified":"2024-03-02T15:42:08","modified_gmt":"2024-03-02T15:42:08","slug":"bogazkoyde-seyir-halindeki-bir-arac-yandi-2","status":"publish","type":"post","link":"https:\/\/kibrisdakik.com\/?p=32156","title":{"rendered":"Bo\u011fazk\u00f6y\u2019de seyir halindeki bir ara\u00e7 yand\u0131"},"content":{"rendered":"<p><\/p>\n<div>\n<div class=\"mariselle-image-container center\">\n                <img loading=\"lazy\" decoding=\"async\" width=\"1033\" height=\"739\" class=\"lazy-image\" alt=\"\" sizes=\"auto, (max-width: 1033px) 100vw, 1033px\" src=\"https:\/\/brtk.net\/wp-content\/uploads\/2024\/03\/02\/Screenshot_20240302_155224_WhatsApp.jpg?ver=8402ff3e1ab792a2fc9be5bd2c7297b0\" srcset=\"https:\/\/brtk.net\/wp-content\/uploads\/2024\/03\/02\/Screenshot_20240302_155224_WhatsApp.jpg?ver=8402ff3e1ab792a2fc9be5bd2c7297b0 1033w, https:\/\/brtk.net\/wp-content\/uploads\/2024\/03\/02\/Screenshot_20240302_155224_WhatsApp-300x215.jpg?ver=8402ff3e1ab792a2fc9be5bd2c7297b0 300w, https:\/\/brtk.net\/wp-content\/uploads\/2024\/03\/02\/Screenshot_20240302_155224_WhatsApp-1024x733.jpg?ver=43652cd314e69056cdeeb792ff5ce620 1024w, https:\/\/brtk.net\/wp-content\/uploads\/2024\/03\/02\/Screenshot_20240302_155224_WhatsApp-768x549.jpg?ver=43652cd314e69056cdeeb792ff5ce620 768w\"\/>                            <\/div>\n<p>\u00a0<\/p>\n<p>Girne-Lefko\u015fa ana yolunun Bo\u011fazk\u00f6y civar\u0131nda seyreden JA 539 plakal\u0131 ara\u00e7ta yang\u0131n \u00e7\u0131kt\u0131.<\/p>\n<p>Polis Bas\u0131n Subayl\u0131\u011f\u0131ndan verilen bilgiye g\u00f6re, bug\u00fcn saat 15.45 raddelerinde, ana yolda seyir halinde bulunan Serkan \u00d6zbeko\u011flu\u2019nun kullan\u0131m\u0131ndaki JA539 plakal\u0131 jeep ara\u00e7ta, egzoz b\u00f6l\u00fcm\u00fcndeki partik\u00fcl filtresinin t\u0131kanmas\u0131 sonucu yang\u0131n \u00e7\u0131kt\u0131.<\/p>\n<p>Yang\u0131n, itfaiye ekiplerinin m\u00fcdahalesiyle s\u00f6nd\u00fcr\u00fcld\u00fc.<\/p>\n<\/p><\/div>\n<p><script async\n                    defer\n                    crossorigin=\"anonymous\"\n                    src=\"https:\/\/connect.facebook.net\/tr_TR\/sdk.js#xfbml=1&#038;version=v3.3\"\n            ><\/script><\/p>\n","protected":false},"excerpt":{"rendered":"<p>\u00a0 Girne-Lefko\u015fa ana yolunun Bo\u011fazk\u00f6y civar\u0131nda seyreden JA 539 plakal\u0131 ara\u00e7ta yang\u0131n \u00e7\u0131kt\u0131. Polis Bas\u0131n Subayl\u0131\u011f\u0131ndan verilen bilgiye g\u00f6re, bug\u00fcn saat 15.45 raddelerinde, ana yolda seyir halinde bulunan Serkan \u00d6zbeko\u011flu\u2019nun kullan\u0131m\u0131ndaki JA539 plakal\u0131 jeep ara\u00e7ta, egzoz b\u00f6l\u00fcm\u00fcndeki partik\u00fcl filtresinin t\u0131kanmas\u0131 sonucu yang\u0131n \u00e7\u0131kt\u0131. Yang\u0131n, itfaiye ekiplerinin m\u00fcdahalesiyle s\u00f6nd\u00fcr\u00fcld\u00fc.<\/p>\n","protected":false},"author":1,"featured_media":32157,"comment_status":"open","ping_status":"open","sticky":false,"template":"","format":"standard","meta":{"footnotes":""},"categories":[1],"tags":[],"class_list":["post-32156","post","type-post","status-publish","format-standard","has-post-thumbnail","hentry","category-gundem"],"yoast_head":"<!-- This site is optimized with the Yoast SEO plugin v27.5 - https:\/\/yoast.com\/product\/yoast-seo-wordpress\/ -->\n<title>Bo\u011fazk\u00f6y\u2019de seyir halindeki bir ara\u00e7 yand\u0131 -<\/title>\n<meta name=\"robots\" content=\"index, follow, max-snippet:-1, max-image-preview:large, max-video-preview:-1\" \/>\n<link rel=\"canonical\" href=\"https:\/\/kibrisdakik.com\/?p=32156\" \/>\n<meta property=\"og:locale\" content=\"tr_TR\" \/>\n<meta property=\"og:type\" content=\"article\" \/>\n<meta property=\"og:title\" content=\"Bo\u011fazk\u00f6y\u2019de seyir halindeki bir ara\u00e7 yand\u0131 -\" \/>\n<meta property=\"og:description\" content=\"\u00a0 Girne-Lefko\u015fa ana yolunun Bo\u011fazk\u00f6y civar\u0131nda seyreden JA 539 plakal\u0131 ara\u00e7ta yang\u0131n \u00e7\u0131kt\u0131. Polis Bas\u0131n Subayl\u0131\u011f\u0131ndan verilen bilgiye g\u00f6re, bug\u00fcn saat 15.45 raddelerinde, ana yolda seyir halinde bulunan Serkan \u00d6zbeko\u011flu\u2019nun kullan\u0131m\u0131ndaki JA539 plakal\u0131 jeep ara\u00e7ta, egzoz b\u00f6l\u00fcm\u00fcndeki partik\u00fcl filtresinin t\u0131kanmas\u0131 sonucu yang\u0131n \u00e7\u0131kt\u0131. Yang\u0131n, itfaiye ekiplerinin m\u00fcdahalesiyle s\u00f6nd\u00fcr\u00fcld\u00fc.\" \/>\n<meta property=\"og:url\" content=\"https:\/\/kibrisdakik.com\/?p=32156\" \/>\n<meta property=\"article:published_time\" content=\"2024-03-02T15:42:08+00:00\" \/>\n<meta property=\"og:image\" content=\"https:\/\/kibrisdakik.com\/wp-content\/uploads\/2024\/03\/Screenshot_20240302_155224_WhatsApp-740x420.jpg\" \/>\n\t<meta property=\"og:image:width\" content=\"1033\" \/>\n\t<meta property=\"og:image:height\" content=\"739\" \/>\n\t<meta property=\"og:image:type\" content=\"image\/jpeg\" \/>\n<meta name=\"author\" content=\"admin\" \/>\n<meta name=\"twitter:card\" content=\"summary_large_image\" \/>\n<meta name=\"twitter:label1\" content=\"Yazan:\" \/>\n\t<meta name=\"twitter:data1\" content=\"admin\" \/>\n<script type=\"application\/ld+json\" class=\"yoast-schema-graph\">{\"@context\":\"https:\\\/\\\/schema.org\",\"@graph\":[{\"@type\":\"Article\",\"@id\":\"https:\\\/\\\/kibrisdakik.com\\\/?p=32156#article\",\"isPartOf\":{\"@id\":\"https:\\\/\\\/kibrisdakik.com\\\/?p=32156\"},\"author\":{\"name\":\"admin\",\"@id\":\"https:\\\/\\\/kibrisdakik.com\\\/#\\\/schema\\\/person\\\/9cd9d437bbb44f72b73ba127e06d8e79\"},\"headline\":\"Bo\u011fazk\u00f6y\u2019de seyir halindeki bir ara\u00e7 yand\u0131\",\"datePublished\":\"2024-03-02T15:42:08+00:00\",\"mainEntityOfPage\":{\"@id\":\"https:\\\/\\\/kibrisdakik.com\\\/?p=32156\"},\"wordCount\":80,\"commentCount\":0,\"image\":{\"@id\":\"https:\\\/\\\/kibrisdakik.com\\\/?p=32156#primaryimage\"},\"thumbnailUrl\":\"https:\\\/\\\/kibrisdakik.com\\\/wp-content\\\/uploads\\\/2024\\\/03\\\/Screenshot_20240302_155224_WhatsApp-740x420.jpg\",\"articleSection\":[\"G\u00fcndem\"],\"inLanguage\":\"tr\",\"potentialAction\":[{\"@type\":\"CommentAction\",\"name\":\"Comment\",\"target\":[\"https:\\\/\\\/kibrisdakik.com\\\/?p=32156#respond\"]}]},{\"@type\":\"WebPage\",\"@id\":\"https:\\\/\\\/kibrisdakik.com\\\/?p=32156\",\"url\":\"https:\\\/\\\/kibrisdakik.com\\\/?p=32156\",\"name\":\"Bo\u011fazk\u00f6y\u2019de seyir halindeki bir ara\u00e7 yand\u0131 -\",\"isPartOf\":{\"@id\":\"https:\\\/\\\/kibrisdakik.com\\\/#website\"},\"primaryImageOfPage\":{\"@id\":\"https:\\\/\\\/kibrisdakik.com\\\/?p=32156#primaryimage\"},\"image\":{\"@id\":\"https:\\\/\\\/kibrisdakik.com\\\/?p=32156#primaryimage\"},\"thumbnailUrl\":\"https:\\\/\\\/kibrisdakik.com\\\/wp-content\\\/uploads\\\/2024\\\/03\\\/Screenshot_20240302_155224_WhatsApp-740x420.jpg\",\"datePublished\":\"2024-03-02T15:42:08+00:00\",\"author\":{\"@id\":\"https:\\\/\\\/kibrisdakik.com\\\/#\\\/schema\\\/person\\\/9cd9d437bbb44f72b73ba127e06d8e79\"},\"breadcrumb\":{\"@id\":\"https:\\\/\\\/kibrisdakik.com\\\/?p=32156#breadcrumb\"},\"inLanguage\":\"tr\",\"potentialAction\":[{\"@type\":\"ReadAction\",\"target\":[\"https:\\\/\\\/kibrisdakik.com\\\/?p=32156\"]}]},{\"@type\":\"ImageObject\",\"inLanguage\":\"tr\",\"@id\":\"https:\\\/\\\/kibrisdakik.com\\\/?p=32156#primaryimage\",\"url\":\"https:\\\/\\\/kibrisdakik.com\\\/wp-content\\\/uploads\\\/2024\\\/03\\\/Screenshot_20240302_155224_WhatsApp-740x420.jpg\",\"contentUrl\":\"https:\\\/\\\/kibrisdakik.com\\\/wp-content\\\/uploads\\\/2024\\\/03\\\/Screenshot_20240302_155224_WhatsApp-740x420.jpg\",\"width\":1033,\"height\":739},{\"@type\":\"BreadcrumbList\",\"@id\":\"https:\\\/\\\/kibrisdakik.com\\\/?p=32156#breadcrumb\",\"itemListElement\":[{\"@type\":\"ListItem\",\"position\":1,\"name\":\"Home\",\"item\":\"https:\\\/\\\/kibrisdakik.com\\\/\"},{\"@type\":\"ListItem\",\"position\":2,\"name\":\"Bo\u011fazk\u00f6y\u2019de seyir halindeki bir ara\u00e7 yand\u0131\"}]},{\"@type\":\"WebSite\",\"@id\":\"https:\\\/\\\/kibrisdakik.com\\\/#website\",\"url\":\"https:\\\/\\\/kibrisdakik.com\\\/\",\"name\":\"\",\"description\":\"Tam vaktinde haber\",\"potentialAction\":[{\"@type\":\"SearchAction\",\"target\":{\"@type\":\"EntryPoint\",\"urlTemplate\":\"https:\\\/\\\/kibrisdakik.com\\\/?s={search_term_string}\"},\"query-input\":{\"@type\":\"PropertyValueSpecification\",\"valueRequired\":true,\"valueName\":\"search_term_string\"}}],\"inLanguage\":\"tr\"},{\"@type\":\"Person\",\"@id\":\"https:\\\/\\\/kibrisdakik.com\\\/#\\\/schema\\\/person\\\/9cd9d437bbb44f72b73ba127e06d8e79\",\"name\":\"admin\",\"image\":{\"@type\":\"ImageObject\",\"inLanguage\":\"tr\",\"@id\":\"https:\\\/\\\/secure.gravatar.com\\\/avatar\\\/ccc17943b9d660506c869530f897617f7cb1c21a4bf30023f252596d83e1f007?s=96&d=mm&r=g\",\"url\":\"https:\\\/\\\/secure.gravatar.com\\\/avatar\\\/ccc17943b9d660506c869530f897617f7cb1c21a4bf30023f252596d83e1f007?s=96&d=mm&r=g\",\"contentUrl\":\"https:\\\/\\\/secure.gravatar.com\\\/avatar\\\/ccc17943b9d660506c869530f897617f7cb1c21a4bf30023f252596d83e1f007?s=96&d=mm&r=g\",\"caption\":\"admin\"},\"sameAs\":[\"https:\\\/\\\/kibrisdakik.com\"],\"url\":\"https:\\\/\\\/kibrisdakik.com\\\/?author=1\"}]}<\/script>\n<!-- \/ Yoast SEO plugin. -->","yoast_head_json":{"title":"Bo\u011fazk\u00f6y\u2019de seyir halindeki bir ara\u00e7 yand\u0131 -","robots":{"index":"index","follow":"follow","max-snippet":"max-snippet:-1","max-image-preview":"max-image-preview:large","max-video-preview":"max-video-preview:-1"},"canonical":"https:\/\/kibrisdakik.com\/?p=32156","og_locale":"tr_TR","og_type":"article","og_title":"Bo\u011fazk\u00f6y\u2019de seyir halindeki bir ara\u00e7 yand\u0131 -","og_description":"\u00a0 Girne-Lefko\u015fa ana yolunun Bo\u011fazk\u00f6y civar\u0131nda seyreden JA 539 plakal\u0131 ara\u00e7ta yang\u0131n \u00e7\u0131kt\u0131. Polis Bas\u0131n Subayl\u0131\u011f\u0131ndan verilen bilgiye g\u00f6re, bug\u00fcn saat 15.45 raddelerinde, ana yolda seyir halinde bulunan Serkan \u00d6zbeko\u011flu\u2019nun kullan\u0131m\u0131ndaki JA539 plakal\u0131 jeep ara\u00e7ta, egzoz b\u00f6l\u00fcm\u00fcndeki partik\u00fcl filtresinin t\u0131kanmas\u0131 sonucu yang\u0131n \u00e7\u0131kt\u0131. Yang\u0131n, itfaiye ekiplerinin m\u00fcdahalesiyle s\u00f6nd\u00fcr\u00fcld\u00fc.","og_url":"https:\/\/kibrisdakik.com\/?p=32156","article_published_time":"2024-03-02T15:42:08+00:00","og_image":[{"width":1033,"height":739,"url":"https:\/\/kibrisdakik.com\/wp-content\/uploads\/2024\/03\/Screenshot_20240302_155224_WhatsApp-740x420.jpg","type":"image\/jpeg"}],"author":"admin","twitter_card":"summary_large_image","twitter_misc":{"Yazan:":"admin"},"schema":{"@context":"https:\/\/schema.org","@graph":[{"@type":"Article","@id":"https:\/\/kibrisdakik.com\/?p=32156#article","isPartOf":{"@id":"https:\/\/kibrisdakik.com\/?p=32156"},"author":{"name":"admin","@id":"https:\/\/kibrisdakik.com\/#\/schema\/person\/9cd9d437bbb44f72b73ba127e06d8e79"},"headline":"Bo\u011fazk\u00f6y\u2019de seyir halindeki bir ara\u00e7 yand\u0131","datePublished":"2024-03-02T15:42:08+00:00","mainEntityOfPage":{"@id":"https:\/\/kibrisdakik.com\/?p=32156"},"wordCount":80,"commentCount":0,"image":{"@id":"https:\/\/kibrisdakik.com\/?p=32156#primaryimage"},"thumbnailUrl":"https:\/\/kibrisdakik.com\/wp-content\/uploads\/2024\/03\/Screenshot_20240302_155224_WhatsApp-740x420.jpg","articleSection":["G\u00fcndem"],"inLanguage":"tr","potentialAction":[{"@type":"CommentAction","name":"Comment","target":["https:\/\/kibrisdakik.com\/?p=32156#respond"]}]},{"@type":"WebPage","@id":"https:\/\/kibrisdakik.com\/?p=32156","url":"https:\/\/kibrisdakik.com\/?p=32156","name":"Bo\u011fazk\u00f6y\u2019de seyir halindeki bir ara\u00e7 yand\u0131 -","isPartOf":{"@id":"https:\/\/kibrisdakik.com\/#website"},"primaryImageOfPage":{"@id":"https:\/\/kibrisdakik.com\/?p=32156#primaryimage"},"image":{"@id":"https:\/\/kibrisdakik.com\/?p=32156#primaryimage"},"thumbnailUrl":"https:\/\/kibrisdakik.com\/wp-content\/uploads\/2024\/03\/Screenshot_20240302_155224_WhatsApp-740x420.jpg","datePublished":"2024-03-02T15:42:08+00:00","author":{"@id":"https:\/\/kibrisdakik.com\/#\/schema\/person\/9cd9d437bbb44f72b73ba127e06d8e79"},"breadcrumb":{"@id":"https:\/\/kibrisdakik.com\/?p=32156#breadcrumb"},"inLanguage":"tr","potentialAction":[{"@type":"ReadAction","target":["https:\/\/kibrisdakik.com\/?p=32156"]}]},{"@type":"ImageObject","inLanguage":"tr","@id":"https:\/\/kibrisdakik.com\/?p=32156#primaryimage","url":"https:\/\/kibrisdakik.com\/wp-content\/uploads\/2024\/03\/Screenshot_20240302_155224_WhatsApp-740x420.jpg","contentUrl":"https:\/\/kibrisdakik.com\/wp-content\/uploads\/2024\/03\/Screenshot_20240302_155224_WhatsApp-740x420.jpg","width":1033,"height":739},{"@type":"BreadcrumbList","@id":"https:\/\/kibrisdakik.com\/?p=32156#breadcrumb","itemListElement":[{"@type":"ListItem","position":1,"name":"Home","item":"https:\/\/kibrisdakik.com\/"},{"@type":"ListItem","position":2,"name":"Bo\u011fazk\u00f6y\u2019de seyir halindeki bir ara\u00e7 yand\u0131"}]},{"@type":"WebSite","@id":"https:\/\/kibrisdakik.com\/#website","url":"https:\/\/kibrisdakik.com\/","name":"","description":"Tam vaktinde haber","potentialAction":[{"@type":"SearchAction","target":{"@type":"EntryPoint","urlTemplate":"https:\/\/kibrisdakik.com\/?s={search_term_string}"},"query-input":{"@type":"PropertyValueSpecification","valueRequired":true,"valueName":"search_term_string"}}],"inLanguage":"tr"},{"@type":"Person","@id":"https:\/\/kibrisdakik.com\/#\/schema\/person\/9cd9d437bbb44f72b73ba127e06d8e79","name":"admin","image":{"@type":"ImageObject","inLanguage":"tr","@id":"https:\/\/secure.gravatar.com\/avatar\/ccc17943b9d660506c869530f897617f7cb1c21a4bf30023f252596d83e1f007?s=96&d=mm&r=g","url":"https:\/\/secure.gravatar.com\/avatar\/ccc17943b9d660506c869530f897617f7cb1c21a4bf30023f252596d83e1f007?s=96&d=mm&r=g","contentUrl":"https:\/\/secure.gravatar.com\/avatar\/ccc17943b9d660506c869530f897617f7cb1c21a4bf30023f252596d83e1f007?s=96&d=mm&r=g","caption":"admin"},"sameAs":["https:\/\/kibrisdakik.com"],"url":"https:\/\/kibrisdakik.com\/?author=1"}]}},"_links":{"self":[{"href":"https:\/\/kibrisdakik.com\/index.php?rest_route=\/wp\/v2\/posts\/32156","targetHints":{"allow":["GET"]}}],"collection":[{"href":"https:\/\/kibrisdakik.com\/index.php?rest_route=\/wp\/v2\/posts"}],"about":[{"href":"https:\/\/kibrisdakik.com\/index.php?rest_route=\/wp\/v2\/types\/post"}],"author":[{"embeddable":true,"href":"https:\/\/kibrisdakik.com\/index.php?rest_route=\/wp\/v2\/users\/1"}],"replies":[{"embeddable":true,"href":"https:\/\/kibrisdakik.com\/index.php?rest_route=%2Fwp%2Fv2%2Fcomments&post=32156"}],"version-history":[{"count":0,"href":"https:\/\/kibrisdakik.com\/index.php?rest_route=\/wp\/v2\/posts\/32156\/revisions"}],"wp:featuredmedia":[{"embeddable":true,"href":"https:\/\/kibrisdakik.com\/index.php?rest_route=\/wp\/v2\/media\/32157"}],"wp:attachment":[{"href":"https:\/\/kibrisdakik.com\/index.php?rest_route=%2Fwp%2Fv2%2Fmedia&parent=32156"}],"wp:term":[{"taxonomy":"category","embeddable":true,"href":"https:\/\/kibrisdakik.com\/index.php?rest_route=%2Fwp%2Fv2%2Fcategories&post=32156"},{"taxonomy":"post_tag","embeddable":true,"href":"https:\/\/kibrisdakik.com\/index.php?rest_route=%2Fwp%2Fv2%2Ftags&post=32156"}],"curies":[{"name":"wp","href":"https:\/\/api.w.org\/{rel}","templated":true}]}}