{"id":32205,"date":"2024-03-03T08:57:00","date_gmt":"2024-03-03T08:57:00","guid":{"rendered":"https:\/\/kibrisdakik.com\/index.php\/2024\/03\/03\/olduren-sir-filminin-galasi-persembe-aksami-yapildi\/"},"modified":"2024-03-03T08:57:00","modified_gmt":"2024-03-03T08:57:00","slug":"olduren-sir-filminin-galasi-persembe-aksami-yapildi","status":"publish","type":"post","link":"https:\/\/kibrisdakik.com\/?p=32205","title":{"rendered":"\u201c\u00d6ld\u00fcren S\u0131r\u201d filminin galas\u0131 per\u015fembe ak\u015fam\u0131 yap\u0131ld\u0131"},"content":{"rendered":"<p><img decoding=\"async\" src=\"https:\/\/www.kibristurk.com\/images\/haberler\/2024\/03\/olduren-sir-filminin-galasi-persembe-aksami-yapildi-1709456322.webp\" \/><\/p>\n<p><span style=\"font-size:11pt\"><span style=\"font-family:Calibri,sans-serif\"><span style=\"font-size:13.0pt\">Filmin yap\u0131mc\u0131lar\u0131ndan yap\u0131lan a\u00e7\u0131klamaya g\u00f6re, y\u00f6netmen koltu\u011funda \u0130brahim Halil ve Muhammed Abdullah\u2019\u0131n oldu\u011fu filmin ba\u015frol\u00fcnde Sinan G\u00fcrzap ve Feyza Ong\u00fcl yer al\u0131yor.<\/span><\/span><\/span><\/p>\n<p>&nbsp;<\/p>\n<p><span style=\"font-size:11pt\"><span style=\"font-family:Calibri,sans-serif\"><span style=\"font-size:13.0pt\">Filmde, ayr\u0131ca, T\u00fcrkiye\u2019den seslendirme sanat\u00e7\u0131s\u0131 Elif Baysal konuk oyuncu olarak yer al\u0131rken, Baysal\u2019\u0131n yer ald\u0131\u011f\u0131 sahnelerde yerli y\u00f6netmenlerden Mustafa Ersenal da filme destek veriyor. <\/span><\/span><\/span><\/p>\n<p>&nbsp;<\/p>\n<p><span style=\"font-size:11pt\"><span style=\"font-family:Calibri,sans-serif\"><span style=\"font-size:13.0pt\">Filmde yer alan oyuncular \u015fu \u015fekilde: <\/span><\/span><\/span><\/p>\n<p>&nbsp;<\/p>\n<p><span style=\"font-size:11pt\"><span style=\"font-family:Calibri,sans-serif\"><span style=\"font-size:13.0pt\">\u201cTufan Vudal\u0131, Beyza Aksoy, Ogan G\u00fcntem, Tu\u011f\u00e7e \u00d6ren, Erkut Co\u015fkuner, G\u00f6zde Akyel, Enis \u0130mral\u0131, Ener \u0130mral\u0131, Ruslan Elizade, \u00d6zlem T\u00fcyl\u00fco\u011flu, Memduh Erensoy, Asya Erensoy, Kadir Evre, Evren Ba\u011flarba\u015f\u0131, Ali Denker, G\u00f6khan Emirkan\u0131, Cemaliye Numan, Ali Fahri, Evrim Karakaya\u201d<\/span><\/span><\/span><\/p>\n<p>&nbsp;<\/p>\n<p><span style=\"font-size:11pt\"><span style=\"font-family:Calibri,sans-serif\"><span style=\"font-size:13.0pt\">Galada konu\u015fma yapan yap\u0131mc\u0131 Oya Kutsal, \u201cB\u00fct\u00fcn amac\u0131m\u0131z, b\u00fct\u00fcn i\u015fimiz g\u00fcc\u00fcm\u00fcz K\u0131br\u0131s\u2019ta filmcili\u011fin s\u0131f\u0131r noktas\u0131 olmay\u0131 ba\u015farmak. Ba\u015fka da amac\u0131m\u0131z yok. Gen\u00e7lere verdi\u011fimiz deste\u011fin yegane amac\u0131 da bu. \u00c7\u00fcnk\u00fc hayatta her \u015fey s\u0131f\u0131rdan ba\u015flar ve biz bu u\u011furda \u00e7al\u0131\u015fmaya, sonuna kadar m\u00fccadele etmeye, d\u00fc\u015fe kalka, her ad\u0131mda bir \u015fey \u00f6\u011frenerek ve hi\u00e7 kimseden hi\u00e7 bir \u015fey beklemeden devam edece\u011fiz.\u201d dedi.<\/span><\/span><\/span><\/p>\n<p>&nbsp;<\/p>\n<p><span style=\"font-size:11pt\"><span style=\"font-family:Calibri,sans-serif\"><span style=\"font-size:13.0pt\">Filmin g\u00f6sterim yeri, g\u00fcn ve saatleri gelecek hafta halka duyurulacak.<\/span><\/span><\/span><\/p>\n","protected":false},"excerpt":{"rendered":"<p>Filmin yap\u0131mc\u0131lar\u0131ndan yap\u0131lan a\u00e7\u0131klamaya g\u00f6re, y\u00f6netmen koltu\u011funda \u0130brahim Halil ve Muhammed Abdullah\u2019\u0131n oldu\u011fu filmin ba\u015frol\u00fcnde Sinan G\u00fcrzap ve Feyza Ong\u00fcl yer al\u0131yor. &nbsp; Filmde, ayr\u0131ca, T\u00fcrkiye\u2019den seslendirme sanat\u00e7\u0131s\u0131 Elif Baysal konuk oyuncu olarak yer al\u0131rken, Baysal\u2019\u0131n yer ald\u0131\u011f\u0131 sahnelerde yerli y\u00f6netmenlerden Mustafa Ersenal da filme destek veriyor. &nbsp; Filmde yer alan oyuncular \u015fu \u015fekilde: &nbsp;<\/p>\n","protected":false},"author":1,"featured_media":32206,"comment_status":"open","ping_status":"open","sticky":false,"template":"","format":"standard","meta":{"footnotes":""},"categories":[1],"tags":[],"class_list":["post-32205","post","type-post","status-publish","format-standard","has-post-thumbnail","hentry","category-gundem"],"yoast_head":"<!-- This site is optimized with the Yoast SEO plugin v27.5 - https:\/\/yoast.com\/product\/yoast-seo-wordpress\/ -->\n<title>\u201c\u00d6ld\u00fcren S\u0131r\u201d filminin galas\u0131 per\u015fembe ak\u015fam\u0131 yap\u0131ld\u0131 -<\/title>\n<meta name=\"robots\" content=\"index, follow, max-snippet:-1, max-image-preview:large, max-video-preview:-1\" \/>\n<link rel=\"canonical\" href=\"https:\/\/kibrisdakik.com\/?p=32205\" \/>\n<meta property=\"og:locale\" content=\"tr_TR\" \/>\n<meta property=\"og:type\" content=\"article\" \/>\n<meta property=\"og:title\" content=\"\u201c\u00d6ld\u00fcren S\u0131r\u201d filminin galas\u0131 per\u015fembe ak\u015fam\u0131 yap\u0131ld\u0131 -\" \/>\n<meta property=\"og:description\" content=\"Filmin yap\u0131mc\u0131lar\u0131ndan yap\u0131lan a\u00e7\u0131klamaya g\u00f6re, y\u00f6netmen koltu\u011funda \u0130brahim Halil ve Muhammed Abdullah\u2019\u0131n oldu\u011fu filmin ba\u015frol\u00fcnde Sinan G\u00fcrzap ve Feyza Ong\u00fcl yer al\u0131yor. &nbsp; Filmde, ayr\u0131ca, T\u00fcrkiye\u2019den seslendirme sanat\u00e7\u0131s\u0131 Elif Baysal konuk oyuncu olarak yer al\u0131rken, Baysal\u2019\u0131n yer ald\u0131\u011f\u0131 sahnelerde yerli y\u00f6netmenlerden Mustafa Ersenal da filme destek veriyor. &nbsp; Filmde yer alan oyuncular \u015fu \u015fekilde: &nbsp;\" \/>\n<meta property=\"og:url\" content=\"https:\/\/kibrisdakik.com\/?p=32205\" \/>\n<meta property=\"article:published_time\" content=\"2024-03-03T08:57:00+00:00\" \/>\n<meta property=\"og:image\" content=\"https:\/\/kibrisdakik.com\/wp-content\/uploads\/2024\/03\/olduren-sir-filminin-galasi-persembe-aksami-yapildi-1709456322.webp.webp\" \/>\n\t<meta property=\"og:image:width\" content=\"710\" \/>\n\t<meta property=\"og:image:height\" content=\"370\" \/>\n\t<meta property=\"og:image:type\" content=\"image\/webp\" \/>\n<meta name=\"author\" content=\"admin\" \/>\n<meta name=\"twitter:card\" content=\"summary_large_image\" \/>\n<meta name=\"twitter:label1\" content=\"Yazan:\" \/>\n\t<meta name=\"twitter:data1\" content=\"admin\" \/>\n\t<meta name=\"twitter:label2\" content=\"Tahmini okuma s\u00fcresi\" \/>\n\t<meta name=\"twitter:data2\" content=\"1 dakika\" \/>\n<script type=\"application\/ld+json\" class=\"yoast-schema-graph\">{\"@context\":\"https:\\\/\\\/schema.org\",\"@graph\":[{\"@type\":\"Article\",\"@id\":\"https:\\\/\\\/kibrisdakik.com\\\/?p=32205#article\",\"isPartOf\":{\"@id\":\"https:\\\/\\\/kibrisdakik.com\\\/?p=32205\"},\"author\":{\"name\":\"admin\",\"@id\":\"https:\\\/\\\/kibrisdakik.com\\\/#\\\/schema\\\/person\\\/9cd9d437bbb44f72b73ba127e06d8e79\"},\"headline\":\"\u201c\u00d6ld\u00fcren S\u0131r\u201d filminin galas\u0131 per\u015fembe ak\u015fam\u0131 yap\u0131ld\u0131\",\"datePublished\":\"2024-03-03T08:57:00+00:00\",\"mainEntityOfPage\":{\"@id\":\"https:\\\/\\\/kibrisdakik.com\\\/?p=32205\"},\"wordCount\":244,\"commentCount\":0,\"image\":{\"@id\":\"https:\\\/\\\/kibrisdakik.com\\\/?p=32205#primaryimage\"},\"thumbnailUrl\":\"https:\\\/\\\/kibrisdakik.com\\\/wp-content\\\/uploads\\\/2024\\\/03\\\/olduren-sir-filminin-galasi-persembe-aksami-yapildi-1709456322.webp.webp\",\"articleSection\":[\"G\u00fcndem\"],\"inLanguage\":\"tr\",\"potentialAction\":[{\"@type\":\"CommentAction\",\"name\":\"Comment\",\"target\":[\"https:\\\/\\\/kibrisdakik.com\\\/?p=32205#respond\"]}]},{\"@type\":\"WebPage\",\"@id\":\"https:\\\/\\\/kibrisdakik.com\\\/?p=32205\",\"url\":\"https:\\\/\\\/kibrisdakik.com\\\/?p=32205\",\"name\":\"\u201c\u00d6ld\u00fcren S\u0131r\u201d filminin galas\u0131 per\u015fembe ak\u015fam\u0131 yap\u0131ld\u0131 -\",\"isPartOf\":{\"@id\":\"https:\\\/\\\/kibrisdakik.com\\\/#website\"},\"primaryImageOfPage\":{\"@id\":\"https:\\\/\\\/kibrisdakik.com\\\/?p=32205#primaryimage\"},\"image\":{\"@id\":\"https:\\\/\\\/kibrisdakik.com\\\/?p=32205#primaryimage\"},\"thumbnailUrl\":\"https:\\\/\\\/kibrisdakik.com\\\/wp-content\\\/uploads\\\/2024\\\/03\\\/olduren-sir-filminin-galasi-persembe-aksami-yapildi-1709456322.webp.webp\",\"datePublished\":\"2024-03-03T08:57:00+00:00\",\"author\":{\"@id\":\"https:\\\/\\\/kibrisdakik.com\\\/#\\\/schema\\\/person\\\/9cd9d437bbb44f72b73ba127e06d8e79\"},\"breadcrumb\":{\"@id\":\"https:\\\/\\\/kibrisdakik.com\\\/?p=32205#breadcrumb\"},\"inLanguage\":\"tr\",\"potentialAction\":[{\"@type\":\"ReadAction\",\"target\":[\"https:\\\/\\\/kibrisdakik.com\\\/?p=32205\"]}]},{\"@type\":\"ImageObject\",\"inLanguage\":\"tr\",\"@id\":\"https:\\\/\\\/kibrisdakik.com\\\/?p=32205#primaryimage\",\"url\":\"https:\\\/\\\/kibrisdakik.com\\\/wp-content\\\/uploads\\\/2024\\\/03\\\/olduren-sir-filminin-galasi-persembe-aksami-yapildi-1709456322.webp.webp\",\"contentUrl\":\"https:\\\/\\\/kibrisdakik.com\\\/wp-content\\\/uploads\\\/2024\\\/03\\\/olduren-sir-filminin-galasi-persembe-aksami-yapildi-1709456322.webp.webp\",\"width\":710,\"height\":370},{\"@type\":\"BreadcrumbList\",\"@id\":\"https:\\\/\\\/kibrisdakik.com\\\/?p=32205#breadcrumb\",\"itemListElement\":[{\"@type\":\"ListItem\",\"position\":1,\"name\":\"Home\",\"item\":\"https:\\\/\\\/kibrisdakik.com\\\/\"},{\"@type\":\"ListItem\",\"position\":2,\"name\":\"\u201c\u00d6ld\u00fcren S\u0131r\u201d filminin galas\u0131 per\u015fembe ak\u015fam\u0131 yap\u0131ld\u0131\"}]},{\"@type\":\"WebSite\",\"@id\":\"https:\\\/\\\/kibrisdakik.com\\\/#website\",\"url\":\"https:\\\/\\\/kibrisdakik.com\\\/\",\"name\":\"\",\"description\":\"Tam vaktinde haber\",\"potentialAction\":[{\"@type\":\"SearchAction\",\"target\":{\"@type\":\"EntryPoint\",\"urlTemplate\":\"https:\\\/\\\/kibrisdakik.com\\\/?s={search_term_string}\"},\"query-input\":{\"@type\":\"PropertyValueSpecification\",\"valueRequired\":true,\"valueName\":\"search_term_string\"}}],\"inLanguage\":\"tr\"},{\"@type\":\"Person\",\"@id\":\"https:\\\/\\\/kibrisdakik.com\\\/#\\\/schema\\\/person\\\/9cd9d437bbb44f72b73ba127e06d8e79\",\"name\":\"admin\",\"image\":{\"@type\":\"ImageObject\",\"inLanguage\":\"tr\",\"@id\":\"https:\\\/\\\/secure.gravatar.com\\\/avatar\\\/ccc17943b9d660506c869530f897617f7cb1c21a4bf30023f252596d83e1f007?s=96&d=mm&r=g\",\"url\":\"https:\\\/\\\/secure.gravatar.com\\\/avatar\\\/ccc17943b9d660506c869530f897617f7cb1c21a4bf30023f252596d83e1f007?s=96&d=mm&r=g\",\"contentUrl\":\"https:\\\/\\\/secure.gravatar.com\\\/avatar\\\/ccc17943b9d660506c869530f897617f7cb1c21a4bf30023f252596d83e1f007?s=96&d=mm&r=g\",\"caption\":\"admin\"},\"sameAs\":[\"https:\\\/\\\/kibrisdakik.com\"],\"url\":\"https:\\\/\\\/kibrisdakik.com\\\/?author=1\"}]}<\/script>\n<!-- \/ Yoast SEO plugin. -->","yoast_head_json":{"title":"\u201c\u00d6ld\u00fcren S\u0131r\u201d filminin galas\u0131 per\u015fembe ak\u015fam\u0131 yap\u0131ld\u0131 -","robots":{"index":"index","follow":"follow","max-snippet":"max-snippet:-1","max-image-preview":"max-image-preview:large","max-video-preview":"max-video-preview:-1"},"canonical":"https:\/\/kibrisdakik.com\/?p=32205","og_locale":"tr_TR","og_type":"article","og_title":"\u201c\u00d6ld\u00fcren S\u0131r\u201d filminin galas\u0131 per\u015fembe ak\u015fam\u0131 yap\u0131ld\u0131 -","og_description":"Filmin yap\u0131mc\u0131lar\u0131ndan yap\u0131lan a\u00e7\u0131klamaya g\u00f6re, y\u00f6netmen koltu\u011funda \u0130brahim Halil ve Muhammed Abdullah\u2019\u0131n oldu\u011fu filmin ba\u015frol\u00fcnde Sinan G\u00fcrzap ve Feyza Ong\u00fcl yer al\u0131yor. &nbsp; Filmde, ayr\u0131ca, T\u00fcrkiye\u2019den seslendirme sanat\u00e7\u0131s\u0131 Elif Baysal konuk oyuncu olarak yer al\u0131rken, Baysal\u2019\u0131n yer ald\u0131\u011f\u0131 sahnelerde yerli y\u00f6netmenlerden Mustafa Ersenal da filme destek veriyor. &nbsp; Filmde yer alan oyuncular \u015fu \u015fekilde: &nbsp;","og_url":"https:\/\/kibrisdakik.com\/?p=32205","article_published_time":"2024-03-03T08:57:00+00:00","og_image":[{"width":710,"height":370,"url":"https:\/\/kibrisdakik.com\/wp-content\/uploads\/2024\/03\/olduren-sir-filminin-galasi-persembe-aksami-yapildi-1709456322.webp.webp","type":"image\/webp"}],"author":"admin","twitter_card":"summary_large_image","twitter_misc":{"Yazan:":"admin","Tahmini okuma s\u00fcresi":"1 dakika"},"schema":{"@context":"https:\/\/schema.org","@graph":[{"@type":"Article","@id":"https:\/\/kibrisdakik.com\/?p=32205#article","isPartOf":{"@id":"https:\/\/kibrisdakik.com\/?p=32205"},"author":{"name":"admin","@id":"https:\/\/kibrisdakik.com\/#\/schema\/person\/9cd9d437bbb44f72b73ba127e06d8e79"},"headline":"\u201c\u00d6ld\u00fcren S\u0131r\u201d filminin galas\u0131 per\u015fembe ak\u015fam\u0131 yap\u0131ld\u0131","datePublished":"2024-03-03T08:57:00+00:00","mainEntityOfPage":{"@id":"https:\/\/kibrisdakik.com\/?p=32205"},"wordCount":244,"commentCount":0,"image":{"@id":"https:\/\/kibrisdakik.com\/?p=32205#primaryimage"},"thumbnailUrl":"https:\/\/kibrisdakik.com\/wp-content\/uploads\/2024\/03\/olduren-sir-filminin-galasi-persembe-aksami-yapildi-1709456322.webp.webp","articleSection":["G\u00fcndem"],"inLanguage":"tr","potentialAction":[{"@type":"CommentAction","name":"Comment","target":["https:\/\/kibrisdakik.com\/?p=32205#respond"]}]},{"@type":"WebPage","@id":"https:\/\/kibrisdakik.com\/?p=32205","url":"https:\/\/kibrisdakik.com\/?p=32205","name":"\u201c\u00d6ld\u00fcren S\u0131r\u201d filminin galas\u0131 per\u015fembe ak\u015fam\u0131 yap\u0131ld\u0131 -","isPartOf":{"@id":"https:\/\/kibrisdakik.com\/#website"},"primaryImageOfPage":{"@id":"https:\/\/kibrisdakik.com\/?p=32205#primaryimage"},"image":{"@id":"https:\/\/kibrisdakik.com\/?p=32205#primaryimage"},"thumbnailUrl":"https:\/\/kibrisdakik.com\/wp-content\/uploads\/2024\/03\/olduren-sir-filminin-galasi-persembe-aksami-yapildi-1709456322.webp.webp","datePublished":"2024-03-03T08:57:00+00:00","author":{"@id":"https:\/\/kibrisdakik.com\/#\/schema\/person\/9cd9d437bbb44f72b73ba127e06d8e79"},"breadcrumb":{"@id":"https:\/\/kibrisdakik.com\/?p=32205#breadcrumb"},"inLanguage":"tr","potentialAction":[{"@type":"ReadAction","target":["https:\/\/kibrisdakik.com\/?p=32205"]}]},{"@type":"ImageObject","inLanguage":"tr","@id":"https:\/\/kibrisdakik.com\/?p=32205#primaryimage","url":"https:\/\/kibrisdakik.com\/wp-content\/uploads\/2024\/03\/olduren-sir-filminin-galasi-persembe-aksami-yapildi-1709456322.webp.webp","contentUrl":"https:\/\/kibrisdakik.com\/wp-content\/uploads\/2024\/03\/olduren-sir-filminin-galasi-persembe-aksami-yapildi-1709456322.webp.webp","width":710,"height":370},{"@type":"BreadcrumbList","@id":"https:\/\/kibrisdakik.com\/?p=32205#breadcrumb","itemListElement":[{"@type":"ListItem","position":1,"name":"Home","item":"https:\/\/kibrisdakik.com\/"},{"@type":"ListItem","position":2,"name":"\u201c\u00d6ld\u00fcren S\u0131r\u201d filminin galas\u0131 per\u015fembe ak\u015fam\u0131 yap\u0131ld\u0131"}]},{"@type":"WebSite","@id":"https:\/\/kibrisdakik.com\/#website","url":"https:\/\/kibrisdakik.com\/","name":"","description":"Tam vaktinde haber","potentialAction":[{"@type":"SearchAction","target":{"@type":"EntryPoint","urlTemplate":"https:\/\/kibrisdakik.com\/?s={search_term_string}"},"query-input":{"@type":"PropertyValueSpecification","valueRequired":true,"valueName":"search_term_string"}}],"inLanguage":"tr"},{"@type":"Person","@id":"https:\/\/kibrisdakik.com\/#\/schema\/person\/9cd9d437bbb44f72b73ba127e06d8e79","name":"admin","image":{"@type":"ImageObject","inLanguage":"tr","@id":"https:\/\/secure.gravatar.com\/avatar\/ccc17943b9d660506c869530f897617f7cb1c21a4bf30023f252596d83e1f007?s=96&d=mm&r=g","url":"https:\/\/secure.gravatar.com\/avatar\/ccc17943b9d660506c869530f897617f7cb1c21a4bf30023f252596d83e1f007?s=96&d=mm&r=g","contentUrl":"https:\/\/secure.gravatar.com\/avatar\/ccc17943b9d660506c869530f897617f7cb1c21a4bf30023f252596d83e1f007?s=96&d=mm&r=g","caption":"admin"},"sameAs":["https:\/\/kibrisdakik.com"],"url":"https:\/\/kibrisdakik.com\/?author=1"}]}},"_links":{"self":[{"href":"https:\/\/kibrisdakik.com\/index.php?rest_route=\/wp\/v2\/posts\/32205","targetHints":{"allow":["GET"]}}],"collection":[{"href":"https:\/\/kibrisdakik.com\/index.php?rest_route=\/wp\/v2\/posts"}],"about":[{"href":"https:\/\/kibrisdakik.com\/index.php?rest_route=\/wp\/v2\/types\/post"}],"author":[{"embeddable":true,"href":"https:\/\/kibrisdakik.com\/index.php?rest_route=\/wp\/v2\/users\/1"}],"replies":[{"embeddable":true,"href":"https:\/\/kibrisdakik.com\/index.php?rest_route=%2Fwp%2Fv2%2Fcomments&post=32205"}],"version-history":[{"count":0,"href":"https:\/\/kibrisdakik.com\/index.php?rest_route=\/wp\/v2\/posts\/32205\/revisions"}],"wp:featuredmedia":[{"embeddable":true,"href":"https:\/\/kibrisdakik.com\/index.php?rest_route=\/wp\/v2\/media\/32206"}],"wp:attachment":[{"href":"https:\/\/kibrisdakik.com\/index.php?rest_route=%2Fwp%2Fv2%2Fmedia&parent=32205"}],"wp:term":[{"taxonomy":"category","embeddable":true,"href":"https:\/\/kibrisdakik.com\/index.php?rest_route=%2Fwp%2Fv2%2Fcategories&post=32205"},{"taxonomy":"post_tag","embeddable":true,"href":"https:\/\/kibrisdakik.com\/index.php?rest_route=%2Fwp%2Fv2%2Ftags&post=32205"}],"curies":[{"name":"wp","href":"https:\/\/api.w.org\/{rel}","templated":true}]}}