{"id":32241,"date":"2024-03-03T13:49:07","date_gmt":"2024-03-03T13:49:07","guid":{"rendered":"https:\/\/kibrisdakik.com\/index.php\/2024\/03\/03\/iskele-belediyesi-13-kultur-sanat-gunleri-yarin-basliyor\/"},"modified":"2024-03-03T13:49:07","modified_gmt":"2024-03-03T13:49:07","slug":"iskele-belediyesi-13-kultur-sanat-gunleri-yarin-basliyor","status":"publish","type":"post","link":"https:\/\/kibrisdakik.com\/?p=32241","title":{"rendered":"\u0130skele Belediyesi 13. K\u00fclt\u00fcr &amp; Sanat G\u00fcnleri\u201d yar\u0131n ba\u015fl\u0131yor"},"content":{"rendered":"<p><img decoding=\"async\" src=\"https:\/\/www.kibristurk.com\/images\/haberler\/2024\/03\/iskele-belediyesi-13-kultur-sanat-gunleri-yarin-basliyor-1709470655.webp\" \/><\/p>\n<p><span style=\"font-size:11pt\"><span style=\"font-family:Calibri,sans-serif\">\u0130skele Belediyesinden yap\u0131lan yaz\u0131l\u0131 a\u00e7\u0131klamaya g\u00f6re, 29 Mart Cuma g\u00fcn\u00fcne kadar s\u00fcrecek K\u00fclt\u00fcr &amp; Sanat G\u00fcnleri saat 19.00\u2019da \u0130skele Belediyesi K\u00fclt\u00fcr Evi \u00f6n\u00fcndeki a\u00e7\u0131l\u0131\u015f t\u00f6renini ve \u0130skele Belediye Korosunun \u0130skele AKM\u2019de saat 19.30\u2019da verece\u011fi konserle ba\u015flayacak.<\/span><\/span><\/p>\n<p>&nbsp;<\/p>\n<p><span style=\"font-size:11pt\"><span style=\"font-family:Calibri,sans-serif\">K\u00fclt\u00fcr &amp; Sanat g\u00fcnleri kapsam\u0131nda hem \u00e7ocuklar hem de yeti\u015fkinlere y\u00f6nelik olarak d\u00fczenlenecek etkinlikle kat\u0131l\u0131m \u00fccretsiz olacak.<\/span><\/span><\/p>\n<p>&nbsp;<\/p>\n<p><span style=\"font-size:11pt\"><span style=\"font-family:Calibri,sans-serif\">Etkinlik program\u0131 \u015f\u00f6yle:<\/span><\/span><\/p>\n<p>&nbsp;<\/p>\n<p><span style=\"font-size:11pt\"><span style=\"font-family:Calibri,sans-serif\">\u201c5 Mart Sal\u0131 g\u00fcn\u00fc 2 seanstan olu\u015facak \u0130skele AKM\u2019deki etkinlikte \u00e7ocuklar; ill\u00fczyon show \u2013 vantrolog kuklas\u0131 haydar &#8211; jongl\u00f6r g\u00f6sterisini izleyebilecek.<\/span><\/span><\/p>\n<p>&nbsp;<\/p>\n<p><span style=\"font-size:11pt\"><span style=\"font-family:Calibri,sans-serif\">6 Mart \u00c7ar\u015famba g\u00fcn\u00fc \u00e7ocuklar i\u00e7in unutulmu\u015f \u00e7ocuk oyunlar\u0131, \u0130skele Belediyesi K\u00fclt\u00fcr Evi bah\u00e7esinde ger\u00e7ekle\u015fecek.<\/span><\/span><\/p>\n<p>&nbsp;<\/p>\n<p><span style=\"font-size:11pt\"><span style=\"font-family:Calibri,sans-serif\">7 Mart Per\u015fembe g\u00fcn\u00fc Tiyatro sanat\u00e7\u0131s\u0131 Nazan Kesal, \u0130skele\u2019de tiyatro severlerle bulu\u015facak.<\/span><\/span><\/p>\n<p>&nbsp;<\/p>\n<p><span style=\"font-size:11pt\"><span style=\"font-family:Calibri,sans-serif\">\u015eebnem \u0130\u015fig\u00fczel\u2019in kaleme ald\u0131\u011f\u0131 Berfin Zenderlio\u011flu\u2019nun y\u00f6netti\u011fi tek ki\u015filik \u2018Yaralar\u0131m A\u015fktand\u0131r\u2019 isimli tiyatro oyunuyla izleyenlerin kar\u015f\u0131s\u0131na \u00e7\u0131kmaya haz\u0131rlanan Nazan Kesal, \u0130ran \u015fiirinin isyank\u00e2r sesi F\u00fcru\u011f Ferruhzad\u2019\u0131n nefesini, \u0130skele AKM\u2019de sahnesine ta\u015f\u0131yacak. Oyun saat 19.00\u2019da \u0130skele AKM\u2019de sahnelenecek. Oyunun ard\u0131ndan azan Kesal\u2019\u0131n y\u00f6netmenli\u011fini yapt\u0131\u011f\u0131 2013 yap\u0131m, kentin kenar\u0131nda bir evde, gen\u00e7 bir kad\u0131n\u0131n son 12 dakikas\u0131n\u0131n anlat\u0131ld\u0131\u011f\u0131 Sal\u0131ncak isimli k\u0131sa film g\u00f6sterimi yap\u0131lacak.<\/span><\/span><\/p>\n<p>&nbsp;<\/p>\n<p><span style=\"font-size:11pt\"><span style=\"font-family:Calibri,sans-serif\">8 Mart Cuma g\u00fcn\u00fc saat 19.00\u2019da, yabanc\u0131 \u00fclkeler gecesi \u0130skele AKM\u2019de yer alacak.<\/span><\/span><\/p>\n<p>&nbsp;<\/p>\n<p><span style=\"font-size:11pt\"><span style=\"font-family:Calibri,sans-serif\">11 Mart Pazartesi ve 18 Mart Pazartesi KKTC\u2019li tiyatro sanat\u00e7\u0131s\u0131 \u0130zel Seylani, saat 10.00 ve 11.00\u2019de 2\u2019\u015fer seanstan olu\u015facak Karag\u00f6z Gizli Hazine ile \u0130skele AKM\u2019de b\u00f6lge okullar\u0131ndaki \u00e7ocuklarla bulu\u015facak.<\/span><\/span><\/p>\n<p>&nbsp;<\/p>\n<p><span style=\"font-size:11pt\"><span style=\"font-family:Calibri,sans-serif\">12 Mart Sal\u0131 g\u00fcn\u00fc Mastercheff Tanya Kilitkayal\u0131 ve U\u011fur Y\u0131lmaz Deniz, saat 10.00\u2019da gastronomi s\u00f6yle\u015fisiyle \u0130skele AKM\u2019de Workshop\u2019la da \u0130skele Belediyesi K\u00fclt\u00fcr Evi\u2019nde olacak.<\/span><\/span><\/p>\n<p>&nbsp;<\/p>\n<p><span style=\"font-size:11pt\"><span style=\"font-family:Calibri,sans-serif\">13 Mart \u00c7ar\u015famba ve 19 Mart Sal\u0131 g\u00fcn\u00fc K\u0131br\u0131sl\u0131 Yazar \u00dcnver Alibey, Bekirpa\u015fa Lisesi ve \u0130skele Evkaf TMK \u00f6\u011frencileri ile bir araya gelecek. \u00d6\u011frencilerle bulu\u015facak yazar Alibey ayn\u0131 zamanda kitap tan\u0131t\u0131m\u0131n\u0131 da yapacak.<\/span><\/span><\/p>\n<p>&nbsp;<\/p>\n<p><span style=\"font-size:11pt\"><span style=\"font-family:Calibri,sans-serif\">15 Mart Cuma g\u00fcn\u00fc saat 11.00\u2019da \u0130skele AKM\u2019de G\u0130KAD&amp;G\u0130KAKOOP ile Kad\u0131n Kad\u0131n\u0131n Yurdudur s\u00f6yle\u015fisi ger\u00e7ekle\u015fecek.<\/span><\/span><\/p>\n<p>&nbsp;<\/p>\n<p><span style=\"font-size:11pt\"><span style=\"font-family:Calibri,sans-serif\">20 Mart \u00c7ar\u015famba g\u00fcn\u00fc saat 11.00-12.00\u2019da 2 seanstan olu\u015facak Vantrolog kukla g\u00f6sterisinde ba\u015far\u0131l\u0131 vantrolog sanat\u00e7\u0131s\u0131 Ecem Y\u00fcksel ve arkada\u015f\u0131 \u00c7ilek b\u00f6lge okullar\u0131ndaki \u00e7ocuklarla \u0130skele AKM\u2019de bulu\u015facak.<\/span><\/span><\/p>\n<p>&nbsp;<\/p>\n<p><span style=\"font-size:11pt\"><span style=\"font-family:Calibri,sans-serif\">21 Mart Per\u015fembe g\u00fcn\u00fc saat 10.00\u2019da \u0130skele AKM\u2019de \u0130skele Belediyesi, K\u00fclt\u00fcr Dairesi ve Yazarlar Birli\u011fi\u2019nin i\u015f birli\u011finde \u015eair ve Yazarlar Bulu\u015fmas\u0131 olacak.<\/span><\/span><\/p>\n<p>&nbsp;<\/p>\n<p><span style=\"font-size:11pt\"><span style=\"font-family:Calibri,sans-serif\">22 Mart Cuma g\u00fcn\u00fc saat 19.30\u2019da \u0130skele AKM\u2019de Zahit \u0130pek &amp; Grup Mutriban Ensemble &amp; Semazen G\u00f6sterisi yer alacak.<\/span><\/span><\/p>\n<p>&nbsp;<\/p>\n<p><span style=\"font-size:11pt\"><span style=\"font-family:Calibri,sans-serif\">25 Mart Pazartesi g\u00fcn\u00fc Folklor ve Gen\u00e7lik Merkezi taraf\u0131ndan sahneye konacak K\u0131br\u0131s T\u00fcrk tiyatro sanat\u0131n\u0131n unutulmaz karakterleri \u2018Alikko ile Caher\u2019 Folklorik Tiyatro oyunu saat 19.30\u2019da \u0130skele AKM\u2019de perde diyecek.<\/span><\/span><\/p>\n<p>&nbsp;<\/p>\n<p><span style=\"font-size:11pt\"><span style=\"font-family:Calibri,sans-serif\">26 Mart Sal\u0131 g\u00fcn\u00fc \u0130skele\u2019ye ba\u011fl\u0131 k\u00f6y kad\u0131n kurslar\u0131n\u0131n Kad\u0131n Eme\u011fi El Sanatlar\u0131 Sergisi yer alacak. Saat 19.30\u2019da \u0130skele Belediyesi K\u00fclt\u00fcr Evi\u2019nde a\u00e7\u0131l\u0131\u015f\u0131 yap\u0131lacak sergi 29 Mart Cuma g\u00fcn\u00fcne kadar gezilebilecek.<\/span><\/span><\/p>\n<p>&nbsp;<\/p>\n<p><span style=\"font-size:11pt\"><span style=\"font-family:Calibri,sans-serif\">27 Mart \u00c7ar\u015famba g\u00fcn\u00fc \u0130skele Belediye Tiyatrosu, haz\u0131rl\u0131klar\u0131n\u0131 s\u00fcrd\u00fcrd\u00fc\u011f\u00fc yeni oyunu Tehlikeli Saplant\u0131 ile D\u00fcnya Tiyatrolar G\u00fcn\u00fc\u2019nde, saat 19.30\u2019da \u0130skele AKM\u2019de tiyatro severlerle bulu\u015facak.<\/span><\/span><\/p>\n<p>&nbsp;<\/p>\n<p><span style=\"font-size:11pt\"><span style=\"font-family:Calibri,sans-serif\">29 Mart Cuma g\u00fcn\u00fc ise K\u00fclt\u00fcr &amp; Sanat G\u00fcnleri, Othello \u00c7ok Sesli Korosu\u2019nun verece\u011fi Geleneksel K\u0131br\u0131s \u015eark\u0131lar\u0131 konseri ile son bulacak. Konser saat 19.30\u2019da \u0130skele AKM\u2019de yer alacak\u201d.<\/span><\/span><\/p>\n","protected":false},"excerpt":{"rendered":"<p>\u0130skele Belediyesinden yap\u0131lan yaz\u0131l\u0131 a\u00e7\u0131klamaya g\u00f6re, 29 Mart Cuma g\u00fcn\u00fcne kadar s\u00fcrecek K\u00fclt\u00fcr &amp; Sanat G\u00fcnleri saat 19.00\u2019da \u0130skele Belediyesi K\u00fclt\u00fcr Evi \u00f6n\u00fcndeki a\u00e7\u0131l\u0131\u015f t\u00f6renini ve \u0130skele Belediye Korosunun \u0130skele AKM\u2019de saat 19.30\u2019da verece\u011fi konserle ba\u015flayacak. &nbsp; K\u00fclt\u00fcr &amp; Sanat g\u00fcnleri kapsam\u0131nda hem \u00e7ocuklar hem de yeti\u015fkinlere y\u00f6nelik olarak d\u00fczenlenecek etkinlikle kat\u0131l\u0131m \u00fccretsiz olacak. &nbsp;<\/p>\n","protected":false},"author":1,"featured_media":32242,"comment_status":"open","ping_status":"open","sticky":false,"template":"","format":"standard","meta":{"footnotes":""},"categories":[79],"tags":[],"class_list":["post-32241","post","type-post","status-publish","format-standard","has-post-thumbnail","hentry","category-ekonomi"],"yoast_head":"<!-- This site is optimized with the Yoast SEO plugin v27.5 - https:\/\/yoast.com\/product\/yoast-seo-wordpress\/ -->\n<title>\u0130skele Belediyesi 13. K\u00fclt\u00fcr &amp; Sanat G\u00fcnleri\u201d yar\u0131n ba\u015fl\u0131yor -<\/title>\n<meta name=\"robots\" content=\"index, follow, max-snippet:-1, max-image-preview:large, max-video-preview:-1\" \/>\n<link rel=\"canonical\" href=\"https:\/\/kibrisdakik.com\/?p=32241\" \/>\n<meta property=\"og:locale\" content=\"tr_TR\" \/>\n<meta property=\"og:type\" content=\"article\" \/>\n<meta property=\"og:title\" content=\"\u0130skele Belediyesi 13. K\u00fclt\u00fcr &amp; Sanat G\u00fcnleri\u201d yar\u0131n ba\u015fl\u0131yor -\" \/>\n<meta property=\"og:description\" content=\"\u0130skele Belediyesinden yap\u0131lan yaz\u0131l\u0131 a\u00e7\u0131klamaya g\u00f6re, 29 Mart Cuma g\u00fcn\u00fcne kadar s\u00fcrecek K\u00fclt\u00fcr &amp; Sanat G\u00fcnleri saat 19.00\u2019da \u0130skele Belediyesi K\u00fclt\u00fcr Evi \u00f6n\u00fcndeki a\u00e7\u0131l\u0131\u015f t\u00f6renini ve \u0130skele Belediye Korosunun \u0130skele AKM\u2019de saat 19.30\u2019da verece\u011fi konserle ba\u015flayacak. &nbsp; K\u00fclt\u00fcr &amp; Sanat g\u00fcnleri kapsam\u0131nda hem \u00e7ocuklar hem de yeti\u015fkinlere y\u00f6nelik olarak d\u00fczenlenecek etkinlikle kat\u0131l\u0131m \u00fccretsiz olacak. &nbsp;\" \/>\n<meta property=\"og:url\" content=\"https:\/\/kibrisdakik.com\/?p=32241\" \/>\n<meta property=\"article:published_time\" content=\"2024-03-03T13:49:07+00:00\" \/>\n<meta property=\"og:image\" content=\"https:\/\/kibrisdakik.com\/wp-content\/uploads\/2024\/03\/iskele-belediyesi-13-kultur-sanat-gunleri-yarin-basliyor-1709470655.webp.webp\" \/>\n\t<meta property=\"og:image:width\" content=\"710\" \/>\n\t<meta property=\"og:image:height\" content=\"370\" \/>\n\t<meta property=\"og:image:type\" content=\"image\/webp\" \/>\n<meta name=\"author\" content=\"admin\" \/>\n<meta name=\"twitter:card\" content=\"summary_large_image\" \/>\n<meta name=\"twitter:label1\" content=\"Yazan:\" \/>\n\t<meta name=\"twitter:data1\" content=\"admin\" \/>\n\t<meta name=\"twitter:label2\" content=\"Tahmini okuma s\u00fcresi\" \/>\n\t<meta name=\"twitter:data2\" content=\"3 dakika\" \/>\n<script type=\"application\/ld+json\" class=\"yoast-schema-graph\">{\"@context\":\"https:\\\/\\\/schema.org\",\"@graph\":[{\"@type\":\"Article\",\"@id\":\"https:\\\/\\\/kibrisdakik.com\\\/?p=32241#article\",\"isPartOf\":{\"@id\":\"https:\\\/\\\/kibrisdakik.com\\\/?p=32241\"},\"author\":{\"name\":\"admin\",\"@id\":\"https:\\\/\\\/kibrisdakik.com\\\/#\\\/schema\\\/person\\\/9cd9d437bbb44f72b73ba127e06d8e79\"},\"headline\":\"\u0130skele Belediyesi 13. K\u00fclt\u00fcr &amp; Sanat G\u00fcnleri\u201d yar\u0131n ba\u015fl\u0131yor\",\"datePublished\":\"2024-03-03T13:49:07+00:00\",\"mainEntityOfPage\":{\"@id\":\"https:\\\/\\\/kibrisdakik.com\\\/?p=32241\"},\"wordCount\":660,\"commentCount\":0,\"image\":{\"@id\":\"https:\\\/\\\/kibrisdakik.com\\\/?p=32241#primaryimage\"},\"thumbnailUrl\":\"https:\\\/\\\/kibrisdakik.com\\\/wp-content\\\/uploads\\\/2024\\\/03\\\/iskele-belediyesi-13-kultur-sanat-gunleri-yarin-basliyor-1709470655.webp.webp\",\"articleSection\":[\"Ekonomi\"],\"inLanguage\":\"tr\",\"potentialAction\":[{\"@type\":\"CommentAction\",\"name\":\"Comment\",\"target\":[\"https:\\\/\\\/kibrisdakik.com\\\/?p=32241#respond\"]}]},{\"@type\":\"WebPage\",\"@id\":\"https:\\\/\\\/kibrisdakik.com\\\/?p=32241\",\"url\":\"https:\\\/\\\/kibrisdakik.com\\\/?p=32241\",\"name\":\"\u0130skele Belediyesi 13. K\u00fclt\u00fcr &amp; Sanat G\u00fcnleri\u201d yar\u0131n ba\u015fl\u0131yor -\",\"isPartOf\":{\"@id\":\"https:\\\/\\\/kibrisdakik.com\\\/#website\"},\"primaryImageOfPage\":{\"@id\":\"https:\\\/\\\/kibrisdakik.com\\\/?p=32241#primaryimage\"},\"image\":{\"@id\":\"https:\\\/\\\/kibrisdakik.com\\\/?p=32241#primaryimage\"},\"thumbnailUrl\":\"https:\\\/\\\/kibrisdakik.com\\\/wp-content\\\/uploads\\\/2024\\\/03\\\/iskele-belediyesi-13-kultur-sanat-gunleri-yarin-basliyor-1709470655.webp.webp\",\"datePublished\":\"2024-03-03T13:49:07+00:00\",\"author\":{\"@id\":\"https:\\\/\\\/kibrisdakik.com\\\/#\\\/schema\\\/person\\\/9cd9d437bbb44f72b73ba127e06d8e79\"},\"breadcrumb\":{\"@id\":\"https:\\\/\\\/kibrisdakik.com\\\/?p=32241#breadcrumb\"},\"inLanguage\":\"tr\",\"potentialAction\":[{\"@type\":\"ReadAction\",\"target\":[\"https:\\\/\\\/kibrisdakik.com\\\/?p=32241\"]}]},{\"@type\":\"ImageObject\",\"inLanguage\":\"tr\",\"@id\":\"https:\\\/\\\/kibrisdakik.com\\\/?p=32241#primaryimage\",\"url\":\"https:\\\/\\\/kibrisdakik.com\\\/wp-content\\\/uploads\\\/2024\\\/03\\\/iskele-belediyesi-13-kultur-sanat-gunleri-yarin-basliyor-1709470655.webp.webp\",\"contentUrl\":\"https:\\\/\\\/kibrisdakik.com\\\/wp-content\\\/uploads\\\/2024\\\/03\\\/iskele-belediyesi-13-kultur-sanat-gunleri-yarin-basliyor-1709470655.webp.webp\",\"width\":710,\"height\":370},{\"@type\":\"BreadcrumbList\",\"@id\":\"https:\\\/\\\/kibrisdakik.com\\\/?p=32241#breadcrumb\",\"itemListElement\":[{\"@type\":\"ListItem\",\"position\":1,\"name\":\"Home\",\"item\":\"https:\\\/\\\/kibrisdakik.com\\\/\"},{\"@type\":\"ListItem\",\"position\":2,\"name\":\"\u0130skele Belediyesi 13. K\u00fclt\u00fcr &amp; Sanat G\u00fcnleri\u201d yar\u0131n ba\u015fl\u0131yor\"}]},{\"@type\":\"WebSite\",\"@id\":\"https:\\\/\\\/kibrisdakik.com\\\/#website\",\"url\":\"https:\\\/\\\/kibrisdakik.com\\\/\",\"name\":\"\",\"description\":\"Tam vaktinde haber\",\"potentialAction\":[{\"@type\":\"SearchAction\",\"target\":{\"@type\":\"EntryPoint\",\"urlTemplate\":\"https:\\\/\\\/kibrisdakik.com\\\/?s={search_term_string}\"},\"query-input\":{\"@type\":\"PropertyValueSpecification\",\"valueRequired\":true,\"valueName\":\"search_term_string\"}}],\"inLanguage\":\"tr\"},{\"@type\":\"Person\",\"@id\":\"https:\\\/\\\/kibrisdakik.com\\\/#\\\/schema\\\/person\\\/9cd9d437bbb44f72b73ba127e06d8e79\",\"name\":\"admin\",\"image\":{\"@type\":\"ImageObject\",\"inLanguage\":\"tr\",\"@id\":\"https:\\\/\\\/secure.gravatar.com\\\/avatar\\\/ccc17943b9d660506c869530f897617f7cb1c21a4bf30023f252596d83e1f007?s=96&d=mm&r=g\",\"url\":\"https:\\\/\\\/secure.gravatar.com\\\/avatar\\\/ccc17943b9d660506c869530f897617f7cb1c21a4bf30023f252596d83e1f007?s=96&d=mm&r=g\",\"contentUrl\":\"https:\\\/\\\/secure.gravatar.com\\\/avatar\\\/ccc17943b9d660506c869530f897617f7cb1c21a4bf30023f252596d83e1f007?s=96&d=mm&r=g\",\"caption\":\"admin\"},\"sameAs\":[\"https:\\\/\\\/kibrisdakik.com\"],\"url\":\"https:\\\/\\\/kibrisdakik.com\\\/?author=1\"}]}<\/script>\n<!-- \/ Yoast SEO plugin. -->","yoast_head_json":{"title":"\u0130skele Belediyesi 13. K\u00fclt\u00fcr &amp; Sanat G\u00fcnleri\u201d yar\u0131n ba\u015fl\u0131yor -","robots":{"index":"index","follow":"follow","max-snippet":"max-snippet:-1","max-image-preview":"max-image-preview:large","max-video-preview":"max-video-preview:-1"},"canonical":"https:\/\/kibrisdakik.com\/?p=32241","og_locale":"tr_TR","og_type":"article","og_title":"\u0130skele Belediyesi 13. K\u00fclt\u00fcr &amp; Sanat G\u00fcnleri\u201d yar\u0131n ba\u015fl\u0131yor -","og_description":"\u0130skele Belediyesinden yap\u0131lan yaz\u0131l\u0131 a\u00e7\u0131klamaya g\u00f6re, 29 Mart Cuma g\u00fcn\u00fcne kadar s\u00fcrecek K\u00fclt\u00fcr &amp; Sanat G\u00fcnleri saat 19.00\u2019da \u0130skele Belediyesi K\u00fclt\u00fcr Evi \u00f6n\u00fcndeki a\u00e7\u0131l\u0131\u015f t\u00f6renini ve \u0130skele Belediye Korosunun \u0130skele AKM\u2019de saat 19.30\u2019da verece\u011fi konserle ba\u015flayacak. &nbsp; K\u00fclt\u00fcr &amp; Sanat g\u00fcnleri kapsam\u0131nda hem \u00e7ocuklar hem de yeti\u015fkinlere y\u00f6nelik olarak d\u00fczenlenecek etkinlikle kat\u0131l\u0131m \u00fccretsiz olacak. &nbsp;","og_url":"https:\/\/kibrisdakik.com\/?p=32241","article_published_time":"2024-03-03T13:49:07+00:00","og_image":[{"width":710,"height":370,"url":"https:\/\/kibrisdakik.com\/wp-content\/uploads\/2024\/03\/iskele-belediyesi-13-kultur-sanat-gunleri-yarin-basliyor-1709470655.webp.webp","type":"image\/webp"}],"author":"admin","twitter_card":"summary_large_image","twitter_misc":{"Yazan:":"admin","Tahmini okuma s\u00fcresi":"3 dakika"},"schema":{"@context":"https:\/\/schema.org","@graph":[{"@type":"Article","@id":"https:\/\/kibrisdakik.com\/?p=32241#article","isPartOf":{"@id":"https:\/\/kibrisdakik.com\/?p=32241"},"author":{"name":"admin","@id":"https:\/\/kibrisdakik.com\/#\/schema\/person\/9cd9d437bbb44f72b73ba127e06d8e79"},"headline":"\u0130skele Belediyesi 13. K\u00fclt\u00fcr &amp; Sanat G\u00fcnleri\u201d yar\u0131n ba\u015fl\u0131yor","datePublished":"2024-03-03T13:49:07+00:00","mainEntityOfPage":{"@id":"https:\/\/kibrisdakik.com\/?p=32241"},"wordCount":660,"commentCount":0,"image":{"@id":"https:\/\/kibrisdakik.com\/?p=32241#primaryimage"},"thumbnailUrl":"https:\/\/kibrisdakik.com\/wp-content\/uploads\/2024\/03\/iskele-belediyesi-13-kultur-sanat-gunleri-yarin-basliyor-1709470655.webp.webp","articleSection":["Ekonomi"],"inLanguage":"tr","potentialAction":[{"@type":"CommentAction","name":"Comment","target":["https:\/\/kibrisdakik.com\/?p=32241#respond"]}]},{"@type":"WebPage","@id":"https:\/\/kibrisdakik.com\/?p=32241","url":"https:\/\/kibrisdakik.com\/?p=32241","name":"\u0130skele Belediyesi 13. K\u00fclt\u00fcr &amp; Sanat G\u00fcnleri\u201d yar\u0131n ba\u015fl\u0131yor -","isPartOf":{"@id":"https:\/\/kibrisdakik.com\/#website"},"primaryImageOfPage":{"@id":"https:\/\/kibrisdakik.com\/?p=32241#primaryimage"},"image":{"@id":"https:\/\/kibrisdakik.com\/?p=32241#primaryimage"},"thumbnailUrl":"https:\/\/kibrisdakik.com\/wp-content\/uploads\/2024\/03\/iskele-belediyesi-13-kultur-sanat-gunleri-yarin-basliyor-1709470655.webp.webp","datePublished":"2024-03-03T13:49:07+00:00","author":{"@id":"https:\/\/kibrisdakik.com\/#\/schema\/person\/9cd9d437bbb44f72b73ba127e06d8e79"},"breadcrumb":{"@id":"https:\/\/kibrisdakik.com\/?p=32241#breadcrumb"},"inLanguage":"tr","potentialAction":[{"@type":"ReadAction","target":["https:\/\/kibrisdakik.com\/?p=32241"]}]},{"@type":"ImageObject","inLanguage":"tr","@id":"https:\/\/kibrisdakik.com\/?p=32241#primaryimage","url":"https:\/\/kibrisdakik.com\/wp-content\/uploads\/2024\/03\/iskele-belediyesi-13-kultur-sanat-gunleri-yarin-basliyor-1709470655.webp.webp","contentUrl":"https:\/\/kibrisdakik.com\/wp-content\/uploads\/2024\/03\/iskele-belediyesi-13-kultur-sanat-gunleri-yarin-basliyor-1709470655.webp.webp","width":710,"height":370},{"@type":"BreadcrumbList","@id":"https:\/\/kibrisdakik.com\/?p=32241#breadcrumb","itemListElement":[{"@type":"ListItem","position":1,"name":"Home","item":"https:\/\/kibrisdakik.com\/"},{"@type":"ListItem","position":2,"name":"\u0130skele Belediyesi 13. K\u00fclt\u00fcr &amp; Sanat G\u00fcnleri\u201d yar\u0131n ba\u015fl\u0131yor"}]},{"@type":"WebSite","@id":"https:\/\/kibrisdakik.com\/#website","url":"https:\/\/kibrisdakik.com\/","name":"","description":"Tam vaktinde haber","potentialAction":[{"@type":"SearchAction","target":{"@type":"EntryPoint","urlTemplate":"https:\/\/kibrisdakik.com\/?s={search_term_string}"},"query-input":{"@type":"PropertyValueSpecification","valueRequired":true,"valueName":"search_term_string"}}],"inLanguage":"tr"},{"@type":"Person","@id":"https:\/\/kibrisdakik.com\/#\/schema\/person\/9cd9d437bbb44f72b73ba127e06d8e79","name":"admin","image":{"@type":"ImageObject","inLanguage":"tr","@id":"https:\/\/secure.gravatar.com\/avatar\/ccc17943b9d660506c869530f897617f7cb1c21a4bf30023f252596d83e1f007?s=96&d=mm&r=g","url":"https:\/\/secure.gravatar.com\/avatar\/ccc17943b9d660506c869530f897617f7cb1c21a4bf30023f252596d83e1f007?s=96&d=mm&r=g","contentUrl":"https:\/\/secure.gravatar.com\/avatar\/ccc17943b9d660506c869530f897617f7cb1c21a4bf30023f252596d83e1f007?s=96&d=mm&r=g","caption":"admin"},"sameAs":["https:\/\/kibrisdakik.com"],"url":"https:\/\/kibrisdakik.com\/?author=1"}]}},"_links":{"self":[{"href":"https:\/\/kibrisdakik.com\/index.php?rest_route=\/wp\/v2\/posts\/32241","targetHints":{"allow":["GET"]}}],"collection":[{"href":"https:\/\/kibrisdakik.com\/index.php?rest_route=\/wp\/v2\/posts"}],"about":[{"href":"https:\/\/kibrisdakik.com\/index.php?rest_route=\/wp\/v2\/types\/post"}],"author":[{"embeddable":true,"href":"https:\/\/kibrisdakik.com\/index.php?rest_route=\/wp\/v2\/users\/1"}],"replies":[{"embeddable":true,"href":"https:\/\/kibrisdakik.com\/index.php?rest_route=%2Fwp%2Fv2%2Fcomments&post=32241"}],"version-history":[{"count":0,"href":"https:\/\/kibrisdakik.com\/index.php?rest_route=\/wp\/v2\/posts\/32241\/revisions"}],"wp:featuredmedia":[{"embeddable":true,"href":"https:\/\/kibrisdakik.com\/index.php?rest_route=\/wp\/v2\/media\/32242"}],"wp:attachment":[{"href":"https:\/\/kibrisdakik.com\/index.php?rest_route=%2Fwp%2Fv2%2Fmedia&parent=32241"}],"wp:term":[{"taxonomy":"category","embeddable":true,"href":"https:\/\/kibrisdakik.com\/index.php?rest_route=%2Fwp%2Fv2%2Fcategories&post=32241"},{"taxonomy":"post_tag","embeddable":true,"href":"https:\/\/kibrisdakik.com\/index.php?rest_route=%2Fwp%2Fv2%2Ftags&post=32241"}],"curies":[{"name":"wp","href":"https:\/\/api.w.org\/{rel}","templated":true}]}}