{"id":32280,"date":"2024-03-03T18:54:35","date_gmt":"2024-03-03T18:54:35","guid":{"rendered":"https:\/\/kibrisdakik.com\/index.php\/2024\/03\/03\/erdogan-enflasyon-sorununu-cozecegiz\/"},"modified":"2024-03-03T18:54:35","modified_gmt":"2024-03-03T18:54:35","slug":"erdogan-enflasyon-sorununu-cozecegiz","status":"publish","type":"post","link":"https:\/\/kibrisdakik.com\/?p=32280","title":{"rendered":"Erdo\u011fan: Enflasyon sorununu \u00e7\u00f6zece\u011fiz"},"content":{"rendered":"<p><img decoding=\"async\" src=\"https:\/\/www.kibristurk.com\/images\/haberler\/2024\/03\/erdogan-enflasyon-sorununu-cozecegiz-1709487976.webp\" \/><\/p>\n<p>Erdo\u011fan, ge\u00e7en y\u0131l ya\u015fan\u0131lan deprem felaketine ve b\u00f6lgede patlak veren \u00e7at\u0131\u015fmalara ra\u011fmen hedeflerinden kopmad\u0131klar\u0131n\u0131 vurgulad\u0131.<\/p>\n<p>Turizmde 2023&#8217;\u00fc rekor ziyaret\u00e7i say\u0131s\u0131 ve turizm geliriyle kapatt\u0131klar\u0131n\u0131 bildiren Erdo\u011fan, bu sene hedefin 60 milyon turist say\u0131s\u0131 ve 60 milyar dolar turizm geliri oldu\u011funu ifade etti.<\/p>\n<p>\u0130hracatta yakalanan ivmenin h\u0131z kesmeden devam etti\u011finin alt\u0131n\u0131 \u00e7izen Erdo\u011fan, &#8220;Ge\u00e7en y\u0131l 256 milyar dolarla tarihimizin en y\u00fcksek ihracat rakam\u0131na ula\u015fm\u0131\u015ft\u0131k. Ocak ve \u015fubat ihracat rakamlar\u0131m\u0131z da olduk\u00e7a iyi geldi. \u015eubat ay\u0131nda ihracat\u0131m\u0131z, bir \u00f6nceki y\u0131l\u0131n ayn\u0131 ay\u0131na k\u0131yasla y\u00fczde 13,6 artarak, 21 milyar dolar\u0131 a\u015ft\u0131. \u015eubat ay\u0131nda 12 ayl\u0131k ihracat rakam\u0131m\u0131z ise y\u00fczde 1,6 art\u0131\u015fla 259 milyar dolar\u0131 buldu.&#8221; bilgisini payla\u015ft\u0131.<br \/>\n&nbsp;<\/p>\n<p>Erdo\u011fan, b\u00fcy\u00fcme taraf\u0131nda da olumlu tablonun devam etti\u011fini dile getirerek, s\u00f6zlerini \u015f\u00f6yle s\u00fcrd\u00fcrd\u00fc:<\/p>\n<p>&#8220;Ge\u00e7ti\u011fimiz sene y\u00fczde 4,5 b\u00fcy\u00fcme oran\u0131yla Avrupa Birli\u011fi \u00fclkeleri i\u00e7inde ilk s\u0131rada yer ald\u0131k. Milli gelirimiz, 1 trilyon dolar s\u0131n\u0131r\u0131n\u0131 ge\u00e7erek, tarihimizde ilk kez 1 trilyon 119 milyar dolara ula\u015ft\u0131. B\u00f6ylece \u00e7ok kritik bir psikolojik e\u015fi\u011fi daha a\u015fmay\u0131 ba\u015fard\u0131k. B\u00f6lgemizde \u00e7at\u0131\u015fmalar durulup istikrar artt\u0131k\u00e7a, in\u015fallah daha iyi yerlere gelece\u011fimize inan\u0131yorum.<\/p>\n<p>Enflasyon&nbsp;ve hayat pahal\u0131l\u0131\u011f\u0131 meselesi, t\u00fcm d\u00fcnya gibi bizim de ba\u015f\u0131m\u0131z\u0131 a\u011fr\u0131tan en \u00f6nemli husustur. Kovid-19 salg\u0131n\u0131yla ba\u015flayan, b\u00f6lgesel \u00e7at\u0131\u015fmalar\u0131n olumsuz etkileriyle derinle\u015fen enflasyon hususunda vatanda\u015flar\u0131m\u0131z\u0131n kar\u015f\u0131la\u015ft\u0131\u011f\u0131 s\u0131k\u0131nt\u0131lar\u0131n hepsinin fark\u0131nday\u0131z. D\u0131\u015f dinamikler ve genel ekonomik geli\u015fmelerle birlikte f\u0131rsat\u00e7\u0131l\u0131ktan ve tamahkarl\u0131ktan da kaynaklanan bu sorunu mutlaka \u00e7\u00f6zece\u011fiz. Piyasa ger\u00e7eklerinden kopuk bir \u015fekilde fahi\u015f fiyat artt\u0131rarak insan\u0131m\u0131z\u0131n lokmas\u0131na g\u00f6z dikenlerle m\u00fccadelemiz s\u00fcrecektir. Fiyat istikrar\u0131 ve anti enflasyonist yakla\u015f\u0131mdan taviz vermeden, b\u00fcy\u00fcme odakl\u0131 ekonomik program\u0131m\u0131z do\u011frultusunda gerekli ad\u0131mlar\u0131 at\u0131yoruz ve ataca\u011f\u0131z. \u0130n\u015fallah y\u0131l sonuna do\u011fru uygulad\u0131\u011f\u0131m\u0131z politikalar\u0131n olumlu etkilerini somut olarak hissetmeye ba\u015flayaca\u011f\u0131z.&#8221;<\/p>\n<p><strong>&#8220;14-28 May\u0131s se\u00e7imleriyle \u00fclkemizin g\u00fcven ve istikrar\u0131n\u0131 hedef alan senaryoyu y\u0131rt\u0131p att\u0131k&#8221;<\/strong><\/p>\n<p>Erdo\u011fan, bu s\u00fcre\u00e7te \u00fcreten, ihracat yapan, \u00e7al\u0131\u015fan, ekonomiye katk\u0131 veren herkesin yan\u0131nda olmay\u0131 s\u00fcrd\u00fcreceklerini vurgulayarak, T\u00fcrkiye olarak son y\u0131llarda elde edilen kazan\u0131mlar\u0131n arka plan\u0131nda siyasi istikrar ve g\u00fcven ortam\u0131n\u0131n kurulmas\u0131 oldu\u011funa dikkati \u00e7ekti.<\/p>\n<p>Geri b\u0131rak\u0131lan 21 y\u0131l i\u00e7erisinde ter\u00f6r sald\u0131r\u0131lar\u0131ndan, darbe giri\u015fimine, sokak olaylar\u0131ndan tabii afetlere kadar pek \u00e7ok s\u0131k\u0131nt\u0131 ya\u015fand\u0131\u011f\u0131n\u0131 an\u0131msatan Cumhurba\u015fkan\u0131 Erdo\u011fan, s\u00f6zlerine \u015f\u00f6yle devam etti:<\/p>\n<p>&#8220;Bir ba\u015fka \u00fclkenin ba\u015f\u0131na gelse yerle yeksan olmas\u0131na yol a\u00e7acak nice s\u0131namayla nice badireyle kar\u015f\u0131 kar\u015f\u0131ya kald\u0131k. Birileri bizim daha \u00f6nceki d\u00f6nemlerde \u00fclkeyi y\u00f6netenlerin ba\u015f\u0131na geldi\u011fi gibi t\u00f6kezleyece\u011fimizi, hedeflerimizden vazge\u00e7ece\u011fimizi, stat\u00fckoya teslim olaca\u011f\u0131m\u0131z\u0131 d\u00fc\u015f\u00fcnd\u00fc ama biz t\u00fcm bu zorluklar\u0131n \u00fcstesinden aln\u0131m\u0131z\u0131n ak\u0131yla gelmeyi ba\u015fard\u0131k. Son olarak 14-28 May\u0131s se\u00e7imleriyle \u00fclkemizin g\u00fcven ve istikrar\u0131n\u0131 hedef alan bir senaryoyu daha y\u0131rt\u0131p att\u0131k.<\/p>\n","protected":false},"excerpt":{"rendered":"<p>Erdo\u011fan, ge\u00e7en y\u0131l ya\u015fan\u0131lan deprem felaketine ve b\u00f6lgede patlak veren \u00e7at\u0131\u015fmalara ra\u011fmen hedeflerinden kopmad\u0131klar\u0131n\u0131 vurgulad\u0131. Turizmde 2023&#8217;\u00fc rekor ziyaret\u00e7i say\u0131s\u0131 ve turizm geliriyle kapatt\u0131klar\u0131n\u0131 bildiren Erdo\u011fan, bu sene hedefin 60 milyon turist say\u0131s\u0131 ve 60 milyar dolar turizm geliri oldu\u011funu ifade etti. \u0130hracatta yakalanan ivmenin h\u0131z kesmeden devam etti\u011finin alt\u0131n\u0131 \u00e7izen Erdo\u011fan, &#8220;Ge\u00e7en y\u0131l 256<\/p>\n","protected":false},"author":1,"featured_media":32281,"comment_status":"open","ping_status":"open","sticky":false,"template":"","format":"standard","meta":{"footnotes":""},"categories":[79],"tags":[],"class_list":["post-32280","post","type-post","status-publish","format-standard","has-post-thumbnail","hentry","category-ekonomi"],"yoast_head":"<!-- This site is optimized with the Yoast SEO plugin v27.5 - https:\/\/yoast.com\/product\/yoast-seo-wordpress\/ -->\n<title>Erdo\u011fan: Enflasyon sorununu \u00e7\u00f6zece\u011fiz -<\/title>\n<meta name=\"robots\" content=\"index, follow, max-snippet:-1, max-image-preview:large, max-video-preview:-1\" \/>\n<link rel=\"canonical\" href=\"https:\/\/kibrisdakik.com\/?p=32280\" \/>\n<meta property=\"og:locale\" content=\"tr_TR\" \/>\n<meta property=\"og:type\" content=\"article\" \/>\n<meta property=\"og:title\" content=\"Erdo\u011fan: Enflasyon sorununu \u00e7\u00f6zece\u011fiz -\" \/>\n<meta property=\"og:description\" content=\"Erdo\u011fan, ge\u00e7en y\u0131l ya\u015fan\u0131lan deprem felaketine ve b\u00f6lgede patlak veren \u00e7at\u0131\u015fmalara ra\u011fmen hedeflerinden kopmad\u0131klar\u0131n\u0131 vurgulad\u0131. Turizmde 2023&#8217;\u00fc rekor ziyaret\u00e7i say\u0131s\u0131 ve turizm geliriyle kapatt\u0131klar\u0131n\u0131 bildiren Erdo\u011fan, bu sene hedefin 60 milyon turist say\u0131s\u0131 ve 60 milyar dolar turizm geliri oldu\u011funu ifade etti. \u0130hracatta yakalanan ivmenin h\u0131z kesmeden devam etti\u011finin alt\u0131n\u0131 \u00e7izen Erdo\u011fan, &#8220;Ge\u00e7en y\u0131l 256\" \/>\n<meta property=\"og:url\" content=\"https:\/\/kibrisdakik.com\/?p=32280\" \/>\n<meta property=\"article:published_time\" content=\"2024-03-03T18:54:35+00:00\" \/>\n<meta property=\"og:image\" content=\"https:\/\/kibrisdakik.com\/wp-content\/uploads\/2024\/03\/erdogan-enflasyon-sorununu-cozecegiz-1709487976.webp.webp\" \/>\n\t<meta property=\"og:image:width\" content=\"710\" \/>\n\t<meta property=\"og:image:height\" content=\"370\" \/>\n\t<meta property=\"og:image:type\" content=\"image\/webp\" \/>\n<meta name=\"author\" content=\"admin\" \/>\n<meta name=\"twitter:card\" content=\"summary_large_image\" \/>\n<meta name=\"twitter:label1\" content=\"Yazan:\" \/>\n\t<meta name=\"twitter:data1\" content=\"admin\" \/>\n\t<meta name=\"twitter:label2\" content=\"Tahmini okuma s\u00fcresi\" \/>\n\t<meta name=\"twitter:data2\" content=\"3 dakika\" \/>\n<script type=\"application\/ld+json\" class=\"yoast-schema-graph\">{\"@context\":\"https:\\\/\\\/schema.org\",\"@graph\":[{\"@type\":\"Article\",\"@id\":\"https:\\\/\\\/kibrisdakik.com\\\/?p=32280#article\",\"isPartOf\":{\"@id\":\"https:\\\/\\\/kibrisdakik.com\\\/?p=32280\"},\"author\":{\"name\":\"admin\",\"@id\":\"https:\\\/\\\/kibrisdakik.com\\\/#\\\/schema\\\/person\\\/9cd9d437bbb44f72b73ba127e06d8e79\"},\"headline\":\"Erdo\u011fan: Enflasyon sorununu \u00e7\u00f6zece\u011fiz\",\"datePublished\":\"2024-03-03T18:54:35+00:00\",\"mainEntityOfPage\":{\"@id\":\"https:\\\/\\\/kibrisdakik.com\\\/?p=32280\"},\"wordCount\":598,\"commentCount\":0,\"image\":{\"@id\":\"https:\\\/\\\/kibrisdakik.com\\\/?p=32280#primaryimage\"},\"thumbnailUrl\":\"https:\\\/\\\/kibrisdakik.com\\\/wp-content\\\/uploads\\\/2024\\\/03\\\/erdogan-enflasyon-sorununu-cozecegiz-1709487976.webp.webp\",\"articleSection\":[\"Ekonomi\"],\"inLanguage\":\"tr\",\"potentialAction\":[{\"@type\":\"CommentAction\",\"name\":\"Comment\",\"target\":[\"https:\\\/\\\/kibrisdakik.com\\\/?p=32280#respond\"]}]},{\"@type\":\"WebPage\",\"@id\":\"https:\\\/\\\/kibrisdakik.com\\\/?p=32280\",\"url\":\"https:\\\/\\\/kibrisdakik.com\\\/?p=32280\",\"name\":\"Erdo\u011fan: Enflasyon sorununu \u00e7\u00f6zece\u011fiz -\",\"isPartOf\":{\"@id\":\"https:\\\/\\\/kibrisdakik.com\\\/#website\"},\"primaryImageOfPage\":{\"@id\":\"https:\\\/\\\/kibrisdakik.com\\\/?p=32280#primaryimage\"},\"image\":{\"@id\":\"https:\\\/\\\/kibrisdakik.com\\\/?p=32280#primaryimage\"},\"thumbnailUrl\":\"https:\\\/\\\/kibrisdakik.com\\\/wp-content\\\/uploads\\\/2024\\\/03\\\/erdogan-enflasyon-sorununu-cozecegiz-1709487976.webp.webp\",\"datePublished\":\"2024-03-03T18:54:35+00:00\",\"author\":{\"@id\":\"https:\\\/\\\/kibrisdakik.com\\\/#\\\/schema\\\/person\\\/9cd9d437bbb44f72b73ba127e06d8e79\"},\"breadcrumb\":{\"@id\":\"https:\\\/\\\/kibrisdakik.com\\\/?p=32280#breadcrumb\"},\"inLanguage\":\"tr\",\"potentialAction\":[{\"@type\":\"ReadAction\",\"target\":[\"https:\\\/\\\/kibrisdakik.com\\\/?p=32280\"]}]},{\"@type\":\"ImageObject\",\"inLanguage\":\"tr\",\"@id\":\"https:\\\/\\\/kibrisdakik.com\\\/?p=32280#primaryimage\",\"url\":\"https:\\\/\\\/kibrisdakik.com\\\/wp-content\\\/uploads\\\/2024\\\/03\\\/erdogan-enflasyon-sorununu-cozecegiz-1709487976.webp.webp\",\"contentUrl\":\"https:\\\/\\\/kibrisdakik.com\\\/wp-content\\\/uploads\\\/2024\\\/03\\\/erdogan-enflasyon-sorununu-cozecegiz-1709487976.webp.webp\",\"width\":710,\"height\":370},{\"@type\":\"BreadcrumbList\",\"@id\":\"https:\\\/\\\/kibrisdakik.com\\\/?p=32280#breadcrumb\",\"itemListElement\":[{\"@type\":\"ListItem\",\"position\":1,\"name\":\"Home\",\"item\":\"https:\\\/\\\/kibrisdakik.com\\\/\"},{\"@type\":\"ListItem\",\"position\":2,\"name\":\"Erdo\u011fan: Enflasyon sorununu \u00e7\u00f6zece\u011fiz\"}]},{\"@type\":\"WebSite\",\"@id\":\"https:\\\/\\\/kibrisdakik.com\\\/#website\",\"url\":\"https:\\\/\\\/kibrisdakik.com\\\/\",\"name\":\"\",\"description\":\"Tam vaktinde haber\",\"potentialAction\":[{\"@type\":\"SearchAction\",\"target\":{\"@type\":\"EntryPoint\",\"urlTemplate\":\"https:\\\/\\\/kibrisdakik.com\\\/?s={search_term_string}\"},\"query-input\":{\"@type\":\"PropertyValueSpecification\",\"valueRequired\":true,\"valueName\":\"search_term_string\"}}],\"inLanguage\":\"tr\"},{\"@type\":\"Person\",\"@id\":\"https:\\\/\\\/kibrisdakik.com\\\/#\\\/schema\\\/person\\\/9cd9d437bbb44f72b73ba127e06d8e79\",\"name\":\"admin\",\"image\":{\"@type\":\"ImageObject\",\"inLanguage\":\"tr\",\"@id\":\"https:\\\/\\\/secure.gravatar.com\\\/avatar\\\/ccc17943b9d660506c869530f897617f7cb1c21a4bf30023f252596d83e1f007?s=96&d=mm&r=g\",\"url\":\"https:\\\/\\\/secure.gravatar.com\\\/avatar\\\/ccc17943b9d660506c869530f897617f7cb1c21a4bf30023f252596d83e1f007?s=96&d=mm&r=g\",\"contentUrl\":\"https:\\\/\\\/secure.gravatar.com\\\/avatar\\\/ccc17943b9d660506c869530f897617f7cb1c21a4bf30023f252596d83e1f007?s=96&d=mm&r=g\",\"caption\":\"admin\"},\"sameAs\":[\"https:\\\/\\\/kibrisdakik.com\"],\"url\":\"https:\\\/\\\/kibrisdakik.com\\\/?author=1\"}]}<\/script>\n<!-- \/ Yoast SEO plugin. -->","yoast_head_json":{"title":"Erdo\u011fan: Enflasyon sorununu \u00e7\u00f6zece\u011fiz -","robots":{"index":"index","follow":"follow","max-snippet":"max-snippet:-1","max-image-preview":"max-image-preview:large","max-video-preview":"max-video-preview:-1"},"canonical":"https:\/\/kibrisdakik.com\/?p=32280","og_locale":"tr_TR","og_type":"article","og_title":"Erdo\u011fan: Enflasyon sorununu \u00e7\u00f6zece\u011fiz -","og_description":"Erdo\u011fan, ge\u00e7en y\u0131l ya\u015fan\u0131lan deprem felaketine ve b\u00f6lgede patlak veren \u00e7at\u0131\u015fmalara ra\u011fmen hedeflerinden kopmad\u0131klar\u0131n\u0131 vurgulad\u0131. Turizmde 2023&#8217;\u00fc rekor ziyaret\u00e7i say\u0131s\u0131 ve turizm geliriyle kapatt\u0131klar\u0131n\u0131 bildiren Erdo\u011fan, bu sene hedefin 60 milyon turist say\u0131s\u0131 ve 60 milyar dolar turizm geliri oldu\u011funu ifade etti. \u0130hracatta yakalanan ivmenin h\u0131z kesmeden devam etti\u011finin alt\u0131n\u0131 \u00e7izen Erdo\u011fan, &#8220;Ge\u00e7en y\u0131l 256","og_url":"https:\/\/kibrisdakik.com\/?p=32280","article_published_time":"2024-03-03T18:54:35+00:00","og_image":[{"width":710,"height":370,"url":"https:\/\/kibrisdakik.com\/wp-content\/uploads\/2024\/03\/erdogan-enflasyon-sorununu-cozecegiz-1709487976.webp.webp","type":"image\/webp"}],"author":"admin","twitter_card":"summary_large_image","twitter_misc":{"Yazan:":"admin","Tahmini okuma s\u00fcresi":"3 dakika"},"schema":{"@context":"https:\/\/schema.org","@graph":[{"@type":"Article","@id":"https:\/\/kibrisdakik.com\/?p=32280#article","isPartOf":{"@id":"https:\/\/kibrisdakik.com\/?p=32280"},"author":{"name":"admin","@id":"https:\/\/kibrisdakik.com\/#\/schema\/person\/9cd9d437bbb44f72b73ba127e06d8e79"},"headline":"Erdo\u011fan: Enflasyon sorununu \u00e7\u00f6zece\u011fiz","datePublished":"2024-03-03T18:54:35+00:00","mainEntityOfPage":{"@id":"https:\/\/kibrisdakik.com\/?p=32280"},"wordCount":598,"commentCount":0,"image":{"@id":"https:\/\/kibrisdakik.com\/?p=32280#primaryimage"},"thumbnailUrl":"https:\/\/kibrisdakik.com\/wp-content\/uploads\/2024\/03\/erdogan-enflasyon-sorununu-cozecegiz-1709487976.webp.webp","articleSection":["Ekonomi"],"inLanguage":"tr","potentialAction":[{"@type":"CommentAction","name":"Comment","target":["https:\/\/kibrisdakik.com\/?p=32280#respond"]}]},{"@type":"WebPage","@id":"https:\/\/kibrisdakik.com\/?p=32280","url":"https:\/\/kibrisdakik.com\/?p=32280","name":"Erdo\u011fan: Enflasyon sorununu \u00e7\u00f6zece\u011fiz -","isPartOf":{"@id":"https:\/\/kibrisdakik.com\/#website"},"primaryImageOfPage":{"@id":"https:\/\/kibrisdakik.com\/?p=32280#primaryimage"},"image":{"@id":"https:\/\/kibrisdakik.com\/?p=32280#primaryimage"},"thumbnailUrl":"https:\/\/kibrisdakik.com\/wp-content\/uploads\/2024\/03\/erdogan-enflasyon-sorununu-cozecegiz-1709487976.webp.webp","datePublished":"2024-03-03T18:54:35+00:00","author":{"@id":"https:\/\/kibrisdakik.com\/#\/schema\/person\/9cd9d437bbb44f72b73ba127e06d8e79"},"breadcrumb":{"@id":"https:\/\/kibrisdakik.com\/?p=32280#breadcrumb"},"inLanguage":"tr","potentialAction":[{"@type":"ReadAction","target":["https:\/\/kibrisdakik.com\/?p=32280"]}]},{"@type":"ImageObject","inLanguage":"tr","@id":"https:\/\/kibrisdakik.com\/?p=32280#primaryimage","url":"https:\/\/kibrisdakik.com\/wp-content\/uploads\/2024\/03\/erdogan-enflasyon-sorununu-cozecegiz-1709487976.webp.webp","contentUrl":"https:\/\/kibrisdakik.com\/wp-content\/uploads\/2024\/03\/erdogan-enflasyon-sorununu-cozecegiz-1709487976.webp.webp","width":710,"height":370},{"@type":"BreadcrumbList","@id":"https:\/\/kibrisdakik.com\/?p=32280#breadcrumb","itemListElement":[{"@type":"ListItem","position":1,"name":"Home","item":"https:\/\/kibrisdakik.com\/"},{"@type":"ListItem","position":2,"name":"Erdo\u011fan: Enflasyon sorununu \u00e7\u00f6zece\u011fiz"}]},{"@type":"WebSite","@id":"https:\/\/kibrisdakik.com\/#website","url":"https:\/\/kibrisdakik.com\/","name":"","description":"Tam vaktinde haber","potentialAction":[{"@type":"SearchAction","target":{"@type":"EntryPoint","urlTemplate":"https:\/\/kibrisdakik.com\/?s={search_term_string}"},"query-input":{"@type":"PropertyValueSpecification","valueRequired":true,"valueName":"search_term_string"}}],"inLanguage":"tr"},{"@type":"Person","@id":"https:\/\/kibrisdakik.com\/#\/schema\/person\/9cd9d437bbb44f72b73ba127e06d8e79","name":"admin","image":{"@type":"ImageObject","inLanguage":"tr","@id":"https:\/\/secure.gravatar.com\/avatar\/ccc17943b9d660506c869530f897617f7cb1c21a4bf30023f252596d83e1f007?s=96&d=mm&r=g","url":"https:\/\/secure.gravatar.com\/avatar\/ccc17943b9d660506c869530f897617f7cb1c21a4bf30023f252596d83e1f007?s=96&d=mm&r=g","contentUrl":"https:\/\/secure.gravatar.com\/avatar\/ccc17943b9d660506c869530f897617f7cb1c21a4bf30023f252596d83e1f007?s=96&d=mm&r=g","caption":"admin"},"sameAs":["https:\/\/kibrisdakik.com"],"url":"https:\/\/kibrisdakik.com\/?author=1"}]}},"_links":{"self":[{"href":"https:\/\/kibrisdakik.com\/index.php?rest_route=\/wp\/v2\/posts\/32280","targetHints":{"allow":["GET"]}}],"collection":[{"href":"https:\/\/kibrisdakik.com\/index.php?rest_route=\/wp\/v2\/posts"}],"about":[{"href":"https:\/\/kibrisdakik.com\/index.php?rest_route=\/wp\/v2\/types\/post"}],"author":[{"embeddable":true,"href":"https:\/\/kibrisdakik.com\/index.php?rest_route=\/wp\/v2\/users\/1"}],"replies":[{"embeddable":true,"href":"https:\/\/kibrisdakik.com\/index.php?rest_route=%2Fwp%2Fv2%2Fcomments&post=32280"}],"version-history":[{"count":0,"href":"https:\/\/kibrisdakik.com\/index.php?rest_route=\/wp\/v2\/posts\/32280\/revisions"}],"wp:featuredmedia":[{"embeddable":true,"href":"https:\/\/kibrisdakik.com\/index.php?rest_route=\/wp\/v2\/media\/32281"}],"wp:attachment":[{"href":"https:\/\/kibrisdakik.com\/index.php?rest_route=%2Fwp%2Fv2%2Fmedia&parent=32280"}],"wp:term":[{"taxonomy":"category","embeddable":true,"href":"https:\/\/kibrisdakik.com\/index.php?rest_route=%2Fwp%2Fv2%2Fcategories&post=32280"},{"taxonomy":"post_tag","embeddable":true,"href":"https:\/\/kibrisdakik.com\/index.php?rest_route=%2Fwp%2Fv2%2Ftags&post=32280"}],"curies":[{"name":"wp","href":"https:\/\/api.w.org\/{rel}","templated":true}]}}