{"id":32318,"date":"2024-03-04T02:01:55","date_gmt":"2024-03-04T02:01:55","guid":{"rendered":"https:\/\/kibrisdakik.com\/index.php\/2024\/03\/04\/narenciyede-daha-hastaligin-ne-oldugunu-dahi-bilmiyorlar\/"},"modified":"2024-03-04T02:01:55","modified_gmt":"2024-03-04T02:01:55","slug":"narenciyede-daha-hastaligin-ne-oldugunu-dahi-bilmiyorlar","status":"publish","type":"post","link":"https:\/\/kibrisdakik.com\/?p=32318","title":{"rendered":"\u201cNarenciyede daha hastal\u0131\u011f\u0131n ne oldu\u011funu dahi bilmiyorlar\u201d"},"content":{"rendered":"<p><img decoding=\"async\" src=\"https:\/\/www.kibristurk.com\/images\/haberler\/2024\/03\/narenciyede-daha-hastaligin-ne-oldugunu-dahi-bilmiyorlar-1709455787.webp\" \/><\/p>\n<p><span style=\"font-size:11pt\"><span style=\"font-family:Calibri,sans-serif\">Alas, daha \u00f6nce hastal\u0131\u011fa ili\u015fkin raporlar\u0131n\u0131n geldi\u011fine dair iddialar\u0131n oldu\u011funu ancak bir cevap alamad\u0131klar\u0131n\u0131 kaydederek, bunun sebebinin h\u00fck\u00fcmet ve Meclisteki muhalefet aras\u0131nda s\u00fcren tart\u0131\u015fmalar oldu\u011funu belirtti. Alas, \u201cB\u00f6cek var yok, hastal\u0131k var yok gibi bo\u015f tart\u0131\u015fmalar yap\u0131l\u0131yor.\u201d ifadelerini kulland\u0131. <\/span><\/span><\/p>\n<p>&nbsp;<\/p>\n<p><span style=\"font-size:11pt\"><span style=\"font-family:Calibri,sans-serif\">Gelinen noktada gelecek d\u00f6nem i\u00e7in bilimsel \u00e7al\u0131\u015fmalar\u0131n yap\u0131lmas\u0131n\u0131n gerekti\u011fini kaydeden Alas, bu y\u0131l \u00f6zellikle Mandora i\u00e7in art\u0131k ge\u00e7 kal\u0131nd\u0131\u011f\u0131n\u0131 s\u00f6yledi. <\/span><\/span><\/p>\n<p>&nbsp;<\/p>\n<p><span style=\"font-size:11pt\"><span style=\"font-family:Calibri,sans-serif\">HP Genel Sekreteri Turgut Alas, Ba\u011f\u0131ms\u0131z Web TV\u2019de sunulan Ali Baturay&#8217;\u0131n sundu\u011fu Markaj program\u0131n\u0131n konu\u011fu olarak, g\u00fcndeme dair de\u011ferlendirmelerde bulundu. <\/span><\/span><\/p>\n<p>&nbsp;<\/p>\n<p><span style=\"font-size:11pt\"><span style=\"font-family:Calibri,sans-serif\">&#8211; \u201cToplumun siyasete bak\u0131\u015f a\u00e7\u0131s\u0131 de\u011fi\u015fti\u201d<\/span><\/span><\/p>\n<p>&nbsp;<\/p>\n<p><span style=\"font-size:11pt\"><span style=\"font-family:Calibri,sans-serif\">Son d\u00f6nemde b\u00fcy\u00fck infiale neden olan \u201csahte diploma\u201d soru\u015fturmas\u0131yla ilgili a\u00e7\u0131klamalarda bulunan Alas, bu konuya sadece \u00fcniversiteler \u00fczerinden de\u011fil, devlet yap\u0131s\u0131ndan gidilmesi gerekti\u011fini \u00e7\u00fcnk\u00fc bunu engellemesi gerekenin devlet oldu\u011funu belirterek, ancak bu skandallar\u0131n vir\u00fcs gibi devletin i\u00e7ine yay\u0131ld\u0131\u011f\u0131n\u0131 ileri s\u00fcrd\u00fc. <\/span><\/span><\/p>\n<p>&nbsp;<\/p>\n<p><span style=\"font-size:11pt\"><span style=\"font-family:Calibri,sans-serif\">Alas, \u201cB\u00fcrokratlar, m\u00fcste\u015farlar, \u00f6zel kalemler hepsi bu i\u015fin i\u00e7inde. Bunda bir \u00f6rg\u00fctlenme var. Devletin i\u00e7erisindeki bu kurumlar\u0131 temizleyerek daha d\u00fczg\u00fcn bir zemine oturtamazsak ilerleyen d\u00f6nemlerde ba\u015fka \u015fekilde \u00f6n\u00fcm\u00fcze \u00e7\u0131kacak. Ge\u00e7mi\u015fte de bu tip olaylarla kar\u015f\u0131la\u015ft\u0131k.\u201d dedi. <\/span><\/span><\/p>\n<p>&nbsp;<\/p>\n<p><span style=\"font-size:11pt\"><span style=\"font-family:Calibri,sans-serif\">Barem, k\u0131dem, daha fazla maa\u015f alabilmek ya da stat\u00fc ve egosu i\u00e7in sahte diplomaya y\u00f6nelenlerin oldu\u011funu s\u00f6yleyen Alas, \u201c\u0130nsan do\u011fru bir insan oldu\u011funda stat\u00fcn\u00fcn ve e\u011fitimin bir \u00f6nemi yok. Kimse olaya bu \u015fekilde bakm\u0131yor. \u015eu anda toplumun siyasete bak\u0131\u015f a\u00e7\u0131s\u0131 de\u011fi\u015fti.\u201d ifadelerini kulland\u0131. <\/span><\/span><\/p>\n<p>&nbsp;<\/p>\n<p><span style=\"font-size:11pt\"><span style=\"font-family:Calibri,sans-serif\">&#8211; \u201cYozla\u015fma ve \u00e7\u00fcr\u00fcmeyi temizlemek i\u00e7in kararl\u0131 m\u00fccadelemizi s\u00fcrd\u00fcrece\u011fiz\u201d<\/span><\/span><\/p>\n<p>&nbsp;<\/p>\n<p><span style=\"font-size:11pt\"><span style=\"font-family:Calibri,sans-serif\">Siyasetteki yozla\u015fmay\u0131 ve \u00e7\u00fcr\u00fcmeyi temizlemek i\u00e7in kararl\u0131 m\u00fccadelelerini s\u00fcrd\u00fcreceklerini ifade eden Alas, bu tarz olaylar\u0131n \u00f6n\u00fcne ge\u00e7ilmesi i\u00e7in cayd\u0131r\u0131c\u0131 cezalar\u0131n \u00f6nemine dikkat \u00e7ekti. <\/span><\/span><\/p>\n<p>&nbsp;<\/p>\n<p><span style=\"font-size:11pt\"><span style=\"font-family:Calibri,sans-serif\">Renkleri ve amblemleri bir kenara b\u0131rakarak d\u00fczg\u00fcn insanlar\u0131n y\u00f6netece\u011fi bir \u00fclkeye ihtiya\u00e7 oldu\u011funu belirten Alas, \u201cE\u011fer bunu yapmazsak, partizanl\u0131ktan vazge\u00e7mezsek memleket elden gidecek.\u201d diye konu\u015ftu.&nbsp;&nbsp; <\/span><\/span><\/p>\n<p>&nbsp;<\/p>\n<p><span style=\"font-size:11pt\"><span style=\"font-family:Calibri,sans-serif\">Halk\u0131n Partisi\u2019nin tek derdinin vatanda\u015ftan oy almak olmad\u0131\u011f\u0131n\u0131 belirten Turgut Alas \u201cGailemiz memleket, halk. Gelece\u011fimiz i\u00e7in u\u011fra\u015f\u0131yoruz. Se\u00e7imde oy alm\u0131\u015f\u0131z almam\u0131\u015f\u0131z diye yola \u00e7\u0131karsak di\u011ferleriyle ayn\u0131la\u015fm\u0131\u015f oluruz. Bir fark\u0131m\u0131z olmal\u0131.\u201d dedi. <\/span><\/span><\/p>\n<p>&nbsp;<\/p>\n<p><span style=\"font-size:11pt\"><span style=\"font-family:Calibri,sans-serif\">&#8211; \u201cNarenciyede bu y\u0131l\u0131 kaybettik\u201d<\/span><\/span><\/p>\n<p>&nbsp;<\/p>\n<p><span style=\"font-size:11pt\"><span style=\"font-family:Calibri,sans-serif\">Programda narenciyede ya\u015fanan s\u0131k\u0131nt\u0131lara da de\u011finen Alas, s\u0131k\u0131nt\u0131lar\u0131n bu noktaya gelmesinin en b\u00fcy\u00fck etkeninin \u00f6nlem almama ve pazar\u0131 takip etmeme oldu\u011funu savundu. <\/span><\/span><\/p>\n<p>&nbsp;<\/p>\n<p><span style=\"font-size:11pt\"><span style=\"font-family:Calibri,sans-serif\">T\u00fcr ve \u00e7e\u015fit de\u011fi\u015fikli\u011finin de etkisi oldu\u011funu kaydeden Alas, Mandora dedi\u011fimiz \u00e7e\u015fit 1 ay dalda kal\u0131r ama Valencia 4-5 ay kalabilir. \u015eu anda en b\u00fcy\u00fck s\u0131k\u0131nt\u0131 bundan kaynakl\u0131, Mandora\u2019da rekolte artmaya ba\u015flad\u0131. Bunu kald\u0131racak i\u015f g\u00fcc\u00fcn\u00fcz, i\u015fleyecek tesisiniz yok, pazar bulam\u0131yorsunuz. Tekrar bir planlama yapmak gerekli.\u201d ifadelerini kulland\u0131.<\/span><\/span><\/p>\n<p>&nbsp;<\/p>\n<p><span style=\"font-size:11pt\"><span style=\"font-family:Calibri,sans-serif\">Narenciyede hastal\u0131k sorununa da de\u011finen ve \u00e7\u00f6zeriz denilmesine ra\u011fmen yine becerilemedi\u011fini \u00f6ne s\u00fcren Alas, \u201chastal\u0131\u011fa ili\u015fkin \u00f6nlem al\u0131nmad\u0131\u011f\u0131 takdirde 3-5 y\u0131l i\u00e7erisinde adada narenciye a\u011fac\u0131n\u0131n kalmayaca\u011f\u0131n\u0131\u201d s\u00f6yledi.<\/span><\/span><\/p>\n<p>&nbsp;<\/p>\n<p><span style=\"font-size:11pt\"><span style=\"font-family:Calibri,sans-serif\">T\u00fcrkiye\u2019nin ambargo koydu\u011funa dair iddialarla ilgili de a\u00e7\u0131klamalarda bulunan Alas \u201cT\u00fcrkiye\u2019nin yapt\u0131\u011f\u0131 do\u011fru. B\u00fct\u00fcn d\u00fcnyada uygulanan uygulama bu \u015fekildedir. Biz de tar\u0131msal alanda ge\u00e7mi\u015f d\u00f6nemde T\u00fcrkiye\u2019den gelen bitkisel materyallere yasak koydu\u011fumuz oldu, hala da oluyor. Bizim burada yapmam\u0131z gereken \u015fey T\u00fcrkiye\u2019ye bu riskin olmad\u0131\u011f\u0131n\u0131, \u00f6nlem ald\u0131\u011f\u0131m\u0131z\u0131 g\u00f6stermemiz gerekiyor.\u201d dedi. <\/span><\/span><\/p>\n<p>&nbsp;<\/p>\n<p><span style=\"font-size:11pt\"><span style=\"font-family:Calibri,sans-serif\">Alas, \u201cMaalesef bu y\u0131l\u0131 bu saatten sonra ihracat anlam\u0131nda art\u0131k kaybettik diyebiliriz.\u201d ifadelerini kulland\u0131.<\/span><\/span><\/p>\n","protected":false},"excerpt":{"rendered":"<p>Alas, daha \u00f6nce hastal\u0131\u011fa ili\u015fkin raporlar\u0131n\u0131n geldi\u011fine dair iddialar\u0131n oldu\u011funu ancak bir cevap alamad\u0131klar\u0131n\u0131 kaydederek, bunun sebebinin h\u00fck\u00fcmet ve Meclisteki muhalefet aras\u0131nda s\u00fcren tart\u0131\u015fmalar oldu\u011funu belirtti. Alas, \u201cB\u00f6cek var yok, hastal\u0131k var yok gibi bo\u015f tart\u0131\u015fmalar yap\u0131l\u0131yor.\u201d ifadelerini kulland\u0131. &nbsp; Gelinen noktada gelecek d\u00f6nem i\u00e7in bilimsel \u00e7al\u0131\u015fmalar\u0131n yap\u0131lmas\u0131n\u0131n gerekti\u011fini kaydeden Alas, bu y\u0131l \u00f6zellikle Mandora<\/p>\n","protected":false},"author":1,"featured_media":32319,"comment_status":"open","ping_status":"open","sticky":false,"template":"","format":"standard","meta":{"footnotes":""},"categories":[79],"tags":[],"class_list":["post-32318","post","type-post","status-publish","format-standard","has-post-thumbnail","hentry","category-ekonomi"],"yoast_head":"<!-- This site is optimized with the Yoast SEO plugin v27.4 - https:\/\/yoast.com\/product\/yoast-seo-wordpress\/ -->\n<title>\u201cNarenciyede daha hastal\u0131\u011f\u0131n ne oldu\u011funu dahi bilmiyorlar\u201d -<\/title>\n<meta name=\"robots\" content=\"index, follow, max-snippet:-1, max-image-preview:large, max-video-preview:-1\" \/>\n<link rel=\"canonical\" href=\"https:\/\/kibrisdakik.com\/?p=32318\" \/>\n<meta property=\"og:locale\" content=\"tr_TR\" \/>\n<meta property=\"og:type\" content=\"article\" \/>\n<meta property=\"og:title\" content=\"\u201cNarenciyede daha hastal\u0131\u011f\u0131n ne oldu\u011funu dahi bilmiyorlar\u201d -\" \/>\n<meta property=\"og:description\" content=\"Alas, daha \u00f6nce hastal\u0131\u011fa ili\u015fkin raporlar\u0131n\u0131n geldi\u011fine dair iddialar\u0131n oldu\u011funu ancak bir cevap alamad\u0131klar\u0131n\u0131 kaydederek, bunun sebebinin h\u00fck\u00fcmet ve Meclisteki muhalefet aras\u0131nda s\u00fcren tart\u0131\u015fmalar oldu\u011funu belirtti. Alas, \u201cB\u00f6cek var yok, hastal\u0131k var yok gibi bo\u015f tart\u0131\u015fmalar yap\u0131l\u0131yor.\u201d ifadelerini kulland\u0131. &nbsp; Gelinen noktada gelecek d\u00f6nem i\u00e7in bilimsel \u00e7al\u0131\u015fmalar\u0131n yap\u0131lmas\u0131n\u0131n gerekti\u011fini kaydeden Alas, bu y\u0131l \u00f6zellikle Mandora\" \/>\n<meta property=\"og:url\" content=\"https:\/\/kibrisdakik.com\/?p=32318\" \/>\n<meta property=\"article:published_time\" content=\"2024-03-04T02:01:55+00:00\" \/>\n<meta property=\"og:image\" content=\"https:\/\/kibrisdakik.com\/wp-content\/uploads\/2024\/03\/narenciyede-daha-hastaligin-ne-oldugunu-dahi-bilmiyorlar-1709455787.webp.webp\" \/>\n\t<meta property=\"og:image:width\" content=\"710\" \/>\n\t<meta property=\"og:image:height\" content=\"370\" \/>\n\t<meta property=\"og:image:type\" content=\"image\/webp\" \/>\n<meta name=\"author\" content=\"admin\" \/>\n<meta name=\"twitter:card\" content=\"summary_large_image\" \/>\n<meta name=\"twitter:label1\" content=\"Yazan:\" \/>\n\t<meta name=\"twitter:data1\" content=\"admin\" \/>\n\t<meta name=\"twitter:label2\" content=\"Tahmini okuma s\u00fcresi\" \/>\n\t<meta name=\"twitter:data2\" content=\"3 dakika\" \/>\n<script type=\"application\/ld+json\" class=\"yoast-schema-graph\">{\"@context\":\"https:\\\/\\\/schema.org\",\"@graph\":[{\"@type\":\"Article\",\"@id\":\"https:\\\/\\\/kibrisdakik.com\\\/?p=32318#article\",\"isPartOf\":{\"@id\":\"https:\\\/\\\/kibrisdakik.com\\\/?p=32318\"},\"author\":{\"name\":\"admin\",\"@id\":\"https:\\\/\\\/kibrisdakik.com\\\/#\\\/schema\\\/person\\\/9cd9d437bbb44f72b73ba127e06d8e79\"},\"headline\":\"\u201cNarenciyede daha hastal\u0131\u011f\u0131n ne oldu\u011funu dahi bilmiyorlar\u201d\",\"datePublished\":\"2024-03-04T02:01:55+00:00\",\"mainEntityOfPage\":{\"@id\":\"https:\\\/\\\/kibrisdakik.com\\\/?p=32318\"},\"wordCount\":701,\"commentCount\":0,\"image\":{\"@id\":\"https:\\\/\\\/kibrisdakik.com\\\/?p=32318#primaryimage\"},\"thumbnailUrl\":\"https:\\\/\\\/kibrisdakik.com\\\/wp-content\\\/uploads\\\/2024\\\/03\\\/narenciyede-daha-hastaligin-ne-oldugunu-dahi-bilmiyorlar-1709455787.webp.webp\",\"articleSection\":[\"Ekonomi\"],\"inLanguage\":\"tr\",\"potentialAction\":[{\"@type\":\"CommentAction\",\"name\":\"Comment\",\"target\":[\"https:\\\/\\\/kibrisdakik.com\\\/?p=32318#respond\"]}]},{\"@type\":\"WebPage\",\"@id\":\"https:\\\/\\\/kibrisdakik.com\\\/?p=32318\",\"url\":\"https:\\\/\\\/kibrisdakik.com\\\/?p=32318\",\"name\":\"\u201cNarenciyede daha hastal\u0131\u011f\u0131n ne oldu\u011funu dahi bilmiyorlar\u201d -\",\"isPartOf\":{\"@id\":\"https:\\\/\\\/kibrisdakik.com\\\/#website\"},\"primaryImageOfPage\":{\"@id\":\"https:\\\/\\\/kibrisdakik.com\\\/?p=32318#primaryimage\"},\"image\":{\"@id\":\"https:\\\/\\\/kibrisdakik.com\\\/?p=32318#primaryimage\"},\"thumbnailUrl\":\"https:\\\/\\\/kibrisdakik.com\\\/wp-content\\\/uploads\\\/2024\\\/03\\\/narenciyede-daha-hastaligin-ne-oldugunu-dahi-bilmiyorlar-1709455787.webp.webp\",\"datePublished\":\"2024-03-04T02:01:55+00:00\",\"author\":{\"@id\":\"https:\\\/\\\/kibrisdakik.com\\\/#\\\/schema\\\/person\\\/9cd9d437bbb44f72b73ba127e06d8e79\"},\"breadcrumb\":{\"@id\":\"https:\\\/\\\/kibrisdakik.com\\\/?p=32318#breadcrumb\"},\"inLanguage\":\"tr\",\"potentialAction\":[{\"@type\":\"ReadAction\",\"target\":[\"https:\\\/\\\/kibrisdakik.com\\\/?p=32318\"]}]},{\"@type\":\"ImageObject\",\"inLanguage\":\"tr\",\"@id\":\"https:\\\/\\\/kibrisdakik.com\\\/?p=32318#primaryimage\",\"url\":\"https:\\\/\\\/kibrisdakik.com\\\/wp-content\\\/uploads\\\/2024\\\/03\\\/narenciyede-daha-hastaligin-ne-oldugunu-dahi-bilmiyorlar-1709455787.webp.webp\",\"contentUrl\":\"https:\\\/\\\/kibrisdakik.com\\\/wp-content\\\/uploads\\\/2024\\\/03\\\/narenciyede-daha-hastaligin-ne-oldugunu-dahi-bilmiyorlar-1709455787.webp.webp\",\"width\":710,\"height\":370},{\"@type\":\"BreadcrumbList\",\"@id\":\"https:\\\/\\\/kibrisdakik.com\\\/?p=32318#breadcrumb\",\"itemListElement\":[{\"@type\":\"ListItem\",\"position\":1,\"name\":\"Home\",\"item\":\"https:\\\/\\\/kibrisdakik.com\\\/\"},{\"@type\":\"ListItem\",\"position\":2,\"name\":\"\u201cNarenciyede daha hastal\u0131\u011f\u0131n ne oldu\u011funu dahi bilmiyorlar\u201d\"}]},{\"@type\":\"WebSite\",\"@id\":\"https:\\\/\\\/kibrisdakik.com\\\/#website\",\"url\":\"https:\\\/\\\/kibrisdakik.com\\\/\",\"name\":\"\",\"description\":\"Tam vaktinde haber\",\"potentialAction\":[{\"@type\":\"SearchAction\",\"target\":{\"@type\":\"EntryPoint\",\"urlTemplate\":\"https:\\\/\\\/kibrisdakik.com\\\/?s={search_term_string}\"},\"query-input\":{\"@type\":\"PropertyValueSpecification\",\"valueRequired\":true,\"valueName\":\"search_term_string\"}}],\"inLanguage\":\"tr\"},{\"@type\":\"Person\",\"@id\":\"https:\\\/\\\/kibrisdakik.com\\\/#\\\/schema\\\/person\\\/9cd9d437bbb44f72b73ba127e06d8e79\",\"name\":\"admin\",\"image\":{\"@type\":\"ImageObject\",\"inLanguage\":\"tr\",\"@id\":\"https:\\\/\\\/secure.gravatar.com\\\/avatar\\\/ccc17943b9d660506c869530f897617f7cb1c21a4bf30023f252596d83e1f007?s=96&d=mm&r=g\",\"url\":\"https:\\\/\\\/secure.gravatar.com\\\/avatar\\\/ccc17943b9d660506c869530f897617f7cb1c21a4bf30023f252596d83e1f007?s=96&d=mm&r=g\",\"contentUrl\":\"https:\\\/\\\/secure.gravatar.com\\\/avatar\\\/ccc17943b9d660506c869530f897617f7cb1c21a4bf30023f252596d83e1f007?s=96&d=mm&r=g\",\"caption\":\"admin\"},\"sameAs\":[\"https:\\\/\\\/kibrisdakik.com\"],\"url\":\"https:\\\/\\\/kibrisdakik.com\\\/?author=1\"}]}<\/script>\n<!-- \/ Yoast SEO plugin. -->","yoast_head_json":{"title":"\u201cNarenciyede daha hastal\u0131\u011f\u0131n ne oldu\u011funu dahi bilmiyorlar\u201d -","robots":{"index":"index","follow":"follow","max-snippet":"max-snippet:-1","max-image-preview":"max-image-preview:large","max-video-preview":"max-video-preview:-1"},"canonical":"https:\/\/kibrisdakik.com\/?p=32318","og_locale":"tr_TR","og_type":"article","og_title":"\u201cNarenciyede daha hastal\u0131\u011f\u0131n ne oldu\u011funu dahi bilmiyorlar\u201d -","og_description":"Alas, daha \u00f6nce hastal\u0131\u011fa ili\u015fkin raporlar\u0131n\u0131n geldi\u011fine dair iddialar\u0131n oldu\u011funu ancak bir cevap alamad\u0131klar\u0131n\u0131 kaydederek, bunun sebebinin h\u00fck\u00fcmet ve Meclisteki muhalefet aras\u0131nda s\u00fcren tart\u0131\u015fmalar oldu\u011funu belirtti. Alas, \u201cB\u00f6cek var yok, hastal\u0131k var yok gibi bo\u015f tart\u0131\u015fmalar yap\u0131l\u0131yor.\u201d ifadelerini kulland\u0131. &nbsp; Gelinen noktada gelecek d\u00f6nem i\u00e7in bilimsel \u00e7al\u0131\u015fmalar\u0131n yap\u0131lmas\u0131n\u0131n gerekti\u011fini kaydeden Alas, bu y\u0131l \u00f6zellikle Mandora","og_url":"https:\/\/kibrisdakik.com\/?p=32318","article_published_time":"2024-03-04T02:01:55+00:00","og_image":[{"width":710,"height":370,"url":"https:\/\/kibrisdakik.com\/wp-content\/uploads\/2024\/03\/narenciyede-daha-hastaligin-ne-oldugunu-dahi-bilmiyorlar-1709455787.webp.webp","type":"image\/webp"}],"author":"admin","twitter_card":"summary_large_image","twitter_misc":{"Yazan:":"admin","Tahmini okuma s\u00fcresi":"3 dakika"},"schema":{"@context":"https:\/\/schema.org","@graph":[{"@type":"Article","@id":"https:\/\/kibrisdakik.com\/?p=32318#article","isPartOf":{"@id":"https:\/\/kibrisdakik.com\/?p=32318"},"author":{"name":"admin","@id":"https:\/\/kibrisdakik.com\/#\/schema\/person\/9cd9d437bbb44f72b73ba127e06d8e79"},"headline":"\u201cNarenciyede daha hastal\u0131\u011f\u0131n ne oldu\u011funu dahi bilmiyorlar\u201d","datePublished":"2024-03-04T02:01:55+00:00","mainEntityOfPage":{"@id":"https:\/\/kibrisdakik.com\/?p=32318"},"wordCount":701,"commentCount":0,"image":{"@id":"https:\/\/kibrisdakik.com\/?p=32318#primaryimage"},"thumbnailUrl":"https:\/\/kibrisdakik.com\/wp-content\/uploads\/2024\/03\/narenciyede-daha-hastaligin-ne-oldugunu-dahi-bilmiyorlar-1709455787.webp.webp","articleSection":["Ekonomi"],"inLanguage":"tr","potentialAction":[{"@type":"CommentAction","name":"Comment","target":["https:\/\/kibrisdakik.com\/?p=32318#respond"]}]},{"@type":"WebPage","@id":"https:\/\/kibrisdakik.com\/?p=32318","url":"https:\/\/kibrisdakik.com\/?p=32318","name":"\u201cNarenciyede daha hastal\u0131\u011f\u0131n ne oldu\u011funu dahi bilmiyorlar\u201d -","isPartOf":{"@id":"https:\/\/kibrisdakik.com\/#website"},"primaryImageOfPage":{"@id":"https:\/\/kibrisdakik.com\/?p=32318#primaryimage"},"image":{"@id":"https:\/\/kibrisdakik.com\/?p=32318#primaryimage"},"thumbnailUrl":"https:\/\/kibrisdakik.com\/wp-content\/uploads\/2024\/03\/narenciyede-daha-hastaligin-ne-oldugunu-dahi-bilmiyorlar-1709455787.webp.webp","datePublished":"2024-03-04T02:01:55+00:00","author":{"@id":"https:\/\/kibrisdakik.com\/#\/schema\/person\/9cd9d437bbb44f72b73ba127e06d8e79"},"breadcrumb":{"@id":"https:\/\/kibrisdakik.com\/?p=32318#breadcrumb"},"inLanguage":"tr","potentialAction":[{"@type":"ReadAction","target":["https:\/\/kibrisdakik.com\/?p=32318"]}]},{"@type":"ImageObject","inLanguage":"tr","@id":"https:\/\/kibrisdakik.com\/?p=32318#primaryimage","url":"https:\/\/kibrisdakik.com\/wp-content\/uploads\/2024\/03\/narenciyede-daha-hastaligin-ne-oldugunu-dahi-bilmiyorlar-1709455787.webp.webp","contentUrl":"https:\/\/kibrisdakik.com\/wp-content\/uploads\/2024\/03\/narenciyede-daha-hastaligin-ne-oldugunu-dahi-bilmiyorlar-1709455787.webp.webp","width":710,"height":370},{"@type":"BreadcrumbList","@id":"https:\/\/kibrisdakik.com\/?p=32318#breadcrumb","itemListElement":[{"@type":"ListItem","position":1,"name":"Home","item":"https:\/\/kibrisdakik.com\/"},{"@type":"ListItem","position":2,"name":"\u201cNarenciyede daha hastal\u0131\u011f\u0131n ne oldu\u011funu dahi bilmiyorlar\u201d"}]},{"@type":"WebSite","@id":"https:\/\/kibrisdakik.com\/#website","url":"https:\/\/kibrisdakik.com\/","name":"","description":"Tam vaktinde haber","potentialAction":[{"@type":"SearchAction","target":{"@type":"EntryPoint","urlTemplate":"https:\/\/kibrisdakik.com\/?s={search_term_string}"},"query-input":{"@type":"PropertyValueSpecification","valueRequired":true,"valueName":"search_term_string"}}],"inLanguage":"tr"},{"@type":"Person","@id":"https:\/\/kibrisdakik.com\/#\/schema\/person\/9cd9d437bbb44f72b73ba127e06d8e79","name":"admin","image":{"@type":"ImageObject","inLanguage":"tr","@id":"https:\/\/secure.gravatar.com\/avatar\/ccc17943b9d660506c869530f897617f7cb1c21a4bf30023f252596d83e1f007?s=96&d=mm&r=g","url":"https:\/\/secure.gravatar.com\/avatar\/ccc17943b9d660506c869530f897617f7cb1c21a4bf30023f252596d83e1f007?s=96&d=mm&r=g","contentUrl":"https:\/\/secure.gravatar.com\/avatar\/ccc17943b9d660506c869530f897617f7cb1c21a4bf30023f252596d83e1f007?s=96&d=mm&r=g","caption":"admin"},"sameAs":["https:\/\/kibrisdakik.com"],"url":"https:\/\/kibrisdakik.com\/?author=1"}]}},"_links":{"self":[{"href":"https:\/\/kibrisdakik.com\/index.php?rest_route=\/wp\/v2\/posts\/32318","targetHints":{"allow":["GET"]}}],"collection":[{"href":"https:\/\/kibrisdakik.com\/index.php?rest_route=\/wp\/v2\/posts"}],"about":[{"href":"https:\/\/kibrisdakik.com\/index.php?rest_route=\/wp\/v2\/types\/post"}],"author":[{"embeddable":true,"href":"https:\/\/kibrisdakik.com\/index.php?rest_route=\/wp\/v2\/users\/1"}],"replies":[{"embeddable":true,"href":"https:\/\/kibrisdakik.com\/index.php?rest_route=%2Fwp%2Fv2%2Fcomments&post=32318"}],"version-history":[{"count":0,"href":"https:\/\/kibrisdakik.com\/index.php?rest_route=\/wp\/v2\/posts\/32318\/revisions"}],"wp:featuredmedia":[{"embeddable":true,"href":"https:\/\/kibrisdakik.com\/index.php?rest_route=\/wp\/v2\/media\/32319"}],"wp:attachment":[{"href":"https:\/\/kibrisdakik.com\/index.php?rest_route=%2Fwp%2Fv2%2Fmedia&parent=32318"}],"wp:term":[{"taxonomy":"category","embeddable":true,"href":"https:\/\/kibrisdakik.com\/index.php?rest_route=%2Fwp%2Fv2%2Fcategories&post=32318"},{"taxonomy":"post_tag","embeddable":true,"href":"https:\/\/kibrisdakik.com\/index.php?rest_route=%2Fwp%2Fv2%2Ftags&post=32318"}],"curies":[{"name":"wp","href":"https:\/\/api.w.org\/{rel}","templated":true}]}}