{"id":32438,"date":"2024-03-04T21:23:51","date_gmt":"2024-03-04T21:23:51","guid":{"rendered":"https:\/\/kibrisdakik.com\/index.php\/2024\/03\/04\/bugun-saat-19-30dan-yarin-saat-08-30a-kadar-ercan-kule-kontrol-grevde-olacak\/"},"modified":"2024-03-04T21:23:51","modified_gmt":"2024-03-04T21:23:51","slug":"bugun-saat-19-30dan-yarin-saat-08-30a-kadar-ercan-kule-kontrol-grevde-olacak","status":"publish","type":"post","link":"https:\/\/kibrisdakik.com\/?p=32438","title":{"rendered":"\u201cBug\u00fcn saat 19.30\u2019dan yar\u0131n saat 08.30\u2019a kadar Ercan Kule Kontrol grevde olacak\u201d"},"content":{"rendered":"<p><img decoding=\"async\" src=\"https:\/\/www.kibristurk.com\/images\/haberler\/2024\/03\/bugun-saat-1930dan-yarin-saat-0830a-kadar-ercan-kule-kontrol-grevde-olacak-1709579040.webp\" \/><\/p>\n<p style=\"text-align:left\"><span style=\"font-size:16px\"><span style=\"font-family:Merriweather,serif !important\"><span style=\"color:#000000\"><span style=\"background-color:#ffffff\">Kap\u0131s\u0131z yapt\u0131\u011f\u0131 yaz\u0131l\u0131 a\u00e7\u0131klamada, \u201cdefalarca uyarmalar\u0131na ra\u011fmen hala \u00fclkede havac\u0131l\u0131k ve buna ba\u011fl\u0131 olarak havac\u0131l\u0131k emniyetinin devlet eli ile yerlerde s\u00fcr\u00fcnd\u00fcr\u00fclmeye devam etti\u011fini\u201d \u00f6ne s\u00fcrerek, \u201cErcan Havaliman\u0131 \u00f6zelle\u015ftirildi\u011fi g\u00fcnden itibaren sanki yolculara hava ta\u015f\u0131mac\u0131l\u0131\u011f\u0131 hizmeti vermesi gereken bir kurum de\u011filmi\u015f de, T&amp;T \u015firketine para yeti\u015ftirsin diye i\u015fletilen bir devlet kurumu haline getirilmi\u015f durumdad\u0131r\u201d dedi.<\/span><\/span><\/span><\/span><\/p>\n<p style=\"text-align:left\"><span style=\"font-size:16px\"><span style=\"font-family:Merriweather,serif !important\"><span style=\"color:#000000\"><span style=\"background-color:#ffffff\">\u201cErcan Havaliman\u0131\u2019n\u0131n, siyasilere miras kalm\u0131\u015f bir mal de\u011fil, halk\u0131n mal\u0131 oldu\u011funu\u201d kaydeden Kap\u0131s\u0131z, \u201cBakan da olsan\u0131z, vekil de olsan\u0131z, h\u00fck\u00fcmet de olsan\u0131z halk\u0131n mal\u0131n\u0131 sermayeye pe\u015fke\u015f \u00e7ekemezsiniz, insanlar\u0131n can\u0131n\u0131 ve mal\u0131n\u0131 birilerine para kazand\u0131racaks\u0131n\u0131z diye riske atamazs\u0131n\u0131z\u201d ifadelerini kulland\u0131.<\/span><\/span><\/span><\/span><\/p>\n<p style=\"text-align:left\"><span style=\"font-size:16px\"><span style=\"font-family:Merriweather,serif !important\"><span style=\"color:#000000\"><span style=\"background-color:#ffffff\">\u201c20 Temmuz 2023\u2019te haz\u0131r olmamas\u0131na ra\u011fmen siyasi emeller u\u011fruna yeni terminal binas\u0131na ge\u00e7ildi\u011fini\u201d iddia eden Kap\u0131s\u0131z, eksikliklerin tamamlanmas\u0131 ve yeni binan\u0131n i\u015fletilmesinin \u015firkete yeni k\u00fclfetler y\u00fckledi\u011fini belirtti.<\/span><\/span><\/span><\/span><\/p>\n<p style=\"text-align:left\"><span style=\"font-size:16px\"><span style=\"font-family:Merriweather,serif !important\"><span style=\"color:#000000\"><span style=\"background-color:#ffffff\">\u201cH\u00fck\u00fcmetin, \u015firketin mali k\u00fclfetlerini kar\u015f\u0131lamay\u0131 g\u00f6rev bildi\u011fini\u201d savunan Kap\u0131s\u0131z, \u201cb\u00fct\u00fcn giderlerin \u015firkete ait oldu\u011fu, yap\u0131lan s\u00f6zle\u015fmelerde a\u00e7\u0131k\u00e7a belirtilmesine ra\u011fmen ek s\u00f6zle\u015fmelerle \u015firketin masraflardan kurtar\u0131ld\u0131\u011f\u0131n\u0131\u201d \u00f6ne s\u00fcrerek, \u201cyap\u0131lan s\u00f6zle\u015fmelerle milyonlarca dolar\u0131n pe\u015fke\u015f \u00e7ekildi\u011fini\u201d iddia etti.<\/span><\/span><\/span><\/span><\/p>\n<p style=\"text-align:left\"><span style=\"font-size:16px\"><span style=\"font-family:Merriweather,serif !important\"><span style=\"color:#000000\"><span style=\"background-color:#ffffff\">\u201cBu s\u00f6zle\u015fmeleri de\u011ferlendirme yetkisinin, KKTC makamlar\u0131ndan al\u0131n\u0131p, TC taraf\u0131ndan atanacak bir hakem heyetine b\u0131rak\u0131ld\u0131\u011f\u0131n\u0131\u201d \u00f6ne s\u00fcren Kap\u0131s\u0131z, \u201cT\u00fcm bunlar\u0131 yaparken, havac\u0131l\u0131k hizmetleri ve emniyeti i\u00e7in yap\u0131lmas\u0131 gerekenleri ask\u0131da b\u0131rakt\u0131n\u0131z\u201d dedi. HTKS Ba\u015fkan\u0131 Kap\u0131s\u0131z a\u00e7\u0131klamas\u0131na \u015f\u00f6yle devam etti:<\/span><\/span><\/span><\/span><\/p>\n<p style=\"text-align:left\"><span style=\"font-size:16px\"><span style=\"font-family:Merriweather,serif !important\"><span style=\"color:#000000\"><span style=\"background-color:#ffffff\">\u201cErcan\u2019\u0131n teknik yetersizli\u011finden kaynakl\u0131 son be\u015f ayda iki defa tehlike atlatmam\u0131za ra\u011fmen bundan ders \u00e7\u0131karmad\u0131n\u0131z. T\u00fcm bunlar yetmezmi\u015f gibi ta\u015feron \u015firketlerin \u00e7al\u0131\u015fan \u00fczerinden tasarruf politikalar\u0131 g\u00fctmesine, k\u00f6le gibi i\u015f\u00e7i \u00e7al\u0131\u015ft\u0131rmas\u0131na ve buna ba\u011fl\u0131 olarak hizmeti de eksiltmesine g\u00f6z yumuyorsunuz. Daha neyi bekliyorsunuz? Yeni bir tehlikeli durumun olu\u015fup bu sefer kaza ile sonu\u00e7lanmas\u0131n\u0131 m\u0131? Yoksa Ercan Devlet Havaliman\u0131\u2019n\u0131n k\u00f6le pazar\u0131na d\u00f6nen bir i\u015fletmeye d\u00f6n\u00fc\u015fmesini mi? Siz bu halk\u0131n h\u00fck\u00fcmeti misiniz, yoksa sermayenin mi?\u201d<\/span><\/span><\/span><\/span><\/p>\n<p style=\"text-align:left\"><span style=\"font-size:16px\"><span style=\"font-family:Merriweather,serif !important\"><span style=\"color:#000000\"><span style=\"background-color:#ffffff\">Sendika olarak h\u00fck\u00fcmet ile \u00e7al\u0131\u015fma bar\u0131\u015flar\u0131n\u0131n olmad\u0131\u011f\u0131n\u0131 ifade eden Kap\u0131s\u0131z, \u015funlar\u0131 kaydetti:<\/span><\/span><\/span><\/span><\/p>\n<p style=\"text-align:left\"><span style=\"font-size:16px\"><span style=\"font-family:Merriweather,serif !important\"><span style=\"color:#000000\"><span style=\"background-color:#ffffff\">\u201cHavac\u0131l\u0131k i\u00e7in olu\u015fturdu\u011funuz \u015fartlar biz \u00e7al\u0131\u015fanlar\u0131n vicdan\u0131na s\u0131\u011fmamaktad\u0131r. T&amp;T \u015firketinin gelinen son noktada mali olarak meydan\u0131 i\u015fletmeye yeterli olup olmad\u0131\u011f\u0131 umurumuzda bile de\u011fildir. Havac\u0131l\u0131kta emniyet \u00f6d\u00fcn verilemez bir \u015feydir, kimsenin havac\u0131l\u0131k emniyetini riske atmaya hakk\u0131 yoktur. Kurallar neyi gerektiriyorsa onu yapt\u0131r\u0131n\u0131z veya yap\u0131n\u0131z. \u015eirketin zarar etti\u011fi ve masraftan ka\u00e7t\u0131\u011f\u0131 mazeretlerine de karn\u0131m\u0131z toktur. Zarar eden varsa, daha fazla zarar\u0131na i\u015flemesin, oldu\u011fu gibi b\u0131rak\u0131p gitsin. Bu \u00fclkede havac\u0131l\u0131\u011f\u0131 gerekti\u011fi gibi idame edemiyorsan\u0131z siz de yar\u0131ndan tezi yok istifa edin ve o koltuklar\u0131 bo\u015falt\u0131n.\u201d<\/span><\/span><\/span><\/span><\/p>\n<p style=\"text-align:left\"><span style=\"font-size:16px\"><span style=\"font-family:Merriweather,serif !important\"><span style=\"color:#000000\"><span style=\"background-color:#ffffff\">\u201cM\u00fccadelemize bug\u00fcn grev ile devam ediyoruz\u201d diyen Kap\u0131s\u0131z, bug\u00fcn saat 19.30\u2019dan yar\u0131n saat 08.30\u2019a kadar Ercan Kule Kontrol\u00fcn grevde olaca\u011f\u0131n\u0131 belirterek, \u015fu ifadelere yer verdi:<\/span><\/span><\/span><\/span><\/p>\n<p style=\"text-align:left\"><span style=\"font-size:16px\"><span style=\"font-family:Merriweather,serif !important\"><span style=\"color:#000000\"><span style=\"background-color:#ffffff\">\u201c\u0130\u00e7inde bulundu\u011funuz gafletten \u00e7\u0131kana kadar da m\u00fccadelemiz devam edecektir. Siz de isterseniz buyurun en iyi ve devaml\u0131 yapt\u0131\u011f\u0131n\u0131z i\u015f gibi grevimizi yasaklay\u0131p gafletinize devam edin.\u201d<\/span><\/span><\/span><\/span><\/p>\n","protected":false},"excerpt":{"rendered":"<p>Kap\u0131s\u0131z yapt\u0131\u011f\u0131 yaz\u0131l\u0131 a\u00e7\u0131klamada, \u201cdefalarca uyarmalar\u0131na ra\u011fmen hala \u00fclkede havac\u0131l\u0131k ve buna ba\u011fl\u0131 olarak havac\u0131l\u0131k emniyetinin devlet eli ile yerlerde s\u00fcr\u00fcnd\u00fcr\u00fclmeye devam etti\u011fini\u201d \u00f6ne s\u00fcrerek, \u201cErcan Havaliman\u0131 \u00f6zelle\u015ftirildi\u011fi g\u00fcnden itibaren sanki yolculara hava ta\u015f\u0131mac\u0131l\u0131\u011f\u0131 hizmeti vermesi gereken bir kurum de\u011filmi\u015f de, T&amp;T \u015firketine para yeti\u015ftirsin diye i\u015fletilen bir devlet kurumu haline getirilmi\u015f durumdad\u0131r\u201d dedi. \u201cErcan<\/p>\n","protected":false},"author":1,"featured_media":32439,"comment_status":"open","ping_status":"open","sticky":false,"template":"","format":"standard","meta":{"footnotes":""},"categories":[79],"tags":[],"class_list":["post-32438","post","type-post","status-publish","format-standard","has-post-thumbnail","hentry","category-ekonomi"],"yoast_head":"<!-- This site is optimized with the Yoast SEO plugin v27.5 - https:\/\/yoast.com\/product\/yoast-seo-wordpress\/ -->\n<title>\u201cBug\u00fcn saat 19.30\u2019dan yar\u0131n saat 08.30\u2019a kadar Ercan Kule Kontrol grevde olacak\u201d -<\/title>\n<meta name=\"robots\" content=\"index, follow, max-snippet:-1, max-image-preview:large, max-video-preview:-1\" \/>\n<link rel=\"canonical\" href=\"https:\/\/kibrisdakik.com\/?p=32438\" \/>\n<meta property=\"og:locale\" content=\"tr_TR\" \/>\n<meta property=\"og:type\" content=\"article\" \/>\n<meta property=\"og:title\" content=\"\u201cBug\u00fcn saat 19.30\u2019dan yar\u0131n saat 08.30\u2019a kadar Ercan Kule Kontrol grevde olacak\u201d -\" \/>\n<meta property=\"og:description\" content=\"Kap\u0131s\u0131z yapt\u0131\u011f\u0131 yaz\u0131l\u0131 a\u00e7\u0131klamada, \u201cdefalarca uyarmalar\u0131na ra\u011fmen hala \u00fclkede havac\u0131l\u0131k ve buna ba\u011fl\u0131 olarak havac\u0131l\u0131k emniyetinin devlet eli ile yerlerde s\u00fcr\u00fcnd\u00fcr\u00fclmeye devam etti\u011fini\u201d \u00f6ne s\u00fcrerek, \u201cErcan Havaliman\u0131 \u00f6zelle\u015ftirildi\u011fi g\u00fcnden itibaren sanki yolculara hava ta\u015f\u0131mac\u0131l\u0131\u011f\u0131 hizmeti vermesi gereken bir kurum de\u011filmi\u015f de, T&amp;T \u015firketine para yeti\u015ftirsin diye i\u015fletilen bir devlet kurumu haline getirilmi\u015f durumdad\u0131r\u201d dedi. \u201cErcan\" \/>\n<meta property=\"og:url\" content=\"https:\/\/kibrisdakik.com\/?p=32438\" \/>\n<meta property=\"article:published_time\" content=\"2024-03-04T21:23:51+00:00\" \/>\n<meta property=\"og:image\" content=\"https:\/\/kibrisdakik.com\/wp-content\/uploads\/2024\/03\/bugun-saat-1930dan-yarin-saat-0830a-kadar-ercan-kule-kontrol-grevde-olacak-1709579040.webp.webp\" \/>\n\t<meta property=\"og:image:width\" content=\"710\" \/>\n\t<meta property=\"og:image:height\" content=\"370\" \/>\n\t<meta property=\"og:image:type\" content=\"image\/webp\" \/>\n<meta name=\"author\" content=\"admin\" \/>\n<meta name=\"twitter:card\" content=\"summary_large_image\" \/>\n<meta name=\"twitter:label1\" content=\"Yazan:\" \/>\n\t<meta name=\"twitter:data1\" content=\"admin\" \/>\n\t<meta name=\"twitter:label2\" content=\"Tahmini okuma s\u00fcresi\" \/>\n\t<meta name=\"twitter:data2\" content=\"3 dakika\" \/>\n<script type=\"application\/ld+json\" class=\"yoast-schema-graph\">{\"@context\":\"https:\\\/\\\/schema.org\",\"@graph\":[{\"@type\":\"Article\",\"@id\":\"https:\\\/\\\/kibrisdakik.com\\\/?p=32438#article\",\"isPartOf\":{\"@id\":\"https:\\\/\\\/kibrisdakik.com\\\/?p=32438\"},\"author\":{\"name\":\"admin\",\"@id\":\"https:\\\/\\\/kibrisdakik.com\\\/#\\\/schema\\\/person\\\/9cd9d437bbb44f72b73ba127e06d8e79\"},\"headline\":\"\u201cBug\u00fcn saat 19.30\u2019dan yar\u0131n saat 08.30\u2019a kadar Ercan Kule Kontrol grevde olacak\u201d\",\"datePublished\":\"2024-03-04T21:23:51+00:00\",\"mainEntityOfPage\":{\"@id\":\"https:\\\/\\\/kibrisdakik.com\\\/?p=32438\"},\"wordCount\":632,\"commentCount\":0,\"image\":{\"@id\":\"https:\\\/\\\/kibrisdakik.com\\\/?p=32438#primaryimage\"},\"thumbnailUrl\":\"https:\\\/\\\/kibrisdakik.com\\\/wp-content\\\/uploads\\\/2024\\\/03\\\/bugun-saat-1930dan-yarin-saat-0830a-kadar-ercan-kule-kontrol-grevde-olacak-1709579040.webp.webp\",\"articleSection\":[\"Ekonomi\"],\"inLanguage\":\"tr\",\"potentialAction\":[{\"@type\":\"CommentAction\",\"name\":\"Comment\",\"target\":[\"https:\\\/\\\/kibrisdakik.com\\\/?p=32438#respond\"]}]},{\"@type\":\"WebPage\",\"@id\":\"https:\\\/\\\/kibrisdakik.com\\\/?p=32438\",\"url\":\"https:\\\/\\\/kibrisdakik.com\\\/?p=32438\",\"name\":\"\u201cBug\u00fcn saat 19.30\u2019dan yar\u0131n saat 08.30\u2019a kadar Ercan Kule Kontrol grevde olacak\u201d -\",\"isPartOf\":{\"@id\":\"https:\\\/\\\/kibrisdakik.com\\\/#website\"},\"primaryImageOfPage\":{\"@id\":\"https:\\\/\\\/kibrisdakik.com\\\/?p=32438#primaryimage\"},\"image\":{\"@id\":\"https:\\\/\\\/kibrisdakik.com\\\/?p=32438#primaryimage\"},\"thumbnailUrl\":\"https:\\\/\\\/kibrisdakik.com\\\/wp-content\\\/uploads\\\/2024\\\/03\\\/bugun-saat-1930dan-yarin-saat-0830a-kadar-ercan-kule-kontrol-grevde-olacak-1709579040.webp.webp\",\"datePublished\":\"2024-03-04T21:23:51+00:00\",\"author\":{\"@id\":\"https:\\\/\\\/kibrisdakik.com\\\/#\\\/schema\\\/person\\\/9cd9d437bbb44f72b73ba127e06d8e79\"},\"breadcrumb\":{\"@id\":\"https:\\\/\\\/kibrisdakik.com\\\/?p=32438#breadcrumb\"},\"inLanguage\":\"tr\",\"potentialAction\":[{\"@type\":\"ReadAction\",\"target\":[\"https:\\\/\\\/kibrisdakik.com\\\/?p=32438\"]}]},{\"@type\":\"ImageObject\",\"inLanguage\":\"tr\",\"@id\":\"https:\\\/\\\/kibrisdakik.com\\\/?p=32438#primaryimage\",\"url\":\"https:\\\/\\\/kibrisdakik.com\\\/wp-content\\\/uploads\\\/2024\\\/03\\\/bugun-saat-1930dan-yarin-saat-0830a-kadar-ercan-kule-kontrol-grevde-olacak-1709579040.webp.webp\",\"contentUrl\":\"https:\\\/\\\/kibrisdakik.com\\\/wp-content\\\/uploads\\\/2024\\\/03\\\/bugun-saat-1930dan-yarin-saat-0830a-kadar-ercan-kule-kontrol-grevde-olacak-1709579040.webp.webp\",\"width\":710,\"height\":370},{\"@type\":\"BreadcrumbList\",\"@id\":\"https:\\\/\\\/kibrisdakik.com\\\/?p=32438#breadcrumb\",\"itemListElement\":[{\"@type\":\"ListItem\",\"position\":1,\"name\":\"Home\",\"item\":\"https:\\\/\\\/kibrisdakik.com\\\/\"},{\"@type\":\"ListItem\",\"position\":2,\"name\":\"\u201cBug\u00fcn saat 19.30\u2019dan yar\u0131n saat 08.30\u2019a kadar Ercan Kule Kontrol grevde olacak\u201d\"}]},{\"@type\":\"WebSite\",\"@id\":\"https:\\\/\\\/kibrisdakik.com\\\/#website\",\"url\":\"https:\\\/\\\/kibrisdakik.com\\\/\",\"name\":\"\",\"description\":\"Tam vaktinde haber\",\"potentialAction\":[{\"@type\":\"SearchAction\",\"target\":{\"@type\":\"EntryPoint\",\"urlTemplate\":\"https:\\\/\\\/kibrisdakik.com\\\/?s={search_term_string}\"},\"query-input\":{\"@type\":\"PropertyValueSpecification\",\"valueRequired\":true,\"valueName\":\"search_term_string\"}}],\"inLanguage\":\"tr\"},{\"@type\":\"Person\",\"@id\":\"https:\\\/\\\/kibrisdakik.com\\\/#\\\/schema\\\/person\\\/9cd9d437bbb44f72b73ba127e06d8e79\",\"name\":\"admin\",\"image\":{\"@type\":\"ImageObject\",\"inLanguage\":\"tr\",\"@id\":\"https:\\\/\\\/secure.gravatar.com\\\/avatar\\\/ccc17943b9d660506c869530f897617f7cb1c21a4bf30023f252596d83e1f007?s=96&d=mm&r=g\",\"url\":\"https:\\\/\\\/secure.gravatar.com\\\/avatar\\\/ccc17943b9d660506c869530f897617f7cb1c21a4bf30023f252596d83e1f007?s=96&d=mm&r=g\",\"contentUrl\":\"https:\\\/\\\/secure.gravatar.com\\\/avatar\\\/ccc17943b9d660506c869530f897617f7cb1c21a4bf30023f252596d83e1f007?s=96&d=mm&r=g\",\"caption\":\"admin\"},\"sameAs\":[\"https:\\\/\\\/kibrisdakik.com\"],\"url\":\"https:\\\/\\\/kibrisdakik.com\\\/?author=1\"}]}<\/script>\n<!-- \/ Yoast SEO plugin. -->","yoast_head_json":{"title":"\u201cBug\u00fcn saat 19.30\u2019dan yar\u0131n saat 08.30\u2019a kadar Ercan Kule Kontrol grevde olacak\u201d -","robots":{"index":"index","follow":"follow","max-snippet":"max-snippet:-1","max-image-preview":"max-image-preview:large","max-video-preview":"max-video-preview:-1"},"canonical":"https:\/\/kibrisdakik.com\/?p=32438","og_locale":"tr_TR","og_type":"article","og_title":"\u201cBug\u00fcn saat 19.30\u2019dan yar\u0131n saat 08.30\u2019a kadar Ercan Kule Kontrol grevde olacak\u201d -","og_description":"Kap\u0131s\u0131z yapt\u0131\u011f\u0131 yaz\u0131l\u0131 a\u00e7\u0131klamada, \u201cdefalarca uyarmalar\u0131na ra\u011fmen hala \u00fclkede havac\u0131l\u0131k ve buna ba\u011fl\u0131 olarak havac\u0131l\u0131k emniyetinin devlet eli ile yerlerde s\u00fcr\u00fcnd\u00fcr\u00fclmeye devam etti\u011fini\u201d \u00f6ne s\u00fcrerek, \u201cErcan Havaliman\u0131 \u00f6zelle\u015ftirildi\u011fi g\u00fcnden itibaren sanki yolculara hava ta\u015f\u0131mac\u0131l\u0131\u011f\u0131 hizmeti vermesi gereken bir kurum de\u011filmi\u015f de, T&amp;T \u015firketine para yeti\u015ftirsin diye i\u015fletilen bir devlet kurumu haline getirilmi\u015f durumdad\u0131r\u201d dedi. \u201cErcan","og_url":"https:\/\/kibrisdakik.com\/?p=32438","article_published_time":"2024-03-04T21:23:51+00:00","og_image":[{"width":710,"height":370,"url":"https:\/\/kibrisdakik.com\/wp-content\/uploads\/2024\/03\/bugun-saat-1930dan-yarin-saat-0830a-kadar-ercan-kule-kontrol-grevde-olacak-1709579040.webp.webp","type":"image\/webp"}],"author":"admin","twitter_card":"summary_large_image","twitter_misc":{"Yazan:":"admin","Tahmini okuma s\u00fcresi":"3 dakika"},"schema":{"@context":"https:\/\/schema.org","@graph":[{"@type":"Article","@id":"https:\/\/kibrisdakik.com\/?p=32438#article","isPartOf":{"@id":"https:\/\/kibrisdakik.com\/?p=32438"},"author":{"name":"admin","@id":"https:\/\/kibrisdakik.com\/#\/schema\/person\/9cd9d437bbb44f72b73ba127e06d8e79"},"headline":"\u201cBug\u00fcn saat 19.30\u2019dan yar\u0131n saat 08.30\u2019a kadar Ercan Kule Kontrol grevde olacak\u201d","datePublished":"2024-03-04T21:23:51+00:00","mainEntityOfPage":{"@id":"https:\/\/kibrisdakik.com\/?p=32438"},"wordCount":632,"commentCount":0,"image":{"@id":"https:\/\/kibrisdakik.com\/?p=32438#primaryimage"},"thumbnailUrl":"https:\/\/kibrisdakik.com\/wp-content\/uploads\/2024\/03\/bugun-saat-1930dan-yarin-saat-0830a-kadar-ercan-kule-kontrol-grevde-olacak-1709579040.webp.webp","articleSection":["Ekonomi"],"inLanguage":"tr","potentialAction":[{"@type":"CommentAction","name":"Comment","target":["https:\/\/kibrisdakik.com\/?p=32438#respond"]}]},{"@type":"WebPage","@id":"https:\/\/kibrisdakik.com\/?p=32438","url":"https:\/\/kibrisdakik.com\/?p=32438","name":"\u201cBug\u00fcn saat 19.30\u2019dan yar\u0131n saat 08.30\u2019a kadar Ercan Kule Kontrol grevde olacak\u201d -","isPartOf":{"@id":"https:\/\/kibrisdakik.com\/#website"},"primaryImageOfPage":{"@id":"https:\/\/kibrisdakik.com\/?p=32438#primaryimage"},"image":{"@id":"https:\/\/kibrisdakik.com\/?p=32438#primaryimage"},"thumbnailUrl":"https:\/\/kibrisdakik.com\/wp-content\/uploads\/2024\/03\/bugun-saat-1930dan-yarin-saat-0830a-kadar-ercan-kule-kontrol-grevde-olacak-1709579040.webp.webp","datePublished":"2024-03-04T21:23:51+00:00","author":{"@id":"https:\/\/kibrisdakik.com\/#\/schema\/person\/9cd9d437bbb44f72b73ba127e06d8e79"},"breadcrumb":{"@id":"https:\/\/kibrisdakik.com\/?p=32438#breadcrumb"},"inLanguage":"tr","potentialAction":[{"@type":"ReadAction","target":["https:\/\/kibrisdakik.com\/?p=32438"]}]},{"@type":"ImageObject","inLanguage":"tr","@id":"https:\/\/kibrisdakik.com\/?p=32438#primaryimage","url":"https:\/\/kibrisdakik.com\/wp-content\/uploads\/2024\/03\/bugun-saat-1930dan-yarin-saat-0830a-kadar-ercan-kule-kontrol-grevde-olacak-1709579040.webp.webp","contentUrl":"https:\/\/kibrisdakik.com\/wp-content\/uploads\/2024\/03\/bugun-saat-1930dan-yarin-saat-0830a-kadar-ercan-kule-kontrol-grevde-olacak-1709579040.webp.webp","width":710,"height":370},{"@type":"BreadcrumbList","@id":"https:\/\/kibrisdakik.com\/?p=32438#breadcrumb","itemListElement":[{"@type":"ListItem","position":1,"name":"Home","item":"https:\/\/kibrisdakik.com\/"},{"@type":"ListItem","position":2,"name":"\u201cBug\u00fcn saat 19.30\u2019dan yar\u0131n saat 08.30\u2019a kadar Ercan Kule Kontrol grevde olacak\u201d"}]},{"@type":"WebSite","@id":"https:\/\/kibrisdakik.com\/#website","url":"https:\/\/kibrisdakik.com\/","name":"","description":"Tam vaktinde haber","potentialAction":[{"@type":"SearchAction","target":{"@type":"EntryPoint","urlTemplate":"https:\/\/kibrisdakik.com\/?s={search_term_string}"},"query-input":{"@type":"PropertyValueSpecification","valueRequired":true,"valueName":"search_term_string"}}],"inLanguage":"tr"},{"@type":"Person","@id":"https:\/\/kibrisdakik.com\/#\/schema\/person\/9cd9d437bbb44f72b73ba127e06d8e79","name":"admin","image":{"@type":"ImageObject","inLanguage":"tr","@id":"https:\/\/secure.gravatar.com\/avatar\/ccc17943b9d660506c869530f897617f7cb1c21a4bf30023f252596d83e1f007?s=96&d=mm&r=g","url":"https:\/\/secure.gravatar.com\/avatar\/ccc17943b9d660506c869530f897617f7cb1c21a4bf30023f252596d83e1f007?s=96&d=mm&r=g","contentUrl":"https:\/\/secure.gravatar.com\/avatar\/ccc17943b9d660506c869530f897617f7cb1c21a4bf30023f252596d83e1f007?s=96&d=mm&r=g","caption":"admin"},"sameAs":["https:\/\/kibrisdakik.com"],"url":"https:\/\/kibrisdakik.com\/?author=1"}]}},"_links":{"self":[{"href":"https:\/\/kibrisdakik.com\/index.php?rest_route=\/wp\/v2\/posts\/32438","targetHints":{"allow":["GET"]}}],"collection":[{"href":"https:\/\/kibrisdakik.com\/index.php?rest_route=\/wp\/v2\/posts"}],"about":[{"href":"https:\/\/kibrisdakik.com\/index.php?rest_route=\/wp\/v2\/types\/post"}],"author":[{"embeddable":true,"href":"https:\/\/kibrisdakik.com\/index.php?rest_route=\/wp\/v2\/users\/1"}],"replies":[{"embeddable":true,"href":"https:\/\/kibrisdakik.com\/index.php?rest_route=%2Fwp%2Fv2%2Fcomments&post=32438"}],"version-history":[{"count":0,"href":"https:\/\/kibrisdakik.com\/index.php?rest_route=\/wp\/v2\/posts\/32438\/revisions"}],"wp:featuredmedia":[{"embeddable":true,"href":"https:\/\/kibrisdakik.com\/index.php?rest_route=\/wp\/v2\/media\/32439"}],"wp:attachment":[{"href":"https:\/\/kibrisdakik.com\/index.php?rest_route=%2Fwp%2Fv2%2Fmedia&parent=32438"}],"wp:term":[{"taxonomy":"category","embeddable":true,"href":"https:\/\/kibrisdakik.com\/index.php?rest_route=%2Fwp%2Fv2%2Fcategories&post=32438"},{"taxonomy":"post_tag","embeddable":true,"href":"https:\/\/kibrisdakik.com\/index.php?rest_route=%2Fwp%2Fv2%2Ftags&post=32438"}],"curies":[{"name":"wp","href":"https:\/\/api.w.org\/{rel}","templated":true}]}}