{"id":32463,"date":"2024-03-05T01:27:50","date_gmt":"2024-03-05T01:27:50","guid":{"rendered":"https:\/\/kibrisdakik.com\/index.php\/2024\/03\/05\/ctp-kadin-orgutu-arasta-esnafini-ziyaret-etti\/"},"modified":"2024-03-05T01:27:50","modified_gmt":"2024-03-05T01:27:50","slug":"ctp-kadin-orgutu-arasta-esnafini-ziyaret-etti","status":"publish","type":"post","link":"https:\/\/kibrisdakik.com\/?p=32463","title":{"rendered":"CTP Kad\u0131n \u00d6rg\u00fct\u00fc, Arasta esnaf\u0131n\u0131 ziyaret etti"},"content":{"rendered":"<p><img decoding=\"async\" src=\"https:\/\/www.kibristurk.com\/images\/haberler\/2024\/03\/ctp-kadin-orgutu-arasta-esnafini-ziyaret-etti-1709567707.webp\" \/><\/p>\n<p style=\"text-align:left\"><span style=\"font-size:16px\"><span style=\"font-family:Merriweather,serif !important\"><span style=\"color:#000000\"><span style=\"background-color:#ffffff\">Partiden verilen bilgiye g\u00f6re \u201c8 Mart D\u00fcnya Emek\u00e7i Kad\u0131nlar G\u00fcn\u00fc\u201d kapsam\u0131nda Arasta\u2019ya \u201cEmek\u00e7i Kad\u0131nlar Ziyareti\u201d d\u00fczenlendi.<\/span><\/span><\/span><\/span><\/p>\n<p style=\"text-align:left\"><span style=\"font-size:16px\"><span style=\"font-family:Merriweather,serif !important\"><span style=\"color:#000000\"><span style=\"background-color:#ffffff\">CTP Kad\u0131n \u00d6rg\u00fct\u00fc Genel Ba\u015fkan\u0131 Do\u011fu\u015f Derya, Genel Sekreter As\u0131m Akansoy, milletvekilleri Dr. S\u0131la Usar \u0130ncirli, Dt. Filiz Besim, Girne milletvekili Fikri Toros, Lefko\u015fa \u0130l\u00e7e Ba\u015fkan\u0131 ve milletvekili Devrim Bar\u00e7\u0131n ile kad\u0131n \u00f6rg\u00fct\u00fc y\u00f6neticilerinin kat\u0131ld\u0131\u011f\u0131 ziyarette esnafa bro\u015f\u00fcr da\u011f\u0131t\u0131ld\u0131, sorunlar dinledi.<\/span><\/span><\/span><\/span><\/p>\n<p style=\"text-align:left\"><span style=\"font-size:16px\"><span style=\"font-family:Merriweather,serif !important\"><span style=\"color:#000000\"><span style=\"background-color:#ffffff\">-Derya<\/span><\/span><\/span><\/span><\/p>\n<p style=\"text-align:left\"><span style=\"font-size:16px\"><span style=\"font-family:Merriweather,serif !important\"><span style=\"color:#000000\"><span style=\"background-color:#ffffff\">CTP Kad\u0131n \u00d6rg\u00fct Ba\u015fkan\u0131 Do\u011fu\u015f Derya, ziyaretle ilgili a\u00e7\u0131klamas\u0131nda kad\u0131nlar\u0131n m\u00fccadele ederek kazand\u0131\u011f\u0131 haklar\u0131n bu d\u00f6nemde erozyona u\u011frad\u0131\u011f\u0131n\u0131 savundu.<\/span><\/span><\/span><\/span><\/p>\n<p style=\"text-align:left\"><span style=\"font-size:16px\"><span style=\"font-family:Merriweather,serif !important\"><span style=\"color:#000000\"><span style=\"background-color:#ffffff\">Kamusal hizmetlere ayr\u0131lmas\u0131 gereken kaynaklar\u0131n \u015firketlere aktar\u0131ld\u0131\u011f\u0131n\u0131 ileri s\u00fcren Derya, \u201cSa\u011fl\u0131k, e\u011fitim ve sosyal hizmetlere dayal\u0131 haklar\u0131n budanmas\u0131, din istismar\u0131na dayal\u0131 toplum m\u00fchendisli\u011fi en \u00e7ok biz kad\u0131nlar\u0131 etkiliyor\u201d dedi.<\/span><\/span><\/span><\/span><\/p>\n<p style=\"text-align:left\"><span style=\"font-size:16px\"><span style=\"font-family:Merriweather,serif !important\"><span style=\"color:#000000\"><span style=\"background-color:#ffffff\">Derya, kad\u0131nlar\u0131n \u00e7arp\u0131k d\u00fczende, farkl\u0131 alanlarda e\u015fitsizli\u011fe maruz kald\u0131\u011f\u0131n\u0131 ifade ederek, \u201cSusmuyor hayal etti\u011fimiz e\u015fitlik d\u00fczenini kurmak i\u00e7in ezberleri bug\u00fcnden bozmaya devam ediyoruz\u201d dedi.<\/span><\/span><\/span><\/span><\/p>\n","protected":false},"excerpt":{"rendered":"<p>Partiden verilen bilgiye g\u00f6re \u201c8 Mart D\u00fcnya Emek\u00e7i Kad\u0131nlar G\u00fcn\u00fc\u201d kapsam\u0131nda Arasta\u2019ya \u201cEmek\u00e7i Kad\u0131nlar Ziyareti\u201d d\u00fczenlendi. CTP Kad\u0131n \u00d6rg\u00fct\u00fc Genel Ba\u015fkan\u0131 Do\u011fu\u015f Derya, Genel Sekreter As\u0131m Akansoy, milletvekilleri Dr. S\u0131la Usar \u0130ncirli, Dt. Filiz Besim, Girne milletvekili Fikri Toros, Lefko\u015fa \u0130l\u00e7e Ba\u015fkan\u0131 ve milletvekili Devrim Bar\u00e7\u0131n ile kad\u0131n \u00f6rg\u00fct\u00fc y\u00f6neticilerinin kat\u0131ld\u0131\u011f\u0131 ziyarette esnafa bro\u015f\u00fcr da\u011f\u0131t\u0131ld\u0131,<\/p>\n","protected":false},"author":1,"featured_media":32464,"comment_status":"open","ping_status":"open","sticky":false,"template":"","format":"standard","meta":{"footnotes":""},"categories":[79],"tags":[],"class_list":["post-32463","post","type-post","status-publish","format-standard","has-post-thumbnail","hentry","category-ekonomi"],"yoast_head":"<!-- This site is optimized with the Yoast SEO plugin v27.4 - https:\/\/yoast.com\/product\/yoast-seo-wordpress\/ -->\n<title>CTP Kad\u0131n \u00d6rg\u00fct\u00fc, Arasta esnaf\u0131n\u0131 ziyaret etti -<\/title>\n<meta name=\"robots\" content=\"index, follow, max-snippet:-1, max-image-preview:large, max-video-preview:-1\" \/>\n<link rel=\"canonical\" href=\"https:\/\/kibrisdakik.com\/?p=32463\" \/>\n<meta property=\"og:locale\" content=\"tr_TR\" \/>\n<meta property=\"og:type\" content=\"article\" \/>\n<meta property=\"og:title\" content=\"CTP Kad\u0131n \u00d6rg\u00fct\u00fc, Arasta esnaf\u0131n\u0131 ziyaret etti -\" \/>\n<meta property=\"og:description\" content=\"Partiden verilen bilgiye g\u00f6re \u201c8 Mart D\u00fcnya Emek\u00e7i Kad\u0131nlar G\u00fcn\u00fc\u201d kapsam\u0131nda Arasta\u2019ya \u201cEmek\u00e7i Kad\u0131nlar Ziyareti\u201d d\u00fczenlendi. CTP Kad\u0131n \u00d6rg\u00fct\u00fc Genel Ba\u015fkan\u0131 Do\u011fu\u015f Derya, Genel Sekreter As\u0131m Akansoy, milletvekilleri Dr. S\u0131la Usar \u0130ncirli, Dt. Filiz Besim, Girne milletvekili Fikri Toros, Lefko\u015fa \u0130l\u00e7e Ba\u015fkan\u0131 ve milletvekili Devrim Bar\u00e7\u0131n ile kad\u0131n \u00f6rg\u00fct\u00fc y\u00f6neticilerinin kat\u0131ld\u0131\u011f\u0131 ziyarette esnafa bro\u015f\u00fcr da\u011f\u0131t\u0131ld\u0131,\" \/>\n<meta property=\"og:url\" content=\"https:\/\/kibrisdakik.com\/?p=32463\" \/>\n<meta property=\"article:published_time\" content=\"2024-03-05T01:27:50+00:00\" \/>\n<meta property=\"og:image\" content=\"https:\/\/kibrisdakik.com\/wp-content\/uploads\/2024\/03\/ctp-kadin-orgutu-arasta-esnafini-ziyaret-etti-1709567707.webp.webp\" \/>\n\t<meta property=\"og:image:width\" content=\"710\" \/>\n\t<meta property=\"og:image:height\" content=\"370\" \/>\n\t<meta property=\"og:image:type\" content=\"image\/webp\" \/>\n<meta name=\"author\" content=\"admin\" \/>\n<meta name=\"twitter:card\" content=\"summary_large_image\" \/>\n<meta name=\"twitter:label1\" content=\"Yazan:\" \/>\n\t<meta name=\"twitter:data1\" content=\"admin\" \/>\n\t<meta name=\"twitter:label2\" content=\"Tahmini okuma s\u00fcresi\" \/>\n\t<meta name=\"twitter:data2\" content=\"1 dakika\" \/>\n<script type=\"application\/ld+json\" class=\"yoast-schema-graph\">{\"@context\":\"https:\\\/\\\/schema.org\",\"@graph\":[{\"@type\":\"Article\",\"@id\":\"https:\\\/\\\/kibrisdakik.com\\\/?p=32463#article\",\"isPartOf\":{\"@id\":\"https:\\\/\\\/kibrisdakik.com\\\/?p=32463\"},\"author\":{\"name\":\"admin\",\"@id\":\"https:\\\/\\\/kibrisdakik.com\\\/#\\\/schema\\\/person\\\/9cd9d437bbb44f72b73ba127e06d8e79\"},\"headline\":\"CTP Kad\u0131n \u00d6rg\u00fct\u00fc, Arasta esnaf\u0131n\u0131 ziyaret etti\",\"datePublished\":\"2024-03-05T01:27:50+00:00\",\"mainEntityOfPage\":{\"@id\":\"https:\\\/\\\/kibrisdakik.com\\\/?p=32463\"},\"wordCount\":204,\"commentCount\":0,\"image\":{\"@id\":\"https:\\\/\\\/kibrisdakik.com\\\/?p=32463#primaryimage\"},\"thumbnailUrl\":\"https:\\\/\\\/kibrisdakik.com\\\/wp-content\\\/uploads\\\/2024\\\/03\\\/ctp-kadin-orgutu-arasta-esnafini-ziyaret-etti-1709567707.webp.webp\",\"articleSection\":[\"Ekonomi\"],\"inLanguage\":\"tr\",\"potentialAction\":[{\"@type\":\"CommentAction\",\"name\":\"Comment\",\"target\":[\"https:\\\/\\\/kibrisdakik.com\\\/?p=32463#respond\"]}]},{\"@type\":\"WebPage\",\"@id\":\"https:\\\/\\\/kibrisdakik.com\\\/?p=32463\",\"url\":\"https:\\\/\\\/kibrisdakik.com\\\/?p=32463\",\"name\":\"CTP Kad\u0131n \u00d6rg\u00fct\u00fc, Arasta esnaf\u0131n\u0131 ziyaret etti -\",\"isPartOf\":{\"@id\":\"https:\\\/\\\/kibrisdakik.com\\\/#website\"},\"primaryImageOfPage\":{\"@id\":\"https:\\\/\\\/kibrisdakik.com\\\/?p=32463#primaryimage\"},\"image\":{\"@id\":\"https:\\\/\\\/kibrisdakik.com\\\/?p=32463#primaryimage\"},\"thumbnailUrl\":\"https:\\\/\\\/kibrisdakik.com\\\/wp-content\\\/uploads\\\/2024\\\/03\\\/ctp-kadin-orgutu-arasta-esnafini-ziyaret-etti-1709567707.webp.webp\",\"datePublished\":\"2024-03-05T01:27:50+00:00\",\"author\":{\"@id\":\"https:\\\/\\\/kibrisdakik.com\\\/#\\\/schema\\\/person\\\/9cd9d437bbb44f72b73ba127e06d8e79\"},\"breadcrumb\":{\"@id\":\"https:\\\/\\\/kibrisdakik.com\\\/?p=32463#breadcrumb\"},\"inLanguage\":\"tr\",\"potentialAction\":[{\"@type\":\"ReadAction\",\"target\":[\"https:\\\/\\\/kibrisdakik.com\\\/?p=32463\"]}]},{\"@type\":\"ImageObject\",\"inLanguage\":\"tr\",\"@id\":\"https:\\\/\\\/kibrisdakik.com\\\/?p=32463#primaryimage\",\"url\":\"https:\\\/\\\/kibrisdakik.com\\\/wp-content\\\/uploads\\\/2024\\\/03\\\/ctp-kadin-orgutu-arasta-esnafini-ziyaret-etti-1709567707.webp.webp\",\"contentUrl\":\"https:\\\/\\\/kibrisdakik.com\\\/wp-content\\\/uploads\\\/2024\\\/03\\\/ctp-kadin-orgutu-arasta-esnafini-ziyaret-etti-1709567707.webp.webp\",\"width\":710,\"height\":370},{\"@type\":\"BreadcrumbList\",\"@id\":\"https:\\\/\\\/kibrisdakik.com\\\/?p=32463#breadcrumb\",\"itemListElement\":[{\"@type\":\"ListItem\",\"position\":1,\"name\":\"Home\",\"item\":\"https:\\\/\\\/kibrisdakik.com\\\/\"},{\"@type\":\"ListItem\",\"position\":2,\"name\":\"CTP Kad\u0131n \u00d6rg\u00fct\u00fc, Arasta esnaf\u0131n\u0131 ziyaret etti\"}]},{\"@type\":\"WebSite\",\"@id\":\"https:\\\/\\\/kibrisdakik.com\\\/#website\",\"url\":\"https:\\\/\\\/kibrisdakik.com\\\/\",\"name\":\"\",\"description\":\"Tam vaktinde haber\",\"potentialAction\":[{\"@type\":\"SearchAction\",\"target\":{\"@type\":\"EntryPoint\",\"urlTemplate\":\"https:\\\/\\\/kibrisdakik.com\\\/?s={search_term_string}\"},\"query-input\":{\"@type\":\"PropertyValueSpecification\",\"valueRequired\":true,\"valueName\":\"search_term_string\"}}],\"inLanguage\":\"tr\"},{\"@type\":\"Person\",\"@id\":\"https:\\\/\\\/kibrisdakik.com\\\/#\\\/schema\\\/person\\\/9cd9d437bbb44f72b73ba127e06d8e79\",\"name\":\"admin\",\"image\":{\"@type\":\"ImageObject\",\"inLanguage\":\"tr\",\"@id\":\"https:\\\/\\\/secure.gravatar.com\\\/avatar\\\/ccc17943b9d660506c869530f897617f7cb1c21a4bf30023f252596d83e1f007?s=96&d=mm&r=g\",\"url\":\"https:\\\/\\\/secure.gravatar.com\\\/avatar\\\/ccc17943b9d660506c869530f897617f7cb1c21a4bf30023f252596d83e1f007?s=96&d=mm&r=g\",\"contentUrl\":\"https:\\\/\\\/secure.gravatar.com\\\/avatar\\\/ccc17943b9d660506c869530f897617f7cb1c21a4bf30023f252596d83e1f007?s=96&d=mm&r=g\",\"caption\":\"admin\"},\"sameAs\":[\"https:\\\/\\\/kibrisdakik.com\"],\"url\":\"https:\\\/\\\/kibrisdakik.com\\\/?author=1\"}]}<\/script>\n<!-- \/ Yoast SEO plugin. -->","yoast_head_json":{"title":"CTP Kad\u0131n \u00d6rg\u00fct\u00fc, Arasta esnaf\u0131n\u0131 ziyaret etti -","robots":{"index":"index","follow":"follow","max-snippet":"max-snippet:-1","max-image-preview":"max-image-preview:large","max-video-preview":"max-video-preview:-1"},"canonical":"https:\/\/kibrisdakik.com\/?p=32463","og_locale":"tr_TR","og_type":"article","og_title":"CTP Kad\u0131n \u00d6rg\u00fct\u00fc, Arasta esnaf\u0131n\u0131 ziyaret etti -","og_description":"Partiden verilen bilgiye g\u00f6re \u201c8 Mart D\u00fcnya Emek\u00e7i Kad\u0131nlar G\u00fcn\u00fc\u201d kapsam\u0131nda Arasta\u2019ya \u201cEmek\u00e7i Kad\u0131nlar Ziyareti\u201d d\u00fczenlendi. CTP Kad\u0131n \u00d6rg\u00fct\u00fc Genel Ba\u015fkan\u0131 Do\u011fu\u015f Derya, Genel Sekreter As\u0131m Akansoy, milletvekilleri Dr. S\u0131la Usar \u0130ncirli, Dt. Filiz Besim, Girne milletvekili Fikri Toros, Lefko\u015fa \u0130l\u00e7e Ba\u015fkan\u0131 ve milletvekili Devrim Bar\u00e7\u0131n ile kad\u0131n \u00f6rg\u00fct\u00fc y\u00f6neticilerinin kat\u0131ld\u0131\u011f\u0131 ziyarette esnafa bro\u015f\u00fcr da\u011f\u0131t\u0131ld\u0131,","og_url":"https:\/\/kibrisdakik.com\/?p=32463","article_published_time":"2024-03-05T01:27:50+00:00","og_image":[{"width":710,"height":370,"url":"https:\/\/kibrisdakik.com\/wp-content\/uploads\/2024\/03\/ctp-kadin-orgutu-arasta-esnafini-ziyaret-etti-1709567707.webp.webp","type":"image\/webp"}],"author":"admin","twitter_card":"summary_large_image","twitter_misc":{"Yazan:":"admin","Tahmini okuma s\u00fcresi":"1 dakika"},"schema":{"@context":"https:\/\/schema.org","@graph":[{"@type":"Article","@id":"https:\/\/kibrisdakik.com\/?p=32463#article","isPartOf":{"@id":"https:\/\/kibrisdakik.com\/?p=32463"},"author":{"name":"admin","@id":"https:\/\/kibrisdakik.com\/#\/schema\/person\/9cd9d437bbb44f72b73ba127e06d8e79"},"headline":"CTP Kad\u0131n \u00d6rg\u00fct\u00fc, Arasta esnaf\u0131n\u0131 ziyaret etti","datePublished":"2024-03-05T01:27:50+00:00","mainEntityOfPage":{"@id":"https:\/\/kibrisdakik.com\/?p=32463"},"wordCount":204,"commentCount":0,"image":{"@id":"https:\/\/kibrisdakik.com\/?p=32463#primaryimage"},"thumbnailUrl":"https:\/\/kibrisdakik.com\/wp-content\/uploads\/2024\/03\/ctp-kadin-orgutu-arasta-esnafini-ziyaret-etti-1709567707.webp.webp","articleSection":["Ekonomi"],"inLanguage":"tr","potentialAction":[{"@type":"CommentAction","name":"Comment","target":["https:\/\/kibrisdakik.com\/?p=32463#respond"]}]},{"@type":"WebPage","@id":"https:\/\/kibrisdakik.com\/?p=32463","url":"https:\/\/kibrisdakik.com\/?p=32463","name":"CTP Kad\u0131n \u00d6rg\u00fct\u00fc, Arasta esnaf\u0131n\u0131 ziyaret etti -","isPartOf":{"@id":"https:\/\/kibrisdakik.com\/#website"},"primaryImageOfPage":{"@id":"https:\/\/kibrisdakik.com\/?p=32463#primaryimage"},"image":{"@id":"https:\/\/kibrisdakik.com\/?p=32463#primaryimage"},"thumbnailUrl":"https:\/\/kibrisdakik.com\/wp-content\/uploads\/2024\/03\/ctp-kadin-orgutu-arasta-esnafini-ziyaret-etti-1709567707.webp.webp","datePublished":"2024-03-05T01:27:50+00:00","author":{"@id":"https:\/\/kibrisdakik.com\/#\/schema\/person\/9cd9d437bbb44f72b73ba127e06d8e79"},"breadcrumb":{"@id":"https:\/\/kibrisdakik.com\/?p=32463#breadcrumb"},"inLanguage":"tr","potentialAction":[{"@type":"ReadAction","target":["https:\/\/kibrisdakik.com\/?p=32463"]}]},{"@type":"ImageObject","inLanguage":"tr","@id":"https:\/\/kibrisdakik.com\/?p=32463#primaryimage","url":"https:\/\/kibrisdakik.com\/wp-content\/uploads\/2024\/03\/ctp-kadin-orgutu-arasta-esnafini-ziyaret-etti-1709567707.webp.webp","contentUrl":"https:\/\/kibrisdakik.com\/wp-content\/uploads\/2024\/03\/ctp-kadin-orgutu-arasta-esnafini-ziyaret-etti-1709567707.webp.webp","width":710,"height":370},{"@type":"BreadcrumbList","@id":"https:\/\/kibrisdakik.com\/?p=32463#breadcrumb","itemListElement":[{"@type":"ListItem","position":1,"name":"Home","item":"https:\/\/kibrisdakik.com\/"},{"@type":"ListItem","position":2,"name":"CTP Kad\u0131n \u00d6rg\u00fct\u00fc, Arasta esnaf\u0131n\u0131 ziyaret etti"}]},{"@type":"WebSite","@id":"https:\/\/kibrisdakik.com\/#website","url":"https:\/\/kibrisdakik.com\/","name":"","description":"Tam vaktinde haber","potentialAction":[{"@type":"SearchAction","target":{"@type":"EntryPoint","urlTemplate":"https:\/\/kibrisdakik.com\/?s={search_term_string}"},"query-input":{"@type":"PropertyValueSpecification","valueRequired":true,"valueName":"search_term_string"}}],"inLanguage":"tr"},{"@type":"Person","@id":"https:\/\/kibrisdakik.com\/#\/schema\/person\/9cd9d437bbb44f72b73ba127e06d8e79","name":"admin","image":{"@type":"ImageObject","inLanguage":"tr","@id":"https:\/\/secure.gravatar.com\/avatar\/ccc17943b9d660506c869530f897617f7cb1c21a4bf30023f252596d83e1f007?s=96&d=mm&r=g","url":"https:\/\/secure.gravatar.com\/avatar\/ccc17943b9d660506c869530f897617f7cb1c21a4bf30023f252596d83e1f007?s=96&d=mm&r=g","contentUrl":"https:\/\/secure.gravatar.com\/avatar\/ccc17943b9d660506c869530f897617f7cb1c21a4bf30023f252596d83e1f007?s=96&d=mm&r=g","caption":"admin"},"sameAs":["https:\/\/kibrisdakik.com"],"url":"https:\/\/kibrisdakik.com\/?author=1"}]}},"_links":{"self":[{"href":"https:\/\/kibrisdakik.com\/index.php?rest_route=\/wp\/v2\/posts\/32463","targetHints":{"allow":["GET"]}}],"collection":[{"href":"https:\/\/kibrisdakik.com\/index.php?rest_route=\/wp\/v2\/posts"}],"about":[{"href":"https:\/\/kibrisdakik.com\/index.php?rest_route=\/wp\/v2\/types\/post"}],"author":[{"embeddable":true,"href":"https:\/\/kibrisdakik.com\/index.php?rest_route=\/wp\/v2\/users\/1"}],"replies":[{"embeddable":true,"href":"https:\/\/kibrisdakik.com\/index.php?rest_route=%2Fwp%2Fv2%2Fcomments&post=32463"}],"version-history":[{"count":0,"href":"https:\/\/kibrisdakik.com\/index.php?rest_route=\/wp\/v2\/posts\/32463\/revisions"}],"wp:featuredmedia":[{"embeddable":true,"href":"https:\/\/kibrisdakik.com\/index.php?rest_route=\/wp\/v2\/media\/32464"}],"wp:attachment":[{"href":"https:\/\/kibrisdakik.com\/index.php?rest_route=%2Fwp%2Fv2%2Fmedia&parent=32463"}],"wp:term":[{"taxonomy":"category","embeddable":true,"href":"https:\/\/kibrisdakik.com\/index.php?rest_route=%2Fwp%2Fv2%2Fcategories&post=32463"},{"taxonomy":"post_tag","embeddable":true,"href":"https:\/\/kibrisdakik.com\/index.php?rest_route=%2Fwp%2Fv2%2Ftags&post=32463"}],"curies":[{"name":"wp","href":"https:\/\/api.w.org\/{rel}","templated":true}]}}