{"id":32467,"date":"2024-03-05T02:28:54","date_gmt":"2024-03-05T02:28:54","guid":{"rendered":"https:\/\/kibrisdakik.com\/index.php\/2024\/03\/05\/kemik-kac-derecede-kul-olur\/"},"modified":"2024-03-05T02:28:54","modified_gmt":"2024-03-05T02:28:54","slug":"kemik-kac-derecede-kul-olur","status":"publish","type":"post","link":"https:\/\/kibrisdakik.com\/?p=32467","title":{"rendered":"&quot;Kemik ka\u00e7 derecede k\u00fcl olur?&quot;"},"content":{"rendered":"<p><\/p>\n<p>\u0130stanbul Bayrampa\u015fa&#8217;da 10 Temmuz 2023&#8217;de 19 ya\u015f\u0131ndaki Muhammed Nuh Kasadar&#8217;\u0131 korkun\u00e7 \u015fekilde \u00f6ld\u00fcren 29 ya\u015f\u0131ndaki Hakan \u00d6zt\u00fcrk&#8217;\u00fcn yarg\u0131lanmas\u0131na ba\u015fland\u0131.&nbsp; Duru\u015fmaya vefat eden Muhammed Nuh Kasadar&#8217;\u0131n m\u00fc\u015fteki abisi \u00d6mer Faruk Kasadar ile taraf avukatlar\u0131 da kat\u0131ld\u0131. Kendini savunmayaca\u011f\u0131n\u0131 s\u00f6yleyen san\u0131\u011f\u0131n cinayetten \u00f6nce internetten aratt\u0131\u011f\u0131 sorular kan dondurdu.&nbsp;<\/p>\n<h3>&#8220;SAVUNMA YAPMAYACA\u011eIM&#8221;<\/h3>\n<p>Duru\u015fmada kimlik tespiti yap\u0131lan san\u0131k Hakan \u00d6zt\u00fcrk, evli ve 1 \u00e7ocuk sahibi oldu\u011funu belirtti. Savunmas\u0131nda ise &#8220;Herhangi bir savunma yapmayaca\u011f\u0131m, asl\u0131nda savunma yapmayaca\u011f\u0131m. Ba\u015fka bir \u015fey s\u00f6ylemek istemiyorum&#8221; dedi. Mahkeme ba\u015fkan\u0131 taraf\u0131ndan kendisine y\u00f6neltilen t\u00fcm sorulara bir diyece\u011finin olmad\u0131\u011f\u0131n\u0131 s\u00f6yleyen san\u0131k, \u00f6nceki beyanlar\u0131n\u0131 tekrarlad\u0131\u011f\u0131n\u0131 da belirtti.<\/p>\n<p>Mahkeme ba\u015fkan\u0131, san\u0131\u011f\u0131n \u00f6nceki ifadelerini okudu\u011fu s\u0131rada vefat eden Kasadar\u2019\u0131n yak\u0131n\u0131, izleyici olarak kat\u0131ld\u0131\u011f\u0131 duru\u015fmada san\u0131\u011f\u0131n ifadelerinin yalan oldu\u011funu s\u00f6yleyerek tepki g\u00f6sterince salondan d\u0131\u015far\u0131 \u00e7\u0131kar\u0131ld\u0131.<\/p>\n<h3>ARAMA GE\u00c7M\u0130\u015e\u0130 KAN DONDURDU<\/h3>\n<p>Mahkeme ba\u015fkan\u0131, duru\u015fma s\u0131ras\u0131nda san\u0131\u011fa \u2018\u2019Telefonunda k\u00fc\u00e7\u00fck k\u0131z \u00e7ocuklar\u0131n\u0131n m\u00fcstehcen videolar\u0131 var. Buna ne diyorsun?\u2019\u2019 diye sordu. San\u0131k \u00d6zt\u00fcrk ise bir diyece\u011finin olmad\u0131\u011f\u0131n\u0131 yineledi. Mahkeme ba\u015fkan\u0131 ayr\u0131ca, san\u0131\u011f\u0131n cep telefonunun incelemesinde cinayeti ger\u00e7ekle\u015ftirmeden 10 g\u00fcn \u00f6nce &#8220;Kemik ate\u015fte yanar m\u0131? Kemik ka\u00e7 derecede k\u00fcl olur? 10 bin dolar ka\u00e7 lira eder?&#8221; aramalar\u0131n\u0131 yapt\u0131\u011f\u0131n\u0131 da ifade etti.<\/p>\n<p>Duru\u015fmada san\u0131k avukat\u0131 da savunmas\u0131nda bir diyeceklerinin olmad\u0131\u011f\u0131n\u0131 s\u00f6yledi.<img decoding=\"async\" alt=\"19 genci bo\u011farak katledip, par\u00e7alara ay\u0131rm\u0131\u015ft\u0131! Arama ge\u00e7mi\u015fi kan dondurdu: &quot; Kemik ka\u00e7 derecede k\u00fcl olur?&quot; - 1. Resim\" src=\"https:\/\/i.tgrthaber.com.tr\/images\/haberler\/24-03\/04\/19-genci-bogarak-katledip-parcalara-ayirmisti-arama-gecmisi-kan-dondurdu-kemik-kac-derecede-kul-olur-1709561695622_1.jpg\" title=\"19 genci bo\u011farak katledip, par\u00e7alara ay\u0131rm\u0131\u015ft\u0131! Arama ge\u00e7mi\u015fi kan dondurdu: &quot;Kemik ka\u00e7 derecede k\u00fcl olur?&quot;\" \/><\/p>\n<h3>&#8220;B\u0130Z\u0130M VE T\u00dcRK\u0130YE&#8217;N\u0130N C\u0130\u011eER\u0130N\u0130 YAKTI, ALLAH DA ONU PER\u0130\u015eAN ETS\u0130N, LANET OLSUN&#8221;<\/h3>\n<p>Vefat eden Kasadar\u2019\u0131n abisi \u00d6mer Faruk Kasadar duru\u015fmadaki ifadesinde, \u2018\u2019Ne diyebilirim bilmiyorum. G\u00f6z g\u00f6re g\u00f6re planlam\u0131\u015f ve karde\u015fimi katletmi\u015f. Bana cenazenin ikinci g\u00fcn\u00fc telefon geldi. Muhammed ile ayn\u0131 ya\u015fta bir gen\u00e7, \u2018abi san\u0131k beni de davet etmi\u015fti\u2019 dedi. Ben birine k\u00f6t\u00fcl\u00fck yapacak, paras\u0131n\u0131 vermeyecek, haks\u0131zl\u0131k yapacak bir insan de\u011filim. Bunu zaten planlam\u0131\u015f, siz de g\u00f6rm\u00fc\u015fs\u00fcn\u00fczd\u00fcr. Hala al\u00e7ak\u00e7a iftiralar at\u0131yor. Bizim ve T\u00fcrkiye\u2019nin ci\u011ferini yakt\u0131, Allah da onu peri\u015fan etsin, lanet olsun\u2019\u2019 \u015feklinde konu\u015ftu. Duru\u015fma devam etti\u011fi s\u0131rada mahkeme ba\u015fkan\u0131 san\u0131\u011fa, ak\u0131l sa\u011fl\u0131\u011f\u0131na ili\u015fkin bir problemin olup olmad\u0131\u011f\u0131n\u0131 sordu. San\u0131k ise \u2018\u2019Bilmiyorum ki\u2019\u2019 diye yan\u0131t verdi.<\/p>\n<p>Duru\u015fmada tan\u0131k olarak dinlenen Enes Ayd\u0131n, san\u0131\u011f\u0131 liseden beri tan\u0131d\u0131\u011f\u0131n\u0131 ancak olayla ilgili bir \u015fey bilmedi\u011fini, olay zaman\u0131nda g\u00f6r\u00fc\u015fmediklerini ve Muhammed Nuh Kasadar\u2019\u0131 tan\u0131mad\u0131\u011f\u0131n\u0131 ifade etti. Tan\u0131k ayr\u0131ca, san\u0131\u011f\u0131n kendisi de dahil herkesten bor\u00e7 ald\u0131\u011f\u0131n\u0131, bunu sonradan \u00f6\u011frendi\u011fini ve kendisiyle bunu \u00f6\u011frendikten sonra ili\u015fkisini kesti\u011fini s\u00f6yledi.<\/p>\n<h3>&#8220;CESETTEN KURTULMAK \u0130\u00c7\u0130N&#8221;<\/h3>\n<p>Kendisine sorulan sorular \u00fczerine savunma yapmas\u0131 istenen san\u0131k \u00d6zt\u00fcrk ayr\u0131ca, \u2018\u2019Para istemeye olaydan sonra karar verdim. Muhammed ile kavga ettikten ve o \u00f6ld\u00fckten sonra. Sizin okuduklar\u0131n\u0131z i\u00e7in bu karar\u0131 verdim. Kira borcunu \u00f6demek ve cesetten kurtulmak i\u00e7in\u2019\u2019 ifadelerini kulland\u0131.<\/p>\n<h3>AKIL SA\u011eLI\u011eININ YER\u0130NDE OLUP OLMADI\u011eINA \u0130L\u0130\u015eK\u0130N RAPOR HAZIRLANACAK<\/h3>\n<p>Ara karar\u0131n\u0131 a\u00e7\u0131klayan mahkeme, san\u0131k Hakan \u00d6zt\u00fcrk\u2019\u00fcn tutukluluk halinin devam\u0131na karar verdi. San\u0131k \u00d6zt\u00fcrk\u2019\u00fcn ak\u0131l sa\u011fl\u0131\u011f\u0131n\u0131n yerinde olup olmad\u0131\u011f\u0131na ili\u015fkin Adli T\u0131p Kurumu\u2019ndan rapor al\u0131nmas\u0131na da h\u00fckmeden heyet, ayr\u0131ca san\u0131k hakk\u0131nda \u2018ya\u011fma\u2019 su\u00e7undan da \u0130stanbul Cumhuriyet Ba\u015fsavc\u0131l\u0131\u011f\u0131\u2019na su\u00e7 duyurusunda bulunulmas\u0131na da karar vererek duru\u015fmay\u0131 erteledi.<\/p>\n<h3>\u0130DD\u0130ANAMEDEN<\/h3>\n<p>\u0130stanbul Cumhuriyet Ba\u015fsavc\u0131l\u0131\u011f\u0131\u2019nca haz\u0131rlanan iddianamede, 11 Temmuz 2023\u2019de 02.00 s\u0131ralar\u0131nda m\u00fc\u015fteki Mustafa Kasadar\u2019\u0131n \u00f6nceki g\u00fcn o\u011flu Muhammed Nuh Kasadar\u2019\u0131n evlerinden bilgi vermeden ayr\u0131ld\u0131\u011f\u0131n\u0131 s\u00f6yleyerek o\u011flunun ka\u00e7\u0131r\u0131lm\u0131\u015f olabilece\u011fini s\u00f6yledi\u011fi, ayr\u0131ca ayn\u0131 g\u00fcn b\u00fcy\u00fck o\u011flu \u00d6mer Faruk Kasadar\u2019\u0131n telefonuna &#8220;Merhabalar \u00d6mer bey, \u015fu anda Muhammed elimizde ayr\u0131nt\u0131l\u0131 bilgi i\u00e7in android bir telefondan \u2019Connected2 me\u2019 uygulamas\u0131n\u0131 indirin ve \u2019Kasadari\u2019 diye bir hesap olu\u015fturun. Bunun i\u00e7in 15 dakikan var, hesab\u0131 a\u00e7 ve sana yazmam\u0131 bekle&#8221; \u015feklinde mesaj g\u00f6nderildi\u011fi ve kendisinin bunun bir \u015faka oldu\u011funu d\u00fc\u015f\u00fcnerek mesaj\u0131 ciddiye almad\u0131\u011f\u0131 anlat\u0131ld\u0131.<\/p>\n<h3>F\u0130DYE \u0130STED\u0130&nbsp;<\/h3>\n<p>Mustafa Kasadar\u2019\u0131n telefonuna s\u00f6z konusu uygulaman\u0131n indirildi\u011finin ve \u015f\u00fcpheli \u015fah\u0131s veya \u015fah\u0131slarla g\u00f6r\u00fc\u015f\u00fclmeye ba\u015fland\u0131\u011f\u0131n\u0131n aktar\u0131ld\u0131\u011f\u0131 iddianamede, kurulan ileti\u015fim sonucu \u015f\u00fcpheli Hakan \u00d6zt\u00fcrk\u2019\u00fcn, Muhammed Nuh Kasadar\u2019\u0131 rehin tuttu\u011fu, serbest kalmas\u0131 i\u00e7in 40 bin dolar para ayarlanmas\u0131n\u0131 istedi\u011fi, paray\u0131 ald\u0131ktan sonra Kasadar\u2019\u0131 serbest b\u0131rakaca\u011f\u0131n\u0131 s\u00f6yledi\u011fi aktar\u0131ld\u0131. Daha sonra \u00d6mer Faruk Kasadar\u2019\u0131n \u015f\u00fcpheli \u00d6zt\u00fcrk\u2019e 40 bin dolar bulamad\u0131\u011f\u0131n\u0131, onun yerine 70 bin lira getirebilece\u011fini s\u00f6yledi\u011fi, \u015f\u00fcphelinin bu teklifi kabul etti\u011fi ve paran\u0131n teslim edilece\u011fi adreste polis ekiplerinin g\u00fcvenlik \u00f6nlemleri alarak bekledi\u011fi belirtildi.<\/p>\n<h3>PARAYI ALACA\u011eI SIRADA \u00c7EVREDE G\u0130ZLENEN POL\u0130S EK\u0130PLER\u0130NE YAKALANDI<\/h3>\n<p>\u015e\u00fcpheli \u00d6zt\u00fcrk\u2019\u00fcn, m\u00fc\u015ftekiye burada tarif edece\u011fi \u00e7\u00f6p kovas\u0131na paray\u0131 b\u0131rak\u0131p gitmesini ve kendisinin paray\u0131 ald\u0131ktan sonra karde\u015fini park\u0131n yukar\u0131s\u0131nda bulunan benzin istasyonuna b\u0131rakaca\u011f\u0131n\u0131 s\u00f6yledi\u011finin anlat\u0131ld\u0131\u011f\u0131 iddianamede, daha sonra m\u00fc\u015ftekinin gece 01.00 s\u0131ralar\u0131nda olay yerine gelerek paray\u0131 \u00e7\u00f6p kovas\u0131na b\u0131rakt\u0131\u011f\u0131, oradan ayr\u0131ld\u0131ktan sonra polis ekiplerinin \u015f\u00fcpheliyi beklemeye devam etti\u011fi, \u015f\u00fcphelinin ise 3 saat 45 dakika sonra \u00e7\u00f6p kovas\u0131n\u0131n yan\u0131na gelip paray\u0131 almaya \u00e7al\u0131\u015fmas\u0131yla polis ekiplerince yakaland\u0131\u011f\u0131 kaydedildi. Polis ekiplerinin \u015f\u00fcpheliye Muhammed\u2019i sormas\u0131yla ise \u015f\u00fcphelinin Muhammed\u2019i \u00f6ld\u00fcrd\u00fc\u011f\u00fcn\u00fc ve par\u00e7alad\u0131\u011f\u0131 cesedin evinde oldu\u011funu s\u00f6yledi\u011fi aktar\u0131ld\u0131.<\/p>\n<p>Bo\u011fma sonucu \u00f6l\u00fcm\u00fcn meydana geldi\u011fi, v\u00fccudun \u00f6l\u00fcm sonras\u0131nda par\u00e7alanm\u0131\u015f oldu\u011fu belirtildi<br \/>\nAdli T\u0131p Kurumu\u2019nca haz\u0131rlanan otopsi raporuna da yer verilen iddianamede, ki\u015finin zehirlenerek \u00f6ld\u00fc\u011f\u00fcne ili\u015fkin delil bulunamad\u0131\u011f\u0131, v\u00fccudunun \u00f6l\u00fcm sonras\u0131nda par\u00e7alanm\u0131\u015f oldu\u011fu ve \u00f6l\u00fcm\u00fcn\u00fcn ba\u011fla bo\u011fma sonucu meydana geldi\u011fii belirtildi.<\/p>\n<h3>&#8220;\u0130ZLED\u0130\u011e\u0130M F\u0130LMLERDEN VE D\u0130Z\u0130LERDEN CESED\u0130 BAVULA KOYUP KURTULDUKLARI AKLIMA GELD\u0130&#8221;<\/h3>\n<p>\u015e\u00fcpheli Hakan \u00d6zt\u00fcrk\u2019\u00fcn ifadesine yer verilen iddianamede, \u015f\u00fcphelinin Mustafa Kasadar\u2019\u0131 ve o\u011fullar\u0131n\u0131 mahalleden tan\u0131d\u0131\u011f\u0131n\u0131, \u00d6mer Faruk Kasadar\u2019a ait olan i\u015f yerinde 2 bu\u00e7uk y\u0131l kadar kitap toplay\u0131c\u0131 ve sat\u0131n alma m\u00fcd\u00fcr\u00fc olarak \u00e7al\u0131\u015ft\u0131\u011f\u0131n\u0131 ve mesai \u00fccretlerini vermediklerini s\u00f6yleyerek, &#8220;Arkada\u015f\u0131m Enes, yan\u0131ma gelerek \u2019Bunlar seni kullan\u0131yorlar, sana mesai \u00fccreti vermeleri gerekiyor\u2019 dedi. Ben de \u00d6mer Kasadar taraf\u0131ndan kullan\u0131ld\u0131\u011f\u0131m\u0131 anlad\u0131m, bir s\u00fcre sonra i\u015ften \u00e7\u0131kt\u0131m. Sonras\u0131nda psikolojik zorluklar \u00e7ekmeye ba\u015flad\u0131m&#8221; dedi\u011fi aktar\u0131ld\u0131. \u015e\u00fcpheli \u00d6zt\u00fcrk\u2019\u00fcn olay g\u00fcn\u00fc bulu\u015ftu\u011fu Muhammed Nuh Kasadar ile evinde nargile i\u00e7ti\u011fini, sonra Kasadar\u2019\u0131n abisine k\u00fcf\u00fcr etti\u011fini, bunun \u00fczerine Muhammed Nuh Kasadar\u2019\u0131n da kendisine yumruk atmas\u0131yla kendisini kaybetti\u011fini s\u00f6yleyerek, &#8220;K\u0131rm\u0131z\u0131 \u00e7ama\u015f\u0131r ipini boynuna ge\u00e7irip t\u00fcm g\u00fcc\u00fcmle 4-5 dakika s\u0131kt\u0131m. Surat\u0131na bakt\u0131\u011f\u0131mda \u00f6ld\u00fc\u011f\u00fcn\u00fc fark ettim. Yar\u0131m saat ne yapaca\u011f\u0131m\u0131 d\u00fc\u015f\u00fcnd\u00fcm, cesedi kald\u0131rmam gerekti\u011fi akl\u0131ma geldi. \u0130zledi\u011fim filmlerden ve dizilerden cesedi bavula koyup kurtulduklar\u0131 akl\u0131ma geldi. Bu i\u015fin paras\u0131z olmayaca\u011f\u0131, ayr\u0131ca kira borcum oldu\u011fu i\u00e7in fidye istemek akl\u0131ma geldi. Cesedi par\u00e7alamadan \u00f6nce a\u011fabeyi \u00d6mer\u2019e mesaj att\u0131m. \u2019Karde\u015fin elimizde geri almak istiyorsan \u2019Connected2 me\u2019 adl\u0131 uygulamas\u0131ndan \u2019kasadari\u2019 diye hesap a\u00e7t\u0131\u011f\u0131n\u0131, ona yazmam\u0131 beklemesini s\u00f6yledim. Sonra telefonu evin \u00f6n\u00fcndeki \u00e7\u00f6pe att\u0131m&#8221; \u015feklinde konu\u015ftu\u011fu kaydedildi.<\/p>\n<h3>A\u011eIRLA\u015eTIRILMI\u015e M\u00dcEBBET HAP\u0130S CEZASI TALEB\u0130<\/h3>\n<p>Haz\u0131rlanan iddianamede, ilk haks\u0131z hareketin \u015f\u00fcpheli \u00d6zt\u00fcrk taraf\u0131ndan ger\u00e7ekle\u015ftirildi\u011fi, bu \u00e7er\u00e7evede haks\u0131z tahrik h\u00fck\u00fcmlerinin uygulanamayaca\u011f\u0131 da belirtildi. \u0130ddianamede \u015f\u00fcpheli Hakan \u00d6zt\u00fcrk\u2019\u00fcn \u2019tasarlayarak kasten \u00f6ld\u00fcrme\u2019 su\u00e7undan a\u011f\u0131rla\u015ft\u0131r\u0131lm\u0131\u015f m\u00fcebbet hapis cezas\u0131na \u00e7arpt\u0131r\u0131lmas\u0131 talep edildi.<\/p>\n","protected":false},"excerpt":{"rendered":"<p>\u0130stanbul Bayrampa\u015fa&#8217;da 10 Temmuz 2023&#8217;de 19 ya\u015f\u0131ndaki Muhammed Nuh Kasadar&#8217;\u0131 korkun\u00e7 \u015fekilde \u00f6ld\u00fcren 29 ya\u015f\u0131ndaki Hakan \u00d6zt\u00fcrk&#8217;\u00fcn yarg\u0131lanmas\u0131na ba\u015fland\u0131.&nbsp; Duru\u015fmaya vefat eden Muhammed Nuh Kasadar&#8217;\u0131n m\u00fc\u015fteki abisi \u00d6mer Faruk Kasadar ile taraf avukatlar\u0131 da kat\u0131ld\u0131. Kendini savunmayaca\u011f\u0131n\u0131 s\u00f6yleyen san\u0131\u011f\u0131n cinayetten \u00f6nce internetten aratt\u0131\u011f\u0131 sorular kan dondurdu.&nbsp; &#8220;SAVUNMA YAPMAYACA\u011eIM&#8221; Duru\u015fmada kimlik tespiti yap\u0131lan san\u0131k Hakan \u00d6zt\u00fcrk,<\/p>\n","protected":false},"author":1,"featured_media":32468,"comment_status":"open","ping_status":"open","sticky":false,"template":"","format":"standard","meta":{"footnotes":""},"categories":[79],"tags":[],"class_list":["post-32467","post","type-post","status-publish","format-standard","has-post-thumbnail","hentry","category-ekonomi"],"yoast_head":"<!-- This site is optimized with the Yoast SEO plugin v27.5 - https:\/\/yoast.com\/product\/yoast-seo-wordpress\/ -->\n<title>&quot;Kemik ka\u00e7 derecede k\u00fcl olur?&quot; -<\/title>\n<meta name=\"robots\" content=\"index, follow, max-snippet:-1, max-image-preview:large, max-video-preview:-1\" \/>\n<link rel=\"canonical\" href=\"https:\/\/kibrisdakik.com\/?p=32467\" \/>\n<meta property=\"og:locale\" content=\"tr_TR\" \/>\n<meta property=\"og:type\" content=\"article\" \/>\n<meta property=\"og:title\" content=\"&quot;Kemik ka\u00e7 derecede k\u00fcl olur?&quot; -\" \/>\n<meta property=\"og:description\" content=\"\u0130stanbul Bayrampa\u015fa&#8217;da 10 Temmuz 2023&#8217;de 19 ya\u015f\u0131ndaki Muhammed Nuh Kasadar&#8217;\u0131 korkun\u00e7 \u015fekilde \u00f6ld\u00fcren 29 ya\u015f\u0131ndaki Hakan \u00d6zt\u00fcrk&#8217;\u00fcn yarg\u0131lanmas\u0131na ba\u015fland\u0131.&nbsp; Duru\u015fmaya vefat eden Muhammed Nuh Kasadar&#8217;\u0131n m\u00fc\u015fteki abisi \u00d6mer Faruk Kasadar ile taraf avukatlar\u0131 da kat\u0131ld\u0131. Kendini savunmayaca\u011f\u0131n\u0131 s\u00f6yleyen san\u0131\u011f\u0131n cinayetten \u00f6nce internetten aratt\u0131\u011f\u0131 sorular kan dondurdu.&nbsp; &#8220;SAVUNMA YAPMAYACA\u011eIM&#8221; Duru\u015fmada kimlik tespiti yap\u0131lan san\u0131k Hakan \u00d6zt\u00fcrk,\" \/>\n<meta property=\"og:url\" content=\"https:\/\/kibrisdakik.com\/?p=32467\" \/>\n<meta property=\"article:published_time\" content=\"2024-03-05T02:28:54+00:00\" \/>\n<meta property=\"og:image\" content=\"https:\/\/kibrisdakik.com\/wp-content\/uploads\/2024\/03\/19-genci-bogarak-katledip-parcalara-ayirmisti-arama-gecmisi-kan-dondurdu-kemik-kac-derecede-kul-olur-1709561695622_1.jpg\" \/>\n\t<meta property=\"og:image:width\" content=\"1280\" \/>\n\t<meta property=\"og:image:height\" content=\"720\" \/>\n\t<meta property=\"og:image:type\" content=\"image\/jpeg\" \/>\n<meta name=\"author\" content=\"admin\" \/>\n<meta name=\"twitter:card\" content=\"summary_large_image\" \/>\n<meta name=\"twitter:label1\" content=\"Yazan:\" \/>\n\t<meta name=\"twitter:data1\" content=\"admin\" \/>\n\t<meta name=\"twitter:label2\" content=\"Tahmini okuma s\u00fcresi\" \/>\n\t<meta name=\"twitter:data2\" content=\"7 dakika\" \/>\n<script type=\"application\/ld+json\" class=\"yoast-schema-graph\">{\"@context\":\"https:\\\/\\\/schema.org\",\"@graph\":[{\"@type\":\"Article\",\"@id\":\"https:\\\/\\\/kibrisdakik.com\\\/?p=32467#article\",\"isPartOf\":{\"@id\":\"https:\\\/\\\/kibrisdakik.com\\\/?p=32467\"},\"author\":{\"name\":\"admin\",\"@id\":\"https:\\\/\\\/kibrisdakik.com\\\/#\\\/schema\\\/person\\\/9cd9d437bbb44f72b73ba127e06d8e79\"},\"headline\":\"&quot;Kemik ka\u00e7 derecede k\u00fcl olur?&quot;\",\"datePublished\":\"2024-03-05T02:28:54+00:00\",\"mainEntityOfPage\":{\"@id\":\"https:\\\/\\\/kibrisdakik.com\\\/?p=32467\"},\"wordCount\":1415,\"commentCount\":0,\"image\":{\"@id\":\"https:\\\/\\\/kibrisdakik.com\\\/?p=32467#primaryimage\"},\"thumbnailUrl\":\"https:\\\/\\\/kibrisdakik.com\\\/wp-content\\\/uploads\\\/2024\\\/03\\\/19-genci-bogarak-katledip-parcalara-ayirmisti-arama-gecmisi-kan-dondurdu-kemik-kac-derecede-kul-olur-1709561695622_1.jpg\",\"articleSection\":[\"Ekonomi\"],\"inLanguage\":\"tr\",\"potentialAction\":[{\"@type\":\"CommentAction\",\"name\":\"Comment\",\"target\":[\"https:\\\/\\\/kibrisdakik.com\\\/?p=32467#respond\"]}]},{\"@type\":\"WebPage\",\"@id\":\"https:\\\/\\\/kibrisdakik.com\\\/?p=32467\",\"url\":\"https:\\\/\\\/kibrisdakik.com\\\/?p=32467\",\"name\":\"&quot;Kemik ka\u00e7 derecede k\u00fcl olur?&quot; -\",\"isPartOf\":{\"@id\":\"https:\\\/\\\/kibrisdakik.com\\\/#website\"},\"primaryImageOfPage\":{\"@id\":\"https:\\\/\\\/kibrisdakik.com\\\/?p=32467#primaryimage\"},\"image\":{\"@id\":\"https:\\\/\\\/kibrisdakik.com\\\/?p=32467#primaryimage\"},\"thumbnailUrl\":\"https:\\\/\\\/kibrisdakik.com\\\/wp-content\\\/uploads\\\/2024\\\/03\\\/19-genci-bogarak-katledip-parcalara-ayirmisti-arama-gecmisi-kan-dondurdu-kemik-kac-derecede-kul-olur-1709561695622_1.jpg\",\"datePublished\":\"2024-03-05T02:28:54+00:00\",\"author\":{\"@id\":\"https:\\\/\\\/kibrisdakik.com\\\/#\\\/schema\\\/person\\\/9cd9d437bbb44f72b73ba127e06d8e79\"},\"breadcrumb\":{\"@id\":\"https:\\\/\\\/kibrisdakik.com\\\/?p=32467#breadcrumb\"},\"inLanguage\":\"tr\",\"potentialAction\":[{\"@type\":\"ReadAction\",\"target\":[\"https:\\\/\\\/kibrisdakik.com\\\/?p=32467\"]}]},{\"@type\":\"ImageObject\",\"inLanguage\":\"tr\",\"@id\":\"https:\\\/\\\/kibrisdakik.com\\\/?p=32467#primaryimage\",\"url\":\"https:\\\/\\\/kibrisdakik.com\\\/wp-content\\\/uploads\\\/2024\\\/03\\\/19-genci-bogarak-katledip-parcalara-ayirmisti-arama-gecmisi-kan-dondurdu-kemik-kac-derecede-kul-olur-1709561695622_1.jpg\",\"contentUrl\":\"https:\\\/\\\/kibrisdakik.com\\\/wp-content\\\/uploads\\\/2024\\\/03\\\/19-genci-bogarak-katledip-parcalara-ayirmisti-arama-gecmisi-kan-dondurdu-kemik-kac-derecede-kul-olur-1709561695622_1.jpg\",\"width\":1280,\"height\":720},{\"@type\":\"BreadcrumbList\",\"@id\":\"https:\\\/\\\/kibrisdakik.com\\\/?p=32467#breadcrumb\",\"itemListElement\":[{\"@type\":\"ListItem\",\"position\":1,\"name\":\"Home\",\"item\":\"https:\\\/\\\/kibrisdakik.com\\\/\"},{\"@type\":\"ListItem\",\"position\":2,\"name\":\"&quot;Kemik ka\u00e7 derecede k\u00fcl olur?&quot;\"}]},{\"@type\":\"WebSite\",\"@id\":\"https:\\\/\\\/kibrisdakik.com\\\/#website\",\"url\":\"https:\\\/\\\/kibrisdakik.com\\\/\",\"name\":\"\",\"description\":\"Tam vaktinde haber\",\"potentialAction\":[{\"@type\":\"SearchAction\",\"target\":{\"@type\":\"EntryPoint\",\"urlTemplate\":\"https:\\\/\\\/kibrisdakik.com\\\/?s={search_term_string}\"},\"query-input\":{\"@type\":\"PropertyValueSpecification\",\"valueRequired\":true,\"valueName\":\"search_term_string\"}}],\"inLanguage\":\"tr\"},{\"@type\":\"Person\",\"@id\":\"https:\\\/\\\/kibrisdakik.com\\\/#\\\/schema\\\/person\\\/9cd9d437bbb44f72b73ba127e06d8e79\",\"name\":\"admin\",\"image\":{\"@type\":\"ImageObject\",\"inLanguage\":\"tr\",\"@id\":\"https:\\\/\\\/secure.gravatar.com\\\/avatar\\\/ccc17943b9d660506c869530f897617f7cb1c21a4bf30023f252596d83e1f007?s=96&d=mm&r=g\",\"url\":\"https:\\\/\\\/secure.gravatar.com\\\/avatar\\\/ccc17943b9d660506c869530f897617f7cb1c21a4bf30023f252596d83e1f007?s=96&d=mm&r=g\",\"contentUrl\":\"https:\\\/\\\/secure.gravatar.com\\\/avatar\\\/ccc17943b9d660506c869530f897617f7cb1c21a4bf30023f252596d83e1f007?s=96&d=mm&r=g\",\"caption\":\"admin\"},\"sameAs\":[\"https:\\\/\\\/kibrisdakik.com\"],\"url\":\"https:\\\/\\\/kibrisdakik.com\\\/?author=1\"}]}<\/script>\n<!-- \/ Yoast SEO plugin. -->","yoast_head_json":{"title":"&quot;Kemik ka\u00e7 derecede k\u00fcl olur?&quot; -","robots":{"index":"index","follow":"follow","max-snippet":"max-snippet:-1","max-image-preview":"max-image-preview:large","max-video-preview":"max-video-preview:-1"},"canonical":"https:\/\/kibrisdakik.com\/?p=32467","og_locale":"tr_TR","og_type":"article","og_title":"&quot;Kemik ka\u00e7 derecede k\u00fcl olur?&quot; -","og_description":"\u0130stanbul Bayrampa\u015fa&#8217;da 10 Temmuz 2023&#8217;de 19 ya\u015f\u0131ndaki Muhammed Nuh Kasadar&#8217;\u0131 korkun\u00e7 \u015fekilde \u00f6ld\u00fcren 29 ya\u015f\u0131ndaki Hakan \u00d6zt\u00fcrk&#8217;\u00fcn yarg\u0131lanmas\u0131na ba\u015fland\u0131.&nbsp; Duru\u015fmaya vefat eden Muhammed Nuh Kasadar&#8217;\u0131n m\u00fc\u015fteki abisi \u00d6mer Faruk Kasadar ile taraf avukatlar\u0131 da kat\u0131ld\u0131. Kendini savunmayaca\u011f\u0131n\u0131 s\u00f6yleyen san\u0131\u011f\u0131n cinayetten \u00f6nce internetten aratt\u0131\u011f\u0131 sorular kan dondurdu.&nbsp; &#8220;SAVUNMA YAPMAYACA\u011eIM&#8221; Duru\u015fmada kimlik tespiti yap\u0131lan san\u0131k Hakan \u00d6zt\u00fcrk,","og_url":"https:\/\/kibrisdakik.com\/?p=32467","article_published_time":"2024-03-05T02:28:54+00:00","og_image":[{"width":1280,"height":720,"url":"https:\/\/kibrisdakik.com\/wp-content\/uploads\/2024\/03\/19-genci-bogarak-katledip-parcalara-ayirmisti-arama-gecmisi-kan-dondurdu-kemik-kac-derecede-kul-olur-1709561695622_1.jpg","type":"image\/jpeg"}],"author":"admin","twitter_card":"summary_large_image","twitter_misc":{"Yazan:":"admin","Tahmini okuma s\u00fcresi":"7 dakika"},"schema":{"@context":"https:\/\/schema.org","@graph":[{"@type":"Article","@id":"https:\/\/kibrisdakik.com\/?p=32467#article","isPartOf":{"@id":"https:\/\/kibrisdakik.com\/?p=32467"},"author":{"name":"admin","@id":"https:\/\/kibrisdakik.com\/#\/schema\/person\/9cd9d437bbb44f72b73ba127e06d8e79"},"headline":"&quot;Kemik ka\u00e7 derecede k\u00fcl olur?&quot;","datePublished":"2024-03-05T02:28:54+00:00","mainEntityOfPage":{"@id":"https:\/\/kibrisdakik.com\/?p=32467"},"wordCount":1415,"commentCount":0,"image":{"@id":"https:\/\/kibrisdakik.com\/?p=32467#primaryimage"},"thumbnailUrl":"https:\/\/kibrisdakik.com\/wp-content\/uploads\/2024\/03\/19-genci-bogarak-katledip-parcalara-ayirmisti-arama-gecmisi-kan-dondurdu-kemik-kac-derecede-kul-olur-1709561695622_1.jpg","articleSection":["Ekonomi"],"inLanguage":"tr","potentialAction":[{"@type":"CommentAction","name":"Comment","target":["https:\/\/kibrisdakik.com\/?p=32467#respond"]}]},{"@type":"WebPage","@id":"https:\/\/kibrisdakik.com\/?p=32467","url":"https:\/\/kibrisdakik.com\/?p=32467","name":"&quot;Kemik ka\u00e7 derecede k\u00fcl olur?&quot; -","isPartOf":{"@id":"https:\/\/kibrisdakik.com\/#website"},"primaryImageOfPage":{"@id":"https:\/\/kibrisdakik.com\/?p=32467#primaryimage"},"image":{"@id":"https:\/\/kibrisdakik.com\/?p=32467#primaryimage"},"thumbnailUrl":"https:\/\/kibrisdakik.com\/wp-content\/uploads\/2024\/03\/19-genci-bogarak-katledip-parcalara-ayirmisti-arama-gecmisi-kan-dondurdu-kemik-kac-derecede-kul-olur-1709561695622_1.jpg","datePublished":"2024-03-05T02:28:54+00:00","author":{"@id":"https:\/\/kibrisdakik.com\/#\/schema\/person\/9cd9d437bbb44f72b73ba127e06d8e79"},"breadcrumb":{"@id":"https:\/\/kibrisdakik.com\/?p=32467#breadcrumb"},"inLanguage":"tr","potentialAction":[{"@type":"ReadAction","target":["https:\/\/kibrisdakik.com\/?p=32467"]}]},{"@type":"ImageObject","inLanguage":"tr","@id":"https:\/\/kibrisdakik.com\/?p=32467#primaryimage","url":"https:\/\/kibrisdakik.com\/wp-content\/uploads\/2024\/03\/19-genci-bogarak-katledip-parcalara-ayirmisti-arama-gecmisi-kan-dondurdu-kemik-kac-derecede-kul-olur-1709561695622_1.jpg","contentUrl":"https:\/\/kibrisdakik.com\/wp-content\/uploads\/2024\/03\/19-genci-bogarak-katledip-parcalara-ayirmisti-arama-gecmisi-kan-dondurdu-kemik-kac-derecede-kul-olur-1709561695622_1.jpg","width":1280,"height":720},{"@type":"BreadcrumbList","@id":"https:\/\/kibrisdakik.com\/?p=32467#breadcrumb","itemListElement":[{"@type":"ListItem","position":1,"name":"Home","item":"https:\/\/kibrisdakik.com\/"},{"@type":"ListItem","position":2,"name":"&quot;Kemik ka\u00e7 derecede k\u00fcl olur?&quot;"}]},{"@type":"WebSite","@id":"https:\/\/kibrisdakik.com\/#website","url":"https:\/\/kibrisdakik.com\/","name":"","description":"Tam vaktinde haber","potentialAction":[{"@type":"SearchAction","target":{"@type":"EntryPoint","urlTemplate":"https:\/\/kibrisdakik.com\/?s={search_term_string}"},"query-input":{"@type":"PropertyValueSpecification","valueRequired":true,"valueName":"search_term_string"}}],"inLanguage":"tr"},{"@type":"Person","@id":"https:\/\/kibrisdakik.com\/#\/schema\/person\/9cd9d437bbb44f72b73ba127e06d8e79","name":"admin","image":{"@type":"ImageObject","inLanguage":"tr","@id":"https:\/\/secure.gravatar.com\/avatar\/ccc17943b9d660506c869530f897617f7cb1c21a4bf30023f252596d83e1f007?s=96&d=mm&r=g","url":"https:\/\/secure.gravatar.com\/avatar\/ccc17943b9d660506c869530f897617f7cb1c21a4bf30023f252596d83e1f007?s=96&d=mm&r=g","contentUrl":"https:\/\/secure.gravatar.com\/avatar\/ccc17943b9d660506c869530f897617f7cb1c21a4bf30023f252596d83e1f007?s=96&d=mm&r=g","caption":"admin"},"sameAs":["https:\/\/kibrisdakik.com"],"url":"https:\/\/kibrisdakik.com\/?author=1"}]}},"_links":{"self":[{"href":"https:\/\/kibrisdakik.com\/index.php?rest_route=\/wp\/v2\/posts\/32467","targetHints":{"allow":["GET"]}}],"collection":[{"href":"https:\/\/kibrisdakik.com\/index.php?rest_route=\/wp\/v2\/posts"}],"about":[{"href":"https:\/\/kibrisdakik.com\/index.php?rest_route=\/wp\/v2\/types\/post"}],"author":[{"embeddable":true,"href":"https:\/\/kibrisdakik.com\/index.php?rest_route=\/wp\/v2\/users\/1"}],"replies":[{"embeddable":true,"href":"https:\/\/kibrisdakik.com\/index.php?rest_route=%2Fwp%2Fv2%2Fcomments&post=32467"}],"version-history":[{"count":0,"href":"https:\/\/kibrisdakik.com\/index.php?rest_route=\/wp\/v2\/posts\/32467\/revisions"}],"wp:featuredmedia":[{"embeddable":true,"href":"https:\/\/kibrisdakik.com\/index.php?rest_route=\/wp\/v2\/media\/32468"}],"wp:attachment":[{"href":"https:\/\/kibrisdakik.com\/index.php?rest_route=%2Fwp%2Fv2%2Fmedia&parent=32467"}],"wp:term":[{"taxonomy":"category","embeddable":true,"href":"https:\/\/kibrisdakik.com\/index.php?rest_route=%2Fwp%2Fv2%2Fcategories&post=32467"},{"taxonomy":"post_tag","embeddable":true,"href":"https:\/\/kibrisdakik.com\/index.php?rest_route=%2Fwp%2Fv2%2Ftags&post=32467"}],"curies":[{"name":"wp","href":"https:\/\/api.w.org\/{rel}","templated":true}]}}