{"id":32471,"date":"2024-03-05T03:29:53","date_gmt":"2024-03-05T03:29:53","guid":{"rendered":"https:\/\/kibrisdakik.com\/index.php\/2024\/03\/05\/meclis-genel-kurulunda-2-tasari-ve-1-oneri-oybirligiyle-kabul-edildi\/"},"modified":"2024-03-05T03:29:53","modified_gmt":"2024-03-05T03:29:53","slug":"meclis-genel-kurulunda-2-tasari-ve-1-oneri-oybirligiyle-kabul-edildi","status":"publish","type":"post","link":"https:\/\/kibrisdakik.com\/?p=32471","title":{"rendered":"Meclis Genel Kurulunda 2 tasar\u0131 ve 1 \u00f6neri oybirli\u011fiyle kabul edildi"},"content":{"rendered":"<p><img decoding=\"async\" src=\"https:\/\/www.kibristurk.com\/images\/haberler\/2024\/03\/meclis-genel-kurulunda-2-tasari-ve-1-oneri-oybirligiyle-kabul-edildi-1709561306.webp\" \/><\/p>\n<p style=\"text-align:left\"><span style=\"font-size:16px\"><span style=\"font-family:Merriweather,serif !important\"><span style=\"color:#000000\"><span style=\"background-color:#ffffff\">Genel Kurul\u2019da, Muhaceret Dairesi (Kurulu\u015f, G\u00f6rev ve \u00c7al\u0131\u015fma Esaslar\u0131) (De\u011fi\u015fiklik) Yasa Tasar\u0131s\u0131, Belediyelerin Birle\u015ftirilmesine \u0130li\u015fkin \u00d6zel (De\u011fi\u015fiklik) Yasa \u00d6nerisi ve Polis \u00d6rg\u00fct\u00fc (Kurulu\u015f, G\u00f6rev ve Yetkileri) (De\u011fi\u015fiklik) Yasa Tasar\u0131s\u0131 oybirli\u011fiyle ge\u00e7ti<\/span><\/span><\/span><\/span><\/p>\n<p style=\"text-align:left\"><span style=\"font-size:16px\"><span style=\"font-family:Merriweather,serif !important\"><span style=\"color:#000000\"><span style=\"background-color:#ffffff\">\u0130dari, Kamu ve Sa\u011fl\u0131k \u0130\u015fleri Komitesi\u2019nin, Muhaceret Dairesi (Kurulu\u015f, G\u00f6rev ve \u00c7al\u0131\u015fma Esaslar\u0131) (De\u011fi\u015fiklik) Yasa Tasar\u0131s\u0131\u2019yla ilgili raporunu komite ba\u015fkan\u0131 Emrah Ye\u015fil\u0131rmak okudu.<\/span><\/span><\/span><\/span><\/p>\n<p style=\"text-align:left\"><span style=\"font-size:16px\"><span style=\"font-family:Merriweather,serif !important\"><span style=\"color:#000000\"><span style=\"background-color:#ffffff\">Tasar\u0131yla ilgili ilk s\u00f6z\u00fc CTP Milletvekili Filiz Besim alarak, muhaceret dairesinin g\u00fc\u00e7lendirilmesine \u00f6nem verdiklerini, kaliteli personel al\u0131m\u0131na katk\u0131 sa\u011flamay\u0131 ama\u00e7layarak bu yasaya ellerinden gelen deste\u011fi vermeye \u00e7al\u0131\u015ft\u0131klar\u0131n\u0131 s\u00f6yledi.<\/span><\/span><\/span><\/span><\/p>\n<p style=\"text-align:left\"><span style=\"font-size:16px\"><span style=\"font-family:Merriweather,serif !important\"><span style=\"color:#000000\"><span style=\"background-color:#ffffff\">Besim, ge\u00e7ici personelle y\u00fcr\u00fct\u00fclmemesi gereken g\u00f6revler oldu\u011funu ve bu dairenin bunlarla m\u00fccadele edebilmek i\u00e7in g\u00fc\u00e7l\u00fc olmas\u0131 gerekti\u011fini belirtti.<\/span><\/span><\/span><\/span><\/p>\n<p style=\"text-align:left\"><span style=\"font-size:16px\"><span style=\"font-family:Merriweather,serif !important\"><span style=\"color:#000000\"><span style=\"background-color:#ffffff\">Yurtta\u015fl\u0131\u011f\u0131n bir hak olmad\u0131\u011f\u0131n\u0131, \u0130\u00e7i\u015fleri bakanl\u0131\u011f\u0131na s\u00fcrekli yurtta\u015fl\u0131k ba\u015fvurusu yap\u0131lmas\u0131n\u0131n da ciddi bir sorun oldu\u011funu dile getiren Besim, yurtta\u015fl\u0131klar\u0131n da ciddi bir n\u00fcfus politikas\u0131yla d\u00fczenlenmesi gerekti\u011fini vurgulad\u0131.<\/span><\/span><\/span><\/span><\/p>\n<p style=\"text-align:left\"><span style=\"font-size:16px\"><span style=\"font-family:Merriweather,serif !important\"><span style=\"color:#000000\"><span style=\"background-color:#ffffff\">Besim, \u00fclkede demografik yap\u0131da ciddi bozulmalar oldu\u011funu, bu nedenle de bu konunun muhaceret konusu a\u00e7\u0131lm\u0131\u015fken konu\u015fulmas\u0131n\u0131n zorunlu oldu\u011funu kaydetti.<\/span><\/span><\/span><\/span><\/p>\n<p style=\"text-align:left\"><span style=\"font-size:16px\"><span style=\"font-family:Merriweather,serif !important\"><span style=\"color:#000000\"><span style=\"background-color:#ffffff\">\u00dclkeden \u0130hra\u00e7 edilen ki\u015filerin say\u0131s\u0131n\u0131n toplu verildi\u011fini ancak istatistiki bilgiye ula\u015famad\u0131klar\u0131n\u0131 belirten Besim, t\u00fcm bunlar\u0131n denetimle ilgili konular oldu\u011funu s\u00f6yleyerek, muhaceret dairesinin de bu konularda neler yapt\u0131\u011f\u0131n\u0131 \u00f6\u011frenemediklerini belirtti.<\/span><\/span><\/span><\/span><\/p>\n<p style=\"text-align:left\"><span style=\"font-size:16px\"><span style=\"font-family:Merriweather,serif !important\"><span style=\"color:#000000\"><span style=\"background-color:#ffffff\">-Baybars<\/span><\/span><\/span><\/span><\/p>\n<p style=\"text-align:left\"><span style=\"font-size:16px\"><span style=\"font-family:Merriweather,serif !important\"><span style=\"color:#000000\"><span style=\"background-color:#ffffff\">Ba\u011f\u0131ms\u0131z milletvekili Ay\u015feg\u00fcl Baybars ise, Muhaceret Dairesi\u2019nin kadro say\u0131s\u0131n\u0131 artt\u0131rman\u0131n yeterli olamayaca\u011f\u0131na i\u015faret ederek, artan yabanc\u0131 n\u00fcfus ve dolay\u0131s\u0131yla ka\u00e7ak ya\u015famdaki art\u0131\u015f\u0131n bu \u015fekilde \u00f6nlenemeyece\u011fini belirtti.<\/span><\/span><\/span><\/span><\/p>\n<p style=\"text-align:left\"><span style=\"font-size:16px\"><span style=\"font-family:Merriweather,serif !important\"><span style=\"color:#000000\"><span style=\"background-color:#ffffff\">Bu \u00e7al\u0131\u015fman\u0131n d\u00fczensiz g\u00f6\u00e7, insan ticaretiyle m\u00fccadele konusunda nas\u0131l bir d\u00fczenleme sa\u011flayaca\u011f\u0131n\u0131n belirtilmedi\u011fini belirterek bunu ele\u015ftiren Baybars, i\u00e7i\u015fleri Bakanl\u0131\u011f\u0131n\u0131n kar\u015f\u0131s\u0131na d\u00fczensiz g\u00f6\u00e7le m\u00fccadele birimi diye bir tabela as\u0131ld\u0131\u011f\u0131n\u0131 kaydederek, &#8220;&#8216;Bu yasal m\u0131&#8217; diye bakana sormak istiyorum\u201d dedi.<\/span><\/span><\/span><\/span><\/p>\n<p style=\"text-align:left\"><span style=\"font-size:16px\"><span style=\"font-family:Merriweather,serif !important\"><span style=\"color:#000000\"><span style=\"background-color:#ffffff\">Baybars, 18 ya\u015f alt\u0131 ve 65 ya\u015f \u00fcst\u00fc yabanc\u0131 ki\u015filerle ilgili de veri olmad\u0131\u011f\u0131n\u0131 ancak 2019 y\u0131l\u0131nda bu say\u0131lar\u0131n kolay hesaplanabilmesi i\u00e7in yasa \u00e7\u0131kar\u0131ld\u0131\u011f\u0131n\u0131 belirtti.<\/span><\/span><\/span><\/span><\/p>\n<p style=\"text-align:left\"><span style=\"font-size:16px\"><span style=\"font-family:Merriweather,serif !important\"><span style=\"color:#000000\"><span style=\"background-color:#ffffff\">\u00d6\u011frenci say\u0131s\u0131 ve \u00f6\u011frenci muhaceret rakamlar\u0131n\u0131n birbirini tutmad\u0131\u011f\u0131n\u0131 da savunan Baybars, \u201cYasama \u00fczerine d\u00fc\u015feni yapm\u0131\u015ft\u0131r s\u0131ra y\u00fcr\u00fctmede\u201d dedi.<\/span><\/span><\/span><\/span><\/p>\n<p style=\"text-align:left\"><span style=\"font-size:16px\"><span style=\"font-family:Merriweather,serif !important\"><span style=\"color:#000000\"><span style=\"background-color:#ffffff\">-O\u011fuz<\/span><\/span><\/span><\/span><\/p>\n<p style=\"text-align:left\"><span style=\"font-size:16px\"><span style=\"font-family:Merriweather,serif !important\"><span style=\"color:#000000\"><span style=\"background-color:#ffffff\">\u0130\u00e7i\u015fleri Bakan\u0131 Dursun O\u011fuz da, bu y\u0131l 424 ki\u015finin cezaevinden, 36 ki\u015finin d\u0131\u015ftan ve 11 ki\u015finin de bula\u015f\u0131c\u0131 hastal\u0131k sebebiyle ihra\u00e7 edildi\u011fini belirtti.<\/span><\/span><\/span><\/span><\/p>\n<p style=\"text-align:left\"><span style=\"font-size:16px\"><span style=\"font-family:Merriweather,serif !important\"><span style=\"color:#000000\"><span style=\"background-color:#ffffff\">O\u011fuz, g\u00f6\u00e7le m\u00fccadele kapsam\u0131nda personelin hizmet i\u00e7i e\u011fitime tabi tutuldu\u011funu ve bu konunun \u00fczerinde s\u0131k\u0131 \u015fekilde durmaya devam edeceklerini s\u00f6yledi.<\/span><\/span><\/span><\/span><\/p>\n<p style=\"text-align:left\">&nbsp;<\/p>\n<p style=\"text-align:left\"><span style=\"font-size:16px\"><span style=\"font-family:Merriweather,serif !important\"><span style=\"color:#000000\"><span style=\"background-color:#ffffff\">O\u011fuz, g\u00f6r\u00fc\u015f\u00fclen yasan\u0131n y\u0131llad\u0131r beklenen bir \u00e7al\u0131\u015fma oldu\u011funu ve personel al\u0131mlar\u0131yla birlikte dairenin \u00fczerindeki y\u00fck\u00fcn hafifleyece\u011fine inand\u0131\u011f\u0131n\u0131 kaydetti.<\/span><\/span><\/span><\/span><\/p>\n<p style=\"text-align:left\"><span style=\"font-size:16px\"><span style=\"font-family:Merriweather,serif !important\"><span style=\"color:#000000\"><span style=\"background-color:#ffffff\">\u00d6\u011frenci say\u0131s\u0131yla muhaceret i\u015flemlerinin farkl\u0131 oldu\u011funu dile getiren O\u011fuz, bu say\u0131n\u0131n g\u00fcnl\u00fck olarak de\u011fi\u015fti\u011fini belirtti.<\/span><\/span><\/span><\/span><\/p>\n<p style=\"text-align:left\"><span style=\"font-size:16px\"><span style=\"font-family:Merriweather,serif !important\"><span style=\"color:#000000\"><span style=\"background-color:#ffffff\">Konu\u015fmalar\u0131n ard\u0131ndan, Belediyelerin Birle\u015ftirilmesine \u0130li\u015fkin \u00d6zel (De\u011fi\u015fiklik) Yasa \u00d6nerisi ve Polis \u00d6rg\u00fct\u00fc (Kurulu\u015f, G\u00f6rev ve Yetkileri) (De\u011fi\u015fiklik) Yasa Tasar\u0131s\u0131 ile ilgili raporlar\u0131 Komite Ba\u015fkan\u0131 Emrah Ye\u015fil\u0131rmak okudu.<\/span><\/span><\/span><\/span><\/p>\n<p style=\"text-align:left\"><span style=\"font-size:16px\"><span style=\"font-family:Merriweather,serif !important\"><span style=\"color:#000000\"><span style=\"background-color:#ffffff\">CTP Milletvekili Filiz Besim, Polis Genel M\u00fcd\u00fcrl\u00fc\u011f\u00fc ve yard\u0131mc\u0131s\u0131n\u0131n belirlenecek olmas\u0131 nedeniyle bu konuya hassasiyetle yakla\u015ft\u0131klar\u0131n\u0131 belirtti.<\/span><\/span><\/span><\/span><\/p>\n<p><span style=\"font-size:16px\"><span style=\"color:#000000\"><span style=\"font-family:Merriweather,sans-serif\"><span style=\"background-color:#ffffff\">Daha sonra, Belediyelerin Birle\u015ftirilmesine \u0130li\u015fkin \u00d6zel (De\u011fi\u015fiklik) Yasa \u00d6nerisi ve Polis \u00d6rg\u00fct\u00fc (Kurulu\u015f, G\u00f6rev ve Yetkileri) (De\u011fi\u015fiklik) Yasa Tasar\u0131s\u0131 da oybirli\u011fiyle kabul edildi.<\/span><\/span><\/span><\/span><\/p>\n<p style=\"text-align:left\"><span style=\"font-size:16px\"><span style=\"font-family:Merriweather,serif !important\"><span style=\"color:#000000\"><span style=\"background-color:#ffffff\">Genel Kurul\u2019un bir sonraki birle\u015fimi yar\u0131n yap\u0131lacak.<\/span><\/span><\/span><\/span><\/p>\n","protected":false},"excerpt":{"rendered":"<p>Genel Kurul\u2019da, Muhaceret Dairesi (Kurulu\u015f, G\u00f6rev ve \u00c7al\u0131\u015fma Esaslar\u0131) (De\u011fi\u015fiklik) Yasa Tasar\u0131s\u0131, Belediyelerin Birle\u015ftirilmesine \u0130li\u015fkin \u00d6zel (De\u011fi\u015fiklik) Yasa \u00d6nerisi ve Polis \u00d6rg\u00fct\u00fc (Kurulu\u015f, G\u00f6rev ve Yetkileri) (De\u011fi\u015fiklik) Yasa Tasar\u0131s\u0131 oybirli\u011fiyle ge\u00e7ti \u0130dari, Kamu ve Sa\u011fl\u0131k \u0130\u015fleri Komitesi\u2019nin, Muhaceret Dairesi (Kurulu\u015f, G\u00f6rev ve \u00c7al\u0131\u015fma Esaslar\u0131) (De\u011fi\u015fiklik) Yasa Tasar\u0131s\u0131\u2019yla ilgili raporunu komite ba\u015fkan\u0131 Emrah Ye\u015fil\u0131rmak okudu. Tasar\u0131yla<\/p>\n","protected":false},"author":1,"featured_media":32472,"comment_status":"open","ping_status":"open","sticky":false,"template":"","format":"standard","meta":{"footnotes":""},"categories":[79],"tags":[],"class_list":["post-32471","post","type-post","status-publish","format-standard","has-post-thumbnail","hentry","category-ekonomi"],"yoast_head":"<!-- This site is optimized with the Yoast SEO plugin v27.4 - https:\/\/yoast.com\/product\/yoast-seo-wordpress\/ -->\n<title>Meclis Genel Kurulunda 2 tasar\u0131 ve 1 \u00f6neri oybirli\u011fiyle kabul edildi -<\/title>\n<meta name=\"robots\" content=\"index, follow, max-snippet:-1, max-image-preview:large, max-video-preview:-1\" \/>\n<link rel=\"canonical\" href=\"https:\/\/kibrisdakik.com\/?p=32471\" \/>\n<meta property=\"og:locale\" content=\"tr_TR\" \/>\n<meta property=\"og:type\" content=\"article\" \/>\n<meta property=\"og:title\" content=\"Meclis Genel Kurulunda 2 tasar\u0131 ve 1 \u00f6neri oybirli\u011fiyle kabul edildi -\" \/>\n<meta property=\"og:description\" content=\"Genel Kurul\u2019da, Muhaceret Dairesi (Kurulu\u015f, G\u00f6rev ve \u00c7al\u0131\u015fma Esaslar\u0131) (De\u011fi\u015fiklik) Yasa Tasar\u0131s\u0131, Belediyelerin Birle\u015ftirilmesine \u0130li\u015fkin \u00d6zel (De\u011fi\u015fiklik) Yasa \u00d6nerisi ve Polis \u00d6rg\u00fct\u00fc (Kurulu\u015f, G\u00f6rev ve Yetkileri) (De\u011fi\u015fiklik) Yasa Tasar\u0131s\u0131 oybirli\u011fiyle ge\u00e7ti \u0130dari, Kamu ve Sa\u011fl\u0131k \u0130\u015fleri Komitesi\u2019nin, Muhaceret Dairesi (Kurulu\u015f, G\u00f6rev ve \u00c7al\u0131\u015fma Esaslar\u0131) (De\u011fi\u015fiklik) Yasa Tasar\u0131s\u0131\u2019yla ilgili raporunu komite ba\u015fkan\u0131 Emrah Ye\u015fil\u0131rmak okudu. Tasar\u0131yla\" \/>\n<meta property=\"og:url\" content=\"https:\/\/kibrisdakik.com\/?p=32471\" \/>\n<meta property=\"article:published_time\" content=\"2024-03-05T03:29:53+00:00\" \/>\n<meta property=\"og:image\" content=\"https:\/\/kibrisdakik.com\/wp-content\/uploads\/2024\/03\/meclis-genel-kurulunda-2-tasari-ve-1-oneri-oybirligiyle-kabul-edildi-1709561306.webp.webp\" \/>\n\t<meta property=\"og:image:width\" content=\"710\" \/>\n\t<meta property=\"og:image:height\" content=\"370\" \/>\n\t<meta property=\"og:image:type\" content=\"image\/webp\" \/>\n<meta name=\"author\" content=\"admin\" \/>\n<meta name=\"twitter:card\" content=\"summary_large_image\" \/>\n<meta name=\"twitter:label1\" content=\"Yazan:\" \/>\n\t<meta name=\"twitter:data1\" content=\"admin\" \/>\n\t<meta name=\"twitter:label2\" content=\"Tahmini okuma s\u00fcresi\" \/>\n\t<meta name=\"twitter:data2\" content=\"3 dakika\" \/>\n<script type=\"application\/ld+json\" class=\"yoast-schema-graph\">{\"@context\":\"https:\\\/\\\/schema.org\",\"@graph\":[{\"@type\":\"Article\",\"@id\":\"https:\\\/\\\/kibrisdakik.com\\\/?p=32471#article\",\"isPartOf\":{\"@id\":\"https:\\\/\\\/kibrisdakik.com\\\/?p=32471\"},\"author\":{\"name\":\"admin\",\"@id\":\"https:\\\/\\\/kibrisdakik.com\\\/#\\\/schema\\\/person\\\/9cd9d437bbb44f72b73ba127e06d8e79\"},\"headline\":\"Meclis Genel Kurulunda 2 tasar\u0131 ve 1 \u00f6neri oybirli\u011fiyle kabul edildi\",\"datePublished\":\"2024-03-05T03:29:53+00:00\",\"mainEntityOfPage\":{\"@id\":\"https:\\\/\\\/kibrisdakik.com\\\/?p=32471\"},\"wordCount\":674,\"commentCount\":0,\"image\":{\"@id\":\"https:\\\/\\\/kibrisdakik.com\\\/?p=32471#primaryimage\"},\"thumbnailUrl\":\"https:\\\/\\\/kibrisdakik.com\\\/wp-content\\\/uploads\\\/2024\\\/03\\\/meclis-genel-kurulunda-2-tasari-ve-1-oneri-oybirligiyle-kabul-edildi-1709561306.webp.webp\",\"articleSection\":[\"Ekonomi\"],\"inLanguage\":\"tr\",\"potentialAction\":[{\"@type\":\"CommentAction\",\"name\":\"Comment\",\"target\":[\"https:\\\/\\\/kibrisdakik.com\\\/?p=32471#respond\"]}]},{\"@type\":\"WebPage\",\"@id\":\"https:\\\/\\\/kibrisdakik.com\\\/?p=32471\",\"url\":\"https:\\\/\\\/kibrisdakik.com\\\/?p=32471\",\"name\":\"Meclis Genel Kurulunda 2 tasar\u0131 ve 1 \u00f6neri oybirli\u011fiyle kabul edildi -\",\"isPartOf\":{\"@id\":\"https:\\\/\\\/kibrisdakik.com\\\/#website\"},\"primaryImageOfPage\":{\"@id\":\"https:\\\/\\\/kibrisdakik.com\\\/?p=32471#primaryimage\"},\"image\":{\"@id\":\"https:\\\/\\\/kibrisdakik.com\\\/?p=32471#primaryimage\"},\"thumbnailUrl\":\"https:\\\/\\\/kibrisdakik.com\\\/wp-content\\\/uploads\\\/2024\\\/03\\\/meclis-genel-kurulunda-2-tasari-ve-1-oneri-oybirligiyle-kabul-edildi-1709561306.webp.webp\",\"datePublished\":\"2024-03-05T03:29:53+00:00\",\"author\":{\"@id\":\"https:\\\/\\\/kibrisdakik.com\\\/#\\\/schema\\\/person\\\/9cd9d437bbb44f72b73ba127e06d8e79\"},\"breadcrumb\":{\"@id\":\"https:\\\/\\\/kibrisdakik.com\\\/?p=32471#breadcrumb\"},\"inLanguage\":\"tr\",\"potentialAction\":[{\"@type\":\"ReadAction\",\"target\":[\"https:\\\/\\\/kibrisdakik.com\\\/?p=32471\"]}]},{\"@type\":\"ImageObject\",\"inLanguage\":\"tr\",\"@id\":\"https:\\\/\\\/kibrisdakik.com\\\/?p=32471#primaryimage\",\"url\":\"https:\\\/\\\/kibrisdakik.com\\\/wp-content\\\/uploads\\\/2024\\\/03\\\/meclis-genel-kurulunda-2-tasari-ve-1-oneri-oybirligiyle-kabul-edildi-1709561306.webp.webp\",\"contentUrl\":\"https:\\\/\\\/kibrisdakik.com\\\/wp-content\\\/uploads\\\/2024\\\/03\\\/meclis-genel-kurulunda-2-tasari-ve-1-oneri-oybirligiyle-kabul-edildi-1709561306.webp.webp\",\"width\":710,\"height\":370},{\"@type\":\"BreadcrumbList\",\"@id\":\"https:\\\/\\\/kibrisdakik.com\\\/?p=32471#breadcrumb\",\"itemListElement\":[{\"@type\":\"ListItem\",\"position\":1,\"name\":\"Home\",\"item\":\"https:\\\/\\\/kibrisdakik.com\\\/\"},{\"@type\":\"ListItem\",\"position\":2,\"name\":\"Meclis Genel Kurulunda 2 tasar\u0131 ve 1 \u00f6neri oybirli\u011fiyle kabul edildi\"}]},{\"@type\":\"WebSite\",\"@id\":\"https:\\\/\\\/kibrisdakik.com\\\/#website\",\"url\":\"https:\\\/\\\/kibrisdakik.com\\\/\",\"name\":\"\",\"description\":\"Tam vaktinde haber\",\"potentialAction\":[{\"@type\":\"SearchAction\",\"target\":{\"@type\":\"EntryPoint\",\"urlTemplate\":\"https:\\\/\\\/kibrisdakik.com\\\/?s={search_term_string}\"},\"query-input\":{\"@type\":\"PropertyValueSpecification\",\"valueRequired\":true,\"valueName\":\"search_term_string\"}}],\"inLanguage\":\"tr\"},{\"@type\":\"Person\",\"@id\":\"https:\\\/\\\/kibrisdakik.com\\\/#\\\/schema\\\/person\\\/9cd9d437bbb44f72b73ba127e06d8e79\",\"name\":\"admin\",\"image\":{\"@type\":\"ImageObject\",\"inLanguage\":\"tr\",\"@id\":\"https:\\\/\\\/secure.gravatar.com\\\/avatar\\\/ccc17943b9d660506c869530f897617f7cb1c21a4bf30023f252596d83e1f007?s=96&d=mm&r=g\",\"url\":\"https:\\\/\\\/secure.gravatar.com\\\/avatar\\\/ccc17943b9d660506c869530f897617f7cb1c21a4bf30023f252596d83e1f007?s=96&d=mm&r=g\",\"contentUrl\":\"https:\\\/\\\/secure.gravatar.com\\\/avatar\\\/ccc17943b9d660506c869530f897617f7cb1c21a4bf30023f252596d83e1f007?s=96&d=mm&r=g\",\"caption\":\"admin\"},\"sameAs\":[\"https:\\\/\\\/kibrisdakik.com\"],\"url\":\"https:\\\/\\\/kibrisdakik.com\\\/?author=1\"}]}<\/script>\n<!-- \/ Yoast SEO plugin. -->","yoast_head_json":{"title":"Meclis Genel Kurulunda 2 tasar\u0131 ve 1 \u00f6neri oybirli\u011fiyle kabul edildi -","robots":{"index":"index","follow":"follow","max-snippet":"max-snippet:-1","max-image-preview":"max-image-preview:large","max-video-preview":"max-video-preview:-1"},"canonical":"https:\/\/kibrisdakik.com\/?p=32471","og_locale":"tr_TR","og_type":"article","og_title":"Meclis Genel Kurulunda 2 tasar\u0131 ve 1 \u00f6neri oybirli\u011fiyle kabul edildi -","og_description":"Genel Kurul\u2019da, Muhaceret Dairesi (Kurulu\u015f, G\u00f6rev ve \u00c7al\u0131\u015fma Esaslar\u0131) (De\u011fi\u015fiklik) Yasa Tasar\u0131s\u0131, Belediyelerin Birle\u015ftirilmesine \u0130li\u015fkin \u00d6zel (De\u011fi\u015fiklik) Yasa \u00d6nerisi ve Polis \u00d6rg\u00fct\u00fc (Kurulu\u015f, G\u00f6rev ve Yetkileri) (De\u011fi\u015fiklik) Yasa Tasar\u0131s\u0131 oybirli\u011fiyle ge\u00e7ti \u0130dari, Kamu ve Sa\u011fl\u0131k \u0130\u015fleri Komitesi\u2019nin, Muhaceret Dairesi (Kurulu\u015f, G\u00f6rev ve \u00c7al\u0131\u015fma Esaslar\u0131) (De\u011fi\u015fiklik) Yasa Tasar\u0131s\u0131\u2019yla ilgili raporunu komite ba\u015fkan\u0131 Emrah Ye\u015fil\u0131rmak okudu. Tasar\u0131yla","og_url":"https:\/\/kibrisdakik.com\/?p=32471","article_published_time":"2024-03-05T03:29:53+00:00","og_image":[{"width":710,"height":370,"url":"https:\/\/kibrisdakik.com\/wp-content\/uploads\/2024\/03\/meclis-genel-kurulunda-2-tasari-ve-1-oneri-oybirligiyle-kabul-edildi-1709561306.webp.webp","type":"image\/webp"}],"author":"admin","twitter_card":"summary_large_image","twitter_misc":{"Yazan:":"admin","Tahmini okuma s\u00fcresi":"3 dakika"},"schema":{"@context":"https:\/\/schema.org","@graph":[{"@type":"Article","@id":"https:\/\/kibrisdakik.com\/?p=32471#article","isPartOf":{"@id":"https:\/\/kibrisdakik.com\/?p=32471"},"author":{"name":"admin","@id":"https:\/\/kibrisdakik.com\/#\/schema\/person\/9cd9d437bbb44f72b73ba127e06d8e79"},"headline":"Meclis Genel Kurulunda 2 tasar\u0131 ve 1 \u00f6neri oybirli\u011fiyle kabul edildi","datePublished":"2024-03-05T03:29:53+00:00","mainEntityOfPage":{"@id":"https:\/\/kibrisdakik.com\/?p=32471"},"wordCount":674,"commentCount":0,"image":{"@id":"https:\/\/kibrisdakik.com\/?p=32471#primaryimage"},"thumbnailUrl":"https:\/\/kibrisdakik.com\/wp-content\/uploads\/2024\/03\/meclis-genel-kurulunda-2-tasari-ve-1-oneri-oybirligiyle-kabul-edildi-1709561306.webp.webp","articleSection":["Ekonomi"],"inLanguage":"tr","potentialAction":[{"@type":"CommentAction","name":"Comment","target":["https:\/\/kibrisdakik.com\/?p=32471#respond"]}]},{"@type":"WebPage","@id":"https:\/\/kibrisdakik.com\/?p=32471","url":"https:\/\/kibrisdakik.com\/?p=32471","name":"Meclis Genel Kurulunda 2 tasar\u0131 ve 1 \u00f6neri oybirli\u011fiyle kabul edildi -","isPartOf":{"@id":"https:\/\/kibrisdakik.com\/#website"},"primaryImageOfPage":{"@id":"https:\/\/kibrisdakik.com\/?p=32471#primaryimage"},"image":{"@id":"https:\/\/kibrisdakik.com\/?p=32471#primaryimage"},"thumbnailUrl":"https:\/\/kibrisdakik.com\/wp-content\/uploads\/2024\/03\/meclis-genel-kurulunda-2-tasari-ve-1-oneri-oybirligiyle-kabul-edildi-1709561306.webp.webp","datePublished":"2024-03-05T03:29:53+00:00","author":{"@id":"https:\/\/kibrisdakik.com\/#\/schema\/person\/9cd9d437bbb44f72b73ba127e06d8e79"},"breadcrumb":{"@id":"https:\/\/kibrisdakik.com\/?p=32471#breadcrumb"},"inLanguage":"tr","potentialAction":[{"@type":"ReadAction","target":["https:\/\/kibrisdakik.com\/?p=32471"]}]},{"@type":"ImageObject","inLanguage":"tr","@id":"https:\/\/kibrisdakik.com\/?p=32471#primaryimage","url":"https:\/\/kibrisdakik.com\/wp-content\/uploads\/2024\/03\/meclis-genel-kurulunda-2-tasari-ve-1-oneri-oybirligiyle-kabul-edildi-1709561306.webp.webp","contentUrl":"https:\/\/kibrisdakik.com\/wp-content\/uploads\/2024\/03\/meclis-genel-kurulunda-2-tasari-ve-1-oneri-oybirligiyle-kabul-edildi-1709561306.webp.webp","width":710,"height":370},{"@type":"BreadcrumbList","@id":"https:\/\/kibrisdakik.com\/?p=32471#breadcrumb","itemListElement":[{"@type":"ListItem","position":1,"name":"Home","item":"https:\/\/kibrisdakik.com\/"},{"@type":"ListItem","position":2,"name":"Meclis Genel Kurulunda 2 tasar\u0131 ve 1 \u00f6neri oybirli\u011fiyle kabul edildi"}]},{"@type":"WebSite","@id":"https:\/\/kibrisdakik.com\/#website","url":"https:\/\/kibrisdakik.com\/","name":"","description":"Tam vaktinde haber","potentialAction":[{"@type":"SearchAction","target":{"@type":"EntryPoint","urlTemplate":"https:\/\/kibrisdakik.com\/?s={search_term_string}"},"query-input":{"@type":"PropertyValueSpecification","valueRequired":true,"valueName":"search_term_string"}}],"inLanguage":"tr"},{"@type":"Person","@id":"https:\/\/kibrisdakik.com\/#\/schema\/person\/9cd9d437bbb44f72b73ba127e06d8e79","name":"admin","image":{"@type":"ImageObject","inLanguage":"tr","@id":"https:\/\/secure.gravatar.com\/avatar\/ccc17943b9d660506c869530f897617f7cb1c21a4bf30023f252596d83e1f007?s=96&d=mm&r=g","url":"https:\/\/secure.gravatar.com\/avatar\/ccc17943b9d660506c869530f897617f7cb1c21a4bf30023f252596d83e1f007?s=96&d=mm&r=g","contentUrl":"https:\/\/secure.gravatar.com\/avatar\/ccc17943b9d660506c869530f897617f7cb1c21a4bf30023f252596d83e1f007?s=96&d=mm&r=g","caption":"admin"},"sameAs":["https:\/\/kibrisdakik.com"],"url":"https:\/\/kibrisdakik.com\/?author=1"}]}},"_links":{"self":[{"href":"https:\/\/kibrisdakik.com\/index.php?rest_route=\/wp\/v2\/posts\/32471","targetHints":{"allow":["GET"]}}],"collection":[{"href":"https:\/\/kibrisdakik.com\/index.php?rest_route=\/wp\/v2\/posts"}],"about":[{"href":"https:\/\/kibrisdakik.com\/index.php?rest_route=\/wp\/v2\/types\/post"}],"author":[{"embeddable":true,"href":"https:\/\/kibrisdakik.com\/index.php?rest_route=\/wp\/v2\/users\/1"}],"replies":[{"embeddable":true,"href":"https:\/\/kibrisdakik.com\/index.php?rest_route=%2Fwp%2Fv2%2Fcomments&post=32471"}],"version-history":[{"count":0,"href":"https:\/\/kibrisdakik.com\/index.php?rest_route=\/wp\/v2\/posts\/32471\/revisions"}],"wp:featuredmedia":[{"embeddable":true,"href":"https:\/\/kibrisdakik.com\/index.php?rest_route=\/wp\/v2\/media\/32472"}],"wp:attachment":[{"href":"https:\/\/kibrisdakik.com\/index.php?rest_route=%2Fwp%2Fv2%2Fmedia&parent=32471"}],"wp:term":[{"taxonomy":"category","embeddable":true,"href":"https:\/\/kibrisdakik.com\/index.php?rest_route=%2Fwp%2Fv2%2Fcategories&post=32471"},{"taxonomy":"post_tag","embeddable":true,"href":"https:\/\/kibrisdakik.com\/index.php?rest_route=%2Fwp%2Fv2%2Ftags&post=32471"}],"curies":[{"name":"wp","href":"https:\/\/api.w.org\/{rel}","templated":true}]}}