{"id":32485,"date":"2024-03-05T05:31:50","date_gmt":"2024-03-05T05:31:50","guid":{"rendered":"https:\/\/kibrisdakik.com\/index.php\/2024\/03\/05\/ubp-genel-sekreteri-oguzhan-hasipoglu-antalya-diplomasi-forumunu-degerlendirdi\/"},"modified":"2024-03-05T05:31:50","modified_gmt":"2024-03-05T05:31:50","slug":"ubp-genel-sekreteri-oguzhan-hasipoglu-antalya-diplomasi-forumunu-degerlendirdi","status":"publish","type":"post","link":"https:\/\/kibrisdakik.com\/?p=32485","title":{"rendered":"UBP Genel Sekreteri O\u011fuzhan Hasipo\u011flu, Antalya Diplomasi Forumu\u2019nu de\u011ferlendirdi"},"content":{"rendered":"<p><img decoding=\"async\" src=\"https:\/\/www.kibristurk.com\/images\/haberler\/2024\/03\/ubp-genel-sekreteri-oguzhan-hasipoglu-antalya-diplomasi-forumunu-degerlendirdi-1709558258.webp\" \/><\/p>\n<p><span style=\"font-size:16px !important\"><span style=\"font-family:Merriweather,serif !important\"><span style=\"color:#000000 !important\">Hasipo\u011flu yapt\u0131\u011f\u0131 yaz\u0131l\u0131 a\u00e7\u0131klamada, Antalya Diplomasi Forumu kapsam\u0131nda kat\u0131ld\u0131\u011f\u0131 panellerin yan\u0131 s\u0131ra, ikili g\u00f6r\u00fc\u015fmeler yapma ve a\u00e7\u0131l\u0131\u015f \u00f6ncesi verilen resepsiyonda, TC Cumhurba\u015fkan\u0131 Erdo\u011fan, Yard\u0131mc\u0131s\u0131 Y\u0131lmaz ve Macaristan Ba\u015fbakan\u0131 Viktor Orban, Esvatini Kral\u0131 3. Mswati ve Filistin D\u0131\u015fi\u015fleri Bakan\u0131 Riad Malki ile sohbet etme imk\u00e2n\u0131 buldu\u011funu aktard\u0131.<\/span><\/span><\/span><\/p>\n<p>&nbsp;<\/p>\n<p><span style=\"font-size:16px !important\"><span style=\"font-family:Merriweather,serif !important\"><span style=\"color:#000000 !important\">Hasipo\u011flu a\u00e7\u0131klamas\u0131nda, Ba\u015fbakan \u00dcnal \u00dcstel\u2019le birlikte Yeni Azerbaycan Partisi Genel Ba\u015fkan Yard\u0131mc\u0131s\u0131 Tahir Budagov, Milletvekili Ramil Hasan, Burundi Ba\u015fbakan\u0131 Gervais Ndayishimiye, AK Parti D\u0131\u015f \u0130li\u015fkiler Ba\u015fkan\u0131 Zafer S\u0131rakaya ve \u00e7ok say\u0131da \u00fclkenin temsilcileriyle g\u00f6r\u00fc\u015ft\u00fcklerini aktard\u0131.<\/span><\/span><\/span><\/p>\n<p>&nbsp;<\/p>\n<p><span style=\"font-size:16px !important\"><span style=\"font-family:Merriweather,serif !important\"><span style=\"color:#000000 !important\">Hasipo\u011flu a\u00e7\u0131klamas\u0131nda ayr\u0131ca \u015funlara yer verdi:<\/span><\/span><\/span><\/p>\n<p>&nbsp;<\/p>\n<p><span style=\"font-size:16px !important\"><span style=\"font-family:Merriweather,serif !important\"><span style=\"color:#000000 !important\">\u201cGer\u00e7ekle\u015ftirdi\u011fimiz ikili g\u00f6r\u00fc\u015fmelere, Ba\u015fbakan\u2019\u0131n siyasi dan\u0131\u015fman\u0131 \u00d6zdemir Tokel ve KKTC Antalya Ba\u015fkonsolosu Cem Top\u00e7u da e\u015flik etti.<\/span><\/span><\/span><\/p>\n<p>&nbsp;<\/p>\n<p><span style=\"font-size:16px !important\"><span style=\"font-family:Merriweather,serif !important\"><span style=\"color:#000000 !important\">Yeni vizyonumuzu anlatmak i\u00e7in, Anavatan&#8217;\u0131m\u0131z\u0131n da g\u00fc\u00e7l\u00fc deste\u011fi ile her zamankinden daha aktif ve daha \u00e7ok y\u00f6nl\u00fc bir politika izlemeliyiz.<\/span><\/span><\/span><\/p>\n<p>&nbsp;<\/p>\n<p><span style=\"font-size:16px !important\"><span style=\"font-family:Merriweather,serif !important\"><span style=\"color:#000000 !important\">T\u00fcrkiye Cumhurba\u015fkan\u0131 Say\u0131n Recep Tayyip Erdo\u011fan\u2019\u0131n a\u00e7\u0131l\u0131\u015f konu\u015fmas\u0131nda ifade etti\u011fi gibi halk\u0131m\u0131z\u0131n egemen e\u015fitli\u011fi ve uluslararas\u0131 e\u015fit stat\u00fcs\u00fc i\u00e7in hakl\u0131 davam\u0131z\u0131 d\u00fcnyaya anlatmaya devam edece\u011fiz.<\/span><\/span><\/span><\/p>\n<p>&nbsp;<\/p>\n<p><span style=\"font-size:16px !important\"><span style=\"font-family:Merriweather,serif !important\"><span style=\"color:#000000 !important\">Bu y\u0131lki temas\u0131n\u0131 \u2018Krizler D\u00f6neminde Diplomasiyi \u00d6ne \u00c7\u0131karmak\u2019 Olan forumda, Filistin meselesi en \u00f6nemli konulardan biri oldu.<\/span><\/span><\/span><\/p>\n<p><span style=\"font-size:16px !important\"><span style=\"font-family:Merriweather,serif !important\"><span style=\"color:#000000 !important\">Say\u0131n Hakan Fidan ile yapm\u0131\u015f oldu\u011fum Gazze Temas Grubu panelinden sonra Filistin D\u0131\u015fi\u015fleri Bakan\u0131 Say\u0131n Riad Malki ile iki devletli \u00e7\u00f6z\u00fcm ve meselenin \u00f6z\u00fcndeki garant\u00f6rl\u00fck meselesini k\u0131sa da olsa de\u011ferlendirme imk\u00e2n\u0131 buldum.<\/span><\/span><\/span><\/p>\n<p>&nbsp;<\/p>\n<p><span style=\"font-size:16px !important\"><span style=\"font-family:Merriweather,serif !important\"><span style=\"color:#000000 !important\">Garant\u00f6rl\u00fck konusunda K\u0131br\u0131s T\u00fcrk halk\u0131 olarak T\u00fcrkiye Cumhuriyeti\u2019nin bizlere vermi\u015f oldu\u011fu deste\u011fin hayati oldu\u011funu belirtirken, kendisi de bana ne kadar \u015fansl\u0131 oldu\u011fumuzu ifade etti.<\/span><\/span><\/span><\/p>\n<p>&nbsp;<\/p>\n<p><span style=\"font-size:16px !important\"><span style=\"font-family:Merriweather,serif !important\"><span style=\"color:#000000 !important\">Uluslararas\u0131 alanda daha g\u00f6r\u00fcn\u00fcr olmak ad\u0131na, d\u00fcnyayla kucakla\u015fmam\u0131z\u0131 sa\u011flamaya her daim destek veren T\u00fcrkiye Cumhuriyeti\u2019ne te\u015fekk\u00fcr ederken, \u00f6n\u00fcm\u00fczdeki d\u00f6nemlerde de sesimizi d\u00fcnyaya duyurmaya ve t\u00fcm d\u00fcnyada dostlar\u0131m\u0131z\u0131n say\u0131s\u0131n\u0131 art\u0131rmaya devam edece\u011fiz.\u201d<\/span><\/span><\/span><\/p>\n<p>&nbsp;<\/p>\n","protected":false},"excerpt":{"rendered":"<p>Hasipo\u011flu yapt\u0131\u011f\u0131 yaz\u0131l\u0131 a\u00e7\u0131klamada, Antalya Diplomasi Forumu kapsam\u0131nda kat\u0131ld\u0131\u011f\u0131 panellerin yan\u0131 s\u0131ra, ikili g\u00f6r\u00fc\u015fmeler yapma ve a\u00e7\u0131l\u0131\u015f \u00f6ncesi verilen resepsiyonda, TC Cumhurba\u015fkan\u0131 Erdo\u011fan, Yard\u0131mc\u0131s\u0131 Y\u0131lmaz ve Macaristan Ba\u015fbakan\u0131 Viktor Orban, Esvatini Kral\u0131 3. Mswati ve Filistin D\u0131\u015fi\u015fleri Bakan\u0131 Riad Malki ile sohbet etme imk\u00e2n\u0131 buldu\u011funu aktard\u0131. &nbsp; Hasipo\u011flu a\u00e7\u0131klamas\u0131nda, Ba\u015fbakan \u00dcnal \u00dcstel\u2019le birlikte Yeni Azerbaycan<\/p>\n","protected":false},"author":1,"featured_media":32486,"comment_status":"open","ping_status":"open","sticky":false,"template":"","format":"standard","meta":{"footnotes":""},"categories":[79],"tags":[],"class_list":["post-32485","post","type-post","status-publish","format-standard","has-post-thumbnail","hentry","category-ekonomi"],"yoast_head":"<!-- This site is optimized with the Yoast SEO plugin v27.5 - https:\/\/yoast.com\/product\/yoast-seo-wordpress\/ -->\n<title>UBP Genel Sekreteri O\u011fuzhan Hasipo\u011flu, Antalya Diplomasi Forumu\u2019nu de\u011ferlendirdi -<\/title>\n<meta name=\"robots\" content=\"index, follow, max-snippet:-1, max-image-preview:large, max-video-preview:-1\" \/>\n<link rel=\"canonical\" href=\"https:\/\/kibrisdakik.com\/?p=32485\" \/>\n<meta property=\"og:locale\" content=\"tr_TR\" \/>\n<meta property=\"og:type\" content=\"article\" \/>\n<meta property=\"og:title\" content=\"UBP Genel Sekreteri O\u011fuzhan Hasipo\u011flu, Antalya Diplomasi Forumu\u2019nu de\u011ferlendirdi -\" \/>\n<meta property=\"og:description\" content=\"Hasipo\u011flu yapt\u0131\u011f\u0131 yaz\u0131l\u0131 a\u00e7\u0131klamada, Antalya Diplomasi Forumu kapsam\u0131nda kat\u0131ld\u0131\u011f\u0131 panellerin yan\u0131 s\u0131ra, ikili g\u00f6r\u00fc\u015fmeler yapma ve a\u00e7\u0131l\u0131\u015f \u00f6ncesi verilen resepsiyonda, TC Cumhurba\u015fkan\u0131 Erdo\u011fan, Yard\u0131mc\u0131s\u0131 Y\u0131lmaz ve Macaristan Ba\u015fbakan\u0131 Viktor Orban, Esvatini Kral\u0131 3. Mswati ve Filistin D\u0131\u015fi\u015fleri Bakan\u0131 Riad Malki ile sohbet etme imk\u00e2n\u0131 buldu\u011funu aktard\u0131. &nbsp; Hasipo\u011flu a\u00e7\u0131klamas\u0131nda, Ba\u015fbakan \u00dcnal \u00dcstel\u2019le birlikte Yeni Azerbaycan\" \/>\n<meta property=\"og:url\" content=\"https:\/\/kibrisdakik.com\/?p=32485\" \/>\n<meta property=\"article:published_time\" content=\"2024-03-05T05:31:50+00:00\" \/>\n<meta property=\"og:image\" content=\"https:\/\/kibrisdakik.com\/wp-content\/uploads\/2024\/03\/ubp-genel-sekreteri-oguzhan-hasipoglu-antalya-diplomasi-forumunu-degerlendirdi-1709558258.webp.webp\" \/>\n\t<meta property=\"og:image:width\" content=\"710\" \/>\n\t<meta property=\"og:image:height\" content=\"370\" \/>\n\t<meta property=\"og:image:type\" content=\"image\/webp\" \/>\n<meta name=\"author\" content=\"admin\" \/>\n<meta name=\"twitter:card\" content=\"summary_large_image\" \/>\n<meta name=\"twitter:label1\" content=\"Yazan:\" \/>\n\t<meta name=\"twitter:data1\" content=\"admin\" \/>\n\t<meta name=\"twitter:label2\" content=\"Tahmini okuma s\u00fcresi\" \/>\n\t<meta name=\"twitter:data2\" content=\"2 dakika\" \/>\n<script type=\"application\/ld+json\" class=\"yoast-schema-graph\">{\"@context\":\"https:\\\/\\\/schema.org\",\"@graph\":[{\"@type\":\"Article\",\"@id\":\"https:\\\/\\\/kibrisdakik.com\\\/?p=32485#article\",\"isPartOf\":{\"@id\":\"https:\\\/\\\/kibrisdakik.com\\\/?p=32485\"},\"author\":{\"name\":\"admin\",\"@id\":\"https:\\\/\\\/kibrisdakik.com\\\/#\\\/schema\\\/person\\\/9cd9d437bbb44f72b73ba127e06d8e79\"},\"headline\":\"UBP Genel Sekreteri O\u011fuzhan Hasipo\u011flu, Antalya Diplomasi Forumu\u2019nu de\u011ferlendirdi\",\"datePublished\":\"2024-03-05T05:31:50+00:00\",\"mainEntityOfPage\":{\"@id\":\"https:\\\/\\\/kibrisdakik.com\\\/?p=32485\"},\"wordCount\":402,\"commentCount\":0,\"image\":{\"@id\":\"https:\\\/\\\/kibrisdakik.com\\\/?p=32485#primaryimage\"},\"thumbnailUrl\":\"https:\\\/\\\/kibrisdakik.com\\\/wp-content\\\/uploads\\\/2024\\\/03\\\/ubp-genel-sekreteri-oguzhan-hasipoglu-antalya-diplomasi-forumunu-degerlendirdi-1709558258.webp.webp\",\"articleSection\":[\"Ekonomi\"],\"inLanguage\":\"tr\",\"potentialAction\":[{\"@type\":\"CommentAction\",\"name\":\"Comment\",\"target\":[\"https:\\\/\\\/kibrisdakik.com\\\/?p=32485#respond\"]}]},{\"@type\":\"WebPage\",\"@id\":\"https:\\\/\\\/kibrisdakik.com\\\/?p=32485\",\"url\":\"https:\\\/\\\/kibrisdakik.com\\\/?p=32485\",\"name\":\"UBP Genel Sekreteri O\u011fuzhan Hasipo\u011flu, Antalya Diplomasi Forumu\u2019nu de\u011ferlendirdi -\",\"isPartOf\":{\"@id\":\"https:\\\/\\\/kibrisdakik.com\\\/#website\"},\"primaryImageOfPage\":{\"@id\":\"https:\\\/\\\/kibrisdakik.com\\\/?p=32485#primaryimage\"},\"image\":{\"@id\":\"https:\\\/\\\/kibrisdakik.com\\\/?p=32485#primaryimage\"},\"thumbnailUrl\":\"https:\\\/\\\/kibrisdakik.com\\\/wp-content\\\/uploads\\\/2024\\\/03\\\/ubp-genel-sekreteri-oguzhan-hasipoglu-antalya-diplomasi-forumunu-degerlendirdi-1709558258.webp.webp\",\"datePublished\":\"2024-03-05T05:31:50+00:00\",\"author\":{\"@id\":\"https:\\\/\\\/kibrisdakik.com\\\/#\\\/schema\\\/person\\\/9cd9d437bbb44f72b73ba127e06d8e79\"},\"breadcrumb\":{\"@id\":\"https:\\\/\\\/kibrisdakik.com\\\/?p=32485#breadcrumb\"},\"inLanguage\":\"tr\",\"potentialAction\":[{\"@type\":\"ReadAction\",\"target\":[\"https:\\\/\\\/kibrisdakik.com\\\/?p=32485\"]}]},{\"@type\":\"ImageObject\",\"inLanguage\":\"tr\",\"@id\":\"https:\\\/\\\/kibrisdakik.com\\\/?p=32485#primaryimage\",\"url\":\"https:\\\/\\\/kibrisdakik.com\\\/wp-content\\\/uploads\\\/2024\\\/03\\\/ubp-genel-sekreteri-oguzhan-hasipoglu-antalya-diplomasi-forumunu-degerlendirdi-1709558258.webp.webp\",\"contentUrl\":\"https:\\\/\\\/kibrisdakik.com\\\/wp-content\\\/uploads\\\/2024\\\/03\\\/ubp-genel-sekreteri-oguzhan-hasipoglu-antalya-diplomasi-forumunu-degerlendirdi-1709558258.webp.webp\",\"width\":710,\"height\":370},{\"@type\":\"BreadcrumbList\",\"@id\":\"https:\\\/\\\/kibrisdakik.com\\\/?p=32485#breadcrumb\",\"itemListElement\":[{\"@type\":\"ListItem\",\"position\":1,\"name\":\"Home\",\"item\":\"https:\\\/\\\/kibrisdakik.com\\\/\"},{\"@type\":\"ListItem\",\"position\":2,\"name\":\"UBP Genel Sekreteri O\u011fuzhan Hasipo\u011flu, Antalya Diplomasi Forumu\u2019nu de\u011ferlendirdi\"}]},{\"@type\":\"WebSite\",\"@id\":\"https:\\\/\\\/kibrisdakik.com\\\/#website\",\"url\":\"https:\\\/\\\/kibrisdakik.com\\\/\",\"name\":\"\",\"description\":\"Tam vaktinde haber\",\"potentialAction\":[{\"@type\":\"SearchAction\",\"target\":{\"@type\":\"EntryPoint\",\"urlTemplate\":\"https:\\\/\\\/kibrisdakik.com\\\/?s={search_term_string}\"},\"query-input\":{\"@type\":\"PropertyValueSpecification\",\"valueRequired\":true,\"valueName\":\"search_term_string\"}}],\"inLanguage\":\"tr\"},{\"@type\":\"Person\",\"@id\":\"https:\\\/\\\/kibrisdakik.com\\\/#\\\/schema\\\/person\\\/9cd9d437bbb44f72b73ba127e06d8e79\",\"name\":\"admin\",\"image\":{\"@type\":\"ImageObject\",\"inLanguage\":\"tr\",\"@id\":\"https:\\\/\\\/secure.gravatar.com\\\/avatar\\\/ccc17943b9d660506c869530f897617f7cb1c21a4bf30023f252596d83e1f007?s=96&d=mm&r=g\",\"url\":\"https:\\\/\\\/secure.gravatar.com\\\/avatar\\\/ccc17943b9d660506c869530f897617f7cb1c21a4bf30023f252596d83e1f007?s=96&d=mm&r=g\",\"contentUrl\":\"https:\\\/\\\/secure.gravatar.com\\\/avatar\\\/ccc17943b9d660506c869530f897617f7cb1c21a4bf30023f252596d83e1f007?s=96&d=mm&r=g\",\"caption\":\"admin\"},\"sameAs\":[\"https:\\\/\\\/kibrisdakik.com\"],\"url\":\"https:\\\/\\\/kibrisdakik.com\\\/?author=1\"}]}<\/script>\n<!-- \/ Yoast SEO plugin. -->","yoast_head_json":{"title":"UBP Genel Sekreteri O\u011fuzhan Hasipo\u011flu, Antalya Diplomasi Forumu\u2019nu de\u011ferlendirdi -","robots":{"index":"index","follow":"follow","max-snippet":"max-snippet:-1","max-image-preview":"max-image-preview:large","max-video-preview":"max-video-preview:-1"},"canonical":"https:\/\/kibrisdakik.com\/?p=32485","og_locale":"tr_TR","og_type":"article","og_title":"UBP Genel Sekreteri O\u011fuzhan Hasipo\u011flu, Antalya Diplomasi Forumu\u2019nu de\u011ferlendirdi -","og_description":"Hasipo\u011flu yapt\u0131\u011f\u0131 yaz\u0131l\u0131 a\u00e7\u0131klamada, Antalya Diplomasi Forumu kapsam\u0131nda kat\u0131ld\u0131\u011f\u0131 panellerin yan\u0131 s\u0131ra, ikili g\u00f6r\u00fc\u015fmeler yapma ve a\u00e7\u0131l\u0131\u015f \u00f6ncesi verilen resepsiyonda, TC Cumhurba\u015fkan\u0131 Erdo\u011fan, Yard\u0131mc\u0131s\u0131 Y\u0131lmaz ve Macaristan Ba\u015fbakan\u0131 Viktor Orban, Esvatini Kral\u0131 3. Mswati ve Filistin D\u0131\u015fi\u015fleri Bakan\u0131 Riad Malki ile sohbet etme imk\u00e2n\u0131 buldu\u011funu aktard\u0131. &nbsp; Hasipo\u011flu a\u00e7\u0131klamas\u0131nda, Ba\u015fbakan \u00dcnal \u00dcstel\u2019le birlikte Yeni Azerbaycan","og_url":"https:\/\/kibrisdakik.com\/?p=32485","article_published_time":"2024-03-05T05:31:50+00:00","og_image":[{"width":710,"height":370,"url":"https:\/\/kibrisdakik.com\/wp-content\/uploads\/2024\/03\/ubp-genel-sekreteri-oguzhan-hasipoglu-antalya-diplomasi-forumunu-degerlendirdi-1709558258.webp.webp","type":"image\/webp"}],"author":"admin","twitter_card":"summary_large_image","twitter_misc":{"Yazan:":"admin","Tahmini okuma s\u00fcresi":"2 dakika"},"schema":{"@context":"https:\/\/schema.org","@graph":[{"@type":"Article","@id":"https:\/\/kibrisdakik.com\/?p=32485#article","isPartOf":{"@id":"https:\/\/kibrisdakik.com\/?p=32485"},"author":{"name":"admin","@id":"https:\/\/kibrisdakik.com\/#\/schema\/person\/9cd9d437bbb44f72b73ba127e06d8e79"},"headline":"UBP Genel Sekreteri O\u011fuzhan Hasipo\u011flu, Antalya Diplomasi Forumu\u2019nu de\u011ferlendirdi","datePublished":"2024-03-05T05:31:50+00:00","mainEntityOfPage":{"@id":"https:\/\/kibrisdakik.com\/?p=32485"},"wordCount":402,"commentCount":0,"image":{"@id":"https:\/\/kibrisdakik.com\/?p=32485#primaryimage"},"thumbnailUrl":"https:\/\/kibrisdakik.com\/wp-content\/uploads\/2024\/03\/ubp-genel-sekreteri-oguzhan-hasipoglu-antalya-diplomasi-forumunu-degerlendirdi-1709558258.webp.webp","articleSection":["Ekonomi"],"inLanguage":"tr","potentialAction":[{"@type":"CommentAction","name":"Comment","target":["https:\/\/kibrisdakik.com\/?p=32485#respond"]}]},{"@type":"WebPage","@id":"https:\/\/kibrisdakik.com\/?p=32485","url":"https:\/\/kibrisdakik.com\/?p=32485","name":"UBP Genel Sekreteri O\u011fuzhan Hasipo\u011flu, Antalya Diplomasi Forumu\u2019nu de\u011ferlendirdi -","isPartOf":{"@id":"https:\/\/kibrisdakik.com\/#website"},"primaryImageOfPage":{"@id":"https:\/\/kibrisdakik.com\/?p=32485#primaryimage"},"image":{"@id":"https:\/\/kibrisdakik.com\/?p=32485#primaryimage"},"thumbnailUrl":"https:\/\/kibrisdakik.com\/wp-content\/uploads\/2024\/03\/ubp-genel-sekreteri-oguzhan-hasipoglu-antalya-diplomasi-forumunu-degerlendirdi-1709558258.webp.webp","datePublished":"2024-03-05T05:31:50+00:00","author":{"@id":"https:\/\/kibrisdakik.com\/#\/schema\/person\/9cd9d437bbb44f72b73ba127e06d8e79"},"breadcrumb":{"@id":"https:\/\/kibrisdakik.com\/?p=32485#breadcrumb"},"inLanguage":"tr","potentialAction":[{"@type":"ReadAction","target":["https:\/\/kibrisdakik.com\/?p=32485"]}]},{"@type":"ImageObject","inLanguage":"tr","@id":"https:\/\/kibrisdakik.com\/?p=32485#primaryimage","url":"https:\/\/kibrisdakik.com\/wp-content\/uploads\/2024\/03\/ubp-genel-sekreteri-oguzhan-hasipoglu-antalya-diplomasi-forumunu-degerlendirdi-1709558258.webp.webp","contentUrl":"https:\/\/kibrisdakik.com\/wp-content\/uploads\/2024\/03\/ubp-genel-sekreteri-oguzhan-hasipoglu-antalya-diplomasi-forumunu-degerlendirdi-1709558258.webp.webp","width":710,"height":370},{"@type":"BreadcrumbList","@id":"https:\/\/kibrisdakik.com\/?p=32485#breadcrumb","itemListElement":[{"@type":"ListItem","position":1,"name":"Home","item":"https:\/\/kibrisdakik.com\/"},{"@type":"ListItem","position":2,"name":"UBP Genel Sekreteri O\u011fuzhan Hasipo\u011flu, Antalya Diplomasi Forumu\u2019nu de\u011ferlendirdi"}]},{"@type":"WebSite","@id":"https:\/\/kibrisdakik.com\/#website","url":"https:\/\/kibrisdakik.com\/","name":"","description":"Tam vaktinde haber","potentialAction":[{"@type":"SearchAction","target":{"@type":"EntryPoint","urlTemplate":"https:\/\/kibrisdakik.com\/?s={search_term_string}"},"query-input":{"@type":"PropertyValueSpecification","valueRequired":true,"valueName":"search_term_string"}}],"inLanguage":"tr"},{"@type":"Person","@id":"https:\/\/kibrisdakik.com\/#\/schema\/person\/9cd9d437bbb44f72b73ba127e06d8e79","name":"admin","image":{"@type":"ImageObject","inLanguage":"tr","@id":"https:\/\/secure.gravatar.com\/avatar\/ccc17943b9d660506c869530f897617f7cb1c21a4bf30023f252596d83e1f007?s=96&d=mm&r=g","url":"https:\/\/secure.gravatar.com\/avatar\/ccc17943b9d660506c869530f897617f7cb1c21a4bf30023f252596d83e1f007?s=96&d=mm&r=g","contentUrl":"https:\/\/secure.gravatar.com\/avatar\/ccc17943b9d660506c869530f897617f7cb1c21a4bf30023f252596d83e1f007?s=96&d=mm&r=g","caption":"admin"},"sameAs":["https:\/\/kibrisdakik.com"],"url":"https:\/\/kibrisdakik.com\/?author=1"}]}},"_links":{"self":[{"href":"https:\/\/kibrisdakik.com\/index.php?rest_route=\/wp\/v2\/posts\/32485","targetHints":{"allow":["GET"]}}],"collection":[{"href":"https:\/\/kibrisdakik.com\/index.php?rest_route=\/wp\/v2\/posts"}],"about":[{"href":"https:\/\/kibrisdakik.com\/index.php?rest_route=\/wp\/v2\/types\/post"}],"author":[{"embeddable":true,"href":"https:\/\/kibrisdakik.com\/index.php?rest_route=\/wp\/v2\/users\/1"}],"replies":[{"embeddable":true,"href":"https:\/\/kibrisdakik.com\/index.php?rest_route=%2Fwp%2Fv2%2Fcomments&post=32485"}],"version-history":[{"count":0,"href":"https:\/\/kibrisdakik.com\/index.php?rest_route=\/wp\/v2\/posts\/32485\/revisions"}],"wp:featuredmedia":[{"embeddable":true,"href":"https:\/\/kibrisdakik.com\/index.php?rest_route=\/wp\/v2\/media\/32486"}],"wp:attachment":[{"href":"https:\/\/kibrisdakik.com\/index.php?rest_route=%2Fwp%2Fv2%2Fmedia&parent=32485"}],"wp:term":[{"taxonomy":"category","embeddable":true,"href":"https:\/\/kibrisdakik.com\/index.php?rest_route=%2Fwp%2Fv2%2Fcategories&post=32485"},{"taxonomy":"post_tag","embeddable":true,"href":"https:\/\/kibrisdakik.com\/index.php?rest_route=%2Fwp%2Fv2%2Ftags&post=32485"}],"curies":[{"name":"wp","href":"https:\/\/api.w.org\/{rel}","templated":true}]}}