{"id":3256,"date":"2023-03-14T16:57:04","date_gmt":"2023-03-14T16:57:04","guid":{"rendered":"https:\/\/kibrisdakik.com\/index.php\/2023\/03\/14\/tc-cumhurbaskani-yardimcisi-oktay-ile-basbakan-ustel-ortak-basin-toplantisi-duzenledi-oktay-yargi-surecinin-takipcisiyiz\/"},"modified":"2023-03-14T16:57:04","modified_gmt":"2023-03-14T16:57:04","slug":"tc-cumhurbaskani-yardimcisi-oktay-ile-basbakan-ustel-ortak-basin-toplantisi-duzenledi-oktay-yargi-surecinin-takipcisiyiz","status":"publish","type":"post","link":"https:\/\/kibrisdakik.com\/?p=3256","title":{"rendered":"TC Cumhurba\u015fkan\u0131 Yard\u0131mc\u0131s\u0131 Oktay ile Ba\u015fbakan \u00dcstel ortak bas\u0131n toplant\u0131s\u0131 d\u00fczenledi\u2026 Oktay: Yarg\u0131 s\u00fcrecinin takip\u00e7isiyiz"},"content":{"rendered":"<p><\/p>\n<div>\n<div class=\"mariselle-image-container center\">\n                <img width=\"1024\" height=\"682\" class=\"lazy-image\" alt=\"\" decoding=\"async\" loading=\"lazy\" sizes=\"auto, (max-width: 1024px) 100vw, 1024px\" src=\"https:\/\/brtk.net\/wp-content\/uploads\/2023\/03\/14\/336406033_1359720378213710_1034423332314381828_n.jpg?ver=3285642c446322f96174a065db257988\" srcset=\"https:\/\/brtk.net\/wp-content\/uploads\/2023\/03\/14\/336406033_1359720378213710_1034423332314381828_n.jpg?ver=3285642c446322f96174a065db257988 1024w, https:\/\/brtk.net\/wp-content\/uploads\/2023\/03\/14\/336406033_1359720378213710_1034423332314381828_n-300x200.jpg?ver=3285642c446322f96174a065db257988 300w, https:\/\/brtk.net\/wp-content\/uploads\/2023\/03\/14\/336406033_1359720378213710_1034423332314381828_n-768x512.jpg?ver=3285642c446322f96174a065db257988 768w\"\/>                            <\/div>\n<p>T\u00fcrkiye Cumhuriyeti Cumhurba\u015fkan\u0131 Yard\u0131mc\u0131s\u0131 Fuat Oktay ile Ba\u015fbakan \u00dcnal \u00dcstel , Ankara\u2019da Cumhurba\u015fkanl\u0131\u011f\u0131 K\u00fclliyesi\u2019ndeki ba\u015f ba\u015fa ve heyetler aras\u0131 g\u00f6r\u00fc\u015fmelerinin ard\u0131ndan bas\u0131n toplant\u0131s\u0131 d\u00fczenledi.<\/p>\n<p> Oktay, T\u00fcrkiye\u2019deki deprem sonras\u0131 katk\u0131lar\u0131 nedeniyle K\u0131br\u0131s T\u00fcrk halk\u0131na te\u015fekk\u00fcrlerini sundu.<\/p>\n<p>TC Cumhurba\u015fkan\u0131 Yard\u0131mc\u0131s\u0131 Oktay,  \u015eampiyon Melekler Voleybol Tak\u0131m\u0131\u2019n\u0131n vefat\u0131n\u0131n y\u00fcrekleri yakt\u0131\u011f\u0131n\u0131 vurgulayarak,  yarg\u0131 s\u00fcrecinin takip\u00e7isi olacaklar\u0131n\u0131 ifade etti.<\/p>\n<p>Oktay, K\u0131br\u0131s T\u00fcrk Dayan\u0131\u015fma Platformu\u2019nun katk\u0131lar\u0131yla in\u015fa edilecek konteyner k\u00f6y ile de \u015eampiyon Melekler\u2019in kalplerinde ya\u015fat\u0131laca\u011f\u0131n\u0131 kaydetti.<\/p>\n<p>K\u0131br\u0131s T\u00fcrk halk\u0131n\u0131n hakl\u0131 davas\u0131n\u0131n ve d\u00fcnyaya a\u00e7\u0131lmas\u0131n\u0131n T\u00fcrkiye\u2019nin \u00f6ncelikli meselesi oldu\u011funu kaydeden Oktay,  T\u00fcrkiye\u2019nin t\u00fcm kurumlar\u0131yla K\u0131br\u0131s T\u00fcrk\u00fc\u2019n\u00fc desteklemeye devam edece\u011fini ifade etti.<\/p>\n<p>Oktay, K\u0131br\u0131s T\u00fcrk\u00fc\u2019n\u00fcn haklar\u0131n\u0131 g\u00f6rmezden gelen hi\u00e7bir giri\u015fimin ba\u015far\u0131ya ula\u015fmad\u0131\u011f\u0131n\u0131n tarihsel s\u00fcre\u00e7te g\u00f6r\u00fcld\u00fc\u011f\u00fcn\u00fc kaydederek, <a href=\"https:\/\/brtk.net\/\">KKTC<\/a>\u2019nin tan\u0131nmas\u0131 \u00e7a\u011fr\u0131s\u0131n\u0131 da yineledi<\/p>\n<p>Oktay, <a href=\"https:\/\/brtk.net\/\">KKTC<\/a>\u2018de ger\u00e7ekle\u015ftirilecek projelerden bahsederek, Derinya\u2019da 1192 sosyal konut yap\u0131lmas\u0131yla ilgili plan ve  projenin tamamland\u0131\u011f\u0131n\u0131, en k\u0131sa zamanda in\u015faatlar\u0131 ba\u015flatacaklar\u0131n\u0131 belirtti.<\/p>\n<p>Bas\u0131n toplant\u0131s\u0131n\u0131n tamam\u0131:<br \/><iframe loading=\"lazy\" title=\"Oktay ve  \u00dcstel bas\u0131n toplant\u0131s\u0131 d\u00fczenledi\" width=\"960\" height=\"540\" src=\"https:\/\/www.youtube.com\/embed\/UnxtvcEn1A4?feature=oembed\" frameborder=\"0\" allow=\"accelerometer; autoplay; clipboard-write; encrypted-media; gyroscope; picture-in-picture; web-share\" referrerpolicy=\"strict-origin-when-cross-origin\" allowfullscreen><\/iframe><\/p>\n<\/p><\/div>\n<p><script async\n                    defer\n                    crossorigin=\"anonymous\"\n                    src=\"https:\/\/connect.facebook.net\/tr_TR\/sdk.js#xfbml=1&#038;version=v3.3\"\n            ><\/script><\/p>\n","protected":false},"excerpt":{"rendered":"<p>T\u00fcrkiye Cumhuriyeti Cumhurba\u015fkan\u0131 Yard\u0131mc\u0131s\u0131 Fuat Oktay ile Ba\u015fbakan \u00dcnal \u00dcstel , Ankara\u2019da Cumhurba\u015fkanl\u0131\u011f\u0131 K\u00fclliyesi\u2019ndeki ba\u015f ba\u015fa ve heyetler aras\u0131 g\u00f6r\u00fc\u015fmelerinin ard\u0131ndan bas\u0131n toplant\u0131s\u0131 d\u00fczenledi. Oktay, T\u00fcrkiye\u2019deki deprem sonras\u0131 katk\u0131lar\u0131 nedeniyle K\u0131br\u0131s T\u00fcrk halk\u0131na te\u015fekk\u00fcrlerini sundu. TC Cumhurba\u015fkan\u0131 Yard\u0131mc\u0131s\u0131 Oktay, \u015eampiyon Melekler Voleybol Tak\u0131m\u0131\u2019n\u0131n vefat\u0131n\u0131n y\u00fcrekleri yakt\u0131\u011f\u0131n\u0131 vurgulayarak, yarg\u0131 s\u00fcrecinin takip\u00e7isi olacaklar\u0131n\u0131 ifade etti. Oktay, K\u0131br\u0131s<\/p>\n","protected":false},"author":1,"featured_media":3257,"comment_status":"open","ping_status":"open","sticky":false,"template":"","format":"standard","meta":{"footnotes":""},"categories":[86],"tags":[],"class_list":["post-3256","post","type-post","status-publish","format-standard","has-post-thumbnail","hentry","category-turkiye"],"yoast_head":"<!-- This site is optimized with the Yoast SEO plugin v27.5 - https:\/\/yoast.com\/product\/yoast-seo-wordpress\/ -->\n<title>TC Cumhurba\u015fkan\u0131 Yard\u0131mc\u0131s\u0131 Oktay ile Ba\u015fbakan \u00dcstel ortak bas\u0131n toplant\u0131s\u0131 d\u00fczenledi\u2026 Oktay: Yarg\u0131 s\u00fcrecinin takip\u00e7isiyiz -<\/title>\n<meta name=\"robots\" content=\"index, follow, max-snippet:-1, max-image-preview:large, max-video-preview:-1\" \/>\n<link rel=\"canonical\" href=\"https:\/\/kibrisdakik.com\/?p=3256\" \/>\n<meta property=\"og:locale\" content=\"tr_TR\" \/>\n<meta property=\"og:type\" content=\"article\" \/>\n<meta property=\"og:title\" content=\"TC Cumhurba\u015fkan\u0131 Yard\u0131mc\u0131s\u0131 Oktay ile Ba\u015fbakan \u00dcstel ortak bas\u0131n toplant\u0131s\u0131 d\u00fczenledi\u2026 Oktay: Yarg\u0131 s\u00fcrecinin takip\u00e7isiyiz -\" \/>\n<meta property=\"og:description\" content=\"T\u00fcrkiye Cumhuriyeti Cumhurba\u015fkan\u0131 Yard\u0131mc\u0131s\u0131 Fuat Oktay ile Ba\u015fbakan \u00dcnal \u00dcstel , Ankara\u2019da Cumhurba\u015fkanl\u0131\u011f\u0131 K\u00fclliyesi\u2019ndeki ba\u015f ba\u015fa ve heyetler aras\u0131 g\u00f6r\u00fc\u015fmelerinin ard\u0131ndan bas\u0131n toplant\u0131s\u0131 d\u00fczenledi. Oktay, T\u00fcrkiye\u2019deki deprem sonras\u0131 katk\u0131lar\u0131 nedeniyle K\u0131br\u0131s T\u00fcrk halk\u0131na te\u015fekk\u00fcrlerini sundu. TC Cumhurba\u015fkan\u0131 Yard\u0131mc\u0131s\u0131 Oktay, \u015eampiyon Melekler Voleybol Tak\u0131m\u0131\u2019n\u0131n vefat\u0131n\u0131n y\u00fcrekleri yakt\u0131\u011f\u0131n\u0131 vurgulayarak, yarg\u0131 s\u00fcrecinin takip\u00e7isi olacaklar\u0131n\u0131 ifade etti. Oktay, K\u0131br\u0131s\" \/>\n<meta property=\"og:url\" content=\"https:\/\/kibrisdakik.com\/?p=3256\" \/>\n<meta property=\"article:published_time\" content=\"2023-03-14T16:57:04+00:00\" \/>\n<meta property=\"og:image\" content=\"https:\/\/kibrisdakik.com\/wp-content\/uploads\/2023\/03\/336406033_1359720378213710_1034423332314381828_n-740x420.jpg\" \/>\n\t<meta property=\"og:image:width\" content=\"1024\" \/>\n\t<meta property=\"og:image:height\" content=\"682\" \/>\n\t<meta property=\"og:image:type\" content=\"image\/jpeg\" \/>\n<meta name=\"author\" content=\"admin\" \/>\n<meta name=\"twitter:card\" content=\"summary_large_image\" \/>\n<meta name=\"twitter:label1\" content=\"Yazan:\" \/>\n\t<meta name=\"twitter:data1\" content=\"admin\" \/>\n\t<meta name=\"twitter:label2\" content=\"Tahmini okuma s\u00fcresi\" \/>\n\t<meta name=\"twitter:data2\" content=\"1 dakika\" \/>\n<script type=\"application\/ld+json\" class=\"yoast-schema-graph\">{\"@context\":\"https:\\\/\\\/schema.org\",\"@graph\":[{\"@type\":\"Article\",\"@id\":\"https:\\\/\\\/kibrisdakik.com\\\/?p=3256#article\",\"isPartOf\":{\"@id\":\"https:\\\/\\\/kibrisdakik.com\\\/?p=3256\"},\"author\":{\"name\":\"admin\",\"@id\":\"https:\\\/\\\/kibrisdakik.com\\\/#\\\/schema\\\/person\\\/9cd9d437bbb44f72b73ba127e06d8e79\"},\"headline\":\"TC Cumhurba\u015fkan\u0131 Yard\u0131mc\u0131s\u0131 Oktay ile Ba\u015fbakan \u00dcstel ortak bas\u0131n toplant\u0131s\u0131 d\u00fczenledi\u2026 Oktay: Yarg\u0131 s\u00fcrecinin takip\u00e7isiyiz\",\"datePublished\":\"2023-03-14T16:57:04+00:00\",\"mainEntityOfPage\":{\"@id\":\"https:\\\/\\\/kibrisdakik.com\\\/?p=3256\"},\"wordCount\":282,\"commentCount\":0,\"image\":{\"@id\":\"https:\\\/\\\/kibrisdakik.com\\\/?p=3256#primaryimage\"},\"thumbnailUrl\":\"https:\\\/\\\/kibrisdakik.com\\\/wp-content\\\/uploads\\\/2023\\\/03\\\/336406033_1359720378213710_1034423332314381828_n-740x420.jpg\",\"articleSection\":[\"T\u00fcrkiye\"],\"inLanguage\":\"tr\",\"potentialAction\":[{\"@type\":\"CommentAction\",\"name\":\"Comment\",\"target\":[\"https:\\\/\\\/kibrisdakik.com\\\/?p=3256#respond\"]}]},{\"@type\":\"WebPage\",\"@id\":\"https:\\\/\\\/kibrisdakik.com\\\/?p=3256\",\"url\":\"https:\\\/\\\/kibrisdakik.com\\\/?p=3256\",\"name\":\"TC Cumhurba\u015fkan\u0131 Yard\u0131mc\u0131s\u0131 Oktay ile Ba\u015fbakan \u00dcstel ortak bas\u0131n toplant\u0131s\u0131 d\u00fczenledi\u2026 Oktay: Yarg\u0131 s\u00fcrecinin takip\u00e7isiyiz -\",\"isPartOf\":{\"@id\":\"https:\\\/\\\/kibrisdakik.com\\\/#website\"},\"primaryImageOfPage\":{\"@id\":\"https:\\\/\\\/kibrisdakik.com\\\/?p=3256#primaryimage\"},\"image\":{\"@id\":\"https:\\\/\\\/kibrisdakik.com\\\/?p=3256#primaryimage\"},\"thumbnailUrl\":\"https:\\\/\\\/kibrisdakik.com\\\/wp-content\\\/uploads\\\/2023\\\/03\\\/336406033_1359720378213710_1034423332314381828_n-740x420.jpg\",\"datePublished\":\"2023-03-14T16:57:04+00:00\",\"author\":{\"@id\":\"https:\\\/\\\/kibrisdakik.com\\\/#\\\/schema\\\/person\\\/9cd9d437bbb44f72b73ba127e06d8e79\"},\"breadcrumb\":{\"@id\":\"https:\\\/\\\/kibrisdakik.com\\\/?p=3256#breadcrumb\"},\"inLanguage\":\"tr\",\"potentialAction\":[{\"@type\":\"ReadAction\",\"target\":[\"https:\\\/\\\/kibrisdakik.com\\\/?p=3256\"]}]},{\"@type\":\"ImageObject\",\"inLanguage\":\"tr\",\"@id\":\"https:\\\/\\\/kibrisdakik.com\\\/?p=3256#primaryimage\",\"url\":\"https:\\\/\\\/kibrisdakik.com\\\/wp-content\\\/uploads\\\/2023\\\/03\\\/336406033_1359720378213710_1034423332314381828_n-740x420.jpg\",\"contentUrl\":\"https:\\\/\\\/kibrisdakik.com\\\/wp-content\\\/uploads\\\/2023\\\/03\\\/336406033_1359720378213710_1034423332314381828_n-740x420.jpg\",\"width\":1024,\"height\":682},{\"@type\":\"BreadcrumbList\",\"@id\":\"https:\\\/\\\/kibrisdakik.com\\\/?p=3256#breadcrumb\",\"itemListElement\":[{\"@type\":\"ListItem\",\"position\":1,\"name\":\"Home\",\"item\":\"https:\\\/\\\/kibrisdakik.com\\\/\"},{\"@type\":\"ListItem\",\"position\":2,\"name\":\"TC Cumhurba\u015fkan\u0131 Yard\u0131mc\u0131s\u0131 Oktay ile Ba\u015fbakan \u00dcstel ortak bas\u0131n toplant\u0131s\u0131 d\u00fczenledi\u2026 Oktay: Yarg\u0131 s\u00fcrecinin takip\u00e7isiyiz\"}]},{\"@type\":\"WebSite\",\"@id\":\"https:\\\/\\\/kibrisdakik.com\\\/#website\",\"url\":\"https:\\\/\\\/kibrisdakik.com\\\/\",\"name\":\"\",\"description\":\"Tam vaktinde haber\",\"potentialAction\":[{\"@type\":\"SearchAction\",\"target\":{\"@type\":\"EntryPoint\",\"urlTemplate\":\"https:\\\/\\\/kibrisdakik.com\\\/?s={search_term_string}\"},\"query-input\":{\"@type\":\"PropertyValueSpecification\",\"valueRequired\":true,\"valueName\":\"search_term_string\"}}],\"inLanguage\":\"tr\"},{\"@type\":\"Person\",\"@id\":\"https:\\\/\\\/kibrisdakik.com\\\/#\\\/schema\\\/person\\\/9cd9d437bbb44f72b73ba127e06d8e79\",\"name\":\"admin\",\"image\":{\"@type\":\"ImageObject\",\"inLanguage\":\"tr\",\"@id\":\"https:\\\/\\\/secure.gravatar.com\\\/avatar\\\/ccc17943b9d660506c869530f897617f7cb1c21a4bf30023f252596d83e1f007?s=96&d=mm&r=g\",\"url\":\"https:\\\/\\\/secure.gravatar.com\\\/avatar\\\/ccc17943b9d660506c869530f897617f7cb1c21a4bf30023f252596d83e1f007?s=96&d=mm&r=g\",\"contentUrl\":\"https:\\\/\\\/secure.gravatar.com\\\/avatar\\\/ccc17943b9d660506c869530f897617f7cb1c21a4bf30023f252596d83e1f007?s=96&d=mm&r=g\",\"caption\":\"admin\"},\"sameAs\":[\"https:\\\/\\\/kibrisdakik.com\"],\"url\":\"https:\\\/\\\/kibrisdakik.com\\\/?author=1\"}]}<\/script>\n<!-- \/ Yoast SEO plugin. -->","yoast_head_json":{"title":"TC Cumhurba\u015fkan\u0131 Yard\u0131mc\u0131s\u0131 Oktay ile Ba\u015fbakan \u00dcstel ortak bas\u0131n toplant\u0131s\u0131 d\u00fczenledi\u2026 Oktay: Yarg\u0131 s\u00fcrecinin takip\u00e7isiyiz -","robots":{"index":"index","follow":"follow","max-snippet":"max-snippet:-1","max-image-preview":"max-image-preview:large","max-video-preview":"max-video-preview:-1"},"canonical":"https:\/\/kibrisdakik.com\/?p=3256","og_locale":"tr_TR","og_type":"article","og_title":"TC Cumhurba\u015fkan\u0131 Yard\u0131mc\u0131s\u0131 Oktay ile Ba\u015fbakan \u00dcstel ortak bas\u0131n toplant\u0131s\u0131 d\u00fczenledi\u2026 Oktay: Yarg\u0131 s\u00fcrecinin takip\u00e7isiyiz -","og_description":"T\u00fcrkiye Cumhuriyeti Cumhurba\u015fkan\u0131 Yard\u0131mc\u0131s\u0131 Fuat Oktay ile Ba\u015fbakan \u00dcnal \u00dcstel , Ankara\u2019da Cumhurba\u015fkanl\u0131\u011f\u0131 K\u00fclliyesi\u2019ndeki ba\u015f ba\u015fa ve heyetler aras\u0131 g\u00f6r\u00fc\u015fmelerinin ard\u0131ndan bas\u0131n toplant\u0131s\u0131 d\u00fczenledi. Oktay, T\u00fcrkiye\u2019deki deprem sonras\u0131 katk\u0131lar\u0131 nedeniyle K\u0131br\u0131s T\u00fcrk halk\u0131na te\u015fekk\u00fcrlerini sundu. TC Cumhurba\u015fkan\u0131 Yard\u0131mc\u0131s\u0131 Oktay, \u015eampiyon Melekler Voleybol Tak\u0131m\u0131\u2019n\u0131n vefat\u0131n\u0131n y\u00fcrekleri yakt\u0131\u011f\u0131n\u0131 vurgulayarak, yarg\u0131 s\u00fcrecinin takip\u00e7isi olacaklar\u0131n\u0131 ifade etti. Oktay, K\u0131br\u0131s","og_url":"https:\/\/kibrisdakik.com\/?p=3256","article_published_time":"2023-03-14T16:57:04+00:00","og_image":[{"width":1024,"height":682,"url":"https:\/\/kibrisdakik.com\/wp-content\/uploads\/2023\/03\/336406033_1359720378213710_1034423332314381828_n-740x420.jpg","type":"image\/jpeg"}],"author":"admin","twitter_card":"summary_large_image","twitter_misc":{"Yazan:":"admin","Tahmini okuma s\u00fcresi":"1 dakika"},"schema":{"@context":"https:\/\/schema.org","@graph":[{"@type":"Article","@id":"https:\/\/kibrisdakik.com\/?p=3256#article","isPartOf":{"@id":"https:\/\/kibrisdakik.com\/?p=3256"},"author":{"name":"admin","@id":"https:\/\/kibrisdakik.com\/#\/schema\/person\/9cd9d437bbb44f72b73ba127e06d8e79"},"headline":"TC Cumhurba\u015fkan\u0131 Yard\u0131mc\u0131s\u0131 Oktay ile Ba\u015fbakan \u00dcstel ortak bas\u0131n toplant\u0131s\u0131 d\u00fczenledi\u2026 Oktay: Yarg\u0131 s\u00fcrecinin takip\u00e7isiyiz","datePublished":"2023-03-14T16:57:04+00:00","mainEntityOfPage":{"@id":"https:\/\/kibrisdakik.com\/?p=3256"},"wordCount":282,"commentCount":0,"image":{"@id":"https:\/\/kibrisdakik.com\/?p=3256#primaryimage"},"thumbnailUrl":"https:\/\/kibrisdakik.com\/wp-content\/uploads\/2023\/03\/336406033_1359720378213710_1034423332314381828_n-740x420.jpg","articleSection":["T\u00fcrkiye"],"inLanguage":"tr","potentialAction":[{"@type":"CommentAction","name":"Comment","target":["https:\/\/kibrisdakik.com\/?p=3256#respond"]}]},{"@type":"WebPage","@id":"https:\/\/kibrisdakik.com\/?p=3256","url":"https:\/\/kibrisdakik.com\/?p=3256","name":"TC Cumhurba\u015fkan\u0131 Yard\u0131mc\u0131s\u0131 Oktay ile Ba\u015fbakan \u00dcstel ortak bas\u0131n toplant\u0131s\u0131 d\u00fczenledi\u2026 Oktay: Yarg\u0131 s\u00fcrecinin takip\u00e7isiyiz -","isPartOf":{"@id":"https:\/\/kibrisdakik.com\/#website"},"primaryImageOfPage":{"@id":"https:\/\/kibrisdakik.com\/?p=3256#primaryimage"},"image":{"@id":"https:\/\/kibrisdakik.com\/?p=3256#primaryimage"},"thumbnailUrl":"https:\/\/kibrisdakik.com\/wp-content\/uploads\/2023\/03\/336406033_1359720378213710_1034423332314381828_n-740x420.jpg","datePublished":"2023-03-14T16:57:04+00:00","author":{"@id":"https:\/\/kibrisdakik.com\/#\/schema\/person\/9cd9d437bbb44f72b73ba127e06d8e79"},"breadcrumb":{"@id":"https:\/\/kibrisdakik.com\/?p=3256#breadcrumb"},"inLanguage":"tr","potentialAction":[{"@type":"ReadAction","target":["https:\/\/kibrisdakik.com\/?p=3256"]}]},{"@type":"ImageObject","inLanguage":"tr","@id":"https:\/\/kibrisdakik.com\/?p=3256#primaryimage","url":"https:\/\/kibrisdakik.com\/wp-content\/uploads\/2023\/03\/336406033_1359720378213710_1034423332314381828_n-740x420.jpg","contentUrl":"https:\/\/kibrisdakik.com\/wp-content\/uploads\/2023\/03\/336406033_1359720378213710_1034423332314381828_n-740x420.jpg","width":1024,"height":682},{"@type":"BreadcrumbList","@id":"https:\/\/kibrisdakik.com\/?p=3256#breadcrumb","itemListElement":[{"@type":"ListItem","position":1,"name":"Home","item":"https:\/\/kibrisdakik.com\/"},{"@type":"ListItem","position":2,"name":"TC Cumhurba\u015fkan\u0131 Yard\u0131mc\u0131s\u0131 Oktay ile Ba\u015fbakan \u00dcstel ortak bas\u0131n toplant\u0131s\u0131 d\u00fczenledi\u2026 Oktay: Yarg\u0131 s\u00fcrecinin takip\u00e7isiyiz"}]},{"@type":"WebSite","@id":"https:\/\/kibrisdakik.com\/#website","url":"https:\/\/kibrisdakik.com\/","name":"","description":"Tam vaktinde haber","potentialAction":[{"@type":"SearchAction","target":{"@type":"EntryPoint","urlTemplate":"https:\/\/kibrisdakik.com\/?s={search_term_string}"},"query-input":{"@type":"PropertyValueSpecification","valueRequired":true,"valueName":"search_term_string"}}],"inLanguage":"tr"},{"@type":"Person","@id":"https:\/\/kibrisdakik.com\/#\/schema\/person\/9cd9d437bbb44f72b73ba127e06d8e79","name":"admin","image":{"@type":"ImageObject","inLanguage":"tr","@id":"https:\/\/secure.gravatar.com\/avatar\/ccc17943b9d660506c869530f897617f7cb1c21a4bf30023f252596d83e1f007?s=96&d=mm&r=g","url":"https:\/\/secure.gravatar.com\/avatar\/ccc17943b9d660506c869530f897617f7cb1c21a4bf30023f252596d83e1f007?s=96&d=mm&r=g","contentUrl":"https:\/\/secure.gravatar.com\/avatar\/ccc17943b9d660506c869530f897617f7cb1c21a4bf30023f252596d83e1f007?s=96&d=mm&r=g","caption":"admin"},"sameAs":["https:\/\/kibrisdakik.com"],"url":"https:\/\/kibrisdakik.com\/?author=1"}]}},"_links":{"self":[{"href":"https:\/\/kibrisdakik.com\/index.php?rest_route=\/wp\/v2\/posts\/3256","targetHints":{"allow":["GET"]}}],"collection":[{"href":"https:\/\/kibrisdakik.com\/index.php?rest_route=\/wp\/v2\/posts"}],"about":[{"href":"https:\/\/kibrisdakik.com\/index.php?rest_route=\/wp\/v2\/types\/post"}],"author":[{"embeddable":true,"href":"https:\/\/kibrisdakik.com\/index.php?rest_route=\/wp\/v2\/users\/1"}],"replies":[{"embeddable":true,"href":"https:\/\/kibrisdakik.com\/index.php?rest_route=%2Fwp%2Fv2%2Fcomments&post=3256"}],"version-history":[{"count":0,"href":"https:\/\/kibrisdakik.com\/index.php?rest_route=\/wp\/v2\/posts\/3256\/revisions"}],"wp:featuredmedia":[{"embeddable":true,"href":"https:\/\/kibrisdakik.com\/index.php?rest_route=\/wp\/v2\/media\/3257"}],"wp:attachment":[{"href":"https:\/\/kibrisdakik.com\/index.php?rest_route=%2Fwp%2Fv2%2Fmedia&parent=3256"}],"wp:term":[{"taxonomy":"category","embeddable":true,"href":"https:\/\/kibrisdakik.com\/index.php?rest_route=%2Fwp%2Fv2%2Fcategories&post=3256"},{"taxonomy":"post_tag","embeddable":true,"href":"https:\/\/kibrisdakik.com\/index.php?rest_route=%2Fwp%2Fv2%2Ftags&post=3256"}],"curies":[{"name":"wp","href":"https:\/\/api.w.org\/{rel}","templated":true}]}}