{"id":32571,"date":"2024-03-05T18:04:59","date_gmt":"2024-03-05T18:04:59","guid":{"rendered":"https:\/\/kibrisdakik.com\/index.php\/2024\/03\/05\/kktc-itb-berlin-turizm-fuarinda-temsil-ediliyor\/"},"modified":"2024-03-05T18:04:59","modified_gmt":"2024-03-05T18:04:59","slug":"kktc-itb-berlin-turizm-fuarinda-temsil-ediliyor","status":"publish","type":"post","link":"https:\/\/kibrisdakik.com\/?p=32571","title":{"rendered":"KKTC, ITB Berlin Turizm Fuar\u0131\u2019nda temsil ediliyor"},"content":{"rendered":"<p><img decoding=\"async\" src=\"https:\/\/www.kibristurk.com\/images\/haberler\/2024\/03\/kktc-itb-berlin-turizm-fuarinda-temsil-ediliyor-1709659710.webp\" \/><\/p>\n<p style=\"text-align:left\"><span style=\"font-size:16px\"><span style=\"font-family:Merriweather,serif !important\"><span style=\"color:#000000\"><span style=\"background-color:#ffffff\"><span style=\"font-size:16px !important\"><span style=\"font-family:Merriweather,serif !important\"><span style=\"color:#000000 !important\">Bakanl\u0131ktan yap\u0131lan a\u00e7\u0131klamaya g\u00f6re, fuar\u0131 Cumhurba\u015fkan\u0131 Ersin Tatar ile Ba\u015fbakan Yard\u0131mc\u0131s\u0131 Turizm K\u00fclt\u00fcr Gen\u00e7lik ve \u00c7evre Bakan\u0131 Fikri Atao\u011flu ziyaret etti.<\/span><\/span><\/span><\/span><\/span><\/span><\/span><\/p>\n<p style=\"text-align:left\"><span style=\"font-size:16px\"><span style=\"font-family:Merriweather,serif !important\"><span style=\"color:#000000\"><span style=\"background-color:#ffffff\">Fuarda KKTC stand\u0131n\u0131 ziyaret eden T\u00fcrkiye K\u00fclt\u00fcr ve Turizm Bakan\u0131 Mehmet Nuri Ersoy, Tatar ve Atao\u011flu ile bir araya geldi.&nbsp;<\/span><\/span><\/span><\/span><\/p>\n<p style=\"text-align:left\"><span style=\"font-size:16px\"><span style=\"font-family:Merriweather,serif !important\"><span style=\"color:#000000\"><span style=\"background-color:#ffffff\"><span style=\"font-size:16px !important\"><span style=\"font-family:Merriweather,serif !important\"><span style=\"color:#000000 !important\">Fuarla ilgili Bakanl\u0131k a\u00e7\u0131klamas\u0131nda&nbsp; \u201cBeklentimiz s\u00fcrd\u00fcr\u00fclebilir turizm yakla\u015f\u0131m\u0131 ile hareket eden \u00fclkemizde 2024 y\u0131l\u0131na kadar, uluslararas\u0131 pazarda turist say\u0131s\u0131 ve turizm geliri bak\u0131m\u0131ndan bilinirli\u011fimizi art\u0131rarak gelirler ve turist say\u0131s\u0131 a\u00e7\u0131s\u0131ndan 2019 seviyesini yakalamak. D\u00fcnya turizmi a\u00e7\u0131s\u0131ndan da beklentimiz toparlanmaya ba\u015flayan sekt\u00f6r\u00fcn 2024\u2019den itibaren g\u00f6zle g\u00f6r\u00fcl\u00fcr bir ivme kazanmas\u0131d\u0131r\u201d ifadelerine yer verildi.<\/span><\/span><\/span><\/span><\/span><\/span><\/span><\/p>\n<p style=\"text-align:left\"><span style=\"font-size:16px\"><span style=\"font-family:Merriweather,serif !important\"><span style=\"color:#000000\"><span style=\"background-color:#ffffff\"><span style=\"font-size:16px !important\"><span style=\"font-family:Merriweather,serif !important\"><span style=\"color:#000000 !important\">A\u00e7\u0131klamada, Almanya\u2019n\u0131n Berlin \u015fehrinde d\u00fczenlenen ve en b\u00fcy\u00fck uluslararas\u0131 turizm ve ticaret fuar\u0131 olan ITB Berlin Fuar\u0131&#8217;n\u0131n, turizm ve seyahat sekt\u00f6rlerindeki kat\u0131l\u0131mc\u0131 ve ziyaret\u00e7ileri bir araya getirdi\u011fi, ihtiya\u00e7 duyulan hizmet alanlar\u0131n\u0131 sundu\u011fu ve ana geli\u015fim trendlerini g\u00f6sterdi\u011fi belirtildi.<\/span><\/span><\/span><\/span><\/span><\/span><\/span><\/p>\n<p style=\"text-align:left\"><span style=\"font-size:16px\"><span style=\"font-family:Merriweather,serif !important\"><span style=\"color:#000000\"><span style=\"background-color:#ffffff\"><span style=\"font-size:16px !important\"><span style=\"font-family:Merriweather,serif !important\"><span style=\"color:#000000 !important\">Fuarda, oteller, turizm meslek \u00f6rg\u00fctleri, tur operat\u00f6rleri, sistem sa\u011flay\u0131c\u0131lar\u0131,&nbsp; hava yolu \u015firketleri ve ara\u00e7 kiralama \u015firketlerinin yer ald\u0131\u011f\u0131 kongre merkezleri, seyahat acenteleri, bilgi ve ileti\u015fim teknolojileri, uluslararas\u0131 turistik dernekler, belediye m\u00fchendisli\u011fi, hizmetler, turizm, turizm dan\u0131\u015fma b\u00fcrosu gibi \u00fcr\u00fcnler sergilendi\u011fi kaydedildi.<\/span><\/span><\/span><\/span><\/span><\/span><\/span><\/p>\n<p style=\"text-align:left\"><span style=\"font-size:16px\"><span style=\"font-family:Merriweather,serif !important\"><span style=\"color:#000000\"><span style=\"background-color:#ffffff\"><span style=\"font-size:16px !important\"><span style=\"font-family:Merriweather,serif !important\"><span style=\"color:#000000 !important\">Bakanl\u0131k a\u00e7\u0131klamas\u0131nda, ITB Berlin Fuar\u0131&#8217;yla Kuzey K\u0131br\u0131s\u2019\u0131n turistik olanaklar\u0131n\u0131 tan\u0131tma, d\u00fcnya turizm sekt\u00f6r\u00fc ile ili\u015fkileri daha da g\u00fc\u00e7lendirme ve d\u00fcnyadan daha fazla nitelikli turist taraf\u0131ndan tercih edilmesini sa\u011flaman\u0131n ama\u00e7land\u0131\u011f\u0131 ifade edildi.<\/span><\/span><\/span><\/span><\/span><\/span><\/span><\/p>\n<p style=\"text-align:left\"><span style=\"font-size:16px\"><span style=\"font-family:Merriweather,serif !important\"><span style=\"color:#000000\"><span style=\"background-color:#ffffff\"><span style=\"font-size:16px !important\"><span style=\"font-family:Merriweather,serif !important\"><span style=\"color:#000000 !important\">KKTC stand\u0131nda sekt\u00f6r\u00fcn yetkili birlikleri, acenteler, oteller, rehberler, sa\u011fl\u0131k turizmi temsilcileri, restoranc\u0131lar ve di\u011fer ilgililerin yer ald\u0131\u011f\u0131 belirtilen a\u00e7\u0131klamada, \u00fclkeyi global d\u00fcnyadan uzakla\u015ft\u0131ran ambargolar\u0131 a\u015fmak ad\u0131na dijital medya, d\u00fcnyan\u0131n yaz\u0131l\u0131 ve g\u00f6rsel medya olanaklar\u0131ndan faydalanmak ve turizmde temel problem olan ula\u015f\u0131m sorununa \u00e7\u00f6z\u00fcm \u00fcretmek i\u00e7in alternatif ula\u015f\u0131m tedarik\u00e7ileri ile ileti\u015fim sa\u011flayabilme imkan\u0131ndan daha fazla yararlanma hedefinin ortaya kondu\u011fu kaydedildi.<\/span><\/span><\/span><\/span><\/span><\/span><\/span><\/p>\n<p style=\"text-align:left\"><span style=\"font-size:16px\"><span style=\"font-family:Merriweather,serif !important\"><span style=\"color:#000000\"><span style=\"background-color:#ffffff\"><span style=\"font-size:16px !important\"><span style=\"font-family:Merriweather,serif !important\"><span style=\"color:#000000 !important\">Bakanl\u0131k a\u00e7\u0131klamas\u0131nda, \u201cUzun y\u0131llard\u0131r Kuzey K\u0131br\u0131s T\u00fcrk Cumhuriyeti ad\u0131na Kuzey K\u0131br\u0131s markas\u0131 ile kat\u0131ld\u0131\u011f\u0131m\u0131z ITB Berlin Kuzey K\u0131br\u0131s\u2019taki turizm profesyonellerini d\u00fcnyan\u0131n d\u00f6rt bir yan\u0131ndan gelen mevkida\u015flar\u0131yla bir araya getirme f\u0131rsat\u0131 buldu\u011fumuz \u00f6nemli bir uluslararas\u0131 organizasyon. Bu organizasyondan beklentimiz stand\u0131m\u0131zdaki kat\u0131l\u0131mc\u0131lar\u0131n 2024\u2019e y\u00f6nelik yeni i\u015f birli\u011fi olanaklar\u0131 yakalayabilmesi ayr\u0131ca ger\u00e7ekle\u015fecek toplant\u0131lar ve seminerlerde sekt\u00f6rdeki yenilikler, geli\u015fmeler ile de\u011fi\u015fimlerden haberdar olmalar\u0131d\u0131r\u201d denildi.<\/span><\/span><\/span><\/span><\/span><\/span><\/span><\/p>\n<p style=\"text-align:left\"><span style=\"font-size:16px\"><span style=\"font-family:Merriweather,serif !important\"><span style=\"color:#000000\"><span style=\"background-color:#ffffff\"><span style=\"font-size:16px !important\"><span style=\"font-family:Merriweather,serif !important\"><span style=\"color:#000000 !important\">Kuzey K\u0131br\u0131s i\u00e7in turizm sekt\u00f6r\u00fcn\u00fcn toparlanma s\u00fcrecinde oldu\u011fu, olumlu y\u00f6nde ilerlendi\u011fi belirtilen a\u00e7\u0131klamada, \u201cBeklentimiz s\u00fcrd\u00fcr\u00fclebilir turizm yakla\u015f\u0131m\u0131 ile hareket eden \u00fclkemizde 2024 y\u0131l\u0131na kadar, uluslararas\u0131 pazarda turist say\u0131s\u0131 ve turizm geliri bak\u0131m\u0131ndan bilinirli\u011fimizi art\u0131rarak gelirler ve turist say\u0131s\u0131 a\u00e7\u0131s\u0131ndan 2019 seviyesini yakalamak. D\u00fcnya turizmi a\u00e7\u0131s\u0131ndan da beklentimiz toparlanmaya ba\u015flayan sekt\u00f6r\u00fcn 2024\u2019ten itibaren g\u00f6zle g\u00f6r\u00fcl\u00fcr bir ivme kazanmas\u0131d\u0131r\u201d ifadelerine yer verildi.<\/span><\/span><\/span><\/span><\/span><\/span><\/span><\/p>\n","protected":false},"excerpt":{"rendered":"<p>Bakanl\u0131ktan yap\u0131lan a\u00e7\u0131klamaya g\u00f6re, fuar\u0131 Cumhurba\u015fkan\u0131 Ersin Tatar ile Ba\u015fbakan Yard\u0131mc\u0131s\u0131 Turizm K\u00fclt\u00fcr Gen\u00e7lik ve \u00c7evre Bakan\u0131 Fikri Atao\u011flu ziyaret etti. Fuarda KKTC stand\u0131n\u0131 ziyaret eden T\u00fcrkiye K\u00fclt\u00fcr ve Turizm Bakan\u0131 Mehmet Nuri Ersoy, Tatar ve Atao\u011flu ile bir araya geldi.&nbsp; Fuarla ilgili Bakanl\u0131k a\u00e7\u0131klamas\u0131nda&nbsp; \u201cBeklentimiz s\u00fcrd\u00fcr\u00fclebilir turizm yakla\u015f\u0131m\u0131 ile hareket eden \u00fclkemizde 2024 y\u0131l\u0131na<\/p>\n","protected":false},"author":1,"featured_media":32572,"comment_status":"open","ping_status":"open","sticky":false,"template":"","format":"standard","meta":{"footnotes":""},"categories":[79],"tags":[],"class_list":["post-32571","post","type-post","status-publish","format-standard","has-post-thumbnail","hentry","category-ekonomi"],"yoast_head":"<!-- This site is optimized with the Yoast SEO plugin v27.5 - https:\/\/yoast.com\/product\/yoast-seo-wordpress\/ -->\n<title>KKTC, ITB Berlin Turizm Fuar\u0131\u2019nda temsil ediliyor -<\/title>\n<meta name=\"robots\" content=\"index, follow, max-snippet:-1, max-image-preview:large, max-video-preview:-1\" \/>\n<link rel=\"canonical\" href=\"https:\/\/kibrisdakik.com\/?p=32571\" \/>\n<meta property=\"og:locale\" content=\"tr_TR\" \/>\n<meta property=\"og:type\" content=\"article\" \/>\n<meta property=\"og:title\" content=\"KKTC, ITB Berlin Turizm Fuar\u0131\u2019nda temsil ediliyor -\" \/>\n<meta property=\"og:description\" content=\"Bakanl\u0131ktan yap\u0131lan a\u00e7\u0131klamaya g\u00f6re, fuar\u0131 Cumhurba\u015fkan\u0131 Ersin Tatar ile Ba\u015fbakan Yard\u0131mc\u0131s\u0131 Turizm K\u00fclt\u00fcr Gen\u00e7lik ve \u00c7evre Bakan\u0131 Fikri Atao\u011flu ziyaret etti. Fuarda KKTC stand\u0131n\u0131 ziyaret eden T\u00fcrkiye K\u00fclt\u00fcr ve Turizm Bakan\u0131 Mehmet Nuri Ersoy, Tatar ve Atao\u011flu ile bir araya geldi.&nbsp; Fuarla ilgili Bakanl\u0131k a\u00e7\u0131klamas\u0131nda&nbsp; \u201cBeklentimiz s\u00fcrd\u00fcr\u00fclebilir turizm yakla\u015f\u0131m\u0131 ile hareket eden \u00fclkemizde 2024 y\u0131l\u0131na\" \/>\n<meta property=\"og:url\" content=\"https:\/\/kibrisdakik.com\/?p=32571\" \/>\n<meta property=\"article:published_time\" content=\"2024-03-05T18:04:59+00:00\" \/>\n<meta property=\"og:image\" content=\"https:\/\/kibrisdakik.com\/wp-content\/uploads\/2024\/03\/kktc-itb-berlin-turizm-fuarinda-temsil-ediliyor-1709659710.webp.webp\" \/>\n\t<meta property=\"og:image:width\" content=\"710\" \/>\n\t<meta property=\"og:image:height\" content=\"370\" \/>\n\t<meta property=\"og:image:type\" content=\"image\/webp\" \/>\n<meta name=\"author\" content=\"admin\" \/>\n<meta name=\"twitter:card\" content=\"summary_large_image\" \/>\n<meta name=\"twitter:label1\" content=\"Yazan:\" \/>\n\t<meta name=\"twitter:data1\" content=\"admin\" \/>\n\t<meta name=\"twitter:label2\" content=\"Tahmini okuma s\u00fcresi\" \/>\n\t<meta name=\"twitter:data2\" content=\"3 dakika\" \/>\n<script type=\"application\/ld+json\" class=\"yoast-schema-graph\">{\"@context\":\"https:\\\/\\\/schema.org\",\"@graph\":[{\"@type\":\"Article\",\"@id\":\"https:\\\/\\\/kibrisdakik.com\\\/?p=32571#article\",\"isPartOf\":{\"@id\":\"https:\\\/\\\/kibrisdakik.com\\\/?p=32571\"},\"author\":{\"name\":\"admin\",\"@id\":\"https:\\\/\\\/kibrisdakik.com\\\/#\\\/schema\\\/person\\\/9cd9d437bbb44f72b73ba127e06d8e79\"},\"headline\":\"KKTC, ITB Berlin Turizm Fuar\u0131\u2019nda temsil ediliyor\",\"datePublished\":\"2024-03-05T18:04:59+00:00\",\"mainEntityOfPage\":{\"@id\":\"https:\\\/\\\/kibrisdakik.com\\\/?p=32571\"},\"wordCount\":588,\"commentCount\":0,\"image\":{\"@id\":\"https:\\\/\\\/kibrisdakik.com\\\/?p=32571#primaryimage\"},\"thumbnailUrl\":\"https:\\\/\\\/kibrisdakik.com\\\/wp-content\\\/uploads\\\/2024\\\/03\\\/kktc-itb-berlin-turizm-fuarinda-temsil-ediliyor-1709659710.webp.webp\",\"articleSection\":[\"Ekonomi\"],\"inLanguage\":\"tr\",\"potentialAction\":[{\"@type\":\"CommentAction\",\"name\":\"Comment\",\"target\":[\"https:\\\/\\\/kibrisdakik.com\\\/?p=32571#respond\"]}]},{\"@type\":\"WebPage\",\"@id\":\"https:\\\/\\\/kibrisdakik.com\\\/?p=32571\",\"url\":\"https:\\\/\\\/kibrisdakik.com\\\/?p=32571\",\"name\":\"KKTC, ITB Berlin Turizm Fuar\u0131\u2019nda temsil ediliyor -\",\"isPartOf\":{\"@id\":\"https:\\\/\\\/kibrisdakik.com\\\/#website\"},\"primaryImageOfPage\":{\"@id\":\"https:\\\/\\\/kibrisdakik.com\\\/?p=32571#primaryimage\"},\"image\":{\"@id\":\"https:\\\/\\\/kibrisdakik.com\\\/?p=32571#primaryimage\"},\"thumbnailUrl\":\"https:\\\/\\\/kibrisdakik.com\\\/wp-content\\\/uploads\\\/2024\\\/03\\\/kktc-itb-berlin-turizm-fuarinda-temsil-ediliyor-1709659710.webp.webp\",\"datePublished\":\"2024-03-05T18:04:59+00:00\",\"author\":{\"@id\":\"https:\\\/\\\/kibrisdakik.com\\\/#\\\/schema\\\/person\\\/9cd9d437bbb44f72b73ba127e06d8e79\"},\"breadcrumb\":{\"@id\":\"https:\\\/\\\/kibrisdakik.com\\\/?p=32571#breadcrumb\"},\"inLanguage\":\"tr\",\"potentialAction\":[{\"@type\":\"ReadAction\",\"target\":[\"https:\\\/\\\/kibrisdakik.com\\\/?p=32571\"]}]},{\"@type\":\"ImageObject\",\"inLanguage\":\"tr\",\"@id\":\"https:\\\/\\\/kibrisdakik.com\\\/?p=32571#primaryimage\",\"url\":\"https:\\\/\\\/kibrisdakik.com\\\/wp-content\\\/uploads\\\/2024\\\/03\\\/kktc-itb-berlin-turizm-fuarinda-temsil-ediliyor-1709659710.webp.webp\",\"contentUrl\":\"https:\\\/\\\/kibrisdakik.com\\\/wp-content\\\/uploads\\\/2024\\\/03\\\/kktc-itb-berlin-turizm-fuarinda-temsil-ediliyor-1709659710.webp.webp\",\"width\":710,\"height\":370},{\"@type\":\"BreadcrumbList\",\"@id\":\"https:\\\/\\\/kibrisdakik.com\\\/?p=32571#breadcrumb\",\"itemListElement\":[{\"@type\":\"ListItem\",\"position\":1,\"name\":\"Home\",\"item\":\"https:\\\/\\\/kibrisdakik.com\\\/\"},{\"@type\":\"ListItem\",\"position\":2,\"name\":\"KKTC, ITB Berlin Turizm Fuar\u0131\u2019nda temsil ediliyor\"}]},{\"@type\":\"WebSite\",\"@id\":\"https:\\\/\\\/kibrisdakik.com\\\/#website\",\"url\":\"https:\\\/\\\/kibrisdakik.com\\\/\",\"name\":\"\",\"description\":\"Tam vaktinde haber\",\"potentialAction\":[{\"@type\":\"SearchAction\",\"target\":{\"@type\":\"EntryPoint\",\"urlTemplate\":\"https:\\\/\\\/kibrisdakik.com\\\/?s={search_term_string}\"},\"query-input\":{\"@type\":\"PropertyValueSpecification\",\"valueRequired\":true,\"valueName\":\"search_term_string\"}}],\"inLanguage\":\"tr\"},{\"@type\":\"Person\",\"@id\":\"https:\\\/\\\/kibrisdakik.com\\\/#\\\/schema\\\/person\\\/9cd9d437bbb44f72b73ba127e06d8e79\",\"name\":\"admin\",\"image\":{\"@type\":\"ImageObject\",\"inLanguage\":\"tr\",\"@id\":\"https:\\\/\\\/secure.gravatar.com\\\/avatar\\\/ccc17943b9d660506c869530f897617f7cb1c21a4bf30023f252596d83e1f007?s=96&d=mm&r=g\",\"url\":\"https:\\\/\\\/secure.gravatar.com\\\/avatar\\\/ccc17943b9d660506c869530f897617f7cb1c21a4bf30023f252596d83e1f007?s=96&d=mm&r=g\",\"contentUrl\":\"https:\\\/\\\/secure.gravatar.com\\\/avatar\\\/ccc17943b9d660506c869530f897617f7cb1c21a4bf30023f252596d83e1f007?s=96&d=mm&r=g\",\"caption\":\"admin\"},\"sameAs\":[\"https:\\\/\\\/kibrisdakik.com\"],\"url\":\"https:\\\/\\\/kibrisdakik.com\\\/?author=1\"}]}<\/script>\n<!-- \/ Yoast SEO plugin. -->","yoast_head_json":{"title":"KKTC, ITB Berlin Turizm Fuar\u0131\u2019nda temsil ediliyor -","robots":{"index":"index","follow":"follow","max-snippet":"max-snippet:-1","max-image-preview":"max-image-preview:large","max-video-preview":"max-video-preview:-1"},"canonical":"https:\/\/kibrisdakik.com\/?p=32571","og_locale":"tr_TR","og_type":"article","og_title":"KKTC, ITB Berlin Turizm Fuar\u0131\u2019nda temsil ediliyor -","og_description":"Bakanl\u0131ktan yap\u0131lan a\u00e7\u0131klamaya g\u00f6re, fuar\u0131 Cumhurba\u015fkan\u0131 Ersin Tatar ile Ba\u015fbakan Yard\u0131mc\u0131s\u0131 Turizm K\u00fclt\u00fcr Gen\u00e7lik ve \u00c7evre Bakan\u0131 Fikri Atao\u011flu ziyaret etti. Fuarda KKTC stand\u0131n\u0131 ziyaret eden T\u00fcrkiye K\u00fclt\u00fcr ve Turizm Bakan\u0131 Mehmet Nuri Ersoy, Tatar ve Atao\u011flu ile bir araya geldi.&nbsp; Fuarla ilgili Bakanl\u0131k a\u00e7\u0131klamas\u0131nda&nbsp; \u201cBeklentimiz s\u00fcrd\u00fcr\u00fclebilir turizm yakla\u015f\u0131m\u0131 ile hareket eden \u00fclkemizde 2024 y\u0131l\u0131na","og_url":"https:\/\/kibrisdakik.com\/?p=32571","article_published_time":"2024-03-05T18:04:59+00:00","og_image":[{"width":710,"height":370,"url":"https:\/\/kibrisdakik.com\/wp-content\/uploads\/2024\/03\/kktc-itb-berlin-turizm-fuarinda-temsil-ediliyor-1709659710.webp.webp","type":"image\/webp"}],"author":"admin","twitter_card":"summary_large_image","twitter_misc":{"Yazan:":"admin","Tahmini okuma s\u00fcresi":"3 dakika"},"schema":{"@context":"https:\/\/schema.org","@graph":[{"@type":"Article","@id":"https:\/\/kibrisdakik.com\/?p=32571#article","isPartOf":{"@id":"https:\/\/kibrisdakik.com\/?p=32571"},"author":{"name":"admin","@id":"https:\/\/kibrisdakik.com\/#\/schema\/person\/9cd9d437bbb44f72b73ba127e06d8e79"},"headline":"KKTC, ITB Berlin Turizm Fuar\u0131\u2019nda temsil ediliyor","datePublished":"2024-03-05T18:04:59+00:00","mainEntityOfPage":{"@id":"https:\/\/kibrisdakik.com\/?p=32571"},"wordCount":588,"commentCount":0,"image":{"@id":"https:\/\/kibrisdakik.com\/?p=32571#primaryimage"},"thumbnailUrl":"https:\/\/kibrisdakik.com\/wp-content\/uploads\/2024\/03\/kktc-itb-berlin-turizm-fuarinda-temsil-ediliyor-1709659710.webp.webp","articleSection":["Ekonomi"],"inLanguage":"tr","potentialAction":[{"@type":"CommentAction","name":"Comment","target":["https:\/\/kibrisdakik.com\/?p=32571#respond"]}]},{"@type":"WebPage","@id":"https:\/\/kibrisdakik.com\/?p=32571","url":"https:\/\/kibrisdakik.com\/?p=32571","name":"KKTC, ITB Berlin Turizm Fuar\u0131\u2019nda temsil ediliyor -","isPartOf":{"@id":"https:\/\/kibrisdakik.com\/#website"},"primaryImageOfPage":{"@id":"https:\/\/kibrisdakik.com\/?p=32571#primaryimage"},"image":{"@id":"https:\/\/kibrisdakik.com\/?p=32571#primaryimage"},"thumbnailUrl":"https:\/\/kibrisdakik.com\/wp-content\/uploads\/2024\/03\/kktc-itb-berlin-turizm-fuarinda-temsil-ediliyor-1709659710.webp.webp","datePublished":"2024-03-05T18:04:59+00:00","author":{"@id":"https:\/\/kibrisdakik.com\/#\/schema\/person\/9cd9d437bbb44f72b73ba127e06d8e79"},"breadcrumb":{"@id":"https:\/\/kibrisdakik.com\/?p=32571#breadcrumb"},"inLanguage":"tr","potentialAction":[{"@type":"ReadAction","target":["https:\/\/kibrisdakik.com\/?p=32571"]}]},{"@type":"ImageObject","inLanguage":"tr","@id":"https:\/\/kibrisdakik.com\/?p=32571#primaryimage","url":"https:\/\/kibrisdakik.com\/wp-content\/uploads\/2024\/03\/kktc-itb-berlin-turizm-fuarinda-temsil-ediliyor-1709659710.webp.webp","contentUrl":"https:\/\/kibrisdakik.com\/wp-content\/uploads\/2024\/03\/kktc-itb-berlin-turizm-fuarinda-temsil-ediliyor-1709659710.webp.webp","width":710,"height":370},{"@type":"BreadcrumbList","@id":"https:\/\/kibrisdakik.com\/?p=32571#breadcrumb","itemListElement":[{"@type":"ListItem","position":1,"name":"Home","item":"https:\/\/kibrisdakik.com\/"},{"@type":"ListItem","position":2,"name":"KKTC, ITB Berlin Turizm Fuar\u0131\u2019nda temsil ediliyor"}]},{"@type":"WebSite","@id":"https:\/\/kibrisdakik.com\/#website","url":"https:\/\/kibrisdakik.com\/","name":"","description":"Tam vaktinde haber","potentialAction":[{"@type":"SearchAction","target":{"@type":"EntryPoint","urlTemplate":"https:\/\/kibrisdakik.com\/?s={search_term_string}"},"query-input":{"@type":"PropertyValueSpecification","valueRequired":true,"valueName":"search_term_string"}}],"inLanguage":"tr"},{"@type":"Person","@id":"https:\/\/kibrisdakik.com\/#\/schema\/person\/9cd9d437bbb44f72b73ba127e06d8e79","name":"admin","image":{"@type":"ImageObject","inLanguage":"tr","@id":"https:\/\/secure.gravatar.com\/avatar\/ccc17943b9d660506c869530f897617f7cb1c21a4bf30023f252596d83e1f007?s=96&d=mm&r=g","url":"https:\/\/secure.gravatar.com\/avatar\/ccc17943b9d660506c869530f897617f7cb1c21a4bf30023f252596d83e1f007?s=96&d=mm&r=g","contentUrl":"https:\/\/secure.gravatar.com\/avatar\/ccc17943b9d660506c869530f897617f7cb1c21a4bf30023f252596d83e1f007?s=96&d=mm&r=g","caption":"admin"},"sameAs":["https:\/\/kibrisdakik.com"],"url":"https:\/\/kibrisdakik.com\/?author=1"}]}},"_links":{"self":[{"href":"https:\/\/kibrisdakik.com\/index.php?rest_route=\/wp\/v2\/posts\/32571","targetHints":{"allow":["GET"]}}],"collection":[{"href":"https:\/\/kibrisdakik.com\/index.php?rest_route=\/wp\/v2\/posts"}],"about":[{"href":"https:\/\/kibrisdakik.com\/index.php?rest_route=\/wp\/v2\/types\/post"}],"author":[{"embeddable":true,"href":"https:\/\/kibrisdakik.com\/index.php?rest_route=\/wp\/v2\/users\/1"}],"replies":[{"embeddable":true,"href":"https:\/\/kibrisdakik.com\/index.php?rest_route=%2Fwp%2Fv2%2Fcomments&post=32571"}],"version-history":[{"count":0,"href":"https:\/\/kibrisdakik.com\/index.php?rest_route=\/wp\/v2\/posts\/32571\/revisions"}],"wp:featuredmedia":[{"embeddable":true,"href":"https:\/\/kibrisdakik.com\/index.php?rest_route=\/wp\/v2\/media\/32572"}],"wp:attachment":[{"href":"https:\/\/kibrisdakik.com\/index.php?rest_route=%2Fwp%2Fv2%2Fmedia&parent=32571"}],"wp:term":[{"taxonomy":"category","embeddable":true,"href":"https:\/\/kibrisdakik.com\/index.php?rest_route=%2Fwp%2Fv2%2Fcategories&post=32571"},{"taxonomy":"post_tag","embeddable":true,"href":"https:\/\/kibrisdakik.com\/index.php?rest_route=%2Fwp%2Fv2%2Ftags&post=32571"}],"curies":[{"name":"wp","href":"https:\/\/api.w.org\/{rel}","templated":true}]}}