{"id":32614,"date":"2024-03-06T02:12:52","date_gmt":"2024-03-06T02:12:52","guid":{"rendered":"https:\/\/kibrisdakik.com\/index.php\/2024\/03\/06\/iskele-belediyesi-13uncu-kultursanat-gunleri-basladi\/"},"modified":"2024-03-06T02:12:52","modified_gmt":"2024-03-06T02:12:52","slug":"iskele-belediyesi-13uncu-kultursanat-gunleri-basladi","status":"publish","type":"post","link":"https:\/\/kibrisdakik.com\/?p=32614","title":{"rendered":"\u0130skele Belediyesi 13\u2019\u00fcnc\u00fc K\u00fclt\u00fcr&amp;Sanat G\u00fcnleri ba\u015flad\u0131"},"content":{"rendered":"<p><img decoding=\"async\" src=\"https:\/\/www.kibristurk.com\/images\/haberler\/2024\/03\/iskele-belediyesi-13uncu-kultursanat-gunleri-basladi-1709648686.webp\" \/><\/p>\n<p>\u0130skele Belediyesi K\u00fclt\u00fcr Evi \u00f6n\u00fcnde d\u00fcn yap\u0131lan a\u00e7\u0131l\u0131\u015f t\u00f6reni ile ba\u015flayan K\u00fclt\u00fcr Sanat G\u00fcnleri 29 Mart\u2019a kadar devam edecek.&nbsp;<\/p>\n<p>&nbsp;<\/p>\n<p>K\u00fclt\u00fcr Sanat G\u00fcnleri\u2019nin ilk etkinli\u011fi \u0130skele Belediye Korosu\u2019nun \u0130skele AKM\u2019de verdi\u011fi K\u0131br\u0131s \u015eark\u0131lar\u0131 ve Zeki M\u00fcren \u015eark\u0131lar\u0131 Konseri oldu.&nbsp;<\/p>\n<p>&nbsp;<\/p>\n<p>\u0130skele Belediyesinden yap\u0131lan a\u00e7\u0131klamaya g\u00f6re, her y\u0131l \u201crenkleri ve k\u00fclt\u00fcrleri \u0130skele\u2019de bulu\u015fturmak\u201d ana temas\u0131yla d\u00fczenlenen \u0130skele Belediyesi K\u00fclt\u00fcr Sanat G\u00fcnleri\u2019nin \u0130skele Belediye Ba\u015fkan\u0131 Hasan Sad\u0131ko\u011flu\u2019nun ev sahipli\u011findeki a\u00e7\u0131l\u0131\u015f\u0131na \u0130skele Belediyesi Meclis \u00fcyeleri&nbsp; yan\u0131 s\u0131ra muhtarlar ile \u0130skele ve b\u00f6lge halk\u0131 kat\u0131ld\u0131.&nbsp;<\/p>\n<p>&nbsp;<\/p>\n<p>\u0130skele Belediyesi K\u00fclt\u00fcr Evi \u00f6n\u00fcnde sayg\u0131 duru\u015fu ve \u0130stiklal Mar\u015f\u0131\u2019n\u0131n okunmas\u0131yla ba\u015flayan t\u00f6rende \u0130skele Belediyesi Halk Danslar\u0131 Toplulu\u011fu ile Karadeniz K\u00fclt\u00fcr Derne\u011fi Kuzeyin Y\u0131ld\u0131zlar\u0131 Horon Ekibi g\u00f6steriler sundu. A\u00e7\u0131l\u0131\u015f konu\u015fmas\u0131n\u0131 ise \u0130skele Belediye Ba\u015fkan\u0131 Hasan Sad\u0131ko\u011flu yapt\u0131.<\/p>\n<p>&nbsp;<\/p>\n<p>&#8211; Sad\u0131ko\u011flu: \u201cSanat ve k\u00fclt\u00fcr, sosyal sorumluluk projelerimizin en ba\u015f\u0131nda\u201d<\/p>\n<p>&nbsp;<\/p>\n<p>Belediye Ba\u015fkan\u0131 Hasan Sad\u0131ko\u011flu, burada yapt\u0131\u011f\u0131 konu\u015fmada, sanat\u0131 ve k\u00fclt\u00fcr\u00fc, sosyal sorumluluk projelerinin en ba\u015f\u0131na yerle\u015ftirmenin yan\u0131 s\u0131ra kendi markas\u0131n\u0131 yaratan \u0130skele\u2019de hep daha iyisini, daha g\u00fczelini ve daha kalitelisini halka sunmay\u0131 g\u00f6rev edindiklerini s\u00f6yledi.<\/p>\n<p>&nbsp;<\/p>\n<p>Belediye Ba\u015fkan\u0131 Sad\u0131ko\u011flu, ulu \u00f6nder Mustafa Kemal Atat\u00fcrk\u2019\u00fcn \u201cSanats\u0131z kalan bir milletin hayat damarlar\u0131ndan biri kopmu\u015f demektir\u201d s\u00f6z\u00fcn\u00fc de ilke edindiklerini belirtti.&nbsp;&nbsp;<\/p>\n<p>&nbsp;<\/p>\n<p>K\u00fclt\u00fcr Sanat G\u00fcnleri&#8217;nin 7\u2019den 70\u2019e herkese hitap edece\u011fini de belirten Sad\u0131ko\u011flu, \u00f6zellikle b\u00f6lge okullar\u0131nda okuyan \u00e7ocuklar\u0131n ve gen\u00e7lerin d\u00fc\u015f\u00fcn\u00fcld\u00fc\u011f\u00fc K\u00fclt\u00fcr Sanat G\u00fcnleri\u2019nde, yeti\u015fkinler i\u00e7in de birbirinden g\u00fczel etkinlikler olaca\u011f\u0131n\u0131n alt\u0131n\u0131 \u00e7izdi.&nbsp; T\u00fcm halk\u0131, kat\u0131l\u0131m\u0131n \u00fccretsiz olaca\u011f\u0131 etkinliklere davet eden Sad\u0131ko\u011flu, K\u00fclt\u00fcr Sanat G\u00fcnleri\u2019nin d\u00fczenlenmesinde eme\u011fi ge\u00e7en personele, K\u00fclt\u00fcr Sanat Komitesi\u2019ne ve Meclis \u00fcyelerine de te\u015fekk\u00fcr etti.&nbsp;<\/p>\n<p>&nbsp;<\/p>\n<p>\u0130skele Belediyesi K\u00fclt\u00fcr Evi \u00f6n\u00fcndeki a\u00e7\u0131l\u0131\u015f t\u00f6reni buhurdanl\u0131\u011f\u0131n yak\u0131lmas\u0131 ile son buldu.&nbsp;<\/p>\n<p>&nbsp;<\/p>\n<p>A\u00e7\u0131l\u0131\u015f\u0131n ard\u0131ndan \u015eef Ziya Ba\u015fkal \u00f6nc\u00fcl\u00fc\u011f\u00fcndeki \u0130skele Belediye Korosu\u2019nun konseri yer ald\u0131.&nbsp;<\/p>\n","protected":false},"excerpt":{"rendered":"<p>\u0130skele Belediyesi K\u00fclt\u00fcr Evi \u00f6n\u00fcnde d\u00fcn yap\u0131lan a\u00e7\u0131l\u0131\u015f t\u00f6reni ile ba\u015flayan K\u00fclt\u00fcr Sanat G\u00fcnleri 29 Mart\u2019a kadar devam edecek.&nbsp; &nbsp; K\u00fclt\u00fcr Sanat G\u00fcnleri\u2019nin ilk etkinli\u011fi \u0130skele Belediye Korosu\u2019nun \u0130skele AKM\u2019de verdi\u011fi K\u0131br\u0131s \u015eark\u0131lar\u0131 ve Zeki M\u00fcren \u015eark\u0131lar\u0131 Konseri oldu.&nbsp; &nbsp; \u0130skele Belediyesinden yap\u0131lan a\u00e7\u0131klamaya g\u00f6re, her y\u0131l \u201crenkleri ve k\u00fclt\u00fcrleri \u0130skele\u2019de bulu\u015fturmak\u201d ana temas\u0131yla d\u00fczenlenen<\/p>\n","protected":false},"author":1,"featured_media":32615,"comment_status":"open","ping_status":"open","sticky":false,"template":"","format":"standard","meta":{"footnotes":""},"categories":[79],"tags":[],"class_list":["post-32614","post","type-post","status-publish","format-standard","has-post-thumbnail","hentry","category-ekonomi"],"yoast_head":"<!-- This site is optimized with the Yoast SEO plugin v27.5 - https:\/\/yoast.com\/product\/yoast-seo-wordpress\/ -->\n<title>\u0130skele Belediyesi 13\u2019\u00fcnc\u00fc K\u00fclt\u00fcr&amp;Sanat G\u00fcnleri ba\u015flad\u0131 -<\/title>\n<meta name=\"robots\" content=\"index, follow, max-snippet:-1, max-image-preview:large, max-video-preview:-1\" \/>\n<link rel=\"canonical\" href=\"https:\/\/kibrisdakik.com\/?p=32614\" \/>\n<meta property=\"og:locale\" content=\"tr_TR\" \/>\n<meta property=\"og:type\" content=\"article\" \/>\n<meta property=\"og:title\" content=\"\u0130skele Belediyesi 13\u2019\u00fcnc\u00fc K\u00fclt\u00fcr&amp;Sanat G\u00fcnleri ba\u015flad\u0131 -\" \/>\n<meta property=\"og:description\" content=\"\u0130skele Belediyesi K\u00fclt\u00fcr Evi \u00f6n\u00fcnde d\u00fcn yap\u0131lan a\u00e7\u0131l\u0131\u015f t\u00f6reni ile ba\u015flayan K\u00fclt\u00fcr Sanat G\u00fcnleri 29 Mart\u2019a kadar devam edecek.&nbsp; &nbsp; K\u00fclt\u00fcr Sanat G\u00fcnleri\u2019nin ilk etkinli\u011fi \u0130skele Belediye Korosu\u2019nun \u0130skele AKM\u2019de verdi\u011fi K\u0131br\u0131s \u015eark\u0131lar\u0131 ve Zeki M\u00fcren \u015eark\u0131lar\u0131 Konseri oldu.&nbsp; &nbsp; \u0130skele Belediyesinden yap\u0131lan a\u00e7\u0131klamaya g\u00f6re, her y\u0131l \u201crenkleri ve k\u00fclt\u00fcrleri \u0130skele\u2019de bulu\u015fturmak\u201d ana temas\u0131yla d\u00fczenlenen\" \/>\n<meta property=\"og:url\" content=\"https:\/\/kibrisdakik.com\/?p=32614\" \/>\n<meta property=\"article:published_time\" content=\"2024-03-06T02:12:52+00:00\" \/>\n<meta property=\"og:image\" content=\"https:\/\/kibrisdakik.com\/wp-content\/uploads\/2024\/03\/iskele-belediyesi-13uncu-kultursanat-gunleri-basladi-1709648686.webp.webp\" \/>\n\t<meta property=\"og:image:width\" content=\"710\" \/>\n\t<meta property=\"og:image:height\" content=\"370\" \/>\n\t<meta property=\"og:image:type\" content=\"image\/webp\" \/>\n<meta name=\"author\" content=\"admin\" \/>\n<meta name=\"twitter:card\" content=\"summary_large_image\" \/>\n<meta name=\"twitter:label1\" content=\"Yazan:\" \/>\n\t<meta name=\"twitter:data1\" content=\"admin\" \/>\n\t<meta name=\"twitter:label2\" content=\"Tahmini okuma s\u00fcresi\" \/>\n\t<meta name=\"twitter:data2\" content=\"2 dakika\" \/>\n<script type=\"application\/ld+json\" class=\"yoast-schema-graph\">{\"@context\":\"https:\\\/\\\/schema.org\",\"@graph\":[{\"@type\":\"Article\",\"@id\":\"https:\\\/\\\/kibrisdakik.com\\\/?p=32614#article\",\"isPartOf\":{\"@id\":\"https:\\\/\\\/kibrisdakik.com\\\/?p=32614\"},\"author\":{\"name\":\"admin\",\"@id\":\"https:\\\/\\\/kibrisdakik.com\\\/#\\\/schema\\\/person\\\/9cd9d437bbb44f72b73ba127e06d8e79\"},\"headline\":\"\u0130skele Belediyesi 13\u2019\u00fcnc\u00fc K\u00fclt\u00fcr&amp;Sanat G\u00fcnleri ba\u015flad\u0131\",\"datePublished\":\"2024-03-06T02:12:52+00:00\",\"mainEntityOfPage\":{\"@id\":\"https:\\\/\\\/kibrisdakik.com\\\/?p=32614\"},\"wordCount\":446,\"commentCount\":0,\"image\":{\"@id\":\"https:\\\/\\\/kibrisdakik.com\\\/?p=32614#primaryimage\"},\"thumbnailUrl\":\"https:\\\/\\\/kibrisdakik.com\\\/wp-content\\\/uploads\\\/2024\\\/03\\\/iskele-belediyesi-13uncu-kultursanat-gunleri-basladi-1709648686.webp.webp\",\"articleSection\":[\"Ekonomi\"],\"inLanguage\":\"tr\",\"potentialAction\":[{\"@type\":\"CommentAction\",\"name\":\"Comment\",\"target\":[\"https:\\\/\\\/kibrisdakik.com\\\/?p=32614#respond\"]}]},{\"@type\":\"WebPage\",\"@id\":\"https:\\\/\\\/kibrisdakik.com\\\/?p=32614\",\"url\":\"https:\\\/\\\/kibrisdakik.com\\\/?p=32614\",\"name\":\"\u0130skele Belediyesi 13\u2019\u00fcnc\u00fc K\u00fclt\u00fcr&amp;Sanat G\u00fcnleri ba\u015flad\u0131 -\",\"isPartOf\":{\"@id\":\"https:\\\/\\\/kibrisdakik.com\\\/#website\"},\"primaryImageOfPage\":{\"@id\":\"https:\\\/\\\/kibrisdakik.com\\\/?p=32614#primaryimage\"},\"image\":{\"@id\":\"https:\\\/\\\/kibrisdakik.com\\\/?p=32614#primaryimage\"},\"thumbnailUrl\":\"https:\\\/\\\/kibrisdakik.com\\\/wp-content\\\/uploads\\\/2024\\\/03\\\/iskele-belediyesi-13uncu-kultursanat-gunleri-basladi-1709648686.webp.webp\",\"datePublished\":\"2024-03-06T02:12:52+00:00\",\"author\":{\"@id\":\"https:\\\/\\\/kibrisdakik.com\\\/#\\\/schema\\\/person\\\/9cd9d437bbb44f72b73ba127e06d8e79\"},\"breadcrumb\":{\"@id\":\"https:\\\/\\\/kibrisdakik.com\\\/?p=32614#breadcrumb\"},\"inLanguage\":\"tr\",\"potentialAction\":[{\"@type\":\"ReadAction\",\"target\":[\"https:\\\/\\\/kibrisdakik.com\\\/?p=32614\"]}]},{\"@type\":\"ImageObject\",\"inLanguage\":\"tr\",\"@id\":\"https:\\\/\\\/kibrisdakik.com\\\/?p=32614#primaryimage\",\"url\":\"https:\\\/\\\/kibrisdakik.com\\\/wp-content\\\/uploads\\\/2024\\\/03\\\/iskele-belediyesi-13uncu-kultursanat-gunleri-basladi-1709648686.webp.webp\",\"contentUrl\":\"https:\\\/\\\/kibrisdakik.com\\\/wp-content\\\/uploads\\\/2024\\\/03\\\/iskele-belediyesi-13uncu-kultursanat-gunleri-basladi-1709648686.webp.webp\",\"width\":710,\"height\":370},{\"@type\":\"BreadcrumbList\",\"@id\":\"https:\\\/\\\/kibrisdakik.com\\\/?p=32614#breadcrumb\",\"itemListElement\":[{\"@type\":\"ListItem\",\"position\":1,\"name\":\"Home\",\"item\":\"https:\\\/\\\/kibrisdakik.com\\\/\"},{\"@type\":\"ListItem\",\"position\":2,\"name\":\"\u0130skele Belediyesi 13\u2019\u00fcnc\u00fc K\u00fclt\u00fcr&amp;Sanat G\u00fcnleri ba\u015flad\u0131\"}]},{\"@type\":\"WebSite\",\"@id\":\"https:\\\/\\\/kibrisdakik.com\\\/#website\",\"url\":\"https:\\\/\\\/kibrisdakik.com\\\/\",\"name\":\"\",\"description\":\"Tam vaktinde haber\",\"potentialAction\":[{\"@type\":\"SearchAction\",\"target\":{\"@type\":\"EntryPoint\",\"urlTemplate\":\"https:\\\/\\\/kibrisdakik.com\\\/?s={search_term_string}\"},\"query-input\":{\"@type\":\"PropertyValueSpecification\",\"valueRequired\":true,\"valueName\":\"search_term_string\"}}],\"inLanguage\":\"tr\"},{\"@type\":\"Person\",\"@id\":\"https:\\\/\\\/kibrisdakik.com\\\/#\\\/schema\\\/person\\\/9cd9d437bbb44f72b73ba127e06d8e79\",\"name\":\"admin\",\"image\":{\"@type\":\"ImageObject\",\"inLanguage\":\"tr\",\"@id\":\"https:\\\/\\\/secure.gravatar.com\\\/avatar\\\/ccc17943b9d660506c869530f897617f7cb1c21a4bf30023f252596d83e1f007?s=96&d=mm&r=g\",\"url\":\"https:\\\/\\\/secure.gravatar.com\\\/avatar\\\/ccc17943b9d660506c869530f897617f7cb1c21a4bf30023f252596d83e1f007?s=96&d=mm&r=g\",\"contentUrl\":\"https:\\\/\\\/secure.gravatar.com\\\/avatar\\\/ccc17943b9d660506c869530f897617f7cb1c21a4bf30023f252596d83e1f007?s=96&d=mm&r=g\",\"caption\":\"admin\"},\"sameAs\":[\"https:\\\/\\\/kibrisdakik.com\"],\"url\":\"https:\\\/\\\/kibrisdakik.com\\\/?author=1\"}]}<\/script>\n<!-- \/ Yoast SEO plugin. -->","yoast_head_json":{"title":"\u0130skele Belediyesi 13\u2019\u00fcnc\u00fc K\u00fclt\u00fcr&amp;Sanat G\u00fcnleri ba\u015flad\u0131 -","robots":{"index":"index","follow":"follow","max-snippet":"max-snippet:-1","max-image-preview":"max-image-preview:large","max-video-preview":"max-video-preview:-1"},"canonical":"https:\/\/kibrisdakik.com\/?p=32614","og_locale":"tr_TR","og_type":"article","og_title":"\u0130skele Belediyesi 13\u2019\u00fcnc\u00fc K\u00fclt\u00fcr&amp;Sanat G\u00fcnleri ba\u015flad\u0131 -","og_description":"\u0130skele Belediyesi K\u00fclt\u00fcr Evi \u00f6n\u00fcnde d\u00fcn yap\u0131lan a\u00e7\u0131l\u0131\u015f t\u00f6reni ile ba\u015flayan K\u00fclt\u00fcr Sanat G\u00fcnleri 29 Mart\u2019a kadar devam edecek.&nbsp; &nbsp; K\u00fclt\u00fcr Sanat G\u00fcnleri\u2019nin ilk etkinli\u011fi \u0130skele Belediye Korosu\u2019nun \u0130skele AKM\u2019de verdi\u011fi K\u0131br\u0131s \u015eark\u0131lar\u0131 ve Zeki M\u00fcren \u015eark\u0131lar\u0131 Konseri oldu.&nbsp; &nbsp; \u0130skele Belediyesinden yap\u0131lan a\u00e7\u0131klamaya g\u00f6re, her y\u0131l \u201crenkleri ve k\u00fclt\u00fcrleri \u0130skele\u2019de bulu\u015fturmak\u201d ana temas\u0131yla d\u00fczenlenen","og_url":"https:\/\/kibrisdakik.com\/?p=32614","article_published_time":"2024-03-06T02:12:52+00:00","og_image":[{"width":710,"height":370,"url":"https:\/\/kibrisdakik.com\/wp-content\/uploads\/2024\/03\/iskele-belediyesi-13uncu-kultursanat-gunleri-basladi-1709648686.webp.webp","type":"image\/webp"}],"author":"admin","twitter_card":"summary_large_image","twitter_misc":{"Yazan:":"admin","Tahmini okuma s\u00fcresi":"2 dakika"},"schema":{"@context":"https:\/\/schema.org","@graph":[{"@type":"Article","@id":"https:\/\/kibrisdakik.com\/?p=32614#article","isPartOf":{"@id":"https:\/\/kibrisdakik.com\/?p=32614"},"author":{"name":"admin","@id":"https:\/\/kibrisdakik.com\/#\/schema\/person\/9cd9d437bbb44f72b73ba127e06d8e79"},"headline":"\u0130skele Belediyesi 13\u2019\u00fcnc\u00fc K\u00fclt\u00fcr&amp;Sanat G\u00fcnleri ba\u015flad\u0131","datePublished":"2024-03-06T02:12:52+00:00","mainEntityOfPage":{"@id":"https:\/\/kibrisdakik.com\/?p=32614"},"wordCount":446,"commentCount":0,"image":{"@id":"https:\/\/kibrisdakik.com\/?p=32614#primaryimage"},"thumbnailUrl":"https:\/\/kibrisdakik.com\/wp-content\/uploads\/2024\/03\/iskele-belediyesi-13uncu-kultursanat-gunleri-basladi-1709648686.webp.webp","articleSection":["Ekonomi"],"inLanguage":"tr","potentialAction":[{"@type":"CommentAction","name":"Comment","target":["https:\/\/kibrisdakik.com\/?p=32614#respond"]}]},{"@type":"WebPage","@id":"https:\/\/kibrisdakik.com\/?p=32614","url":"https:\/\/kibrisdakik.com\/?p=32614","name":"\u0130skele Belediyesi 13\u2019\u00fcnc\u00fc K\u00fclt\u00fcr&amp;Sanat G\u00fcnleri ba\u015flad\u0131 -","isPartOf":{"@id":"https:\/\/kibrisdakik.com\/#website"},"primaryImageOfPage":{"@id":"https:\/\/kibrisdakik.com\/?p=32614#primaryimage"},"image":{"@id":"https:\/\/kibrisdakik.com\/?p=32614#primaryimage"},"thumbnailUrl":"https:\/\/kibrisdakik.com\/wp-content\/uploads\/2024\/03\/iskele-belediyesi-13uncu-kultursanat-gunleri-basladi-1709648686.webp.webp","datePublished":"2024-03-06T02:12:52+00:00","author":{"@id":"https:\/\/kibrisdakik.com\/#\/schema\/person\/9cd9d437bbb44f72b73ba127e06d8e79"},"breadcrumb":{"@id":"https:\/\/kibrisdakik.com\/?p=32614#breadcrumb"},"inLanguage":"tr","potentialAction":[{"@type":"ReadAction","target":["https:\/\/kibrisdakik.com\/?p=32614"]}]},{"@type":"ImageObject","inLanguage":"tr","@id":"https:\/\/kibrisdakik.com\/?p=32614#primaryimage","url":"https:\/\/kibrisdakik.com\/wp-content\/uploads\/2024\/03\/iskele-belediyesi-13uncu-kultursanat-gunleri-basladi-1709648686.webp.webp","contentUrl":"https:\/\/kibrisdakik.com\/wp-content\/uploads\/2024\/03\/iskele-belediyesi-13uncu-kultursanat-gunleri-basladi-1709648686.webp.webp","width":710,"height":370},{"@type":"BreadcrumbList","@id":"https:\/\/kibrisdakik.com\/?p=32614#breadcrumb","itemListElement":[{"@type":"ListItem","position":1,"name":"Home","item":"https:\/\/kibrisdakik.com\/"},{"@type":"ListItem","position":2,"name":"\u0130skele Belediyesi 13\u2019\u00fcnc\u00fc K\u00fclt\u00fcr&amp;Sanat G\u00fcnleri ba\u015flad\u0131"}]},{"@type":"WebSite","@id":"https:\/\/kibrisdakik.com\/#website","url":"https:\/\/kibrisdakik.com\/","name":"","description":"Tam vaktinde haber","potentialAction":[{"@type":"SearchAction","target":{"@type":"EntryPoint","urlTemplate":"https:\/\/kibrisdakik.com\/?s={search_term_string}"},"query-input":{"@type":"PropertyValueSpecification","valueRequired":true,"valueName":"search_term_string"}}],"inLanguage":"tr"},{"@type":"Person","@id":"https:\/\/kibrisdakik.com\/#\/schema\/person\/9cd9d437bbb44f72b73ba127e06d8e79","name":"admin","image":{"@type":"ImageObject","inLanguage":"tr","@id":"https:\/\/secure.gravatar.com\/avatar\/ccc17943b9d660506c869530f897617f7cb1c21a4bf30023f252596d83e1f007?s=96&d=mm&r=g","url":"https:\/\/secure.gravatar.com\/avatar\/ccc17943b9d660506c869530f897617f7cb1c21a4bf30023f252596d83e1f007?s=96&d=mm&r=g","contentUrl":"https:\/\/secure.gravatar.com\/avatar\/ccc17943b9d660506c869530f897617f7cb1c21a4bf30023f252596d83e1f007?s=96&d=mm&r=g","caption":"admin"},"sameAs":["https:\/\/kibrisdakik.com"],"url":"https:\/\/kibrisdakik.com\/?author=1"}]}},"_links":{"self":[{"href":"https:\/\/kibrisdakik.com\/index.php?rest_route=\/wp\/v2\/posts\/32614","targetHints":{"allow":["GET"]}}],"collection":[{"href":"https:\/\/kibrisdakik.com\/index.php?rest_route=\/wp\/v2\/posts"}],"about":[{"href":"https:\/\/kibrisdakik.com\/index.php?rest_route=\/wp\/v2\/types\/post"}],"author":[{"embeddable":true,"href":"https:\/\/kibrisdakik.com\/index.php?rest_route=\/wp\/v2\/users\/1"}],"replies":[{"embeddable":true,"href":"https:\/\/kibrisdakik.com\/index.php?rest_route=%2Fwp%2Fv2%2Fcomments&post=32614"}],"version-history":[{"count":0,"href":"https:\/\/kibrisdakik.com\/index.php?rest_route=\/wp\/v2\/posts\/32614\/revisions"}],"wp:featuredmedia":[{"embeddable":true,"href":"https:\/\/kibrisdakik.com\/index.php?rest_route=\/wp\/v2\/media\/32615"}],"wp:attachment":[{"href":"https:\/\/kibrisdakik.com\/index.php?rest_route=%2Fwp%2Fv2%2Fmedia&parent=32614"}],"wp:term":[{"taxonomy":"category","embeddable":true,"href":"https:\/\/kibrisdakik.com\/index.php?rest_route=%2Fwp%2Fv2%2Fcategories&post=32614"},{"taxonomy":"post_tag","embeddable":true,"href":"https:\/\/kibrisdakik.com\/index.php?rest_route=%2Fwp%2Fv2%2Ftags&post=32614"}],"curies":[{"name":"wp","href":"https:\/\/api.w.org\/{rel}","templated":true}]}}