{"id":32622,"date":"2024-03-05T13:59:00","date_gmt":"2024-03-05T13:59:00","guid":{"rendered":"https:\/\/kibrisdakik.com\/index.php\/2024\/03\/05\/erhurman-yenibogazicinde-vurguladi-2024-yili-erken-secim-yili-olmali\/"},"modified":"2024-03-05T13:59:00","modified_gmt":"2024-03-05T13:59:00","slug":"erhurman-yenibogazicinde-vurguladi-2024-yili-erken-secim-yili-olmali","status":"publish","type":"post","link":"https:\/\/kibrisdakik.com\/?p=32622","title":{"rendered":"Erh\u00fcrman, Yenibo\u011fazi\u00e7i\u2019nde vurgulad\u0131: \u201c2024 y\u0131l\u0131 erken se\u00e7im y\u0131l\u0131 olmal\u0131\u201d"},"content":{"rendered":"<p><img decoding=\"async\" src=\"https:\/\/www.kibristurk.com\/images\/haberler\/2024\/03\/erhurman-yenibogazicinde-vurguladi-2024-yili-erken-secim-yili-olmali-1709647271.webp\" \/><\/p>\n<p>\u00dclkenin ayn\u0131 anda bir\u00e7ok sekt\u00f6rde krize yuvarland\u0131\u011f\u0131n\u0131 savunan ve bu krizlerin halka daha fazla zarar vermemesi i\u00e7in m\u00fccadele ettiklerini belirten Erh\u00fcrman, \u201c\u00e7ocuklar\u0131n g\u00f6zlerini g\u00f6\u00e7 yollar\u0131na dikmek zorunda b\u0131rak\u0131ld\u0131\u011f\u0131n\u0131\u201d s\u00f6yledi.&nbsp;<\/p>\n<p>&nbsp;<\/p>\n<p>CTP Yenibo\u011fazi\u00e7i Ocak \u00d6rg\u00fct\u00fc, \u00f6rg\u00fct lokalinde &#8221; Sosyal Bulu\u015fma&#8221; etkinli\u011fi d\u00fczenledi.&nbsp;<\/p>\n<p>&nbsp;<\/p>\n<p>CTP\u2019den yap\u0131lan a\u00e7\u0131klamaya g\u00f6re, partililerin ve yurtta\u015flar\u0131n kat\u0131ld\u0131\u011f\u0131 geceye, CTP Genel Ba\u015fkan\u0131 Erh\u00fcrman, CTP Lefko\u015fa Milletvekili ve \u00d6rg\u00fct Sekreteri \u00dcr\u00fcn Solyal\u0131, CTP Ma\u011fusa milletvekilleri, CTP Ma\u011fusa \u0130l\u00e7e Ba\u015fkan\u0131 Oktay Kayalp, CTP Yenibo\u011fazi\u00e7i Oca\u011f\u0131 \u00d6rg\u00fct Ba\u015fkan\u0131 \u015eemsi Oyuncu ve CTP eski Genel Ba\u015fkan\u0131 ve eski Ba\u015fbakan Ferdi Sabit Soyer kat\u0131ld\u0131.&nbsp;<\/p>\n<p>&nbsp;<\/p>\n<p>Erh\u00fcrman: \u201c\u00dclke olarak son derece karanl\u0131k g\u00fcnlerden ge\u00e7iliyor\u201d<\/p>\n<p>&nbsp;<\/p>\n<p>CTP Genel Ba\u015fkan\u0131 Tufan Erh\u00fcrman Yenibo\u011fazi\u00e7i\u2019ndeki etkinlikte yapt\u0131\u011f\u0131 konu\u015fmada, \u00fclke olarak son derece karanl\u0131k g\u00fcnlerden ge\u00e7ildi\u011fini savundu.&nbsp;<\/p>\n<p>&nbsp;<\/p>\n<p>Sekt\u00f6rlerdeki krizlerin halka zarar vermemesi ad\u0131na verdikleri m\u00fccadelelere de\u011finen Erh\u00fcrman, \u201c\u00fclkenin ayn\u0131 anda yoksulla\u015ft\u0131r\u0131ld\u0131\u011f\u0131n\u0131 ve yokla\u015ft\u0131r\u0131ld\u0131\u011f\u0131n\u0131\u201d s\u00f6yledi, \u00e7ocuklar\u0131n g\u00f6\u00e7e zorland\u0131\u011f\u0131n\u0131 ileri s\u00fcrd\u00fc.&nbsp;<\/p>\n<p>&nbsp;<\/p>\n<p>Erh\u00fcrman, \u201cEuro 34 TL oldu ama KKTC ekonomisi G\u00fcney\u2019e kaymaya ba\u015flad\u0131. Euro 34 TL ama bir\u00e7ok temel t\u00fcketim \u00fcr\u00fcn\u00fc G\u00fcney\u2019de daha ucuz hale geldi\u201d diye konu\u015ftu. Tufan Erh\u00fcrman, \u201cBu, ak\u0131llara durgunluk veren beceriksizlik, basiretsizlik ve \u00f6ng\u00f6r\u00fcs\u00fczl\u00fckt\u00fcr&#8221; ifadelerini kulland\u0131.<\/p>\n<p>&nbsp;<\/p>\n<p>Erh\u00fcrman, 2024 y\u0131l\u0131n\u0131n erken se\u00e7im y\u0131l\u0131 olmas\u0131 gerekti\u011finin alt\u0131n\u0131 \u00e7izdi.&nbsp;<\/p>\n<p>&nbsp;<\/p>\n<p>&#8211; Kayalp: \u201cHedef tek ba\u015f\u0131na iktidar\u201d<\/p>\n<p>&nbsp;<\/p>\n<p>CTP Ma\u011fusa \u0130l\u00e7e Ba\u015fkan\u0131 Oktay Kayalp da etkinlikte yapt\u0131\u011f\u0131 konu\u015fmada, \u00f6ncelikle gecenin d\u00fczenlenmesinde b\u00fcy\u00fck emek veren CTP Yenibo\u011fazi\u00e7i \u00d6rg\u00fct\u00fcne te\u015fekk\u00fcr etti ve amac\u0131n partilileri yan yana getirmek oldu\u011funu s\u00f6yledi.&nbsp;<\/p>\n<p>&nbsp;<\/p>\n<p>Hedeflerinin Partiyi tek ba\u015f\u0131na iktidara ta\u015f\u0131mak oldu\u011funu vurgulayan Kayalp, bunun i\u00e7in de kol kola girerek, hep birlikte \u00e7al\u0131\u015fmaya devam edeceklerini belirtti.&nbsp; Oktay Kayalp, \u201c\u00fclkeye zarar veren bu y\u00f6netimi ortadan kald\u0131raca\u011f\u0131z\u201d dedi.&nbsp;<\/p>\n","protected":false},"excerpt":{"rendered":"<p>\u00dclkenin ayn\u0131 anda bir\u00e7ok sekt\u00f6rde krize yuvarland\u0131\u011f\u0131n\u0131 savunan ve bu krizlerin halka daha fazla zarar vermemesi i\u00e7in m\u00fccadele ettiklerini belirten Erh\u00fcrman, \u201c\u00e7ocuklar\u0131n g\u00f6zlerini g\u00f6\u00e7 yollar\u0131na dikmek zorunda b\u0131rak\u0131ld\u0131\u011f\u0131n\u0131\u201d s\u00f6yledi.&nbsp; &nbsp; CTP Yenibo\u011fazi\u00e7i Ocak \u00d6rg\u00fct\u00fc, \u00f6rg\u00fct lokalinde &#8221; Sosyal Bulu\u015fma&#8221; etkinli\u011fi d\u00fczenledi.&nbsp; &nbsp; CTP\u2019den yap\u0131lan a\u00e7\u0131klamaya g\u00f6re, partililerin ve yurtta\u015flar\u0131n kat\u0131ld\u0131\u011f\u0131 geceye, CTP Genel Ba\u015fkan\u0131 Erh\u00fcrman,<\/p>\n","protected":false},"author":1,"featured_media":32623,"comment_status":"open","ping_status":"open","sticky":false,"template":"","format":"standard","meta":{"footnotes":""},"categories":[1],"tags":[],"class_list":["post-32622","post","type-post","status-publish","format-standard","has-post-thumbnail","hentry","category-gundem"],"yoast_head":"<!-- This site is optimized with the Yoast SEO plugin v27.4 - https:\/\/yoast.com\/product\/yoast-seo-wordpress\/ -->\n<title>Erh\u00fcrman, Yenibo\u011fazi\u00e7i\u2019nde vurgulad\u0131: \u201c2024 y\u0131l\u0131 erken se\u00e7im y\u0131l\u0131 olmal\u0131\u201d -<\/title>\n<meta name=\"robots\" content=\"index, follow, max-snippet:-1, max-image-preview:large, max-video-preview:-1\" \/>\n<link rel=\"canonical\" href=\"https:\/\/kibrisdakik.com\/?p=32622\" \/>\n<meta property=\"og:locale\" content=\"tr_TR\" \/>\n<meta property=\"og:type\" content=\"article\" \/>\n<meta property=\"og:title\" content=\"Erh\u00fcrman, Yenibo\u011fazi\u00e7i\u2019nde vurgulad\u0131: \u201c2024 y\u0131l\u0131 erken se\u00e7im y\u0131l\u0131 olmal\u0131\u201d -\" \/>\n<meta property=\"og:description\" content=\"\u00dclkenin ayn\u0131 anda bir\u00e7ok sekt\u00f6rde krize yuvarland\u0131\u011f\u0131n\u0131 savunan ve bu krizlerin halka daha fazla zarar vermemesi i\u00e7in m\u00fccadele ettiklerini belirten Erh\u00fcrman, \u201c\u00e7ocuklar\u0131n g\u00f6zlerini g\u00f6\u00e7 yollar\u0131na dikmek zorunda b\u0131rak\u0131ld\u0131\u011f\u0131n\u0131\u201d s\u00f6yledi.&nbsp; &nbsp; CTP Yenibo\u011fazi\u00e7i Ocak \u00d6rg\u00fct\u00fc, \u00f6rg\u00fct lokalinde &#8221; Sosyal Bulu\u015fma&#8221; etkinli\u011fi d\u00fczenledi.&nbsp; &nbsp; CTP\u2019den yap\u0131lan a\u00e7\u0131klamaya g\u00f6re, partililerin ve yurtta\u015flar\u0131n kat\u0131ld\u0131\u011f\u0131 geceye, CTP Genel Ba\u015fkan\u0131 Erh\u00fcrman,\" \/>\n<meta property=\"og:url\" content=\"https:\/\/kibrisdakik.com\/?p=32622\" \/>\n<meta property=\"article:published_time\" content=\"2024-03-05T13:59:00+00:00\" \/>\n<meta property=\"og:image\" content=\"https:\/\/kibrisdakik.com\/wp-content\/uploads\/2024\/03\/erhurman-yenibogazicinde-vurguladi-2024-yili-erken-secim-yili-olmali-1709647271.webp.webp\" \/>\n\t<meta property=\"og:image:width\" content=\"710\" \/>\n\t<meta property=\"og:image:height\" content=\"370\" \/>\n\t<meta property=\"og:image:type\" content=\"image\/webp\" \/>\n<meta name=\"author\" content=\"admin\" \/>\n<meta name=\"twitter:card\" content=\"summary_large_image\" \/>\n<meta name=\"twitter:label1\" content=\"Yazan:\" \/>\n\t<meta name=\"twitter:data1\" content=\"admin\" \/>\n\t<meta name=\"twitter:label2\" content=\"Tahmini okuma s\u00fcresi\" \/>\n\t<meta name=\"twitter:data2\" content=\"2 dakika\" \/>\n<script type=\"application\/ld+json\" class=\"yoast-schema-graph\">{\"@context\":\"https:\\\/\\\/schema.org\",\"@graph\":[{\"@type\":\"Article\",\"@id\":\"https:\\\/\\\/kibrisdakik.com\\\/?p=32622#article\",\"isPartOf\":{\"@id\":\"https:\\\/\\\/kibrisdakik.com\\\/?p=32622\"},\"author\":{\"name\":\"admin\",\"@id\":\"https:\\\/\\\/kibrisdakik.com\\\/#\\\/schema\\\/person\\\/9cd9d437bbb44f72b73ba127e06d8e79\"},\"headline\":\"Erh\u00fcrman, Yenibo\u011fazi\u00e7i\u2019nde vurgulad\u0131: \u201c2024 y\u0131l\u0131 erken se\u00e7im y\u0131l\u0131 olmal\u0131\u201d\",\"datePublished\":\"2024-03-05T13:59:00+00:00\",\"mainEntityOfPage\":{\"@id\":\"https:\\\/\\\/kibrisdakik.com\\\/?p=32622\"},\"wordCount\":405,\"commentCount\":0,\"image\":{\"@id\":\"https:\\\/\\\/kibrisdakik.com\\\/?p=32622#primaryimage\"},\"thumbnailUrl\":\"https:\\\/\\\/kibrisdakik.com\\\/wp-content\\\/uploads\\\/2024\\\/03\\\/erhurman-yenibogazicinde-vurguladi-2024-yili-erken-secim-yili-olmali-1709647271.webp.webp\",\"articleSection\":[\"G\u00fcndem\"],\"inLanguage\":\"tr\",\"potentialAction\":[{\"@type\":\"CommentAction\",\"name\":\"Comment\",\"target\":[\"https:\\\/\\\/kibrisdakik.com\\\/?p=32622#respond\"]}]},{\"@type\":\"WebPage\",\"@id\":\"https:\\\/\\\/kibrisdakik.com\\\/?p=32622\",\"url\":\"https:\\\/\\\/kibrisdakik.com\\\/?p=32622\",\"name\":\"Erh\u00fcrman, Yenibo\u011fazi\u00e7i\u2019nde vurgulad\u0131: \u201c2024 y\u0131l\u0131 erken se\u00e7im y\u0131l\u0131 olmal\u0131\u201d -\",\"isPartOf\":{\"@id\":\"https:\\\/\\\/kibrisdakik.com\\\/#website\"},\"primaryImageOfPage\":{\"@id\":\"https:\\\/\\\/kibrisdakik.com\\\/?p=32622#primaryimage\"},\"image\":{\"@id\":\"https:\\\/\\\/kibrisdakik.com\\\/?p=32622#primaryimage\"},\"thumbnailUrl\":\"https:\\\/\\\/kibrisdakik.com\\\/wp-content\\\/uploads\\\/2024\\\/03\\\/erhurman-yenibogazicinde-vurguladi-2024-yili-erken-secim-yili-olmali-1709647271.webp.webp\",\"datePublished\":\"2024-03-05T13:59:00+00:00\",\"author\":{\"@id\":\"https:\\\/\\\/kibrisdakik.com\\\/#\\\/schema\\\/person\\\/9cd9d437bbb44f72b73ba127e06d8e79\"},\"breadcrumb\":{\"@id\":\"https:\\\/\\\/kibrisdakik.com\\\/?p=32622#breadcrumb\"},\"inLanguage\":\"tr\",\"potentialAction\":[{\"@type\":\"ReadAction\",\"target\":[\"https:\\\/\\\/kibrisdakik.com\\\/?p=32622\"]}]},{\"@type\":\"ImageObject\",\"inLanguage\":\"tr\",\"@id\":\"https:\\\/\\\/kibrisdakik.com\\\/?p=32622#primaryimage\",\"url\":\"https:\\\/\\\/kibrisdakik.com\\\/wp-content\\\/uploads\\\/2024\\\/03\\\/erhurman-yenibogazicinde-vurguladi-2024-yili-erken-secim-yili-olmali-1709647271.webp.webp\",\"contentUrl\":\"https:\\\/\\\/kibrisdakik.com\\\/wp-content\\\/uploads\\\/2024\\\/03\\\/erhurman-yenibogazicinde-vurguladi-2024-yili-erken-secim-yili-olmali-1709647271.webp.webp\",\"width\":710,\"height\":370},{\"@type\":\"BreadcrumbList\",\"@id\":\"https:\\\/\\\/kibrisdakik.com\\\/?p=32622#breadcrumb\",\"itemListElement\":[{\"@type\":\"ListItem\",\"position\":1,\"name\":\"Home\",\"item\":\"https:\\\/\\\/kibrisdakik.com\\\/\"},{\"@type\":\"ListItem\",\"position\":2,\"name\":\"Erh\u00fcrman, Yenibo\u011fazi\u00e7i\u2019nde vurgulad\u0131: \u201c2024 y\u0131l\u0131 erken se\u00e7im y\u0131l\u0131 olmal\u0131\u201d\"}]},{\"@type\":\"WebSite\",\"@id\":\"https:\\\/\\\/kibrisdakik.com\\\/#website\",\"url\":\"https:\\\/\\\/kibrisdakik.com\\\/\",\"name\":\"\",\"description\":\"Tam vaktinde haber\",\"potentialAction\":[{\"@type\":\"SearchAction\",\"target\":{\"@type\":\"EntryPoint\",\"urlTemplate\":\"https:\\\/\\\/kibrisdakik.com\\\/?s={search_term_string}\"},\"query-input\":{\"@type\":\"PropertyValueSpecification\",\"valueRequired\":true,\"valueName\":\"search_term_string\"}}],\"inLanguage\":\"tr\"},{\"@type\":\"Person\",\"@id\":\"https:\\\/\\\/kibrisdakik.com\\\/#\\\/schema\\\/person\\\/9cd9d437bbb44f72b73ba127e06d8e79\",\"name\":\"admin\",\"image\":{\"@type\":\"ImageObject\",\"inLanguage\":\"tr\",\"@id\":\"https:\\\/\\\/secure.gravatar.com\\\/avatar\\\/ccc17943b9d660506c869530f897617f7cb1c21a4bf30023f252596d83e1f007?s=96&d=mm&r=g\",\"url\":\"https:\\\/\\\/secure.gravatar.com\\\/avatar\\\/ccc17943b9d660506c869530f897617f7cb1c21a4bf30023f252596d83e1f007?s=96&d=mm&r=g\",\"contentUrl\":\"https:\\\/\\\/secure.gravatar.com\\\/avatar\\\/ccc17943b9d660506c869530f897617f7cb1c21a4bf30023f252596d83e1f007?s=96&d=mm&r=g\",\"caption\":\"admin\"},\"sameAs\":[\"https:\\\/\\\/kibrisdakik.com\"],\"url\":\"https:\\\/\\\/kibrisdakik.com\\\/?author=1\"}]}<\/script>\n<!-- \/ Yoast SEO plugin. -->","yoast_head_json":{"title":"Erh\u00fcrman, Yenibo\u011fazi\u00e7i\u2019nde vurgulad\u0131: \u201c2024 y\u0131l\u0131 erken se\u00e7im y\u0131l\u0131 olmal\u0131\u201d -","robots":{"index":"index","follow":"follow","max-snippet":"max-snippet:-1","max-image-preview":"max-image-preview:large","max-video-preview":"max-video-preview:-1"},"canonical":"https:\/\/kibrisdakik.com\/?p=32622","og_locale":"tr_TR","og_type":"article","og_title":"Erh\u00fcrman, Yenibo\u011fazi\u00e7i\u2019nde vurgulad\u0131: \u201c2024 y\u0131l\u0131 erken se\u00e7im y\u0131l\u0131 olmal\u0131\u201d -","og_description":"\u00dclkenin ayn\u0131 anda bir\u00e7ok sekt\u00f6rde krize yuvarland\u0131\u011f\u0131n\u0131 savunan ve bu krizlerin halka daha fazla zarar vermemesi i\u00e7in m\u00fccadele ettiklerini belirten Erh\u00fcrman, \u201c\u00e7ocuklar\u0131n g\u00f6zlerini g\u00f6\u00e7 yollar\u0131na dikmek zorunda b\u0131rak\u0131ld\u0131\u011f\u0131n\u0131\u201d s\u00f6yledi.&nbsp; &nbsp; CTP Yenibo\u011fazi\u00e7i Ocak \u00d6rg\u00fct\u00fc, \u00f6rg\u00fct lokalinde &#8221; Sosyal Bulu\u015fma&#8221; etkinli\u011fi d\u00fczenledi.&nbsp; &nbsp; CTP\u2019den yap\u0131lan a\u00e7\u0131klamaya g\u00f6re, partililerin ve yurtta\u015flar\u0131n kat\u0131ld\u0131\u011f\u0131 geceye, CTP Genel Ba\u015fkan\u0131 Erh\u00fcrman,","og_url":"https:\/\/kibrisdakik.com\/?p=32622","article_published_time":"2024-03-05T13:59:00+00:00","og_image":[{"width":710,"height":370,"url":"https:\/\/kibrisdakik.com\/wp-content\/uploads\/2024\/03\/erhurman-yenibogazicinde-vurguladi-2024-yili-erken-secim-yili-olmali-1709647271.webp.webp","type":"image\/webp"}],"author":"admin","twitter_card":"summary_large_image","twitter_misc":{"Yazan:":"admin","Tahmini okuma s\u00fcresi":"2 dakika"},"schema":{"@context":"https:\/\/schema.org","@graph":[{"@type":"Article","@id":"https:\/\/kibrisdakik.com\/?p=32622#article","isPartOf":{"@id":"https:\/\/kibrisdakik.com\/?p=32622"},"author":{"name":"admin","@id":"https:\/\/kibrisdakik.com\/#\/schema\/person\/9cd9d437bbb44f72b73ba127e06d8e79"},"headline":"Erh\u00fcrman, Yenibo\u011fazi\u00e7i\u2019nde vurgulad\u0131: \u201c2024 y\u0131l\u0131 erken se\u00e7im y\u0131l\u0131 olmal\u0131\u201d","datePublished":"2024-03-05T13:59:00+00:00","mainEntityOfPage":{"@id":"https:\/\/kibrisdakik.com\/?p=32622"},"wordCount":405,"commentCount":0,"image":{"@id":"https:\/\/kibrisdakik.com\/?p=32622#primaryimage"},"thumbnailUrl":"https:\/\/kibrisdakik.com\/wp-content\/uploads\/2024\/03\/erhurman-yenibogazicinde-vurguladi-2024-yili-erken-secim-yili-olmali-1709647271.webp.webp","articleSection":["G\u00fcndem"],"inLanguage":"tr","potentialAction":[{"@type":"CommentAction","name":"Comment","target":["https:\/\/kibrisdakik.com\/?p=32622#respond"]}]},{"@type":"WebPage","@id":"https:\/\/kibrisdakik.com\/?p=32622","url":"https:\/\/kibrisdakik.com\/?p=32622","name":"Erh\u00fcrman, Yenibo\u011fazi\u00e7i\u2019nde vurgulad\u0131: \u201c2024 y\u0131l\u0131 erken se\u00e7im y\u0131l\u0131 olmal\u0131\u201d -","isPartOf":{"@id":"https:\/\/kibrisdakik.com\/#website"},"primaryImageOfPage":{"@id":"https:\/\/kibrisdakik.com\/?p=32622#primaryimage"},"image":{"@id":"https:\/\/kibrisdakik.com\/?p=32622#primaryimage"},"thumbnailUrl":"https:\/\/kibrisdakik.com\/wp-content\/uploads\/2024\/03\/erhurman-yenibogazicinde-vurguladi-2024-yili-erken-secim-yili-olmali-1709647271.webp.webp","datePublished":"2024-03-05T13:59:00+00:00","author":{"@id":"https:\/\/kibrisdakik.com\/#\/schema\/person\/9cd9d437bbb44f72b73ba127e06d8e79"},"breadcrumb":{"@id":"https:\/\/kibrisdakik.com\/?p=32622#breadcrumb"},"inLanguage":"tr","potentialAction":[{"@type":"ReadAction","target":["https:\/\/kibrisdakik.com\/?p=32622"]}]},{"@type":"ImageObject","inLanguage":"tr","@id":"https:\/\/kibrisdakik.com\/?p=32622#primaryimage","url":"https:\/\/kibrisdakik.com\/wp-content\/uploads\/2024\/03\/erhurman-yenibogazicinde-vurguladi-2024-yili-erken-secim-yili-olmali-1709647271.webp.webp","contentUrl":"https:\/\/kibrisdakik.com\/wp-content\/uploads\/2024\/03\/erhurman-yenibogazicinde-vurguladi-2024-yili-erken-secim-yili-olmali-1709647271.webp.webp","width":710,"height":370},{"@type":"BreadcrumbList","@id":"https:\/\/kibrisdakik.com\/?p=32622#breadcrumb","itemListElement":[{"@type":"ListItem","position":1,"name":"Home","item":"https:\/\/kibrisdakik.com\/"},{"@type":"ListItem","position":2,"name":"Erh\u00fcrman, Yenibo\u011fazi\u00e7i\u2019nde vurgulad\u0131: \u201c2024 y\u0131l\u0131 erken se\u00e7im y\u0131l\u0131 olmal\u0131\u201d"}]},{"@type":"WebSite","@id":"https:\/\/kibrisdakik.com\/#website","url":"https:\/\/kibrisdakik.com\/","name":"","description":"Tam vaktinde haber","potentialAction":[{"@type":"SearchAction","target":{"@type":"EntryPoint","urlTemplate":"https:\/\/kibrisdakik.com\/?s={search_term_string}"},"query-input":{"@type":"PropertyValueSpecification","valueRequired":true,"valueName":"search_term_string"}}],"inLanguage":"tr"},{"@type":"Person","@id":"https:\/\/kibrisdakik.com\/#\/schema\/person\/9cd9d437bbb44f72b73ba127e06d8e79","name":"admin","image":{"@type":"ImageObject","inLanguage":"tr","@id":"https:\/\/secure.gravatar.com\/avatar\/ccc17943b9d660506c869530f897617f7cb1c21a4bf30023f252596d83e1f007?s=96&d=mm&r=g","url":"https:\/\/secure.gravatar.com\/avatar\/ccc17943b9d660506c869530f897617f7cb1c21a4bf30023f252596d83e1f007?s=96&d=mm&r=g","contentUrl":"https:\/\/secure.gravatar.com\/avatar\/ccc17943b9d660506c869530f897617f7cb1c21a4bf30023f252596d83e1f007?s=96&d=mm&r=g","caption":"admin"},"sameAs":["https:\/\/kibrisdakik.com"],"url":"https:\/\/kibrisdakik.com\/?author=1"}]}},"_links":{"self":[{"href":"https:\/\/kibrisdakik.com\/index.php?rest_route=\/wp\/v2\/posts\/32622","targetHints":{"allow":["GET"]}}],"collection":[{"href":"https:\/\/kibrisdakik.com\/index.php?rest_route=\/wp\/v2\/posts"}],"about":[{"href":"https:\/\/kibrisdakik.com\/index.php?rest_route=\/wp\/v2\/types\/post"}],"author":[{"embeddable":true,"href":"https:\/\/kibrisdakik.com\/index.php?rest_route=\/wp\/v2\/users\/1"}],"replies":[{"embeddable":true,"href":"https:\/\/kibrisdakik.com\/index.php?rest_route=%2Fwp%2Fv2%2Fcomments&post=32622"}],"version-history":[{"count":0,"href":"https:\/\/kibrisdakik.com\/index.php?rest_route=\/wp\/v2\/posts\/32622\/revisions"}],"wp:featuredmedia":[{"embeddable":true,"href":"https:\/\/kibrisdakik.com\/index.php?rest_route=\/wp\/v2\/media\/32623"}],"wp:attachment":[{"href":"https:\/\/kibrisdakik.com\/index.php?rest_route=%2Fwp%2Fv2%2Fmedia&parent=32622"}],"wp:term":[{"taxonomy":"category","embeddable":true,"href":"https:\/\/kibrisdakik.com\/index.php?rest_route=%2Fwp%2Fv2%2Fcategories&post=32622"},{"taxonomy":"post_tag","embeddable":true,"href":"https:\/\/kibrisdakik.com\/index.php?rest_route=%2Fwp%2Fv2%2Ftags&post=32622"}],"curies":[{"name":"wp","href":"https:\/\/api.w.org\/{rel}","templated":true}]}}