{"id":32630,"date":"2024-03-06T05:16:01","date_gmt":"2024-03-06T05:16:01","guid":{"rendered":"https:\/\/kibrisdakik.com\/index.php\/2024\/03\/06\/bana-el-kaldiran-eski-esimi-dovdum-ve-bosadim\/"},"modified":"2024-03-06T05:16:01","modified_gmt":"2024-03-06T05:16:01","slug":"bana-el-kaldiran-eski-esimi-dovdum-ve-bosadim","status":"publish","type":"post","link":"https:\/\/kibrisdakik.com\/?p=32630","title":{"rendered":"Bana el kald\u0131ran eski e\u015fimi d\u00f6vd\u00fcm ve bo\u015fad\u0131m"},"content":{"rendered":"<p><img decoding=\"async\" src=\"https:\/\/www.kibristurk.com\/images\/haberler\/2024\/03\/bana-el-kaldiran-eski-esimi-dovdum-ve-bosadim-1709644588.webp\" \/><\/p>\n<p>\u015eark\u0131c\u0131&nbsp;M\u00fc\u015ferref Akay, Haberler.com&#8217;un Youtube kanal\u0131nda izleyiciyle bulu\u015fan Haber Bahane program\u0131nda G\u00f6kay Kalayc\u0131o\u011flu&#8217;nun konu\u011fu oldu. Akay, hayat\u0131nda ya\u015fad\u0131\u011f\u0131 pek olay\u0131 payla\u015ft\u0131. Akay, G\u00f6kay Kalayc\u0131o\u011flu&#8217;nun, &#8220;Hi\u00e7 aldat\u0131ld\u0131n m\u0131?&#8221; sorusuna da cevap vererek, eski e\u015finin kendisine el kald\u0131rmas\u0131 \u00fczerine kocas\u0131n\u0131 d\u00f6vd\u00fc\u011f\u00fcn\u00fc a\u00e7\u0131klad\u0131.<\/p>\n<p>Akay, &#8220;Kar\u015f\u0131mdaki insan bir g\u00fcn meyletti. Ben ona en ba\u015ftan s\u00f6ylemi\u015ftim. \u00c7\u00fcnk\u00fc biz ailede k\u00fcf\u00fcr bilmeyiz,&nbsp;\u015fiddet&nbsp;bilmeyiz. Biz \u00e7ok kaliteli ve huzurlu bir aileydik. Kendisine dedim ki; Bana elini kald\u0131rd\u0131\u011f\u0131n anda seni bo\u015far\u0131m. Bu hep o dedi\u011fimden kaynakl\u0131 geri \u00e7ekiliyordu, fevri bir adamd\u0131. En sonunda art\u0131k nas\u0131l olduysa, bir g\u00fcn \u015fiddet g\u00f6stermeye kalkt\u0131 ama ben bir \u00c7erkez k\u0131z\u0131y\u0131m. \u00d6yle olmaz bak b\u00f6yle olur dedim. Onu yapt\u0131ktan sonra ayr\u0131ld\u0131m zaten, \u00e7ocuklar\u0131m\u0131 ald\u0131m, annemin evine gittim. Ben vurdu\u011fum erke\u011fi tekrar kocam diye koluma tak\u0131p gezer miyim?&#8221; ifadelerini kulland\u0131.<\/p>\n","protected":false},"excerpt":{"rendered":"<p>\u015eark\u0131c\u0131&nbsp;M\u00fc\u015ferref Akay, Haberler.com&#8217;un Youtube kanal\u0131nda izleyiciyle bulu\u015fan Haber Bahane program\u0131nda G\u00f6kay Kalayc\u0131o\u011flu&#8217;nun konu\u011fu oldu. Akay, hayat\u0131nda ya\u015fad\u0131\u011f\u0131 pek olay\u0131 payla\u015ft\u0131. Akay, G\u00f6kay Kalayc\u0131o\u011flu&#8217;nun, &#8220;Hi\u00e7 aldat\u0131ld\u0131n m\u0131?&#8221; sorusuna da cevap vererek, eski e\u015finin kendisine el kald\u0131rmas\u0131 \u00fczerine kocas\u0131n\u0131 d\u00f6vd\u00fc\u011f\u00fcn\u00fc a\u00e7\u0131klad\u0131. Akay, &#8220;Kar\u015f\u0131mdaki insan bir g\u00fcn meyletti. Ben ona en ba\u015ftan s\u00f6ylemi\u015ftim. \u00c7\u00fcnk\u00fc biz ailede k\u00fcf\u00fcr bilmeyiz,&nbsp;\u015fiddet&nbsp;bilmeyiz.<\/p>\n","protected":false},"author":1,"featured_media":32631,"comment_status":"open","ping_status":"open","sticky":false,"template":"","format":"standard","meta":{"footnotes":""},"categories":[79],"tags":[],"class_list":["post-32630","post","type-post","status-publish","format-standard","has-post-thumbnail","hentry","category-ekonomi"],"yoast_head":"<!-- This site is optimized with the Yoast SEO plugin v27.4 - https:\/\/yoast.com\/product\/yoast-seo-wordpress\/ -->\n<title>Bana el kald\u0131ran eski e\u015fimi d\u00f6vd\u00fcm ve bo\u015fad\u0131m -<\/title>\n<meta name=\"robots\" content=\"index, follow, max-snippet:-1, max-image-preview:large, max-video-preview:-1\" \/>\n<link rel=\"canonical\" href=\"https:\/\/kibrisdakik.com\/?p=32630\" \/>\n<meta property=\"og:locale\" content=\"tr_TR\" \/>\n<meta property=\"og:type\" content=\"article\" \/>\n<meta property=\"og:title\" content=\"Bana el kald\u0131ran eski e\u015fimi d\u00f6vd\u00fcm ve bo\u015fad\u0131m -\" \/>\n<meta property=\"og:description\" content=\"\u015eark\u0131c\u0131&nbsp;M\u00fc\u015ferref Akay, Haberler.com&#8217;un Youtube kanal\u0131nda izleyiciyle bulu\u015fan Haber Bahane program\u0131nda G\u00f6kay Kalayc\u0131o\u011flu&#8217;nun konu\u011fu oldu. Akay, hayat\u0131nda ya\u015fad\u0131\u011f\u0131 pek olay\u0131 payla\u015ft\u0131. Akay, G\u00f6kay Kalayc\u0131o\u011flu&#8217;nun, &#8220;Hi\u00e7 aldat\u0131ld\u0131n m\u0131?&#8221; sorusuna da cevap vererek, eski e\u015finin kendisine el kald\u0131rmas\u0131 \u00fczerine kocas\u0131n\u0131 d\u00f6vd\u00fc\u011f\u00fcn\u00fc a\u00e7\u0131klad\u0131. Akay, &#8220;Kar\u015f\u0131mdaki insan bir g\u00fcn meyletti. Ben ona en ba\u015ftan s\u00f6ylemi\u015ftim. \u00c7\u00fcnk\u00fc biz ailede k\u00fcf\u00fcr bilmeyiz,&nbsp;\u015fiddet&nbsp;bilmeyiz.\" \/>\n<meta property=\"og:url\" content=\"https:\/\/kibrisdakik.com\/?p=32630\" \/>\n<meta property=\"article:published_time\" content=\"2024-03-06T05:16:01+00:00\" \/>\n<meta property=\"og:image\" content=\"https:\/\/kibrisdakik.com\/wp-content\/uploads\/2024\/03\/bana-el-kaldiran-eski-esimi-dovdum-ve-bosadim-1709644588.webp.webp\" \/>\n\t<meta property=\"og:image:width\" content=\"710\" \/>\n\t<meta property=\"og:image:height\" content=\"370\" \/>\n\t<meta property=\"og:image:type\" content=\"image\/webp\" \/>\n<meta name=\"author\" content=\"admin\" \/>\n<meta name=\"twitter:card\" content=\"summary_large_image\" \/>\n<meta name=\"twitter:label1\" content=\"Yazan:\" \/>\n\t<meta name=\"twitter:data1\" content=\"admin\" \/>\n\t<meta name=\"twitter:label2\" content=\"Tahmini okuma s\u00fcresi\" \/>\n\t<meta name=\"twitter:data2\" content=\"1 dakika\" \/>\n<script type=\"application\/ld+json\" class=\"yoast-schema-graph\">{\"@context\":\"https:\\\/\\\/schema.org\",\"@graph\":[{\"@type\":\"Article\",\"@id\":\"https:\\\/\\\/kibrisdakik.com\\\/?p=32630#article\",\"isPartOf\":{\"@id\":\"https:\\\/\\\/kibrisdakik.com\\\/?p=32630\"},\"author\":{\"name\":\"admin\",\"@id\":\"https:\\\/\\\/kibrisdakik.com\\\/#\\\/schema\\\/person\\\/9cd9d437bbb44f72b73ba127e06d8e79\"},\"headline\":\"Bana el kald\u0131ran eski e\u015fimi d\u00f6vd\u00fcm ve bo\u015fad\u0131m\",\"datePublished\":\"2024-03-06T05:16:01+00:00\",\"mainEntityOfPage\":{\"@id\":\"https:\\\/\\\/kibrisdakik.com\\\/?p=32630\"},\"wordCount\":196,\"commentCount\":0,\"image\":{\"@id\":\"https:\\\/\\\/kibrisdakik.com\\\/?p=32630#primaryimage\"},\"thumbnailUrl\":\"https:\\\/\\\/kibrisdakik.com\\\/wp-content\\\/uploads\\\/2024\\\/03\\\/bana-el-kaldiran-eski-esimi-dovdum-ve-bosadim-1709644588.webp.webp\",\"articleSection\":[\"Ekonomi\"],\"inLanguage\":\"tr\",\"potentialAction\":[{\"@type\":\"CommentAction\",\"name\":\"Comment\",\"target\":[\"https:\\\/\\\/kibrisdakik.com\\\/?p=32630#respond\"]}]},{\"@type\":\"WebPage\",\"@id\":\"https:\\\/\\\/kibrisdakik.com\\\/?p=32630\",\"url\":\"https:\\\/\\\/kibrisdakik.com\\\/?p=32630\",\"name\":\"Bana el kald\u0131ran eski e\u015fimi d\u00f6vd\u00fcm ve bo\u015fad\u0131m -\",\"isPartOf\":{\"@id\":\"https:\\\/\\\/kibrisdakik.com\\\/#website\"},\"primaryImageOfPage\":{\"@id\":\"https:\\\/\\\/kibrisdakik.com\\\/?p=32630#primaryimage\"},\"image\":{\"@id\":\"https:\\\/\\\/kibrisdakik.com\\\/?p=32630#primaryimage\"},\"thumbnailUrl\":\"https:\\\/\\\/kibrisdakik.com\\\/wp-content\\\/uploads\\\/2024\\\/03\\\/bana-el-kaldiran-eski-esimi-dovdum-ve-bosadim-1709644588.webp.webp\",\"datePublished\":\"2024-03-06T05:16:01+00:00\",\"author\":{\"@id\":\"https:\\\/\\\/kibrisdakik.com\\\/#\\\/schema\\\/person\\\/9cd9d437bbb44f72b73ba127e06d8e79\"},\"breadcrumb\":{\"@id\":\"https:\\\/\\\/kibrisdakik.com\\\/?p=32630#breadcrumb\"},\"inLanguage\":\"tr\",\"potentialAction\":[{\"@type\":\"ReadAction\",\"target\":[\"https:\\\/\\\/kibrisdakik.com\\\/?p=32630\"]}]},{\"@type\":\"ImageObject\",\"inLanguage\":\"tr\",\"@id\":\"https:\\\/\\\/kibrisdakik.com\\\/?p=32630#primaryimage\",\"url\":\"https:\\\/\\\/kibrisdakik.com\\\/wp-content\\\/uploads\\\/2024\\\/03\\\/bana-el-kaldiran-eski-esimi-dovdum-ve-bosadim-1709644588.webp.webp\",\"contentUrl\":\"https:\\\/\\\/kibrisdakik.com\\\/wp-content\\\/uploads\\\/2024\\\/03\\\/bana-el-kaldiran-eski-esimi-dovdum-ve-bosadim-1709644588.webp.webp\",\"width\":710,\"height\":370},{\"@type\":\"BreadcrumbList\",\"@id\":\"https:\\\/\\\/kibrisdakik.com\\\/?p=32630#breadcrumb\",\"itemListElement\":[{\"@type\":\"ListItem\",\"position\":1,\"name\":\"Home\",\"item\":\"https:\\\/\\\/kibrisdakik.com\\\/\"},{\"@type\":\"ListItem\",\"position\":2,\"name\":\"Bana el kald\u0131ran eski e\u015fimi d\u00f6vd\u00fcm ve bo\u015fad\u0131m\"}]},{\"@type\":\"WebSite\",\"@id\":\"https:\\\/\\\/kibrisdakik.com\\\/#website\",\"url\":\"https:\\\/\\\/kibrisdakik.com\\\/\",\"name\":\"\",\"description\":\"Tam vaktinde haber\",\"potentialAction\":[{\"@type\":\"SearchAction\",\"target\":{\"@type\":\"EntryPoint\",\"urlTemplate\":\"https:\\\/\\\/kibrisdakik.com\\\/?s={search_term_string}\"},\"query-input\":{\"@type\":\"PropertyValueSpecification\",\"valueRequired\":true,\"valueName\":\"search_term_string\"}}],\"inLanguage\":\"tr\"},{\"@type\":\"Person\",\"@id\":\"https:\\\/\\\/kibrisdakik.com\\\/#\\\/schema\\\/person\\\/9cd9d437bbb44f72b73ba127e06d8e79\",\"name\":\"admin\",\"image\":{\"@type\":\"ImageObject\",\"inLanguage\":\"tr\",\"@id\":\"https:\\\/\\\/secure.gravatar.com\\\/avatar\\\/ccc17943b9d660506c869530f897617f7cb1c21a4bf30023f252596d83e1f007?s=96&d=mm&r=g\",\"url\":\"https:\\\/\\\/secure.gravatar.com\\\/avatar\\\/ccc17943b9d660506c869530f897617f7cb1c21a4bf30023f252596d83e1f007?s=96&d=mm&r=g\",\"contentUrl\":\"https:\\\/\\\/secure.gravatar.com\\\/avatar\\\/ccc17943b9d660506c869530f897617f7cb1c21a4bf30023f252596d83e1f007?s=96&d=mm&r=g\",\"caption\":\"admin\"},\"sameAs\":[\"https:\\\/\\\/kibrisdakik.com\"],\"url\":\"https:\\\/\\\/kibrisdakik.com\\\/?author=1\"}]}<\/script>\n<!-- \/ Yoast SEO plugin. -->","yoast_head_json":{"title":"Bana el kald\u0131ran eski e\u015fimi d\u00f6vd\u00fcm ve bo\u015fad\u0131m -","robots":{"index":"index","follow":"follow","max-snippet":"max-snippet:-1","max-image-preview":"max-image-preview:large","max-video-preview":"max-video-preview:-1"},"canonical":"https:\/\/kibrisdakik.com\/?p=32630","og_locale":"tr_TR","og_type":"article","og_title":"Bana el kald\u0131ran eski e\u015fimi d\u00f6vd\u00fcm ve bo\u015fad\u0131m -","og_description":"\u015eark\u0131c\u0131&nbsp;M\u00fc\u015ferref Akay, Haberler.com&#8217;un Youtube kanal\u0131nda izleyiciyle bulu\u015fan Haber Bahane program\u0131nda G\u00f6kay Kalayc\u0131o\u011flu&#8217;nun konu\u011fu oldu. Akay, hayat\u0131nda ya\u015fad\u0131\u011f\u0131 pek olay\u0131 payla\u015ft\u0131. Akay, G\u00f6kay Kalayc\u0131o\u011flu&#8217;nun, &#8220;Hi\u00e7 aldat\u0131ld\u0131n m\u0131?&#8221; sorusuna da cevap vererek, eski e\u015finin kendisine el kald\u0131rmas\u0131 \u00fczerine kocas\u0131n\u0131 d\u00f6vd\u00fc\u011f\u00fcn\u00fc a\u00e7\u0131klad\u0131. Akay, &#8220;Kar\u015f\u0131mdaki insan bir g\u00fcn meyletti. Ben ona en ba\u015ftan s\u00f6ylemi\u015ftim. \u00c7\u00fcnk\u00fc biz ailede k\u00fcf\u00fcr bilmeyiz,&nbsp;\u015fiddet&nbsp;bilmeyiz.","og_url":"https:\/\/kibrisdakik.com\/?p=32630","article_published_time":"2024-03-06T05:16:01+00:00","og_image":[{"width":710,"height":370,"url":"https:\/\/kibrisdakik.com\/wp-content\/uploads\/2024\/03\/bana-el-kaldiran-eski-esimi-dovdum-ve-bosadim-1709644588.webp.webp","type":"image\/webp"}],"author":"admin","twitter_card":"summary_large_image","twitter_misc":{"Yazan:":"admin","Tahmini okuma s\u00fcresi":"1 dakika"},"schema":{"@context":"https:\/\/schema.org","@graph":[{"@type":"Article","@id":"https:\/\/kibrisdakik.com\/?p=32630#article","isPartOf":{"@id":"https:\/\/kibrisdakik.com\/?p=32630"},"author":{"name":"admin","@id":"https:\/\/kibrisdakik.com\/#\/schema\/person\/9cd9d437bbb44f72b73ba127e06d8e79"},"headline":"Bana el kald\u0131ran eski e\u015fimi d\u00f6vd\u00fcm ve bo\u015fad\u0131m","datePublished":"2024-03-06T05:16:01+00:00","mainEntityOfPage":{"@id":"https:\/\/kibrisdakik.com\/?p=32630"},"wordCount":196,"commentCount":0,"image":{"@id":"https:\/\/kibrisdakik.com\/?p=32630#primaryimage"},"thumbnailUrl":"https:\/\/kibrisdakik.com\/wp-content\/uploads\/2024\/03\/bana-el-kaldiran-eski-esimi-dovdum-ve-bosadim-1709644588.webp.webp","articleSection":["Ekonomi"],"inLanguage":"tr","potentialAction":[{"@type":"CommentAction","name":"Comment","target":["https:\/\/kibrisdakik.com\/?p=32630#respond"]}]},{"@type":"WebPage","@id":"https:\/\/kibrisdakik.com\/?p=32630","url":"https:\/\/kibrisdakik.com\/?p=32630","name":"Bana el kald\u0131ran eski e\u015fimi d\u00f6vd\u00fcm ve bo\u015fad\u0131m -","isPartOf":{"@id":"https:\/\/kibrisdakik.com\/#website"},"primaryImageOfPage":{"@id":"https:\/\/kibrisdakik.com\/?p=32630#primaryimage"},"image":{"@id":"https:\/\/kibrisdakik.com\/?p=32630#primaryimage"},"thumbnailUrl":"https:\/\/kibrisdakik.com\/wp-content\/uploads\/2024\/03\/bana-el-kaldiran-eski-esimi-dovdum-ve-bosadim-1709644588.webp.webp","datePublished":"2024-03-06T05:16:01+00:00","author":{"@id":"https:\/\/kibrisdakik.com\/#\/schema\/person\/9cd9d437bbb44f72b73ba127e06d8e79"},"breadcrumb":{"@id":"https:\/\/kibrisdakik.com\/?p=32630#breadcrumb"},"inLanguage":"tr","potentialAction":[{"@type":"ReadAction","target":["https:\/\/kibrisdakik.com\/?p=32630"]}]},{"@type":"ImageObject","inLanguage":"tr","@id":"https:\/\/kibrisdakik.com\/?p=32630#primaryimage","url":"https:\/\/kibrisdakik.com\/wp-content\/uploads\/2024\/03\/bana-el-kaldiran-eski-esimi-dovdum-ve-bosadim-1709644588.webp.webp","contentUrl":"https:\/\/kibrisdakik.com\/wp-content\/uploads\/2024\/03\/bana-el-kaldiran-eski-esimi-dovdum-ve-bosadim-1709644588.webp.webp","width":710,"height":370},{"@type":"BreadcrumbList","@id":"https:\/\/kibrisdakik.com\/?p=32630#breadcrumb","itemListElement":[{"@type":"ListItem","position":1,"name":"Home","item":"https:\/\/kibrisdakik.com\/"},{"@type":"ListItem","position":2,"name":"Bana el kald\u0131ran eski e\u015fimi d\u00f6vd\u00fcm ve bo\u015fad\u0131m"}]},{"@type":"WebSite","@id":"https:\/\/kibrisdakik.com\/#website","url":"https:\/\/kibrisdakik.com\/","name":"","description":"Tam vaktinde haber","potentialAction":[{"@type":"SearchAction","target":{"@type":"EntryPoint","urlTemplate":"https:\/\/kibrisdakik.com\/?s={search_term_string}"},"query-input":{"@type":"PropertyValueSpecification","valueRequired":true,"valueName":"search_term_string"}}],"inLanguage":"tr"},{"@type":"Person","@id":"https:\/\/kibrisdakik.com\/#\/schema\/person\/9cd9d437bbb44f72b73ba127e06d8e79","name":"admin","image":{"@type":"ImageObject","inLanguage":"tr","@id":"https:\/\/secure.gravatar.com\/avatar\/ccc17943b9d660506c869530f897617f7cb1c21a4bf30023f252596d83e1f007?s=96&d=mm&r=g","url":"https:\/\/secure.gravatar.com\/avatar\/ccc17943b9d660506c869530f897617f7cb1c21a4bf30023f252596d83e1f007?s=96&d=mm&r=g","contentUrl":"https:\/\/secure.gravatar.com\/avatar\/ccc17943b9d660506c869530f897617f7cb1c21a4bf30023f252596d83e1f007?s=96&d=mm&r=g","caption":"admin"},"sameAs":["https:\/\/kibrisdakik.com"],"url":"https:\/\/kibrisdakik.com\/?author=1"}]}},"_links":{"self":[{"href":"https:\/\/kibrisdakik.com\/index.php?rest_route=\/wp\/v2\/posts\/32630","targetHints":{"allow":["GET"]}}],"collection":[{"href":"https:\/\/kibrisdakik.com\/index.php?rest_route=\/wp\/v2\/posts"}],"about":[{"href":"https:\/\/kibrisdakik.com\/index.php?rest_route=\/wp\/v2\/types\/post"}],"author":[{"embeddable":true,"href":"https:\/\/kibrisdakik.com\/index.php?rest_route=\/wp\/v2\/users\/1"}],"replies":[{"embeddable":true,"href":"https:\/\/kibrisdakik.com\/index.php?rest_route=%2Fwp%2Fv2%2Fcomments&post=32630"}],"version-history":[{"count":0,"href":"https:\/\/kibrisdakik.com\/index.php?rest_route=\/wp\/v2\/posts\/32630\/revisions"}],"wp:featuredmedia":[{"embeddable":true,"href":"https:\/\/kibrisdakik.com\/index.php?rest_route=\/wp\/v2\/media\/32631"}],"wp:attachment":[{"href":"https:\/\/kibrisdakik.com\/index.php?rest_route=%2Fwp%2Fv2%2Fmedia&parent=32630"}],"wp:term":[{"taxonomy":"category","embeddable":true,"href":"https:\/\/kibrisdakik.com\/index.php?rest_route=%2Fwp%2Fv2%2Fcategories&post=32630"},{"taxonomy":"post_tag","embeddable":true,"href":"https:\/\/kibrisdakik.com\/index.php?rest_route=%2Fwp%2Fv2%2Ftags&post=32630"}],"curies":[{"name":"wp","href":"https:\/\/api.w.org\/{rel}","templated":true}]}}