{"id":32759,"date":"2024-03-06T23:33:57","date_gmt":"2024-03-06T23:33:57","guid":{"rendered":"https:\/\/kibrisdakik.com\/index.php\/2024\/03\/06\/kibris-meselesi-artik-sadece-turkiyenin-degil-butun-turk-dunyasinin-ortak-davasidir\/"},"modified":"2024-03-06T23:33:57","modified_gmt":"2024-03-06T23:33:57","slug":"kibris-meselesi-artik-sadece-turkiyenin-degil-butun-turk-dunyasinin-ortak-davasidir","status":"publish","type":"post","link":"https:\/\/kibrisdakik.com\/?p=32759","title":{"rendered":"&quot;K\u0131br\u0131s meselesi art\u0131k sadece T\u00fcrkiye\u2019nin de\u011fil, b\u00fct\u00fcn T\u00fcrk d\u00fcnyas\u0131n\u0131n ortak davas\u0131d\u0131r&quot;"},"content":{"rendered":"<p><img decoding=\"async\" src=\"https:\/\/www.kibristurk.com\/images\/haberler\/2024\/03\/kibris-meselesi-artik-sadece-turkiyenin-degil-butun-turk-dunyasinin-ortak-davasidir-1709747321.webp\" \/><\/p>\n<p style=\"text-align:left\"><span style=\"font-size:16px\"><span style=\"font-family:Merriweather,serif !important\"><span style=\"color:#000000\"><span style=\"background-color:#ffffff\">Cumhuriyet Meclisinden yap\u0131lan yaz\u0131l\u0131 a\u00e7\u0131klamaya g\u00f6re, T\u00f6re, T\u00fcrk Deniz Kuvvetleri Eski Kurmay Ba\u015fkan\u0131 T\u00fcmamiral Cihat Yayc\u0131 ve beraberindeki heyeti kabul etti.<\/span><\/span><\/span><\/span><\/p>\n<p style=\"text-align:left\"><span style=\"font-size:16px\"><span style=\"font-family:Merriweather,serif !important\"><span style=\"color:#000000\"><span style=\"background-color:#ffffff\">Meclis \u015eeref Salonunda yer alan kabulde konu\u015fan T\u00f6re, T\u00fcrk Birli\u011fine ve &#8220;K\u0131z\u0131l Elma&#8221;ya sahip \u00e7\u0131kman\u0131n, milli \u00fclk\u00fcden ge\u00e7ti\u011fini s\u00f6yledi.<\/span><\/span><\/span><\/span><\/p>\n<p style=\"text-align:left\"><span style=\"font-size:16px\"><span style=\"font-family:Merriweather,serif !important\"><span style=\"color:#000000\"><span style=\"background-color:#ffffff\">T\u00f6re, T\u00fcrk devletleri aras\u0131ndaki i\u015f birli\u011finin \u00f6nemli oldu\u011funu,&nbsp; d\u00fcnyan\u0131n her hangi bir yerinde bir T\u00fcrk\u00fcn ba\u015f\u0131 s\u0131k\u0131\u015ft\u0131\u011f\u0131 takdirde ortak hareket edilmesi gerekti\u011fini kaydetti.<\/span><\/span><\/span><\/span><\/p>\n<p style=\"text-align:left\"><span style=\"font-size:16px\"><span style=\"font-family:Merriweather,serif !important\"><span style=\"color:#000000\"><span style=\"background-color:#ffffff\">Enerji ve ticaret bak\u0131m\u0131ndan KKTC\u2019nin Do\u011fu Akdeniz\u2019in tam ortas\u0131nda bulundu\u011funu belirten &nbsp;T\u00f6re, gelecekte K\u0131br\u0131s adas\u0131n\u0131n enerji merkezi haline gelece\u011fini ifade etti.<\/span><\/span><\/span><\/span><\/p>\n<p style=\"text-align:left\"><span style=\"font-size:16px\"><span style=\"font-family:Merriweather,serif !important\"><span style=\"color:#000000\"><span style=\"background-color:#ffffff\">-Yayc\u0131<\/span><\/span><\/span><\/span><\/p>\n<p style=\"text-align:left\"><span style=\"font-size:16px\"><span style=\"font-family:Merriweather,serif !important\"><span style=\"color:#000000\"><span style=\"background-color:#ffffff\">T\u00fcrk Deniz Kuvvetleri Eski Kurmay Ba\u015fkan\u0131 T\u00fcmamiral Cihat Yayc\u0131 da, KKTC\u2019nin ada devleti kimli\u011fiyle T\u00fcrk d\u00fcnyas\u0131n\u0131n kalbi pozisyonunda oldu\u011funu s\u00f6yledi.<\/span><\/span><\/span><\/span><\/p>\n<p style=\"text-align:left\"><span style=\"font-size:16px\"><span style=\"font-family:Merriweather,serif !important\"><span style=\"color:#000000\"><span style=\"background-color:#ffffff\">Yayc\u0131, KKTC\u2019nin demokrasisi ile d\u00fcnyaya \u00f6rnek oldu\u011funu ve Cumhuriyet Meclisinde bulunmaktan da gurur duydu\u011funu ifade etti.<\/span><\/span><\/span><\/span><\/p>\n<p style=\"text-align:left\"><span style=\"font-size:16px\"><span style=\"font-family:Merriweather,serif !important\"><span style=\"color:#000000\"><span style=\"background-color:#ffffff\">Konu\u015fmalar\u0131n ard\u0131ndan kar\u015f\u0131l\u0131kl\u0131 hediye teatisi yap\u0131ld\u0131.<\/span><\/span><\/span><\/span><\/p>\n","protected":false},"excerpt":{"rendered":"<p>Cumhuriyet Meclisinden yap\u0131lan yaz\u0131l\u0131 a\u00e7\u0131klamaya g\u00f6re, T\u00f6re, T\u00fcrk Deniz Kuvvetleri Eski Kurmay Ba\u015fkan\u0131 T\u00fcmamiral Cihat Yayc\u0131 ve beraberindeki heyeti kabul etti. Meclis \u015eeref Salonunda yer alan kabulde konu\u015fan T\u00f6re, T\u00fcrk Birli\u011fine ve &#8220;K\u0131z\u0131l Elma&#8221;ya sahip \u00e7\u0131kman\u0131n, milli \u00fclk\u00fcden ge\u00e7ti\u011fini s\u00f6yledi. T\u00f6re, T\u00fcrk devletleri aras\u0131ndaki i\u015f birli\u011finin \u00f6nemli oldu\u011funu,&nbsp; d\u00fcnyan\u0131n her hangi bir yerinde bir T\u00fcrk\u00fcn<\/p>\n","protected":false},"author":1,"featured_media":32760,"comment_status":"open","ping_status":"open","sticky":false,"template":"","format":"standard","meta":{"footnotes":""},"categories":[79],"tags":[],"class_list":["post-32759","post","type-post","status-publish","format-standard","has-post-thumbnail","hentry","category-ekonomi"],"yoast_head":"<!-- This site is optimized with the Yoast SEO plugin v27.5 - https:\/\/yoast.com\/product\/yoast-seo-wordpress\/ -->\n<title>&quot;K\u0131br\u0131s meselesi art\u0131k sadece T\u00fcrkiye\u2019nin de\u011fil, b\u00fct\u00fcn T\u00fcrk d\u00fcnyas\u0131n\u0131n ortak davas\u0131d\u0131r&quot; -<\/title>\n<meta name=\"robots\" content=\"index, follow, max-snippet:-1, max-image-preview:large, max-video-preview:-1\" \/>\n<link rel=\"canonical\" href=\"https:\/\/kibrisdakik.com\/?p=32759\" \/>\n<meta property=\"og:locale\" content=\"tr_TR\" \/>\n<meta property=\"og:type\" content=\"article\" \/>\n<meta property=\"og:title\" content=\"&quot;K\u0131br\u0131s meselesi art\u0131k sadece T\u00fcrkiye\u2019nin de\u011fil, b\u00fct\u00fcn T\u00fcrk d\u00fcnyas\u0131n\u0131n ortak davas\u0131d\u0131r&quot; -\" \/>\n<meta property=\"og:description\" content=\"Cumhuriyet Meclisinden yap\u0131lan yaz\u0131l\u0131 a\u00e7\u0131klamaya g\u00f6re, T\u00f6re, T\u00fcrk Deniz Kuvvetleri Eski Kurmay Ba\u015fkan\u0131 T\u00fcmamiral Cihat Yayc\u0131 ve beraberindeki heyeti kabul etti. Meclis \u015eeref Salonunda yer alan kabulde konu\u015fan T\u00f6re, T\u00fcrk Birli\u011fine ve &#8220;K\u0131z\u0131l Elma&#8221;ya sahip \u00e7\u0131kman\u0131n, milli \u00fclk\u00fcden ge\u00e7ti\u011fini s\u00f6yledi. T\u00f6re, T\u00fcrk devletleri aras\u0131ndaki i\u015f birli\u011finin \u00f6nemli oldu\u011funu,&nbsp; d\u00fcnyan\u0131n her hangi bir yerinde bir T\u00fcrk\u00fcn\" \/>\n<meta property=\"og:url\" content=\"https:\/\/kibrisdakik.com\/?p=32759\" \/>\n<meta property=\"article:published_time\" content=\"2024-03-06T23:33:57+00:00\" \/>\n<meta property=\"og:image\" content=\"https:\/\/kibrisdakik.com\/wp-content\/uploads\/2024\/03\/kibris-meselesi-artik-sadece-turkiyenin-degil-butun-turk-dunyasinin-ortak-davasidir-1709747321.webp.webp\" \/>\n\t<meta property=\"og:image:width\" content=\"710\" \/>\n\t<meta property=\"og:image:height\" content=\"370\" \/>\n\t<meta property=\"og:image:type\" content=\"image\/webp\" \/>\n<meta name=\"author\" content=\"admin\" \/>\n<meta name=\"twitter:card\" content=\"summary_large_image\" \/>\n<meta name=\"twitter:label1\" content=\"Yazan:\" \/>\n\t<meta name=\"twitter:data1\" content=\"admin\" \/>\n\t<meta name=\"twitter:label2\" content=\"Tahmini okuma s\u00fcresi\" \/>\n\t<meta name=\"twitter:data2\" content=\"1 dakika\" \/>\n<script type=\"application\/ld+json\" class=\"yoast-schema-graph\">{\"@context\":\"https:\\\/\\\/schema.org\",\"@graph\":[{\"@type\":\"Article\",\"@id\":\"https:\\\/\\\/kibrisdakik.com\\\/?p=32759#article\",\"isPartOf\":{\"@id\":\"https:\\\/\\\/kibrisdakik.com\\\/?p=32759\"},\"author\":{\"name\":\"admin\",\"@id\":\"https:\\\/\\\/kibrisdakik.com\\\/#\\\/schema\\\/person\\\/9cd9d437bbb44f72b73ba127e06d8e79\"},\"headline\":\"&quot;K\u0131br\u0131s meselesi art\u0131k sadece T\u00fcrkiye\u2019nin de\u011fil, b\u00fct\u00fcn T\u00fcrk d\u00fcnyas\u0131n\u0131n ortak davas\u0131d\u0131r&quot;\",\"datePublished\":\"2024-03-06T23:33:57+00:00\",\"mainEntityOfPage\":{\"@id\":\"https:\\\/\\\/kibrisdakik.com\\\/?p=32759\"},\"wordCount\":222,\"commentCount\":0,\"image\":{\"@id\":\"https:\\\/\\\/kibrisdakik.com\\\/?p=32759#primaryimage\"},\"thumbnailUrl\":\"https:\\\/\\\/kibrisdakik.com\\\/wp-content\\\/uploads\\\/2024\\\/03\\\/kibris-meselesi-artik-sadece-turkiyenin-degil-butun-turk-dunyasinin-ortak-davasidir-1709747321.webp.webp\",\"articleSection\":[\"Ekonomi\"],\"inLanguage\":\"tr\",\"potentialAction\":[{\"@type\":\"CommentAction\",\"name\":\"Comment\",\"target\":[\"https:\\\/\\\/kibrisdakik.com\\\/?p=32759#respond\"]}]},{\"@type\":\"WebPage\",\"@id\":\"https:\\\/\\\/kibrisdakik.com\\\/?p=32759\",\"url\":\"https:\\\/\\\/kibrisdakik.com\\\/?p=32759\",\"name\":\"&quot;K\u0131br\u0131s meselesi art\u0131k sadece T\u00fcrkiye\u2019nin de\u011fil, b\u00fct\u00fcn T\u00fcrk d\u00fcnyas\u0131n\u0131n ortak davas\u0131d\u0131r&quot; -\",\"isPartOf\":{\"@id\":\"https:\\\/\\\/kibrisdakik.com\\\/#website\"},\"primaryImageOfPage\":{\"@id\":\"https:\\\/\\\/kibrisdakik.com\\\/?p=32759#primaryimage\"},\"image\":{\"@id\":\"https:\\\/\\\/kibrisdakik.com\\\/?p=32759#primaryimage\"},\"thumbnailUrl\":\"https:\\\/\\\/kibrisdakik.com\\\/wp-content\\\/uploads\\\/2024\\\/03\\\/kibris-meselesi-artik-sadece-turkiyenin-degil-butun-turk-dunyasinin-ortak-davasidir-1709747321.webp.webp\",\"datePublished\":\"2024-03-06T23:33:57+00:00\",\"author\":{\"@id\":\"https:\\\/\\\/kibrisdakik.com\\\/#\\\/schema\\\/person\\\/9cd9d437bbb44f72b73ba127e06d8e79\"},\"breadcrumb\":{\"@id\":\"https:\\\/\\\/kibrisdakik.com\\\/?p=32759#breadcrumb\"},\"inLanguage\":\"tr\",\"potentialAction\":[{\"@type\":\"ReadAction\",\"target\":[\"https:\\\/\\\/kibrisdakik.com\\\/?p=32759\"]}]},{\"@type\":\"ImageObject\",\"inLanguage\":\"tr\",\"@id\":\"https:\\\/\\\/kibrisdakik.com\\\/?p=32759#primaryimage\",\"url\":\"https:\\\/\\\/kibrisdakik.com\\\/wp-content\\\/uploads\\\/2024\\\/03\\\/kibris-meselesi-artik-sadece-turkiyenin-degil-butun-turk-dunyasinin-ortak-davasidir-1709747321.webp.webp\",\"contentUrl\":\"https:\\\/\\\/kibrisdakik.com\\\/wp-content\\\/uploads\\\/2024\\\/03\\\/kibris-meselesi-artik-sadece-turkiyenin-degil-butun-turk-dunyasinin-ortak-davasidir-1709747321.webp.webp\",\"width\":710,\"height\":370},{\"@type\":\"BreadcrumbList\",\"@id\":\"https:\\\/\\\/kibrisdakik.com\\\/?p=32759#breadcrumb\",\"itemListElement\":[{\"@type\":\"ListItem\",\"position\":1,\"name\":\"Home\",\"item\":\"https:\\\/\\\/kibrisdakik.com\\\/\"},{\"@type\":\"ListItem\",\"position\":2,\"name\":\"&quot;K\u0131br\u0131s meselesi art\u0131k sadece T\u00fcrkiye\u2019nin de\u011fil, b\u00fct\u00fcn T\u00fcrk d\u00fcnyas\u0131n\u0131n ortak davas\u0131d\u0131r&quot;\"}]},{\"@type\":\"WebSite\",\"@id\":\"https:\\\/\\\/kibrisdakik.com\\\/#website\",\"url\":\"https:\\\/\\\/kibrisdakik.com\\\/\",\"name\":\"\",\"description\":\"Tam vaktinde haber\",\"potentialAction\":[{\"@type\":\"SearchAction\",\"target\":{\"@type\":\"EntryPoint\",\"urlTemplate\":\"https:\\\/\\\/kibrisdakik.com\\\/?s={search_term_string}\"},\"query-input\":{\"@type\":\"PropertyValueSpecification\",\"valueRequired\":true,\"valueName\":\"search_term_string\"}}],\"inLanguage\":\"tr\"},{\"@type\":\"Person\",\"@id\":\"https:\\\/\\\/kibrisdakik.com\\\/#\\\/schema\\\/person\\\/9cd9d437bbb44f72b73ba127e06d8e79\",\"name\":\"admin\",\"image\":{\"@type\":\"ImageObject\",\"inLanguage\":\"tr\",\"@id\":\"https:\\\/\\\/secure.gravatar.com\\\/avatar\\\/ccc17943b9d660506c869530f897617f7cb1c21a4bf30023f252596d83e1f007?s=96&d=mm&r=g\",\"url\":\"https:\\\/\\\/secure.gravatar.com\\\/avatar\\\/ccc17943b9d660506c869530f897617f7cb1c21a4bf30023f252596d83e1f007?s=96&d=mm&r=g\",\"contentUrl\":\"https:\\\/\\\/secure.gravatar.com\\\/avatar\\\/ccc17943b9d660506c869530f897617f7cb1c21a4bf30023f252596d83e1f007?s=96&d=mm&r=g\",\"caption\":\"admin\"},\"sameAs\":[\"https:\\\/\\\/kibrisdakik.com\"],\"url\":\"https:\\\/\\\/kibrisdakik.com\\\/?author=1\"}]}<\/script>\n<!-- \/ Yoast SEO plugin. -->","yoast_head_json":{"title":"&quot;K\u0131br\u0131s meselesi art\u0131k sadece T\u00fcrkiye\u2019nin de\u011fil, b\u00fct\u00fcn T\u00fcrk d\u00fcnyas\u0131n\u0131n ortak davas\u0131d\u0131r&quot; -","robots":{"index":"index","follow":"follow","max-snippet":"max-snippet:-1","max-image-preview":"max-image-preview:large","max-video-preview":"max-video-preview:-1"},"canonical":"https:\/\/kibrisdakik.com\/?p=32759","og_locale":"tr_TR","og_type":"article","og_title":"&quot;K\u0131br\u0131s meselesi art\u0131k sadece T\u00fcrkiye\u2019nin de\u011fil, b\u00fct\u00fcn T\u00fcrk d\u00fcnyas\u0131n\u0131n ortak davas\u0131d\u0131r&quot; -","og_description":"Cumhuriyet Meclisinden yap\u0131lan yaz\u0131l\u0131 a\u00e7\u0131klamaya g\u00f6re, T\u00f6re, T\u00fcrk Deniz Kuvvetleri Eski Kurmay Ba\u015fkan\u0131 T\u00fcmamiral Cihat Yayc\u0131 ve beraberindeki heyeti kabul etti. Meclis \u015eeref Salonunda yer alan kabulde konu\u015fan T\u00f6re, T\u00fcrk Birli\u011fine ve &#8220;K\u0131z\u0131l Elma&#8221;ya sahip \u00e7\u0131kman\u0131n, milli \u00fclk\u00fcden ge\u00e7ti\u011fini s\u00f6yledi. T\u00f6re, T\u00fcrk devletleri aras\u0131ndaki i\u015f birli\u011finin \u00f6nemli oldu\u011funu,&nbsp; d\u00fcnyan\u0131n her hangi bir yerinde bir T\u00fcrk\u00fcn","og_url":"https:\/\/kibrisdakik.com\/?p=32759","article_published_time":"2024-03-06T23:33:57+00:00","og_image":[{"width":710,"height":370,"url":"https:\/\/kibrisdakik.com\/wp-content\/uploads\/2024\/03\/kibris-meselesi-artik-sadece-turkiyenin-degil-butun-turk-dunyasinin-ortak-davasidir-1709747321.webp.webp","type":"image\/webp"}],"author":"admin","twitter_card":"summary_large_image","twitter_misc":{"Yazan:":"admin","Tahmini okuma s\u00fcresi":"1 dakika"},"schema":{"@context":"https:\/\/schema.org","@graph":[{"@type":"Article","@id":"https:\/\/kibrisdakik.com\/?p=32759#article","isPartOf":{"@id":"https:\/\/kibrisdakik.com\/?p=32759"},"author":{"name":"admin","@id":"https:\/\/kibrisdakik.com\/#\/schema\/person\/9cd9d437bbb44f72b73ba127e06d8e79"},"headline":"&quot;K\u0131br\u0131s meselesi art\u0131k sadece T\u00fcrkiye\u2019nin de\u011fil, b\u00fct\u00fcn T\u00fcrk d\u00fcnyas\u0131n\u0131n ortak davas\u0131d\u0131r&quot;","datePublished":"2024-03-06T23:33:57+00:00","mainEntityOfPage":{"@id":"https:\/\/kibrisdakik.com\/?p=32759"},"wordCount":222,"commentCount":0,"image":{"@id":"https:\/\/kibrisdakik.com\/?p=32759#primaryimage"},"thumbnailUrl":"https:\/\/kibrisdakik.com\/wp-content\/uploads\/2024\/03\/kibris-meselesi-artik-sadece-turkiyenin-degil-butun-turk-dunyasinin-ortak-davasidir-1709747321.webp.webp","articleSection":["Ekonomi"],"inLanguage":"tr","potentialAction":[{"@type":"CommentAction","name":"Comment","target":["https:\/\/kibrisdakik.com\/?p=32759#respond"]}]},{"@type":"WebPage","@id":"https:\/\/kibrisdakik.com\/?p=32759","url":"https:\/\/kibrisdakik.com\/?p=32759","name":"&quot;K\u0131br\u0131s meselesi art\u0131k sadece T\u00fcrkiye\u2019nin de\u011fil, b\u00fct\u00fcn T\u00fcrk d\u00fcnyas\u0131n\u0131n ortak davas\u0131d\u0131r&quot; -","isPartOf":{"@id":"https:\/\/kibrisdakik.com\/#website"},"primaryImageOfPage":{"@id":"https:\/\/kibrisdakik.com\/?p=32759#primaryimage"},"image":{"@id":"https:\/\/kibrisdakik.com\/?p=32759#primaryimage"},"thumbnailUrl":"https:\/\/kibrisdakik.com\/wp-content\/uploads\/2024\/03\/kibris-meselesi-artik-sadece-turkiyenin-degil-butun-turk-dunyasinin-ortak-davasidir-1709747321.webp.webp","datePublished":"2024-03-06T23:33:57+00:00","author":{"@id":"https:\/\/kibrisdakik.com\/#\/schema\/person\/9cd9d437bbb44f72b73ba127e06d8e79"},"breadcrumb":{"@id":"https:\/\/kibrisdakik.com\/?p=32759#breadcrumb"},"inLanguage":"tr","potentialAction":[{"@type":"ReadAction","target":["https:\/\/kibrisdakik.com\/?p=32759"]}]},{"@type":"ImageObject","inLanguage":"tr","@id":"https:\/\/kibrisdakik.com\/?p=32759#primaryimage","url":"https:\/\/kibrisdakik.com\/wp-content\/uploads\/2024\/03\/kibris-meselesi-artik-sadece-turkiyenin-degil-butun-turk-dunyasinin-ortak-davasidir-1709747321.webp.webp","contentUrl":"https:\/\/kibrisdakik.com\/wp-content\/uploads\/2024\/03\/kibris-meselesi-artik-sadece-turkiyenin-degil-butun-turk-dunyasinin-ortak-davasidir-1709747321.webp.webp","width":710,"height":370},{"@type":"BreadcrumbList","@id":"https:\/\/kibrisdakik.com\/?p=32759#breadcrumb","itemListElement":[{"@type":"ListItem","position":1,"name":"Home","item":"https:\/\/kibrisdakik.com\/"},{"@type":"ListItem","position":2,"name":"&quot;K\u0131br\u0131s meselesi art\u0131k sadece T\u00fcrkiye\u2019nin de\u011fil, b\u00fct\u00fcn T\u00fcrk d\u00fcnyas\u0131n\u0131n ortak davas\u0131d\u0131r&quot;"}]},{"@type":"WebSite","@id":"https:\/\/kibrisdakik.com\/#website","url":"https:\/\/kibrisdakik.com\/","name":"","description":"Tam vaktinde haber","potentialAction":[{"@type":"SearchAction","target":{"@type":"EntryPoint","urlTemplate":"https:\/\/kibrisdakik.com\/?s={search_term_string}"},"query-input":{"@type":"PropertyValueSpecification","valueRequired":true,"valueName":"search_term_string"}}],"inLanguage":"tr"},{"@type":"Person","@id":"https:\/\/kibrisdakik.com\/#\/schema\/person\/9cd9d437bbb44f72b73ba127e06d8e79","name":"admin","image":{"@type":"ImageObject","inLanguage":"tr","@id":"https:\/\/secure.gravatar.com\/avatar\/ccc17943b9d660506c869530f897617f7cb1c21a4bf30023f252596d83e1f007?s=96&d=mm&r=g","url":"https:\/\/secure.gravatar.com\/avatar\/ccc17943b9d660506c869530f897617f7cb1c21a4bf30023f252596d83e1f007?s=96&d=mm&r=g","contentUrl":"https:\/\/secure.gravatar.com\/avatar\/ccc17943b9d660506c869530f897617f7cb1c21a4bf30023f252596d83e1f007?s=96&d=mm&r=g","caption":"admin"},"sameAs":["https:\/\/kibrisdakik.com"],"url":"https:\/\/kibrisdakik.com\/?author=1"}]}},"_links":{"self":[{"href":"https:\/\/kibrisdakik.com\/index.php?rest_route=\/wp\/v2\/posts\/32759","targetHints":{"allow":["GET"]}}],"collection":[{"href":"https:\/\/kibrisdakik.com\/index.php?rest_route=\/wp\/v2\/posts"}],"about":[{"href":"https:\/\/kibrisdakik.com\/index.php?rest_route=\/wp\/v2\/types\/post"}],"author":[{"embeddable":true,"href":"https:\/\/kibrisdakik.com\/index.php?rest_route=\/wp\/v2\/users\/1"}],"replies":[{"embeddable":true,"href":"https:\/\/kibrisdakik.com\/index.php?rest_route=%2Fwp%2Fv2%2Fcomments&post=32759"}],"version-history":[{"count":0,"href":"https:\/\/kibrisdakik.com\/index.php?rest_route=\/wp\/v2\/posts\/32759\/revisions"}],"wp:featuredmedia":[{"embeddable":true,"href":"https:\/\/kibrisdakik.com\/index.php?rest_route=\/wp\/v2\/media\/32760"}],"wp:attachment":[{"href":"https:\/\/kibrisdakik.com\/index.php?rest_route=%2Fwp%2Fv2%2Fmedia&parent=32759"}],"wp:term":[{"taxonomy":"category","embeddable":true,"href":"https:\/\/kibrisdakik.com\/index.php?rest_route=%2Fwp%2Fv2%2Fcategories&post=32759"},{"taxonomy":"post_tag","embeddable":true,"href":"https:\/\/kibrisdakik.com\/index.php?rest_route=%2Fwp%2Fv2%2Ftags&post=32759"}],"curies":[{"name":"wp","href":"https:\/\/api.w.org\/{rel}","templated":true}]}}