{"id":32771,"date":"2024-03-07T01:56:15","date_gmt":"2024-03-07T01:56:15","guid":{"rendered":"https:\/\/kibrisdakik.com\/index.php\/2024\/03\/07\/basbakan-unal-ustel-ve-esi-zerrin-ustel-resim-sergisinin-acilisini-yapti\/"},"modified":"2024-03-07T01:56:15","modified_gmt":"2024-03-07T01:56:15","slug":"basbakan-unal-ustel-ve-esi-zerrin-ustel-resim-sergisinin-acilisini-yapti","status":"publish","type":"post","link":"https:\/\/kibrisdakik.com\/?p=32771","title":{"rendered":"Ba\u015fbakan \u00dcnal \u00dcstel ve e\u015fi Zerrin \u00dcstel, resim sergisinin a\u00e7\u0131l\u0131\u015f\u0131n\u0131 yapt\u0131"},"content":{"rendered":"<p><img decoding=\"async\" src=\"https:\/\/www.kibristurk.com\/images\/haberler\/2024\/03\/basbakan-unal-ustel-ve-esi-zerrin-ustel-resim-sergisinin-acilisini-yapti-1709736268.webp\" \/><\/p>\n<p style=\"text-align:left\"><span style=\"font-size:16px\"><span style=\"font-family:Merriweather,serif !important\"><span style=\"color:#000000\"><span style=\"background-color:#ffffff\">Girne \u00d6zg\u00fcrada Lions Kul\u00fcb\u00fcn\u00fcn d\u00fczenledi\u011fi 25\u2019inci geleneksel \u201cKad\u0131n D\u00fcnyas\u0131nda Renkler\u201d adl\u0131 resim sergisi a\u00e7\u0131ld\u0131. Lefko\u015fa \u0130smet Vehit G\u00fcney Sergi Salonu\u2019nda yer alan serginin a\u00e7\u0131l\u0131\u015f\u0131n\u0131 Ba\u015fbakan \u00dcnal \u00dcstel ve e\u015fi Zerrin \u00dcstel yapt\u0131.<\/span><\/span><\/span><\/span><\/p>\n<p style=\"text-align:left\"><span style=\"font-size:16px\"><span style=\"font-family:Merriweather,serif !important\"><span style=\"color:#000000\"><span style=\"background-color:#ffffff\">Serginin a\u00e7\u0131l\u0131\u015f\u0131nda konu\u015fan Girne \u00d6zg\u00fcrada Lions Kul\u00fcb\u00fc D\u00f6nem Ba\u015fkan\u0131 Bet\u00fcl Peuravi, serginin d\u00fczenlenmesinin 25\u2019inci y\u0131l\u0131 oldu\u011funu s\u00f6yleyerek katk\u0131 koyan herkese te\u015fekk\u00fcr etti.<\/span><\/span><\/span><\/span><\/p>\n<p style=\"text-align:left\"><span style=\"font-size:16px\"><span style=\"font-family:Merriweather,serif !important\"><span style=\"color:#000000\"><span style=\"background-color:#ffffff\">Kul\u00fcp Kurucu Genel Y\u00f6netmeni Fikret \u015eendil de serginin a\u00e7\u0131l\u0131\u015f\u0131nda olmaktan duydu\u011fu memnuniyeti dile getirdi.<\/span><\/span><\/span><\/span><\/p>\n<p style=\"text-align:left\"><span style=\"font-size:16px\"><span style=\"font-family:Merriweather,serif !important\"><span style=\"color:#000000\"><span style=\"background-color:#ffffff\">-Zerrin \u00dcstel: \u201cVerilen t\u00fcm b\u00fcy\u00fck m\u00fccadelelere ra\u011fmen bug\u00fcn tam manas\u0131 ile olmam\u0131z gereken yerde olamasak da art\u0131k daha aktifiz, daha g\u00f6r\u00fcn\u00fcr\u00fcz, daha g\u00fc\u00e7l\u00fcy\u00fcz ve daha etkiliyiz\u201d<\/span><\/span><\/span><\/span><\/p>\n<p style=\"text-align:left\"><span style=\"font-size:16px\"><span style=\"font-family:Merriweather,serif !important\"><span style=\"color:#000000\"><span style=\"background-color:#ffffff\">Ba\u015fbakan \u00dcnal \u00dcstel\u2019in e\u015fi Zerrin \u00dcstel ise konu\u015fmas\u0131nda, kad\u0131nlar\u0131n insanl\u0131\u011f\u0131n temel yap\u0131 ta\u015flar\u0131ndan oldu\u011funu ve toplumun her alan\u0131nda \u00f6nemli roller \u00fcstlendi\u011fini s\u00f6yleyerek, \u201cAncak, tarih boyunca kad\u0131nlar\u0131n toplumda hak etti\u011fi yeri almas\u0131 kolay olmam\u0131\u015ft\u0131r. Bu konuda b\u00fcy\u00fck m\u00fccadeleler verilmi\u015f, b\u00fcy\u00fck ac\u0131lar \u00e7ekilmi\u015ftir\u201d dedi.<\/span><\/span><\/span><\/span><\/p>\n<p style=\"text-align:left\"><span style=\"font-size:16px\"><span style=\"font-family:Merriweather,serif !important\"><span style=\"color:#000000\"><span style=\"background-color:#ffffff\">Zerrin \u00dcstel, \u015f\u00f6yle devam etti:<\/span><\/span><\/span><\/span><\/p>\n<p style=\"text-align:left\"><span style=\"font-size:16px\"><span style=\"font-family:Merriweather,serif !important\"><span style=\"color:#000000\"><span style=\"background-color:#ffffff\">\u201cVerilen t\u00fcm b\u00fcy\u00fck m\u00fccadelelere ra\u011fmen bug\u00fcn tam manas\u0131 ile olmam\u0131z gereken yerde olamasak da art\u0131k daha aktifiz, daha g\u00f6r\u00fcn\u00fcr\u00fcz, daha g\u00fc\u00e7l\u00fcy\u00fcz ve daha etkiliyiz. Bug\u00fcn gelinen a\u015fama, ortak m\u00fccadeleye katk\u0131 sa\u011flayan t\u00fcm kad\u0131nlar\u0131n eseridir, ba\u015far\u0131s\u0131d\u0131r. Elbette bu yeterli de\u011fildir. Toplumda cinsiyet e\u015fitsizli\u011fi ve ayr\u0131mc\u0131l\u0131\u011f\u0131 hala devam ediyor. Kad\u0131nlar ekonomi, e\u011fitim, istihdam ve liderlik gibi alanlarda kar\u015f\u0131la\u015ft\u0131klar\u0131 engellere kar\u015f\u0131 hala m\u00fccadele etmek zorunda kal\u0131yorlar. O y\u00fczden M\u00fccadeleye devam ediyoruz ve edece\u011fiz.\u201d<\/span><\/span><\/span><\/span><\/p>\n<p style=\"text-align:left\"><span style=\"font-size:16px\"><span style=\"font-family:Merriweather,serif !important\"><span style=\"color:#000000\"><span style=\"background-color:#ffffff\">Zerrin \u00dcstel, kad\u0131n\u0131n topumun sadece vazge\u00e7ilmez bir par\u00e7as\u0131 de\u011fil ayn\u0131 zamanda rengi oldu\u011funun da alt\u0131n\u0131 \u00e7izerek, serginin ad\u0131 olan kad\u0131n d\u00fcnyas\u0131ndan renkler isminin de son derece anlaml\u0131 oldu\u011funu kaydetti.<\/span><\/span><\/span><\/span><\/p>\n<p style=\"text-align:left\"><span style=\"font-size:16px\"><span style=\"font-family:Merriweather,serif !important\"><span style=\"color:#000000\"><span style=\"background-color:#ffffff\">\u201c\u00c7\u00fcnk\u00fc d\u00fcnyaya do\u011furganl\u0131\u011f\u0131 ile ya\u015fam katan, duru\u015fu ve \u00fcretkenli\u011fi ile de\u011fer katan, varl\u0131\u011f\u0131 ile renk katan kad\u0131nd\u0131r\u201d diyen Zerrin \u00dcstel, kad\u0131n\u0131n hayata katt\u0131\u011f\u0131 renkler gibi sanata katt\u0131\u011f\u0131 renkleri payla\u015fmak i\u00e7in bir arada bulunduklar\u0131n\u0131 vurgulad\u0131.<\/span><\/span><\/span><\/span><\/p>\n<p style=\"text-align:left\"><span style=\"font-size:16px\"><span style=\"font-family:Merriweather,serif !important\"><span style=\"color:#000000\"><span style=\"background-color:#ffffff\">Konu\u015fmalar\u0131n ard\u0131ndan, sergiye kat\u0131lan sanat\u00e7\u0131lara kat\u0131l\u0131m belgeleri Ba\u015fbakan \u00dcnal \u00dcstel ve Zerrin \u00dcstel taraf\u0131ndan verildi. Takdim t\u00f6reninin ard\u0131ndan da serginin a\u00e7\u0131l\u0131\u015f\u0131 ger\u00e7ekle\u015ftirildi.<\/span><\/span><\/span><\/span><\/p>\n<p style=\"text-align:left\"><span style=\"font-size:16px\"><span style=\"font-family:Merriweather,serif !important\"><span style=\"color:#000000\"><span style=\"background-color:#ffffff\">31 kad\u0131n sanat\u00e7\u0131n\u0131n 68 tablosundan olu\u015fan sergi 8 Mart Cuma g\u00fcn\u00fcne kadar gezile bilecek.<\/span><\/span><\/span><\/span><\/p>\n","protected":false},"excerpt":{"rendered":"<p>Girne \u00d6zg\u00fcrada Lions Kul\u00fcb\u00fcn\u00fcn d\u00fczenledi\u011fi 25\u2019inci geleneksel \u201cKad\u0131n D\u00fcnyas\u0131nda Renkler\u201d adl\u0131 resim sergisi a\u00e7\u0131ld\u0131. Lefko\u015fa \u0130smet Vehit G\u00fcney Sergi Salonu\u2019nda yer alan serginin a\u00e7\u0131l\u0131\u015f\u0131n\u0131 Ba\u015fbakan \u00dcnal \u00dcstel ve e\u015fi Zerrin \u00dcstel yapt\u0131. Serginin a\u00e7\u0131l\u0131\u015f\u0131nda konu\u015fan Girne \u00d6zg\u00fcrada Lions Kul\u00fcb\u00fc D\u00f6nem Ba\u015fkan\u0131 Bet\u00fcl Peuravi, serginin d\u00fczenlenmesinin 25\u2019inci y\u0131l\u0131 oldu\u011funu s\u00f6yleyerek katk\u0131 koyan herkese te\u015fekk\u00fcr etti. Kul\u00fcp<\/p>\n","protected":false},"author":1,"featured_media":32772,"comment_status":"open","ping_status":"open","sticky":false,"template":"","format":"standard","meta":{"footnotes":""},"categories":[85],"tags":[],"class_list":["post-32771","post","type-post","status-publish","format-standard","has-post-thumbnail","hentry","category-spor"],"yoast_head":"<!-- This site is optimized with the Yoast SEO plugin v27.5 - https:\/\/yoast.com\/product\/yoast-seo-wordpress\/ -->\n<title>Ba\u015fbakan \u00dcnal \u00dcstel ve e\u015fi Zerrin \u00dcstel, resim sergisinin a\u00e7\u0131l\u0131\u015f\u0131n\u0131 yapt\u0131 -<\/title>\n<meta name=\"robots\" content=\"index, follow, max-snippet:-1, max-image-preview:large, max-video-preview:-1\" \/>\n<link rel=\"canonical\" href=\"https:\/\/kibrisdakik.com\/?p=32771\" \/>\n<meta property=\"og:locale\" content=\"tr_TR\" \/>\n<meta property=\"og:type\" content=\"article\" \/>\n<meta property=\"og:title\" content=\"Ba\u015fbakan \u00dcnal \u00dcstel ve e\u015fi Zerrin \u00dcstel, resim sergisinin a\u00e7\u0131l\u0131\u015f\u0131n\u0131 yapt\u0131 -\" \/>\n<meta property=\"og:description\" content=\"Girne \u00d6zg\u00fcrada Lions Kul\u00fcb\u00fcn\u00fcn d\u00fczenledi\u011fi 25\u2019inci geleneksel \u201cKad\u0131n D\u00fcnyas\u0131nda Renkler\u201d adl\u0131 resim sergisi a\u00e7\u0131ld\u0131. Lefko\u015fa \u0130smet Vehit G\u00fcney Sergi Salonu\u2019nda yer alan serginin a\u00e7\u0131l\u0131\u015f\u0131n\u0131 Ba\u015fbakan \u00dcnal \u00dcstel ve e\u015fi Zerrin \u00dcstel yapt\u0131. Serginin a\u00e7\u0131l\u0131\u015f\u0131nda konu\u015fan Girne \u00d6zg\u00fcrada Lions Kul\u00fcb\u00fc D\u00f6nem Ba\u015fkan\u0131 Bet\u00fcl Peuravi, serginin d\u00fczenlenmesinin 25\u2019inci y\u0131l\u0131 oldu\u011funu s\u00f6yleyerek katk\u0131 koyan herkese te\u015fekk\u00fcr etti. Kul\u00fcp\" \/>\n<meta property=\"og:url\" content=\"https:\/\/kibrisdakik.com\/?p=32771\" \/>\n<meta property=\"article:published_time\" content=\"2024-03-07T01:56:15+00:00\" \/>\n<meta property=\"og:image\" content=\"https:\/\/kibrisdakik.com\/wp-content\/uploads\/2024\/03\/basbakan-unal-ustel-ve-esi-zerrin-ustel-resim-sergisinin-acilisini-yapti-1709736268.webp.webp\" \/>\n\t<meta property=\"og:image:width\" content=\"710\" \/>\n\t<meta property=\"og:image:height\" content=\"370\" \/>\n\t<meta property=\"og:image:type\" content=\"image\/webp\" \/>\n<meta name=\"author\" content=\"admin\" \/>\n<meta name=\"twitter:card\" content=\"summary_large_image\" \/>\n<meta name=\"twitter:label1\" content=\"Yazan:\" \/>\n\t<meta name=\"twitter:data1\" content=\"admin\" \/>\n\t<meta name=\"twitter:label2\" content=\"Tahmini okuma s\u00fcresi\" \/>\n\t<meta name=\"twitter:data2\" content=\"2 dakika\" \/>\n<script type=\"application\/ld+json\" class=\"yoast-schema-graph\">{\"@context\":\"https:\\\/\\\/schema.org\",\"@graph\":[{\"@type\":\"Article\",\"@id\":\"https:\\\/\\\/kibrisdakik.com\\\/?p=32771#article\",\"isPartOf\":{\"@id\":\"https:\\\/\\\/kibrisdakik.com\\\/?p=32771\"},\"author\":{\"name\":\"admin\",\"@id\":\"https:\\\/\\\/kibrisdakik.com\\\/#\\\/schema\\\/person\\\/9cd9d437bbb44f72b73ba127e06d8e79\"},\"headline\":\"Ba\u015fbakan \u00dcnal \u00dcstel ve e\u015fi Zerrin \u00dcstel, resim sergisinin a\u00e7\u0131l\u0131\u015f\u0131n\u0131 yapt\u0131\",\"datePublished\":\"2024-03-07T01:56:15+00:00\",\"mainEntityOfPage\":{\"@id\":\"https:\\\/\\\/kibrisdakik.com\\\/?p=32771\"},\"wordCount\":484,\"commentCount\":0,\"image\":{\"@id\":\"https:\\\/\\\/kibrisdakik.com\\\/?p=32771#primaryimage\"},\"thumbnailUrl\":\"https:\\\/\\\/kibrisdakik.com\\\/wp-content\\\/uploads\\\/2024\\\/03\\\/basbakan-unal-ustel-ve-esi-zerrin-ustel-resim-sergisinin-acilisini-yapti-1709736268.webp.webp\",\"articleSection\":[\"Spor\"],\"inLanguage\":\"tr\",\"potentialAction\":[{\"@type\":\"CommentAction\",\"name\":\"Comment\",\"target\":[\"https:\\\/\\\/kibrisdakik.com\\\/?p=32771#respond\"]}]},{\"@type\":\"WebPage\",\"@id\":\"https:\\\/\\\/kibrisdakik.com\\\/?p=32771\",\"url\":\"https:\\\/\\\/kibrisdakik.com\\\/?p=32771\",\"name\":\"Ba\u015fbakan \u00dcnal \u00dcstel ve e\u015fi Zerrin \u00dcstel, resim sergisinin a\u00e7\u0131l\u0131\u015f\u0131n\u0131 yapt\u0131 -\",\"isPartOf\":{\"@id\":\"https:\\\/\\\/kibrisdakik.com\\\/#website\"},\"primaryImageOfPage\":{\"@id\":\"https:\\\/\\\/kibrisdakik.com\\\/?p=32771#primaryimage\"},\"image\":{\"@id\":\"https:\\\/\\\/kibrisdakik.com\\\/?p=32771#primaryimage\"},\"thumbnailUrl\":\"https:\\\/\\\/kibrisdakik.com\\\/wp-content\\\/uploads\\\/2024\\\/03\\\/basbakan-unal-ustel-ve-esi-zerrin-ustel-resim-sergisinin-acilisini-yapti-1709736268.webp.webp\",\"datePublished\":\"2024-03-07T01:56:15+00:00\",\"author\":{\"@id\":\"https:\\\/\\\/kibrisdakik.com\\\/#\\\/schema\\\/person\\\/9cd9d437bbb44f72b73ba127e06d8e79\"},\"breadcrumb\":{\"@id\":\"https:\\\/\\\/kibrisdakik.com\\\/?p=32771#breadcrumb\"},\"inLanguage\":\"tr\",\"potentialAction\":[{\"@type\":\"ReadAction\",\"target\":[\"https:\\\/\\\/kibrisdakik.com\\\/?p=32771\"]}]},{\"@type\":\"ImageObject\",\"inLanguage\":\"tr\",\"@id\":\"https:\\\/\\\/kibrisdakik.com\\\/?p=32771#primaryimage\",\"url\":\"https:\\\/\\\/kibrisdakik.com\\\/wp-content\\\/uploads\\\/2024\\\/03\\\/basbakan-unal-ustel-ve-esi-zerrin-ustel-resim-sergisinin-acilisini-yapti-1709736268.webp.webp\",\"contentUrl\":\"https:\\\/\\\/kibrisdakik.com\\\/wp-content\\\/uploads\\\/2024\\\/03\\\/basbakan-unal-ustel-ve-esi-zerrin-ustel-resim-sergisinin-acilisini-yapti-1709736268.webp.webp\",\"width\":710,\"height\":370},{\"@type\":\"BreadcrumbList\",\"@id\":\"https:\\\/\\\/kibrisdakik.com\\\/?p=32771#breadcrumb\",\"itemListElement\":[{\"@type\":\"ListItem\",\"position\":1,\"name\":\"Home\",\"item\":\"https:\\\/\\\/kibrisdakik.com\\\/\"},{\"@type\":\"ListItem\",\"position\":2,\"name\":\"Ba\u015fbakan \u00dcnal \u00dcstel ve e\u015fi Zerrin \u00dcstel, resim sergisinin a\u00e7\u0131l\u0131\u015f\u0131n\u0131 yapt\u0131\"}]},{\"@type\":\"WebSite\",\"@id\":\"https:\\\/\\\/kibrisdakik.com\\\/#website\",\"url\":\"https:\\\/\\\/kibrisdakik.com\\\/\",\"name\":\"\",\"description\":\"Tam vaktinde haber\",\"potentialAction\":[{\"@type\":\"SearchAction\",\"target\":{\"@type\":\"EntryPoint\",\"urlTemplate\":\"https:\\\/\\\/kibrisdakik.com\\\/?s={search_term_string}\"},\"query-input\":{\"@type\":\"PropertyValueSpecification\",\"valueRequired\":true,\"valueName\":\"search_term_string\"}}],\"inLanguage\":\"tr\"},{\"@type\":\"Person\",\"@id\":\"https:\\\/\\\/kibrisdakik.com\\\/#\\\/schema\\\/person\\\/9cd9d437bbb44f72b73ba127e06d8e79\",\"name\":\"admin\",\"image\":{\"@type\":\"ImageObject\",\"inLanguage\":\"tr\",\"@id\":\"https:\\\/\\\/secure.gravatar.com\\\/avatar\\\/ccc17943b9d660506c869530f897617f7cb1c21a4bf30023f252596d83e1f007?s=96&d=mm&r=g\",\"url\":\"https:\\\/\\\/secure.gravatar.com\\\/avatar\\\/ccc17943b9d660506c869530f897617f7cb1c21a4bf30023f252596d83e1f007?s=96&d=mm&r=g\",\"contentUrl\":\"https:\\\/\\\/secure.gravatar.com\\\/avatar\\\/ccc17943b9d660506c869530f897617f7cb1c21a4bf30023f252596d83e1f007?s=96&d=mm&r=g\",\"caption\":\"admin\"},\"sameAs\":[\"https:\\\/\\\/kibrisdakik.com\"],\"url\":\"https:\\\/\\\/kibrisdakik.com\\\/?author=1\"}]}<\/script>\n<!-- \/ Yoast SEO plugin. -->","yoast_head_json":{"title":"Ba\u015fbakan \u00dcnal \u00dcstel ve e\u015fi Zerrin \u00dcstel, resim sergisinin a\u00e7\u0131l\u0131\u015f\u0131n\u0131 yapt\u0131 -","robots":{"index":"index","follow":"follow","max-snippet":"max-snippet:-1","max-image-preview":"max-image-preview:large","max-video-preview":"max-video-preview:-1"},"canonical":"https:\/\/kibrisdakik.com\/?p=32771","og_locale":"tr_TR","og_type":"article","og_title":"Ba\u015fbakan \u00dcnal \u00dcstel ve e\u015fi Zerrin \u00dcstel, resim sergisinin a\u00e7\u0131l\u0131\u015f\u0131n\u0131 yapt\u0131 -","og_description":"Girne \u00d6zg\u00fcrada Lions Kul\u00fcb\u00fcn\u00fcn d\u00fczenledi\u011fi 25\u2019inci geleneksel \u201cKad\u0131n D\u00fcnyas\u0131nda Renkler\u201d adl\u0131 resim sergisi a\u00e7\u0131ld\u0131. Lefko\u015fa \u0130smet Vehit G\u00fcney Sergi Salonu\u2019nda yer alan serginin a\u00e7\u0131l\u0131\u015f\u0131n\u0131 Ba\u015fbakan \u00dcnal \u00dcstel ve e\u015fi Zerrin \u00dcstel yapt\u0131. Serginin a\u00e7\u0131l\u0131\u015f\u0131nda konu\u015fan Girne \u00d6zg\u00fcrada Lions Kul\u00fcb\u00fc D\u00f6nem Ba\u015fkan\u0131 Bet\u00fcl Peuravi, serginin d\u00fczenlenmesinin 25\u2019inci y\u0131l\u0131 oldu\u011funu s\u00f6yleyerek katk\u0131 koyan herkese te\u015fekk\u00fcr etti. Kul\u00fcp","og_url":"https:\/\/kibrisdakik.com\/?p=32771","article_published_time":"2024-03-07T01:56:15+00:00","og_image":[{"width":710,"height":370,"url":"https:\/\/kibrisdakik.com\/wp-content\/uploads\/2024\/03\/basbakan-unal-ustel-ve-esi-zerrin-ustel-resim-sergisinin-acilisini-yapti-1709736268.webp.webp","type":"image\/webp"}],"author":"admin","twitter_card":"summary_large_image","twitter_misc":{"Yazan:":"admin","Tahmini okuma s\u00fcresi":"2 dakika"},"schema":{"@context":"https:\/\/schema.org","@graph":[{"@type":"Article","@id":"https:\/\/kibrisdakik.com\/?p=32771#article","isPartOf":{"@id":"https:\/\/kibrisdakik.com\/?p=32771"},"author":{"name":"admin","@id":"https:\/\/kibrisdakik.com\/#\/schema\/person\/9cd9d437bbb44f72b73ba127e06d8e79"},"headline":"Ba\u015fbakan \u00dcnal \u00dcstel ve e\u015fi Zerrin \u00dcstel, resim sergisinin a\u00e7\u0131l\u0131\u015f\u0131n\u0131 yapt\u0131","datePublished":"2024-03-07T01:56:15+00:00","mainEntityOfPage":{"@id":"https:\/\/kibrisdakik.com\/?p=32771"},"wordCount":484,"commentCount":0,"image":{"@id":"https:\/\/kibrisdakik.com\/?p=32771#primaryimage"},"thumbnailUrl":"https:\/\/kibrisdakik.com\/wp-content\/uploads\/2024\/03\/basbakan-unal-ustel-ve-esi-zerrin-ustel-resim-sergisinin-acilisini-yapti-1709736268.webp.webp","articleSection":["Spor"],"inLanguage":"tr","potentialAction":[{"@type":"CommentAction","name":"Comment","target":["https:\/\/kibrisdakik.com\/?p=32771#respond"]}]},{"@type":"WebPage","@id":"https:\/\/kibrisdakik.com\/?p=32771","url":"https:\/\/kibrisdakik.com\/?p=32771","name":"Ba\u015fbakan \u00dcnal \u00dcstel ve e\u015fi Zerrin \u00dcstel, resim sergisinin a\u00e7\u0131l\u0131\u015f\u0131n\u0131 yapt\u0131 -","isPartOf":{"@id":"https:\/\/kibrisdakik.com\/#website"},"primaryImageOfPage":{"@id":"https:\/\/kibrisdakik.com\/?p=32771#primaryimage"},"image":{"@id":"https:\/\/kibrisdakik.com\/?p=32771#primaryimage"},"thumbnailUrl":"https:\/\/kibrisdakik.com\/wp-content\/uploads\/2024\/03\/basbakan-unal-ustel-ve-esi-zerrin-ustel-resim-sergisinin-acilisini-yapti-1709736268.webp.webp","datePublished":"2024-03-07T01:56:15+00:00","author":{"@id":"https:\/\/kibrisdakik.com\/#\/schema\/person\/9cd9d437bbb44f72b73ba127e06d8e79"},"breadcrumb":{"@id":"https:\/\/kibrisdakik.com\/?p=32771#breadcrumb"},"inLanguage":"tr","potentialAction":[{"@type":"ReadAction","target":["https:\/\/kibrisdakik.com\/?p=32771"]}]},{"@type":"ImageObject","inLanguage":"tr","@id":"https:\/\/kibrisdakik.com\/?p=32771#primaryimage","url":"https:\/\/kibrisdakik.com\/wp-content\/uploads\/2024\/03\/basbakan-unal-ustel-ve-esi-zerrin-ustel-resim-sergisinin-acilisini-yapti-1709736268.webp.webp","contentUrl":"https:\/\/kibrisdakik.com\/wp-content\/uploads\/2024\/03\/basbakan-unal-ustel-ve-esi-zerrin-ustel-resim-sergisinin-acilisini-yapti-1709736268.webp.webp","width":710,"height":370},{"@type":"BreadcrumbList","@id":"https:\/\/kibrisdakik.com\/?p=32771#breadcrumb","itemListElement":[{"@type":"ListItem","position":1,"name":"Home","item":"https:\/\/kibrisdakik.com\/"},{"@type":"ListItem","position":2,"name":"Ba\u015fbakan \u00dcnal \u00dcstel ve e\u015fi Zerrin \u00dcstel, resim sergisinin a\u00e7\u0131l\u0131\u015f\u0131n\u0131 yapt\u0131"}]},{"@type":"WebSite","@id":"https:\/\/kibrisdakik.com\/#website","url":"https:\/\/kibrisdakik.com\/","name":"","description":"Tam vaktinde haber","potentialAction":[{"@type":"SearchAction","target":{"@type":"EntryPoint","urlTemplate":"https:\/\/kibrisdakik.com\/?s={search_term_string}"},"query-input":{"@type":"PropertyValueSpecification","valueRequired":true,"valueName":"search_term_string"}}],"inLanguage":"tr"},{"@type":"Person","@id":"https:\/\/kibrisdakik.com\/#\/schema\/person\/9cd9d437bbb44f72b73ba127e06d8e79","name":"admin","image":{"@type":"ImageObject","inLanguage":"tr","@id":"https:\/\/secure.gravatar.com\/avatar\/ccc17943b9d660506c869530f897617f7cb1c21a4bf30023f252596d83e1f007?s=96&d=mm&r=g","url":"https:\/\/secure.gravatar.com\/avatar\/ccc17943b9d660506c869530f897617f7cb1c21a4bf30023f252596d83e1f007?s=96&d=mm&r=g","contentUrl":"https:\/\/secure.gravatar.com\/avatar\/ccc17943b9d660506c869530f897617f7cb1c21a4bf30023f252596d83e1f007?s=96&d=mm&r=g","caption":"admin"},"sameAs":["https:\/\/kibrisdakik.com"],"url":"https:\/\/kibrisdakik.com\/?author=1"}]}},"_links":{"self":[{"href":"https:\/\/kibrisdakik.com\/index.php?rest_route=\/wp\/v2\/posts\/32771","targetHints":{"allow":["GET"]}}],"collection":[{"href":"https:\/\/kibrisdakik.com\/index.php?rest_route=\/wp\/v2\/posts"}],"about":[{"href":"https:\/\/kibrisdakik.com\/index.php?rest_route=\/wp\/v2\/types\/post"}],"author":[{"embeddable":true,"href":"https:\/\/kibrisdakik.com\/index.php?rest_route=\/wp\/v2\/users\/1"}],"replies":[{"embeddable":true,"href":"https:\/\/kibrisdakik.com\/index.php?rest_route=%2Fwp%2Fv2%2Fcomments&post=32771"}],"version-history":[{"count":0,"href":"https:\/\/kibrisdakik.com\/index.php?rest_route=\/wp\/v2\/posts\/32771\/revisions"}],"wp:featuredmedia":[{"embeddable":true,"href":"https:\/\/kibrisdakik.com\/index.php?rest_route=\/wp\/v2\/media\/32772"}],"wp:attachment":[{"href":"https:\/\/kibrisdakik.com\/index.php?rest_route=%2Fwp%2Fv2%2Fmedia&parent=32771"}],"wp:term":[{"taxonomy":"category","embeddable":true,"href":"https:\/\/kibrisdakik.com\/index.php?rest_route=%2Fwp%2Fv2%2Fcategories&post=32771"},{"taxonomy":"post_tag","embeddable":true,"href":"https:\/\/kibrisdakik.com\/index.php?rest_route=%2Fwp%2Fv2%2Ftags&post=32771"}],"curies":[{"name":"wp","href":"https:\/\/api.w.org\/{rel}","templated":true}]}}