{"id":32805,"date":"2024-03-07T08:03:56","date_gmt":"2024-03-07T08:03:56","guid":{"rendered":"https:\/\/kibrisdakik.com\/index.php\/2024\/03\/07\/irsen-kucuk-5inci-olum-yil-donumunde-aniliyor\/"},"modified":"2024-03-07T08:03:56","modified_gmt":"2024-03-07T08:03:56","slug":"irsen-kucuk-5inci-olum-yil-donumunde-aniliyor","status":"publish","type":"post","link":"https:\/\/kibrisdakik.com\/?p=32805","title":{"rendered":"\u0130rsen K\u00fc\u00e7\u00fck 5\u2019inci \u00f6l\u00fcm y\u0131l d\u00f6n\u00fcm\u00fcnde an\u0131l\u0131yor"},"content":{"rendered":"<p><img decoding=\"async\" src=\"https:\/\/www.kibristurk.com\/images\/haberler\/2024\/03\/irsen-kucuk-5inci-olum-yil-donumunde-aniliyor-1709798079.webp\" \/><\/p>\n<p style=\"text-align:left\"><span style=\"font-size:16px\"><span style=\"font-family:Merriweather,serif !important\"><span style=\"color:#000000\"><span style=\"background-color:#ffffff\">E\u015fi G\u00fclin K\u00fc\u00e7\u00fck\u2019\u00fcn verdi\u011fi bilgiye g\u00f6re, K\u0131br\u0131s T\u00fcrk halk\u0131n\u0131n milli m\u00fccadelesine Erenk\u00f6y M\u00fccahidi olarak katk\u0131 koyan, K\u0131br\u0131s T\u00fcrk siyasi ya\u015fam\u0131nda Kurucu Meclis \u00fcyesi, milletvekili, bakan ve ba\u015fbakan olarak uzun y\u0131llar \u00fclkeye hizmet veren merhum \u0130rsen K\u00fc\u00e7\u00fck\u2019\u00fcn 5\u2019inci \u00f6l\u00fcm y\u0131l d\u00f6n\u00fcm\u00fc nedeniyle pazar g\u00fcn\u00fc saat 11.00\u2019de mezar\u0131 ba\u015f\u0131nda anma t\u00f6reni d\u00fczenlenecek.<\/span><\/span><\/span><\/span><\/p>\n<p style=\"text-align:left\"><span style=\"font-size:16px\"><span style=\"font-family:Merriweather,serif !important\"><span style=\"color:#000000\"><span style=\"background-color:#ffffff\">2010-13 y\u0131llar\u0131 aras\u0131nda Ba\u015fbakan olarak g\u00f6rev yapan K\u00fc\u00e7\u00fck, 10 Mart 2019\u2019da 79 ya\u015f\u0131ndayken kalp yetmezli\u011finden hayat\u0131n\u0131 kaybetmi\u015fti.<\/span><\/span><\/span><\/span><\/p>\n","protected":false},"excerpt":{"rendered":"<p>E\u015fi G\u00fclin K\u00fc\u00e7\u00fck\u2019\u00fcn verdi\u011fi bilgiye g\u00f6re, K\u0131br\u0131s T\u00fcrk halk\u0131n\u0131n milli m\u00fccadelesine Erenk\u00f6y M\u00fccahidi olarak katk\u0131 koyan, K\u0131br\u0131s T\u00fcrk siyasi ya\u015fam\u0131nda Kurucu Meclis \u00fcyesi, milletvekili, bakan ve ba\u015fbakan olarak uzun y\u0131llar \u00fclkeye hizmet veren merhum \u0130rsen K\u00fc\u00e7\u00fck\u2019\u00fcn 5\u2019inci \u00f6l\u00fcm y\u0131l d\u00f6n\u00fcm\u00fc nedeniyle pazar g\u00fcn\u00fc saat 11.00\u2019de mezar\u0131 ba\u015f\u0131nda anma t\u00f6reni d\u00fczenlenecek. 2010-13 y\u0131llar\u0131 aras\u0131nda Ba\u015fbakan olarak<\/p>\n","protected":false},"author":1,"featured_media":32806,"comment_status":"open","ping_status":"open","sticky":false,"template":"","format":"standard","meta":{"footnotes":""},"categories":[85],"tags":[],"class_list":["post-32805","post","type-post","status-publish","format-standard","has-post-thumbnail","hentry","category-spor"],"yoast_head":"<!-- This site is optimized with the Yoast SEO plugin v27.5 - https:\/\/yoast.com\/product\/yoast-seo-wordpress\/ -->\n<title>\u0130rsen K\u00fc\u00e7\u00fck 5\u2019inci \u00f6l\u00fcm y\u0131l d\u00f6n\u00fcm\u00fcnde an\u0131l\u0131yor -<\/title>\n<meta name=\"robots\" content=\"index, follow, max-snippet:-1, max-image-preview:large, max-video-preview:-1\" \/>\n<link rel=\"canonical\" href=\"https:\/\/kibrisdakik.com\/?p=32805\" \/>\n<meta property=\"og:locale\" content=\"tr_TR\" \/>\n<meta property=\"og:type\" content=\"article\" \/>\n<meta property=\"og:title\" content=\"\u0130rsen K\u00fc\u00e7\u00fck 5\u2019inci \u00f6l\u00fcm y\u0131l d\u00f6n\u00fcm\u00fcnde an\u0131l\u0131yor -\" \/>\n<meta property=\"og:description\" content=\"E\u015fi G\u00fclin K\u00fc\u00e7\u00fck\u2019\u00fcn verdi\u011fi bilgiye g\u00f6re, K\u0131br\u0131s T\u00fcrk halk\u0131n\u0131n milli m\u00fccadelesine Erenk\u00f6y M\u00fccahidi olarak katk\u0131 koyan, K\u0131br\u0131s T\u00fcrk siyasi ya\u015fam\u0131nda Kurucu Meclis \u00fcyesi, milletvekili, bakan ve ba\u015fbakan olarak uzun y\u0131llar \u00fclkeye hizmet veren merhum \u0130rsen K\u00fc\u00e7\u00fck\u2019\u00fcn 5\u2019inci \u00f6l\u00fcm y\u0131l d\u00f6n\u00fcm\u00fc nedeniyle pazar g\u00fcn\u00fc saat 11.00\u2019de mezar\u0131 ba\u015f\u0131nda anma t\u00f6reni d\u00fczenlenecek. 2010-13 y\u0131llar\u0131 aras\u0131nda Ba\u015fbakan olarak\" \/>\n<meta property=\"og:url\" content=\"https:\/\/kibrisdakik.com\/?p=32805\" \/>\n<meta property=\"article:published_time\" content=\"2024-03-07T08:03:56+00:00\" \/>\n<meta property=\"og:image\" content=\"https:\/\/kibrisdakik.com\/wp-content\/uploads\/2024\/03\/irsen-kucuk-5inci-olum-yil-donumunde-aniliyor-1709798079.webp.webp\" \/>\n\t<meta property=\"og:image:width\" content=\"710\" \/>\n\t<meta property=\"og:image:height\" content=\"370\" \/>\n\t<meta property=\"og:image:type\" content=\"image\/webp\" \/>\n<meta name=\"author\" content=\"admin\" \/>\n<meta name=\"twitter:card\" content=\"summary_large_image\" \/>\n<meta name=\"twitter:label1\" content=\"Yazan:\" \/>\n\t<meta name=\"twitter:data1\" content=\"admin\" \/>\n\t<meta name=\"twitter:label2\" content=\"Tahmini okuma s\u00fcresi\" \/>\n\t<meta name=\"twitter:data2\" content=\"1 dakika\" \/>\n<script type=\"application\/ld+json\" class=\"yoast-schema-graph\">{\"@context\":\"https:\\\/\\\/schema.org\",\"@graph\":[{\"@type\":\"Article\",\"@id\":\"https:\\\/\\\/kibrisdakik.com\\\/?p=32805#article\",\"isPartOf\":{\"@id\":\"https:\\\/\\\/kibrisdakik.com\\\/?p=32805\"},\"author\":{\"name\":\"admin\",\"@id\":\"https:\\\/\\\/kibrisdakik.com\\\/#\\\/schema\\\/person\\\/9cd9d437bbb44f72b73ba127e06d8e79\"},\"headline\":\"\u0130rsen K\u00fc\u00e7\u00fck 5\u2019inci \u00f6l\u00fcm y\u0131l d\u00f6n\u00fcm\u00fcnde an\u0131l\u0131yor\",\"datePublished\":\"2024-03-07T08:03:56+00:00\",\"mainEntityOfPage\":{\"@id\":\"https:\\\/\\\/kibrisdakik.com\\\/?p=32805\"},\"wordCount\":120,\"commentCount\":0,\"image\":{\"@id\":\"https:\\\/\\\/kibrisdakik.com\\\/?p=32805#primaryimage\"},\"thumbnailUrl\":\"https:\\\/\\\/kibrisdakik.com\\\/wp-content\\\/uploads\\\/2024\\\/03\\\/irsen-kucuk-5inci-olum-yil-donumunde-aniliyor-1709798079.webp.webp\",\"articleSection\":[\"Spor\"],\"inLanguage\":\"tr\",\"potentialAction\":[{\"@type\":\"CommentAction\",\"name\":\"Comment\",\"target\":[\"https:\\\/\\\/kibrisdakik.com\\\/?p=32805#respond\"]}]},{\"@type\":\"WebPage\",\"@id\":\"https:\\\/\\\/kibrisdakik.com\\\/?p=32805\",\"url\":\"https:\\\/\\\/kibrisdakik.com\\\/?p=32805\",\"name\":\"\u0130rsen K\u00fc\u00e7\u00fck 5\u2019inci \u00f6l\u00fcm y\u0131l d\u00f6n\u00fcm\u00fcnde an\u0131l\u0131yor -\",\"isPartOf\":{\"@id\":\"https:\\\/\\\/kibrisdakik.com\\\/#website\"},\"primaryImageOfPage\":{\"@id\":\"https:\\\/\\\/kibrisdakik.com\\\/?p=32805#primaryimage\"},\"image\":{\"@id\":\"https:\\\/\\\/kibrisdakik.com\\\/?p=32805#primaryimage\"},\"thumbnailUrl\":\"https:\\\/\\\/kibrisdakik.com\\\/wp-content\\\/uploads\\\/2024\\\/03\\\/irsen-kucuk-5inci-olum-yil-donumunde-aniliyor-1709798079.webp.webp\",\"datePublished\":\"2024-03-07T08:03:56+00:00\",\"author\":{\"@id\":\"https:\\\/\\\/kibrisdakik.com\\\/#\\\/schema\\\/person\\\/9cd9d437bbb44f72b73ba127e06d8e79\"},\"breadcrumb\":{\"@id\":\"https:\\\/\\\/kibrisdakik.com\\\/?p=32805#breadcrumb\"},\"inLanguage\":\"tr\",\"potentialAction\":[{\"@type\":\"ReadAction\",\"target\":[\"https:\\\/\\\/kibrisdakik.com\\\/?p=32805\"]}]},{\"@type\":\"ImageObject\",\"inLanguage\":\"tr\",\"@id\":\"https:\\\/\\\/kibrisdakik.com\\\/?p=32805#primaryimage\",\"url\":\"https:\\\/\\\/kibrisdakik.com\\\/wp-content\\\/uploads\\\/2024\\\/03\\\/irsen-kucuk-5inci-olum-yil-donumunde-aniliyor-1709798079.webp.webp\",\"contentUrl\":\"https:\\\/\\\/kibrisdakik.com\\\/wp-content\\\/uploads\\\/2024\\\/03\\\/irsen-kucuk-5inci-olum-yil-donumunde-aniliyor-1709798079.webp.webp\",\"width\":710,\"height\":370},{\"@type\":\"BreadcrumbList\",\"@id\":\"https:\\\/\\\/kibrisdakik.com\\\/?p=32805#breadcrumb\",\"itemListElement\":[{\"@type\":\"ListItem\",\"position\":1,\"name\":\"Home\",\"item\":\"https:\\\/\\\/kibrisdakik.com\\\/\"},{\"@type\":\"ListItem\",\"position\":2,\"name\":\"\u0130rsen K\u00fc\u00e7\u00fck 5\u2019inci \u00f6l\u00fcm y\u0131l d\u00f6n\u00fcm\u00fcnde an\u0131l\u0131yor\"}]},{\"@type\":\"WebSite\",\"@id\":\"https:\\\/\\\/kibrisdakik.com\\\/#website\",\"url\":\"https:\\\/\\\/kibrisdakik.com\\\/\",\"name\":\"\",\"description\":\"Tam vaktinde haber\",\"potentialAction\":[{\"@type\":\"SearchAction\",\"target\":{\"@type\":\"EntryPoint\",\"urlTemplate\":\"https:\\\/\\\/kibrisdakik.com\\\/?s={search_term_string}\"},\"query-input\":{\"@type\":\"PropertyValueSpecification\",\"valueRequired\":true,\"valueName\":\"search_term_string\"}}],\"inLanguage\":\"tr\"},{\"@type\":\"Person\",\"@id\":\"https:\\\/\\\/kibrisdakik.com\\\/#\\\/schema\\\/person\\\/9cd9d437bbb44f72b73ba127e06d8e79\",\"name\":\"admin\",\"image\":{\"@type\":\"ImageObject\",\"inLanguage\":\"tr\",\"@id\":\"https:\\\/\\\/secure.gravatar.com\\\/avatar\\\/ccc17943b9d660506c869530f897617f7cb1c21a4bf30023f252596d83e1f007?s=96&d=mm&r=g\",\"url\":\"https:\\\/\\\/secure.gravatar.com\\\/avatar\\\/ccc17943b9d660506c869530f897617f7cb1c21a4bf30023f252596d83e1f007?s=96&d=mm&r=g\",\"contentUrl\":\"https:\\\/\\\/secure.gravatar.com\\\/avatar\\\/ccc17943b9d660506c869530f897617f7cb1c21a4bf30023f252596d83e1f007?s=96&d=mm&r=g\",\"caption\":\"admin\"},\"sameAs\":[\"https:\\\/\\\/kibrisdakik.com\"],\"url\":\"https:\\\/\\\/kibrisdakik.com\\\/?author=1\"}]}<\/script>\n<!-- \/ Yoast SEO plugin. -->","yoast_head_json":{"title":"\u0130rsen K\u00fc\u00e7\u00fck 5\u2019inci \u00f6l\u00fcm y\u0131l d\u00f6n\u00fcm\u00fcnde an\u0131l\u0131yor -","robots":{"index":"index","follow":"follow","max-snippet":"max-snippet:-1","max-image-preview":"max-image-preview:large","max-video-preview":"max-video-preview:-1"},"canonical":"https:\/\/kibrisdakik.com\/?p=32805","og_locale":"tr_TR","og_type":"article","og_title":"\u0130rsen K\u00fc\u00e7\u00fck 5\u2019inci \u00f6l\u00fcm y\u0131l d\u00f6n\u00fcm\u00fcnde an\u0131l\u0131yor -","og_description":"E\u015fi G\u00fclin K\u00fc\u00e7\u00fck\u2019\u00fcn verdi\u011fi bilgiye g\u00f6re, K\u0131br\u0131s T\u00fcrk halk\u0131n\u0131n milli m\u00fccadelesine Erenk\u00f6y M\u00fccahidi olarak katk\u0131 koyan, K\u0131br\u0131s T\u00fcrk siyasi ya\u015fam\u0131nda Kurucu Meclis \u00fcyesi, milletvekili, bakan ve ba\u015fbakan olarak uzun y\u0131llar \u00fclkeye hizmet veren merhum \u0130rsen K\u00fc\u00e7\u00fck\u2019\u00fcn 5\u2019inci \u00f6l\u00fcm y\u0131l d\u00f6n\u00fcm\u00fc nedeniyle pazar g\u00fcn\u00fc saat 11.00\u2019de mezar\u0131 ba\u015f\u0131nda anma t\u00f6reni d\u00fczenlenecek. 2010-13 y\u0131llar\u0131 aras\u0131nda Ba\u015fbakan olarak","og_url":"https:\/\/kibrisdakik.com\/?p=32805","article_published_time":"2024-03-07T08:03:56+00:00","og_image":[{"width":710,"height":370,"url":"https:\/\/kibrisdakik.com\/wp-content\/uploads\/2024\/03\/irsen-kucuk-5inci-olum-yil-donumunde-aniliyor-1709798079.webp.webp","type":"image\/webp"}],"author":"admin","twitter_card":"summary_large_image","twitter_misc":{"Yazan:":"admin","Tahmini okuma s\u00fcresi":"1 dakika"},"schema":{"@context":"https:\/\/schema.org","@graph":[{"@type":"Article","@id":"https:\/\/kibrisdakik.com\/?p=32805#article","isPartOf":{"@id":"https:\/\/kibrisdakik.com\/?p=32805"},"author":{"name":"admin","@id":"https:\/\/kibrisdakik.com\/#\/schema\/person\/9cd9d437bbb44f72b73ba127e06d8e79"},"headline":"\u0130rsen K\u00fc\u00e7\u00fck 5\u2019inci \u00f6l\u00fcm y\u0131l d\u00f6n\u00fcm\u00fcnde an\u0131l\u0131yor","datePublished":"2024-03-07T08:03:56+00:00","mainEntityOfPage":{"@id":"https:\/\/kibrisdakik.com\/?p=32805"},"wordCount":120,"commentCount":0,"image":{"@id":"https:\/\/kibrisdakik.com\/?p=32805#primaryimage"},"thumbnailUrl":"https:\/\/kibrisdakik.com\/wp-content\/uploads\/2024\/03\/irsen-kucuk-5inci-olum-yil-donumunde-aniliyor-1709798079.webp.webp","articleSection":["Spor"],"inLanguage":"tr","potentialAction":[{"@type":"CommentAction","name":"Comment","target":["https:\/\/kibrisdakik.com\/?p=32805#respond"]}]},{"@type":"WebPage","@id":"https:\/\/kibrisdakik.com\/?p=32805","url":"https:\/\/kibrisdakik.com\/?p=32805","name":"\u0130rsen K\u00fc\u00e7\u00fck 5\u2019inci \u00f6l\u00fcm y\u0131l d\u00f6n\u00fcm\u00fcnde an\u0131l\u0131yor -","isPartOf":{"@id":"https:\/\/kibrisdakik.com\/#website"},"primaryImageOfPage":{"@id":"https:\/\/kibrisdakik.com\/?p=32805#primaryimage"},"image":{"@id":"https:\/\/kibrisdakik.com\/?p=32805#primaryimage"},"thumbnailUrl":"https:\/\/kibrisdakik.com\/wp-content\/uploads\/2024\/03\/irsen-kucuk-5inci-olum-yil-donumunde-aniliyor-1709798079.webp.webp","datePublished":"2024-03-07T08:03:56+00:00","author":{"@id":"https:\/\/kibrisdakik.com\/#\/schema\/person\/9cd9d437bbb44f72b73ba127e06d8e79"},"breadcrumb":{"@id":"https:\/\/kibrisdakik.com\/?p=32805#breadcrumb"},"inLanguage":"tr","potentialAction":[{"@type":"ReadAction","target":["https:\/\/kibrisdakik.com\/?p=32805"]}]},{"@type":"ImageObject","inLanguage":"tr","@id":"https:\/\/kibrisdakik.com\/?p=32805#primaryimage","url":"https:\/\/kibrisdakik.com\/wp-content\/uploads\/2024\/03\/irsen-kucuk-5inci-olum-yil-donumunde-aniliyor-1709798079.webp.webp","contentUrl":"https:\/\/kibrisdakik.com\/wp-content\/uploads\/2024\/03\/irsen-kucuk-5inci-olum-yil-donumunde-aniliyor-1709798079.webp.webp","width":710,"height":370},{"@type":"BreadcrumbList","@id":"https:\/\/kibrisdakik.com\/?p=32805#breadcrumb","itemListElement":[{"@type":"ListItem","position":1,"name":"Home","item":"https:\/\/kibrisdakik.com\/"},{"@type":"ListItem","position":2,"name":"\u0130rsen K\u00fc\u00e7\u00fck 5\u2019inci \u00f6l\u00fcm y\u0131l d\u00f6n\u00fcm\u00fcnde an\u0131l\u0131yor"}]},{"@type":"WebSite","@id":"https:\/\/kibrisdakik.com\/#website","url":"https:\/\/kibrisdakik.com\/","name":"","description":"Tam vaktinde haber","potentialAction":[{"@type":"SearchAction","target":{"@type":"EntryPoint","urlTemplate":"https:\/\/kibrisdakik.com\/?s={search_term_string}"},"query-input":{"@type":"PropertyValueSpecification","valueRequired":true,"valueName":"search_term_string"}}],"inLanguage":"tr"},{"@type":"Person","@id":"https:\/\/kibrisdakik.com\/#\/schema\/person\/9cd9d437bbb44f72b73ba127e06d8e79","name":"admin","image":{"@type":"ImageObject","inLanguage":"tr","@id":"https:\/\/secure.gravatar.com\/avatar\/ccc17943b9d660506c869530f897617f7cb1c21a4bf30023f252596d83e1f007?s=96&d=mm&r=g","url":"https:\/\/secure.gravatar.com\/avatar\/ccc17943b9d660506c869530f897617f7cb1c21a4bf30023f252596d83e1f007?s=96&d=mm&r=g","contentUrl":"https:\/\/secure.gravatar.com\/avatar\/ccc17943b9d660506c869530f897617f7cb1c21a4bf30023f252596d83e1f007?s=96&d=mm&r=g","caption":"admin"},"sameAs":["https:\/\/kibrisdakik.com"],"url":"https:\/\/kibrisdakik.com\/?author=1"}]}},"_links":{"self":[{"href":"https:\/\/kibrisdakik.com\/index.php?rest_route=\/wp\/v2\/posts\/32805","targetHints":{"allow":["GET"]}}],"collection":[{"href":"https:\/\/kibrisdakik.com\/index.php?rest_route=\/wp\/v2\/posts"}],"about":[{"href":"https:\/\/kibrisdakik.com\/index.php?rest_route=\/wp\/v2\/types\/post"}],"author":[{"embeddable":true,"href":"https:\/\/kibrisdakik.com\/index.php?rest_route=\/wp\/v2\/users\/1"}],"replies":[{"embeddable":true,"href":"https:\/\/kibrisdakik.com\/index.php?rest_route=%2Fwp%2Fv2%2Fcomments&post=32805"}],"version-history":[{"count":0,"href":"https:\/\/kibrisdakik.com\/index.php?rest_route=\/wp\/v2\/posts\/32805\/revisions"}],"wp:featuredmedia":[{"embeddable":true,"href":"https:\/\/kibrisdakik.com\/index.php?rest_route=\/wp\/v2\/media\/32806"}],"wp:attachment":[{"href":"https:\/\/kibrisdakik.com\/index.php?rest_route=%2Fwp%2Fv2%2Fmedia&parent=32805"}],"wp:term":[{"taxonomy":"category","embeddable":true,"href":"https:\/\/kibrisdakik.com\/index.php?rest_route=%2Fwp%2Fv2%2Fcategories&post=32805"},{"taxonomy":"post_tag","embeddable":true,"href":"https:\/\/kibrisdakik.com\/index.php?rest_route=%2Fwp%2Fv2%2Ftags&post=32805"}],"curies":[{"name":"wp","href":"https:\/\/api.w.org\/{rel}","templated":true}]}}