{"id":32834,"date":"2024-03-07T12:07:49","date_gmt":"2024-03-07T12:07:49","guid":{"rendered":"https:\/\/kibrisdakik.com\/index.php\/2024\/03\/07\/7-14-mart-tarihleri-arasinda-duzenlenecek-ktsyd-hentbol-kupasinda-ilk-maclar-bugun-oynanacak\/"},"modified":"2024-03-07T12:07:49","modified_gmt":"2024-03-07T12:07:49","slug":"7-14-mart-tarihleri-arasinda-duzenlenecek-ktsyd-hentbol-kupasinda-ilk-maclar-bugun-oynanacak","status":"publish","type":"post","link":"https:\/\/kibrisdakik.com\/?p=32834","title":{"rendered":"7-14 Mart tarihleri aras\u0131nda d\u00fczenlenecek KTSYD Hentbol Kupas\u0131\u2019nda ilk ma\u00e7lar bug\u00fcn oynanacak"},"content":{"rendered":"<p><img decoding=\"async\" src=\"https:\/\/www.kibristurk.com\/images\/haberler\/2024\/03\/7-14-mart-tarihleri-arasinda-duzenlenecek-ktsyd-hentbol-kupasinda-ilk-maclar-bugun-oynanacak-1709812659.webp\" \/><\/p>\n<p>KTSYD \u00d6zcan \u00d6zcanhan Konferans Salonu\u2019nda ger\u00e7ekle\u015ftirilen toplant\u0131da KTSYD Ba\u015fkan\u0131<br \/>\nNecati \u00d6zsoy ve Hentbol Federasyonu Ba\u015fkan\u0131 Ediz Ar\u0131kan birer konu\u015fma ger\u00e7ekle\u015ftirdi.<br \/>\n\u00d6zsoy: Futbol d\u0131\u015f\u0131ndaki bran\u015flarla i\u015fbirli\u011fi yapmaya devam edece\u011fiz<br \/>\nKTSYD Ba\u015fkan\u0131 Necati \u00d6zsoy, g\u00f6reve geldikleri g\u00fcnden itibaren faaliyet programlar\u0131<br \/>\ni\u00e7erisinde futbol d\u0131\u015f\u0131ndaki bran\u015flarda organizasyon yapmay\u0131 planlad\u0131klar\u0131n\u0131 ve bunu hayata<br \/>\nge\u00e7irdiklerinin alt\u0131n\u0131 \u00e7izdi.<br \/>\n\u00d6zsoy, daha \u00f6nceki y\u0131llarda da KTSYD\u2019nin b\u00f6ylesi organizasyonlara \u00f6nem veren bir dernek<br \/>\noldu\u011funu, kendilerinin de bunun devam\u0131n\u0131 getirdiklerini s\u00f6yledi. \u00d6zsoy, turnuvan\u0131n hay\u0131rl\u0131<br \/>\nolmas\u0131n\u0131 temenni ederken, t\u00fcm tak\u0131mlara da ba\u015far\u0131lar diledi.<br \/>\nAr\u0131kan: Hentbolda KTSYD Kupas\u0131na \u00d6nem Veriyoruz<br \/>\nKKTC Hentbol Federasyonu Ba\u015fkan\u0131 Ediz Ar\u0131kan ise hentbolda KTSYD Kupas\u0131\u2019n\u0131n \u00f6nem<br \/>\nverdikleri bir organizasyon oldu\u011funu s\u00f6yledi.<br \/>\nAr\u0131kan, bu kupa kapsam\u0131nda T\u00fcrkiye Merkez Hakem Kurulu ba\u015fkan\u0131n\u0131n yan\u0131nda A klasman<br \/>\niki \u00e7ift hakemin gelece\u011fini ve ma\u00e7larda g\u00f6rev alaca\u011f\u0131n\u0131 kaydetti. Ar\u0131kan son olarak t\u00fcm<br \/>\ntak\u0131mlara da ba\u015far\u0131lar dilerken, ma\u00e7lar\u0131n centilmence ge\u00e7mesini temenni etti.<br \/>\nKonu\u015fmalar\u0131n ard\u0131ndan ger\u00e7ekle\u015fen kura \u00e7ekimi ve ma\u00e7 program\u0131 belli oldu. T\u00fcm ma\u00e7lar<br \/>\nLefko\u015fa Atat\u00fcrk Spor Salonu\u2019nda oynanacak. Yar\u0131 final ma\u00e7lar\u0131nda galip gelecek tak\u0131mlar 14<br \/>\nMart Per\u015fembe ak\u015fam\u0131 final m\u00fccadelesinde kar\u015f\u0131 kar\u015f\u0131ya gelecek.<br \/>\nMa\u00e7 Program\u0131:<br \/>\nBug\u00fcn<br \/>\nSaat 18:30 Esentepe-\u015eahlan (Kad\u0131nlar Yar\u0131 Final)<br \/>\nSaat 20:00 Gen\u00e7lik G\u00fcc\u00fc-Ta\u015fk\u0131nk\u00f6y (Erkekler Yar\u0131 Final)<br \/>\n11 Mart Pazartesi:<br \/>\nSaat 18:00 UK\u00dc-Y\u00fckseli\u015f (Erkekler Yar\u0131 Final)<br \/>\nSaat 20:00 D\u0130GEM-UK\u00dc (Kad\u0131nlar Yar\u0131 Final)<br \/>\n14 Mart Per\u015fembe:<br \/>\nSaat 18:30 Erkekler Finali<br \/>\nSaat 20:00 Kad\u0131nlar Finali<\/p>\n","protected":false},"excerpt":{"rendered":"<p>KTSYD \u00d6zcan \u00d6zcanhan Konferans Salonu\u2019nda ger\u00e7ekle\u015ftirilen toplant\u0131da KTSYD Ba\u015fkan\u0131 Necati \u00d6zsoy ve Hentbol Federasyonu Ba\u015fkan\u0131 Ediz Ar\u0131kan birer konu\u015fma ger\u00e7ekle\u015ftirdi. \u00d6zsoy: Futbol d\u0131\u015f\u0131ndaki bran\u015flarla i\u015fbirli\u011fi yapmaya devam edece\u011fiz KTSYD Ba\u015fkan\u0131 Necati \u00d6zsoy, g\u00f6reve geldikleri g\u00fcnden itibaren faaliyet programlar\u0131 i\u00e7erisinde futbol d\u0131\u015f\u0131ndaki bran\u015flarda organizasyon yapmay\u0131 planlad\u0131klar\u0131n\u0131 ve bunu hayata ge\u00e7irdiklerinin alt\u0131n\u0131 \u00e7izdi. \u00d6zsoy, daha \u00f6nceki y\u0131llarda<\/p>\n","protected":false},"author":1,"featured_media":32835,"comment_status":"open","ping_status":"open","sticky":false,"template":"","format":"standard","meta":{"footnotes":""},"categories":[85],"tags":[],"class_list":["post-32834","post","type-post","status-publish","format-standard","has-post-thumbnail","hentry","category-spor"],"yoast_head":"<!-- This site is optimized with the Yoast SEO plugin v27.5 - https:\/\/yoast.com\/product\/yoast-seo-wordpress\/ -->\n<title>7-14 Mart tarihleri aras\u0131nda d\u00fczenlenecek KTSYD Hentbol Kupas\u0131\u2019nda ilk ma\u00e7lar bug\u00fcn oynanacak -<\/title>\n<meta name=\"robots\" content=\"index, follow, max-snippet:-1, max-image-preview:large, max-video-preview:-1\" \/>\n<link rel=\"canonical\" href=\"https:\/\/kibrisdakik.com\/?p=32834\" \/>\n<meta property=\"og:locale\" content=\"tr_TR\" \/>\n<meta property=\"og:type\" content=\"article\" \/>\n<meta property=\"og:title\" content=\"7-14 Mart tarihleri aras\u0131nda d\u00fczenlenecek KTSYD Hentbol Kupas\u0131\u2019nda ilk ma\u00e7lar bug\u00fcn oynanacak -\" \/>\n<meta property=\"og:description\" content=\"KTSYD \u00d6zcan \u00d6zcanhan Konferans Salonu\u2019nda ger\u00e7ekle\u015ftirilen toplant\u0131da KTSYD Ba\u015fkan\u0131 Necati \u00d6zsoy ve Hentbol Federasyonu Ba\u015fkan\u0131 Ediz Ar\u0131kan birer konu\u015fma ger\u00e7ekle\u015ftirdi. \u00d6zsoy: Futbol d\u0131\u015f\u0131ndaki bran\u015flarla i\u015fbirli\u011fi yapmaya devam edece\u011fiz KTSYD Ba\u015fkan\u0131 Necati \u00d6zsoy, g\u00f6reve geldikleri g\u00fcnden itibaren faaliyet programlar\u0131 i\u00e7erisinde futbol d\u0131\u015f\u0131ndaki bran\u015flarda organizasyon yapmay\u0131 planlad\u0131klar\u0131n\u0131 ve bunu hayata ge\u00e7irdiklerinin alt\u0131n\u0131 \u00e7izdi. \u00d6zsoy, daha \u00f6nceki y\u0131llarda\" \/>\n<meta property=\"og:url\" content=\"https:\/\/kibrisdakik.com\/?p=32834\" \/>\n<meta property=\"article:published_time\" content=\"2024-03-07T12:07:49+00:00\" \/>\n<meta property=\"og:image\" content=\"https:\/\/kibrisdakik.com\/wp-content\/uploads\/2024\/03\/7-14-mart-tarihleri-arasinda-duzenlenecek-ktsyd-hentbol-kupasinda-ilk-maclar-bugun-oynanacak-1709812659.webp.webp\" \/>\n\t<meta property=\"og:image:width\" content=\"710\" \/>\n\t<meta property=\"og:image:height\" content=\"370\" \/>\n\t<meta property=\"og:image:type\" content=\"image\/webp\" \/>\n<meta name=\"author\" content=\"admin\" \/>\n<meta name=\"twitter:card\" content=\"summary_large_image\" \/>\n<meta name=\"twitter:label1\" content=\"Yazan:\" \/>\n\t<meta name=\"twitter:data1\" content=\"admin\" \/>\n\t<meta name=\"twitter:label2\" content=\"Tahmini okuma s\u00fcresi\" \/>\n\t<meta name=\"twitter:data2\" content=\"1 dakika\" \/>\n<script type=\"application\/ld+json\" class=\"yoast-schema-graph\">{\"@context\":\"https:\\\/\\\/schema.org\",\"@graph\":[{\"@type\":\"Article\",\"@id\":\"https:\\\/\\\/kibrisdakik.com\\\/?p=32834#article\",\"isPartOf\":{\"@id\":\"https:\\\/\\\/kibrisdakik.com\\\/?p=32834\"},\"author\":{\"name\":\"admin\",\"@id\":\"https:\\\/\\\/kibrisdakik.com\\\/#\\\/schema\\\/person\\\/9cd9d437bbb44f72b73ba127e06d8e79\"},\"headline\":\"7-14 Mart tarihleri aras\u0131nda d\u00fczenlenecek KTSYD Hentbol Kupas\u0131\u2019nda ilk ma\u00e7lar bug\u00fcn oynanacak\",\"datePublished\":\"2024-03-07T12:07:49+00:00\",\"mainEntityOfPage\":{\"@id\":\"https:\\\/\\\/kibrisdakik.com\\\/?p=32834\"},\"wordCount\":316,\"commentCount\":0,\"image\":{\"@id\":\"https:\\\/\\\/kibrisdakik.com\\\/?p=32834#primaryimage\"},\"thumbnailUrl\":\"https:\\\/\\\/kibrisdakik.com\\\/wp-content\\\/uploads\\\/2024\\\/03\\\/7-14-mart-tarihleri-arasinda-duzenlenecek-ktsyd-hentbol-kupasinda-ilk-maclar-bugun-oynanacak-1709812659.webp.webp\",\"articleSection\":[\"Spor\"],\"inLanguage\":\"tr\",\"potentialAction\":[{\"@type\":\"CommentAction\",\"name\":\"Comment\",\"target\":[\"https:\\\/\\\/kibrisdakik.com\\\/?p=32834#respond\"]}]},{\"@type\":\"WebPage\",\"@id\":\"https:\\\/\\\/kibrisdakik.com\\\/?p=32834\",\"url\":\"https:\\\/\\\/kibrisdakik.com\\\/?p=32834\",\"name\":\"7-14 Mart tarihleri aras\u0131nda d\u00fczenlenecek KTSYD Hentbol Kupas\u0131\u2019nda ilk ma\u00e7lar bug\u00fcn oynanacak -\",\"isPartOf\":{\"@id\":\"https:\\\/\\\/kibrisdakik.com\\\/#website\"},\"primaryImageOfPage\":{\"@id\":\"https:\\\/\\\/kibrisdakik.com\\\/?p=32834#primaryimage\"},\"image\":{\"@id\":\"https:\\\/\\\/kibrisdakik.com\\\/?p=32834#primaryimage\"},\"thumbnailUrl\":\"https:\\\/\\\/kibrisdakik.com\\\/wp-content\\\/uploads\\\/2024\\\/03\\\/7-14-mart-tarihleri-arasinda-duzenlenecek-ktsyd-hentbol-kupasinda-ilk-maclar-bugun-oynanacak-1709812659.webp.webp\",\"datePublished\":\"2024-03-07T12:07:49+00:00\",\"author\":{\"@id\":\"https:\\\/\\\/kibrisdakik.com\\\/#\\\/schema\\\/person\\\/9cd9d437bbb44f72b73ba127e06d8e79\"},\"breadcrumb\":{\"@id\":\"https:\\\/\\\/kibrisdakik.com\\\/?p=32834#breadcrumb\"},\"inLanguage\":\"tr\",\"potentialAction\":[{\"@type\":\"ReadAction\",\"target\":[\"https:\\\/\\\/kibrisdakik.com\\\/?p=32834\"]}]},{\"@type\":\"ImageObject\",\"inLanguage\":\"tr\",\"@id\":\"https:\\\/\\\/kibrisdakik.com\\\/?p=32834#primaryimage\",\"url\":\"https:\\\/\\\/kibrisdakik.com\\\/wp-content\\\/uploads\\\/2024\\\/03\\\/7-14-mart-tarihleri-arasinda-duzenlenecek-ktsyd-hentbol-kupasinda-ilk-maclar-bugun-oynanacak-1709812659.webp.webp\",\"contentUrl\":\"https:\\\/\\\/kibrisdakik.com\\\/wp-content\\\/uploads\\\/2024\\\/03\\\/7-14-mart-tarihleri-arasinda-duzenlenecek-ktsyd-hentbol-kupasinda-ilk-maclar-bugun-oynanacak-1709812659.webp.webp\",\"width\":710,\"height\":370},{\"@type\":\"BreadcrumbList\",\"@id\":\"https:\\\/\\\/kibrisdakik.com\\\/?p=32834#breadcrumb\",\"itemListElement\":[{\"@type\":\"ListItem\",\"position\":1,\"name\":\"Home\",\"item\":\"https:\\\/\\\/kibrisdakik.com\\\/\"},{\"@type\":\"ListItem\",\"position\":2,\"name\":\"7-14 Mart tarihleri aras\u0131nda d\u00fczenlenecek KTSYD Hentbol Kupas\u0131\u2019nda ilk ma\u00e7lar bug\u00fcn oynanacak\"}]},{\"@type\":\"WebSite\",\"@id\":\"https:\\\/\\\/kibrisdakik.com\\\/#website\",\"url\":\"https:\\\/\\\/kibrisdakik.com\\\/\",\"name\":\"\",\"description\":\"Tam vaktinde haber\",\"potentialAction\":[{\"@type\":\"SearchAction\",\"target\":{\"@type\":\"EntryPoint\",\"urlTemplate\":\"https:\\\/\\\/kibrisdakik.com\\\/?s={search_term_string}\"},\"query-input\":{\"@type\":\"PropertyValueSpecification\",\"valueRequired\":true,\"valueName\":\"search_term_string\"}}],\"inLanguage\":\"tr\"},{\"@type\":\"Person\",\"@id\":\"https:\\\/\\\/kibrisdakik.com\\\/#\\\/schema\\\/person\\\/9cd9d437bbb44f72b73ba127e06d8e79\",\"name\":\"admin\",\"image\":{\"@type\":\"ImageObject\",\"inLanguage\":\"tr\",\"@id\":\"https:\\\/\\\/secure.gravatar.com\\\/avatar\\\/ccc17943b9d660506c869530f897617f7cb1c21a4bf30023f252596d83e1f007?s=96&d=mm&r=g\",\"url\":\"https:\\\/\\\/secure.gravatar.com\\\/avatar\\\/ccc17943b9d660506c869530f897617f7cb1c21a4bf30023f252596d83e1f007?s=96&d=mm&r=g\",\"contentUrl\":\"https:\\\/\\\/secure.gravatar.com\\\/avatar\\\/ccc17943b9d660506c869530f897617f7cb1c21a4bf30023f252596d83e1f007?s=96&d=mm&r=g\",\"caption\":\"admin\"},\"sameAs\":[\"https:\\\/\\\/kibrisdakik.com\"],\"url\":\"https:\\\/\\\/kibrisdakik.com\\\/?author=1\"}]}<\/script>\n<!-- \/ Yoast SEO plugin. -->","yoast_head_json":{"title":"7-14 Mart tarihleri aras\u0131nda d\u00fczenlenecek KTSYD Hentbol Kupas\u0131\u2019nda ilk ma\u00e7lar bug\u00fcn oynanacak -","robots":{"index":"index","follow":"follow","max-snippet":"max-snippet:-1","max-image-preview":"max-image-preview:large","max-video-preview":"max-video-preview:-1"},"canonical":"https:\/\/kibrisdakik.com\/?p=32834","og_locale":"tr_TR","og_type":"article","og_title":"7-14 Mart tarihleri aras\u0131nda d\u00fczenlenecek KTSYD Hentbol Kupas\u0131\u2019nda ilk ma\u00e7lar bug\u00fcn oynanacak -","og_description":"KTSYD \u00d6zcan \u00d6zcanhan Konferans Salonu\u2019nda ger\u00e7ekle\u015ftirilen toplant\u0131da KTSYD Ba\u015fkan\u0131 Necati \u00d6zsoy ve Hentbol Federasyonu Ba\u015fkan\u0131 Ediz Ar\u0131kan birer konu\u015fma ger\u00e7ekle\u015ftirdi. \u00d6zsoy: Futbol d\u0131\u015f\u0131ndaki bran\u015flarla i\u015fbirli\u011fi yapmaya devam edece\u011fiz KTSYD Ba\u015fkan\u0131 Necati \u00d6zsoy, g\u00f6reve geldikleri g\u00fcnden itibaren faaliyet programlar\u0131 i\u00e7erisinde futbol d\u0131\u015f\u0131ndaki bran\u015flarda organizasyon yapmay\u0131 planlad\u0131klar\u0131n\u0131 ve bunu hayata ge\u00e7irdiklerinin alt\u0131n\u0131 \u00e7izdi. \u00d6zsoy, daha \u00f6nceki y\u0131llarda","og_url":"https:\/\/kibrisdakik.com\/?p=32834","article_published_time":"2024-03-07T12:07:49+00:00","og_image":[{"width":710,"height":370,"url":"https:\/\/kibrisdakik.com\/wp-content\/uploads\/2024\/03\/7-14-mart-tarihleri-arasinda-duzenlenecek-ktsyd-hentbol-kupasinda-ilk-maclar-bugun-oynanacak-1709812659.webp.webp","type":"image\/webp"}],"author":"admin","twitter_card":"summary_large_image","twitter_misc":{"Yazan:":"admin","Tahmini okuma s\u00fcresi":"1 dakika"},"schema":{"@context":"https:\/\/schema.org","@graph":[{"@type":"Article","@id":"https:\/\/kibrisdakik.com\/?p=32834#article","isPartOf":{"@id":"https:\/\/kibrisdakik.com\/?p=32834"},"author":{"name":"admin","@id":"https:\/\/kibrisdakik.com\/#\/schema\/person\/9cd9d437bbb44f72b73ba127e06d8e79"},"headline":"7-14 Mart tarihleri aras\u0131nda d\u00fczenlenecek KTSYD Hentbol Kupas\u0131\u2019nda ilk ma\u00e7lar bug\u00fcn oynanacak","datePublished":"2024-03-07T12:07:49+00:00","mainEntityOfPage":{"@id":"https:\/\/kibrisdakik.com\/?p=32834"},"wordCount":316,"commentCount":0,"image":{"@id":"https:\/\/kibrisdakik.com\/?p=32834#primaryimage"},"thumbnailUrl":"https:\/\/kibrisdakik.com\/wp-content\/uploads\/2024\/03\/7-14-mart-tarihleri-arasinda-duzenlenecek-ktsyd-hentbol-kupasinda-ilk-maclar-bugun-oynanacak-1709812659.webp.webp","articleSection":["Spor"],"inLanguage":"tr","potentialAction":[{"@type":"CommentAction","name":"Comment","target":["https:\/\/kibrisdakik.com\/?p=32834#respond"]}]},{"@type":"WebPage","@id":"https:\/\/kibrisdakik.com\/?p=32834","url":"https:\/\/kibrisdakik.com\/?p=32834","name":"7-14 Mart tarihleri aras\u0131nda d\u00fczenlenecek KTSYD Hentbol Kupas\u0131\u2019nda ilk ma\u00e7lar bug\u00fcn oynanacak -","isPartOf":{"@id":"https:\/\/kibrisdakik.com\/#website"},"primaryImageOfPage":{"@id":"https:\/\/kibrisdakik.com\/?p=32834#primaryimage"},"image":{"@id":"https:\/\/kibrisdakik.com\/?p=32834#primaryimage"},"thumbnailUrl":"https:\/\/kibrisdakik.com\/wp-content\/uploads\/2024\/03\/7-14-mart-tarihleri-arasinda-duzenlenecek-ktsyd-hentbol-kupasinda-ilk-maclar-bugun-oynanacak-1709812659.webp.webp","datePublished":"2024-03-07T12:07:49+00:00","author":{"@id":"https:\/\/kibrisdakik.com\/#\/schema\/person\/9cd9d437bbb44f72b73ba127e06d8e79"},"breadcrumb":{"@id":"https:\/\/kibrisdakik.com\/?p=32834#breadcrumb"},"inLanguage":"tr","potentialAction":[{"@type":"ReadAction","target":["https:\/\/kibrisdakik.com\/?p=32834"]}]},{"@type":"ImageObject","inLanguage":"tr","@id":"https:\/\/kibrisdakik.com\/?p=32834#primaryimage","url":"https:\/\/kibrisdakik.com\/wp-content\/uploads\/2024\/03\/7-14-mart-tarihleri-arasinda-duzenlenecek-ktsyd-hentbol-kupasinda-ilk-maclar-bugun-oynanacak-1709812659.webp.webp","contentUrl":"https:\/\/kibrisdakik.com\/wp-content\/uploads\/2024\/03\/7-14-mart-tarihleri-arasinda-duzenlenecek-ktsyd-hentbol-kupasinda-ilk-maclar-bugun-oynanacak-1709812659.webp.webp","width":710,"height":370},{"@type":"BreadcrumbList","@id":"https:\/\/kibrisdakik.com\/?p=32834#breadcrumb","itemListElement":[{"@type":"ListItem","position":1,"name":"Home","item":"https:\/\/kibrisdakik.com\/"},{"@type":"ListItem","position":2,"name":"7-14 Mart tarihleri aras\u0131nda d\u00fczenlenecek KTSYD Hentbol Kupas\u0131\u2019nda ilk ma\u00e7lar bug\u00fcn oynanacak"}]},{"@type":"WebSite","@id":"https:\/\/kibrisdakik.com\/#website","url":"https:\/\/kibrisdakik.com\/","name":"","description":"Tam vaktinde haber","potentialAction":[{"@type":"SearchAction","target":{"@type":"EntryPoint","urlTemplate":"https:\/\/kibrisdakik.com\/?s={search_term_string}"},"query-input":{"@type":"PropertyValueSpecification","valueRequired":true,"valueName":"search_term_string"}}],"inLanguage":"tr"},{"@type":"Person","@id":"https:\/\/kibrisdakik.com\/#\/schema\/person\/9cd9d437bbb44f72b73ba127e06d8e79","name":"admin","image":{"@type":"ImageObject","inLanguage":"tr","@id":"https:\/\/secure.gravatar.com\/avatar\/ccc17943b9d660506c869530f897617f7cb1c21a4bf30023f252596d83e1f007?s=96&d=mm&r=g","url":"https:\/\/secure.gravatar.com\/avatar\/ccc17943b9d660506c869530f897617f7cb1c21a4bf30023f252596d83e1f007?s=96&d=mm&r=g","contentUrl":"https:\/\/secure.gravatar.com\/avatar\/ccc17943b9d660506c869530f897617f7cb1c21a4bf30023f252596d83e1f007?s=96&d=mm&r=g","caption":"admin"},"sameAs":["https:\/\/kibrisdakik.com"],"url":"https:\/\/kibrisdakik.com\/?author=1"}]}},"_links":{"self":[{"href":"https:\/\/kibrisdakik.com\/index.php?rest_route=\/wp\/v2\/posts\/32834","targetHints":{"allow":["GET"]}}],"collection":[{"href":"https:\/\/kibrisdakik.com\/index.php?rest_route=\/wp\/v2\/posts"}],"about":[{"href":"https:\/\/kibrisdakik.com\/index.php?rest_route=\/wp\/v2\/types\/post"}],"author":[{"embeddable":true,"href":"https:\/\/kibrisdakik.com\/index.php?rest_route=\/wp\/v2\/users\/1"}],"replies":[{"embeddable":true,"href":"https:\/\/kibrisdakik.com\/index.php?rest_route=%2Fwp%2Fv2%2Fcomments&post=32834"}],"version-history":[{"count":0,"href":"https:\/\/kibrisdakik.com\/index.php?rest_route=\/wp\/v2\/posts\/32834\/revisions"}],"wp:featuredmedia":[{"embeddable":true,"href":"https:\/\/kibrisdakik.com\/index.php?rest_route=\/wp\/v2\/media\/32835"}],"wp:attachment":[{"href":"https:\/\/kibrisdakik.com\/index.php?rest_route=%2Fwp%2Fv2%2Fmedia&parent=32834"}],"wp:term":[{"taxonomy":"category","embeddable":true,"href":"https:\/\/kibrisdakik.com\/index.php?rest_route=%2Fwp%2Fv2%2Fcategories&post=32834"},{"taxonomy":"post_tag","embeddable":true,"href":"https:\/\/kibrisdakik.com\/index.php?rest_route=%2Fwp%2Fv2%2Ftags&post=32834"}],"curies":[{"name":"wp","href":"https:\/\/api.w.org\/{rel}","templated":true}]}}