{"id":32849,"date":"2024-03-07T14:09:58","date_gmt":"2024-03-07T14:09:58","guid":{"rendered":"https:\/\/kibrisdakik.com\/index.php\/2024\/03\/07\/el-sen-kadinlar-gununu-kutladi\/"},"modified":"2024-03-07T14:09:58","modified_gmt":"2024-03-07T14:09:58","slug":"el-sen-kadinlar-gununu-kutladi","status":"publish","type":"post","link":"https:\/\/kibrisdakik.com\/?p=32849","title":{"rendered":"EL-SEN Kad\u0131nlar G\u00fcn\u00fcn\u00fc kutlad\u0131"},"content":{"rendered":"<p><img decoding=\"async\" src=\"https:\/\/www.kibristurk.com\/images\/haberler\/2024\/03\/el-sen-kadinlar-gununu-kutladi-1709819914.webp\" \/><\/p>\n<h2>&nbsp;<\/h2>\n<p><span style=\"font-size:16px !important\"><span style=\"font-family:Merriweather,serif !important\"><span style=\"color:#000000 !important\">EL-SEN Genel Ba\u015fkan\u0131 Ahmet Tu\u011fcu, mesaj\u0131nda, Kad\u0131nlar G\u00fcn\u00fcn\u00fcn d\u00fcnya genelinde t\u00fcm kad\u0131nlar\u0131n, e\u015fitlik taleplerini y\u00fcksek sesle dile getirdikleri bir temel hak ve \u00f6zg\u00fcrl\u00fck m\u00fccadelesi g\u00fcn\u00fc oldu\u011funa vurgu yapt\u0131.<\/span><\/span><\/span><\/p>\n<p>&nbsp;<\/p>\n<p><span style=\"font-size:16px !important\"><span style=\"font-family:Merriweather,serif !important\"><span style=\"color:#000000 !important\">Cinsiyete dayal\u0131 ayr\u0131mc\u0131l\u0131\u011f\u0131n ortadan kald\u0131r\u0131labilmesi ad\u0131na y\u00fcr\u00fct\u00fclen bu m\u00fccadelenin temelinin, 1911 y\u0131l\u0131nda New York\u2019taki bir tekstil fabrikas\u0131ndaki i\u015f\u00e7i kad\u0131nlar\u0131n, gayr\u0131 insani \u00e7al\u0131\u015fma d\u00fczeninin ortadan kald\u0131r\u0131lmas\u0131 ve erkeklerle e\u015fit ko\u015fullarda ve e\u015fit \u00fccret kar\u015f\u0131l\u0131\u011f\u0131nda \u00e7al\u0131\u015fma talebiyle yapt\u0131klar\u0131 grevde at\u0131ld\u0131\u011f\u0131n\u0131 belirten Tu\u011fcu, \u015f\u00f6yle devam etti:<\/span><\/span><\/span><\/p>\n<p>&nbsp;<\/p>\n<p><span style=\"font-size:16px !important\"><span style=\"font-family:Merriweather,serif !important\"><span style=\"color:#000000 !important\">\u201cGrev esnas\u0131nda \u00e7\u0131kan ve \u00e7o\u011fu g\u00f6\u00e7men 140\u2019a a\u015fk\u0131n kad\u0131n\u0131n \u00f6l\u00fcm\u00fcyle sonu\u00e7lanan yang\u0131n, kad\u0131nlar\u0131n&nbsp; e\u015fitlik m\u00fccadelesiyle i\u015f\u00e7i haklar\u0131 m\u00fccadelesinin birle\u015fmesine yol a\u00e7m\u0131\u015ft\u0131r.<\/span><\/span><\/span><\/p>\n<p>&nbsp;<\/p>\n<p><span style=\"font-size:16px !important\"><span style=\"font-family:Merriweather,serif !important\"><span style=\"color:#000000 !important\">H\u00e2l\u00e2 bug\u00fcn kad\u0131nlar\u0131n, s\u0131rf kad\u0131n olduklar\u0131 i\u00e7in maruz kald\u0131klar\u0131 ayr\u0131mc\u0131l\u0131\u011fa ve \u015fiddete kar\u015f\u0131 vermek zorunda olduklar\u0131 bu m\u00fccadelenin ba\u015far\u0131ya ula\u015fabilmesi, ba\u015fta bu konuda her t\u00fcrl\u00fc yasal, ekonomik ve sosyal tedbiri almakla y\u00fck\u00fcml\u00fc devletler olmak \u00fczere, kad\u0131n erkek demeden her bir bireyin toplumsal sorumlulu\u011fudur.<\/span><\/span><\/span><\/p>\n<p>&nbsp;<\/p>\n<p><span style=\"font-size:16px !important\"><span style=\"font-family:Merriweather,serif !important\"><span style=\"color:#000000 !important\">Toplumsal cinsiyet e\u015fitli\u011fi, kad\u0131nlar\u0131n ve LGBTQ+ bireylerin talep etti\u011fi bir ayr\u0131cal\u0131k de\u011fil, temel d\u00fczeyde bir insan haklar\u0131 talebidir.<\/span><\/span><\/span><\/p>\n<p>&nbsp;<\/p>\n<p><span style=\"font-size:16px !important\"><span style=\"font-family:Merriweather,serif !important\"><span style=\"color:#000000 !important\">8 Mart\u2019\u0131n bir kutlama g\u00fcn\u00fc de\u011fil, bir fark\u0131ndal\u0131k g\u00fcn\u00fc oldu\u011funun bilinciyle, EL-SEN olarak bu m\u00fccadeleyi selamlar, erkek egemen anlay\u0131\u015f\u0131n ve d\u00fcsturun y\u0131k\u0131laca\u011f\u0131, cinsiyetine ve cinsel y\u00f6nelimine bak\u0131lmaks\u0131z\u0131n t\u00fcm insanlar\u0131n her alanda f\u0131rsat e\u015fitli\u011fine sahip olaca\u011f\u0131, her t\u00fcrl\u00fc mahrumiyetin ve cinsiyet temelli her t\u00fcrl\u00fc \u015fiddetin son bulaca\u011f\u0131 bir \u00fclke ve d\u00fcnya arzumuzu ifade ederiz.\u201d<\/span><\/span><\/span><\/p>\n","protected":false},"excerpt":{"rendered":"<p>&nbsp; EL-SEN Genel Ba\u015fkan\u0131 Ahmet Tu\u011fcu, mesaj\u0131nda, Kad\u0131nlar G\u00fcn\u00fcn\u00fcn d\u00fcnya genelinde t\u00fcm kad\u0131nlar\u0131n, e\u015fitlik taleplerini y\u00fcksek sesle dile getirdikleri bir temel hak ve \u00f6zg\u00fcrl\u00fck m\u00fccadelesi g\u00fcn\u00fc oldu\u011funa vurgu yapt\u0131. &nbsp; Cinsiyete dayal\u0131 ayr\u0131mc\u0131l\u0131\u011f\u0131n ortadan kald\u0131r\u0131labilmesi ad\u0131na y\u00fcr\u00fct\u00fclen bu m\u00fccadelenin temelinin, 1911 y\u0131l\u0131nda New York\u2019taki bir tekstil fabrikas\u0131ndaki i\u015f\u00e7i kad\u0131nlar\u0131n, gayr\u0131 insani \u00e7al\u0131\u015fma d\u00fczeninin ortadan kald\u0131r\u0131lmas\u0131<\/p>\n","protected":false},"author":1,"featured_media":32850,"comment_status":"open","ping_status":"open","sticky":false,"template":"","format":"standard","meta":{"footnotes":""},"categories":[85],"tags":[],"class_list":["post-32849","post","type-post","status-publish","format-standard","has-post-thumbnail","hentry","category-spor"],"yoast_head":"<!-- This site is optimized with the Yoast SEO plugin v27.5 - https:\/\/yoast.com\/product\/yoast-seo-wordpress\/ -->\n<title>EL-SEN Kad\u0131nlar G\u00fcn\u00fcn\u00fc kutlad\u0131 -<\/title>\n<meta name=\"robots\" content=\"index, follow, max-snippet:-1, max-image-preview:large, max-video-preview:-1\" \/>\n<link rel=\"canonical\" href=\"https:\/\/kibrisdakik.com\/?p=32849\" \/>\n<meta property=\"og:locale\" content=\"tr_TR\" \/>\n<meta property=\"og:type\" content=\"article\" \/>\n<meta property=\"og:title\" content=\"EL-SEN Kad\u0131nlar G\u00fcn\u00fcn\u00fc kutlad\u0131 -\" \/>\n<meta property=\"og:description\" content=\"&nbsp; EL-SEN Genel Ba\u015fkan\u0131 Ahmet Tu\u011fcu, mesaj\u0131nda, Kad\u0131nlar G\u00fcn\u00fcn\u00fcn d\u00fcnya genelinde t\u00fcm kad\u0131nlar\u0131n, e\u015fitlik taleplerini y\u00fcksek sesle dile getirdikleri bir temel hak ve \u00f6zg\u00fcrl\u00fck m\u00fccadelesi g\u00fcn\u00fc oldu\u011funa vurgu yapt\u0131. &nbsp; Cinsiyete dayal\u0131 ayr\u0131mc\u0131l\u0131\u011f\u0131n ortadan kald\u0131r\u0131labilmesi ad\u0131na y\u00fcr\u00fct\u00fclen bu m\u00fccadelenin temelinin, 1911 y\u0131l\u0131nda New York\u2019taki bir tekstil fabrikas\u0131ndaki i\u015f\u00e7i kad\u0131nlar\u0131n, gayr\u0131 insani \u00e7al\u0131\u015fma d\u00fczeninin ortadan kald\u0131r\u0131lmas\u0131\" \/>\n<meta property=\"og:url\" content=\"https:\/\/kibrisdakik.com\/?p=32849\" \/>\n<meta property=\"article:published_time\" content=\"2024-03-07T14:09:58+00:00\" \/>\n<meta property=\"og:image\" content=\"https:\/\/kibrisdakik.com\/wp-content\/uploads\/2024\/03\/el-sen-kadinlar-gununu-kutladi-1709819914.webp.webp\" \/>\n\t<meta property=\"og:image:width\" content=\"710\" \/>\n\t<meta property=\"og:image:height\" content=\"370\" \/>\n\t<meta property=\"og:image:type\" content=\"image\/webp\" \/>\n<meta name=\"author\" content=\"admin\" \/>\n<meta name=\"twitter:card\" content=\"summary_large_image\" \/>\n<meta name=\"twitter:label1\" content=\"Yazan:\" \/>\n\t<meta name=\"twitter:data1\" content=\"admin\" \/>\n\t<meta name=\"twitter:label2\" content=\"Tahmini okuma s\u00fcresi\" \/>\n\t<meta name=\"twitter:data2\" content=\"2 dakika\" \/>\n<script type=\"application\/ld+json\" class=\"yoast-schema-graph\">{\"@context\":\"https:\\\/\\\/schema.org\",\"@graph\":[{\"@type\":\"Article\",\"@id\":\"https:\\\/\\\/kibrisdakik.com\\\/?p=32849#article\",\"isPartOf\":{\"@id\":\"https:\\\/\\\/kibrisdakik.com\\\/?p=32849\"},\"author\":{\"name\":\"admin\",\"@id\":\"https:\\\/\\\/kibrisdakik.com\\\/#\\\/schema\\\/person\\\/9cd9d437bbb44f72b73ba127e06d8e79\"},\"headline\":\"EL-SEN Kad\u0131nlar G\u00fcn\u00fcn\u00fc kutlad\u0131\",\"datePublished\":\"2024-03-07T14:09:58+00:00\",\"mainEntityOfPage\":{\"@id\":\"https:\\\/\\\/kibrisdakik.com\\\/?p=32849\"},\"wordCount\":342,\"commentCount\":0,\"image\":{\"@id\":\"https:\\\/\\\/kibrisdakik.com\\\/?p=32849#primaryimage\"},\"thumbnailUrl\":\"https:\\\/\\\/kibrisdakik.com\\\/wp-content\\\/uploads\\\/2024\\\/03\\\/el-sen-kadinlar-gununu-kutladi-1709819914.webp.webp\",\"articleSection\":[\"Spor\"],\"inLanguage\":\"tr\",\"potentialAction\":[{\"@type\":\"CommentAction\",\"name\":\"Comment\",\"target\":[\"https:\\\/\\\/kibrisdakik.com\\\/?p=32849#respond\"]}]},{\"@type\":\"WebPage\",\"@id\":\"https:\\\/\\\/kibrisdakik.com\\\/?p=32849\",\"url\":\"https:\\\/\\\/kibrisdakik.com\\\/?p=32849\",\"name\":\"EL-SEN Kad\u0131nlar G\u00fcn\u00fcn\u00fc kutlad\u0131 -\",\"isPartOf\":{\"@id\":\"https:\\\/\\\/kibrisdakik.com\\\/#website\"},\"primaryImageOfPage\":{\"@id\":\"https:\\\/\\\/kibrisdakik.com\\\/?p=32849#primaryimage\"},\"image\":{\"@id\":\"https:\\\/\\\/kibrisdakik.com\\\/?p=32849#primaryimage\"},\"thumbnailUrl\":\"https:\\\/\\\/kibrisdakik.com\\\/wp-content\\\/uploads\\\/2024\\\/03\\\/el-sen-kadinlar-gununu-kutladi-1709819914.webp.webp\",\"datePublished\":\"2024-03-07T14:09:58+00:00\",\"author\":{\"@id\":\"https:\\\/\\\/kibrisdakik.com\\\/#\\\/schema\\\/person\\\/9cd9d437bbb44f72b73ba127e06d8e79\"},\"breadcrumb\":{\"@id\":\"https:\\\/\\\/kibrisdakik.com\\\/?p=32849#breadcrumb\"},\"inLanguage\":\"tr\",\"potentialAction\":[{\"@type\":\"ReadAction\",\"target\":[\"https:\\\/\\\/kibrisdakik.com\\\/?p=32849\"]}]},{\"@type\":\"ImageObject\",\"inLanguage\":\"tr\",\"@id\":\"https:\\\/\\\/kibrisdakik.com\\\/?p=32849#primaryimage\",\"url\":\"https:\\\/\\\/kibrisdakik.com\\\/wp-content\\\/uploads\\\/2024\\\/03\\\/el-sen-kadinlar-gununu-kutladi-1709819914.webp.webp\",\"contentUrl\":\"https:\\\/\\\/kibrisdakik.com\\\/wp-content\\\/uploads\\\/2024\\\/03\\\/el-sen-kadinlar-gununu-kutladi-1709819914.webp.webp\",\"width\":710,\"height\":370},{\"@type\":\"BreadcrumbList\",\"@id\":\"https:\\\/\\\/kibrisdakik.com\\\/?p=32849#breadcrumb\",\"itemListElement\":[{\"@type\":\"ListItem\",\"position\":1,\"name\":\"Home\",\"item\":\"https:\\\/\\\/kibrisdakik.com\\\/\"},{\"@type\":\"ListItem\",\"position\":2,\"name\":\"EL-SEN Kad\u0131nlar G\u00fcn\u00fcn\u00fc kutlad\u0131\"}]},{\"@type\":\"WebSite\",\"@id\":\"https:\\\/\\\/kibrisdakik.com\\\/#website\",\"url\":\"https:\\\/\\\/kibrisdakik.com\\\/\",\"name\":\"\",\"description\":\"Tam vaktinde haber\",\"potentialAction\":[{\"@type\":\"SearchAction\",\"target\":{\"@type\":\"EntryPoint\",\"urlTemplate\":\"https:\\\/\\\/kibrisdakik.com\\\/?s={search_term_string}\"},\"query-input\":{\"@type\":\"PropertyValueSpecification\",\"valueRequired\":true,\"valueName\":\"search_term_string\"}}],\"inLanguage\":\"tr\"},{\"@type\":\"Person\",\"@id\":\"https:\\\/\\\/kibrisdakik.com\\\/#\\\/schema\\\/person\\\/9cd9d437bbb44f72b73ba127e06d8e79\",\"name\":\"admin\",\"image\":{\"@type\":\"ImageObject\",\"inLanguage\":\"tr\",\"@id\":\"https:\\\/\\\/secure.gravatar.com\\\/avatar\\\/ccc17943b9d660506c869530f897617f7cb1c21a4bf30023f252596d83e1f007?s=96&d=mm&r=g\",\"url\":\"https:\\\/\\\/secure.gravatar.com\\\/avatar\\\/ccc17943b9d660506c869530f897617f7cb1c21a4bf30023f252596d83e1f007?s=96&d=mm&r=g\",\"contentUrl\":\"https:\\\/\\\/secure.gravatar.com\\\/avatar\\\/ccc17943b9d660506c869530f897617f7cb1c21a4bf30023f252596d83e1f007?s=96&d=mm&r=g\",\"caption\":\"admin\"},\"sameAs\":[\"https:\\\/\\\/kibrisdakik.com\"],\"url\":\"https:\\\/\\\/kibrisdakik.com\\\/?author=1\"}]}<\/script>\n<!-- \/ Yoast SEO plugin. -->","yoast_head_json":{"title":"EL-SEN Kad\u0131nlar G\u00fcn\u00fcn\u00fc kutlad\u0131 -","robots":{"index":"index","follow":"follow","max-snippet":"max-snippet:-1","max-image-preview":"max-image-preview:large","max-video-preview":"max-video-preview:-1"},"canonical":"https:\/\/kibrisdakik.com\/?p=32849","og_locale":"tr_TR","og_type":"article","og_title":"EL-SEN Kad\u0131nlar G\u00fcn\u00fcn\u00fc kutlad\u0131 -","og_description":"&nbsp; EL-SEN Genel Ba\u015fkan\u0131 Ahmet Tu\u011fcu, mesaj\u0131nda, Kad\u0131nlar G\u00fcn\u00fcn\u00fcn d\u00fcnya genelinde t\u00fcm kad\u0131nlar\u0131n, e\u015fitlik taleplerini y\u00fcksek sesle dile getirdikleri bir temel hak ve \u00f6zg\u00fcrl\u00fck m\u00fccadelesi g\u00fcn\u00fc oldu\u011funa vurgu yapt\u0131. &nbsp; Cinsiyete dayal\u0131 ayr\u0131mc\u0131l\u0131\u011f\u0131n ortadan kald\u0131r\u0131labilmesi ad\u0131na y\u00fcr\u00fct\u00fclen bu m\u00fccadelenin temelinin, 1911 y\u0131l\u0131nda New York\u2019taki bir tekstil fabrikas\u0131ndaki i\u015f\u00e7i kad\u0131nlar\u0131n, gayr\u0131 insani \u00e7al\u0131\u015fma d\u00fczeninin ortadan kald\u0131r\u0131lmas\u0131","og_url":"https:\/\/kibrisdakik.com\/?p=32849","article_published_time":"2024-03-07T14:09:58+00:00","og_image":[{"width":710,"height":370,"url":"https:\/\/kibrisdakik.com\/wp-content\/uploads\/2024\/03\/el-sen-kadinlar-gununu-kutladi-1709819914.webp.webp","type":"image\/webp"}],"author":"admin","twitter_card":"summary_large_image","twitter_misc":{"Yazan:":"admin","Tahmini okuma s\u00fcresi":"2 dakika"},"schema":{"@context":"https:\/\/schema.org","@graph":[{"@type":"Article","@id":"https:\/\/kibrisdakik.com\/?p=32849#article","isPartOf":{"@id":"https:\/\/kibrisdakik.com\/?p=32849"},"author":{"name":"admin","@id":"https:\/\/kibrisdakik.com\/#\/schema\/person\/9cd9d437bbb44f72b73ba127e06d8e79"},"headline":"EL-SEN Kad\u0131nlar G\u00fcn\u00fcn\u00fc kutlad\u0131","datePublished":"2024-03-07T14:09:58+00:00","mainEntityOfPage":{"@id":"https:\/\/kibrisdakik.com\/?p=32849"},"wordCount":342,"commentCount":0,"image":{"@id":"https:\/\/kibrisdakik.com\/?p=32849#primaryimage"},"thumbnailUrl":"https:\/\/kibrisdakik.com\/wp-content\/uploads\/2024\/03\/el-sen-kadinlar-gununu-kutladi-1709819914.webp.webp","articleSection":["Spor"],"inLanguage":"tr","potentialAction":[{"@type":"CommentAction","name":"Comment","target":["https:\/\/kibrisdakik.com\/?p=32849#respond"]}]},{"@type":"WebPage","@id":"https:\/\/kibrisdakik.com\/?p=32849","url":"https:\/\/kibrisdakik.com\/?p=32849","name":"EL-SEN Kad\u0131nlar G\u00fcn\u00fcn\u00fc kutlad\u0131 -","isPartOf":{"@id":"https:\/\/kibrisdakik.com\/#website"},"primaryImageOfPage":{"@id":"https:\/\/kibrisdakik.com\/?p=32849#primaryimage"},"image":{"@id":"https:\/\/kibrisdakik.com\/?p=32849#primaryimage"},"thumbnailUrl":"https:\/\/kibrisdakik.com\/wp-content\/uploads\/2024\/03\/el-sen-kadinlar-gununu-kutladi-1709819914.webp.webp","datePublished":"2024-03-07T14:09:58+00:00","author":{"@id":"https:\/\/kibrisdakik.com\/#\/schema\/person\/9cd9d437bbb44f72b73ba127e06d8e79"},"breadcrumb":{"@id":"https:\/\/kibrisdakik.com\/?p=32849#breadcrumb"},"inLanguage":"tr","potentialAction":[{"@type":"ReadAction","target":["https:\/\/kibrisdakik.com\/?p=32849"]}]},{"@type":"ImageObject","inLanguage":"tr","@id":"https:\/\/kibrisdakik.com\/?p=32849#primaryimage","url":"https:\/\/kibrisdakik.com\/wp-content\/uploads\/2024\/03\/el-sen-kadinlar-gununu-kutladi-1709819914.webp.webp","contentUrl":"https:\/\/kibrisdakik.com\/wp-content\/uploads\/2024\/03\/el-sen-kadinlar-gununu-kutladi-1709819914.webp.webp","width":710,"height":370},{"@type":"BreadcrumbList","@id":"https:\/\/kibrisdakik.com\/?p=32849#breadcrumb","itemListElement":[{"@type":"ListItem","position":1,"name":"Home","item":"https:\/\/kibrisdakik.com\/"},{"@type":"ListItem","position":2,"name":"EL-SEN Kad\u0131nlar G\u00fcn\u00fcn\u00fc kutlad\u0131"}]},{"@type":"WebSite","@id":"https:\/\/kibrisdakik.com\/#website","url":"https:\/\/kibrisdakik.com\/","name":"","description":"Tam vaktinde haber","potentialAction":[{"@type":"SearchAction","target":{"@type":"EntryPoint","urlTemplate":"https:\/\/kibrisdakik.com\/?s={search_term_string}"},"query-input":{"@type":"PropertyValueSpecification","valueRequired":true,"valueName":"search_term_string"}}],"inLanguage":"tr"},{"@type":"Person","@id":"https:\/\/kibrisdakik.com\/#\/schema\/person\/9cd9d437bbb44f72b73ba127e06d8e79","name":"admin","image":{"@type":"ImageObject","inLanguage":"tr","@id":"https:\/\/secure.gravatar.com\/avatar\/ccc17943b9d660506c869530f897617f7cb1c21a4bf30023f252596d83e1f007?s=96&d=mm&r=g","url":"https:\/\/secure.gravatar.com\/avatar\/ccc17943b9d660506c869530f897617f7cb1c21a4bf30023f252596d83e1f007?s=96&d=mm&r=g","contentUrl":"https:\/\/secure.gravatar.com\/avatar\/ccc17943b9d660506c869530f897617f7cb1c21a4bf30023f252596d83e1f007?s=96&d=mm&r=g","caption":"admin"},"sameAs":["https:\/\/kibrisdakik.com"],"url":"https:\/\/kibrisdakik.com\/?author=1"}]}},"_links":{"self":[{"href":"https:\/\/kibrisdakik.com\/index.php?rest_route=\/wp\/v2\/posts\/32849","targetHints":{"allow":["GET"]}}],"collection":[{"href":"https:\/\/kibrisdakik.com\/index.php?rest_route=\/wp\/v2\/posts"}],"about":[{"href":"https:\/\/kibrisdakik.com\/index.php?rest_route=\/wp\/v2\/types\/post"}],"author":[{"embeddable":true,"href":"https:\/\/kibrisdakik.com\/index.php?rest_route=\/wp\/v2\/users\/1"}],"replies":[{"embeddable":true,"href":"https:\/\/kibrisdakik.com\/index.php?rest_route=%2Fwp%2Fv2%2Fcomments&post=32849"}],"version-history":[{"count":0,"href":"https:\/\/kibrisdakik.com\/index.php?rest_route=\/wp\/v2\/posts\/32849\/revisions"}],"wp:featuredmedia":[{"embeddable":true,"href":"https:\/\/kibrisdakik.com\/index.php?rest_route=\/wp\/v2\/media\/32850"}],"wp:attachment":[{"href":"https:\/\/kibrisdakik.com\/index.php?rest_route=%2Fwp%2Fv2%2Fmedia&parent=32849"}],"wp:term":[{"taxonomy":"category","embeddable":true,"href":"https:\/\/kibrisdakik.com\/index.php?rest_route=%2Fwp%2Fv2%2Fcategories&post=32849"},{"taxonomy":"post_tag","embeddable":true,"href":"https:\/\/kibrisdakik.com\/index.php?rest_route=%2Fwp%2Fv2%2Ftags&post=32849"}],"curies":[{"name":"wp","href":"https:\/\/api.w.org\/{rel}","templated":true}]}}