{"id":32889,"date":"2024-03-07T19:14:53","date_gmt":"2024-03-07T19:14:53","guid":{"rendered":"https:\/\/kibrisdakik.com\/index.php\/2024\/03\/07\/cumhuriyet-meclisi-hukuk-siyasi-isler-ve-disiliskiler-komitesi-toplandi-2\/"},"modified":"2024-03-07T19:14:53","modified_gmt":"2024-03-07T19:14:53","slug":"cumhuriyet-meclisi-hukuk-siyasi-isler-ve-disiliskiler-komitesi-toplandi-2","status":"publish","type":"post","link":"https:\/\/kibrisdakik.com\/?p=32889","title":{"rendered":"Cumhuriyet Meclisi, Hukuk, Siyasi \u0130\u015fler ve D\u0131\u015fili\u015fkiler Komitesi topland\u0131"},"content":{"rendered":"<p><img decoding=\"async\" src=\"https:\/\/www.kibristurk.com\/images\/haberler\/2024\/03\/cumhuriyet-meclisi-hukuk-siyasi-isler-ve-disiliskiler-komitesi-toplandi-1709829007.webp\" \/><\/p>\n<p style=\"text-align:left\"><span style=\"font-size:16px\"><span style=\"font-family:Merriweather,serif !important\"><span style=\"color:#000000\"><span style=\"background-color:#ffffff\">Meclisten yap\u0131lan yaz\u0131l\u0131 a\u00e7\u0131klamaya g\u00f6re, Hukuk, Siyasi \u0130\u015fler ve D\u0131\u015fili\u015fkiler Komitesi, \u201cKuzey K\u0131br\u0131s T\u00fcrk Cumhuriyeti H\u00fck\u00fcmeti ile T\u00fcrkiye Cumhuriyeti H\u00fck\u00fcmeti Aras\u0131nda Yap\u0131 \u0130\u015fleri Alan\u0131nda Mutabakat Zapt\u0131 (Onay) Yasa Tasar\u0131s\u0131\u201d, \u201cT.C. \u0130\u00e7i\u015fleri Bakanl\u0131\u011f\u0131, Afet ve Acil Durum Y\u00f6netimi Ba\u015fkanl\u0131\u011f\u0131 ile K.K.T.C. Ba\u015fbakan Yard\u0131mc\u0131l\u0131\u011f\u0131, Turizm, K\u00fclt\u00fcr, Gen\u00e7lik ve \u00c7evre Bakanl\u0131\u011f\u0131, Jeoloji ve Maden Dairesi M\u00fcd\u00fcrl\u00fc\u011f\u00fc Aras\u0131nda \u0130\u015fbirli\u011fi Protokol\u00fc (Onay) Yasa Tasar\u0131s\u0131\u201d&nbsp; ve \u201cYabanc\u0131lar ve Muhaceret (De\u011fi\u015fiklik) Yasa Tasar\u0131s\u0131\u201dn\u0131 g\u00f6r\u00fc\u015ft\u00fc.<\/span><\/span><\/span><\/span><\/p>\n<p style=\"text-align:left\"><span style=\"font-size:16px\"><span style=\"font-family:Merriweather,serif !important\"><span style=\"color:#000000\"><span style=\"background-color:#ffffff\">&nbsp;<\/span><\/span><\/span><\/span><\/p>\n<p style=\"text-align:left\"><span style=\"font-size:16px\"><span style=\"font-family:Merriweather,serif !important\"><span style=\"color:#000000\"><span style=\"background-color:#ffffff\">Hukuk, Siyasi \u0130\u015fler ve D\u0131\u015fili\u015fkiler Komitesi, ilk olarak, \u201cKuzey K\u0131br\u0131s T\u00fcrk Cumhuriyeti H\u00fck\u00fcmeti ile T\u00fcrkiye Cumhuriyeti H\u00fck\u00fcmeti Aras\u0131nda Yap\u0131 \u0130\u015fleri Alan\u0131nda Mutabakat Zapt\u0131 (Onay) Yasa Tasar\u0131s\u0131\u201dn\u0131 ele alarak, genel g\u00f6r\u00fc\u015fmesini ger\u00e7ekle\u015ftirdi.<\/span><\/span><\/span><\/span><\/p>\n<p style=\"text-align:left\"><span style=\"font-size:16px\"><span style=\"font-family:Merriweather,serif !important\"><span style=\"color:#000000\"><span style=\"background-color:#ffffff\">&nbsp;<\/span><\/span><\/span><\/span><\/p>\n<p style=\"text-align:left\"><span style=\"font-size:16px\"><span style=\"font-family:Merriweather,serif !important\"><span style=\"color:#000000\"><span style=\"background-color:#ffffff\">Komite bahse konu Yasa Tasar\u0131s\u0131 ile ilgili \u00e7al\u0131\u015fmalar\u0131na bir sonraki toplant\u0131s\u0131nda devam edecek.<\/span><\/span><\/span><\/span><\/p>\n<p style=\"text-align:left\"><span style=\"font-size:16px\"><span style=\"font-family:Merriweather,serif !important\"><span style=\"color:#000000\"><span style=\"background-color:#ffffff\">&nbsp;<\/span><\/span><\/span><\/span><\/p>\n<p style=\"text-align:left\"><span style=\"font-size:16px\"><span style=\"font-family:Merriweather,serif !important\"><span style=\"color:#000000\"><span style=\"background-color:#ffffff\">Komite toplant\u0131s\u0131na, Yasa Tasar\u0131s\u0131 ile ilgili olarak, KKTC Ba\u015fbakanl\u0131k, KKTC Ba\u015fbakan Yard\u0131mc\u0131l\u0131\u011f\u0131, Turizm, K\u00fclt\u00fcr, Gen\u00e7lik ve \u00c7evre Bakanl\u0131\u011f\u0131, Planlama ve \u0130n\u015faat Dairesi ve KTMMOB\u2019den yetkililer kat\u0131larak, konu ile ilgili ilgili g\u00f6r\u00fc\u015flerini komiteye sundu.<\/span><\/span><\/span><\/span><\/p>\n<p style=\"text-align:left\"><span style=\"font-size:16px\"><span style=\"font-family:Merriweather,serif !important\"><span style=\"color:#000000\"><span style=\"background-color:#ffffff\">&nbsp;<\/span><\/span><\/span><\/span><\/p>\n<p style=\"text-align:left\"><span style=\"font-size:16px\"><span style=\"font-family:Merriweather,serif !important\"><span style=\"color:#000000\"><span style=\"background-color:#ffffff\">Hukuk, Siyasi \u0130\u015fler ve D\u0131\u015fili\u015fkiler Komitesi, di\u011fer bir g\u00fcndem maddesi olan,&nbsp; \u201cT.C. \u0130\u00e7i\u015fleri Bakanl\u0131\u011f\u0131, Afet ve Acil Durum Y\u00f6netimi Ba\u015fkanl\u0131\u011f\u0131 ile KKTC Ba\u015fbakan Yard\u0131mc\u0131l\u0131\u011f\u0131, Turizm, K\u00fclt\u00fcr, Gen\u00e7lik ve \u00c7evre Bakanl\u0131\u011f\u0131, Jeoloji ve Maden Dairesi M\u00fcd\u00fcrl\u00fc\u011f\u00fc Aras\u0131nda \u0130\u015fbirli\u011fi Protokol\u00fc (Onay) Yasa Tasar\u0131s\u0131\u201dn\u0131 g\u00f6r\u00fc\u015ft\u00fc ve oybirli\u011fi ile onaylayarak Genel Kurul\u2019un g\u00fcndemine sevk etti.<\/span><\/span><\/span><\/span><\/p>\n<p style=\"text-align:left\"><span style=\"font-size:16px\"><span style=\"font-family:Merriweather,serif !important\"><span style=\"color:#000000\"><span style=\"background-color:#ffffff\">&nbsp;<\/span><\/span><\/span><\/span><\/p>\n<p style=\"text-align:left\"><span style=\"font-size:16px\"><span style=\"font-family:Merriweather,serif !important\"><span style=\"color:#000000\"><span style=\"background-color:#ffffff\">Komite toplant\u0131s\u0131na, Yasa Tasar\u0131s\u0131 ile ilgili olarak, Ba\u015fbakanl\u0131k, Ba\u015fbakan Yard\u0131mc\u0131l\u0131\u011f\u0131, Turizm, K\u00fclt\u00fcr, Gen\u00e7lik ve \u00c7evre Bakanl\u0131\u011f\u0131 ve Jeoloji ve Maden Dairesi\u2019nden yetkililer kat\u0131larak, konu ile ilgili ilgili g\u00f6r\u00fc\u015flerini komiteye sundu.<\/span><\/span><\/span><\/span><\/p>\n<p style=\"text-align:left\"><span style=\"font-size:16px\"><span style=\"font-family:Merriweather,serif !important\"><span style=\"color:#000000\"><span style=\"background-color:#ffffff\">&nbsp;<\/span><\/span><\/span><\/span><\/p>\n<p style=\"text-align:left\"><span style=\"font-size:16px\"><span style=\"font-family:Merriweather,serif !important\"><span style=\"color:#000000\"><span style=\"background-color:#ffffff\">Komite son olarak,&nbsp; \u201cYabanc\u0131lar ve Muhaceret (De\u011fi\u015fiklik) Yasa Tasar\u0131s\u0131\u201dn\u0131 ele ald\u0131 ve genel g\u00f6r\u00fc\u015fmesini ger\u00e7ekle\u015ftirdi. Komite bahse konu Yasa Tasar\u0131s\u0131 ile ilgili g\u00f6r\u00fc\u015fmelerine bir sonraki toplant\u0131s\u0131nda devam edecek.<\/span><\/span><\/span><\/span><\/p>\n<p style=\"text-align:left\"><span style=\"font-size:16px\"><span style=\"font-family:Merriweather,serif !important\"><span style=\"color:#000000\"><span style=\"background-color:#ffffff\">&nbsp;<\/span><\/span><\/span><\/span><\/p>\n<p style=\"text-align:left\"><span style=\"font-size:16px\"><span style=\"font-family:Merriweather,serif !important\"><span style=\"color:#000000\"><span style=\"background-color:#ffffff\">Komite toplant\u0131s\u0131na, Yasa tasar\u0131s\u0131 ile ilgili olarak, \u00c7al\u0131\u015fma ve Sosyal G\u00fcvenlik Bakan\u0131 Sad\u0131k Gardiyano\u011flu, \u00c7al\u0131\u015fma ve Sosyal G\u00fcvenlik Bakanl\u0131\u011f\u0131 ve \u0130\u00e7i\u015fleri Bakanl\u0131\u011f\u0131\u2019ndan yetkililer<\/span><\/span><\/span><\/span><\/p>\n<p style=\"text-align:left\"><span style=\"font-size:16px\"><span style=\"font-family:Merriweather,serif !important\"><span style=\"color:#000000\"><span style=\"background-color:#ffffff\">kat\u0131larak konu ile ilgili ilgili g\u00f6r\u00fc\u015flerini komiteye sundu.<\/span><\/span><\/span><\/span><\/p>\n<p style=\"text-align:left\"><span style=\"font-size:16px\"><span style=\"font-family:Merriweather,serif !important\"><span style=\"color:#000000\"><span style=\"background-color:#ffffff\">&nbsp;<\/span><\/span><\/span><\/span><\/p>\n<p style=\"text-align:left\"><span style=\"font-size:16px\"><span style=\"font-family:Merriweather,serif !important\"><span style=\"color:#000000\"><span style=\"background-color:#ffffff\">UBP Milletvekili Yasemi \u00d6zt\u00fcrk ba\u015fkanl\u0131\u011f\u0131nda toplanan Komite toplant\u0131s\u0131na, CTP Milletvekili Komite Ba\u015fkan Vekili Ongun Talat, Komite \u00dcyesi&nbsp; UBP Milletvekilleri F\u0131rt\u0131na Karanfil, Hasan K\u00fc\u00e7\u00fck ve CTP Milletvekili \u00dcr\u00fcn Solyal\u0131 kat\u0131ld\u0131.<\/span><\/span><\/span><\/span><\/p>\n","protected":false},"excerpt":{"rendered":"<p>Meclisten yap\u0131lan yaz\u0131l\u0131 a\u00e7\u0131klamaya g\u00f6re, Hukuk, Siyasi \u0130\u015fler ve D\u0131\u015fili\u015fkiler Komitesi, \u201cKuzey K\u0131br\u0131s T\u00fcrk Cumhuriyeti H\u00fck\u00fcmeti ile T\u00fcrkiye Cumhuriyeti H\u00fck\u00fcmeti Aras\u0131nda Yap\u0131 \u0130\u015fleri Alan\u0131nda Mutabakat Zapt\u0131 (Onay) Yasa Tasar\u0131s\u0131\u201d, \u201cT.C. \u0130\u00e7i\u015fleri Bakanl\u0131\u011f\u0131, Afet ve Acil Durum Y\u00f6netimi Ba\u015fkanl\u0131\u011f\u0131 ile K.K.T.C. Ba\u015fbakan Yard\u0131mc\u0131l\u0131\u011f\u0131, Turizm, K\u00fclt\u00fcr, Gen\u00e7lik ve \u00c7evre Bakanl\u0131\u011f\u0131, Jeoloji ve Maden Dairesi M\u00fcd\u00fcrl\u00fc\u011f\u00fc Aras\u0131nda \u0130\u015fbirli\u011fi<\/p>\n","protected":false},"author":1,"featured_media":32890,"comment_status":"open","ping_status":"open","sticky":false,"template":"","format":"standard","meta":{"footnotes":""},"categories":[85],"tags":[],"class_list":["post-32889","post","type-post","status-publish","format-standard","has-post-thumbnail","hentry","category-spor"],"yoast_head":"<!-- This site is optimized with the Yoast SEO plugin v27.4 - https:\/\/yoast.com\/product\/yoast-seo-wordpress\/ -->\n<title>Cumhuriyet Meclisi, Hukuk, Siyasi \u0130\u015fler ve D\u0131\u015fili\u015fkiler Komitesi topland\u0131 -<\/title>\n<meta name=\"robots\" content=\"index, follow, max-snippet:-1, max-image-preview:large, max-video-preview:-1\" \/>\n<link rel=\"canonical\" href=\"https:\/\/kibrisdakik.com\/?p=32889\" \/>\n<meta property=\"og:locale\" content=\"tr_TR\" \/>\n<meta property=\"og:type\" content=\"article\" \/>\n<meta property=\"og:title\" content=\"Cumhuriyet Meclisi, Hukuk, Siyasi \u0130\u015fler ve D\u0131\u015fili\u015fkiler Komitesi topland\u0131 -\" \/>\n<meta property=\"og:description\" content=\"Meclisten yap\u0131lan yaz\u0131l\u0131 a\u00e7\u0131klamaya g\u00f6re, Hukuk, Siyasi \u0130\u015fler ve D\u0131\u015fili\u015fkiler Komitesi, \u201cKuzey K\u0131br\u0131s T\u00fcrk Cumhuriyeti H\u00fck\u00fcmeti ile T\u00fcrkiye Cumhuriyeti H\u00fck\u00fcmeti Aras\u0131nda Yap\u0131 \u0130\u015fleri Alan\u0131nda Mutabakat Zapt\u0131 (Onay) Yasa Tasar\u0131s\u0131\u201d, \u201cT.C. \u0130\u00e7i\u015fleri Bakanl\u0131\u011f\u0131, Afet ve Acil Durum Y\u00f6netimi Ba\u015fkanl\u0131\u011f\u0131 ile K.K.T.C. Ba\u015fbakan Yard\u0131mc\u0131l\u0131\u011f\u0131, Turizm, K\u00fclt\u00fcr, Gen\u00e7lik ve \u00c7evre Bakanl\u0131\u011f\u0131, Jeoloji ve Maden Dairesi M\u00fcd\u00fcrl\u00fc\u011f\u00fc Aras\u0131nda \u0130\u015fbirli\u011fi\" \/>\n<meta property=\"og:url\" content=\"https:\/\/kibrisdakik.com\/?p=32889\" \/>\n<meta property=\"article:published_time\" content=\"2024-03-07T19:14:53+00:00\" \/>\n<meta property=\"og:image\" content=\"https:\/\/kibrisdakik.com\/wp-content\/uploads\/2024\/03\/cumhuriyet-meclisi-hukuk-siyasi-isler-ve-disiliskiler-komitesi-toplandi-1709829007.webp.webp\" \/>\n\t<meta property=\"og:image:width\" content=\"710\" \/>\n\t<meta property=\"og:image:height\" content=\"370\" \/>\n\t<meta property=\"og:image:type\" content=\"image\/webp\" \/>\n<meta name=\"author\" content=\"admin\" \/>\n<meta name=\"twitter:card\" content=\"summary_large_image\" \/>\n<meta name=\"twitter:label1\" content=\"Yazan:\" \/>\n\t<meta name=\"twitter:data1\" content=\"admin\" \/>\n\t<meta name=\"twitter:label2\" content=\"Tahmini okuma s\u00fcresi\" \/>\n\t<meta name=\"twitter:data2\" content=\"2 dakika\" \/>\n<script type=\"application\/ld+json\" class=\"yoast-schema-graph\">{\"@context\":\"https:\\\/\\\/schema.org\",\"@graph\":[{\"@type\":\"Article\",\"@id\":\"https:\\\/\\\/kibrisdakik.com\\\/?p=32889#article\",\"isPartOf\":{\"@id\":\"https:\\\/\\\/kibrisdakik.com\\\/?p=32889\"},\"author\":{\"name\":\"admin\",\"@id\":\"https:\\\/\\\/kibrisdakik.com\\\/#\\\/schema\\\/person\\\/9cd9d437bbb44f72b73ba127e06d8e79\"},\"headline\":\"Cumhuriyet Meclisi, Hukuk, Siyasi \u0130\u015fler ve D\u0131\u015fili\u015fkiler Komitesi topland\u0131\",\"datePublished\":\"2024-03-07T19:14:53+00:00\",\"mainEntityOfPage\":{\"@id\":\"https:\\\/\\\/kibrisdakik.com\\\/?p=32889\"},\"wordCount\":496,\"commentCount\":0,\"image\":{\"@id\":\"https:\\\/\\\/kibrisdakik.com\\\/?p=32889#primaryimage\"},\"thumbnailUrl\":\"https:\\\/\\\/kibrisdakik.com\\\/wp-content\\\/uploads\\\/2024\\\/03\\\/cumhuriyet-meclisi-hukuk-siyasi-isler-ve-disiliskiler-komitesi-toplandi-1709829007.webp.webp\",\"articleSection\":[\"Spor\"],\"inLanguage\":\"tr\",\"potentialAction\":[{\"@type\":\"CommentAction\",\"name\":\"Comment\",\"target\":[\"https:\\\/\\\/kibrisdakik.com\\\/?p=32889#respond\"]}]},{\"@type\":\"WebPage\",\"@id\":\"https:\\\/\\\/kibrisdakik.com\\\/?p=32889\",\"url\":\"https:\\\/\\\/kibrisdakik.com\\\/?p=32889\",\"name\":\"Cumhuriyet Meclisi, Hukuk, Siyasi \u0130\u015fler ve D\u0131\u015fili\u015fkiler Komitesi topland\u0131 -\",\"isPartOf\":{\"@id\":\"https:\\\/\\\/kibrisdakik.com\\\/#website\"},\"primaryImageOfPage\":{\"@id\":\"https:\\\/\\\/kibrisdakik.com\\\/?p=32889#primaryimage\"},\"image\":{\"@id\":\"https:\\\/\\\/kibrisdakik.com\\\/?p=32889#primaryimage\"},\"thumbnailUrl\":\"https:\\\/\\\/kibrisdakik.com\\\/wp-content\\\/uploads\\\/2024\\\/03\\\/cumhuriyet-meclisi-hukuk-siyasi-isler-ve-disiliskiler-komitesi-toplandi-1709829007.webp.webp\",\"datePublished\":\"2024-03-07T19:14:53+00:00\",\"author\":{\"@id\":\"https:\\\/\\\/kibrisdakik.com\\\/#\\\/schema\\\/person\\\/9cd9d437bbb44f72b73ba127e06d8e79\"},\"breadcrumb\":{\"@id\":\"https:\\\/\\\/kibrisdakik.com\\\/?p=32889#breadcrumb\"},\"inLanguage\":\"tr\",\"potentialAction\":[{\"@type\":\"ReadAction\",\"target\":[\"https:\\\/\\\/kibrisdakik.com\\\/?p=32889\"]}]},{\"@type\":\"ImageObject\",\"inLanguage\":\"tr\",\"@id\":\"https:\\\/\\\/kibrisdakik.com\\\/?p=32889#primaryimage\",\"url\":\"https:\\\/\\\/kibrisdakik.com\\\/wp-content\\\/uploads\\\/2024\\\/03\\\/cumhuriyet-meclisi-hukuk-siyasi-isler-ve-disiliskiler-komitesi-toplandi-1709829007.webp.webp\",\"contentUrl\":\"https:\\\/\\\/kibrisdakik.com\\\/wp-content\\\/uploads\\\/2024\\\/03\\\/cumhuriyet-meclisi-hukuk-siyasi-isler-ve-disiliskiler-komitesi-toplandi-1709829007.webp.webp\",\"width\":710,\"height\":370},{\"@type\":\"BreadcrumbList\",\"@id\":\"https:\\\/\\\/kibrisdakik.com\\\/?p=32889#breadcrumb\",\"itemListElement\":[{\"@type\":\"ListItem\",\"position\":1,\"name\":\"Home\",\"item\":\"https:\\\/\\\/kibrisdakik.com\\\/\"},{\"@type\":\"ListItem\",\"position\":2,\"name\":\"Cumhuriyet Meclisi, Hukuk, Siyasi \u0130\u015fler ve D\u0131\u015fili\u015fkiler Komitesi topland\u0131\"}]},{\"@type\":\"WebSite\",\"@id\":\"https:\\\/\\\/kibrisdakik.com\\\/#website\",\"url\":\"https:\\\/\\\/kibrisdakik.com\\\/\",\"name\":\"\",\"description\":\"Tam vaktinde haber\",\"potentialAction\":[{\"@type\":\"SearchAction\",\"target\":{\"@type\":\"EntryPoint\",\"urlTemplate\":\"https:\\\/\\\/kibrisdakik.com\\\/?s={search_term_string}\"},\"query-input\":{\"@type\":\"PropertyValueSpecification\",\"valueRequired\":true,\"valueName\":\"search_term_string\"}}],\"inLanguage\":\"tr\"},{\"@type\":\"Person\",\"@id\":\"https:\\\/\\\/kibrisdakik.com\\\/#\\\/schema\\\/person\\\/9cd9d437bbb44f72b73ba127e06d8e79\",\"name\":\"admin\",\"image\":{\"@type\":\"ImageObject\",\"inLanguage\":\"tr\",\"@id\":\"https:\\\/\\\/secure.gravatar.com\\\/avatar\\\/ccc17943b9d660506c869530f897617f7cb1c21a4bf30023f252596d83e1f007?s=96&d=mm&r=g\",\"url\":\"https:\\\/\\\/secure.gravatar.com\\\/avatar\\\/ccc17943b9d660506c869530f897617f7cb1c21a4bf30023f252596d83e1f007?s=96&d=mm&r=g\",\"contentUrl\":\"https:\\\/\\\/secure.gravatar.com\\\/avatar\\\/ccc17943b9d660506c869530f897617f7cb1c21a4bf30023f252596d83e1f007?s=96&d=mm&r=g\",\"caption\":\"admin\"},\"sameAs\":[\"https:\\\/\\\/kibrisdakik.com\"],\"url\":\"https:\\\/\\\/kibrisdakik.com\\\/?author=1\"}]}<\/script>\n<!-- \/ Yoast SEO plugin. -->","yoast_head_json":{"title":"Cumhuriyet Meclisi, Hukuk, Siyasi \u0130\u015fler ve D\u0131\u015fili\u015fkiler Komitesi topland\u0131 -","robots":{"index":"index","follow":"follow","max-snippet":"max-snippet:-1","max-image-preview":"max-image-preview:large","max-video-preview":"max-video-preview:-1"},"canonical":"https:\/\/kibrisdakik.com\/?p=32889","og_locale":"tr_TR","og_type":"article","og_title":"Cumhuriyet Meclisi, Hukuk, Siyasi \u0130\u015fler ve D\u0131\u015fili\u015fkiler Komitesi topland\u0131 -","og_description":"Meclisten yap\u0131lan yaz\u0131l\u0131 a\u00e7\u0131klamaya g\u00f6re, Hukuk, Siyasi \u0130\u015fler ve D\u0131\u015fili\u015fkiler Komitesi, \u201cKuzey K\u0131br\u0131s T\u00fcrk Cumhuriyeti H\u00fck\u00fcmeti ile T\u00fcrkiye Cumhuriyeti H\u00fck\u00fcmeti Aras\u0131nda Yap\u0131 \u0130\u015fleri Alan\u0131nda Mutabakat Zapt\u0131 (Onay) Yasa Tasar\u0131s\u0131\u201d, \u201cT.C. \u0130\u00e7i\u015fleri Bakanl\u0131\u011f\u0131, Afet ve Acil Durum Y\u00f6netimi Ba\u015fkanl\u0131\u011f\u0131 ile K.K.T.C. Ba\u015fbakan Yard\u0131mc\u0131l\u0131\u011f\u0131, Turizm, K\u00fclt\u00fcr, Gen\u00e7lik ve \u00c7evre Bakanl\u0131\u011f\u0131, Jeoloji ve Maden Dairesi M\u00fcd\u00fcrl\u00fc\u011f\u00fc Aras\u0131nda \u0130\u015fbirli\u011fi","og_url":"https:\/\/kibrisdakik.com\/?p=32889","article_published_time":"2024-03-07T19:14:53+00:00","og_image":[{"width":710,"height":370,"url":"https:\/\/kibrisdakik.com\/wp-content\/uploads\/2024\/03\/cumhuriyet-meclisi-hukuk-siyasi-isler-ve-disiliskiler-komitesi-toplandi-1709829007.webp.webp","type":"image\/webp"}],"author":"admin","twitter_card":"summary_large_image","twitter_misc":{"Yazan:":"admin","Tahmini okuma s\u00fcresi":"2 dakika"},"schema":{"@context":"https:\/\/schema.org","@graph":[{"@type":"Article","@id":"https:\/\/kibrisdakik.com\/?p=32889#article","isPartOf":{"@id":"https:\/\/kibrisdakik.com\/?p=32889"},"author":{"name":"admin","@id":"https:\/\/kibrisdakik.com\/#\/schema\/person\/9cd9d437bbb44f72b73ba127e06d8e79"},"headline":"Cumhuriyet Meclisi, Hukuk, Siyasi \u0130\u015fler ve D\u0131\u015fili\u015fkiler Komitesi topland\u0131","datePublished":"2024-03-07T19:14:53+00:00","mainEntityOfPage":{"@id":"https:\/\/kibrisdakik.com\/?p=32889"},"wordCount":496,"commentCount":0,"image":{"@id":"https:\/\/kibrisdakik.com\/?p=32889#primaryimage"},"thumbnailUrl":"https:\/\/kibrisdakik.com\/wp-content\/uploads\/2024\/03\/cumhuriyet-meclisi-hukuk-siyasi-isler-ve-disiliskiler-komitesi-toplandi-1709829007.webp.webp","articleSection":["Spor"],"inLanguage":"tr","potentialAction":[{"@type":"CommentAction","name":"Comment","target":["https:\/\/kibrisdakik.com\/?p=32889#respond"]}]},{"@type":"WebPage","@id":"https:\/\/kibrisdakik.com\/?p=32889","url":"https:\/\/kibrisdakik.com\/?p=32889","name":"Cumhuriyet Meclisi, Hukuk, Siyasi \u0130\u015fler ve D\u0131\u015fili\u015fkiler Komitesi topland\u0131 -","isPartOf":{"@id":"https:\/\/kibrisdakik.com\/#website"},"primaryImageOfPage":{"@id":"https:\/\/kibrisdakik.com\/?p=32889#primaryimage"},"image":{"@id":"https:\/\/kibrisdakik.com\/?p=32889#primaryimage"},"thumbnailUrl":"https:\/\/kibrisdakik.com\/wp-content\/uploads\/2024\/03\/cumhuriyet-meclisi-hukuk-siyasi-isler-ve-disiliskiler-komitesi-toplandi-1709829007.webp.webp","datePublished":"2024-03-07T19:14:53+00:00","author":{"@id":"https:\/\/kibrisdakik.com\/#\/schema\/person\/9cd9d437bbb44f72b73ba127e06d8e79"},"breadcrumb":{"@id":"https:\/\/kibrisdakik.com\/?p=32889#breadcrumb"},"inLanguage":"tr","potentialAction":[{"@type":"ReadAction","target":["https:\/\/kibrisdakik.com\/?p=32889"]}]},{"@type":"ImageObject","inLanguage":"tr","@id":"https:\/\/kibrisdakik.com\/?p=32889#primaryimage","url":"https:\/\/kibrisdakik.com\/wp-content\/uploads\/2024\/03\/cumhuriyet-meclisi-hukuk-siyasi-isler-ve-disiliskiler-komitesi-toplandi-1709829007.webp.webp","contentUrl":"https:\/\/kibrisdakik.com\/wp-content\/uploads\/2024\/03\/cumhuriyet-meclisi-hukuk-siyasi-isler-ve-disiliskiler-komitesi-toplandi-1709829007.webp.webp","width":710,"height":370},{"@type":"BreadcrumbList","@id":"https:\/\/kibrisdakik.com\/?p=32889#breadcrumb","itemListElement":[{"@type":"ListItem","position":1,"name":"Home","item":"https:\/\/kibrisdakik.com\/"},{"@type":"ListItem","position":2,"name":"Cumhuriyet Meclisi, Hukuk, Siyasi \u0130\u015fler ve D\u0131\u015fili\u015fkiler Komitesi topland\u0131"}]},{"@type":"WebSite","@id":"https:\/\/kibrisdakik.com\/#website","url":"https:\/\/kibrisdakik.com\/","name":"","description":"Tam vaktinde haber","potentialAction":[{"@type":"SearchAction","target":{"@type":"EntryPoint","urlTemplate":"https:\/\/kibrisdakik.com\/?s={search_term_string}"},"query-input":{"@type":"PropertyValueSpecification","valueRequired":true,"valueName":"search_term_string"}}],"inLanguage":"tr"},{"@type":"Person","@id":"https:\/\/kibrisdakik.com\/#\/schema\/person\/9cd9d437bbb44f72b73ba127e06d8e79","name":"admin","image":{"@type":"ImageObject","inLanguage":"tr","@id":"https:\/\/secure.gravatar.com\/avatar\/ccc17943b9d660506c869530f897617f7cb1c21a4bf30023f252596d83e1f007?s=96&d=mm&r=g","url":"https:\/\/secure.gravatar.com\/avatar\/ccc17943b9d660506c869530f897617f7cb1c21a4bf30023f252596d83e1f007?s=96&d=mm&r=g","contentUrl":"https:\/\/secure.gravatar.com\/avatar\/ccc17943b9d660506c869530f897617f7cb1c21a4bf30023f252596d83e1f007?s=96&d=mm&r=g","caption":"admin"},"sameAs":["https:\/\/kibrisdakik.com"],"url":"https:\/\/kibrisdakik.com\/?author=1"}]}},"_links":{"self":[{"href":"https:\/\/kibrisdakik.com\/index.php?rest_route=\/wp\/v2\/posts\/32889","targetHints":{"allow":["GET"]}}],"collection":[{"href":"https:\/\/kibrisdakik.com\/index.php?rest_route=\/wp\/v2\/posts"}],"about":[{"href":"https:\/\/kibrisdakik.com\/index.php?rest_route=\/wp\/v2\/types\/post"}],"author":[{"embeddable":true,"href":"https:\/\/kibrisdakik.com\/index.php?rest_route=\/wp\/v2\/users\/1"}],"replies":[{"embeddable":true,"href":"https:\/\/kibrisdakik.com\/index.php?rest_route=%2Fwp%2Fv2%2Fcomments&post=32889"}],"version-history":[{"count":0,"href":"https:\/\/kibrisdakik.com\/index.php?rest_route=\/wp\/v2\/posts\/32889\/revisions"}],"wp:featuredmedia":[{"embeddable":true,"href":"https:\/\/kibrisdakik.com\/index.php?rest_route=\/wp\/v2\/media\/32890"}],"wp:attachment":[{"href":"https:\/\/kibrisdakik.com\/index.php?rest_route=%2Fwp%2Fv2%2Fmedia&parent=32889"}],"wp:term":[{"taxonomy":"category","embeddable":true,"href":"https:\/\/kibrisdakik.com\/index.php?rest_route=%2Fwp%2Fv2%2Fcategories&post=32889"},{"taxonomy":"post_tag","embeddable":true,"href":"https:\/\/kibrisdakik.com\/index.php?rest_route=%2Fwp%2Fv2%2Ftags&post=32889"}],"curies":[{"name":"wp","href":"https:\/\/api.w.org\/{rel}","templated":true}]}}