{"id":32931,"date":"2024-03-08T02:21:52","date_gmt":"2024-03-08T02:21:52","guid":{"rendered":"https:\/\/kibrisdakik.com\/index.php\/2024\/03\/08\/ktos-ve-ktoeos-ogretmene-maas-kesintisini-milli-egitim-bakanligi-onunde-protesto-etti\/"},"modified":"2024-03-08T02:21:52","modified_gmt":"2024-03-08T02:21:52","slug":"ktos-ve-ktoeos-ogretmene-maas-kesintisini-milli-egitim-bakanligi-onunde-protesto-etti","status":"publish","type":"post","link":"https:\/\/kibrisdakik.com\/?p=32931","title":{"rendered":"KT\u00d6S ve KTOE\u00d6S, \u00f6\u011fretmene maa\u015f kesintisini Milli E\u011fitim Bakanl\u0131\u011f\u0131 \u00f6n\u00fcnde protesto etti"},"content":{"rendered":"<p><img decoding=\"async\" src=\"https:\/\/www.kibristurk.com\/images\/haberler\/2024\/03\/ktos-ve-ktoeos-ogretmene-maas-kesintisini-milli-egitim-bakanligi-onunde-protesto-etti-1709823081.webp\" \/><\/p>\n<p style=\"text-align:left\"><span style=\"font-size:16px\"><span style=\"font-family:Merriweather,serif !important\"><span style=\"color:#000000\"><span style=\"background-color:#ffffff\">Bas\u0131n a\u00e7\u0131klamas\u0131nda, \u201cYasa, T\u00fcz\u00fck Tan\u0131mayan; \u00d6\u011fretmen D\u00fc\u015fmanl\u0131\u011f\u0131 Yapanlara Kar\u015f\u0131 Boyun E\u011fmeyece\u011fiz\u201d yaz\u0131l\u0131 pankart a\u00e7\u0131ld\u0131.<\/span><\/span><\/span><\/span><\/p>\n<p style=\"text-align:left\"><span style=\"font-size:16px\"><span style=\"font-family:Merriweather,serif !important\"><span style=\"color:#000000\"><span style=\"background-color:#ffffff\">-Mavi\u015f<\/span><\/span><\/span><\/span><\/p>\n<p style=\"text-align:left\"><span style=\"font-size:16px\"><span style=\"font-family:Merriweather,serif !important\"><span style=\"color:#000000\"><span style=\"background-color:#ffffff\">KT\u00d6S Genel Sekreteri Burak Mavi\u015f yapt\u0131\u011f\u0131 konu\u015fmada, \u201c\u00fclkenin k\u00f6t\u00fc g\u00fcnlerden ge\u00e7ti\u011fini, yolsuzluk, r\u00fc\u015fvet, h\u0131rs\u0131zl\u0131k, partizanl\u0131k ve haks\u0131zl\u0131\u011f\u0131n al\u0131p ba\u015f\u0131n\u0131 gitti\u011fini\u201d savundu. \u201cDeniz seviyesinin alt\u0131na ge\u00e7tik. Art\u0131k dipte de\u011filiz, batt\u0131k\u201d diyen Mavi\u015f, h\u00fck\u00fcmete ele\u015ftirilerde bulundu.<\/span><\/span><\/span><\/span><\/p>\n<p style=\"text-align:left\"><span style=\"font-size:16px\"><span style=\"font-family:Merriweather,serif !important\"><span style=\"color:#000000\"><span style=\"background-color:#ffffff\">\u201cMilli E\u011fitim Bakan\u0131n\u0131n \u00f6\u011fretmenlere d\u00fc\u015fmanca davrand\u0131\u011f\u0131n\u0131, hakk\u0131n\u0131 gasp etmeye, bask\u0131 alt\u0131na almaya \u00e7al\u0131\u015ft\u0131\u011f\u0131n\u0131\u201d \u00f6ne s\u00fcren Mavi\u015f, \u201cMilli E\u011fitim Bakanl\u0131\u011f\u0131n\u0131n politikalar\u0131na ve yozla\u015fm\u0131\u015f siyasi d\u00fczene kar\u015f\u0131 m\u00fccadele etmeye, ses vermeye devam edeceklerini\u201d kaydetti.<\/span><\/span><\/span><\/span><\/p>\n<p style=\"text-align:left\"><span style=\"font-size:16px\"><span style=\"font-family:Merriweather,serif !important\"><span style=\"color:#000000\"><span style=\"background-color:#ffffff\">\u201cBizler yasalara inanan kesimleriz\u201d diyen Burak Mavi\u015f, \u00f6\u011fretmenlerin g\u00f6reve ba\u015flarken, yasalar\u0131 bildi\u011fini s\u00f6yledi. \u00d6\u011fretmenler Yasas\u0131, Emeklilik Yasas\u0131, Kamu G\u00f6revlileri Yasas\u0131 ve Anayasa\u2019y\u0131 i\u00e7eren kitap\u00e7\u0131klar\u0131 tek tek g\u00f6steren Mavi\u015f, \u201cMilli E\u011fitim Bakan\u0131\u2019n\u0131n, \u00d6\u011fretmenler Yasas\u0131 ve Anayasa\u2019n\u0131n aksine g\u00f6revini k\u00f6t\u00fcye kullanarak, \u00f6\u011fretmenlerin maa\u015flar\u0131ndan kesinti yapt\u0131\u011f\u0131n\u0131\u201d iddia etti.<\/span><\/span><\/span><\/span><\/p>\n<p style=\"text-align:left\"><span style=\"font-size:16px\"><span style=\"font-family:Merriweather,serif !important\"><span style=\"color:#000000\"><span style=\"background-color:#ffffff\">\u201c \u2018Hizmet i\u00e7i kurslara kat\u0131lmad\u0131\u2019 gerek\u00e7esiyle do\u011fum izninde, yurt d\u0131\u015f\u0131 izninde, okulda g\u00f6revli olan ve Bakanl\u0131\u011f\u0131n \u00e7al\u0131\u015ftaya davet etti\u011fi \u00f6\u011fretmenlerin maa\u015f\u0131ndan kesinti yap\u0131ld\u0131\u011f\u0131n\u0131\u201d savunan Mavi\u015f, yakla\u015f\u0131k 550 civar\u0131 \u00f6\u011fretmene 7 aya a\u015fk\u0131n bir s\u00fcredir geri \u00f6deme yap\u0131lmad\u0131\u011f\u0131n\u0131 s\u00f6yledi.<\/span><\/span><\/span><\/span><\/p>\n<p style=\"text-align:left\"><span style=\"font-size:16px\"><span style=\"font-family:Merriweather,serif !important\"><span style=\"color:#000000\"><span style=\"background-color:#ffffff\">May\u0131s 2023\u2019te ge\u00e7irilen \u00d6\u011fretmenler Yasas\u0131na g\u00f6re, \u00f6\u011fretmenlere y\u00f6nelik hizmet i\u00e7i e\u011fitimlerin bir t\u00fcz\u00fck haz\u0131rland\u0131ktan sonra yap\u0131lmas\u0131 gerekti\u011fini ifade eden Mavi\u015f, yasan\u0131n emretti\u011fi \u015fekilde t\u00fcz\u00fck yap\u0131lmad\u0131\u011f\u0131n\u0131 ve e\u011fitimlere ba\u015fland\u0131\u011f\u0131n\u0131 belirtti.<\/span><\/span><\/span><\/span><\/p>\n<p style=\"text-align:left\"><span style=\"font-size:16px\"><span style=\"font-family:Merriweather,serif !important\"><span style=\"color:#000000\"><span style=\"background-color:#ffffff\">E\u011fitim Bakanl\u0131\u011f\u0131n\u0131n okullara genelge g\u00f6ndererek, kurslar\u0131 zorunlu tutmak istedi\u011fini ancak bu y\u00fck\u00fcml\u00fcl\u00fc\u011fe uyulmamas\u0131 halinde ne gibi bir yapt\u0131r\u0131m uygulanaca\u011f\u0131n\u0131 belirtmedi\u011fini dile getiren Mavi\u015f, \u00f6\u011fretmenlerin \u00f6nemli bir b\u00f6l\u00fcm\u00fcn\u00fcn gereken alanlarda kurslara kat\u0131ld\u0131\u011f\u0131n\u0131 kaydetti.<\/span><\/span><\/span><\/span><\/p>\n<p style=\"text-align:left\"><span style=\"font-size:16px\"><span style=\"font-family:Merriweather,serif !important\"><span style=\"color:#000000\"><span style=\"background-color:#ffffff\">\u0130lgili e\u011fitimlerin, \u00f6\u011fretmenin g\u00f6rev yeri olan okullarda de\u011fil okul d\u0131\u015f\u0131 yerlerde yap\u0131ld\u0131\u011f\u0131n\u0131 ifade eden Burak Mavi\u015f, sendikalar\u0131n, Eyl\u00fcl ay\u0131nda e\u011fitimler ba\u015flamadan \u00f6nce ilgili e\u011fitimlerden sorumlu E\u011fitim Ortak Hizmetler Dairesi M\u00fcd\u00fcr\u00fc ile bir g\u00f6r\u00fc\u015fme ger\u00e7ekle\u015ftirip, genelgenin hukuk d\u0131\u015f\u0131 oldu\u011funu, bir an \u00f6nce ilgili t\u00fcz\u00fc\u011f\u00fcn yap\u0131lmas\u0131n\u0131 talep etti\u011fini anlatt\u0131. Mavi\u015f, kendilerine, \u00f6\u011fretmenlere bu y\u0131l bir yapt\u0131r\u0131m uygulanmas\u0131n\u0131n d\u00fc\u015f\u00fcn\u00fclmedi\u011finin ve t\u00fcz\u00fck \u00fczerinde \u00e7al\u0131\u015f\u0131ld\u0131\u011f\u0131n\u0131n ifade edildi\u011fini aktard\u0131.<\/span><\/span><\/span><\/span><\/p>\n<p style=\"text-align:left\"><span style=\"font-size:16px\"><span style=\"font-family:Merriweather,serif !important\"><span style=\"color:#000000\"><span style=\"background-color:#ffffff\">Buna ra\u011fmen yakla\u015f\u0131k 550 \u00f6\u011fretmene 2.5 Milyar TL civar\u0131nda kesinti yap\u0131ld\u0131\u011f\u0131n\u0131 belirten KT\u00d6S Genel Sekreteri Mavi\u015f, \u201cHizmet i\u00e7i e\u011fitimlere kat\u0131lmamak, kamu \u00e7al\u0131\u015fanlar\u0131n\u0131n ba\u011fl\u0131 oldu\u011fu hi\u00e7bir yasada maa\u015f kesintisi gerektirecek bir su\u00e7 olarak tan\u0131mlanmam\u0131\u015ft\u0131r. Kamu \u00e7al\u0131\u015fanlar\u0131na maa\u015f kesintisi yap\u0131labilecek durumlar yasalar\u0131m\u0131zda a\u00e7\u0131kt\u0131r\u201d diye konu\u015ftu.<\/span><\/span><\/span><\/span><\/p>\n<p style=\"text-align:left\"><span style=\"font-size:16px\"><span style=\"font-family:Merriweather,serif !important\"><span style=\"color:#000000\"><span style=\"background-color:#ffffff\">\u201cE\u011fitim Bakanl\u0131\u011f\u0131n\u0131n, \u00f6\u011fretmenin mesleki geli\u015fimine katk\u0131 yapmas\u0131 ve \u00f6\u011fretmenlerin motivasyonunu art\u0131rmas\u0131 gereken hizmet i\u00e7i e\u011fitimleri bir \u2018ceza\u2019 unsuru olarak kulland\u0131\u011f\u0131n\u0131\u201d ileri s\u00fcren Mavi\u015f, bu konuda Bakanl\u0131\u011f\u0131n \u201cceza kesme ve\/veya maa\u015f kesme\u201d yetkisinin ne bir yasaya ne de bir t\u00fcz\u00fc\u011fe dayand\u0131\u011f\u0131n\u0131 s\u00f6yledi.<\/span><\/span><\/span><\/span><\/p>\n<p style=\"text-align:left\"><span style=\"font-size:16px\"><span style=\"font-family:Merriweather,serif !important\"><span style=\"color:#000000\"><span style=\"background-color:#ffffff\">\u201cE\u011fitim Bakanl\u0131\u011f\u0131n\u0131n, t\u00fcz\u00fck yapmak i\u00e7in hala \u00e7a\u011fr\u0131 yapmamas\u0131n\u0131n, niyetinin iyi olmad\u0131\u011f\u0131n\u0131n bir g\u00f6stergesi oldu\u011funu\u201d savunan Burak Mavi\u015f, sendikalar\u0131n, E\u011fitim Bakanl\u0131\u011f\u0131n\u0131 ve t\u00fcm gayr\u0131 yasal uygulamalar\u0131 mahkemeye ta\u015f\u0131d\u0131\u011f\u0131n\u0131 kaydetti.<\/span><\/span><\/span><\/span><\/p>\n<p style=\"text-align:left\"><span style=\"font-size:16px\"><span style=\"font-family:Merriweather,serif !important\"><span style=\"color:#000000\"><span style=\"background-color:#ffffff\">Mavi\u015f, \u201cE\u011fitim Bakanl\u0131\u011f\u0131\u2019na, anti-demokratik ve hukuk devleti ilkesiyle ba\u011fda\u015fmayan yakla\u015f\u0131m\u0131ndan geri d\u00f6nmesi\u201d \u00e7a\u011fr\u0131s\u0131nda bulundu.<\/span><\/span><\/span><\/span><\/p>\n<p style=\"text-align:left\"><span style=\"font-size:16px\"><span style=\"font-family:Merriweather,serif !important\"><span style=\"color:#000000\"><span style=\"background-color:#ffffff\">-Eylem<\/span><\/span><\/span><\/span><\/p>\n<p style=\"text-align:left\"><span style=\"font-size:16px\"><span style=\"font-family:Merriweather,serif !important\"><span style=\"color:#000000\"><span style=\"background-color:#ffffff\">KTOE\u00d6S Ba\u015fkan\u0131 Selma Eylem de, haks\u0131z ve yasa d\u0131\u015f\u0131 kesintiyi ortaya koymak i\u00e7in Bakanl\u0131k \u00f6n\u00fcnde olduklar\u0131n\u0131 belirterek, yurt d\u0131\u015f\u0131 veya do\u011fum izni verilen \u00f6\u011fretmene kesinti yap\u0131ld\u0131\u011f\u0131n\u0131 belirterek bunu ele\u015ftirdi.<\/span><\/span><\/span><\/span><\/p>\n<p style=\"text-align:left\"><span style=\"font-size:16px\"><span style=\"font-family:Merriweather,serif !important\"><span style=\"color:#000000\"><span style=\"background-color:#ffffff\">\u201c \u2018Hizmet i\u00e7i e\u011fitimlere kat\u0131lmad\u0131\u2019 diye verilen beyan\u0131n sahte oldu\u011funu\u201d iddia eden Eylem, su\u00e7 i\u015flendi\u011fi gerek\u00e7esiyle soru\u015fturma yap\u0131lmas\u0131 gerekti\u011fini ifade etti.<\/span><\/span><\/span><\/span><\/p>\n<p style=\"text-align:left\"><span style=\"font-size:16px\"><span style=\"font-family:Merriweather,serif !important\"><span style=\"color:#000000\"><span style=\"background-color:#ffffff\">\u201cBunlar \u00f6\u011fretmene ve sendikas\u0131na sald\u0131r\u0131d\u0131r\u201d diyen Eylem, \u00f6\u011fretmen ve \u00f6\u011fretmen sendikalar\u0131n\u0131n, \u00f6zl\u00fck haklar\u0131 ve \u00e7al\u0131\u015fma ko\u015fullar\u0131 i\u00e7in d\u00fczene kar\u015f\u0131 m\u00fccadele etti\u011fini kaydetti.<\/span><\/span><\/span><\/span><\/p>\n<p style=\"text-align:left\"><span style=\"font-size:16px\"><span style=\"font-family:Merriweather,serif !important\"><span style=\"color:#000000\"><span style=\"background-color:#ffffff\">Eylem, \u201cBu m\u00fccadeleyi k\u0131rmak i\u00e7in bizleri maa\u015f kesintileriyle terbiye etmeye \u00e7al\u0131\u015f\u0131yorlar. Bakanl\u0131k da, bu anlay\u0131\u015fta olan siyasiler de bilsin ki, \u00f6\u011fretmen sendikalar\u0131 m\u00fccadele etmekten vazge\u00e7meyecektir\u201d \u015feklinde konu\u015ftu.<\/span><\/span><\/span><\/span><\/p>\n<p style=\"text-align:left\"><span style=\"font-size:16px\"><span style=\"font-family:Merriweather,serif !important\"><span style=\"color:#000000\"><span style=\"background-color:#ffffff\">Okullarda 100\u2019\u00fcn \u00fczerinde konteyner yap\u0131ld\u0131\u011f\u0131n\u0131 ve e\u011fitim verildi\u011fini ifade eden Eylem, \u201cBunlar hangi ihaleyle yap\u0131ld\u0131? Ka\u00e7 para verildi?\u201d sorular\u0131n\u0131 sordu. Halktan toplanan deprem vergilerinin ve nerelere harcand\u0131\u011f\u0131n\u0131n da a\u00e7\u0131klanmas\u0131n\u0131 isteyen Selma Eylem, \u201cOkullar\u0131m\u0131zda do\u011fru d\u00fczg\u00fcn \u00e7ivi bile \u00e7ak\u0131lmam\u0131\u015ft\u0131r\u201d dedi.<\/span><\/span><\/span><\/span><\/p>\n<p style=\"text-align:left\"><span style=\"font-size:16px\"><span style=\"font-family:Merriweather,serif !important\"><span style=\"color:#000000\"><span style=\"background-color:#ffffff\">\u201cDeprem risk raporlar\u0131n\u0131n da hala ortada olmad\u0131\u011f\u0131n\u0131\u201d savunan Eylem, hangi okul binas\u0131n\u0131n ne kadar riskli oldu\u011fu konusunda da a\u00e7\u0131klama talep etti.<\/span><\/span><\/span><\/span><\/p>\n<p style=\"text-align:left\"><span style=\"font-size:16px\"><span style=\"font-family:Merriweather,serif !important\"><span style=\"color:#000000\"><span style=\"background-color:#ffffff\">Bir soru \u00fczerine Eylem, Milli E\u011fitim Bakan\u0131\u2019n\u0131n niyetinin, \u201c\u00f6\u011fretmene sald\u0131rma, itibars\u0131zla\u015ft\u0131rma ve sendikalar\u0131 ortada kald\u0131rma\u201d oldu\u011funu iddia etti.<\/span><\/span><\/span><\/span><\/p>\n<p style=\"text-align:left\"><span style=\"font-size:16px\"><span style=\"font-family:Merriweather,serif !important\"><span style=\"color:#000000\"><span style=\"background-color:#ffffff\">-G\u00f6k\u00e7ebel<\/span><\/span><\/span><\/span><\/p>\n<p style=\"text-align:left\"><span style=\"font-size:16px\"><span style=\"font-family:Merriweather,serif !important\"><span style=\"color:#000000\"><span style=\"background-color:#ffffff\">KTOE\u00d6S Genel Sekreteri Tahir G\u00f6k\u00e7ebel ise ba\u015fka bir soruya kar\u015f\u0131l\u0131k, \u201cOkullardan, diplomalardan, okullar\u0131n deprem risk raporlar\u0131ndan, \u00f6\u011fretmenlerin kesilen maa\u015flar\u0131ndan sorumlu E\u011fitim Bakan\u0131 de\u011fil, Ay\u015fe abaya sorun\u201d yan\u0131t\u0131n\u0131 verdi.<\/span><\/span><\/span><\/span><\/p>\n","protected":false},"excerpt":{"rendered":"<p>Bas\u0131n a\u00e7\u0131klamas\u0131nda, \u201cYasa, T\u00fcz\u00fck Tan\u0131mayan; \u00d6\u011fretmen D\u00fc\u015fmanl\u0131\u011f\u0131 Yapanlara Kar\u015f\u0131 Boyun E\u011fmeyece\u011fiz\u201d yaz\u0131l\u0131 pankart a\u00e7\u0131ld\u0131. -Mavi\u015f KT\u00d6S Genel Sekreteri Burak Mavi\u015f yapt\u0131\u011f\u0131 konu\u015fmada, \u201c\u00fclkenin k\u00f6t\u00fc g\u00fcnlerden ge\u00e7ti\u011fini, yolsuzluk, r\u00fc\u015fvet, h\u0131rs\u0131zl\u0131k, partizanl\u0131k ve haks\u0131zl\u0131\u011f\u0131n al\u0131p ba\u015f\u0131n\u0131 gitti\u011fini\u201d savundu. \u201cDeniz seviyesinin alt\u0131na ge\u00e7tik. Art\u0131k dipte de\u011filiz, batt\u0131k\u201d diyen Mavi\u015f, h\u00fck\u00fcmete ele\u015ftirilerde bulundu. \u201cMilli E\u011fitim Bakan\u0131n\u0131n \u00f6\u011fretmenlere d\u00fc\u015fmanca davrand\u0131\u011f\u0131n\u0131,<\/p>\n","protected":false},"author":1,"featured_media":32932,"comment_status":"open","ping_status":"open","sticky":false,"template":"","format":"standard","meta":{"footnotes":""},"categories":[85],"tags":[],"class_list":["post-32931","post","type-post","status-publish","format-standard","has-post-thumbnail","hentry","category-spor"],"yoast_head":"<!-- This site is optimized with the Yoast SEO plugin v27.5 - https:\/\/yoast.com\/product\/yoast-seo-wordpress\/ -->\n<title>KT\u00d6S ve KTOE\u00d6S, \u00f6\u011fretmene maa\u015f kesintisini Milli E\u011fitim Bakanl\u0131\u011f\u0131 \u00f6n\u00fcnde protesto etti -<\/title>\n<meta name=\"robots\" content=\"index, follow, max-snippet:-1, max-image-preview:large, max-video-preview:-1\" \/>\n<link rel=\"canonical\" href=\"https:\/\/kibrisdakik.com\/?p=32931\" \/>\n<meta property=\"og:locale\" content=\"tr_TR\" \/>\n<meta property=\"og:type\" content=\"article\" \/>\n<meta property=\"og:title\" content=\"KT\u00d6S ve KTOE\u00d6S, \u00f6\u011fretmene maa\u015f kesintisini Milli E\u011fitim Bakanl\u0131\u011f\u0131 \u00f6n\u00fcnde protesto etti -\" \/>\n<meta property=\"og:description\" content=\"Bas\u0131n a\u00e7\u0131klamas\u0131nda, \u201cYasa, T\u00fcz\u00fck Tan\u0131mayan; \u00d6\u011fretmen D\u00fc\u015fmanl\u0131\u011f\u0131 Yapanlara Kar\u015f\u0131 Boyun E\u011fmeyece\u011fiz\u201d yaz\u0131l\u0131 pankart a\u00e7\u0131ld\u0131. -Mavi\u015f KT\u00d6S Genel Sekreteri Burak Mavi\u015f yapt\u0131\u011f\u0131 konu\u015fmada, \u201c\u00fclkenin k\u00f6t\u00fc g\u00fcnlerden ge\u00e7ti\u011fini, yolsuzluk, r\u00fc\u015fvet, h\u0131rs\u0131zl\u0131k, partizanl\u0131k ve haks\u0131zl\u0131\u011f\u0131n al\u0131p ba\u015f\u0131n\u0131 gitti\u011fini\u201d savundu. \u201cDeniz seviyesinin alt\u0131na ge\u00e7tik. Art\u0131k dipte de\u011filiz, batt\u0131k\u201d diyen Mavi\u015f, h\u00fck\u00fcmete ele\u015ftirilerde bulundu. \u201cMilli E\u011fitim Bakan\u0131n\u0131n \u00f6\u011fretmenlere d\u00fc\u015fmanca davrand\u0131\u011f\u0131n\u0131,\" \/>\n<meta property=\"og:url\" content=\"https:\/\/kibrisdakik.com\/?p=32931\" \/>\n<meta property=\"article:published_time\" content=\"2024-03-08T02:21:52+00:00\" \/>\n<meta property=\"og:image\" content=\"https:\/\/kibrisdakik.com\/wp-content\/uploads\/2024\/03\/ktos-ve-ktoeos-ogretmene-maas-kesintisini-milli-egitim-bakanligi-onunde-protesto-etti-1709823081.webp.webp\" \/>\n\t<meta property=\"og:image:width\" content=\"710\" \/>\n\t<meta property=\"og:image:height\" content=\"370\" \/>\n\t<meta property=\"og:image:type\" content=\"image\/webp\" \/>\n<meta name=\"author\" content=\"admin\" \/>\n<meta name=\"twitter:card\" content=\"summary_large_image\" \/>\n<meta name=\"twitter:label1\" content=\"Yazan:\" \/>\n\t<meta name=\"twitter:data1\" content=\"admin\" \/>\n\t<meta name=\"twitter:label2\" content=\"Tahmini okuma s\u00fcresi\" \/>\n\t<meta name=\"twitter:data2\" content=\"5 dakika\" \/>\n<script type=\"application\/ld+json\" class=\"yoast-schema-graph\">{\"@context\":\"https:\\\/\\\/schema.org\",\"@graph\":[{\"@type\":\"Article\",\"@id\":\"https:\\\/\\\/kibrisdakik.com\\\/?p=32931#article\",\"isPartOf\":{\"@id\":\"https:\\\/\\\/kibrisdakik.com\\\/?p=32931\"},\"author\":{\"name\":\"admin\",\"@id\":\"https:\\\/\\\/kibrisdakik.com\\\/#\\\/schema\\\/person\\\/9cd9d437bbb44f72b73ba127e06d8e79\"},\"headline\":\"KT\u00d6S ve KTOE\u00d6S, \u00f6\u011fretmene maa\u015f kesintisini Milli E\u011fitim Bakanl\u0131\u011f\u0131 \u00f6n\u00fcnde protesto etti\",\"datePublished\":\"2024-03-08T02:21:52+00:00\",\"mainEntityOfPage\":{\"@id\":\"https:\\\/\\\/kibrisdakik.com\\\/?p=32931\"},\"wordCount\":965,\"commentCount\":0,\"image\":{\"@id\":\"https:\\\/\\\/kibrisdakik.com\\\/?p=32931#primaryimage\"},\"thumbnailUrl\":\"https:\\\/\\\/kibrisdakik.com\\\/wp-content\\\/uploads\\\/2024\\\/03\\\/ktos-ve-ktoeos-ogretmene-maas-kesintisini-milli-egitim-bakanligi-onunde-protesto-etti-1709823081.webp.webp\",\"articleSection\":[\"Spor\"],\"inLanguage\":\"tr\",\"potentialAction\":[{\"@type\":\"CommentAction\",\"name\":\"Comment\",\"target\":[\"https:\\\/\\\/kibrisdakik.com\\\/?p=32931#respond\"]}]},{\"@type\":\"WebPage\",\"@id\":\"https:\\\/\\\/kibrisdakik.com\\\/?p=32931\",\"url\":\"https:\\\/\\\/kibrisdakik.com\\\/?p=32931\",\"name\":\"KT\u00d6S ve KTOE\u00d6S, \u00f6\u011fretmene maa\u015f kesintisini Milli E\u011fitim Bakanl\u0131\u011f\u0131 \u00f6n\u00fcnde protesto etti -\",\"isPartOf\":{\"@id\":\"https:\\\/\\\/kibrisdakik.com\\\/#website\"},\"primaryImageOfPage\":{\"@id\":\"https:\\\/\\\/kibrisdakik.com\\\/?p=32931#primaryimage\"},\"image\":{\"@id\":\"https:\\\/\\\/kibrisdakik.com\\\/?p=32931#primaryimage\"},\"thumbnailUrl\":\"https:\\\/\\\/kibrisdakik.com\\\/wp-content\\\/uploads\\\/2024\\\/03\\\/ktos-ve-ktoeos-ogretmene-maas-kesintisini-milli-egitim-bakanligi-onunde-protesto-etti-1709823081.webp.webp\",\"datePublished\":\"2024-03-08T02:21:52+00:00\",\"author\":{\"@id\":\"https:\\\/\\\/kibrisdakik.com\\\/#\\\/schema\\\/person\\\/9cd9d437bbb44f72b73ba127e06d8e79\"},\"breadcrumb\":{\"@id\":\"https:\\\/\\\/kibrisdakik.com\\\/?p=32931#breadcrumb\"},\"inLanguage\":\"tr\",\"potentialAction\":[{\"@type\":\"ReadAction\",\"target\":[\"https:\\\/\\\/kibrisdakik.com\\\/?p=32931\"]}]},{\"@type\":\"ImageObject\",\"inLanguage\":\"tr\",\"@id\":\"https:\\\/\\\/kibrisdakik.com\\\/?p=32931#primaryimage\",\"url\":\"https:\\\/\\\/kibrisdakik.com\\\/wp-content\\\/uploads\\\/2024\\\/03\\\/ktos-ve-ktoeos-ogretmene-maas-kesintisini-milli-egitim-bakanligi-onunde-protesto-etti-1709823081.webp.webp\",\"contentUrl\":\"https:\\\/\\\/kibrisdakik.com\\\/wp-content\\\/uploads\\\/2024\\\/03\\\/ktos-ve-ktoeos-ogretmene-maas-kesintisini-milli-egitim-bakanligi-onunde-protesto-etti-1709823081.webp.webp\",\"width\":710,\"height\":370},{\"@type\":\"BreadcrumbList\",\"@id\":\"https:\\\/\\\/kibrisdakik.com\\\/?p=32931#breadcrumb\",\"itemListElement\":[{\"@type\":\"ListItem\",\"position\":1,\"name\":\"Home\",\"item\":\"https:\\\/\\\/kibrisdakik.com\\\/\"},{\"@type\":\"ListItem\",\"position\":2,\"name\":\"KT\u00d6S ve KTOE\u00d6S, \u00f6\u011fretmene maa\u015f kesintisini Milli E\u011fitim Bakanl\u0131\u011f\u0131 \u00f6n\u00fcnde protesto etti\"}]},{\"@type\":\"WebSite\",\"@id\":\"https:\\\/\\\/kibrisdakik.com\\\/#website\",\"url\":\"https:\\\/\\\/kibrisdakik.com\\\/\",\"name\":\"\",\"description\":\"Tam vaktinde haber\",\"potentialAction\":[{\"@type\":\"SearchAction\",\"target\":{\"@type\":\"EntryPoint\",\"urlTemplate\":\"https:\\\/\\\/kibrisdakik.com\\\/?s={search_term_string}\"},\"query-input\":{\"@type\":\"PropertyValueSpecification\",\"valueRequired\":true,\"valueName\":\"search_term_string\"}}],\"inLanguage\":\"tr\"},{\"@type\":\"Person\",\"@id\":\"https:\\\/\\\/kibrisdakik.com\\\/#\\\/schema\\\/person\\\/9cd9d437bbb44f72b73ba127e06d8e79\",\"name\":\"admin\",\"image\":{\"@type\":\"ImageObject\",\"inLanguage\":\"tr\",\"@id\":\"https:\\\/\\\/secure.gravatar.com\\\/avatar\\\/ccc17943b9d660506c869530f897617f7cb1c21a4bf30023f252596d83e1f007?s=96&d=mm&r=g\",\"url\":\"https:\\\/\\\/secure.gravatar.com\\\/avatar\\\/ccc17943b9d660506c869530f897617f7cb1c21a4bf30023f252596d83e1f007?s=96&d=mm&r=g\",\"contentUrl\":\"https:\\\/\\\/secure.gravatar.com\\\/avatar\\\/ccc17943b9d660506c869530f897617f7cb1c21a4bf30023f252596d83e1f007?s=96&d=mm&r=g\",\"caption\":\"admin\"},\"sameAs\":[\"https:\\\/\\\/kibrisdakik.com\"],\"url\":\"https:\\\/\\\/kibrisdakik.com\\\/?author=1\"}]}<\/script>\n<!-- \/ Yoast SEO plugin. -->","yoast_head_json":{"title":"KT\u00d6S ve KTOE\u00d6S, \u00f6\u011fretmene maa\u015f kesintisini Milli E\u011fitim Bakanl\u0131\u011f\u0131 \u00f6n\u00fcnde protesto etti -","robots":{"index":"index","follow":"follow","max-snippet":"max-snippet:-1","max-image-preview":"max-image-preview:large","max-video-preview":"max-video-preview:-1"},"canonical":"https:\/\/kibrisdakik.com\/?p=32931","og_locale":"tr_TR","og_type":"article","og_title":"KT\u00d6S ve KTOE\u00d6S, \u00f6\u011fretmene maa\u015f kesintisini Milli E\u011fitim Bakanl\u0131\u011f\u0131 \u00f6n\u00fcnde protesto etti -","og_description":"Bas\u0131n a\u00e7\u0131klamas\u0131nda, \u201cYasa, T\u00fcz\u00fck Tan\u0131mayan; \u00d6\u011fretmen D\u00fc\u015fmanl\u0131\u011f\u0131 Yapanlara Kar\u015f\u0131 Boyun E\u011fmeyece\u011fiz\u201d yaz\u0131l\u0131 pankart a\u00e7\u0131ld\u0131. -Mavi\u015f KT\u00d6S Genel Sekreteri Burak Mavi\u015f yapt\u0131\u011f\u0131 konu\u015fmada, \u201c\u00fclkenin k\u00f6t\u00fc g\u00fcnlerden ge\u00e7ti\u011fini, yolsuzluk, r\u00fc\u015fvet, h\u0131rs\u0131zl\u0131k, partizanl\u0131k ve haks\u0131zl\u0131\u011f\u0131n al\u0131p ba\u015f\u0131n\u0131 gitti\u011fini\u201d savundu. \u201cDeniz seviyesinin alt\u0131na ge\u00e7tik. Art\u0131k dipte de\u011filiz, batt\u0131k\u201d diyen Mavi\u015f, h\u00fck\u00fcmete ele\u015ftirilerde bulundu. \u201cMilli E\u011fitim Bakan\u0131n\u0131n \u00f6\u011fretmenlere d\u00fc\u015fmanca davrand\u0131\u011f\u0131n\u0131,","og_url":"https:\/\/kibrisdakik.com\/?p=32931","article_published_time":"2024-03-08T02:21:52+00:00","og_image":[{"width":710,"height":370,"url":"https:\/\/kibrisdakik.com\/wp-content\/uploads\/2024\/03\/ktos-ve-ktoeos-ogretmene-maas-kesintisini-milli-egitim-bakanligi-onunde-protesto-etti-1709823081.webp.webp","type":"image\/webp"}],"author":"admin","twitter_card":"summary_large_image","twitter_misc":{"Yazan:":"admin","Tahmini okuma s\u00fcresi":"5 dakika"},"schema":{"@context":"https:\/\/schema.org","@graph":[{"@type":"Article","@id":"https:\/\/kibrisdakik.com\/?p=32931#article","isPartOf":{"@id":"https:\/\/kibrisdakik.com\/?p=32931"},"author":{"name":"admin","@id":"https:\/\/kibrisdakik.com\/#\/schema\/person\/9cd9d437bbb44f72b73ba127e06d8e79"},"headline":"KT\u00d6S ve KTOE\u00d6S, \u00f6\u011fretmene maa\u015f kesintisini Milli E\u011fitim Bakanl\u0131\u011f\u0131 \u00f6n\u00fcnde protesto etti","datePublished":"2024-03-08T02:21:52+00:00","mainEntityOfPage":{"@id":"https:\/\/kibrisdakik.com\/?p=32931"},"wordCount":965,"commentCount":0,"image":{"@id":"https:\/\/kibrisdakik.com\/?p=32931#primaryimage"},"thumbnailUrl":"https:\/\/kibrisdakik.com\/wp-content\/uploads\/2024\/03\/ktos-ve-ktoeos-ogretmene-maas-kesintisini-milli-egitim-bakanligi-onunde-protesto-etti-1709823081.webp.webp","articleSection":["Spor"],"inLanguage":"tr","potentialAction":[{"@type":"CommentAction","name":"Comment","target":["https:\/\/kibrisdakik.com\/?p=32931#respond"]}]},{"@type":"WebPage","@id":"https:\/\/kibrisdakik.com\/?p=32931","url":"https:\/\/kibrisdakik.com\/?p=32931","name":"KT\u00d6S ve KTOE\u00d6S, \u00f6\u011fretmene maa\u015f kesintisini Milli E\u011fitim Bakanl\u0131\u011f\u0131 \u00f6n\u00fcnde protesto etti -","isPartOf":{"@id":"https:\/\/kibrisdakik.com\/#website"},"primaryImageOfPage":{"@id":"https:\/\/kibrisdakik.com\/?p=32931#primaryimage"},"image":{"@id":"https:\/\/kibrisdakik.com\/?p=32931#primaryimage"},"thumbnailUrl":"https:\/\/kibrisdakik.com\/wp-content\/uploads\/2024\/03\/ktos-ve-ktoeos-ogretmene-maas-kesintisini-milli-egitim-bakanligi-onunde-protesto-etti-1709823081.webp.webp","datePublished":"2024-03-08T02:21:52+00:00","author":{"@id":"https:\/\/kibrisdakik.com\/#\/schema\/person\/9cd9d437bbb44f72b73ba127e06d8e79"},"breadcrumb":{"@id":"https:\/\/kibrisdakik.com\/?p=32931#breadcrumb"},"inLanguage":"tr","potentialAction":[{"@type":"ReadAction","target":["https:\/\/kibrisdakik.com\/?p=32931"]}]},{"@type":"ImageObject","inLanguage":"tr","@id":"https:\/\/kibrisdakik.com\/?p=32931#primaryimage","url":"https:\/\/kibrisdakik.com\/wp-content\/uploads\/2024\/03\/ktos-ve-ktoeos-ogretmene-maas-kesintisini-milli-egitim-bakanligi-onunde-protesto-etti-1709823081.webp.webp","contentUrl":"https:\/\/kibrisdakik.com\/wp-content\/uploads\/2024\/03\/ktos-ve-ktoeos-ogretmene-maas-kesintisini-milli-egitim-bakanligi-onunde-protesto-etti-1709823081.webp.webp","width":710,"height":370},{"@type":"BreadcrumbList","@id":"https:\/\/kibrisdakik.com\/?p=32931#breadcrumb","itemListElement":[{"@type":"ListItem","position":1,"name":"Home","item":"https:\/\/kibrisdakik.com\/"},{"@type":"ListItem","position":2,"name":"KT\u00d6S ve KTOE\u00d6S, \u00f6\u011fretmene maa\u015f kesintisini Milli E\u011fitim Bakanl\u0131\u011f\u0131 \u00f6n\u00fcnde protesto etti"}]},{"@type":"WebSite","@id":"https:\/\/kibrisdakik.com\/#website","url":"https:\/\/kibrisdakik.com\/","name":"","description":"Tam vaktinde haber","potentialAction":[{"@type":"SearchAction","target":{"@type":"EntryPoint","urlTemplate":"https:\/\/kibrisdakik.com\/?s={search_term_string}"},"query-input":{"@type":"PropertyValueSpecification","valueRequired":true,"valueName":"search_term_string"}}],"inLanguage":"tr"},{"@type":"Person","@id":"https:\/\/kibrisdakik.com\/#\/schema\/person\/9cd9d437bbb44f72b73ba127e06d8e79","name":"admin","image":{"@type":"ImageObject","inLanguage":"tr","@id":"https:\/\/secure.gravatar.com\/avatar\/ccc17943b9d660506c869530f897617f7cb1c21a4bf30023f252596d83e1f007?s=96&d=mm&r=g","url":"https:\/\/secure.gravatar.com\/avatar\/ccc17943b9d660506c869530f897617f7cb1c21a4bf30023f252596d83e1f007?s=96&d=mm&r=g","contentUrl":"https:\/\/secure.gravatar.com\/avatar\/ccc17943b9d660506c869530f897617f7cb1c21a4bf30023f252596d83e1f007?s=96&d=mm&r=g","caption":"admin"},"sameAs":["https:\/\/kibrisdakik.com"],"url":"https:\/\/kibrisdakik.com\/?author=1"}]}},"_links":{"self":[{"href":"https:\/\/kibrisdakik.com\/index.php?rest_route=\/wp\/v2\/posts\/32931","targetHints":{"allow":["GET"]}}],"collection":[{"href":"https:\/\/kibrisdakik.com\/index.php?rest_route=\/wp\/v2\/posts"}],"about":[{"href":"https:\/\/kibrisdakik.com\/index.php?rest_route=\/wp\/v2\/types\/post"}],"author":[{"embeddable":true,"href":"https:\/\/kibrisdakik.com\/index.php?rest_route=\/wp\/v2\/users\/1"}],"replies":[{"embeddable":true,"href":"https:\/\/kibrisdakik.com\/index.php?rest_route=%2Fwp%2Fv2%2Fcomments&post=32931"}],"version-history":[{"count":0,"href":"https:\/\/kibrisdakik.com\/index.php?rest_route=\/wp\/v2\/posts\/32931\/revisions"}],"wp:featuredmedia":[{"embeddable":true,"href":"https:\/\/kibrisdakik.com\/index.php?rest_route=\/wp\/v2\/media\/32932"}],"wp:attachment":[{"href":"https:\/\/kibrisdakik.com\/index.php?rest_route=%2Fwp%2Fv2%2Fmedia&parent=32931"}],"wp:term":[{"taxonomy":"category","embeddable":true,"href":"https:\/\/kibrisdakik.com\/index.php?rest_route=%2Fwp%2Fv2%2Fcategories&post=32931"},{"taxonomy":"post_tag","embeddable":true,"href":"https:\/\/kibrisdakik.com\/index.php?rest_route=%2Fwp%2Fv2%2Ftags&post=32931"}],"curies":[{"name":"wp","href":"https:\/\/api.w.org\/{rel}","templated":true}]}}