{"id":32933,"date":"2024-03-08T03:03:12","date_gmt":"2024-03-08T03:03:12","guid":{"rendered":"https:\/\/kibrisdakik.com\/index.php\/2024\/03\/08\/dunya-sendikalar-federasyonu-dunya-kadinlar-gunu-nedeniyle-kibristaki-uyelerini-ziyaret-etti\/"},"modified":"2024-03-08T03:03:12","modified_gmt":"2024-03-08T03:03:12","slug":"dunya-sendikalar-federasyonu-dunya-kadinlar-gunu-nedeniyle-kibristaki-uyelerini-ziyaret-etti","status":"publish","type":"post","link":"https:\/\/kibrisdakik.com\/?p=32933","title":{"rendered":"D\u00fcnya Sendikalar Federasyonu, D\u00fcnya Kad\u0131nlar G\u00fcn\u00fc nedeniyle K\u0131br\u0131s\u2019taki \u00fcyelerini ziyaret etti"},"content":{"rendered":"<p><img decoding=\"async\" src=\"https:\/\/www.kibristurk.com\/images\/haberler\/2024\/03\/dunya-sendikalar-federasyonu-dunya-kadinlar-gunu-nedeniyle-kibristaki-uyelerini-ziyaret-etti-1709822856.webp\" \/><\/p>\n<p style=\"text-align:left\"><span style=\"font-size:16px\"><span style=\"font-family:Merriweather,serif !important\"><span style=\"color:#000000\"><span style=\"background-color:#ffffff\"><span style=\"font-size:16px !important\"><span style=\"font-family:Merriweather,serif !important\"><span style=\"color:#000000 !important\">PEO, DEV-\u0130\u015e, KTAMS, KT\u00d6S, KTOE\u00d6S, BES, KOOP-SEN ve DA\u00dc-SEN\u2019in kad\u0131n b\u00fcrolar\u0131 ad\u0131na DEV-\u0130\u015e Kad\u0131n B\u00fcrosu temsilcisi Sevg\u00fcl Uluda\u011f\u2019\u0131n yapt\u0131\u011f\u0131 a\u00e7\u0131klamaya g\u00f6re, bu kapsamda; Bar\u0131\u015f, Ruh ve Sinir Hastanesi, KT\u00d6S, \u00d6\u011fretmenler Kooperatifi Bankas\u0131, Radyo May\u0131s ve KTOE\u00d6S\u2019teki kad\u0131n \u00e7al\u0131\u015fanlar ziyaret edildi.<\/span><\/span><\/span><\/span><\/span><\/span><\/span><\/p>\n<p style=\"text-align:left\"><span style=\"font-size:16px\"><span style=\"font-family:Merriweather,serif !important\"><span style=\"color:#000000\"><span style=\"background-color:#ffffff\"><span style=\"font-size:16px !important\"><span style=\"font-family:Merriweather,serif !important\"><span style=\"color:#000000 !important\">PEO\u2019nun \u00f6rg\u00fctl\u00fc bulundu\u011fu Lefko\u015fa Genel Hastanesi ve Atalassa Psikiyatri Hastanesi\u2019ni de ziyaret ederek, kad\u0131n \u00e7al\u0131\u015fanlarla bir araya gelen sendikalar\u0131n kad\u0131n b\u00fcrolar\u0131ndan K\u0131br\u0131sl\u0131 T\u00fcrk ve K\u0131br\u0131sl\u0131 Rum temsilciler, \u201cK\u0131br\u0131s\u2019ta bar\u0131\u015f, e\u015fitlik ve ortak m\u00fccadele\u201d mesaj\u0131 verdi.<\/span><\/span><\/span><\/span><\/span><\/span><\/span><\/p>\n<p style=\"text-align:left\"><span style=\"font-size:16px\"><span style=\"font-family:Merriweather,serif !important\"><span style=\"color:#000000\"><span style=\"background-color:#ffffff\"><span style=\"font-size:16px !important\"><span style=\"font-family:Merriweather,serif !important\"><span style=\"color:#000000 !important\">D\u00fcnya Sendikalar Federasyonu WFTU\u2019nun K\u0131br\u0131s\u2019tan \u00fcyesi olan PEO, DEV-\u0130\u015e, KTAMS, KT\u00d6S, KTOE\u00d6S, BES, KOOP-SEN ve DA\u00dc-SEN\u2019in kad\u0131n b\u00fcrolar\u0131n\u0131n ortak deklarasyonunda, \u00f6zetle \u015funlar kaydedildi:<\/span><\/span><\/span><\/span><\/span><\/span><\/span><\/p>\n<p style=\"text-align:left\"><span style=\"font-size:16px\"><span style=\"font-family:Merriweather,serif !important\"><span style=\"color:#000000\"><span style=\"background-color:#ffffff\"><span style=\"font-size:16px !important\"><span style=\"font-family:Merriweather,serif !important\"><span style=\"color:#000000 !important\">\u201c8 Mart D\u00fcnya Kad\u0131nlar G\u00fcn\u00fc bar\u0131\u015f ve e\u015fitlik u\u011fruna m\u00fccadele eden her kad\u0131n i\u00e7in m\u00fccadelenin simgesidir. Bu anlaml\u0131 g\u00fcn vesilesiyle, K\u0131br\u0131s\u2019\u0131n K\u0131br\u0131sl\u0131 T\u00fcrk ve K\u0131br\u0131sl\u0131 Rum emek\u00e7i kad\u0131nlar\u0131 olarak bizler, t\u00fcm kad\u0131nlara Bar\u0131\u015f &#8211; Yeniden Birle\u015fme &#8211; E\u015fitlik&nbsp; ve Dayan\u0131\u015fma i\u00e7in m\u00fccadele mesaj\u0131 g\u00f6nderiyoruz. Ayr\u0131ca, \u0130srail&#8217;in sava\u015f ve soyk\u0131r\u0131m vah\u015fetini ya\u015fayan Filistin halk\u0131na \u00f6zel bir dayan\u0131\u015fma ve destek mesaj\u0131 g\u00f6nderiyoruz. Ukrayna&#8217;daki sava\u015f\u0131n ve ayr\u0131ca her t\u00fcrl\u00fc \u00e7at\u0131\u015fman\u0131n sona ermesini istiyoruz.<\/span><\/span><\/span><\/span><\/span><\/span><\/span><\/p>\n<p style=\"text-align:left\"><span style=\"font-size:16px\"><span style=\"font-family:Merriweather,serif !important\"><span style=\"color:#000000\"><span style=\"background-color:#ffffff\"><span style=\"font-size:16px !important\"><span style=\"font-family:Merriweather,serif !important\"><span style=\"color:#000000 !important\">K\u0131br\u0131s\u2019ta \u00e7\u00f6z\u00fcms\u00fczl\u00fckle harcanm\u0131\u015f 50 y\u0131l hepimiz i\u00e7in \u00e7ok fazlad\u0131r. Bu adaya acilen \u00e7\u00f6z\u00fcm ve yeniden birle\u015fme gerekmektedir. G\u00f6r\u00fc\u015fmelere Crans Montana&#8217;da kal\u0131nan yerden devam edilmesini bekliyoruz.<\/span><\/span><\/span><\/span><\/span><\/span><\/span><\/p>\n<p style=\"text-align:left\"><span style=\"font-size:16px\"><span style=\"font-family:Merriweather,serif !important\"><span style=\"color:#000000\"><span style=\"background-color:#ffffff\"><span style=\"font-size:16px !important\"><span style=\"font-family:Merriweather,serif !important\"><span style=\"color:#000000 !important\">K\u0131br\u0131s\u2019\u0131n emek\u00e7i kad\u0131nlar\u0131 olarak bizler, Birle\u015fmi\u015f Milletler taraf\u0131ndan tan\u0131mland\u0131\u011f\u0131 \u015fekilde siyasi e\u015fitli\u011fin olaca\u011f\u0131, iki b\u00f6lgeli ve iki toplumlu bir federasyonla K\u0131br\u0131s sorununun \u00e7\u00f6z\u00fcme kavu\u015fturulmas\u0131 i\u00e7in \u00fczerinde mutabakata var\u0131lan zemine ba\u011fl\u0131l\u0131\u011f\u0131m\u0131z\u0131 bir kez daha vurguluyoruz.<\/span><\/span><\/span><\/span><\/span><\/span><\/span><\/p>\n<p style=\"text-align:left\"><span style=\"font-size:16px\"><span style=\"font-family:Merriweather,serif !important\"><span style=\"color:#000000\"><span style=\"background-color:#ffffff\"><span style=\"font-size:16px !important\"><span style=\"font-family:Merriweather,serif !important\"><span style=\"color:#000000 !important\">Hepimizin ekonomik, sosyal, siyasal ve insan haklar\u0131n\u0131 g\u00fcvence alt\u0131na alacak tek \u00e7\u00f6z\u00fcm yolu budur! Ayn\u0131 zamanda K\u0131br\u0131s sorununun \u00e7\u00f6z\u00fcm\u00fcnde kad\u0131nlar\u0131n aktif rol almas\u0131ndaki \u00f6nemi iki lidere hat\u0131rlat\u0131yor ve kad\u0131nlar\u0131n etkin bir bi\u00e7imde bar\u0131\u015f s\u00fcrecinin t\u00fcm d\u00fczeylerine ve karar alma s\u00fcre\u00e7lerine kat\u0131l\u0131mlar\u0131n\u0131 talep ediyoruz.<\/span><\/span><\/span><\/span><\/span><\/span><\/span><\/p>\n<p style=\"text-align:left\"><span style=\"font-size:16px\"><span style=\"font-family:Merriweather,serif !important\"><span style=\"color:#000000\"><span style=\"background-color:#ffffff\"><span style=\"font-size:16px !important\"><span style=\"font-family:Merriweather,serif !important\"><span style=\"color:#000000 !important\">Biz, K\u0131br\u0131sl\u0131 T\u00fcrk &#8211; K\u0131br\u0131sl\u0131 Rum emek\u00e7i kad\u0131nlar, bar\u0131\u015f\u0131n hakim olmas\u0131, yurdumuzun yeniden birle\u015fmesi, sosyal adalet ve e\u015fitlik i\u00e7in \u00e7\u00f6z\u00fcme ula\u015f\u0131lmas\u0131 u\u011fruna m\u00fccadelemizi ve ortak eylemlerimizi yo\u011funla\u015ft\u0131rma y\u00f6n\u00fcnde K\u0131br\u0131s\u2019\u0131n t\u00fcm kad\u0131nlar\u0131na \u00e7a\u011fr\u0131da bulunuyoruz. Do\u011fru ve adil olan i\u00e7in m\u00fccadele eden t\u00fcm \u00f6nc\u00fc kad\u0131nlar\u0131 anman\u0131n ve onurland\u0131rman\u0131n en iyi yolu bu olacakt\u0131r.\u201d<\/span><\/span><\/span><\/span><\/span><\/span><\/span><\/p>\n","protected":false},"excerpt":{"rendered":"<p>PEO, DEV-\u0130\u015e, KTAMS, KT\u00d6S, KTOE\u00d6S, BES, KOOP-SEN ve DA\u00dc-SEN\u2019in kad\u0131n b\u00fcrolar\u0131 ad\u0131na DEV-\u0130\u015e Kad\u0131n B\u00fcrosu temsilcisi Sevg\u00fcl Uluda\u011f\u2019\u0131n yapt\u0131\u011f\u0131 a\u00e7\u0131klamaya g\u00f6re, bu kapsamda; Bar\u0131\u015f, Ruh ve Sinir Hastanesi, KT\u00d6S, \u00d6\u011fretmenler Kooperatifi Bankas\u0131, Radyo May\u0131s ve KTOE\u00d6S\u2019teki kad\u0131n \u00e7al\u0131\u015fanlar ziyaret edildi. PEO\u2019nun \u00f6rg\u00fctl\u00fc bulundu\u011fu Lefko\u015fa Genel Hastanesi ve Atalassa Psikiyatri Hastanesi\u2019ni de ziyaret ederek, kad\u0131n \u00e7al\u0131\u015fanlarla<\/p>\n","protected":false},"author":1,"featured_media":32934,"comment_status":"open","ping_status":"open","sticky":false,"template":"","format":"standard","meta":{"footnotes":""},"categories":[79],"tags":[],"class_list":["post-32933","post","type-post","status-publish","format-standard","has-post-thumbnail","hentry","category-ekonomi"],"yoast_head":"<!-- This site is optimized with the Yoast SEO plugin v27.5 - https:\/\/yoast.com\/product\/yoast-seo-wordpress\/ -->\n<title>D\u00fcnya Sendikalar Federasyonu, D\u00fcnya Kad\u0131nlar G\u00fcn\u00fc nedeniyle K\u0131br\u0131s\u2019taki \u00fcyelerini ziyaret etti -<\/title>\n<meta name=\"robots\" content=\"index, follow, max-snippet:-1, max-image-preview:large, max-video-preview:-1\" \/>\n<link rel=\"canonical\" href=\"https:\/\/kibrisdakik.com\/?p=32933\" \/>\n<meta property=\"og:locale\" content=\"tr_TR\" \/>\n<meta property=\"og:type\" content=\"article\" \/>\n<meta property=\"og:title\" content=\"D\u00fcnya Sendikalar Federasyonu, D\u00fcnya Kad\u0131nlar G\u00fcn\u00fc nedeniyle K\u0131br\u0131s\u2019taki \u00fcyelerini ziyaret etti -\" \/>\n<meta property=\"og:description\" content=\"PEO, DEV-\u0130\u015e, KTAMS, KT\u00d6S, KTOE\u00d6S, BES, KOOP-SEN ve DA\u00dc-SEN\u2019in kad\u0131n b\u00fcrolar\u0131 ad\u0131na DEV-\u0130\u015e Kad\u0131n B\u00fcrosu temsilcisi Sevg\u00fcl Uluda\u011f\u2019\u0131n yapt\u0131\u011f\u0131 a\u00e7\u0131klamaya g\u00f6re, bu kapsamda; Bar\u0131\u015f, Ruh ve Sinir Hastanesi, KT\u00d6S, \u00d6\u011fretmenler Kooperatifi Bankas\u0131, Radyo May\u0131s ve KTOE\u00d6S\u2019teki kad\u0131n \u00e7al\u0131\u015fanlar ziyaret edildi. PEO\u2019nun \u00f6rg\u00fctl\u00fc bulundu\u011fu Lefko\u015fa Genel Hastanesi ve Atalassa Psikiyatri Hastanesi\u2019ni de ziyaret ederek, kad\u0131n \u00e7al\u0131\u015fanlarla\" \/>\n<meta property=\"og:url\" content=\"https:\/\/kibrisdakik.com\/?p=32933\" \/>\n<meta property=\"article:published_time\" content=\"2024-03-08T03:03:12+00:00\" \/>\n<meta property=\"og:image\" content=\"https:\/\/kibrisdakik.com\/wp-content\/uploads\/2024\/03\/dunya-sendikalar-federasyonu-dunya-kadinlar-gunu-nedeniyle-kibristaki-uyelerini-ziyaret-etti-1709822856.webp.webp\" \/>\n\t<meta property=\"og:image:width\" content=\"710\" \/>\n\t<meta property=\"og:image:height\" content=\"370\" \/>\n\t<meta property=\"og:image:type\" content=\"image\/webp\" \/>\n<meta name=\"author\" content=\"admin\" \/>\n<meta name=\"twitter:card\" content=\"summary_large_image\" \/>\n<meta name=\"twitter:label1\" content=\"Yazan:\" \/>\n\t<meta name=\"twitter:data1\" content=\"admin\" \/>\n\t<meta name=\"twitter:label2\" content=\"Tahmini okuma s\u00fcresi\" \/>\n\t<meta name=\"twitter:data2\" content=\"3 dakika\" \/>\n<script type=\"application\/ld+json\" class=\"yoast-schema-graph\">{\"@context\":\"https:\\\/\\\/schema.org\",\"@graph\":[{\"@type\":\"Article\",\"@id\":\"https:\\\/\\\/kibrisdakik.com\\\/?p=32933#article\",\"isPartOf\":{\"@id\":\"https:\\\/\\\/kibrisdakik.com\\\/?p=32933\"},\"author\":{\"name\":\"admin\",\"@id\":\"https:\\\/\\\/kibrisdakik.com\\\/#\\\/schema\\\/person\\\/9cd9d437bbb44f72b73ba127e06d8e79\"},\"headline\":\"D\u00fcnya Sendikalar Federasyonu, D\u00fcnya Kad\u0131nlar G\u00fcn\u00fc nedeniyle K\u0131br\u0131s\u2019taki \u00fcyelerini ziyaret etti\",\"datePublished\":\"2024-03-08T03:03:12+00:00\",\"mainEntityOfPage\":{\"@id\":\"https:\\\/\\\/kibrisdakik.com\\\/?p=32933\"},\"wordCount\":528,\"commentCount\":0,\"image\":{\"@id\":\"https:\\\/\\\/kibrisdakik.com\\\/?p=32933#primaryimage\"},\"thumbnailUrl\":\"https:\\\/\\\/kibrisdakik.com\\\/wp-content\\\/uploads\\\/2024\\\/03\\\/dunya-sendikalar-federasyonu-dunya-kadinlar-gunu-nedeniyle-kibristaki-uyelerini-ziyaret-etti-1709822856.webp.webp\",\"articleSection\":[\"Ekonomi\"],\"inLanguage\":\"tr\",\"potentialAction\":[{\"@type\":\"CommentAction\",\"name\":\"Comment\",\"target\":[\"https:\\\/\\\/kibrisdakik.com\\\/?p=32933#respond\"]}]},{\"@type\":\"WebPage\",\"@id\":\"https:\\\/\\\/kibrisdakik.com\\\/?p=32933\",\"url\":\"https:\\\/\\\/kibrisdakik.com\\\/?p=32933\",\"name\":\"D\u00fcnya Sendikalar Federasyonu, D\u00fcnya Kad\u0131nlar G\u00fcn\u00fc nedeniyle K\u0131br\u0131s\u2019taki \u00fcyelerini ziyaret etti -\",\"isPartOf\":{\"@id\":\"https:\\\/\\\/kibrisdakik.com\\\/#website\"},\"primaryImageOfPage\":{\"@id\":\"https:\\\/\\\/kibrisdakik.com\\\/?p=32933#primaryimage\"},\"image\":{\"@id\":\"https:\\\/\\\/kibrisdakik.com\\\/?p=32933#primaryimage\"},\"thumbnailUrl\":\"https:\\\/\\\/kibrisdakik.com\\\/wp-content\\\/uploads\\\/2024\\\/03\\\/dunya-sendikalar-federasyonu-dunya-kadinlar-gunu-nedeniyle-kibristaki-uyelerini-ziyaret-etti-1709822856.webp.webp\",\"datePublished\":\"2024-03-08T03:03:12+00:00\",\"author\":{\"@id\":\"https:\\\/\\\/kibrisdakik.com\\\/#\\\/schema\\\/person\\\/9cd9d437bbb44f72b73ba127e06d8e79\"},\"breadcrumb\":{\"@id\":\"https:\\\/\\\/kibrisdakik.com\\\/?p=32933#breadcrumb\"},\"inLanguage\":\"tr\",\"potentialAction\":[{\"@type\":\"ReadAction\",\"target\":[\"https:\\\/\\\/kibrisdakik.com\\\/?p=32933\"]}]},{\"@type\":\"ImageObject\",\"inLanguage\":\"tr\",\"@id\":\"https:\\\/\\\/kibrisdakik.com\\\/?p=32933#primaryimage\",\"url\":\"https:\\\/\\\/kibrisdakik.com\\\/wp-content\\\/uploads\\\/2024\\\/03\\\/dunya-sendikalar-federasyonu-dunya-kadinlar-gunu-nedeniyle-kibristaki-uyelerini-ziyaret-etti-1709822856.webp.webp\",\"contentUrl\":\"https:\\\/\\\/kibrisdakik.com\\\/wp-content\\\/uploads\\\/2024\\\/03\\\/dunya-sendikalar-federasyonu-dunya-kadinlar-gunu-nedeniyle-kibristaki-uyelerini-ziyaret-etti-1709822856.webp.webp\",\"width\":710,\"height\":370},{\"@type\":\"BreadcrumbList\",\"@id\":\"https:\\\/\\\/kibrisdakik.com\\\/?p=32933#breadcrumb\",\"itemListElement\":[{\"@type\":\"ListItem\",\"position\":1,\"name\":\"Home\",\"item\":\"https:\\\/\\\/kibrisdakik.com\\\/\"},{\"@type\":\"ListItem\",\"position\":2,\"name\":\"D\u00fcnya Sendikalar Federasyonu, D\u00fcnya Kad\u0131nlar G\u00fcn\u00fc nedeniyle K\u0131br\u0131s\u2019taki \u00fcyelerini ziyaret etti\"}]},{\"@type\":\"WebSite\",\"@id\":\"https:\\\/\\\/kibrisdakik.com\\\/#website\",\"url\":\"https:\\\/\\\/kibrisdakik.com\\\/\",\"name\":\"\",\"description\":\"Tam vaktinde haber\",\"potentialAction\":[{\"@type\":\"SearchAction\",\"target\":{\"@type\":\"EntryPoint\",\"urlTemplate\":\"https:\\\/\\\/kibrisdakik.com\\\/?s={search_term_string}\"},\"query-input\":{\"@type\":\"PropertyValueSpecification\",\"valueRequired\":true,\"valueName\":\"search_term_string\"}}],\"inLanguage\":\"tr\"},{\"@type\":\"Person\",\"@id\":\"https:\\\/\\\/kibrisdakik.com\\\/#\\\/schema\\\/person\\\/9cd9d437bbb44f72b73ba127e06d8e79\",\"name\":\"admin\",\"image\":{\"@type\":\"ImageObject\",\"inLanguage\":\"tr\",\"@id\":\"https:\\\/\\\/secure.gravatar.com\\\/avatar\\\/ccc17943b9d660506c869530f897617f7cb1c21a4bf30023f252596d83e1f007?s=96&d=mm&r=g\",\"url\":\"https:\\\/\\\/secure.gravatar.com\\\/avatar\\\/ccc17943b9d660506c869530f897617f7cb1c21a4bf30023f252596d83e1f007?s=96&d=mm&r=g\",\"contentUrl\":\"https:\\\/\\\/secure.gravatar.com\\\/avatar\\\/ccc17943b9d660506c869530f897617f7cb1c21a4bf30023f252596d83e1f007?s=96&d=mm&r=g\",\"caption\":\"admin\"},\"sameAs\":[\"https:\\\/\\\/kibrisdakik.com\"],\"url\":\"https:\\\/\\\/kibrisdakik.com\\\/?author=1\"}]}<\/script>\n<!-- \/ Yoast SEO plugin. -->","yoast_head_json":{"title":"D\u00fcnya Sendikalar Federasyonu, D\u00fcnya Kad\u0131nlar G\u00fcn\u00fc nedeniyle K\u0131br\u0131s\u2019taki \u00fcyelerini ziyaret etti -","robots":{"index":"index","follow":"follow","max-snippet":"max-snippet:-1","max-image-preview":"max-image-preview:large","max-video-preview":"max-video-preview:-1"},"canonical":"https:\/\/kibrisdakik.com\/?p=32933","og_locale":"tr_TR","og_type":"article","og_title":"D\u00fcnya Sendikalar Federasyonu, D\u00fcnya Kad\u0131nlar G\u00fcn\u00fc nedeniyle K\u0131br\u0131s\u2019taki \u00fcyelerini ziyaret etti -","og_description":"PEO, DEV-\u0130\u015e, KTAMS, KT\u00d6S, KTOE\u00d6S, BES, KOOP-SEN ve DA\u00dc-SEN\u2019in kad\u0131n b\u00fcrolar\u0131 ad\u0131na DEV-\u0130\u015e Kad\u0131n B\u00fcrosu temsilcisi Sevg\u00fcl Uluda\u011f\u2019\u0131n yapt\u0131\u011f\u0131 a\u00e7\u0131klamaya g\u00f6re, bu kapsamda; Bar\u0131\u015f, Ruh ve Sinir Hastanesi, KT\u00d6S, \u00d6\u011fretmenler Kooperatifi Bankas\u0131, Radyo May\u0131s ve KTOE\u00d6S\u2019teki kad\u0131n \u00e7al\u0131\u015fanlar ziyaret edildi. PEO\u2019nun \u00f6rg\u00fctl\u00fc bulundu\u011fu Lefko\u015fa Genel Hastanesi ve Atalassa Psikiyatri Hastanesi\u2019ni de ziyaret ederek, kad\u0131n \u00e7al\u0131\u015fanlarla","og_url":"https:\/\/kibrisdakik.com\/?p=32933","article_published_time":"2024-03-08T03:03:12+00:00","og_image":[{"width":710,"height":370,"url":"https:\/\/kibrisdakik.com\/wp-content\/uploads\/2024\/03\/dunya-sendikalar-federasyonu-dunya-kadinlar-gunu-nedeniyle-kibristaki-uyelerini-ziyaret-etti-1709822856.webp.webp","type":"image\/webp"}],"author":"admin","twitter_card":"summary_large_image","twitter_misc":{"Yazan:":"admin","Tahmini okuma s\u00fcresi":"3 dakika"},"schema":{"@context":"https:\/\/schema.org","@graph":[{"@type":"Article","@id":"https:\/\/kibrisdakik.com\/?p=32933#article","isPartOf":{"@id":"https:\/\/kibrisdakik.com\/?p=32933"},"author":{"name":"admin","@id":"https:\/\/kibrisdakik.com\/#\/schema\/person\/9cd9d437bbb44f72b73ba127e06d8e79"},"headline":"D\u00fcnya Sendikalar Federasyonu, D\u00fcnya Kad\u0131nlar G\u00fcn\u00fc nedeniyle K\u0131br\u0131s\u2019taki \u00fcyelerini ziyaret etti","datePublished":"2024-03-08T03:03:12+00:00","mainEntityOfPage":{"@id":"https:\/\/kibrisdakik.com\/?p=32933"},"wordCount":528,"commentCount":0,"image":{"@id":"https:\/\/kibrisdakik.com\/?p=32933#primaryimage"},"thumbnailUrl":"https:\/\/kibrisdakik.com\/wp-content\/uploads\/2024\/03\/dunya-sendikalar-federasyonu-dunya-kadinlar-gunu-nedeniyle-kibristaki-uyelerini-ziyaret-etti-1709822856.webp.webp","articleSection":["Ekonomi"],"inLanguage":"tr","potentialAction":[{"@type":"CommentAction","name":"Comment","target":["https:\/\/kibrisdakik.com\/?p=32933#respond"]}]},{"@type":"WebPage","@id":"https:\/\/kibrisdakik.com\/?p=32933","url":"https:\/\/kibrisdakik.com\/?p=32933","name":"D\u00fcnya Sendikalar Federasyonu, D\u00fcnya Kad\u0131nlar G\u00fcn\u00fc nedeniyle K\u0131br\u0131s\u2019taki \u00fcyelerini ziyaret etti -","isPartOf":{"@id":"https:\/\/kibrisdakik.com\/#website"},"primaryImageOfPage":{"@id":"https:\/\/kibrisdakik.com\/?p=32933#primaryimage"},"image":{"@id":"https:\/\/kibrisdakik.com\/?p=32933#primaryimage"},"thumbnailUrl":"https:\/\/kibrisdakik.com\/wp-content\/uploads\/2024\/03\/dunya-sendikalar-federasyonu-dunya-kadinlar-gunu-nedeniyle-kibristaki-uyelerini-ziyaret-etti-1709822856.webp.webp","datePublished":"2024-03-08T03:03:12+00:00","author":{"@id":"https:\/\/kibrisdakik.com\/#\/schema\/person\/9cd9d437bbb44f72b73ba127e06d8e79"},"breadcrumb":{"@id":"https:\/\/kibrisdakik.com\/?p=32933#breadcrumb"},"inLanguage":"tr","potentialAction":[{"@type":"ReadAction","target":["https:\/\/kibrisdakik.com\/?p=32933"]}]},{"@type":"ImageObject","inLanguage":"tr","@id":"https:\/\/kibrisdakik.com\/?p=32933#primaryimage","url":"https:\/\/kibrisdakik.com\/wp-content\/uploads\/2024\/03\/dunya-sendikalar-federasyonu-dunya-kadinlar-gunu-nedeniyle-kibristaki-uyelerini-ziyaret-etti-1709822856.webp.webp","contentUrl":"https:\/\/kibrisdakik.com\/wp-content\/uploads\/2024\/03\/dunya-sendikalar-federasyonu-dunya-kadinlar-gunu-nedeniyle-kibristaki-uyelerini-ziyaret-etti-1709822856.webp.webp","width":710,"height":370},{"@type":"BreadcrumbList","@id":"https:\/\/kibrisdakik.com\/?p=32933#breadcrumb","itemListElement":[{"@type":"ListItem","position":1,"name":"Home","item":"https:\/\/kibrisdakik.com\/"},{"@type":"ListItem","position":2,"name":"D\u00fcnya Sendikalar Federasyonu, D\u00fcnya Kad\u0131nlar G\u00fcn\u00fc nedeniyle K\u0131br\u0131s\u2019taki \u00fcyelerini ziyaret etti"}]},{"@type":"WebSite","@id":"https:\/\/kibrisdakik.com\/#website","url":"https:\/\/kibrisdakik.com\/","name":"","description":"Tam vaktinde haber","potentialAction":[{"@type":"SearchAction","target":{"@type":"EntryPoint","urlTemplate":"https:\/\/kibrisdakik.com\/?s={search_term_string}"},"query-input":{"@type":"PropertyValueSpecification","valueRequired":true,"valueName":"search_term_string"}}],"inLanguage":"tr"},{"@type":"Person","@id":"https:\/\/kibrisdakik.com\/#\/schema\/person\/9cd9d437bbb44f72b73ba127e06d8e79","name":"admin","image":{"@type":"ImageObject","inLanguage":"tr","@id":"https:\/\/secure.gravatar.com\/avatar\/ccc17943b9d660506c869530f897617f7cb1c21a4bf30023f252596d83e1f007?s=96&d=mm&r=g","url":"https:\/\/secure.gravatar.com\/avatar\/ccc17943b9d660506c869530f897617f7cb1c21a4bf30023f252596d83e1f007?s=96&d=mm&r=g","contentUrl":"https:\/\/secure.gravatar.com\/avatar\/ccc17943b9d660506c869530f897617f7cb1c21a4bf30023f252596d83e1f007?s=96&d=mm&r=g","caption":"admin"},"sameAs":["https:\/\/kibrisdakik.com"],"url":"https:\/\/kibrisdakik.com\/?author=1"}]}},"_links":{"self":[{"href":"https:\/\/kibrisdakik.com\/index.php?rest_route=\/wp\/v2\/posts\/32933","targetHints":{"allow":["GET"]}}],"collection":[{"href":"https:\/\/kibrisdakik.com\/index.php?rest_route=\/wp\/v2\/posts"}],"about":[{"href":"https:\/\/kibrisdakik.com\/index.php?rest_route=\/wp\/v2\/types\/post"}],"author":[{"embeddable":true,"href":"https:\/\/kibrisdakik.com\/index.php?rest_route=\/wp\/v2\/users\/1"}],"replies":[{"embeddable":true,"href":"https:\/\/kibrisdakik.com\/index.php?rest_route=%2Fwp%2Fv2%2Fcomments&post=32933"}],"version-history":[{"count":0,"href":"https:\/\/kibrisdakik.com\/index.php?rest_route=\/wp\/v2\/posts\/32933\/revisions"}],"wp:featuredmedia":[{"embeddable":true,"href":"https:\/\/kibrisdakik.com\/index.php?rest_route=\/wp\/v2\/media\/32934"}],"wp:attachment":[{"href":"https:\/\/kibrisdakik.com\/index.php?rest_route=%2Fwp%2Fv2%2Fmedia&parent=32933"}],"wp:term":[{"taxonomy":"category","embeddable":true,"href":"https:\/\/kibrisdakik.com\/index.php?rest_route=%2Fwp%2Fv2%2Fcategories&post=32933"},{"taxonomy":"post_tag","embeddable":true,"href":"https:\/\/kibrisdakik.com\/index.php?rest_route=%2Fwp%2Fv2%2Ftags&post=32933"}],"curies":[{"name":"wp","href":"https:\/\/api.w.org\/{rel}","templated":true}]}}