{"id":33207,"date":"2024-03-08T06:07:20","date_gmt":"2024-03-08T06:07:20","guid":{"rendered":"https:\/\/kibrisdakik.com\/index.php\/2024\/03\/08\/bir-ulke-ancak-ve-ancak-kadinlari-da-gucluyse-gucludur\/"},"modified":"2024-03-08T06:07:20","modified_gmt":"2024-03-08T06:07:20","slug":"bir-ulke-ancak-ve-ancak-kadinlari-da-gucluyse-gucludur","status":"publish","type":"post","link":"https:\/\/kibrisdakik.com\/?p=33207","title":{"rendered":"\u201cBir \u00fclke ancak ve ancak kad\u0131nlar\u0131 da g\u00fc\u00e7l\u00fcyse, g\u00fc\u00e7l\u00fcd\u00fcr\u201d"},"content":{"rendered":"<p><img decoding=\"async\" src=\"https:\/\/www.kibristurk.com\/images\/haberler\/2024\/03\/bir-ulke-ancak-ve-ancak-kadinlari-da-gucluyse-gucludur-1709820762.webp\" \/><\/p>\n<p style=\"text-align:left\"><span style=\"font-size:16px\"><span style=\"font-family:Merriweather,serif !important\"><span style=\"color:#000000\"><span style=\"background-color:#ffffff\">Ba\u015fbakan \u00dcstel mesaj\u0131nda \u015fu ifadeleri kulland\u0131:<\/span><\/span><\/span><\/span><\/p>\n<p style=\"text-align:left\"><span style=\"font-size:16px\"><span style=\"font-family:Merriweather,serif !important\"><span style=\"color:#000000\"><span style=\"background-color:#ffffff\">&nbsp;<\/span><\/span><\/span><\/span><\/p>\n<p style=\"text-align:left\"><span style=\"font-size:16px\"><span style=\"font-family:Merriweather,serif !important\"><span style=\"color:#000000\"><span style=\"background-color:#ffffff\">\u201cHer toplumda oldu\u011fu gibi K\u0131br\u0131s T\u00fcrk toplumunda da kad\u0131n\u0131n \u00f6nemli bir yeri vard\u0131r.&nbsp; K\u0131br\u0131s T\u00fcrk kad\u0131n\u0131 tarihimiz boyunca, ya\u015fam\u0131n her safhas\u0131nda her t\u00fcrl\u00fc sorumlulu\u011fu payla\u015fm\u0131\u015f,&nbsp; K\u0131br\u0131s T\u00fcrk Halk\u0131\u2019n\u0131n m\u00fccadele ile dolu tarih yolculu\u011funun her safhas\u0131nda cesaretiyle ad\u0131n\u0131 tarihe yazd\u0131rm\u0131\u015ft\u0131r.<\/span><\/span><\/span><\/span><\/p>\n<p style=\"text-align:left\"><span style=\"font-size:16px\"><span style=\"font-family:Merriweather,serif !important\"><span style=\"color:#000000\"><span style=\"background-color:#ffffff\">&nbsp;<\/span><\/span><\/span><\/span><\/p>\n<p style=\"text-align:left\"><span style=\"font-size:16px\"><span style=\"font-family:Merriweather,serif !important\"><span style=\"color:#000000\"><span style=\"background-color:#ffffff\">Kad\u0131nlar\u0131m\u0131z\u0131n, aileleri ve toplum i\u00e7in verdikleri m\u00fccadele,&nbsp; hayat boyu fedak\u00e2rca \u00fcstlendikleri t\u00fcm roller ve g\u00f6revlerde ortaya koyduklar\u0131 emekleri her daim takdire \u015fayand\u0131r.<\/span><\/span><\/span><\/span><\/p>\n<p style=\"text-align:left\"><span style=\"font-size:16px\"><span style=\"font-family:Merriweather,serif !important\"><span style=\"color:#000000\"><span style=\"background-color:#ffffff\">Hayat\u0131n t\u00fcm alanlar\u0131nda her t\u00fcrl\u00fc fedak\u00e2rl\u0131\u011f\u0131 g\u00f6steren kad\u0131nlar\u0131m\u0131z\u0131n yeni nesillerin yeti\u015fmesinde annelik vasf\u0131 ile \u00fcstlendikleri b\u00fcy\u00fck sorumluluk,&nbsp; gelece\u011fimizin in\u015fas\u0131nda hayati bir \u00f6neme sahiptir.<\/span><\/span><\/span><\/span><\/p>\n<p style=\"text-align:left\"><span style=\"font-size:16px\"><span style=\"font-family:Merriweather,serif !important\"><span style=\"color:#000000\"><span style=\"background-color:#ffffff\">&nbsp;<\/span><\/span><\/span><\/span><\/p>\n<p style=\"text-align:left\"><span style=\"font-size:16px\"><span style=\"font-family:Merriweather,serif !important\"><span style=\"color:#000000\"><span style=\"background-color:#ffffff\">H\u00fck\u00fcmet olarak bizlere d\u00fc\u015fen en b\u00fcy\u00fck g\u00f6rev, kad\u0131nlar\u0131m\u0131z\u0131n hayat\u0131n her alan\u0131nda e\u015fit ko\u015fullarda yer almalar\u0131n\u0131, kad\u0131n haklar\u0131n\u0131n korunarak iyile\u015ftirilmesini, kad\u0131na kar\u015f\u0131 \u015fiddetin \u00f6n\u00fcne ge\u00e7ilmesini, kad\u0131nlar\u0131n toplumda hi\u00e7bir ayr\u0131mc\u0131l\u0131\u011fa maruz kalmadan ya\u015famalar\u0131n\u0131 sa\u011flamakt\u0131r.<\/span><\/span><\/span><\/span><\/p>\n<p style=\"text-align:left\"><span style=\"font-size:16px\"><span style=\"font-family:Merriweather,serif !important\"><span style=\"color:#000000\"><span style=\"background-color:#ffffff\">&nbsp;<\/span><\/span><\/span><\/span><\/p>\n<p style=\"text-align:left\"><span style=\"font-size:16px\"><span style=\"font-family:Merriweather,serif !important\"><span style=\"color:#000000\"><span style=\"background-color:#ffffff\">\u00c7\u00fcnk\u00fc biliyoruz ki bir \u00fclke ancak ve ancak kad\u0131nlar\u0131 da g\u00fc\u00e7l\u00fcyse, g\u00fc\u00e7l\u00fcd\u00fcr\u2026<\/span><\/span><\/span><\/span><\/p>\n<p style=\"text-align:left\"><span style=\"font-size:16px\"><span style=\"font-family:Merriweather,serif !important\"><span style=\"color:#000000\"><span style=\"background-color:#ffffff\">Kad\u0131nlar\u0131m\u0131z\u0131n ya\u015fad\u0131\u011f\u0131 aile i\u00e7i \u015fiddet, istismar, i\u015f hayat\u0131nda, ekonomik ya\u015fama etkin kat\u0131l\u0131m gibi konularda ya\u015fad\u0131\u011f\u0131 sorunlar\u0131n fark\u0131nday\u0131z\u2026<\/span><\/span><\/span><\/span><\/p>\n<p style=\"text-align:left\"><span style=\"font-size:16px\"><span style=\"font-family:Merriweather,serif !important\"><span style=\"color:#000000\"><span style=\"background-color:#ffffff\">&nbsp;<\/span><\/span><\/span><\/span><\/p>\n<p style=\"text-align:left\"><span style=\"font-size:16px\"><span style=\"font-family:Merriweather,serif !important\"><span style=\"color:#000000\"><span style=\"background-color:#ffffff\">Ya\u015fanan sorunlar\u0131 ortadan kald\u0131rabilmek i\u00e7in hep birlikte m\u00fccadele etmek zorunday\u0131z \u2026<\/span><\/span><\/span><\/span><\/p>\n<p style=\"text-align:left\"><span style=\"font-size:16px\"><span style=\"font-family:Merriweather,serif !important\"><span style=\"color:#000000\"><span style=\"background-color:#ffffff\">&nbsp;<\/span><\/span><\/span><\/span><\/p>\n<p style=\"text-align:left\"><span style=\"font-size:16px\"><span style=\"font-family:Merriweather,serif !important\"><span style=\"color:#000000\"><span style=\"background-color:#ffffff\">H\u00fck\u00fcmet olarak kad\u0131nlar\u0131m\u0131z\u0131n gelece\u011fe g\u00fcvenle bakmalar\u0131, rahat ve g\u00fcven i\u00e7inde ya\u015famalar\u0131 i\u00e7in elimizden gelen her t\u00fcrl\u00fc \u00e7al\u0131\u015fmay\u0131 yap\u0131yoruz ve yapaca\u011f\u0131z.<\/span><\/span><\/span><\/span><\/p>\n<p style=\"text-align:left\"><span style=\"font-size:16px\"><span style=\"font-family:Merriweather,serif !important\"><span style=\"color:#000000\"><span style=\"background-color:#ffffff\">&nbsp;<\/span><\/span><\/span><\/span><\/p>\n<p style=\"text-align:left\"><span style=\"font-size:16px\"><span style=\"font-family:Merriweather,serif !important\"><span style=\"color:#000000\"><span style=\"background-color:#ffffff\">Kad\u0131nlar\u0131m\u0131z\u0131n kendilerini geli\u015ftirmeleri, ekonomik, sosyal y\u00f6nden g\u00fc\u00e7lenmelerini sa\u011flama hedefiyle, kad\u0131n giri\u015fimcileri destekleyecek ve \u00f6ncelik tan\u0131yacak projeler ba\u015fta olmak \u00fczere kad\u0131nlar\u0131m\u0131z\u0131n \u00f6n\u00fcn\u00fc a\u00e7acak yasal d\u00fczenlemeler \u00fczerinde \u00e7al\u0131\u015fmalar y\u00fcr\u00fctt\u00fc\u011f\u00fcn\u00fc ve \u00e7abalar\u0131m\u0131z\u0131n s\u00fcrd\u00fc\u011f\u00fcn\u00fc vurgulamak istiyor,&nbsp; t\u00fcm kad\u0131nlar\u0131m\u0131z\u0131n \u201c8 Mart D\u00fcnya Kad\u0131nlar G\u00fcn\u00fc\u201dn\u00fc en i\u00e7ten duygular\u0131mla kutlar\u0131m.\u201d<\/span><\/span><\/span><\/span><\/p>\n","protected":false},"excerpt":{"rendered":"<p>Ba\u015fbakan \u00dcstel mesaj\u0131nda \u015fu ifadeleri kulland\u0131: &nbsp; \u201cHer toplumda oldu\u011fu gibi K\u0131br\u0131s T\u00fcrk toplumunda da kad\u0131n\u0131n \u00f6nemli bir yeri vard\u0131r.&nbsp; K\u0131br\u0131s T\u00fcrk kad\u0131n\u0131 tarihimiz boyunca, ya\u015fam\u0131n her safhas\u0131nda her t\u00fcrl\u00fc sorumlulu\u011fu payla\u015fm\u0131\u015f,&nbsp; K\u0131br\u0131s T\u00fcrk Halk\u0131\u2019n\u0131n m\u00fccadele ile dolu tarih yolculu\u011funun her safhas\u0131nda cesaretiyle ad\u0131n\u0131 tarihe yazd\u0131rm\u0131\u015ft\u0131r. &nbsp; Kad\u0131nlar\u0131m\u0131z\u0131n, aileleri ve toplum i\u00e7in verdikleri m\u00fccadele,&nbsp; hayat<\/p>\n","protected":false},"author":1,"featured_media":33208,"comment_status":"open","ping_status":"open","sticky":false,"template":"","format":"standard","meta":{"footnotes":""},"categories":[79],"tags":[],"class_list":["post-33207","post","type-post","status-publish","format-standard","has-post-thumbnail","hentry","category-ekonomi"],"yoast_head":"<!-- This site is optimized with the Yoast SEO plugin v27.5 - https:\/\/yoast.com\/product\/yoast-seo-wordpress\/ -->\n<title>\u201cBir \u00fclke ancak ve ancak kad\u0131nlar\u0131 da g\u00fc\u00e7l\u00fcyse, g\u00fc\u00e7l\u00fcd\u00fcr\u201d -<\/title>\n<meta name=\"robots\" content=\"index, follow, max-snippet:-1, max-image-preview:large, max-video-preview:-1\" \/>\n<link rel=\"canonical\" href=\"https:\/\/kibrisdakik.com\/?p=33207\" \/>\n<meta property=\"og:locale\" content=\"tr_TR\" \/>\n<meta property=\"og:type\" content=\"article\" \/>\n<meta property=\"og:title\" content=\"\u201cBir \u00fclke ancak ve ancak kad\u0131nlar\u0131 da g\u00fc\u00e7l\u00fcyse, g\u00fc\u00e7l\u00fcd\u00fcr\u201d -\" \/>\n<meta property=\"og:description\" content=\"Ba\u015fbakan \u00dcstel mesaj\u0131nda \u015fu ifadeleri kulland\u0131: &nbsp; \u201cHer toplumda oldu\u011fu gibi K\u0131br\u0131s T\u00fcrk toplumunda da kad\u0131n\u0131n \u00f6nemli bir yeri vard\u0131r.&nbsp; K\u0131br\u0131s T\u00fcrk kad\u0131n\u0131 tarihimiz boyunca, ya\u015fam\u0131n her safhas\u0131nda her t\u00fcrl\u00fc sorumlulu\u011fu payla\u015fm\u0131\u015f,&nbsp; K\u0131br\u0131s T\u00fcrk Halk\u0131\u2019n\u0131n m\u00fccadele ile dolu tarih yolculu\u011funun her safhas\u0131nda cesaretiyle ad\u0131n\u0131 tarihe yazd\u0131rm\u0131\u015ft\u0131r. &nbsp; Kad\u0131nlar\u0131m\u0131z\u0131n, aileleri ve toplum i\u00e7in verdikleri m\u00fccadele,&nbsp; hayat\" \/>\n<meta property=\"og:url\" content=\"https:\/\/kibrisdakik.com\/?p=33207\" \/>\n<meta property=\"article:published_time\" content=\"2024-03-08T06:07:20+00:00\" \/>\n<meta property=\"og:image\" content=\"https:\/\/kibrisdakik.com\/wp-content\/uploads\/2024\/03\/bir-ulke-ancak-ve-ancak-kadinlari-da-gucluyse-gucludur-1709820762.webp.webp\" \/>\n\t<meta property=\"og:image:width\" content=\"710\" \/>\n\t<meta property=\"og:image:height\" content=\"370\" \/>\n\t<meta property=\"og:image:type\" content=\"image\/webp\" \/>\n<meta name=\"author\" content=\"admin\" \/>\n<meta name=\"twitter:card\" content=\"summary_large_image\" \/>\n<meta name=\"twitter:label1\" content=\"Yazan:\" \/>\n\t<meta name=\"twitter:data1\" content=\"admin\" \/>\n\t<meta name=\"twitter:label2\" content=\"Tahmini okuma s\u00fcresi\" \/>\n\t<meta name=\"twitter:data2\" content=\"2 dakika\" \/>\n<script type=\"application\/ld+json\" class=\"yoast-schema-graph\">{\"@context\":\"https:\\\/\\\/schema.org\",\"@graph\":[{\"@type\":\"Article\",\"@id\":\"https:\\\/\\\/kibrisdakik.com\\\/?p=33207#article\",\"isPartOf\":{\"@id\":\"https:\\\/\\\/kibrisdakik.com\\\/?p=33207\"},\"author\":{\"name\":\"admin\",\"@id\":\"https:\\\/\\\/kibrisdakik.com\\\/#\\\/schema\\\/person\\\/9cd9d437bbb44f72b73ba127e06d8e79\"},\"headline\":\"\u201cBir \u00fclke ancak ve ancak kad\u0131nlar\u0131 da g\u00fc\u00e7l\u00fcyse, g\u00fc\u00e7l\u00fcd\u00fcr\u201d\",\"datePublished\":\"2024-03-08T06:07:20+00:00\",\"mainEntityOfPage\":{\"@id\":\"https:\\\/\\\/kibrisdakik.com\\\/?p=33207\"},\"wordCount\":420,\"commentCount\":0,\"image\":{\"@id\":\"https:\\\/\\\/kibrisdakik.com\\\/?p=33207#primaryimage\"},\"thumbnailUrl\":\"https:\\\/\\\/kibrisdakik.com\\\/wp-content\\\/uploads\\\/2024\\\/03\\\/bir-ulke-ancak-ve-ancak-kadinlari-da-gucluyse-gucludur-1709820762.webp.webp\",\"articleSection\":[\"Ekonomi\"],\"inLanguage\":\"tr\",\"potentialAction\":[{\"@type\":\"CommentAction\",\"name\":\"Comment\",\"target\":[\"https:\\\/\\\/kibrisdakik.com\\\/?p=33207#respond\"]}]},{\"@type\":\"WebPage\",\"@id\":\"https:\\\/\\\/kibrisdakik.com\\\/?p=33207\",\"url\":\"https:\\\/\\\/kibrisdakik.com\\\/?p=33207\",\"name\":\"\u201cBir \u00fclke ancak ve ancak kad\u0131nlar\u0131 da g\u00fc\u00e7l\u00fcyse, g\u00fc\u00e7l\u00fcd\u00fcr\u201d -\",\"isPartOf\":{\"@id\":\"https:\\\/\\\/kibrisdakik.com\\\/#website\"},\"primaryImageOfPage\":{\"@id\":\"https:\\\/\\\/kibrisdakik.com\\\/?p=33207#primaryimage\"},\"image\":{\"@id\":\"https:\\\/\\\/kibrisdakik.com\\\/?p=33207#primaryimage\"},\"thumbnailUrl\":\"https:\\\/\\\/kibrisdakik.com\\\/wp-content\\\/uploads\\\/2024\\\/03\\\/bir-ulke-ancak-ve-ancak-kadinlari-da-gucluyse-gucludur-1709820762.webp.webp\",\"datePublished\":\"2024-03-08T06:07:20+00:00\",\"author\":{\"@id\":\"https:\\\/\\\/kibrisdakik.com\\\/#\\\/schema\\\/person\\\/9cd9d437bbb44f72b73ba127e06d8e79\"},\"breadcrumb\":{\"@id\":\"https:\\\/\\\/kibrisdakik.com\\\/?p=33207#breadcrumb\"},\"inLanguage\":\"tr\",\"potentialAction\":[{\"@type\":\"ReadAction\",\"target\":[\"https:\\\/\\\/kibrisdakik.com\\\/?p=33207\"]}]},{\"@type\":\"ImageObject\",\"inLanguage\":\"tr\",\"@id\":\"https:\\\/\\\/kibrisdakik.com\\\/?p=33207#primaryimage\",\"url\":\"https:\\\/\\\/kibrisdakik.com\\\/wp-content\\\/uploads\\\/2024\\\/03\\\/bir-ulke-ancak-ve-ancak-kadinlari-da-gucluyse-gucludur-1709820762.webp.webp\",\"contentUrl\":\"https:\\\/\\\/kibrisdakik.com\\\/wp-content\\\/uploads\\\/2024\\\/03\\\/bir-ulke-ancak-ve-ancak-kadinlari-da-gucluyse-gucludur-1709820762.webp.webp\",\"width\":710,\"height\":370},{\"@type\":\"BreadcrumbList\",\"@id\":\"https:\\\/\\\/kibrisdakik.com\\\/?p=33207#breadcrumb\",\"itemListElement\":[{\"@type\":\"ListItem\",\"position\":1,\"name\":\"Home\",\"item\":\"https:\\\/\\\/kibrisdakik.com\\\/\"},{\"@type\":\"ListItem\",\"position\":2,\"name\":\"\u201cBir \u00fclke ancak ve ancak kad\u0131nlar\u0131 da g\u00fc\u00e7l\u00fcyse, g\u00fc\u00e7l\u00fcd\u00fcr\u201d\"}]},{\"@type\":\"WebSite\",\"@id\":\"https:\\\/\\\/kibrisdakik.com\\\/#website\",\"url\":\"https:\\\/\\\/kibrisdakik.com\\\/\",\"name\":\"\",\"description\":\"Tam vaktinde haber\",\"potentialAction\":[{\"@type\":\"SearchAction\",\"target\":{\"@type\":\"EntryPoint\",\"urlTemplate\":\"https:\\\/\\\/kibrisdakik.com\\\/?s={search_term_string}\"},\"query-input\":{\"@type\":\"PropertyValueSpecification\",\"valueRequired\":true,\"valueName\":\"search_term_string\"}}],\"inLanguage\":\"tr\"},{\"@type\":\"Person\",\"@id\":\"https:\\\/\\\/kibrisdakik.com\\\/#\\\/schema\\\/person\\\/9cd9d437bbb44f72b73ba127e06d8e79\",\"name\":\"admin\",\"image\":{\"@type\":\"ImageObject\",\"inLanguage\":\"tr\",\"@id\":\"https:\\\/\\\/secure.gravatar.com\\\/avatar\\\/ccc17943b9d660506c869530f897617f7cb1c21a4bf30023f252596d83e1f007?s=96&d=mm&r=g\",\"url\":\"https:\\\/\\\/secure.gravatar.com\\\/avatar\\\/ccc17943b9d660506c869530f897617f7cb1c21a4bf30023f252596d83e1f007?s=96&d=mm&r=g\",\"contentUrl\":\"https:\\\/\\\/secure.gravatar.com\\\/avatar\\\/ccc17943b9d660506c869530f897617f7cb1c21a4bf30023f252596d83e1f007?s=96&d=mm&r=g\",\"caption\":\"admin\"},\"sameAs\":[\"https:\\\/\\\/kibrisdakik.com\"],\"url\":\"https:\\\/\\\/kibrisdakik.com\\\/?author=1\"}]}<\/script>\n<!-- \/ Yoast SEO plugin. -->","yoast_head_json":{"title":"\u201cBir \u00fclke ancak ve ancak kad\u0131nlar\u0131 da g\u00fc\u00e7l\u00fcyse, g\u00fc\u00e7l\u00fcd\u00fcr\u201d -","robots":{"index":"index","follow":"follow","max-snippet":"max-snippet:-1","max-image-preview":"max-image-preview:large","max-video-preview":"max-video-preview:-1"},"canonical":"https:\/\/kibrisdakik.com\/?p=33207","og_locale":"tr_TR","og_type":"article","og_title":"\u201cBir \u00fclke ancak ve ancak kad\u0131nlar\u0131 da g\u00fc\u00e7l\u00fcyse, g\u00fc\u00e7l\u00fcd\u00fcr\u201d -","og_description":"Ba\u015fbakan \u00dcstel mesaj\u0131nda \u015fu ifadeleri kulland\u0131: &nbsp; \u201cHer toplumda oldu\u011fu gibi K\u0131br\u0131s T\u00fcrk toplumunda da kad\u0131n\u0131n \u00f6nemli bir yeri vard\u0131r.&nbsp; K\u0131br\u0131s T\u00fcrk kad\u0131n\u0131 tarihimiz boyunca, ya\u015fam\u0131n her safhas\u0131nda her t\u00fcrl\u00fc sorumlulu\u011fu payla\u015fm\u0131\u015f,&nbsp; K\u0131br\u0131s T\u00fcrk Halk\u0131\u2019n\u0131n m\u00fccadele ile dolu tarih yolculu\u011funun her safhas\u0131nda cesaretiyle ad\u0131n\u0131 tarihe yazd\u0131rm\u0131\u015ft\u0131r. &nbsp; Kad\u0131nlar\u0131m\u0131z\u0131n, aileleri ve toplum i\u00e7in verdikleri m\u00fccadele,&nbsp; hayat","og_url":"https:\/\/kibrisdakik.com\/?p=33207","article_published_time":"2024-03-08T06:07:20+00:00","og_image":[{"width":710,"height":370,"url":"https:\/\/kibrisdakik.com\/wp-content\/uploads\/2024\/03\/bir-ulke-ancak-ve-ancak-kadinlari-da-gucluyse-gucludur-1709820762.webp.webp","type":"image\/webp"}],"author":"admin","twitter_card":"summary_large_image","twitter_misc":{"Yazan:":"admin","Tahmini okuma s\u00fcresi":"2 dakika"},"schema":{"@context":"https:\/\/schema.org","@graph":[{"@type":"Article","@id":"https:\/\/kibrisdakik.com\/?p=33207#article","isPartOf":{"@id":"https:\/\/kibrisdakik.com\/?p=33207"},"author":{"name":"admin","@id":"https:\/\/kibrisdakik.com\/#\/schema\/person\/9cd9d437bbb44f72b73ba127e06d8e79"},"headline":"\u201cBir \u00fclke ancak ve ancak kad\u0131nlar\u0131 da g\u00fc\u00e7l\u00fcyse, g\u00fc\u00e7l\u00fcd\u00fcr\u201d","datePublished":"2024-03-08T06:07:20+00:00","mainEntityOfPage":{"@id":"https:\/\/kibrisdakik.com\/?p=33207"},"wordCount":420,"commentCount":0,"image":{"@id":"https:\/\/kibrisdakik.com\/?p=33207#primaryimage"},"thumbnailUrl":"https:\/\/kibrisdakik.com\/wp-content\/uploads\/2024\/03\/bir-ulke-ancak-ve-ancak-kadinlari-da-gucluyse-gucludur-1709820762.webp.webp","articleSection":["Ekonomi"],"inLanguage":"tr","potentialAction":[{"@type":"CommentAction","name":"Comment","target":["https:\/\/kibrisdakik.com\/?p=33207#respond"]}]},{"@type":"WebPage","@id":"https:\/\/kibrisdakik.com\/?p=33207","url":"https:\/\/kibrisdakik.com\/?p=33207","name":"\u201cBir \u00fclke ancak ve ancak kad\u0131nlar\u0131 da g\u00fc\u00e7l\u00fcyse, g\u00fc\u00e7l\u00fcd\u00fcr\u201d -","isPartOf":{"@id":"https:\/\/kibrisdakik.com\/#website"},"primaryImageOfPage":{"@id":"https:\/\/kibrisdakik.com\/?p=33207#primaryimage"},"image":{"@id":"https:\/\/kibrisdakik.com\/?p=33207#primaryimage"},"thumbnailUrl":"https:\/\/kibrisdakik.com\/wp-content\/uploads\/2024\/03\/bir-ulke-ancak-ve-ancak-kadinlari-da-gucluyse-gucludur-1709820762.webp.webp","datePublished":"2024-03-08T06:07:20+00:00","author":{"@id":"https:\/\/kibrisdakik.com\/#\/schema\/person\/9cd9d437bbb44f72b73ba127e06d8e79"},"breadcrumb":{"@id":"https:\/\/kibrisdakik.com\/?p=33207#breadcrumb"},"inLanguage":"tr","potentialAction":[{"@type":"ReadAction","target":["https:\/\/kibrisdakik.com\/?p=33207"]}]},{"@type":"ImageObject","inLanguage":"tr","@id":"https:\/\/kibrisdakik.com\/?p=33207#primaryimage","url":"https:\/\/kibrisdakik.com\/wp-content\/uploads\/2024\/03\/bir-ulke-ancak-ve-ancak-kadinlari-da-gucluyse-gucludur-1709820762.webp.webp","contentUrl":"https:\/\/kibrisdakik.com\/wp-content\/uploads\/2024\/03\/bir-ulke-ancak-ve-ancak-kadinlari-da-gucluyse-gucludur-1709820762.webp.webp","width":710,"height":370},{"@type":"BreadcrumbList","@id":"https:\/\/kibrisdakik.com\/?p=33207#breadcrumb","itemListElement":[{"@type":"ListItem","position":1,"name":"Home","item":"https:\/\/kibrisdakik.com\/"},{"@type":"ListItem","position":2,"name":"\u201cBir \u00fclke ancak ve ancak kad\u0131nlar\u0131 da g\u00fc\u00e7l\u00fcyse, g\u00fc\u00e7l\u00fcd\u00fcr\u201d"}]},{"@type":"WebSite","@id":"https:\/\/kibrisdakik.com\/#website","url":"https:\/\/kibrisdakik.com\/","name":"","description":"Tam vaktinde haber","potentialAction":[{"@type":"SearchAction","target":{"@type":"EntryPoint","urlTemplate":"https:\/\/kibrisdakik.com\/?s={search_term_string}"},"query-input":{"@type":"PropertyValueSpecification","valueRequired":true,"valueName":"search_term_string"}}],"inLanguage":"tr"},{"@type":"Person","@id":"https:\/\/kibrisdakik.com\/#\/schema\/person\/9cd9d437bbb44f72b73ba127e06d8e79","name":"admin","image":{"@type":"ImageObject","inLanguage":"tr","@id":"https:\/\/secure.gravatar.com\/avatar\/ccc17943b9d660506c869530f897617f7cb1c21a4bf30023f252596d83e1f007?s=96&d=mm&r=g","url":"https:\/\/secure.gravatar.com\/avatar\/ccc17943b9d660506c869530f897617f7cb1c21a4bf30023f252596d83e1f007?s=96&d=mm&r=g","contentUrl":"https:\/\/secure.gravatar.com\/avatar\/ccc17943b9d660506c869530f897617f7cb1c21a4bf30023f252596d83e1f007?s=96&d=mm&r=g","caption":"admin"},"sameAs":["https:\/\/kibrisdakik.com"],"url":"https:\/\/kibrisdakik.com\/?author=1"}]}},"_links":{"self":[{"href":"https:\/\/kibrisdakik.com\/index.php?rest_route=\/wp\/v2\/posts\/33207","targetHints":{"allow":["GET"]}}],"collection":[{"href":"https:\/\/kibrisdakik.com\/index.php?rest_route=\/wp\/v2\/posts"}],"about":[{"href":"https:\/\/kibrisdakik.com\/index.php?rest_route=\/wp\/v2\/types\/post"}],"author":[{"embeddable":true,"href":"https:\/\/kibrisdakik.com\/index.php?rest_route=\/wp\/v2\/users\/1"}],"replies":[{"embeddable":true,"href":"https:\/\/kibrisdakik.com\/index.php?rest_route=%2Fwp%2Fv2%2Fcomments&post=33207"}],"version-history":[{"count":0,"href":"https:\/\/kibrisdakik.com\/index.php?rest_route=\/wp\/v2\/posts\/33207\/revisions"}],"wp:featuredmedia":[{"embeddable":true,"href":"https:\/\/kibrisdakik.com\/index.php?rest_route=\/wp\/v2\/media\/33208"}],"wp:attachment":[{"href":"https:\/\/kibrisdakik.com\/index.php?rest_route=%2Fwp%2Fv2%2Fmedia&parent=33207"}],"wp:term":[{"taxonomy":"category","embeddable":true,"href":"https:\/\/kibrisdakik.com\/index.php?rest_route=%2Fwp%2Fv2%2Fcategories&post=33207"},{"taxonomy":"post_tag","embeddable":true,"href":"https:\/\/kibrisdakik.com\/index.php?rest_route=%2Fwp%2Fv2%2Ftags&post=33207"}],"curies":[{"name":"wp","href":"https:\/\/api.w.org\/{rel}","templated":true}]}}