{"id":33218,"date":"2024-03-08T08:08:52","date_gmt":"2024-03-08T08:08:52","guid":{"rendered":"https:\/\/kibrisdakik.com\/index.php\/2024\/03\/08\/dunya-kadinlar-gununu-kutlarken-filistin-de-kadinlar-oluyor\/"},"modified":"2024-03-08T08:08:52","modified_gmt":"2024-03-08T08:08:52","slug":"dunya-kadinlar-gununu-kutlarken-filistin-de-kadinlar-oluyor","status":"publish","type":"post","link":"https:\/\/kibrisdakik.com\/?p=33218","title":{"rendered":"&quot;D\u00fcnya Kad\u0131nlar G\u00fcn\u00fcn\u00fc kutlarken! Filistin de kad\u0131nlar \u00f6l\u00fcyor\u2026&quot;"},"content":{"rendered":"<p><img decoding=\"async\" src=\"https:\/\/www.kibristurk.com\/images\/haberler\/2024\/03\/dunya-kadinlar-gununu-kutlarken-filistin-de-kadinlar-oluyor-1709884216.webp\" \/><\/p>\n<p>BALIK&#8217;IN O MESAJI:<\/p>\n<p>&#8220;\u015eu an;<br \/>\nD\u00fcnya Kad\u0131nlar G\u00fcn\u00fcn\u00fc kutlarken! Filistin de kad\u0131nlar \u00f6l\u00fcyor\u2026<br \/>\nEkim ay\u0131ndan beri s\u00fcre gelen \u0130srail\u2019in s\u00f6zde nefsi m\u00fcdefaa ad\u0131 alt\u0131nda ba\u015flatt\u0131\u011f\u0131 soyk\u0131r\u0131mda insanl\u0131k \u00f6l\u00fcyor. \u0130srail\u2019in kural tan\u0131maz canice ac\u0131mas\u0131zca sald\u0131r\u0131lar\u0131nda nice anneler kad\u0131nlar \u00e7ocuklar \u00f6ld\u00fc.<br \/>\n\u00d6nce bombalarla mermilerle\u2026&nbsp;<br \/>\n\u015eimdi ise a\u00e7l\u0131ktan \u00f6l\u00fcyorlar insani yard\u0131m konvoylar\u0131n\u0131 durdurmak engellemek zalimliktir, caniliktir, insanl\u0131ktan nasibini almamakt\u0131r. Barbar \u0130sraillin bu vah\u015feti derhal durdurmas\u0131n\u0131 istiyoruz\u2026&nbsp;<br \/>\nSusmak su\u00e7a ortak olmakt\u0131r.&nbsp;<br \/>\nSusmuyoruz sevgili karde\u015flerimiz!!!!&nbsp;<br \/>\nBizler sa\u011fduyulu Kuzey K\u0131br\u0131s T\u00fcrk Halk\u0131 olarak elimizden geldi\u011fince her platformda bu vah\u015feti duyurup bu soyk\u0131r\u0131m\u0131 durdurmak i\u00e7in \u00e7abal\u0131yoruz. Filistinli kad\u0131nlar\u0131n annelerin k\u0131sacas\u0131 Filistin halk\u0131n\u0131n ya\u015famalar\u0131n\u0131 ve i\u00e7inde bulunduklar\u0131 toplumun in\u015faas\u0131n da g\u00f6rev almalar\u0131n\u0131 ac\u0131lar\u0131n\u0131n durdurulmas\u0131n\u0131 ve vatanlar\u0131ndaki y\u0131k\u0131ma son verilmesini talep ediyoruz.&nbsp;<br \/>\nD\u00fcnya kad\u0131nlar g\u00fcn\u00fcn\u00fc kutlarken Filistin de kad\u0131nlar \u00f6l\u00fcyor\u2026 Kad\u0131n etkili, birle\u015ftirici, koruyucu ve sevginin timsalidir. Kad\u0131n \u00fcretendir, kad\u0131n do\u011furand\u0131r kad\u0131n ya\u015fatand\u0131r. Kad\u0131nlar\u0131n ya\u015famas\u0131 ve ilerlemesi adaletin \u015fart\u0131d\u0131r!&nbsp;<\/p>\n<p>Filistinli kad\u0131nlar ve annelerinin g\u00fcvenli ortamda g\u00f6revlerini yapabilmelerinin \u00f6n ko\u015fulu oldu\u011funu dile getirdi\u011fimiz \u201cBar\u0131\u015f\u0131n\u201d \u015fart oldu\u011funu onlar\u0131 her alanda desteklemekte oldu\u011fumuzu dile getirmekteyiz. T\u00fcm d\u00fcnyada tart\u0131\u015f\u0131lan Filistin davas\u0131 konusunda Filistinli kad\u0131nlara ve Filistin halk\u0131na deste\u011fimiz tamd\u0131r.<br \/>\n\u0130srailin bu canice katliama derhal son verip Filistin topraklar\u0131ndan \u00e7ekilmesini insani yard\u0131mlar\u0131n insanl\u0131\u011fa yak\u0131\u015f\u0131r \u015fekilde verilmesini bu barbarl\u0131\u011fa son verilmesini ivedilikle istiyoruz.<br \/>\nYDP kad\u0131n kollar\u0131 ba\u015fkan aday\u0131&nbsp;Banu&nbsp;Bal\u0131k<\/p>\n<p>8 mart saat 14:00 de Lefko\u015fa mahkemeler \u00f6n\u00fcnde bulu\u015fup posta dairesine adrese teslim edilmesi i\u00e7in Filistin deki kad\u0131nlara destek mektubu, \u0130srail ve AB ye k\u0131nama mektubunu verece\u011fiz. Ayr\u0131ca Ledra Palace kap\u0131s\u0131na y\u00fcr\u00fcy\u00fcp BM ye k\u0131nama mektubunu elden b\u0131rakaca\u011f\u0131z. Kat\u0131lmak isteyen duyarl\u0131 t\u00fcm halk\u0131m\u0131z davetlidir.&nbsp;<br \/>\nYeniden Do\u011fu\u015f Partisi kad\u0131n kollar\u0131 ba\u015fkan aday\u0131&nbsp;Banu&nbsp;Bal\u0131k&#8221;<\/p>\n","protected":false},"excerpt":{"rendered":"<p>BALIK&#8217;IN O MESAJI: &#8220;\u015eu an; D\u00fcnya Kad\u0131nlar G\u00fcn\u00fcn\u00fc kutlarken! Filistin de kad\u0131nlar \u00f6l\u00fcyor\u2026 Ekim ay\u0131ndan beri s\u00fcre gelen \u0130srail\u2019in s\u00f6zde nefsi m\u00fcdefaa ad\u0131 alt\u0131nda ba\u015flatt\u0131\u011f\u0131 soyk\u0131r\u0131mda insanl\u0131k \u00f6l\u00fcyor. \u0130srail\u2019in kural tan\u0131maz canice ac\u0131mas\u0131zca sald\u0131r\u0131lar\u0131nda nice anneler kad\u0131nlar \u00e7ocuklar \u00f6ld\u00fc. \u00d6nce bombalarla mermilerle\u2026&nbsp; \u015eimdi ise a\u00e7l\u0131ktan \u00f6l\u00fcyorlar insani yard\u0131m konvoylar\u0131n\u0131 durdurmak engellemek zalimliktir, caniliktir, insanl\u0131ktan nasibini<\/p>\n","protected":false},"author":1,"featured_media":33219,"comment_status":"open","ping_status":"open","sticky":false,"template":"","format":"standard","meta":{"footnotes":""},"categories":[79],"tags":[],"class_list":["post-33218","post","type-post","status-publish","format-standard","has-post-thumbnail","hentry","category-ekonomi"],"yoast_head":"<!-- This site is optimized with the Yoast SEO plugin v27.4 - https:\/\/yoast.com\/product\/yoast-seo-wordpress\/ -->\n<title>&quot;D\u00fcnya Kad\u0131nlar G\u00fcn\u00fcn\u00fc kutlarken! Filistin de kad\u0131nlar \u00f6l\u00fcyor\u2026&quot; -<\/title>\n<meta name=\"robots\" content=\"index, follow, max-snippet:-1, max-image-preview:large, max-video-preview:-1\" \/>\n<link rel=\"canonical\" href=\"https:\/\/kibrisdakik.com\/?p=33218\" \/>\n<meta property=\"og:locale\" content=\"tr_TR\" \/>\n<meta property=\"og:type\" content=\"article\" \/>\n<meta property=\"og:title\" content=\"&quot;D\u00fcnya Kad\u0131nlar G\u00fcn\u00fcn\u00fc kutlarken! Filistin de kad\u0131nlar \u00f6l\u00fcyor\u2026&quot; -\" \/>\n<meta property=\"og:description\" content=\"BALIK&#8217;IN O MESAJI: &#8220;\u015eu an; D\u00fcnya Kad\u0131nlar G\u00fcn\u00fcn\u00fc kutlarken! Filistin de kad\u0131nlar \u00f6l\u00fcyor\u2026 Ekim ay\u0131ndan beri s\u00fcre gelen \u0130srail\u2019in s\u00f6zde nefsi m\u00fcdefaa ad\u0131 alt\u0131nda ba\u015flatt\u0131\u011f\u0131 soyk\u0131r\u0131mda insanl\u0131k \u00f6l\u00fcyor. \u0130srail\u2019in kural tan\u0131maz canice ac\u0131mas\u0131zca sald\u0131r\u0131lar\u0131nda nice anneler kad\u0131nlar \u00e7ocuklar \u00f6ld\u00fc. \u00d6nce bombalarla mermilerle\u2026&nbsp; \u015eimdi ise a\u00e7l\u0131ktan \u00f6l\u00fcyorlar insani yard\u0131m konvoylar\u0131n\u0131 durdurmak engellemek zalimliktir, caniliktir, insanl\u0131ktan nasibini\" \/>\n<meta property=\"og:url\" content=\"https:\/\/kibrisdakik.com\/?p=33218\" \/>\n<meta property=\"article:published_time\" content=\"2024-03-08T08:08:52+00:00\" \/>\n<meta property=\"og:image\" content=\"https:\/\/kibrisdakik.com\/wp-content\/uploads\/2024\/03\/dunya-kadinlar-gununu-kutlarken-filistin-de-kadinlar-oluyor-1709884216.webp.webp\" \/>\n\t<meta property=\"og:image:width\" content=\"710\" \/>\n\t<meta property=\"og:image:height\" content=\"370\" \/>\n\t<meta property=\"og:image:type\" content=\"image\/webp\" \/>\n<meta name=\"author\" content=\"admin\" \/>\n<meta name=\"twitter:card\" content=\"summary_large_image\" \/>\n<meta name=\"twitter:label1\" content=\"Yazan:\" \/>\n\t<meta name=\"twitter:data1\" content=\"admin\" \/>\n\t<meta name=\"twitter:label2\" content=\"Tahmini okuma s\u00fcresi\" \/>\n\t<meta name=\"twitter:data2\" content=\"2 dakika\" \/>\n<script type=\"application\/ld+json\" class=\"yoast-schema-graph\">{\"@context\":\"https:\\\/\\\/schema.org\",\"@graph\":[{\"@type\":\"Article\",\"@id\":\"https:\\\/\\\/kibrisdakik.com\\\/?p=33218#article\",\"isPartOf\":{\"@id\":\"https:\\\/\\\/kibrisdakik.com\\\/?p=33218\"},\"author\":{\"name\":\"admin\",\"@id\":\"https:\\\/\\\/kibrisdakik.com\\\/#\\\/schema\\\/person\\\/9cd9d437bbb44f72b73ba127e06d8e79\"},\"headline\":\"&quot;D\u00fcnya Kad\u0131nlar G\u00fcn\u00fcn\u00fc kutlarken! Filistin de kad\u0131nlar \u00f6l\u00fcyor\u2026&quot;\",\"datePublished\":\"2024-03-08T08:08:52+00:00\",\"mainEntityOfPage\":{\"@id\":\"https:\\\/\\\/kibrisdakik.com\\\/?p=33218\"},\"wordCount\":418,\"commentCount\":0,\"image\":{\"@id\":\"https:\\\/\\\/kibrisdakik.com\\\/?p=33218#primaryimage\"},\"thumbnailUrl\":\"https:\\\/\\\/kibrisdakik.com\\\/wp-content\\\/uploads\\\/2024\\\/03\\\/dunya-kadinlar-gununu-kutlarken-filistin-de-kadinlar-oluyor-1709884216.webp.webp\",\"articleSection\":[\"Ekonomi\"],\"inLanguage\":\"tr\",\"potentialAction\":[{\"@type\":\"CommentAction\",\"name\":\"Comment\",\"target\":[\"https:\\\/\\\/kibrisdakik.com\\\/?p=33218#respond\"]}]},{\"@type\":\"WebPage\",\"@id\":\"https:\\\/\\\/kibrisdakik.com\\\/?p=33218\",\"url\":\"https:\\\/\\\/kibrisdakik.com\\\/?p=33218\",\"name\":\"&quot;D\u00fcnya Kad\u0131nlar G\u00fcn\u00fcn\u00fc kutlarken! Filistin de kad\u0131nlar \u00f6l\u00fcyor\u2026&quot; -\",\"isPartOf\":{\"@id\":\"https:\\\/\\\/kibrisdakik.com\\\/#website\"},\"primaryImageOfPage\":{\"@id\":\"https:\\\/\\\/kibrisdakik.com\\\/?p=33218#primaryimage\"},\"image\":{\"@id\":\"https:\\\/\\\/kibrisdakik.com\\\/?p=33218#primaryimage\"},\"thumbnailUrl\":\"https:\\\/\\\/kibrisdakik.com\\\/wp-content\\\/uploads\\\/2024\\\/03\\\/dunya-kadinlar-gununu-kutlarken-filistin-de-kadinlar-oluyor-1709884216.webp.webp\",\"datePublished\":\"2024-03-08T08:08:52+00:00\",\"author\":{\"@id\":\"https:\\\/\\\/kibrisdakik.com\\\/#\\\/schema\\\/person\\\/9cd9d437bbb44f72b73ba127e06d8e79\"},\"breadcrumb\":{\"@id\":\"https:\\\/\\\/kibrisdakik.com\\\/?p=33218#breadcrumb\"},\"inLanguage\":\"tr\",\"potentialAction\":[{\"@type\":\"ReadAction\",\"target\":[\"https:\\\/\\\/kibrisdakik.com\\\/?p=33218\"]}]},{\"@type\":\"ImageObject\",\"inLanguage\":\"tr\",\"@id\":\"https:\\\/\\\/kibrisdakik.com\\\/?p=33218#primaryimage\",\"url\":\"https:\\\/\\\/kibrisdakik.com\\\/wp-content\\\/uploads\\\/2024\\\/03\\\/dunya-kadinlar-gununu-kutlarken-filistin-de-kadinlar-oluyor-1709884216.webp.webp\",\"contentUrl\":\"https:\\\/\\\/kibrisdakik.com\\\/wp-content\\\/uploads\\\/2024\\\/03\\\/dunya-kadinlar-gununu-kutlarken-filistin-de-kadinlar-oluyor-1709884216.webp.webp\",\"width\":710,\"height\":370},{\"@type\":\"BreadcrumbList\",\"@id\":\"https:\\\/\\\/kibrisdakik.com\\\/?p=33218#breadcrumb\",\"itemListElement\":[{\"@type\":\"ListItem\",\"position\":1,\"name\":\"Home\",\"item\":\"https:\\\/\\\/kibrisdakik.com\\\/\"},{\"@type\":\"ListItem\",\"position\":2,\"name\":\"&quot;D\u00fcnya Kad\u0131nlar G\u00fcn\u00fcn\u00fc kutlarken! Filistin de kad\u0131nlar \u00f6l\u00fcyor\u2026&quot;\"}]},{\"@type\":\"WebSite\",\"@id\":\"https:\\\/\\\/kibrisdakik.com\\\/#website\",\"url\":\"https:\\\/\\\/kibrisdakik.com\\\/\",\"name\":\"\",\"description\":\"Tam vaktinde haber\",\"potentialAction\":[{\"@type\":\"SearchAction\",\"target\":{\"@type\":\"EntryPoint\",\"urlTemplate\":\"https:\\\/\\\/kibrisdakik.com\\\/?s={search_term_string}\"},\"query-input\":{\"@type\":\"PropertyValueSpecification\",\"valueRequired\":true,\"valueName\":\"search_term_string\"}}],\"inLanguage\":\"tr\"},{\"@type\":\"Person\",\"@id\":\"https:\\\/\\\/kibrisdakik.com\\\/#\\\/schema\\\/person\\\/9cd9d437bbb44f72b73ba127e06d8e79\",\"name\":\"admin\",\"image\":{\"@type\":\"ImageObject\",\"inLanguage\":\"tr\",\"@id\":\"https:\\\/\\\/secure.gravatar.com\\\/avatar\\\/ccc17943b9d660506c869530f897617f7cb1c21a4bf30023f252596d83e1f007?s=96&d=mm&r=g\",\"url\":\"https:\\\/\\\/secure.gravatar.com\\\/avatar\\\/ccc17943b9d660506c869530f897617f7cb1c21a4bf30023f252596d83e1f007?s=96&d=mm&r=g\",\"contentUrl\":\"https:\\\/\\\/secure.gravatar.com\\\/avatar\\\/ccc17943b9d660506c869530f897617f7cb1c21a4bf30023f252596d83e1f007?s=96&d=mm&r=g\",\"caption\":\"admin\"},\"sameAs\":[\"https:\\\/\\\/kibrisdakik.com\"],\"url\":\"https:\\\/\\\/kibrisdakik.com\\\/?author=1\"}]}<\/script>\n<!-- \/ Yoast SEO plugin. -->","yoast_head_json":{"title":"&quot;D\u00fcnya Kad\u0131nlar G\u00fcn\u00fcn\u00fc kutlarken! Filistin de kad\u0131nlar \u00f6l\u00fcyor\u2026&quot; -","robots":{"index":"index","follow":"follow","max-snippet":"max-snippet:-1","max-image-preview":"max-image-preview:large","max-video-preview":"max-video-preview:-1"},"canonical":"https:\/\/kibrisdakik.com\/?p=33218","og_locale":"tr_TR","og_type":"article","og_title":"&quot;D\u00fcnya Kad\u0131nlar G\u00fcn\u00fcn\u00fc kutlarken! Filistin de kad\u0131nlar \u00f6l\u00fcyor\u2026&quot; -","og_description":"BALIK&#8217;IN O MESAJI: &#8220;\u015eu an; D\u00fcnya Kad\u0131nlar G\u00fcn\u00fcn\u00fc kutlarken! Filistin de kad\u0131nlar \u00f6l\u00fcyor\u2026 Ekim ay\u0131ndan beri s\u00fcre gelen \u0130srail\u2019in s\u00f6zde nefsi m\u00fcdefaa ad\u0131 alt\u0131nda ba\u015flatt\u0131\u011f\u0131 soyk\u0131r\u0131mda insanl\u0131k \u00f6l\u00fcyor. \u0130srail\u2019in kural tan\u0131maz canice ac\u0131mas\u0131zca sald\u0131r\u0131lar\u0131nda nice anneler kad\u0131nlar \u00e7ocuklar \u00f6ld\u00fc. \u00d6nce bombalarla mermilerle\u2026&nbsp; \u015eimdi ise a\u00e7l\u0131ktan \u00f6l\u00fcyorlar insani yard\u0131m konvoylar\u0131n\u0131 durdurmak engellemek zalimliktir, caniliktir, insanl\u0131ktan nasibini","og_url":"https:\/\/kibrisdakik.com\/?p=33218","article_published_time":"2024-03-08T08:08:52+00:00","og_image":[{"width":710,"height":370,"url":"https:\/\/kibrisdakik.com\/wp-content\/uploads\/2024\/03\/dunya-kadinlar-gununu-kutlarken-filistin-de-kadinlar-oluyor-1709884216.webp.webp","type":"image\/webp"}],"author":"admin","twitter_card":"summary_large_image","twitter_misc":{"Yazan:":"admin","Tahmini okuma s\u00fcresi":"2 dakika"},"schema":{"@context":"https:\/\/schema.org","@graph":[{"@type":"Article","@id":"https:\/\/kibrisdakik.com\/?p=33218#article","isPartOf":{"@id":"https:\/\/kibrisdakik.com\/?p=33218"},"author":{"name":"admin","@id":"https:\/\/kibrisdakik.com\/#\/schema\/person\/9cd9d437bbb44f72b73ba127e06d8e79"},"headline":"&quot;D\u00fcnya Kad\u0131nlar G\u00fcn\u00fcn\u00fc kutlarken! Filistin de kad\u0131nlar \u00f6l\u00fcyor\u2026&quot;","datePublished":"2024-03-08T08:08:52+00:00","mainEntityOfPage":{"@id":"https:\/\/kibrisdakik.com\/?p=33218"},"wordCount":418,"commentCount":0,"image":{"@id":"https:\/\/kibrisdakik.com\/?p=33218#primaryimage"},"thumbnailUrl":"https:\/\/kibrisdakik.com\/wp-content\/uploads\/2024\/03\/dunya-kadinlar-gununu-kutlarken-filistin-de-kadinlar-oluyor-1709884216.webp.webp","articleSection":["Ekonomi"],"inLanguage":"tr","potentialAction":[{"@type":"CommentAction","name":"Comment","target":["https:\/\/kibrisdakik.com\/?p=33218#respond"]}]},{"@type":"WebPage","@id":"https:\/\/kibrisdakik.com\/?p=33218","url":"https:\/\/kibrisdakik.com\/?p=33218","name":"&quot;D\u00fcnya Kad\u0131nlar G\u00fcn\u00fcn\u00fc kutlarken! Filistin de kad\u0131nlar \u00f6l\u00fcyor\u2026&quot; -","isPartOf":{"@id":"https:\/\/kibrisdakik.com\/#website"},"primaryImageOfPage":{"@id":"https:\/\/kibrisdakik.com\/?p=33218#primaryimage"},"image":{"@id":"https:\/\/kibrisdakik.com\/?p=33218#primaryimage"},"thumbnailUrl":"https:\/\/kibrisdakik.com\/wp-content\/uploads\/2024\/03\/dunya-kadinlar-gununu-kutlarken-filistin-de-kadinlar-oluyor-1709884216.webp.webp","datePublished":"2024-03-08T08:08:52+00:00","author":{"@id":"https:\/\/kibrisdakik.com\/#\/schema\/person\/9cd9d437bbb44f72b73ba127e06d8e79"},"breadcrumb":{"@id":"https:\/\/kibrisdakik.com\/?p=33218#breadcrumb"},"inLanguage":"tr","potentialAction":[{"@type":"ReadAction","target":["https:\/\/kibrisdakik.com\/?p=33218"]}]},{"@type":"ImageObject","inLanguage":"tr","@id":"https:\/\/kibrisdakik.com\/?p=33218#primaryimage","url":"https:\/\/kibrisdakik.com\/wp-content\/uploads\/2024\/03\/dunya-kadinlar-gununu-kutlarken-filistin-de-kadinlar-oluyor-1709884216.webp.webp","contentUrl":"https:\/\/kibrisdakik.com\/wp-content\/uploads\/2024\/03\/dunya-kadinlar-gununu-kutlarken-filistin-de-kadinlar-oluyor-1709884216.webp.webp","width":710,"height":370},{"@type":"BreadcrumbList","@id":"https:\/\/kibrisdakik.com\/?p=33218#breadcrumb","itemListElement":[{"@type":"ListItem","position":1,"name":"Home","item":"https:\/\/kibrisdakik.com\/"},{"@type":"ListItem","position":2,"name":"&quot;D\u00fcnya Kad\u0131nlar G\u00fcn\u00fcn\u00fc kutlarken! Filistin de kad\u0131nlar \u00f6l\u00fcyor\u2026&quot;"}]},{"@type":"WebSite","@id":"https:\/\/kibrisdakik.com\/#website","url":"https:\/\/kibrisdakik.com\/","name":"","description":"Tam vaktinde haber","potentialAction":[{"@type":"SearchAction","target":{"@type":"EntryPoint","urlTemplate":"https:\/\/kibrisdakik.com\/?s={search_term_string}"},"query-input":{"@type":"PropertyValueSpecification","valueRequired":true,"valueName":"search_term_string"}}],"inLanguage":"tr"},{"@type":"Person","@id":"https:\/\/kibrisdakik.com\/#\/schema\/person\/9cd9d437bbb44f72b73ba127e06d8e79","name":"admin","image":{"@type":"ImageObject","inLanguage":"tr","@id":"https:\/\/secure.gravatar.com\/avatar\/ccc17943b9d660506c869530f897617f7cb1c21a4bf30023f252596d83e1f007?s=96&d=mm&r=g","url":"https:\/\/secure.gravatar.com\/avatar\/ccc17943b9d660506c869530f897617f7cb1c21a4bf30023f252596d83e1f007?s=96&d=mm&r=g","contentUrl":"https:\/\/secure.gravatar.com\/avatar\/ccc17943b9d660506c869530f897617f7cb1c21a4bf30023f252596d83e1f007?s=96&d=mm&r=g","caption":"admin"},"sameAs":["https:\/\/kibrisdakik.com"],"url":"https:\/\/kibrisdakik.com\/?author=1"}]}},"_links":{"self":[{"href":"https:\/\/kibrisdakik.com\/index.php?rest_route=\/wp\/v2\/posts\/33218","targetHints":{"allow":["GET"]}}],"collection":[{"href":"https:\/\/kibrisdakik.com\/index.php?rest_route=\/wp\/v2\/posts"}],"about":[{"href":"https:\/\/kibrisdakik.com\/index.php?rest_route=\/wp\/v2\/types\/post"}],"author":[{"embeddable":true,"href":"https:\/\/kibrisdakik.com\/index.php?rest_route=\/wp\/v2\/users\/1"}],"replies":[{"embeddable":true,"href":"https:\/\/kibrisdakik.com\/index.php?rest_route=%2Fwp%2Fv2%2Fcomments&post=33218"}],"version-history":[{"count":0,"href":"https:\/\/kibrisdakik.com\/index.php?rest_route=\/wp\/v2\/posts\/33218\/revisions"}],"wp:featuredmedia":[{"embeddable":true,"href":"https:\/\/kibrisdakik.com\/index.php?rest_route=\/wp\/v2\/media\/33219"}],"wp:attachment":[{"href":"https:\/\/kibrisdakik.com\/index.php?rest_route=%2Fwp%2Fv2%2Fmedia&parent=33218"}],"wp:term":[{"taxonomy":"category","embeddable":true,"href":"https:\/\/kibrisdakik.com\/index.php?rest_route=%2Fwp%2Fv2%2Fcategories&post=33218"},{"taxonomy":"post_tag","embeddable":true,"href":"https:\/\/kibrisdakik.com\/index.php?rest_route=%2Fwp%2Fv2%2Ftags&post=33218"}],"curies":[{"name":"wp","href":"https:\/\/api.w.org\/{rel}","templated":true}]}}