{"id":33280,"date":"2024-03-08T16:37:06","date_gmt":"2024-03-08T16:37:06","guid":{"rendered":"https:\/\/kibrisdakik.com\/index.php\/2024\/03\/08\/cumhurbaskani-erdogandan-sert-sozler-israil-yonetimi-katildir-hirsizdir\/"},"modified":"2024-03-08T16:37:06","modified_gmt":"2024-03-08T16:37:06","slug":"cumhurbaskani-erdogandan-sert-sozler-israil-yonetimi-katildir-hirsizdir","status":"publish","type":"post","link":"https:\/\/kibrisdakik.com\/?p=33280","title":{"rendered":"Cumhurba\u015fkan\u0131 Erdo\u011fan&#039;dan sert s\u00f6zler: \u0130srail y\u00f6netimi katildir h\u0131rs\u0131zd\u0131r"},"content":{"rendered":"<p><\/p>\n<h3>\u0130\u015fte Cumhurba\u015fkan\u0131 Erdo\u011fan&#8217;\u0131n a\u00e7\u0131klamalar\u0131ndan sat\u0131r ba\u015flar\u0131:<\/h3>\n<p>&#8220;T\u00dcGVA ailesi her alanda dal budak sal\u0131yor. \u015eimdi bu \u00e7elik iradeyi daha da y\u00fckseltme vaktidir. Her g\u00fcn yeniden do\u011farak T\u00fcrkiye Y\u00fczy\u0131l\u0131 y\u00fcr\u00fcy\u00fc\u015f\u00fcm\u00fcz\u00fc kesintisiz s\u00fcrd\u00fcrece\u011fiz.<\/p>\n<h3>&#8220;CUMHUR\u0130YET\u0130M\u0130Z\u0130N \u0130K\u0130NC\u0130 ASRINA DAMGA VURACA\u011eIZ&#8221;<\/h3>\n<p>Gen\u00e7lerimizin hem manevi, hem ruhani geli\u015fimine destek olarak Cumhuriyetimizin ikinci asr\u0131na damgam\u0131z\u0131 vuraca\u011f\u0131z. Medeniyetimizi ihya ederek bir b\u00fcy\u00fck at\u0131l\u0131m\u0131 beraberce ihya edece\u011fiz.<\/p>\n<h3>&#8220;M\u00dcCADELEY\u0130 HER ALANDA S\u00dcRD\u00dcRMEL\u0130Y\u0130Z&#8221;<\/h3>\n<p>Gen\u00e7lik ger\u00e7ekten \u00e7ok b\u00fcy\u00fck bir l\u00fctuf. Kahvehaneleri k\u0131raathanelere d\u00f6n\u00fc\u015ft\u00fcrerek, yurtlar\u0131m\u0131z\u0131 hem ilim hem irfan hem hikmet yuvas\u0131 haline getirerek, spordan resme, iman varsa imkanda vard\u0131r anlay\u0131\u015f\u0131yla zorluklar\u0131 birer birer a\u015farak m\u00fccadeleyi her alanda ve konuda s\u00fcrd\u00fcrmeliyiz.<img decoding=\"async\" alt=\"Cumhurba\u015fkan\u0131 Erdo\u011fan'dan sert s\u00f6zler: \u0130srail y\u00f6netimi katildir h\u0131rs\u0131zd\u0131r - 1. Resim\" src=\"https:\/\/i.tgrthaber.com.tr\/images\/haberler\/24-03\/08\/cumhurbaskani-erdogandan-sert-sozler-israil-yonetimi-katildir-hirsizdir-17099115004449_1.jpg\" style=\"width:850px\" title=\"Cumhurba\u015fkan\u0131 Erdo\u011fan'dan sert s\u00f6zler: \u0130srail y\u00f6netimi katildir h\u0131rs\u0131zd\u0131r\" \/><\/p>\n<h3>&#8220;GEN\u00c7LER E\u011e\u0130T\u0130M\u0130N\u0130 S\u00dcRD\u00dcR\u00dcRKEN K\u0130\u015e\u0130SEL DONANIMIZINI DA TAHK\u0130M ETMEN\u0130Z\u0130 \u0130ST\u0130YORUM&#8221;<\/h3>\n<p>Diploma zarft\u0131r elbette k\u0131ymetlidir. Ama as\u0131l olan mazruftur. Gen\u00e7ler sizlerden e\u011fitiminizi s\u00fcrd\u00fcr\u00fcrken mutlaka ki\u015fisel donan\u0131m\u0131n\u0131z\u0131 da tahkim etmenizi istiyorum. Hayat\u0131n\u0131 sadece evi ve yurdu aras\u0131nda ge\u00e7iren, akranlar\u0131yla fikri m\u00fczakere yapabilecek beceriye sahip olamayan, ahlaki a\u00e7\u0131dan da \u015fahsiyetini icra etmeyi dert etmeyen olumlu anlamda varl\u0131\u011f\u0131n\u0131 ailesinde, okulunda, arkada\u015f \u00e7evresinde hissettiremeyen bir gen\u00e7lik bizim i\u00e7in kay\u0131p h\u00fckm\u00fcndedir.<\/p>\n<h3>&#8220;HER GENC\u0130M\u0130ZDE G\u00d6Z\u00dcNDE O SAKLI CEVHER\u0130 G\u00d6R\u00dcYORUZ&#8221;<\/h3>\n<p>Halbuki biz gen\u00e7lerimizin her birinin g\u00f6z\u00fcnde, y\u00fcre\u011finde \u00f6zellikle o sakl\u0131 cevherin ate\u015fini g\u00f6r\u00fcyoruz. Damarlar\u0131nda gezen o enerjiyi hissediyoruz. Yeter ki siz \u00e7aban\u0131zla, gayretinizle bu potansiyeli harekete ge\u00e7irme iradesini ortaya koyun.<\/p>\n<h3>&#8220;GEN\u00c7L\u0130KTEN \u00dcM\u0130D\u0130N\u0130 KESEN M\u0130LLET\u0130N GELECE\u011e\u0130 B\u0130TM\u0130\u015e DEMEKT\u0130R&#8221;<\/h3>\n<p>Bir \u00fclkenin bir milletin en b\u00fcy\u00fck g\u00fcc\u00fc gen\u00e7leridir. Gen\u00e7lerinden \u00fcmidini kesen bir millet gelece\u011fini kaybetmi\u015f demektir. Biz siyasi hayat\u0131m\u0131z\u0131n her safhas\u0131nda gen\u00e7lerimize g\u00fcvendik, inand\u0131k, onlarla birlikte yol y\u00fcr\u00fcd\u00fck.<\/p>\n<h3>&#8220;TEK HEDEF\u0130M\u0130Z T\u00dcRK\u0130YE Y\u00dcZYILI HEDEF\u0130N\u0130 BA\u015eARIYA ULA\u015eTIRMAKTIR&#8221;<\/h3>\n<p>\u015eimdi tek hedefimiz T\u00fcrkiye Y\u00fczy\u0131l\u0131 hedefini ba\u015far\u0131ya ula\u015ft\u0131rmakt\u0131r. B\u00f6ylece gen\u00e7lerimize \u00e7ok daha b\u00fcy\u00fck vizyonlar\u0131 hayata ge\u00e7irebilecekleri b\u00fcy\u00fck g\u00fc\u00e7l\u00fc, m\u00fcreffeh bir \u00fclke emanet edece\u011fiz.<\/p>\n<h3>&#8220;\u0130SRA\u0130L Y\u00d6NET\u0130M\u0130 KAT\u0130LD\u0130R&#8221;<\/h3>\n<p>Netanyahu y\u00f6netimi ile an\u0131lmak bile ba\u015fl\u0131 ba\u015f\u0131na a\u011f\u0131r bir cezad\u0131r utan\u0131lacak bir ay\u0131pt\u0131r. \u0130srail y\u00f6netimi katildir.<\/p>\n<h3>&#8220;\u0130SRA\u0130L Y\u00d6NET\u0130M\u0130 HIRSIZDIR&#8221;<\/h3>\n<p>Olup bitenleri g\u00f6rd\u00fc\u011f\u00fc halde kafas\u0131n\u0131 eviren kalbi ta\u015fla\u015fm\u0131\u015f akl\u0131n\u0131 Siyonistlere kiraya vermi\u015f herkes bu zulme ortakt\u0131r. \u0130srail y\u00f6netimi h\u0131rs\u0131zd\u0131r.<\/p>\n<p>Milyonlarca masum insana ter\u00f6rist yaftas\u0131 vurarak katletmek i\u00e7in yalan \u00fcst\u00fcne yalan s\u00f6yleyen \u0130srail y\u00f6netimine bu cesareti ve yalanlar\u0131 pe\u015finen kabul edip tekrarlayanlar vermektedir.<\/p>\n<h3>&#8220;HAMAS&#8217;A TER\u00d6R \u00d6RG\u00dcT\u00dc \u0130FT\u0130RASI ATAN \u0130SRA\u0130L MUH\u0130PLER\u0130NE ALDIRMAYIN&#8221;<\/h3>\n<p>Bu \u00fclkede siyaset yapt\u0131\u011f\u0131 halde \u00e7\u0131k\u0131p utanmadan Hamas&#8217;a ter\u00f6r \u00f6rg\u00fct\u00fc iftiras\u0131 atan \u0130srail muhiplerine asla ve asla ald\u0131rmay\u0131n. Bunlar katil \u0130srail&#8217;e selam \u00e7akarak siyasi ikballerini garantiye alacaklar\u0131n\u0131 d\u00fc\u015f\u00fcnen kifayetsiz muhterislerdir.<\/p>\n<p>Hamas bir \u00f6rg\u00fct de\u011fildir. E\u011fer \u00f6yle olsayd\u0131 bunlar avukatl\u0131\u011f\u0131n\u0131 kimseye b\u0131rakmazd\u0131. Hamas, topraklar\u0131n\u0131 savunan bir direni\u015f hareketidir.<\/p>\n<h3>&#8220;ABD VE AVRUPA \u00c7OCUK KAT\u0130LLER\u0130N\u0130N HAM\u0130S\u0130 OLARAK TAR\u0130HE KAYDOLMU\u015eLARDIR&#8221;<\/h3>\n<p>\u0130srail&#8217;e cesaret ve destek veren Amerika ve Avrupa devletleri, tarihe kad\u0131n ve \u00e7ocuk katillerinin hamisi olarak kaydolmu\u015flard\u0131r.<\/p>\n<h3>&#8220;HER G\u00dcN GAZZE&#8217;YE REFAH&#8217;TAN KIZILAY TIR&#8217;LARI G\u0130R\u0130YOR&#8221;<\/h3>\n<p>M\u0131s\u0131r ve \u00dcrd\u00fcn \u00fczerinden b\u00f6lgeye yard\u0131m ula\u015ft\u0131rmak i\u00e7in yo\u011fun gayret g\u00f6steriyoruz. Bug\u00fcne kadar 37 bin tondan fazla insani yard\u0131m malzemesini u\u00e7aklarla ve gemilerle b\u00f6lgeye ula\u015ft\u0131rd\u0131k. Refah&#8217;tan K\u0131z\u0131lay t\u0131rlar\u0131 her g\u00fcn Gazze&#8217;ye giriyor. Ramazan ay\u0131nda Gazze&#8217;ye yard\u0131mlar\u0131 daha da artt\u0131raca\u011f\u0131z.<\/p>\n","protected":false},"excerpt":{"rendered":"<p>\u0130\u015fte Cumhurba\u015fkan\u0131 Erdo\u011fan&#8217;\u0131n a\u00e7\u0131klamalar\u0131ndan sat\u0131r ba\u015flar\u0131: &#8220;T\u00dcGVA ailesi her alanda dal budak sal\u0131yor. \u015eimdi bu \u00e7elik iradeyi daha da y\u00fckseltme vaktidir. Her g\u00fcn yeniden do\u011farak T\u00fcrkiye Y\u00fczy\u0131l\u0131 y\u00fcr\u00fcy\u00fc\u015f\u00fcm\u00fcz\u00fc kesintisiz s\u00fcrd\u00fcrece\u011fiz. &#8220;CUMHUR\u0130YET\u0130M\u0130Z\u0130N \u0130K\u0130NC\u0130 ASRINA DAMGA VURACA\u011eIZ&#8221; Gen\u00e7lerimizin hem manevi, hem ruhani geli\u015fimine destek olarak Cumhuriyetimizin ikinci asr\u0131na damgam\u0131z\u0131 vuraca\u011f\u0131z. Medeniyetimizi ihya ederek bir b\u00fcy\u00fck at\u0131l\u0131m\u0131 beraberce<\/p>\n","protected":false},"author":1,"featured_media":33281,"comment_status":"open","ping_status":"open","sticky":false,"template":"","format":"standard","meta":{"footnotes":""},"categories":[85],"tags":[],"class_list":["post-33280","post","type-post","status-publish","format-standard","has-post-thumbnail","hentry","category-spor"],"yoast_head":"<!-- This site is optimized with the Yoast SEO plugin v27.5 - https:\/\/yoast.com\/product\/yoast-seo-wordpress\/ -->\n<title>Cumhurba\u015fkan\u0131 Erdo\u011fan&#039;dan sert s\u00f6zler: \u0130srail y\u00f6netimi katildir h\u0131rs\u0131zd\u0131r -<\/title>\n<meta name=\"robots\" content=\"index, follow, max-snippet:-1, max-image-preview:large, max-video-preview:-1\" \/>\n<link rel=\"canonical\" href=\"https:\/\/kibrisdakik.com\/?p=33280\" \/>\n<meta property=\"og:locale\" content=\"tr_TR\" \/>\n<meta property=\"og:type\" content=\"article\" \/>\n<meta property=\"og:title\" content=\"Cumhurba\u015fkan\u0131 Erdo\u011fan&#039;dan sert s\u00f6zler: \u0130srail y\u00f6netimi katildir h\u0131rs\u0131zd\u0131r -\" \/>\n<meta property=\"og:description\" content=\"\u0130\u015fte Cumhurba\u015fkan\u0131 Erdo\u011fan&#8217;\u0131n a\u00e7\u0131klamalar\u0131ndan sat\u0131r ba\u015flar\u0131: &#8220;T\u00dcGVA ailesi her alanda dal budak sal\u0131yor. \u015eimdi bu \u00e7elik iradeyi daha da y\u00fckseltme vaktidir. Her g\u00fcn yeniden do\u011farak T\u00fcrkiye Y\u00fczy\u0131l\u0131 y\u00fcr\u00fcy\u00fc\u015f\u00fcm\u00fcz\u00fc kesintisiz s\u00fcrd\u00fcrece\u011fiz. &#8220;CUMHUR\u0130YET\u0130M\u0130Z\u0130N \u0130K\u0130NC\u0130 ASRINA DAMGA VURACA\u011eIZ&#8221; Gen\u00e7lerimizin hem manevi, hem ruhani geli\u015fimine destek olarak Cumhuriyetimizin ikinci asr\u0131na damgam\u0131z\u0131 vuraca\u011f\u0131z. Medeniyetimizi ihya ederek bir b\u00fcy\u00fck at\u0131l\u0131m\u0131 beraberce\" \/>\n<meta property=\"og:url\" content=\"https:\/\/kibrisdakik.com\/?p=33280\" \/>\n<meta property=\"article:published_time\" content=\"2024-03-08T16:37:06+00:00\" \/>\n<meta property=\"og:image\" content=\"https:\/\/kibrisdakik.com\/wp-content\/uploads\/2024\/03\/cumhurbaskani-erdogandan-sert-sozler-israil-yonetimi-katildir-hirsizdir-17099115004449_1-740x420.jpg\" \/>\n\t<meta property=\"og:image:width\" content=\"1280\" \/>\n\t<meta property=\"og:image:height\" content=\"720\" \/>\n\t<meta property=\"og:image:type\" content=\"image\/jpeg\" \/>\n<meta name=\"author\" content=\"admin\" \/>\n<meta name=\"twitter:card\" content=\"summary_large_image\" \/>\n<meta name=\"twitter:label1\" content=\"Yazan:\" \/>\n\t<meta name=\"twitter:data1\" content=\"admin\" \/>\n\t<meta name=\"twitter:label2\" content=\"Tahmini okuma s\u00fcresi\" \/>\n\t<meta name=\"twitter:data2\" content=\"4 dakika\" \/>\n<script type=\"application\/ld+json\" class=\"yoast-schema-graph\">{\"@context\":\"https:\\\/\\\/schema.org\",\"@graph\":[{\"@type\":\"Article\",\"@id\":\"https:\\\/\\\/kibrisdakik.com\\\/?p=33280#article\",\"isPartOf\":{\"@id\":\"https:\\\/\\\/kibrisdakik.com\\\/?p=33280\"},\"author\":{\"name\":\"admin\",\"@id\":\"https:\\\/\\\/kibrisdakik.com\\\/#\\\/schema\\\/person\\\/9cd9d437bbb44f72b73ba127e06d8e79\"},\"headline\":\"Cumhurba\u015fkan\u0131 Erdo\u011fan&#039;dan sert s\u00f6zler: \u0130srail y\u00f6netimi katildir h\u0131rs\u0131zd\u0131r\",\"datePublished\":\"2024-03-08T16:37:06+00:00\",\"mainEntityOfPage\":{\"@id\":\"https:\\\/\\\/kibrisdakik.com\\\/?p=33280\"},\"wordCount\":721,\"commentCount\":0,\"image\":{\"@id\":\"https:\\\/\\\/kibrisdakik.com\\\/?p=33280#primaryimage\"},\"thumbnailUrl\":\"https:\\\/\\\/kibrisdakik.com\\\/wp-content\\\/uploads\\\/2024\\\/03\\\/cumhurbaskani-erdogandan-sert-sozler-israil-yonetimi-katildir-hirsizdir-17099115004449_1-740x420.jpg\",\"articleSection\":[\"Spor\"],\"inLanguage\":\"tr\",\"potentialAction\":[{\"@type\":\"CommentAction\",\"name\":\"Comment\",\"target\":[\"https:\\\/\\\/kibrisdakik.com\\\/?p=33280#respond\"]}]},{\"@type\":\"WebPage\",\"@id\":\"https:\\\/\\\/kibrisdakik.com\\\/?p=33280\",\"url\":\"https:\\\/\\\/kibrisdakik.com\\\/?p=33280\",\"name\":\"Cumhurba\u015fkan\u0131 Erdo\u011fan&#039;dan sert s\u00f6zler: \u0130srail y\u00f6netimi katildir h\u0131rs\u0131zd\u0131r -\",\"isPartOf\":{\"@id\":\"https:\\\/\\\/kibrisdakik.com\\\/#website\"},\"primaryImageOfPage\":{\"@id\":\"https:\\\/\\\/kibrisdakik.com\\\/?p=33280#primaryimage\"},\"image\":{\"@id\":\"https:\\\/\\\/kibrisdakik.com\\\/?p=33280#primaryimage\"},\"thumbnailUrl\":\"https:\\\/\\\/kibrisdakik.com\\\/wp-content\\\/uploads\\\/2024\\\/03\\\/cumhurbaskani-erdogandan-sert-sozler-israil-yonetimi-katildir-hirsizdir-17099115004449_1-740x420.jpg\",\"datePublished\":\"2024-03-08T16:37:06+00:00\",\"author\":{\"@id\":\"https:\\\/\\\/kibrisdakik.com\\\/#\\\/schema\\\/person\\\/9cd9d437bbb44f72b73ba127e06d8e79\"},\"breadcrumb\":{\"@id\":\"https:\\\/\\\/kibrisdakik.com\\\/?p=33280#breadcrumb\"},\"inLanguage\":\"tr\",\"potentialAction\":[{\"@type\":\"ReadAction\",\"target\":[\"https:\\\/\\\/kibrisdakik.com\\\/?p=33280\"]}]},{\"@type\":\"ImageObject\",\"inLanguage\":\"tr\",\"@id\":\"https:\\\/\\\/kibrisdakik.com\\\/?p=33280#primaryimage\",\"url\":\"https:\\\/\\\/kibrisdakik.com\\\/wp-content\\\/uploads\\\/2024\\\/03\\\/cumhurbaskani-erdogandan-sert-sozler-israil-yonetimi-katildir-hirsizdir-17099115004449_1-740x420.jpg\",\"contentUrl\":\"https:\\\/\\\/kibrisdakik.com\\\/wp-content\\\/uploads\\\/2024\\\/03\\\/cumhurbaskani-erdogandan-sert-sozler-israil-yonetimi-katildir-hirsizdir-17099115004449_1-740x420.jpg\",\"width\":1280,\"height\":720},{\"@type\":\"BreadcrumbList\",\"@id\":\"https:\\\/\\\/kibrisdakik.com\\\/?p=33280#breadcrumb\",\"itemListElement\":[{\"@type\":\"ListItem\",\"position\":1,\"name\":\"Home\",\"item\":\"https:\\\/\\\/kibrisdakik.com\\\/\"},{\"@type\":\"ListItem\",\"position\":2,\"name\":\"Cumhurba\u015fkan\u0131 Erdo\u011fan&#039;dan sert s\u00f6zler: \u0130srail y\u00f6netimi katildir h\u0131rs\u0131zd\u0131r\"}]},{\"@type\":\"WebSite\",\"@id\":\"https:\\\/\\\/kibrisdakik.com\\\/#website\",\"url\":\"https:\\\/\\\/kibrisdakik.com\\\/\",\"name\":\"\",\"description\":\"Tam vaktinde haber\",\"potentialAction\":[{\"@type\":\"SearchAction\",\"target\":{\"@type\":\"EntryPoint\",\"urlTemplate\":\"https:\\\/\\\/kibrisdakik.com\\\/?s={search_term_string}\"},\"query-input\":{\"@type\":\"PropertyValueSpecification\",\"valueRequired\":true,\"valueName\":\"search_term_string\"}}],\"inLanguage\":\"tr\"},{\"@type\":\"Person\",\"@id\":\"https:\\\/\\\/kibrisdakik.com\\\/#\\\/schema\\\/person\\\/9cd9d437bbb44f72b73ba127e06d8e79\",\"name\":\"admin\",\"image\":{\"@type\":\"ImageObject\",\"inLanguage\":\"tr\",\"@id\":\"https:\\\/\\\/secure.gravatar.com\\\/avatar\\\/ccc17943b9d660506c869530f897617f7cb1c21a4bf30023f252596d83e1f007?s=96&d=mm&r=g\",\"url\":\"https:\\\/\\\/secure.gravatar.com\\\/avatar\\\/ccc17943b9d660506c869530f897617f7cb1c21a4bf30023f252596d83e1f007?s=96&d=mm&r=g\",\"contentUrl\":\"https:\\\/\\\/secure.gravatar.com\\\/avatar\\\/ccc17943b9d660506c869530f897617f7cb1c21a4bf30023f252596d83e1f007?s=96&d=mm&r=g\",\"caption\":\"admin\"},\"sameAs\":[\"https:\\\/\\\/kibrisdakik.com\"],\"url\":\"https:\\\/\\\/kibrisdakik.com\\\/?author=1\"}]}<\/script>\n<!-- \/ Yoast SEO plugin. -->","yoast_head_json":{"title":"Cumhurba\u015fkan\u0131 Erdo\u011fan&#039;dan sert s\u00f6zler: \u0130srail y\u00f6netimi katildir h\u0131rs\u0131zd\u0131r -","robots":{"index":"index","follow":"follow","max-snippet":"max-snippet:-1","max-image-preview":"max-image-preview:large","max-video-preview":"max-video-preview:-1"},"canonical":"https:\/\/kibrisdakik.com\/?p=33280","og_locale":"tr_TR","og_type":"article","og_title":"Cumhurba\u015fkan\u0131 Erdo\u011fan&#039;dan sert s\u00f6zler: \u0130srail y\u00f6netimi katildir h\u0131rs\u0131zd\u0131r -","og_description":"\u0130\u015fte Cumhurba\u015fkan\u0131 Erdo\u011fan&#8217;\u0131n a\u00e7\u0131klamalar\u0131ndan sat\u0131r ba\u015flar\u0131: &#8220;T\u00dcGVA ailesi her alanda dal budak sal\u0131yor. \u015eimdi bu \u00e7elik iradeyi daha da y\u00fckseltme vaktidir. Her g\u00fcn yeniden do\u011farak T\u00fcrkiye Y\u00fczy\u0131l\u0131 y\u00fcr\u00fcy\u00fc\u015f\u00fcm\u00fcz\u00fc kesintisiz s\u00fcrd\u00fcrece\u011fiz. &#8220;CUMHUR\u0130YET\u0130M\u0130Z\u0130N \u0130K\u0130NC\u0130 ASRINA DAMGA VURACA\u011eIZ&#8221; Gen\u00e7lerimizin hem manevi, hem ruhani geli\u015fimine destek olarak Cumhuriyetimizin ikinci asr\u0131na damgam\u0131z\u0131 vuraca\u011f\u0131z. Medeniyetimizi ihya ederek bir b\u00fcy\u00fck at\u0131l\u0131m\u0131 beraberce","og_url":"https:\/\/kibrisdakik.com\/?p=33280","article_published_time":"2024-03-08T16:37:06+00:00","og_image":[{"width":1280,"height":720,"url":"https:\/\/kibrisdakik.com\/wp-content\/uploads\/2024\/03\/cumhurbaskani-erdogandan-sert-sozler-israil-yonetimi-katildir-hirsizdir-17099115004449_1-740x420.jpg","type":"image\/jpeg"}],"author":"admin","twitter_card":"summary_large_image","twitter_misc":{"Yazan:":"admin","Tahmini okuma s\u00fcresi":"4 dakika"},"schema":{"@context":"https:\/\/schema.org","@graph":[{"@type":"Article","@id":"https:\/\/kibrisdakik.com\/?p=33280#article","isPartOf":{"@id":"https:\/\/kibrisdakik.com\/?p=33280"},"author":{"name":"admin","@id":"https:\/\/kibrisdakik.com\/#\/schema\/person\/9cd9d437bbb44f72b73ba127e06d8e79"},"headline":"Cumhurba\u015fkan\u0131 Erdo\u011fan&#039;dan sert s\u00f6zler: \u0130srail y\u00f6netimi katildir h\u0131rs\u0131zd\u0131r","datePublished":"2024-03-08T16:37:06+00:00","mainEntityOfPage":{"@id":"https:\/\/kibrisdakik.com\/?p=33280"},"wordCount":721,"commentCount":0,"image":{"@id":"https:\/\/kibrisdakik.com\/?p=33280#primaryimage"},"thumbnailUrl":"https:\/\/kibrisdakik.com\/wp-content\/uploads\/2024\/03\/cumhurbaskani-erdogandan-sert-sozler-israil-yonetimi-katildir-hirsizdir-17099115004449_1-740x420.jpg","articleSection":["Spor"],"inLanguage":"tr","potentialAction":[{"@type":"CommentAction","name":"Comment","target":["https:\/\/kibrisdakik.com\/?p=33280#respond"]}]},{"@type":"WebPage","@id":"https:\/\/kibrisdakik.com\/?p=33280","url":"https:\/\/kibrisdakik.com\/?p=33280","name":"Cumhurba\u015fkan\u0131 Erdo\u011fan&#039;dan sert s\u00f6zler: \u0130srail y\u00f6netimi katildir h\u0131rs\u0131zd\u0131r -","isPartOf":{"@id":"https:\/\/kibrisdakik.com\/#website"},"primaryImageOfPage":{"@id":"https:\/\/kibrisdakik.com\/?p=33280#primaryimage"},"image":{"@id":"https:\/\/kibrisdakik.com\/?p=33280#primaryimage"},"thumbnailUrl":"https:\/\/kibrisdakik.com\/wp-content\/uploads\/2024\/03\/cumhurbaskani-erdogandan-sert-sozler-israil-yonetimi-katildir-hirsizdir-17099115004449_1-740x420.jpg","datePublished":"2024-03-08T16:37:06+00:00","author":{"@id":"https:\/\/kibrisdakik.com\/#\/schema\/person\/9cd9d437bbb44f72b73ba127e06d8e79"},"breadcrumb":{"@id":"https:\/\/kibrisdakik.com\/?p=33280#breadcrumb"},"inLanguage":"tr","potentialAction":[{"@type":"ReadAction","target":["https:\/\/kibrisdakik.com\/?p=33280"]}]},{"@type":"ImageObject","inLanguage":"tr","@id":"https:\/\/kibrisdakik.com\/?p=33280#primaryimage","url":"https:\/\/kibrisdakik.com\/wp-content\/uploads\/2024\/03\/cumhurbaskani-erdogandan-sert-sozler-israil-yonetimi-katildir-hirsizdir-17099115004449_1-740x420.jpg","contentUrl":"https:\/\/kibrisdakik.com\/wp-content\/uploads\/2024\/03\/cumhurbaskani-erdogandan-sert-sozler-israil-yonetimi-katildir-hirsizdir-17099115004449_1-740x420.jpg","width":1280,"height":720},{"@type":"BreadcrumbList","@id":"https:\/\/kibrisdakik.com\/?p=33280#breadcrumb","itemListElement":[{"@type":"ListItem","position":1,"name":"Home","item":"https:\/\/kibrisdakik.com\/"},{"@type":"ListItem","position":2,"name":"Cumhurba\u015fkan\u0131 Erdo\u011fan&#039;dan sert s\u00f6zler: \u0130srail y\u00f6netimi katildir h\u0131rs\u0131zd\u0131r"}]},{"@type":"WebSite","@id":"https:\/\/kibrisdakik.com\/#website","url":"https:\/\/kibrisdakik.com\/","name":"","description":"Tam vaktinde haber","potentialAction":[{"@type":"SearchAction","target":{"@type":"EntryPoint","urlTemplate":"https:\/\/kibrisdakik.com\/?s={search_term_string}"},"query-input":{"@type":"PropertyValueSpecification","valueRequired":true,"valueName":"search_term_string"}}],"inLanguage":"tr"},{"@type":"Person","@id":"https:\/\/kibrisdakik.com\/#\/schema\/person\/9cd9d437bbb44f72b73ba127e06d8e79","name":"admin","image":{"@type":"ImageObject","inLanguage":"tr","@id":"https:\/\/secure.gravatar.com\/avatar\/ccc17943b9d660506c869530f897617f7cb1c21a4bf30023f252596d83e1f007?s=96&d=mm&r=g","url":"https:\/\/secure.gravatar.com\/avatar\/ccc17943b9d660506c869530f897617f7cb1c21a4bf30023f252596d83e1f007?s=96&d=mm&r=g","contentUrl":"https:\/\/secure.gravatar.com\/avatar\/ccc17943b9d660506c869530f897617f7cb1c21a4bf30023f252596d83e1f007?s=96&d=mm&r=g","caption":"admin"},"sameAs":["https:\/\/kibrisdakik.com"],"url":"https:\/\/kibrisdakik.com\/?author=1"}]}},"_links":{"self":[{"href":"https:\/\/kibrisdakik.com\/index.php?rest_route=\/wp\/v2\/posts\/33280","targetHints":{"allow":["GET"]}}],"collection":[{"href":"https:\/\/kibrisdakik.com\/index.php?rest_route=\/wp\/v2\/posts"}],"about":[{"href":"https:\/\/kibrisdakik.com\/index.php?rest_route=\/wp\/v2\/types\/post"}],"author":[{"embeddable":true,"href":"https:\/\/kibrisdakik.com\/index.php?rest_route=\/wp\/v2\/users\/1"}],"replies":[{"embeddable":true,"href":"https:\/\/kibrisdakik.com\/index.php?rest_route=%2Fwp%2Fv2%2Fcomments&post=33280"}],"version-history":[{"count":0,"href":"https:\/\/kibrisdakik.com\/index.php?rest_route=\/wp\/v2\/posts\/33280\/revisions"}],"wp:featuredmedia":[{"embeddable":true,"href":"https:\/\/kibrisdakik.com\/index.php?rest_route=\/wp\/v2\/media\/33281"}],"wp:attachment":[{"href":"https:\/\/kibrisdakik.com\/index.php?rest_route=%2Fwp%2Fv2%2Fmedia&parent=33280"}],"wp:term":[{"taxonomy":"category","embeddable":true,"href":"https:\/\/kibrisdakik.com\/index.php?rest_route=%2Fwp%2Fv2%2Fcategories&post=33280"},{"taxonomy":"post_tag","embeddable":true,"href":"https:\/\/kibrisdakik.com\/index.php?rest_route=%2Fwp%2Fv2%2Ftags&post=33280"}],"curies":[{"name":"wp","href":"https:\/\/api.w.org\/{rel}","templated":true}]}}