{"id":33286,"date":"2024-03-08T17:37:50","date_gmt":"2024-03-08T17:37:50","guid":{"rendered":"https:\/\/kibrisdakik.com\/index.php\/2024\/03\/08\/kktc-londra-temsilcisi-keskin-kadinlar-gunu-etkinligine-katildi\/"},"modified":"2024-03-08T17:37:50","modified_gmt":"2024-03-08T17:37:50","slug":"kktc-londra-temsilcisi-keskin-kadinlar-gunu-etkinligine-katildi","status":"publish","type":"post","link":"https:\/\/kibrisdakik.com\/?p=33286","title":{"rendered":"KKTC Londra Temsilcisi Keskin Kad\u0131nlar G\u00fcn\u00fc etkinli\u011fine kat\u0131ld\u0131"},"content":{"rendered":"<p><img decoding=\"async\" src=\"https:\/\/www.kibristurk.com\/images\/haberler\/2024\/03\/kktc-londra-temsilcisi-keskin-kadinlar-gunu-etkinligine-katildi-1709918728.webp\" \/><\/p>\n<p style=\"text-align:justify\"><span style=\"font-size:16px\"><span style=\"font-family:Merriweather,serif !important\"><span style=\"color:#000000\"><span style=\"background-color:#ffffff\">KKTC Londra Temsilcili\u011finden yap\u0131lan a\u00e7\u0131klamaya g\u00f6re, Keskin, etkinlikte yapt\u0131\u011f\u0131 konu\u015fmada, bu y\u0131l 8 Mart D\u00fcnya Kad\u0131nlar G\u00fcn\u00fc\u2019n\u00fcn Filistin ba\u015fta olmak \u00fczere, d\u00fcnyan\u0131n farkl\u0131 co\u011frafyalar\u0131nda devam eden sava\u015flar\u0131n karanl\u0131k g\u00f6lgesi alt\u0131nda kar\u015f\u0131land\u0131\u011f\u0131n\u0131, sava\u015flarda en \u00e7ok kad\u0131nlar\u0131n ve \u00e7ocuklar\u0131n ma\u011fdur oldu\u011funu belirterek, bu kabul edilemez zul\u00fcm&nbsp;ve s\u00fcrd\u00fcr\u00fclemez durum kar\u015f\u0131s\u0131nda t\u00fcm devletlerin ve uluslararas\u0131 mekanizmalar\u0131n&nbsp; daha fazla gecikmeksizin inisiyatif almas\u0131n\u0131n elzem oldu\u011funa vurgu yapt\u0131.<\/span><\/span><\/span><\/span><\/p>\n<p style=\"text-align:justify\"><span style=\"font-size:16px\"><span style=\"font-family:Merriweather,serif !important\"><span style=\"color:#000000\"><span style=\"background-color:#ffffff\">8 Mart D\u00fcnya Kad\u0131nlar G\u00fcn\u00fc\u2019n\u00fcn, kad\u0131nlar\u0131n sosyal, ekonomik, k\u00fclt\u00fcrel ve siyasi ba\u015far\u0131lar\u0131n\u0131n kutland\u0131\u011f\u0131, ayn\u0131 zamanda kad\u0131n haklar\u0131 ve e\u015fitlik m\u00fccadelesine olan ba\u011fl\u0131l\u0131\u011f\u0131n yeniden vurguland\u0131\u011f\u0131 \u00f6nemli bir g\u00fcn oldu\u011funu kaydeden Keskin, K\u0131br\u0131s T\u00fcrk kad\u0131n\u0131n\u0131n ge\u00e7mi\u015ften bug\u00fcne, &nbsp;toplumsal varolu\u015f ve egemenlik m\u00fccadelesinde ve devletin geli\u015fmesinde, erkeklerle omuz omuza her safhada g\u00f6rev ald\u0131\u011f\u0131n\u0131 ve kad\u0131nlar\u0131n m\u00fccadeleci ruhunun toplumun geli\u015fmesine \u00f6nemli de\u011fer katt\u0131\u011f\u0131n\u0131 s\u00f6yledi.<\/span><\/span><\/span><\/span><\/p>\n<p style=\"text-align:justify\"><span style=\"font-size:16px\"><span style=\"font-family:Merriweather,serif !important\"><span style=\"color:#000000\"><span style=\"background-color:#ffffff\">Keskin ayr\u0131ca, \u0130ngiltere K\u0131br\u0131s T\u00fcrk toplumunun k\u00f6kl\u00fc kurulu\u015flar\u0131n\u0131n ba\u015f\u0131nda gelen \u0130ngiltere T\u00fcrk Kad\u0131nlar\u0131 Yard\u0131m Derne\u011finin, kad\u0131nlar\u0131n bir araya gelerek ba\u015farabileceklerini g\u00f6stermesi a\u00e7\u0131s\u0131ndan \u00f6nemli ve takdir edilesi bir \u00f6rnek olarak 53 y\u0131ld\u0131r ba\u015far\u0131yla yoluna devam etti\u011fini kaydederek, \u00f6nemli projeleri hayata ge\u00e7irmek i\u00e7in b\u00fcy\u00fck gayret ortaya koyan TWPA\u2019n\u0131n gelmi\u015f ge\u00e7mi\u015f t\u00fcm ba\u015fkan ve \u00fcyelerini kutlad\u0131.<\/span><\/span><\/span><\/span><\/p>\n<p style=\"text-align:justify\"><span style=\"font-size:16px\"><span style=\"font-family:Merriweather,serif !important\"><span style=\"color:#000000\"><span style=\"background-color:#ffffff\">Etkinlikte, TWPA taraf\u0131ndan \u201cY\u0131l\u0131n Annesi\u201d olarak belirlenen Enfield Belediyesi eski mMeclis \u00fcyelerinden Yasemin Brett\u2019e \u00f6d\u00fcl\u00fc KKTC Londra Temsilcisi B\u00fcy\u00fckel\u00e7i Keskin taraf\u0131ndan verildi.<\/span><\/span><\/span><\/span><\/p>\n","protected":false},"excerpt":{"rendered":"<p>KKTC Londra Temsilcili\u011finden yap\u0131lan a\u00e7\u0131klamaya g\u00f6re, Keskin, etkinlikte yapt\u0131\u011f\u0131 konu\u015fmada, bu y\u0131l 8 Mart D\u00fcnya Kad\u0131nlar G\u00fcn\u00fc\u2019n\u00fcn Filistin ba\u015fta olmak \u00fczere, d\u00fcnyan\u0131n farkl\u0131 co\u011frafyalar\u0131nda devam eden sava\u015flar\u0131n karanl\u0131k g\u00f6lgesi alt\u0131nda kar\u015f\u0131land\u0131\u011f\u0131n\u0131, sava\u015flarda en \u00e7ok kad\u0131nlar\u0131n ve \u00e7ocuklar\u0131n ma\u011fdur oldu\u011funu belirterek, bu kabul edilemez zul\u00fcm&nbsp;ve s\u00fcrd\u00fcr\u00fclemez durum kar\u015f\u0131s\u0131nda t\u00fcm devletlerin ve uluslararas\u0131 mekanizmalar\u0131n&nbsp; daha fazla gecikmeksizin<\/p>\n","protected":false},"author":1,"featured_media":33287,"comment_status":"open","ping_status":"open","sticky":false,"template":"","format":"standard","meta":{"footnotes":""},"categories":[85],"tags":[],"class_list":["post-33286","post","type-post","status-publish","format-standard","has-post-thumbnail","hentry","category-spor"],"yoast_head":"<!-- This site is optimized with the Yoast SEO plugin v27.4 - https:\/\/yoast.com\/product\/yoast-seo-wordpress\/ -->\n<title>KKTC Londra Temsilcisi Keskin Kad\u0131nlar G\u00fcn\u00fc etkinli\u011fine kat\u0131ld\u0131 -<\/title>\n<meta name=\"robots\" content=\"index, follow, max-snippet:-1, max-image-preview:large, max-video-preview:-1\" \/>\n<link rel=\"canonical\" href=\"https:\/\/kibrisdakik.com\/?p=33286\" \/>\n<meta property=\"og:locale\" content=\"tr_TR\" \/>\n<meta property=\"og:type\" content=\"article\" \/>\n<meta property=\"og:title\" content=\"KKTC Londra Temsilcisi Keskin Kad\u0131nlar G\u00fcn\u00fc etkinli\u011fine kat\u0131ld\u0131 -\" \/>\n<meta property=\"og:description\" content=\"KKTC Londra Temsilcili\u011finden yap\u0131lan a\u00e7\u0131klamaya g\u00f6re, Keskin, etkinlikte yapt\u0131\u011f\u0131 konu\u015fmada, bu y\u0131l 8 Mart D\u00fcnya Kad\u0131nlar G\u00fcn\u00fc\u2019n\u00fcn Filistin ba\u015fta olmak \u00fczere, d\u00fcnyan\u0131n farkl\u0131 co\u011frafyalar\u0131nda devam eden sava\u015flar\u0131n karanl\u0131k g\u00f6lgesi alt\u0131nda kar\u015f\u0131land\u0131\u011f\u0131n\u0131, sava\u015flarda en \u00e7ok kad\u0131nlar\u0131n ve \u00e7ocuklar\u0131n ma\u011fdur oldu\u011funu belirterek, bu kabul edilemez zul\u00fcm&nbsp;ve s\u00fcrd\u00fcr\u00fclemez durum kar\u015f\u0131s\u0131nda t\u00fcm devletlerin ve uluslararas\u0131 mekanizmalar\u0131n&nbsp; daha fazla gecikmeksizin\" \/>\n<meta property=\"og:url\" content=\"https:\/\/kibrisdakik.com\/?p=33286\" \/>\n<meta property=\"article:published_time\" content=\"2024-03-08T17:37:50+00:00\" \/>\n<meta property=\"og:image\" content=\"https:\/\/kibrisdakik.com\/wp-content\/uploads\/2024\/03\/kktc-londra-temsilcisi-keskin-kadinlar-gunu-etkinligine-katildi-1709918728.webp.webp\" \/>\n\t<meta property=\"og:image:width\" content=\"710\" \/>\n\t<meta property=\"og:image:height\" content=\"370\" \/>\n\t<meta property=\"og:image:type\" content=\"image\/webp\" \/>\n<meta name=\"author\" content=\"admin\" \/>\n<meta name=\"twitter:card\" content=\"summary_large_image\" \/>\n<meta name=\"twitter:label1\" content=\"Yazan:\" \/>\n\t<meta name=\"twitter:data1\" content=\"admin\" \/>\n\t<meta name=\"twitter:label2\" content=\"Tahmini okuma s\u00fcresi\" \/>\n\t<meta name=\"twitter:data2\" content=\"2 dakika\" \/>\n<script type=\"application\/ld+json\" class=\"yoast-schema-graph\">{\"@context\":\"https:\\\/\\\/schema.org\",\"@graph\":[{\"@type\":\"Article\",\"@id\":\"https:\\\/\\\/kibrisdakik.com\\\/?p=33286#article\",\"isPartOf\":{\"@id\":\"https:\\\/\\\/kibrisdakik.com\\\/?p=33286\"},\"author\":{\"name\":\"admin\",\"@id\":\"https:\\\/\\\/kibrisdakik.com\\\/#\\\/schema\\\/person\\\/9cd9d437bbb44f72b73ba127e06d8e79\"},\"headline\":\"KKTC Londra Temsilcisi Keskin Kad\u0131nlar G\u00fcn\u00fc etkinli\u011fine kat\u0131ld\u0131\",\"datePublished\":\"2024-03-08T17:37:50+00:00\",\"mainEntityOfPage\":{\"@id\":\"https:\\\/\\\/kibrisdakik.com\\\/?p=33286\"},\"wordCount\":332,\"commentCount\":0,\"image\":{\"@id\":\"https:\\\/\\\/kibrisdakik.com\\\/?p=33286#primaryimage\"},\"thumbnailUrl\":\"https:\\\/\\\/kibrisdakik.com\\\/wp-content\\\/uploads\\\/2024\\\/03\\\/kktc-londra-temsilcisi-keskin-kadinlar-gunu-etkinligine-katildi-1709918728.webp.webp\",\"articleSection\":[\"Spor\"],\"inLanguage\":\"tr\",\"potentialAction\":[{\"@type\":\"CommentAction\",\"name\":\"Comment\",\"target\":[\"https:\\\/\\\/kibrisdakik.com\\\/?p=33286#respond\"]}]},{\"@type\":\"WebPage\",\"@id\":\"https:\\\/\\\/kibrisdakik.com\\\/?p=33286\",\"url\":\"https:\\\/\\\/kibrisdakik.com\\\/?p=33286\",\"name\":\"KKTC Londra Temsilcisi Keskin Kad\u0131nlar G\u00fcn\u00fc etkinli\u011fine kat\u0131ld\u0131 -\",\"isPartOf\":{\"@id\":\"https:\\\/\\\/kibrisdakik.com\\\/#website\"},\"primaryImageOfPage\":{\"@id\":\"https:\\\/\\\/kibrisdakik.com\\\/?p=33286#primaryimage\"},\"image\":{\"@id\":\"https:\\\/\\\/kibrisdakik.com\\\/?p=33286#primaryimage\"},\"thumbnailUrl\":\"https:\\\/\\\/kibrisdakik.com\\\/wp-content\\\/uploads\\\/2024\\\/03\\\/kktc-londra-temsilcisi-keskin-kadinlar-gunu-etkinligine-katildi-1709918728.webp.webp\",\"datePublished\":\"2024-03-08T17:37:50+00:00\",\"author\":{\"@id\":\"https:\\\/\\\/kibrisdakik.com\\\/#\\\/schema\\\/person\\\/9cd9d437bbb44f72b73ba127e06d8e79\"},\"breadcrumb\":{\"@id\":\"https:\\\/\\\/kibrisdakik.com\\\/?p=33286#breadcrumb\"},\"inLanguage\":\"tr\",\"potentialAction\":[{\"@type\":\"ReadAction\",\"target\":[\"https:\\\/\\\/kibrisdakik.com\\\/?p=33286\"]}]},{\"@type\":\"ImageObject\",\"inLanguage\":\"tr\",\"@id\":\"https:\\\/\\\/kibrisdakik.com\\\/?p=33286#primaryimage\",\"url\":\"https:\\\/\\\/kibrisdakik.com\\\/wp-content\\\/uploads\\\/2024\\\/03\\\/kktc-londra-temsilcisi-keskin-kadinlar-gunu-etkinligine-katildi-1709918728.webp.webp\",\"contentUrl\":\"https:\\\/\\\/kibrisdakik.com\\\/wp-content\\\/uploads\\\/2024\\\/03\\\/kktc-londra-temsilcisi-keskin-kadinlar-gunu-etkinligine-katildi-1709918728.webp.webp\",\"width\":710,\"height\":370},{\"@type\":\"BreadcrumbList\",\"@id\":\"https:\\\/\\\/kibrisdakik.com\\\/?p=33286#breadcrumb\",\"itemListElement\":[{\"@type\":\"ListItem\",\"position\":1,\"name\":\"Home\",\"item\":\"https:\\\/\\\/kibrisdakik.com\\\/\"},{\"@type\":\"ListItem\",\"position\":2,\"name\":\"KKTC Londra Temsilcisi Keskin Kad\u0131nlar G\u00fcn\u00fc etkinli\u011fine kat\u0131ld\u0131\"}]},{\"@type\":\"WebSite\",\"@id\":\"https:\\\/\\\/kibrisdakik.com\\\/#website\",\"url\":\"https:\\\/\\\/kibrisdakik.com\\\/\",\"name\":\"\",\"description\":\"Tam vaktinde haber\",\"potentialAction\":[{\"@type\":\"SearchAction\",\"target\":{\"@type\":\"EntryPoint\",\"urlTemplate\":\"https:\\\/\\\/kibrisdakik.com\\\/?s={search_term_string}\"},\"query-input\":{\"@type\":\"PropertyValueSpecification\",\"valueRequired\":true,\"valueName\":\"search_term_string\"}}],\"inLanguage\":\"tr\"},{\"@type\":\"Person\",\"@id\":\"https:\\\/\\\/kibrisdakik.com\\\/#\\\/schema\\\/person\\\/9cd9d437bbb44f72b73ba127e06d8e79\",\"name\":\"admin\",\"image\":{\"@type\":\"ImageObject\",\"inLanguage\":\"tr\",\"@id\":\"https:\\\/\\\/secure.gravatar.com\\\/avatar\\\/ccc17943b9d660506c869530f897617f7cb1c21a4bf30023f252596d83e1f007?s=96&d=mm&r=g\",\"url\":\"https:\\\/\\\/secure.gravatar.com\\\/avatar\\\/ccc17943b9d660506c869530f897617f7cb1c21a4bf30023f252596d83e1f007?s=96&d=mm&r=g\",\"contentUrl\":\"https:\\\/\\\/secure.gravatar.com\\\/avatar\\\/ccc17943b9d660506c869530f897617f7cb1c21a4bf30023f252596d83e1f007?s=96&d=mm&r=g\",\"caption\":\"admin\"},\"sameAs\":[\"https:\\\/\\\/kibrisdakik.com\"],\"url\":\"https:\\\/\\\/kibrisdakik.com\\\/?author=1\"}]}<\/script>\n<!-- \/ Yoast SEO plugin. -->","yoast_head_json":{"title":"KKTC Londra Temsilcisi Keskin Kad\u0131nlar G\u00fcn\u00fc etkinli\u011fine kat\u0131ld\u0131 -","robots":{"index":"index","follow":"follow","max-snippet":"max-snippet:-1","max-image-preview":"max-image-preview:large","max-video-preview":"max-video-preview:-1"},"canonical":"https:\/\/kibrisdakik.com\/?p=33286","og_locale":"tr_TR","og_type":"article","og_title":"KKTC Londra Temsilcisi Keskin Kad\u0131nlar G\u00fcn\u00fc etkinli\u011fine kat\u0131ld\u0131 -","og_description":"KKTC Londra Temsilcili\u011finden yap\u0131lan a\u00e7\u0131klamaya g\u00f6re, Keskin, etkinlikte yapt\u0131\u011f\u0131 konu\u015fmada, bu y\u0131l 8 Mart D\u00fcnya Kad\u0131nlar G\u00fcn\u00fc\u2019n\u00fcn Filistin ba\u015fta olmak \u00fczere, d\u00fcnyan\u0131n farkl\u0131 co\u011frafyalar\u0131nda devam eden sava\u015flar\u0131n karanl\u0131k g\u00f6lgesi alt\u0131nda kar\u015f\u0131land\u0131\u011f\u0131n\u0131, sava\u015flarda en \u00e7ok kad\u0131nlar\u0131n ve \u00e7ocuklar\u0131n ma\u011fdur oldu\u011funu belirterek, bu kabul edilemez zul\u00fcm&nbsp;ve s\u00fcrd\u00fcr\u00fclemez durum kar\u015f\u0131s\u0131nda t\u00fcm devletlerin ve uluslararas\u0131 mekanizmalar\u0131n&nbsp; daha fazla gecikmeksizin","og_url":"https:\/\/kibrisdakik.com\/?p=33286","article_published_time":"2024-03-08T17:37:50+00:00","og_image":[{"width":710,"height":370,"url":"https:\/\/kibrisdakik.com\/wp-content\/uploads\/2024\/03\/kktc-londra-temsilcisi-keskin-kadinlar-gunu-etkinligine-katildi-1709918728.webp.webp","type":"image\/webp"}],"author":"admin","twitter_card":"summary_large_image","twitter_misc":{"Yazan:":"admin","Tahmini okuma s\u00fcresi":"2 dakika"},"schema":{"@context":"https:\/\/schema.org","@graph":[{"@type":"Article","@id":"https:\/\/kibrisdakik.com\/?p=33286#article","isPartOf":{"@id":"https:\/\/kibrisdakik.com\/?p=33286"},"author":{"name":"admin","@id":"https:\/\/kibrisdakik.com\/#\/schema\/person\/9cd9d437bbb44f72b73ba127e06d8e79"},"headline":"KKTC Londra Temsilcisi Keskin Kad\u0131nlar G\u00fcn\u00fc etkinli\u011fine kat\u0131ld\u0131","datePublished":"2024-03-08T17:37:50+00:00","mainEntityOfPage":{"@id":"https:\/\/kibrisdakik.com\/?p=33286"},"wordCount":332,"commentCount":0,"image":{"@id":"https:\/\/kibrisdakik.com\/?p=33286#primaryimage"},"thumbnailUrl":"https:\/\/kibrisdakik.com\/wp-content\/uploads\/2024\/03\/kktc-londra-temsilcisi-keskin-kadinlar-gunu-etkinligine-katildi-1709918728.webp.webp","articleSection":["Spor"],"inLanguage":"tr","potentialAction":[{"@type":"CommentAction","name":"Comment","target":["https:\/\/kibrisdakik.com\/?p=33286#respond"]}]},{"@type":"WebPage","@id":"https:\/\/kibrisdakik.com\/?p=33286","url":"https:\/\/kibrisdakik.com\/?p=33286","name":"KKTC Londra Temsilcisi Keskin Kad\u0131nlar G\u00fcn\u00fc etkinli\u011fine kat\u0131ld\u0131 -","isPartOf":{"@id":"https:\/\/kibrisdakik.com\/#website"},"primaryImageOfPage":{"@id":"https:\/\/kibrisdakik.com\/?p=33286#primaryimage"},"image":{"@id":"https:\/\/kibrisdakik.com\/?p=33286#primaryimage"},"thumbnailUrl":"https:\/\/kibrisdakik.com\/wp-content\/uploads\/2024\/03\/kktc-londra-temsilcisi-keskin-kadinlar-gunu-etkinligine-katildi-1709918728.webp.webp","datePublished":"2024-03-08T17:37:50+00:00","author":{"@id":"https:\/\/kibrisdakik.com\/#\/schema\/person\/9cd9d437bbb44f72b73ba127e06d8e79"},"breadcrumb":{"@id":"https:\/\/kibrisdakik.com\/?p=33286#breadcrumb"},"inLanguage":"tr","potentialAction":[{"@type":"ReadAction","target":["https:\/\/kibrisdakik.com\/?p=33286"]}]},{"@type":"ImageObject","inLanguage":"tr","@id":"https:\/\/kibrisdakik.com\/?p=33286#primaryimage","url":"https:\/\/kibrisdakik.com\/wp-content\/uploads\/2024\/03\/kktc-londra-temsilcisi-keskin-kadinlar-gunu-etkinligine-katildi-1709918728.webp.webp","contentUrl":"https:\/\/kibrisdakik.com\/wp-content\/uploads\/2024\/03\/kktc-londra-temsilcisi-keskin-kadinlar-gunu-etkinligine-katildi-1709918728.webp.webp","width":710,"height":370},{"@type":"BreadcrumbList","@id":"https:\/\/kibrisdakik.com\/?p=33286#breadcrumb","itemListElement":[{"@type":"ListItem","position":1,"name":"Home","item":"https:\/\/kibrisdakik.com\/"},{"@type":"ListItem","position":2,"name":"KKTC Londra Temsilcisi Keskin Kad\u0131nlar G\u00fcn\u00fc etkinli\u011fine kat\u0131ld\u0131"}]},{"@type":"WebSite","@id":"https:\/\/kibrisdakik.com\/#website","url":"https:\/\/kibrisdakik.com\/","name":"","description":"Tam vaktinde haber","potentialAction":[{"@type":"SearchAction","target":{"@type":"EntryPoint","urlTemplate":"https:\/\/kibrisdakik.com\/?s={search_term_string}"},"query-input":{"@type":"PropertyValueSpecification","valueRequired":true,"valueName":"search_term_string"}}],"inLanguage":"tr"},{"@type":"Person","@id":"https:\/\/kibrisdakik.com\/#\/schema\/person\/9cd9d437bbb44f72b73ba127e06d8e79","name":"admin","image":{"@type":"ImageObject","inLanguage":"tr","@id":"https:\/\/secure.gravatar.com\/avatar\/ccc17943b9d660506c869530f897617f7cb1c21a4bf30023f252596d83e1f007?s=96&d=mm&r=g","url":"https:\/\/secure.gravatar.com\/avatar\/ccc17943b9d660506c869530f897617f7cb1c21a4bf30023f252596d83e1f007?s=96&d=mm&r=g","contentUrl":"https:\/\/secure.gravatar.com\/avatar\/ccc17943b9d660506c869530f897617f7cb1c21a4bf30023f252596d83e1f007?s=96&d=mm&r=g","caption":"admin"},"sameAs":["https:\/\/kibrisdakik.com"],"url":"https:\/\/kibrisdakik.com\/?author=1"}]}},"_links":{"self":[{"href":"https:\/\/kibrisdakik.com\/index.php?rest_route=\/wp\/v2\/posts\/33286","targetHints":{"allow":["GET"]}}],"collection":[{"href":"https:\/\/kibrisdakik.com\/index.php?rest_route=\/wp\/v2\/posts"}],"about":[{"href":"https:\/\/kibrisdakik.com\/index.php?rest_route=\/wp\/v2\/types\/post"}],"author":[{"embeddable":true,"href":"https:\/\/kibrisdakik.com\/index.php?rest_route=\/wp\/v2\/users\/1"}],"replies":[{"embeddable":true,"href":"https:\/\/kibrisdakik.com\/index.php?rest_route=%2Fwp%2Fv2%2Fcomments&post=33286"}],"version-history":[{"count":0,"href":"https:\/\/kibrisdakik.com\/index.php?rest_route=\/wp\/v2\/posts\/33286\/revisions"}],"wp:featuredmedia":[{"embeddable":true,"href":"https:\/\/kibrisdakik.com\/index.php?rest_route=\/wp\/v2\/media\/33287"}],"wp:attachment":[{"href":"https:\/\/kibrisdakik.com\/index.php?rest_route=%2Fwp%2Fv2%2Fmedia&parent=33286"}],"wp:term":[{"taxonomy":"category","embeddable":true,"href":"https:\/\/kibrisdakik.com\/index.php?rest_route=%2Fwp%2Fv2%2Fcategories&post=33286"},{"taxonomy":"post_tag","embeddable":true,"href":"https:\/\/kibrisdakik.com\/index.php?rest_route=%2Fwp%2Fv2%2Ftags&post=33286"}],"curies":[{"name":"wp","href":"https:\/\/api.w.org\/{rel}","templated":true}]}}