{"id":33293,"date":"2024-03-08T18:38:15","date_gmt":"2024-03-08T18:38:15","guid":{"rendered":"https:\/\/kibrisdakik.com\/index.php\/2024\/03\/08\/8-mart-dunya-emekci-kadinlar-gunu-nedeniyle-lefkosada-yuruyus-duzenlendi-2\/"},"modified":"2024-03-08T18:38:15","modified_gmt":"2024-03-08T18:38:15","slug":"8-mart-dunya-emekci-kadinlar-gunu-nedeniyle-lefkosada-yuruyus-duzenlendi-2","status":"publish","type":"post","link":"https:\/\/kibrisdakik.com\/?p=33293","title":{"rendered":"8 Mart D\u00fcnya Emek\u00e7i Kad\u0131nlar G\u00fcn\u00fc nedeniyle Lefko\u015fa\u2019da y\u00fcr\u00fcy\u00fc\u015f d\u00fczenlendi"},"content":{"rendered":"<p><\/p>\n<div>\n<div class=\"mariselle-image-container center\">\n                <img loading=\"lazy\" decoding=\"async\" width=\"1024\" height=\"332\" class=\"lazy-image\" alt=\"\" sizes=\"auto, (max-width: 1024px) 100vw, 1024px\" src=\"https:\/\/brtk.net\/wp-content\/uploads\/2024\/03\/08\/asdadlscks.jpg?ver=307acd7583ba54f41b126cc9014cb95e\" srcset=\"https:\/\/brtk.net\/wp-content\/uploads\/2024\/03\/08\/asdadlscks.jpg?ver=307acd7583ba54f41b126cc9014cb95e 1024w, https:\/\/brtk.net\/wp-content\/uploads\/2024\/03\/08\/asdadlscks-300x97.jpg?ver=8b8e012353f1f48c4af6bd1314c3814b 300w, https:\/\/brtk.net\/wp-content\/uploads\/2024\/03\/08\/asdadlscks-768x249.jpg?ver=8b8e012353f1f48c4af6bd1314c3814b 768w\"\/>                            <\/div>\n<p>8 Mart D\u00fcnya Emek\u00e7i Kad\u0131nlar G\u00fcn\u00fc nedeniyle ba\u015fkent Lefko\u015fa\u2019da y\u00fcr\u00fcy\u00fc\u015f yap\u0131ld\u0131.<\/p>\n<p>8 Mart Organizasyon Komitesi taraf\u0131ndan d\u00fczenlenen y\u00fcr\u00fcy\u00fc\u015f, Kumsal Park\u2019tan ba\u015flad\u0131, Ku\u011fulu Park\u2019ta sona erdi. Cumhurba\u015fkanl\u0131\u011f\u0131 \u00f6n\u00fcnde y\u00fcr\u00fcy\u00fc\u015fe ara verilerek, bas\u0131n a\u00e7\u0131klamas\u0131 yap\u0131ld\u0131. Y\u00fcr\u00fcy\u00fc\u015f\u00fcn ard\u0131ndan Ku\u011fulu Park\u2019ta konser verildi.<\/p>\n<p>Y\u00fcr\u00fcy\u00fc\u015fe, ana muhalefet Cumhuriyet\u00e7i T\u00fcrk Partisi (<a href=\"https:\/\/brtk.net\/\"\/><a href=\"https:\/\/brtk.net\/\"\/><a href=\"https:\/\/brtk.net\/\">CTP<\/a>) Genel Ba\u015fkan\u0131 Tufan Erh\u00fcrman, e\u015fi Nilden Bekta\u015f Erh\u00fcrman,  Lefko\u015fa T\u00fcrk Belediyesi (LTB) Ba\u015fkan\u0131 Mehmet Harmanc\u0131, baz\u0131 <a href=\"https:\/\/brtk.net\/\"\/><a href=\"https:\/\/brtk.net\/\"\/><a href=\"https:\/\/brtk.net\/\">CTP<\/a>\u2019li ve ba\u011f\u0131ms\u0131z milletvekilleri, siyasi parti, sendika, \u00f6rg\u00fct temsilcilerinin yan\u0131 s\u0131ra \u00e7ok say\u0131da ki\u015fi kat\u0131ld\u0131.<\/p>\n<p>Y\u00fcr\u00fcy\u00fc\u015fte, \u201cS\u00f6m\u00fcr\u00fcye Kar\u015f\u0131 \u0130natla, Bar\u0131\u015fa Do\u011fru Umutla\u201d, \u201c\u00d6zg\u00fcrl\u00fck \u0130rademizde\u201d, \u201cGericilikten Korkma, Ge\u00e7 Kalmaktan Kork\u201d, \u201c\u00d6zg\u00fcrl\u00fc\u011f\u00fcn\u00fc Seven Defansa Gelsin\u201d, \u201cDireni\u015f \u0130steyen Forvete Gelsin\u201d, \u201cE\u015fitlikten Vazge\u00e7miyoruz\u201d, \u201cHalledeceyik\u201d, \u201cAlevilik Vard\u0131r, Alevilikte Kad\u0131n Hakt\u0131r\u201d, \u201cKad\u0131n, Ya\u015fam, \u00d6zg\u00fcrl\u00fck\u201d, \u201cKad\u0131n\u0131, Bilimi Yok Sayan, Koku\u015fmu\u015f Karanl\u0131k D\u00fczeninize Kar\u015f\u0131 Direnmekten, M\u00fccadeleden Vazge\u00e7meyece\u011fiz\u201d,  \u201cEme\u011fimizin Haklar\u0131m\u0131z\u0131n Pe\u015findeyiz\u201d yaz\u0131l\u0131 pankartlar ve d\u00f6vizler de ta\u015f\u0131nd\u0131.<\/p>\n<p>\u201cKad\u0131nlar Y\u00fcr\u00fcyor, M\u00fccadele B\u00fcy\u00fcyor\u201d, \u201cKad\u0131n, Emek, \u00d6zg\u00fcrl\u00fck\u201d, \u201cG\u00f6r\u00fcnmeyen Emek Sesini Y\u00fckselt\u201d, \u201c\u0130nad\u0131na \u0130syan, \u0130nad\u0131na \u00d6zg\u00fcrl\u00fck\u201d, \u201cYa\u015fas\u0131n Kad\u0131n Dayan\u0131\u015fmas\u0131\u201d, \u201c\u0130syan\u0131m\u0131z Ba\u015fka Bir D\u00fcnya \u0130\u00e7in\u201d, \u201cKad\u0131n Kad\u0131nd\u0131r, \u00c7i\u00e7ek Baband\u0131r\u201d, \u201cK\u00fclliye De\u011fil S\u0131\u011f\u0131nma Evi\u201d, \u201cE\u015fit \u0130\u015fe E\u015fit \u00dccret\u201d, \u201cKad\u0131nlar \u00d6zg\u00fcr Olsa D\u00fcnya Yerinden Oynar\u201d, \u201cKatledilen Kad\u0131nlar \u0130syan\u0131m\u0131zd\u0131r\u201d, \u201c\u0130syan\u0131m\u0131z \u00d6zg\u00fcr Bir Ya\u015fam \u0130\u00e7in\u201d, \u201cK\u0131br\u0131s\u2019ta Barikat \u0130stemiyoruz\u201d, \u201cM\u00fcft\u00fc Elini Bedenimden \u00c7ek\u201d, \u201cVard\u0131k, Var\u0131z, Var Olaca\u011f\u0131z\u201d, \u201cDirene Direne Kazanaca\u011f\u0131z\u201d, \u201cSokaklar\u0131 da Meydanlar\u0131 da Terk Etmiyoruz\u201d, \u201cK\u0131br\u0131s\u2019ta Tarikat \u0130stemiyoruz\u201d sloganlar\u0131 da at\u0131lan y\u00fcr\u00fcy\u00fc\u015fte, m\u00fczik aletleri ve tencere kapaklar\u0131yla sloganlara e\u015flik edildi. Trafikteki baz\u0131  ara\u00e7lar da korna \u00e7alarak, y\u00fcr\u00fcy\u00fc\u015fe destek belirtti.<\/p>\n<p>Cumhurba\u015fkanl\u0131\u011f\u0131 \u00f6n\u00fcnde yap\u0131lan bas\u0131n a\u00e7\u0131klamas\u0131n\u0131 8 Mart Organizasyon Komitesi ad\u0131na Baraka K\u00fclt\u00fcr Merkezi Aktivisti Ala\u015fya \u015eansal Rahvanc\u0131o\u011flu okudu.<\/p>\n<p>A\u00e7\u0131klamada, \u201cdevletin sosyal politikalar alan\u0131ndan geri \u00e7ekildi\u011fi, ekonomik krizin, dinsel gericili\u011fin, muhafazak\u00e2rla\u015ft\u0131rman\u0131n boy g\u00f6sterdi\u011fi d\u00fczenin en ba\u015fta kad\u0131nlar\u0131, \u00e7ocuklar\u0131, emek\u00e7ileri ve LGBT\u0130+\u2019lar\u0131 hedef ald\u0131\u011f\u0131\u201d savunuldu.<\/p>\n<p>\u201cSosyal hizmet yerine din i\u015flerine b\u00fct\u00e7e ay\u0131r\u0131ld\u0131\u011f\u0131, s\u0131\u011f\u0131nma evi a\u00e7mak yerine ilahiyat koleji a\u00e7\u0131ld\u0131\u011f\u0131\u201d savunulan a\u00e7\u0131klamada, \u201cders kitaplar\u0131na m\u00fcdahale edildi\u011fi, hastane, okul, yol yapmak yerine k\u00fclliye yap\u0131m\u0131na devam edildi\u011fi, rant u\u011fruna ekolojik sistemin talan edildi\u011fi, topraklar\u0131n yabanc\u0131lara sat\u0131ld\u0131\u011f\u0131 ve yurt hakk\u0131n\u0131n gasp edildi\u011fi\u201d \u00f6ne s\u00fcr\u00fcld\u00fc.<\/p>\n<p>\u201cEmek s\u00f6m\u00fcr\u00fcs\u00fcn\u00fcn, ya\u015fam\u0131n her alan\u0131nda u\u011franan e\u015fitsizliklerin ve ayr\u0131mc\u0131l\u0131klar\u0131n, rant d\u00fczeninin ald\u0131\u011f\u0131 canlar\u0131n, do\u011fay\u0131 talan edenlerin, neoliberal muhafazakar politikalar\u0131n hesab\u0131n\u0131n sorulmaya gelindi\u011fi\u201d ifade edilen a\u00e7\u0131klamada, \u201cKad\u0131nlar olarak devletten ve patronlardan alacakl\u0131y\u0131z\u201d denildi.<\/p>\n<p>Yak\u0131n co\u011frafyada \u0130srail\u2019in say\u0131s\u0131z sava\u015f su\u00e7u i\u015fledi\u011fine dikkat \u00e7ekilen a\u00e7\u0131klamada, soyk\u0131r\u0131m boyutuna varan sald\u0131r\u0131lar kar\u015f\u0131s\u0131nda Filistin halk\u0131 ile dayan\u0131\u015fma belirtildi. Kad\u0131nlar\u0131n ola\u011fan zamanlarda u\u011frad\u0131\u011f\u0131 e\u015fitsizlik, ayr\u0131mc\u0131l\u0131k ve \u015fiddetin sava\u015f d\u00f6nemlerinde \u00e7ok daha derinle\u015fti\u011fi ve artt\u0131\u011f\u0131 vurgulanan a\u00e7\u0131klamada, \u201cFilistinli k\u0131z karde\u015flerimizle y\u00fcrekten dayan\u0131\u015f\u0131yoruz\u201d ifadesi kullan\u0131ld\u0131.<\/p>\n<p>D\u00fcn oldu\u011fu gibi bug\u00fcn de bar\u0131\u015fta \u0131srar edildi\u011fi, K\u0131br\u0131s\u2019\u0131 birle\u015ftirmeye kararl\u0131 olundu\u011fu kaydedilen a\u00e7\u0131klamada, \u201cS\u00f6m\u00fcr\u00fcye kar\u015f\u0131 inatla, bar\u0131\u015fa do\u011fru umutla y\u00fcr\u00fcyoruz\u201d denildi.<\/p>\n<p>Kad\u0131nlar\u0131n, yeni bir ya\u015fam\u0131 yaratma, e\u015fit ve \u00f6zg\u00fcr bir k\u00fclt\u00fcr\u00fc \u00f6rme g\u00fcc\u00fcne ve becerisine sahip oldu\u011fu vurgulanan a\u00e7\u0131klamada, yoksulla\u015ft\u0131rma politikalar\u0131na, emek s\u00f6m\u00fcr\u00fcs\u00fcne, g\u00fcvencesiz \u00e7al\u0131\u015ft\u0131r\u0131lma ko\u015fullar\u0131na, ayr\u0131mc\u0131l\u0131\u011fa, sava\u015flara ve muhafazakarla\u015ft\u0131rmaya kar\u015f\u0131 m\u00fccadele etmekten ba\u015fka se\u00e7enek olmad\u0131\u011f\u0131 belirtildi.<\/p>\n<p>\u201cEme\u011fi ve bedeni s\u00f6m\u00fcren, toplumun \u00e7a\u011fda\u015f, laik ve demokratik yap\u0131s\u0131na sald\u0131ranlara\u201d \u2018dur\u2019 denilen a\u00e7\u0131klamada, \u201cBilinsin ki taleplerimiz ger\u00e7ekle\u015fene kadar oturdu\u011funuz koltuklarda size rahat vermeyece\u011fiz\u201d ifadesine yer verildi.<\/p>\n<div class=\"mariselle-image-container center\">\n                <img loading=\"lazy\" decoding=\"async\" width=\"2480\" height=\"1656\" class=\"lazy-image\" alt=\"\" sizes=\"auto, (max-width: 2480px) 100vw, 2480px\" src=\"https:\/\/brtk.net\/wp-content\/uploads\/2024\/03\/08\/wqgpdoial.jpg?ver=257eb2af97cdbf90731b9c88062ccd65\" srcset=\"https:\/\/brtk.net\/wp-content\/uploads\/2024\/03\/08\/wqgpdoial.jpg?ver=257eb2af97cdbf90731b9c88062ccd65 2480w, https:\/\/brtk.net\/wp-content\/uploads\/2024\/03\/08\/wqgpdoial-300x200.jpg?ver=9244c834a68906c8bdbcbea8acff8126 300w, https:\/\/brtk.net\/wp-content\/uploads\/2024\/03\/08\/wqgpdoial-1024x684.jpg?ver=9244c834a68906c8bdbcbea8acff8126 1024w, https:\/\/brtk.net\/wp-content\/uploads\/2024\/03\/08\/wqgpdoial-768x513.jpg?ver=7a5f1190d761dc81257396659058c58c 768w, https:\/\/brtk.net\/wp-content\/uploads\/2024\/03\/08\/wqgpdoial-1536x1026.jpg?ver=57731dbe64cab8c9c30a85b591a1f3f8 1536w, https:\/\/brtk.net\/wp-content\/uploads\/2024\/03\/08\/wqgpdoial-2048x1368.jpg?ver=b4a45a6f108cfa7165416a75636cf661 2048w\"\/>                            <\/div>\n<p>Bas\u0131n a\u00e7\u0131klamas\u0131nda talepler \u015f\u00f6yle s\u0131raland\u0131:<\/p>\n<p>\u201c-Hamile kad\u0131nlar\u0131n i\u015ften at\u0131lmas\u0131n\u0131n yasaklanmas\u0131 ba\u015fta olmak \u00fczere kad\u0131nlar\u0131n do\u011furganl\u0131k haklar\u0131 derhal g\u00fcvence alt\u0131na al\u0131ns\u0131n. Do\u011fum kontrol y\u00f6ntemlerine, smear testlerine, HPV a\u015f\u0131lar\u0131na ve g\u00fcvenli k\u00fcrtaj hizmetine eri\u015fim \u00fccretsiz hale getirilsin.<\/p>\n<p>-Her iki ebeveynin de d\u00f6n\u00fc\u015f\u00fcml\u00fc kullanabilece\u011fi \u015fekilde, \u201cebeveyn izni\u201d yasalla\u015fs\u0131n. Hem kamu hem de \u00f6zel sekt\u00f6rde kad\u0131nlar\u0131n maruz kald\u0131\u011f\u0131 cinsiyet ayr\u0131mc\u0131l\u0131\u011f\u0131 ortadan kald\u0131r\u0131ls\u0131n.<\/p>\n<p>-Asgari \u00fccret ve sosyal yard\u0131m maa\u015f\u0131n\u0131 insani ko\u015fullarda ge\u00e7inmeye uygun hale getirecek d\u00fczenlemeler yap\u0131ls\u0131n.<\/p>\n<p>-\u00d6zel sekt\u00f6rde sendikala\u015fman\u0131n \u00f6n\u00fcn\u00fc a\u00e7acak d\u00fczenlemeler derhal hayata ge\u00e7irilsin.<\/p>\n<p>-Kamusal kre\u015fler ve et\u00fct merkezleri yan\u0131nda nitelikli ya\u015flanmay\u0131 m\u00fcmk\u00fcn k\u0131lacak ya\u015fl\u0131 bak\u0131m merkezleri, kamusal a\u015fevleri ve \u00e7ama\u015f\u0131rhaneler a\u00e7\u0131ls\u0131n.<\/p>\n<p>-Toplumsal Cinsiyet E\u015fitli\u011fi Dairesi derhal te\u015fkilatland\u0131r\u0131ls\u0131n.<\/p>\n<p>-Kad\u0131nlar\u0131n en temel insan haklar\u0131n\u0131n gasp edildi\u011fi ve insan ticaretine ev sahipli\u011fi yapan, gayr\u0131 yasal gece kul\u00fcpleri kapat\u0131ls\u0131n.<\/p>\n<p>-\u0130nsan haklar\u0131na ve toplumsal cinsiyet e\u015fitli\u011fine dair dersler m\u00fcfredata d\u00e2hil edilsin.<\/p>\n<p>-Din \u0130\u015fleri ve Evkaf \u0130daresine ayr\u0131lan b\u00fct\u00e7e sosyal hizmetlere tahsis edilsin.<\/p>\n<p>-Her b\u00f6lgeye kad\u0131n s\u0131\u011f\u0131nma evleri ve \u015fiddet \u00f6nleme- dan\u0131\u015fma merkezleri a\u00e7\u0131ls\u0131n.<\/p>\n<p>-2011 y\u0131l\u0131nda mevzuat\u0131n bir par\u00e7as\u0131 olan \u0130stanbul S\u00f6zle\u015fmesi\u2019nin ilgili kurumlar taraf\u0131ndan uygulanmas\u0131 ve Ev \u0130\u00e7i \u015eiddeti \u00d6nleme Yasas\u0131\u2019n\u0131n mevzuata uygun \u015fekilde yasalla\u015fmas\u0131 sa\u011flans\u0131n.<\/p>\n<p>-\u00c7ocuk izlem merkezleri kurulsun.<\/p>\n<p>-Alo 183 ihbar hatt\u0131na altyap\u0131 kazand\u0131r\u0131ls\u0131n ve vardiyal\u0131 sisteme ge\u00e7ilsin.\u201d<\/p>\n<p>A\u00e7\u0131klamada ayr\u0131ca, Din \u0130\u015fleri Ba\u015fkan\u0131 Ahmet \u00dcnsal\u2019\u0131n da g\u00f6revden al\u0131nmas\u0131 ve vatanda\u015fl\u0131\u011f\u0131n\u0131n iptal edilmesi istendi.<\/p>\n<p>8 Mart Organizasyon Komitesi\u2019nde yer alan \u00f6rg\u00fctler \u015f\u00f6yle:<\/p>\n<p>\u201cKTOE\u00d6S, KT\u00d6S, KTAMS, BES, HAK-SEN, KTMMOB, Alevi K\u00fclt\u00fcr Derne\u011fi, Kuir K\u0131br\u0131s, M\u00fclteci Haklar\u0131 Derne\u011fi, Baraka K\u00fclt\u00fcr Merkezi, Anonim Gen\u00e7lik, Kad\u0131n E\u011fitimi Kolektifi, Ba\u011f\u0131ms\u0131zl\u0131k Yolu, <a href=\"https:\/\/brtk.net\/\"\/><a href=\"https:\/\/brtk.net\/\"\/><a href=\"https:\/\/brtk.net\/\">CTP<\/a> Kad\u0131n \u00d6rg\u00fct\u00fc, TDP TOCEK, YKP.\u201d<\/p>\n<p>Destek veren \u00f6rg\u00fctler ise: \u201cBas\u0131n-Sen, <a href=\"https:\/\/brtk.net\/\"\/><a href=\"https:\/\/brtk.net\/\"\/><a href=\"https:\/\/brtk.net\/\">CTP<\/a> Gen\u00e7lik \u00d6rg\u00fct\u00fc, DA\u00dc-SEN, LTB.\u201d<\/p>\n<p>TAK<\/p>\n<\/p><\/div>\n<p><script async\n                    defer\n                    crossorigin=\"anonymous\"\n                    src=\"https:\/\/connect.facebook.net\/tr_TR\/sdk.js#xfbml=1&#038;version=v3.3\"\n            ><\/script><\/p>\n","protected":false},"excerpt":{"rendered":"<p>8 Mart D\u00fcnya Emek\u00e7i Kad\u0131nlar G\u00fcn\u00fc nedeniyle ba\u015fkent Lefko\u015fa\u2019da y\u00fcr\u00fcy\u00fc\u015f yap\u0131ld\u0131. 8 Mart Organizasyon Komitesi taraf\u0131ndan d\u00fczenlenen y\u00fcr\u00fcy\u00fc\u015f, Kumsal Park\u2019tan ba\u015flad\u0131, Ku\u011fulu Park\u2019ta sona erdi. Cumhurba\u015fkanl\u0131\u011f\u0131 \u00f6n\u00fcnde y\u00fcr\u00fcy\u00fc\u015fe ara verilerek, bas\u0131n a\u00e7\u0131klamas\u0131 yap\u0131ld\u0131. Y\u00fcr\u00fcy\u00fc\u015f\u00fcn ard\u0131ndan Ku\u011fulu Park\u2019ta konser verildi. Y\u00fcr\u00fcy\u00fc\u015fe, ana muhalefet Cumhuriyet\u00e7i T\u00fcrk Partisi (CTP) Genel Ba\u015fkan\u0131 Tufan Erh\u00fcrman, e\u015fi Nilden Bekta\u015f Erh\u00fcrman, Lefko\u015fa<\/p>\n","protected":false},"author":1,"featured_media":33294,"comment_status":"open","ping_status":"open","sticky":false,"template":"","format":"standard","meta":{"footnotes":""},"categories":[1],"tags":[],"class_list":["post-33293","post","type-post","status-publish","format-standard","has-post-thumbnail","hentry","category-gundem"],"yoast_head":"<!-- This site is optimized with the Yoast SEO plugin v27.4 - https:\/\/yoast.com\/product\/yoast-seo-wordpress\/ -->\n<title>8 Mart D\u00fcnya Emek\u00e7i Kad\u0131nlar G\u00fcn\u00fc nedeniyle Lefko\u015fa\u2019da y\u00fcr\u00fcy\u00fc\u015f d\u00fczenlendi -<\/title>\n<meta name=\"robots\" content=\"index, follow, max-snippet:-1, max-image-preview:large, max-video-preview:-1\" \/>\n<link rel=\"canonical\" href=\"https:\/\/kibrisdakik.com\/?p=33293\" \/>\n<meta property=\"og:locale\" content=\"tr_TR\" \/>\n<meta property=\"og:type\" content=\"article\" \/>\n<meta property=\"og:title\" content=\"8 Mart D\u00fcnya Emek\u00e7i Kad\u0131nlar G\u00fcn\u00fc nedeniyle Lefko\u015fa\u2019da y\u00fcr\u00fcy\u00fc\u015f d\u00fczenlendi -\" \/>\n<meta property=\"og:description\" content=\"8 Mart D\u00fcnya Emek\u00e7i Kad\u0131nlar G\u00fcn\u00fc nedeniyle ba\u015fkent Lefko\u015fa\u2019da y\u00fcr\u00fcy\u00fc\u015f yap\u0131ld\u0131. 8 Mart Organizasyon Komitesi taraf\u0131ndan d\u00fczenlenen y\u00fcr\u00fcy\u00fc\u015f, Kumsal Park\u2019tan ba\u015flad\u0131, Ku\u011fulu Park\u2019ta sona erdi. Cumhurba\u015fkanl\u0131\u011f\u0131 \u00f6n\u00fcnde y\u00fcr\u00fcy\u00fc\u015fe ara verilerek, bas\u0131n a\u00e7\u0131klamas\u0131 yap\u0131ld\u0131. Y\u00fcr\u00fcy\u00fc\u015f\u00fcn ard\u0131ndan Ku\u011fulu Park\u2019ta konser verildi. Y\u00fcr\u00fcy\u00fc\u015fe, ana muhalefet Cumhuriyet\u00e7i T\u00fcrk Partisi (CTP) Genel Ba\u015fkan\u0131 Tufan Erh\u00fcrman, e\u015fi Nilden Bekta\u015f Erh\u00fcrman, Lefko\u015fa\" \/>\n<meta property=\"og:url\" content=\"https:\/\/kibrisdakik.com\/?p=33293\" \/>\n<meta property=\"article:published_time\" content=\"2024-03-08T18:38:15+00:00\" \/>\n<meta property=\"og:image\" content=\"https:\/\/kibrisdakik.com\/wp-content\/uploads\/2024\/03\/wqgpdoial-740x420.jpg\" \/>\n\t<meta property=\"og:image:width\" content=\"2480\" \/>\n\t<meta property=\"og:image:height\" content=\"1656\" \/>\n\t<meta property=\"og:image:type\" content=\"image\/jpeg\" \/>\n<meta name=\"author\" content=\"admin\" \/>\n<meta name=\"twitter:card\" content=\"summary_large_image\" \/>\n<meta name=\"twitter:label1\" content=\"Yazan:\" \/>\n\t<meta name=\"twitter:data1\" content=\"admin\" \/>\n\t<meta name=\"twitter:label2\" content=\"Tahmini okuma s\u00fcresi\" \/>\n\t<meta name=\"twitter:data2\" content=\"6 dakika\" \/>\n<script type=\"application\/ld+json\" class=\"yoast-schema-graph\">{\"@context\":\"https:\\\/\\\/schema.org\",\"@graph\":[{\"@type\":\"Article\",\"@id\":\"https:\\\/\\\/kibrisdakik.com\\\/?p=33293#article\",\"isPartOf\":{\"@id\":\"https:\\\/\\\/kibrisdakik.com\\\/?p=33293\"},\"author\":{\"name\":\"admin\",\"@id\":\"https:\\\/\\\/kibrisdakik.com\\\/#\\\/schema\\\/person\\\/9cd9d437bbb44f72b73ba127e06d8e79\"},\"headline\":\"8 Mart D\u00fcnya Emek\u00e7i Kad\u0131nlar G\u00fcn\u00fc nedeniyle Lefko\u015fa\u2019da y\u00fcr\u00fcy\u00fc\u015f d\u00fczenlendi\",\"datePublished\":\"2024-03-08T18:38:15+00:00\",\"mainEntityOfPage\":{\"@id\":\"https:\\\/\\\/kibrisdakik.com\\\/?p=33293\"},\"wordCount\":1221,\"commentCount\":0,\"image\":{\"@id\":\"https:\\\/\\\/kibrisdakik.com\\\/?p=33293#primaryimage\"},\"thumbnailUrl\":\"https:\\\/\\\/kibrisdakik.com\\\/wp-content\\\/uploads\\\/2024\\\/03\\\/wqgpdoial-740x420.jpg\",\"articleSection\":[\"G\u00fcndem\"],\"inLanguage\":\"tr\",\"potentialAction\":[{\"@type\":\"CommentAction\",\"name\":\"Comment\",\"target\":[\"https:\\\/\\\/kibrisdakik.com\\\/?p=33293#respond\"]}]},{\"@type\":\"WebPage\",\"@id\":\"https:\\\/\\\/kibrisdakik.com\\\/?p=33293\",\"url\":\"https:\\\/\\\/kibrisdakik.com\\\/?p=33293\",\"name\":\"8 Mart D\u00fcnya Emek\u00e7i Kad\u0131nlar G\u00fcn\u00fc nedeniyle Lefko\u015fa\u2019da y\u00fcr\u00fcy\u00fc\u015f d\u00fczenlendi -\",\"isPartOf\":{\"@id\":\"https:\\\/\\\/kibrisdakik.com\\\/#website\"},\"primaryImageOfPage\":{\"@id\":\"https:\\\/\\\/kibrisdakik.com\\\/?p=33293#primaryimage\"},\"image\":{\"@id\":\"https:\\\/\\\/kibrisdakik.com\\\/?p=33293#primaryimage\"},\"thumbnailUrl\":\"https:\\\/\\\/kibrisdakik.com\\\/wp-content\\\/uploads\\\/2024\\\/03\\\/wqgpdoial-740x420.jpg\",\"datePublished\":\"2024-03-08T18:38:15+00:00\",\"author\":{\"@id\":\"https:\\\/\\\/kibrisdakik.com\\\/#\\\/schema\\\/person\\\/9cd9d437bbb44f72b73ba127e06d8e79\"},\"breadcrumb\":{\"@id\":\"https:\\\/\\\/kibrisdakik.com\\\/?p=33293#breadcrumb\"},\"inLanguage\":\"tr\",\"potentialAction\":[{\"@type\":\"ReadAction\",\"target\":[\"https:\\\/\\\/kibrisdakik.com\\\/?p=33293\"]}]},{\"@type\":\"ImageObject\",\"inLanguage\":\"tr\",\"@id\":\"https:\\\/\\\/kibrisdakik.com\\\/?p=33293#primaryimage\",\"url\":\"https:\\\/\\\/kibrisdakik.com\\\/wp-content\\\/uploads\\\/2024\\\/03\\\/wqgpdoial-740x420.jpg\",\"contentUrl\":\"https:\\\/\\\/kibrisdakik.com\\\/wp-content\\\/uploads\\\/2024\\\/03\\\/wqgpdoial-740x420.jpg\",\"width\":2480,\"height\":1656},{\"@type\":\"BreadcrumbList\",\"@id\":\"https:\\\/\\\/kibrisdakik.com\\\/?p=33293#breadcrumb\",\"itemListElement\":[{\"@type\":\"ListItem\",\"position\":1,\"name\":\"Home\",\"item\":\"https:\\\/\\\/kibrisdakik.com\\\/\"},{\"@type\":\"ListItem\",\"position\":2,\"name\":\"8 Mart D\u00fcnya Emek\u00e7i Kad\u0131nlar G\u00fcn\u00fc nedeniyle Lefko\u015fa\u2019da y\u00fcr\u00fcy\u00fc\u015f d\u00fczenlendi\"}]},{\"@type\":\"WebSite\",\"@id\":\"https:\\\/\\\/kibrisdakik.com\\\/#website\",\"url\":\"https:\\\/\\\/kibrisdakik.com\\\/\",\"name\":\"\",\"description\":\"Tam vaktinde haber\",\"potentialAction\":[{\"@type\":\"SearchAction\",\"target\":{\"@type\":\"EntryPoint\",\"urlTemplate\":\"https:\\\/\\\/kibrisdakik.com\\\/?s={search_term_string}\"},\"query-input\":{\"@type\":\"PropertyValueSpecification\",\"valueRequired\":true,\"valueName\":\"search_term_string\"}}],\"inLanguage\":\"tr\"},{\"@type\":\"Person\",\"@id\":\"https:\\\/\\\/kibrisdakik.com\\\/#\\\/schema\\\/person\\\/9cd9d437bbb44f72b73ba127e06d8e79\",\"name\":\"admin\",\"image\":{\"@type\":\"ImageObject\",\"inLanguage\":\"tr\",\"@id\":\"https:\\\/\\\/secure.gravatar.com\\\/avatar\\\/ccc17943b9d660506c869530f897617f7cb1c21a4bf30023f252596d83e1f007?s=96&d=mm&r=g\",\"url\":\"https:\\\/\\\/secure.gravatar.com\\\/avatar\\\/ccc17943b9d660506c869530f897617f7cb1c21a4bf30023f252596d83e1f007?s=96&d=mm&r=g\",\"contentUrl\":\"https:\\\/\\\/secure.gravatar.com\\\/avatar\\\/ccc17943b9d660506c869530f897617f7cb1c21a4bf30023f252596d83e1f007?s=96&d=mm&r=g\",\"caption\":\"admin\"},\"sameAs\":[\"https:\\\/\\\/kibrisdakik.com\"],\"url\":\"https:\\\/\\\/kibrisdakik.com\\\/?author=1\"}]}<\/script>\n<!-- \/ Yoast SEO plugin. -->","yoast_head_json":{"title":"8 Mart D\u00fcnya Emek\u00e7i Kad\u0131nlar G\u00fcn\u00fc nedeniyle Lefko\u015fa\u2019da y\u00fcr\u00fcy\u00fc\u015f d\u00fczenlendi -","robots":{"index":"index","follow":"follow","max-snippet":"max-snippet:-1","max-image-preview":"max-image-preview:large","max-video-preview":"max-video-preview:-1"},"canonical":"https:\/\/kibrisdakik.com\/?p=33293","og_locale":"tr_TR","og_type":"article","og_title":"8 Mart D\u00fcnya Emek\u00e7i Kad\u0131nlar G\u00fcn\u00fc nedeniyle Lefko\u015fa\u2019da y\u00fcr\u00fcy\u00fc\u015f d\u00fczenlendi -","og_description":"8 Mart D\u00fcnya Emek\u00e7i Kad\u0131nlar G\u00fcn\u00fc nedeniyle ba\u015fkent Lefko\u015fa\u2019da y\u00fcr\u00fcy\u00fc\u015f yap\u0131ld\u0131. 8 Mart Organizasyon Komitesi taraf\u0131ndan d\u00fczenlenen y\u00fcr\u00fcy\u00fc\u015f, Kumsal Park\u2019tan ba\u015flad\u0131, Ku\u011fulu Park\u2019ta sona erdi. Cumhurba\u015fkanl\u0131\u011f\u0131 \u00f6n\u00fcnde y\u00fcr\u00fcy\u00fc\u015fe ara verilerek, bas\u0131n a\u00e7\u0131klamas\u0131 yap\u0131ld\u0131. Y\u00fcr\u00fcy\u00fc\u015f\u00fcn ard\u0131ndan Ku\u011fulu Park\u2019ta konser verildi. Y\u00fcr\u00fcy\u00fc\u015fe, ana muhalefet Cumhuriyet\u00e7i T\u00fcrk Partisi (CTP) Genel Ba\u015fkan\u0131 Tufan Erh\u00fcrman, e\u015fi Nilden Bekta\u015f Erh\u00fcrman, Lefko\u015fa","og_url":"https:\/\/kibrisdakik.com\/?p=33293","article_published_time":"2024-03-08T18:38:15+00:00","og_image":[{"width":2480,"height":1656,"url":"https:\/\/kibrisdakik.com\/wp-content\/uploads\/2024\/03\/wqgpdoial-740x420.jpg","type":"image\/jpeg"}],"author":"admin","twitter_card":"summary_large_image","twitter_misc":{"Yazan:":"admin","Tahmini okuma s\u00fcresi":"6 dakika"},"schema":{"@context":"https:\/\/schema.org","@graph":[{"@type":"Article","@id":"https:\/\/kibrisdakik.com\/?p=33293#article","isPartOf":{"@id":"https:\/\/kibrisdakik.com\/?p=33293"},"author":{"name":"admin","@id":"https:\/\/kibrisdakik.com\/#\/schema\/person\/9cd9d437bbb44f72b73ba127e06d8e79"},"headline":"8 Mart D\u00fcnya Emek\u00e7i Kad\u0131nlar G\u00fcn\u00fc nedeniyle Lefko\u015fa\u2019da y\u00fcr\u00fcy\u00fc\u015f d\u00fczenlendi","datePublished":"2024-03-08T18:38:15+00:00","mainEntityOfPage":{"@id":"https:\/\/kibrisdakik.com\/?p=33293"},"wordCount":1221,"commentCount":0,"image":{"@id":"https:\/\/kibrisdakik.com\/?p=33293#primaryimage"},"thumbnailUrl":"https:\/\/kibrisdakik.com\/wp-content\/uploads\/2024\/03\/wqgpdoial-740x420.jpg","articleSection":["G\u00fcndem"],"inLanguage":"tr","potentialAction":[{"@type":"CommentAction","name":"Comment","target":["https:\/\/kibrisdakik.com\/?p=33293#respond"]}]},{"@type":"WebPage","@id":"https:\/\/kibrisdakik.com\/?p=33293","url":"https:\/\/kibrisdakik.com\/?p=33293","name":"8 Mart D\u00fcnya Emek\u00e7i Kad\u0131nlar G\u00fcn\u00fc nedeniyle Lefko\u015fa\u2019da y\u00fcr\u00fcy\u00fc\u015f d\u00fczenlendi -","isPartOf":{"@id":"https:\/\/kibrisdakik.com\/#website"},"primaryImageOfPage":{"@id":"https:\/\/kibrisdakik.com\/?p=33293#primaryimage"},"image":{"@id":"https:\/\/kibrisdakik.com\/?p=33293#primaryimage"},"thumbnailUrl":"https:\/\/kibrisdakik.com\/wp-content\/uploads\/2024\/03\/wqgpdoial-740x420.jpg","datePublished":"2024-03-08T18:38:15+00:00","author":{"@id":"https:\/\/kibrisdakik.com\/#\/schema\/person\/9cd9d437bbb44f72b73ba127e06d8e79"},"breadcrumb":{"@id":"https:\/\/kibrisdakik.com\/?p=33293#breadcrumb"},"inLanguage":"tr","potentialAction":[{"@type":"ReadAction","target":["https:\/\/kibrisdakik.com\/?p=33293"]}]},{"@type":"ImageObject","inLanguage":"tr","@id":"https:\/\/kibrisdakik.com\/?p=33293#primaryimage","url":"https:\/\/kibrisdakik.com\/wp-content\/uploads\/2024\/03\/wqgpdoial-740x420.jpg","contentUrl":"https:\/\/kibrisdakik.com\/wp-content\/uploads\/2024\/03\/wqgpdoial-740x420.jpg","width":2480,"height":1656},{"@type":"BreadcrumbList","@id":"https:\/\/kibrisdakik.com\/?p=33293#breadcrumb","itemListElement":[{"@type":"ListItem","position":1,"name":"Home","item":"https:\/\/kibrisdakik.com\/"},{"@type":"ListItem","position":2,"name":"8 Mart D\u00fcnya Emek\u00e7i Kad\u0131nlar G\u00fcn\u00fc nedeniyle Lefko\u015fa\u2019da y\u00fcr\u00fcy\u00fc\u015f d\u00fczenlendi"}]},{"@type":"WebSite","@id":"https:\/\/kibrisdakik.com\/#website","url":"https:\/\/kibrisdakik.com\/","name":"","description":"Tam vaktinde haber","potentialAction":[{"@type":"SearchAction","target":{"@type":"EntryPoint","urlTemplate":"https:\/\/kibrisdakik.com\/?s={search_term_string}"},"query-input":{"@type":"PropertyValueSpecification","valueRequired":true,"valueName":"search_term_string"}}],"inLanguage":"tr"},{"@type":"Person","@id":"https:\/\/kibrisdakik.com\/#\/schema\/person\/9cd9d437bbb44f72b73ba127e06d8e79","name":"admin","image":{"@type":"ImageObject","inLanguage":"tr","@id":"https:\/\/secure.gravatar.com\/avatar\/ccc17943b9d660506c869530f897617f7cb1c21a4bf30023f252596d83e1f007?s=96&d=mm&r=g","url":"https:\/\/secure.gravatar.com\/avatar\/ccc17943b9d660506c869530f897617f7cb1c21a4bf30023f252596d83e1f007?s=96&d=mm&r=g","contentUrl":"https:\/\/secure.gravatar.com\/avatar\/ccc17943b9d660506c869530f897617f7cb1c21a4bf30023f252596d83e1f007?s=96&d=mm&r=g","caption":"admin"},"sameAs":["https:\/\/kibrisdakik.com"],"url":"https:\/\/kibrisdakik.com\/?author=1"}]}},"_links":{"self":[{"href":"https:\/\/kibrisdakik.com\/index.php?rest_route=\/wp\/v2\/posts\/33293","targetHints":{"allow":["GET"]}}],"collection":[{"href":"https:\/\/kibrisdakik.com\/index.php?rest_route=\/wp\/v2\/posts"}],"about":[{"href":"https:\/\/kibrisdakik.com\/index.php?rest_route=\/wp\/v2\/types\/post"}],"author":[{"embeddable":true,"href":"https:\/\/kibrisdakik.com\/index.php?rest_route=\/wp\/v2\/users\/1"}],"replies":[{"embeddable":true,"href":"https:\/\/kibrisdakik.com\/index.php?rest_route=%2Fwp%2Fv2%2Fcomments&post=33293"}],"version-history":[{"count":0,"href":"https:\/\/kibrisdakik.com\/index.php?rest_route=\/wp\/v2\/posts\/33293\/revisions"}],"wp:featuredmedia":[{"embeddable":true,"href":"https:\/\/kibrisdakik.com\/index.php?rest_route=\/wp\/v2\/media\/33294"}],"wp:attachment":[{"href":"https:\/\/kibrisdakik.com\/index.php?rest_route=%2Fwp%2Fv2%2Fmedia&parent=33293"}],"wp:term":[{"taxonomy":"category","embeddable":true,"href":"https:\/\/kibrisdakik.com\/index.php?rest_route=%2Fwp%2Fv2%2Fcategories&post=33293"},{"taxonomy":"post_tag","embeddable":true,"href":"https:\/\/kibrisdakik.com\/index.php?rest_route=%2Fwp%2Fv2%2Ftags&post=33293"}],"curies":[{"name":"wp","href":"https:\/\/api.w.org\/{rel}","templated":true}]}}