{"id":33327,"date":"2024-03-08T23:43:50","date_gmt":"2024-03-08T23:43:50","guid":{"rendered":"https:\/\/kibrisdakik.com\/index.php\/2024\/03\/08\/cumhurbaskani-tatar-antalyada-kibris-turk-evinin-acilisini-gerceklestirdi\/"},"modified":"2024-03-08T23:43:50","modified_gmt":"2024-03-08T23:43:50","slug":"cumhurbaskani-tatar-antalyada-kibris-turk-evinin-acilisini-gerceklestirdi","status":"publish","type":"post","link":"https:\/\/kibrisdakik.com\/?p=33327","title":{"rendered":"Cumhurba\u015fkan\u0131 Tatar, Antalya\u2019da K\u0131br\u0131s T\u00fcrk Evi\u2019nin a\u00e7\u0131l\u0131\u015f\u0131n\u0131 ger\u00e7ekle\u015ftirdi"},"content":{"rendered":"<p><\/p>\n<div>\n<div class=\"mariselle-image-container center\">\n                <img loading=\"lazy\" decoding=\"async\" width=\"2048\" height=\"1366\" class=\"lazy-image\" alt=\"\" sizes=\"auto, (max-width: 2048px) 100vw, 2048px\" src=\"https:\/\/brtk.net\/wp-content\/uploads\/2024\/03\/08\/antalyada-1974-kibris-turk-evi-acildi-2-.jpeg?ver=451fcb452f867d9f6edd5aeca277befc\" srcset=\"https:\/\/brtk.net\/wp-content\/uploads\/2024\/03\/08\/antalyada-1974-kibris-turk-evi-acildi-2-.jpeg?ver=451fcb452f867d9f6edd5aeca277befc 2048w, https:\/\/brtk.net\/wp-content\/uploads\/2024\/03\/08\/antalyada-1974-kibris-turk-evi-acildi-2--300x200.jpeg?ver=451fcb452f867d9f6edd5aeca277befc 300w, https:\/\/brtk.net\/wp-content\/uploads\/2024\/03\/08\/antalyada-1974-kibris-turk-evi-acildi-2--1024x683.jpeg?ver=addc7cefeb18a157b9a29f3f3d96e379 1024w, https:\/\/brtk.net\/wp-content\/uploads\/2024\/03\/08\/antalyada-1974-kibris-turk-evi-acildi-2--768x512.jpeg?ver=addc7cefeb18a157b9a29f3f3d96e379 768w, https:\/\/brtk.net\/wp-content\/uploads\/2024\/03\/08\/antalyada-1974-kibris-turk-evi-acildi-2--1536x1025.jpeg?ver=c04ad9d7c96b307268f9189ce8abbb60 1536w\"\/>                            <\/div>\n<p>Cumhurba\u015fkan\u0131 <a href=\"https:\/\/brtk.net\/\" target=\"_blank\" rel=\"noopener\"><a href=\"https:\/\/brtk.net\/\" target=\"_blank\" rel=\"noopener\">Ersin <\/a><a href=\"https:\/\/brtk.net\/\"\/><a href=\"https:\/\/brtk.net\/\"\/><a href=\"https:\/\/brtk.net\/\"\/><a href=\"https:\/\/brtk.net\/\"\/><a href=\"https:\/\/brtk.net\/\">Tatar<\/a>, Antalya Kepez Belediyesi taraf\u0131ndan yapt\u0131r\u0131lan 1974 K\u0131br\u0131s T\u00fcrk Evi\u2019nin a\u00e7\u0131l\u0131\u015f\u0131n\u0131 yapt\u0131.<\/p>\n<p>Cumhurba\u015fkanl\u0131\u011f\u0131ndan verilen bilgiye g\u00f6re, Antalya Pil Fabrikas\u0131\u2019n\u0131n 1974\u2019teki Mutlu Bar\u0131\u015f Harekat\u0131\u2019na sa\u011flad\u0131\u011f\u0131 tarihi katk\u0131y\u0131 ya\u015fatmak amac\u0131yla yapt\u0131r\u0131lan K\u0131br\u0131s T\u00fcrk Evi\u2019nde, <a href=\"https:\/\/brtk.net\/\">KKTC<\/a>\u2019nin tarihi, k\u00fclt\u00fcr\u00fc ve milli m\u00fccadele y\u0131llar\u0131 anlat\u0131l\u0131yor.<\/p>\n<p>Kepez Belediye Ba\u015fkan\u0131 Hakan T\u00fct\u00fcnc\u00fc a\u00e7\u0131l\u0131\u015f t\u00f6reninde yapt\u0131\u011f\u0131 konu\u015fmada, 1974 Mutlu Bar\u0131\u015f Bar\u0131\u015f Harekat\u0131\u2019n\u0131n ard\u0131ndan yerli ve milli batarya fabrikas\u0131n\u0131n bu b\u00f6lgede kuruldu\u011funu hat\u0131rlatt\u0131.<\/p>\n<p>O d\u00f6nemlerde T\u00fcrk Silahl\u0131 Kuvvetlerinin ihtiyac\u0131 olan pil ve bataryalar\u0131n s\u00f6z konusu fabrikada \u00fcretildi\u011fini an\u0131msatan T\u00fct\u00fcnc\u00fc, daha sonra kapanan fabrikan\u0131n bulundu\u011fu b\u00f6lgeye b\u00f6ylesi bir evin yap\u0131lmas\u0131n\u0131n \u00f6nemli oldu\u011funu belirtti.<\/p>\n<p>Tarih i\u00e7inde ya\u015fanan s\u0131k\u0131nt\u0131lar\u0131n asla unutulmamas\u0131 gerekti\u011fini dile getiren T\u00fct\u00fcnc\u00fc, a\u00e7\u0131l\u0131\u015f\u0131 ger\u00e7ekle\u015ftirilen ev ile o d\u00f6nemde ya\u015fananlar\u0131n aktar\u0131lmaya \u00e7al\u0131\u015f\u0131laca\u011f\u0131n\u0131 s\u00f6yledi.<\/p>\n<p>Antalya Valisi Hulusi \u015eahin de, K\u0131br\u0131s\u2019\u0131n kendileri i\u00e7in b\u00fcy\u00fck \u00f6nem ta\u015f\u0131d\u0131\u011f\u0131n\u0131 vurgulayarak, T\u00fcrkiye i\u00e7in K\u0131br\u0131s\u2019\u0131n en b\u00fcy\u00fck milli dava oldu\u011funu belirtti.<\/p>\n<p>Cumhurba\u015fkan\u0131 <a href=\"https:\/\/brtk.net\/\" target=\"_blank\" rel=\"noopener\"><a href=\"https:\/\/brtk.net\/\" target=\"_blank\" rel=\"noopener\">Ersin <\/a><a href=\"https:\/\/brtk.net\/\"\/><a href=\"https:\/\/brtk.net\/\"\/><a href=\"https:\/\/brtk.net\/\"\/><a href=\"https:\/\/brtk.net\/\"\/><a href=\"https:\/\/brtk.net\/\">Tatar<\/a> ise \u201c \u2018Ya taksim ya \u00f6l\u00fcm\u2019, \u2018K\u0131br\u0131s T\u00fcrk\u2019t\u00fcr T\u00fcrk kalacakt\u0131r\u2019 diyen b\u00fcy\u00fcklerimizi buradan yad ediyorum\u201d diyerek, K\u0131br\u0131s T\u00fcrk halk\u0131n\u0131n \u0130ngiltere ve Rum-Yunan ikilisine kar\u015f\u0131 m\u00fccadeleler verdi\u011fini anlatt\u0131.<\/p>\n<p>\u0130ngiliz ve Rum-Yunan ikilisine kar\u015f\u0131 m\u00fccadele eden K\u0131br\u0131s T\u00fcrk halk\u0131n\u0131n 1974 Mutlu Bar\u0131\u015f Harekat\u0131 ile \u00f6zg\u00fcrl\u00fc\u011f\u00fcne kavu\u015ftu\u011funu hat\u0131rlatan Cumhurba\u015fkan\u0131 <a href=\"https:\/\/brtk.net\/\"\/><a href=\"https:\/\/brtk.net\/\"\/><a href=\"https:\/\/brtk.net\/\"\/><a href=\"https:\/\/brtk.net\/\"\/><a href=\"https:\/\/brtk.net\/\">Tatar<\/a>, \u201cAnavatan, yavru vatan, Mavi Vatan, birlikte gelece\u011fe emin ad\u0131mlarla y\u00fcr\u00fcyoruz\u201d \u015feklinde konu\u015ftu.<\/p>\n<p>T\u00fcrkiye ile aralar\u0131nda g\u00fc\u00e7l\u00fc bir milli ba\u011f bulundu\u011funu vurgulayan Cumhurba\u015fkan\u0131 <a href=\"https:\/\/brtk.net\/\"\/><a href=\"https:\/\/brtk.net\/\"\/><a href=\"https:\/\/brtk.net\/\"\/><a href=\"https:\/\/brtk.net\/\"\/><a href=\"https:\/\/brtk.net\/\">Tatar<\/a>, Akdeniz\u2019in ba\u015fkalar\u0131n\u0131n y\u00f6netimine ve egemenli\u011fine ge\u00e7mesine asla m\u00fcsaade etmeyeceklerini dile getirdi.<\/p>\n<p>Cumhurba\u015fkan\u0131 <a href=\"https:\/\/brtk.net\/\"\/><a href=\"https:\/\/brtk.net\/\"\/><a href=\"https:\/\/brtk.net\/\"\/><a href=\"https:\/\/brtk.net\/\"\/><a href=\"https:\/\/brtk.net\/\">Tatar<\/a>, federal bir \u00e7at\u0131 alt\u0131nda oynanan oyunun T\u00fcrkiye ile aralar\u0131nda bulunan kadim ve g\u00fc\u00e7l\u00fc ba\u011flar\u0131 koparmaya y\u00f6nelik oldu\u011funa i\u015faret ederek, Rum-Yunan ikilisinin T\u00fcrkiye\u2019yi Do\u011fu Akdeniz\u2019den d\u0131\u015flama siyasetini y\u00fcr\u00fctt\u00fcklerini kaydetti.<\/p>\n<p>T\u00fcrkiye\u2019nin her b\u00f6lgesinde b\u00f6ylesi K\u0131br\u0131s evlerinin olmas\u0131n\u0131 temennisinde bulunan Cumhurba\u015fkan\u0131 <a href=\"https:\/\/brtk.net\/\"\/><a href=\"https:\/\/brtk.net\/\"\/><a href=\"https:\/\/brtk.net\/\"\/><a href=\"https:\/\/brtk.net\/\"\/><a href=\"https:\/\/brtk.net\/\">Tatar<\/a>, \u201cBiz b\u00fcy\u00fck T\u00fcrk milletinin ayr\u0131lmaz ve kopmaz bir par\u00e7as\u0131y\u0131z\u201d dedi.<\/p>\n<\/p><\/div>\n<p><script async\n                    defer\n                    crossorigin=\"anonymous\"\n                    src=\"https:\/\/connect.facebook.net\/tr_TR\/sdk.js#xfbml=1&#038;version=v3.3\"\n            ><\/script><\/p>\n","protected":false},"excerpt":{"rendered":"<p>Cumhurba\u015fkan\u0131 Ersin Tatar, Antalya Kepez Belediyesi taraf\u0131ndan yapt\u0131r\u0131lan 1974 K\u0131br\u0131s T\u00fcrk Evi\u2019nin a\u00e7\u0131l\u0131\u015f\u0131n\u0131 yapt\u0131. Cumhurba\u015fkanl\u0131\u011f\u0131ndan verilen bilgiye g\u00f6re, Antalya Pil Fabrikas\u0131\u2019n\u0131n 1974\u2019teki Mutlu Bar\u0131\u015f Harekat\u0131\u2019na sa\u011flad\u0131\u011f\u0131 tarihi katk\u0131y\u0131 ya\u015fatmak amac\u0131yla yapt\u0131r\u0131lan K\u0131br\u0131s T\u00fcrk Evi\u2019nde, KKTC\u2019nin tarihi, k\u00fclt\u00fcr\u00fc ve milli m\u00fccadele y\u0131llar\u0131 anlat\u0131l\u0131yor. Kepez Belediye Ba\u015fkan\u0131 Hakan T\u00fct\u00fcnc\u00fc a\u00e7\u0131l\u0131\u015f t\u00f6reninde yapt\u0131\u011f\u0131 konu\u015fmada, 1974 Mutlu Bar\u0131\u015f Bar\u0131\u015f<\/p>\n","protected":false},"author":1,"featured_media":33328,"comment_status":"open","ping_status":"open","sticky":false,"template":"","format":"standard","meta":{"footnotes":""},"categories":[1],"tags":[],"class_list":["post-33327","post","type-post","status-publish","format-standard","has-post-thumbnail","hentry","category-gundem"],"yoast_head":"<!-- This site is optimized with the Yoast SEO plugin v27.4 - https:\/\/yoast.com\/product\/yoast-seo-wordpress\/ -->\n<title>Cumhurba\u015fkan\u0131 Tatar, Antalya\u2019da K\u0131br\u0131s T\u00fcrk Evi\u2019nin a\u00e7\u0131l\u0131\u015f\u0131n\u0131 ger\u00e7ekle\u015ftirdi -<\/title>\n<meta name=\"robots\" content=\"index, follow, max-snippet:-1, max-image-preview:large, max-video-preview:-1\" \/>\n<link rel=\"canonical\" href=\"https:\/\/kibrisdakik.com\/?p=33327\" \/>\n<meta property=\"og:locale\" content=\"tr_TR\" \/>\n<meta property=\"og:type\" content=\"article\" \/>\n<meta property=\"og:title\" content=\"Cumhurba\u015fkan\u0131 Tatar, Antalya\u2019da K\u0131br\u0131s T\u00fcrk Evi\u2019nin a\u00e7\u0131l\u0131\u015f\u0131n\u0131 ger\u00e7ekle\u015ftirdi -\" \/>\n<meta property=\"og:description\" content=\"Cumhurba\u015fkan\u0131 Ersin Tatar, Antalya Kepez Belediyesi taraf\u0131ndan yapt\u0131r\u0131lan 1974 K\u0131br\u0131s T\u00fcrk Evi\u2019nin a\u00e7\u0131l\u0131\u015f\u0131n\u0131 yapt\u0131. Cumhurba\u015fkanl\u0131\u011f\u0131ndan verilen bilgiye g\u00f6re, Antalya Pil Fabrikas\u0131\u2019n\u0131n 1974\u2019teki Mutlu Bar\u0131\u015f Harekat\u0131\u2019na sa\u011flad\u0131\u011f\u0131 tarihi katk\u0131y\u0131 ya\u015fatmak amac\u0131yla yapt\u0131r\u0131lan K\u0131br\u0131s T\u00fcrk Evi\u2019nde, KKTC\u2019nin tarihi, k\u00fclt\u00fcr\u00fc ve milli m\u00fccadele y\u0131llar\u0131 anlat\u0131l\u0131yor. Kepez Belediye Ba\u015fkan\u0131 Hakan T\u00fct\u00fcnc\u00fc a\u00e7\u0131l\u0131\u015f t\u00f6reninde yapt\u0131\u011f\u0131 konu\u015fmada, 1974 Mutlu Bar\u0131\u015f Bar\u0131\u015f\" \/>\n<meta property=\"og:url\" content=\"https:\/\/kibrisdakik.com\/?p=33327\" \/>\n<meta property=\"article:published_time\" content=\"2024-03-08T23:43:50+00:00\" \/>\n<meta property=\"og:image\" content=\"https:\/\/kibrisdakik.com\/wp-content\/uploads\/2024\/03\/antalyada-1974-kibris-turk-evi-acildi-2--740x420.jpeg\" \/>\n\t<meta property=\"og:image:width\" content=\"2048\" \/>\n\t<meta property=\"og:image:height\" content=\"1366\" \/>\n\t<meta property=\"og:image:type\" content=\"image\/jpeg\" \/>\n<meta name=\"author\" content=\"admin\" \/>\n<meta name=\"twitter:card\" content=\"summary_large_image\" \/>\n<meta name=\"twitter:label1\" content=\"Yazan:\" \/>\n\t<meta name=\"twitter:data1\" content=\"admin\" \/>\n\t<meta name=\"twitter:label2\" content=\"Tahmini okuma s\u00fcresi\" \/>\n\t<meta name=\"twitter:data2\" content=\"2 dakika\" \/>\n<script type=\"application\/ld+json\" class=\"yoast-schema-graph\">{\"@context\":\"https:\\\/\\\/schema.org\",\"@graph\":[{\"@type\":\"Article\",\"@id\":\"https:\\\/\\\/kibrisdakik.com\\\/?p=33327#article\",\"isPartOf\":{\"@id\":\"https:\\\/\\\/kibrisdakik.com\\\/?p=33327\"},\"author\":{\"name\":\"admin\",\"@id\":\"https:\\\/\\\/kibrisdakik.com\\\/#\\\/schema\\\/person\\\/9cd9d437bbb44f72b73ba127e06d8e79\"},\"headline\":\"Cumhurba\u015fkan\u0131 Tatar, Antalya\u2019da K\u0131br\u0131s T\u00fcrk Evi\u2019nin a\u00e7\u0131l\u0131\u015f\u0131n\u0131 ger\u00e7ekle\u015ftirdi\",\"datePublished\":\"2024-03-08T23:43:50+00:00\",\"mainEntityOfPage\":{\"@id\":\"https:\\\/\\\/kibrisdakik.com\\\/?p=33327\"},\"wordCount\":463,\"commentCount\":0,\"image\":{\"@id\":\"https:\\\/\\\/kibrisdakik.com\\\/?p=33327#primaryimage\"},\"thumbnailUrl\":\"https:\\\/\\\/kibrisdakik.com\\\/wp-content\\\/uploads\\\/2024\\\/03\\\/antalyada-1974-kibris-turk-evi-acildi-2--740x420.jpeg\",\"articleSection\":[\"G\u00fcndem\"],\"inLanguage\":\"tr\",\"potentialAction\":[{\"@type\":\"CommentAction\",\"name\":\"Comment\",\"target\":[\"https:\\\/\\\/kibrisdakik.com\\\/?p=33327#respond\"]}]},{\"@type\":\"WebPage\",\"@id\":\"https:\\\/\\\/kibrisdakik.com\\\/?p=33327\",\"url\":\"https:\\\/\\\/kibrisdakik.com\\\/?p=33327\",\"name\":\"Cumhurba\u015fkan\u0131 Tatar, Antalya\u2019da K\u0131br\u0131s T\u00fcrk Evi\u2019nin a\u00e7\u0131l\u0131\u015f\u0131n\u0131 ger\u00e7ekle\u015ftirdi -\",\"isPartOf\":{\"@id\":\"https:\\\/\\\/kibrisdakik.com\\\/#website\"},\"primaryImageOfPage\":{\"@id\":\"https:\\\/\\\/kibrisdakik.com\\\/?p=33327#primaryimage\"},\"image\":{\"@id\":\"https:\\\/\\\/kibrisdakik.com\\\/?p=33327#primaryimage\"},\"thumbnailUrl\":\"https:\\\/\\\/kibrisdakik.com\\\/wp-content\\\/uploads\\\/2024\\\/03\\\/antalyada-1974-kibris-turk-evi-acildi-2--740x420.jpeg\",\"datePublished\":\"2024-03-08T23:43:50+00:00\",\"author\":{\"@id\":\"https:\\\/\\\/kibrisdakik.com\\\/#\\\/schema\\\/person\\\/9cd9d437bbb44f72b73ba127e06d8e79\"},\"breadcrumb\":{\"@id\":\"https:\\\/\\\/kibrisdakik.com\\\/?p=33327#breadcrumb\"},\"inLanguage\":\"tr\",\"potentialAction\":[{\"@type\":\"ReadAction\",\"target\":[\"https:\\\/\\\/kibrisdakik.com\\\/?p=33327\"]}]},{\"@type\":\"ImageObject\",\"inLanguage\":\"tr\",\"@id\":\"https:\\\/\\\/kibrisdakik.com\\\/?p=33327#primaryimage\",\"url\":\"https:\\\/\\\/kibrisdakik.com\\\/wp-content\\\/uploads\\\/2024\\\/03\\\/antalyada-1974-kibris-turk-evi-acildi-2--740x420.jpeg\",\"contentUrl\":\"https:\\\/\\\/kibrisdakik.com\\\/wp-content\\\/uploads\\\/2024\\\/03\\\/antalyada-1974-kibris-turk-evi-acildi-2--740x420.jpeg\",\"width\":2048,\"height\":1366},{\"@type\":\"BreadcrumbList\",\"@id\":\"https:\\\/\\\/kibrisdakik.com\\\/?p=33327#breadcrumb\",\"itemListElement\":[{\"@type\":\"ListItem\",\"position\":1,\"name\":\"Home\",\"item\":\"https:\\\/\\\/kibrisdakik.com\\\/\"},{\"@type\":\"ListItem\",\"position\":2,\"name\":\"Cumhurba\u015fkan\u0131 Tatar, Antalya\u2019da K\u0131br\u0131s T\u00fcrk Evi\u2019nin a\u00e7\u0131l\u0131\u015f\u0131n\u0131 ger\u00e7ekle\u015ftirdi\"}]},{\"@type\":\"WebSite\",\"@id\":\"https:\\\/\\\/kibrisdakik.com\\\/#website\",\"url\":\"https:\\\/\\\/kibrisdakik.com\\\/\",\"name\":\"\",\"description\":\"Tam vaktinde haber\",\"potentialAction\":[{\"@type\":\"SearchAction\",\"target\":{\"@type\":\"EntryPoint\",\"urlTemplate\":\"https:\\\/\\\/kibrisdakik.com\\\/?s={search_term_string}\"},\"query-input\":{\"@type\":\"PropertyValueSpecification\",\"valueRequired\":true,\"valueName\":\"search_term_string\"}}],\"inLanguage\":\"tr\"},{\"@type\":\"Person\",\"@id\":\"https:\\\/\\\/kibrisdakik.com\\\/#\\\/schema\\\/person\\\/9cd9d437bbb44f72b73ba127e06d8e79\",\"name\":\"admin\",\"image\":{\"@type\":\"ImageObject\",\"inLanguage\":\"tr\",\"@id\":\"https:\\\/\\\/secure.gravatar.com\\\/avatar\\\/ccc17943b9d660506c869530f897617f7cb1c21a4bf30023f252596d83e1f007?s=96&d=mm&r=g\",\"url\":\"https:\\\/\\\/secure.gravatar.com\\\/avatar\\\/ccc17943b9d660506c869530f897617f7cb1c21a4bf30023f252596d83e1f007?s=96&d=mm&r=g\",\"contentUrl\":\"https:\\\/\\\/secure.gravatar.com\\\/avatar\\\/ccc17943b9d660506c869530f897617f7cb1c21a4bf30023f252596d83e1f007?s=96&d=mm&r=g\",\"caption\":\"admin\"},\"sameAs\":[\"https:\\\/\\\/kibrisdakik.com\"],\"url\":\"https:\\\/\\\/kibrisdakik.com\\\/?author=1\"}]}<\/script>\n<!-- \/ Yoast SEO plugin. -->","yoast_head_json":{"title":"Cumhurba\u015fkan\u0131 Tatar, Antalya\u2019da K\u0131br\u0131s T\u00fcrk Evi\u2019nin a\u00e7\u0131l\u0131\u015f\u0131n\u0131 ger\u00e7ekle\u015ftirdi -","robots":{"index":"index","follow":"follow","max-snippet":"max-snippet:-1","max-image-preview":"max-image-preview:large","max-video-preview":"max-video-preview:-1"},"canonical":"https:\/\/kibrisdakik.com\/?p=33327","og_locale":"tr_TR","og_type":"article","og_title":"Cumhurba\u015fkan\u0131 Tatar, Antalya\u2019da K\u0131br\u0131s T\u00fcrk Evi\u2019nin a\u00e7\u0131l\u0131\u015f\u0131n\u0131 ger\u00e7ekle\u015ftirdi -","og_description":"Cumhurba\u015fkan\u0131 Ersin Tatar, Antalya Kepez Belediyesi taraf\u0131ndan yapt\u0131r\u0131lan 1974 K\u0131br\u0131s T\u00fcrk Evi\u2019nin a\u00e7\u0131l\u0131\u015f\u0131n\u0131 yapt\u0131. Cumhurba\u015fkanl\u0131\u011f\u0131ndan verilen bilgiye g\u00f6re, Antalya Pil Fabrikas\u0131\u2019n\u0131n 1974\u2019teki Mutlu Bar\u0131\u015f Harekat\u0131\u2019na sa\u011flad\u0131\u011f\u0131 tarihi katk\u0131y\u0131 ya\u015fatmak amac\u0131yla yapt\u0131r\u0131lan K\u0131br\u0131s T\u00fcrk Evi\u2019nde, KKTC\u2019nin tarihi, k\u00fclt\u00fcr\u00fc ve milli m\u00fccadele y\u0131llar\u0131 anlat\u0131l\u0131yor. Kepez Belediye Ba\u015fkan\u0131 Hakan T\u00fct\u00fcnc\u00fc a\u00e7\u0131l\u0131\u015f t\u00f6reninde yapt\u0131\u011f\u0131 konu\u015fmada, 1974 Mutlu Bar\u0131\u015f Bar\u0131\u015f","og_url":"https:\/\/kibrisdakik.com\/?p=33327","article_published_time":"2024-03-08T23:43:50+00:00","og_image":[{"width":2048,"height":1366,"url":"https:\/\/kibrisdakik.com\/wp-content\/uploads\/2024\/03\/antalyada-1974-kibris-turk-evi-acildi-2--740x420.jpeg","type":"image\/jpeg"}],"author":"admin","twitter_card":"summary_large_image","twitter_misc":{"Yazan:":"admin","Tahmini okuma s\u00fcresi":"2 dakika"},"schema":{"@context":"https:\/\/schema.org","@graph":[{"@type":"Article","@id":"https:\/\/kibrisdakik.com\/?p=33327#article","isPartOf":{"@id":"https:\/\/kibrisdakik.com\/?p=33327"},"author":{"name":"admin","@id":"https:\/\/kibrisdakik.com\/#\/schema\/person\/9cd9d437bbb44f72b73ba127e06d8e79"},"headline":"Cumhurba\u015fkan\u0131 Tatar, Antalya\u2019da K\u0131br\u0131s T\u00fcrk Evi\u2019nin a\u00e7\u0131l\u0131\u015f\u0131n\u0131 ger\u00e7ekle\u015ftirdi","datePublished":"2024-03-08T23:43:50+00:00","mainEntityOfPage":{"@id":"https:\/\/kibrisdakik.com\/?p=33327"},"wordCount":463,"commentCount":0,"image":{"@id":"https:\/\/kibrisdakik.com\/?p=33327#primaryimage"},"thumbnailUrl":"https:\/\/kibrisdakik.com\/wp-content\/uploads\/2024\/03\/antalyada-1974-kibris-turk-evi-acildi-2--740x420.jpeg","articleSection":["G\u00fcndem"],"inLanguage":"tr","potentialAction":[{"@type":"CommentAction","name":"Comment","target":["https:\/\/kibrisdakik.com\/?p=33327#respond"]}]},{"@type":"WebPage","@id":"https:\/\/kibrisdakik.com\/?p=33327","url":"https:\/\/kibrisdakik.com\/?p=33327","name":"Cumhurba\u015fkan\u0131 Tatar, Antalya\u2019da K\u0131br\u0131s T\u00fcrk Evi\u2019nin a\u00e7\u0131l\u0131\u015f\u0131n\u0131 ger\u00e7ekle\u015ftirdi -","isPartOf":{"@id":"https:\/\/kibrisdakik.com\/#website"},"primaryImageOfPage":{"@id":"https:\/\/kibrisdakik.com\/?p=33327#primaryimage"},"image":{"@id":"https:\/\/kibrisdakik.com\/?p=33327#primaryimage"},"thumbnailUrl":"https:\/\/kibrisdakik.com\/wp-content\/uploads\/2024\/03\/antalyada-1974-kibris-turk-evi-acildi-2--740x420.jpeg","datePublished":"2024-03-08T23:43:50+00:00","author":{"@id":"https:\/\/kibrisdakik.com\/#\/schema\/person\/9cd9d437bbb44f72b73ba127e06d8e79"},"breadcrumb":{"@id":"https:\/\/kibrisdakik.com\/?p=33327#breadcrumb"},"inLanguage":"tr","potentialAction":[{"@type":"ReadAction","target":["https:\/\/kibrisdakik.com\/?p=33327"]}]},{"@type":"ImageObject","inLanguage":"tr","@id":"https:\/\/kibrisdakik.com\/?p=33327#primaryimage","url":"https:\/\/kibrisdakik.com\/wp-content\/uploads\/2024\/03\/antalyada-1974-kibris-turk-evi-acildi-2--740x420.jpeg","contentUrl":"https:\/\/kibrisdakik.com\/wp-content\/uploads\/2024\/03\/antalyada-1974-kibris-turk-evi-acildi-2--740x420.jpeg","width":2048,"height":1366},{"@type":"BreadcrumbList","@id":"https:\/\/kibrisdakik.com\/?p=33327#breadcrumb","itemListElement":[{"@type":"ListItem","position":1,"name":"Home","item":"https:\/\/kibrisdakik.com\/"},{"@type":"ListItem","position":2,"name":"Cumhurba\u015fkan\u0131 Tatar, Antalya\u2019da K\u0131br\u0131s T\u00fcrk Evi\u2019nin a\u00e7\u0131l\u0131\u015f\u0131n\u0131 ger\u00e7ekle\u015ftirdi"}]},{"@type":"WebSite","@id":"https:\/\/kibrisdakik.com\/#website","url":"https:\/\/kibrisdakik.com\/","name":"","description":"Tam vaktinde haber","potentialAction":[{"@type":"SearchAction","target":{"@type":"EntryPoint","urlTemplate":"https:\/\/kibrisdakik.com\/?s={search_term_string}"},"query-input":{"@type":"PropertyValueSpecification","valueRequired":true,"valueName":"search_term_string"}}],"inLanguage":"tr"},{"@type":"Person","@id":"https:\/\/kibrisdakik.com\/#\/schema\/person\/9cd9d437bbb44f72b73ba127e06d8e79","name":"admin","image":{"@type":"ImageObject","inLanguage":"tr","@id":"https:\/\/secure.gravatar.com\/avatar\/ccc17943b9d660506c869530f897617f7cb1c21a4bf30023f252596d83e1f007?s=96&d=mm&r=g","url":"https:\/\/secure.gravatar.com\/avatar\/ccc17943b9d660506c869530f897617f7cb1c21a4bf30023f252596d83e1f007?s=96&d=mm&r=g","contentUrl":"https:\/\/secure.gravatar.com\/avatar\/ccc17943b9d660506c869530f897617f7cb1c21a4bf30023f252596d83e1f007?s=96&d=mm&r=g","caption":"admin"},"sameAs":["https:\/\/kibrisdakik.com"],"url":"https:\/\/kibrisdakik.com\/?author=1"}]}},"_links":{"self":[{"href":"https:\/\/kibrisdakik.com\/index.php?rest_route=\/wp\/v2\/posts\/33327","targetHints":{"allow":["GET"]}}],"collection":[{"href":"https:\/\/kibrisdakik.com\/index.php?rest_route=\/wp\/v2\/posts"}],"about":[{"href":"https:\/\/kibrisdakik.com\/index.php?rest_route=\/wp\/v2\/types\/post"}],"author":[{"embeddable":true,"href":"https:\/\/kibrisdakik.com\/index.php?rest_route=\/wp\/v2\/users\/1"}],"replies":[{"embeddable":true,"href":"https:\/\/kibrisdakik.com\/index.php?rest_route=%2Fwp%2Fv2%2Fcomments&post=33327"}],"version-history":[{"count":0,"href":"https:\/\/kibrisdakik.com\/index.php?rest_route=\/wp\/v2\/posts\/33327\/revisions"}],"wp:featuredmedia":[{"embeddable":true,"href":"https:\/\/kibrisdakik.com\/index.php?rest_route=\/wp\/v2\/media\/33328"}],"wp:attachment":[{"href":"https:\/\/kibrisdakik.com\/index.php?rest_route=%2Fwp%2Fv2%2Fmedia&parent=33327"}],"wp:term":[{"taxonomy":"category","embeddable":true,"href":"https:\/\/kibrisdakik.com\/index.php?rest_route=%2Fwp%2Fv2%2Fcategories&post=33327"},{"taxonomy":"post_tag","embeddable":true,"href":"https:\/\/kibrisdakik.com\/index.php?rest_route=%2Fwp%2Fv2%2Ftags&post=33327"}],"curies":[{"name":"wp","href":"https:\/\/api.w.org\/{rel}","templated":true}]}}