{"id":33351,"date":"2024-03-09T04:30:31","date_gmt":"2024-03-09T04:30:31","guid":{"rendered":"https:\/\/kibrisdakik.com\/index.php\/2024\/03\/09\/tatar-yodak-baskani-avcinin-gorevden-alinmasi-icin-yuksek-adliye-kuruluna-basvurdu\/"},"modified":"2024-03-09T04:30:31","modified_gmt":"2024-03-09T04:30:31","slug":"tatar-yodak-baskani-avcinin-gorevden-alinmasi-icin-yuksek-adliye-kuruluna-basvurdu","status":"publish","type":"post","link":"https:\/\/kibrisdakik.com\/?p=33351","title":{"rendered":"Tatar, Y\u00d6DAK Ba\u015fkan\u0131 Avc\u0131\u2019n\u0131n g\u00f6revden al\u0131nmas\u0131 i\u00e7in Y\u00fcksek Adliye Kuruluna ba\u015fvurdu&#8230;"},"content":{"rendered":"<p><img decoding=\"async\" src=\"https:\/\/www.kibristurk.com\/images\/haberler\/2024\/03\/tatar-yodak-baskani-avcinin-gorevden-alinmasi-icin-yuksek-adliye-kuruluna-basvurdu-1709917051.webp\" \/><\/p>\n<p style=\"text-align:left\"><span style=\"font-size:16px\"><span style=\"font-family:Merriweather,serif !important\"><span style=\"color:#000000\"><span style=\"background-color:#ffffff\">Bir s\u00fcredir kamuoyunda \u201cCumhurba\u015fkan\u0131 Y\u00d6DAK Ba\u015fkan\u0131\u2019n\u0131 neden g\u00f6revden alm\u0131yor\u201d y\u00f6n\u00fcnde serzeni\u015fler oldu\u011funu belirten Tatar, Y\u00fcksek\u00f6\u011fretim Yasas\u0131 uyar\u0131nca Avc\u0131\u2019n\u0131n g\u00f6revden al\u0131nmas\u0131n\u0131n Y\u00fcksek Adliye Kurulunun de\u011ferlendirmesi sonras\u0131nda m\u00fcmk\u00fcn olabilece\u011fini kaydetti.<\/span><\/span><\/span><\/span><\/p>\n<p style=\"text-align:left\">&nbsp;<\/p>\n<p style=\"text-align:left\"><span style=\"font-size:16px\"><span style=\"font-family:Merriweather,serif !important\"><span style=\"color:#000000\"><span style=\"background-color:#ffffff\">Tatar, \u201cBizim birini korumak gibi bir niyetimiz, asla olamaz\u2026 KKTC bir hukuk devletidir ve ba\u011f\u0131ms\u0131z yarg\u0131ya g\u00fcvenimiz tamd\u0131r\u201d dedi<\/span><\/span><\/span><\/span><\/p>\n<p style=\"text-align:left\">&nbsp;<\/p>\n<p style=\"text-align:left\"><span style=\"font-size:16px\"><span style=\"font-family:Merriweather,serif !important\"><span style=\"color:#000000\"><span style=\"background-color:#ffffff\">Konuyla ilgili T\u00fcrk Ajans\u0131 K\u0131br\u0131s\u2019a (TAK) k\u0131sa bir a\u00e7\u0131klama yapan Tatar, K\u0131br\u0131s Sa\u011fl\u0131k ve Toplum Bilimleri \u00dcniversitesi ile ilgili ya\u015fanan son geli\u015fmelerin ard\u0131ndan Y\u00d6DAK Ba\u015fkan\u0131 Prof. Dr. Turgay Avc\u0131 ile ilgili birtak\u0131m iddialar\u0131n da g\u00fcndeme geldi\u011fini an\u0131msatt\u0131.<\/span><\/span><\/span><\/span><\/p>\n<p style=\"text-align:left\">&nbsp;<\/p>\n<p style=\"text-align:left\"><span style=\"font-size:16px\"><span style=\"font-family:Merriweather,serif !important\"><span style=\"color:#000000\"><span style=\"background-color:#ffffff\">Tatar, \u00fclkeye d\u00f6n\u00fc\u015f\u00fcnde, m\u00fcste\u015far\u0131 ve hukuk\u00e7usuyla yapt\u0131\u011f\u0131 de\u011ferlendirme sonras\u0131nda haz\u0131rlanan yaz\u0131y\u0131 Y\u00fcksek Adliye Kuruluna iletilmek \u00fczere imzalad\u0131\u011f\u0131n\u0131 s\u00f6yleyerek, yarg\u0131ya g\u00fcveninin tam oldu\u011funu yineledi.<\/span><\/span><\/span><\/span><\/p>\n","protected":false},"excerpt":{"rendered":"<p>Bir s\u00fcredir kamuoyunda \u201cCumhurba\u015fkan\u0131 Y\u00d6DAK Ba\u015fkan\u0131\u2019n\u0131 neden g\u00f6revden alm\u0131yor\u201d y\u00f6n\u00fcnde serzeni\u015fler oldu\u011funu belirten Tatar, Y\u00fcksek\u00f6\u011fretim Yasas\u0131 uyar\u0131nca Avc\u0131\u2019n\u0131n g\u00f6revden al\u0131nmas\u0131n\u0131n Y\u00fcksek Adliye Kurulunun de\u011ferlendirmesi sonras\u0131nda m\u00fcmk\u00fcn olabilece\u011fini kaydetti. &nbsp; Tatar, \u201cBizim birini korumak gibi bir niyetimiz, asla olamaz\u2026 KKTC bir hukuk devletidir ve ba\u011f\u0131ms\u0131z yarg\u0131ya g\u00fcvenimiz tamd\u0131r\u201d dedi &nbsp; Konuyla ilgili T\u00fcrk Ajans\u0131 K\u0131br\u0131s\u2019a (TAK)<\/p>\n","protected":false},"author":1,"featured_media":33352,"comment_status":"open","ping_status":"open","sticky":false,"template":"","format":"standard","meta":{"footnotes":""},"categories":[79],"tags":[],"class_list":["post-33351","post","type-post","status-publish","format-standard","has-post-thumbnail","hentry","category-ekonomi"],"yoast_head":"<!-- This site is optimized with the Yoast SEO plugin v27.4 - https:\/\/yoast.com\/product\/yoast-seo-wordpress\/ -->\n<title>Tatar, Y\u00d6DAK Ba\u015fkan\u0131 Avc\u0131\u2019n\u0131n g\u00f6revden al\u0131nmas\u0131 i\u00e7in Y\u00fcksek Adliye Kuruluna ba\u015fvurdu... -<\/title>\n<meta name=\"robots\" content=\"index, follow, max-snippet:-1, max-image-preview:large, max-video-preview:-1\" \/>\n<link rel=\"canonical\" href=\"https:\/\/kibrisdakik.com\/?p=33351\" \/>\n<meta property=\"og:locale\" content=\"tr_TR\" \/>\n<meta property=\"og:type\" content=\"article\" \/>\n<meta property=\"og:title\" content=\"Tatar, Y\u00d6DAK Ba\u015fkan\u0131 Avc\u0131\u2019n\u0131n g\u00f6revden al\u0131nmas\u0131 i\u00e7in Y\u00fcksek Adliye Kuruluna ba\u015fvurdu... -\" \/>\n<meta property=\"og:description\" content=\"Bir s\u00fcredir kamuoyunda \u201cCumhurba\u015fkan\u0131 Y\u00d6DAK Ba\u015fkan\u0131\u2019n\u0131 neden g\u00f6revden alm\u0131yor\u201d y\u00f6n\u00fcnde serzeni\u015fler oldu\u011funu belirten Tatar, Y\u00fcksek\u00f6\u011fretim Yasas\u0131 uyar\u0131nca Avc\u0131\u2019n\u0131n g\u00f6revden al\u0131nmas\u0131n\u0131n Y\u00fcksek Adliye Kurulunun de\u011ferlendirmesi sonras\u0131nda m\u00fcmk\u00fcn olabilece\u011fini kaydetti. &nbsp; Tatar, \u201cBizim birini korumak gibi bir niyetimiz, asla olamaz\u2026 KKTC bir hukuk devletidir ve ba\u011f\u0131ms\u0131z yarg\u0131ya g\u00fcvenimiz tamd\u0131r\u201d dedi &nbsp; Konuyla ilgili T\u00fcrk Ajans\u0131 K\u0131br\u0131s\u2019a (TAK)\" \/>\n<meta property=\"og:url\" content=\"https:\/\/kibrisdakik.com\/?p=33351\" \/>\n<meta property=\"article:published_time\" content=\"2024-03-09T04:30:31+00:00\" \/>\n<meta property=\"og:image\" content=\"https:\/\/kibrisdakik.com\/wp-content\/uploads\/2024\/03\/tatar-yodak-baskani-avcinin-gorevden-alinmasi-icin-yuksek-adliye-kuruluna-basvurdu-1709917051.webp.webp\" \/>\n\t<meta property=\"og:image:width\" content=\"710\" \/>\n\t<meta property=\"og:image:height\" content=\"370\" \/>\n\t<meta property=\"og:image:type\" content=\"image\/webp\" \/>\n<meta name=\"author\" content=\"admin\" \/>\n<meta name=\"twitter:card\" content=\"summary_large_image\" \/>\n<meta name=\"twitter:label1\" content=\"Yazan:\" \/>\n\t<meta name=\"twitter:data1\" content=\"admin\" \/>\n\t<meta name=\"twitter:label2\" content=\"Tahmini okuma s\u00fcresi\" \/>\n\t<meta name=\"twitter:data2\" content=\"1 dakika\" \/>\n<script type=\"application\/ld+json\" class=\"yoast-schema-graph\">{\"@context\":\"https:\\\/\\\/schema.org\",\"@graph\":[{\"@type\":\"Article\",\"@id\":\"https:\\\/\\\/kibrisdakik.com\\\/?p=33351#article\",\"isPartOf\":{\"@id\":\"https:\\\/\\\/kibrisdakik.com\\\/?p=33351\"},\"author\":{\"name\":\"admin\",\"@id\":\"https:\\\/\\\/kibrisdakik.com\\\/#\\\/schema\\\/person\\\/9cd9d437bbb44f72b73ba127e06d8e79\"},\"headline\":\"Tatar, Y\u00d6DAK Ba\u015fkan\u0131 Avc\u0131\u2019n\u0131n g\u00f6revden al\u0131nmas\u0131 i\u00e7in Y\u00fcksek Adliye Kuruluna ba\u015fvurdu&#8230;\",\"datePublished\":\"2024-03-09T04:30:31+00:00\",\"mainEntityOfPage\":{\"@id\":\"https:\\\/\\\/kibrisdakik.com\\\/?p=33351\"},\"wordCount\":196,\"commentCount\":0,\"image\":{\"@id\":\"https:\\\/\\\/kibrisdakik.com\\\/?p=33351#primaryimage\"},\"thumbnailUrl\":\"https:\\\/\\\/kibrisdakik.com\\\/wp-content\\\/uploads\\\/2024\\\/03\\\/tatar-yodak-baskani-avcinin-gorevden-alinmasi-icin-yuksek-adliye-kuruluna-basvurdu-1709917051.webp.webp\",\"articleSection\":[\"Ekonomi\"],\"inLanguage\":\"tr\",\"potentialAction\":[{\"@type\":\"CommentAction\",\"name\":\"Comment\",\"target\":[\"https:\\\/\\\/kibrisdakik.com\\\/?p=33351#respond\"]}]},{\"@type\":\"WebPage\",\"@id\":\"https:\\\/\\\/kibrisdakik.com\\\/?p=33351\",\"url\":\"https:\\\/\\\/kibrisdakik.com\\\/?p=33351\",\"name\":\"Tatar, Y\u00d6DAK Ba\u015fkan\u0131 Avc\u0131\u2019n\u0131n g\u00f6revden al\u0131nmas\u0131 i\u00e7in Y\u00fcksek Adliye Kuruluna ba\u015fvurdu... -\",\"isPartOf\":{\"@id\":\"https:\\\/\\\/kibrisdakik.com\\\/#website\"},\"primaryImageOfPage\":{\"@id\":\"https:\\\/\\\/kibrisdakik.com\\\/?p=33351#primaryimage\"},\"image\":{\"@id\":\"https:\\\/\\\/kibrisdakik.com\\\/?p=33351#primaryimage\"},\"thumbnailUrl\":\"https:\\\/\\\/kibrisdakik.com\\\/wp-content\\\/uploads\\\/2024\\\/03\\\/tatar-yodak-baskani-avcinin-gorevden-alinmasi-icin-yuksek-adliye-kuruluna-basvurdu-1709917051.webp.webp\",\"datePublished\":\"2024-03-09T04:30:31+00:00\",\"author\":{\"@id\":\"https:\\\/\\\/kibrisdakik.com\\\/#\\\/schema\\\/person\\\/9cd9d437bbb44f72b73ba127e06d8e79\"},\"breadcrumb\":{\"@id\":\"https:\\\/\\\/kibrisdakik.com\\\/?p=33351#breadcrumb\"},\"inLanguage\":\"tr\",\"potentialAction\":[{\"@type\":\"ReadAction\",\"target\":[\"https:\\\/\\\/kibrisdakik.com\\\/?p=33351\"]}]},{\"@type\":\"ImageObject\",\"inLanguage\":\"tr\",\"@id\":\"https:\\\/\\\/kibrisdakik.com\\\/?p=33351#primaryimage\",\"url\":\"https:\\\/\\\/kibrisdakik.com\\\/wp-content\\\/uploads\\\/2024\\\/03\\\/tatar-yodak-baskani-avcinin-gorevden-alinmasi-icin-yuksek-adliye-kuruluna-basvurdu-1709917051.webp.webp\",\"contentUrl\":\"https:\\\/\\\/kibrisdakik.com\\\/wp-content\\\/uploads\\\/2024\\\/03\\\/tatar-yodak-baskani-avcinin-gorevden-alinmasi-icin-yuksek-adliye-kuruluna-basvurdu-1709917051.webp.webp\",\"width\":710,\"height\":370},{\"@type\":\"BreadcrumbList\",\"@id\":\"https:\\\/\\\/kibrisdakik.com\\\/?p=33351#breadcrumb\",\"itemListElement\":[{\"@type\":\"ListItem\",\"position\":1,\"name\":\"Home\",\"item\":\"https:\\\/\\\/kibrisdakik.com\\\/\"},{\"@type\":\"ListItem\",\"position\":2,\"name\":\"Tatar, Y\u00d6DAK Ba\u015fkan\u0131 Avc\u0131\u2019n\u0131n g\u00f6revden al\u0131nmas\u0131 i\u00e7in Y\u00fcksek Adliye Kuruluna ba\u015fvurdu&#8230;\"}]},{\"@type\":\"WebSite\",\"@id\":\"https:\\\/\\\/kibrisdakik.com\\\/#website\",\"url\":\"https:\\\/\\\/kibrisdakik.com\\\/\",\"name\":\"\",\"description\":\"Tam vaktinde haber\",\"potentialAction\":[{\"@type\":\"SearchAction\",\"target\":{\"@type\":\"EntryPoint\",\"urlTemplate\":\"https:\\\/\\\/kibrisdakik.com\\\/?s={search_term_string}\"},\"query-input\":{\"@type\":\"PropertyValueSpecification\",\"valueRequired\":true,\"valueName\":\"search_term_string\"}}],\"inLanguage\":\"tr\"},{\"@type\":\"Person\",\"@id\":\"https:\\\/\\\/kibrisdakik.com\\\/#\\\/schema\\\/person\\\/9cd9d437bbb44f72b73ba127e06d8e79\",\"name\":\"admin\",\"image\":{\"@type\":\"ImageObject\",\"inLanguage\":\"tr\",\"@id\":\"https:\\\/\\\/secure.gravatar.com\\\/avatar\\\/ccc17943b9d660506c869530f897617f7cb1c21a4bf30023f252596d83e1f007?s=96&d=mm&r=g\",\"url\":\"https:\\\/\\\/secure.gravatar.com\\\/avatar\\\/ccc17943b9d660506c869530f897617f7cb1c21a4bf30023f252596d83e1f007?s=96&d=mm&r=g\",\"contentUrl\":\"https:\\\/\\\/secure.gravatar.com\\\/avatar\\\/ccc17943b9d660506c869530f897617f7cb1c21a4bf30023f252596d83e1f007?s=96&d=mm&r=g\",\"caption\":\"admin\"},\"sameAs\":[\"https:\\\/\\\/kibrisdakik.com\"],\"url\":\"https:\\\/\\\/kibrisdakik.com\\\/?author=1\"}]}<\/script>\n<!-- \/ Yoast SEO plugin. -->","yoast_head_json":{"title":"Tatar, Y\u00d6DAK Ba\u015fkan\u0131 Avc\u0131\u2019n\u0131n g\u00f6revden al\u0131nmas\u0131 i\u00e7in Y\u00fcksek Adliye Kuruluna ba\u015fvurdu... -","robots":{"index":"index","follow":"follow","max-snippet":"max-snippet:-1","max-image-preview":"max-image-preview:large","max-video-preview":"max-video-preview:-1"},"canonical":"https:\/\/kibrisdakik.com\/?p=33351","og_locale":"tr_TR","og_type":"article","og_title":"Tatar, Y\u00d6DAK Ba\u015fkan\u0131 Avc\u0131\u2019n\u0131n g\u00f6revden al\u0131nmas\u0131 i\u00e7in Y\u00fcksek Adliye Kuruluna ba\u015fvurdu... -","og_description":"Bir s\u00fcredir kamuoyunda \u201cCumhurba\u015fkan\u0131 Y\u00d6DAK Ba\u015fkan\u0131\u2019n\u0131 neden g\u00f6revden alm\u0131yor\u201d y\u00f6n\u00fcnde serzeni\u015fler oldu\u011funu belirten Tatar, Y\u00fcksek\u00f6\u011fretim Yasas\u0131 uyar\u0131nca Avc\u0131\u2019n\u0131n g\u00f6revden al\u0131nmas\u0131n\u0131n Y\u00fcksek Adliye Kurulunun de\u011ferlendirmesi sonras\u0131nda m\u00fcmk\u00fcn olabilece\u011fini kaydetti. &nbsp; Tatar, \u201cBizim birini korumak gibi bir niyetimiz, asla olamaz\u2026 KKTC bir hukuk devletidir ve ba\u011f\u0131ms\u0131z yarg\u0131ya g\u00fcvenimiz tamd\u0131r\u201d dedi &nbsp; Konuyla ilgili T\u00fcrk Ajans\u0131 K\u0131br\u0131s\u2019a (TAK)","og_url":"https:\/\/kibrisdakik.com\/?p=33351","article_published_time":"2024-03-09T04:30:31+00:00","og_image":[{"width":710,"height":370,"url":"https:\/\/kibrisdakik.com\/wp-content\/uploads\/2024\/03\/tatar-yodak-baskani-avcinin-gorevden-alinmasi-icin-yuksek-adliye-kuruluna-basvurdu-1709917051.webp.webp","type":"image\/webp"}],"author":"admin","twitter_card":"summary_large_image","twitter_misc":{"Yazan:":"admin","Tahmini okuma s\u00fcresi":"1 dakika"},"schema":{"@context":"https:\/\/schema.org","@graph":[{"@type":"Article","@id":"https:\/\/kibrisdakik.com\/?p=33351#article","isPartOf":{"@id":"https:\/\/kibrisdakik.com\/?p=33351"},"author":{"name":"admin","@id":"https:\/\/kibrisdakik.com\/#\/schema\/person\/9cd9d437bbb44f72b73ba127e06d8e79"},"headline":"Tatar, Y\u00d6DAK Ba\u015fkan\u0131 Avc\u0131\u2019n\u0131n g\u00f6revden al\u0131nmas\u0131 i\u00e7in Y\u00fcksek Adliye Kuruluna ba\u015fvurdu&#8230;","datePublished":"2024-03-09T04:30:31+00:00","mainEntityOfPage":{"@id":"https:\/\/kibrisdakik.com\/?p=33351"},"wordCount":196,"commentCount":0,"image":{"@id":"https:\/\/kibrisdakik.com\/?p=33351#primaryimage"},"thumbnailUrl":"https:\/\/kibrisdakik.com\/wp-content\/uploads\/2024\/03\/tatar-yodak-baskani-avcinin-gorevden-alinmasi-icin-yuksek-adliye-kuruluna-basvurdu-1709917051.webp.webp","articleSection":["Ekonomi"],"inLanguage":"tr","potentialAction":[{"@type":"CommentAction","name":"Comment","target":["https:\/\/kibrisdakik.com\/?p=33351#respond"]}]},{"@type":"WebPage","@id":"https:\/\/kibrisdakik.com\/?p=33351","url":"https:\/\/kibrisdakik.com\/?p=33351","name":"Tatar, Y\u00d6DAK Ba\u015fkan\u0131 Avc\u0131\u2019n\u0131n g\u00f6revden al\u0131nmas\u0131 i\u00e7in Y\u00fcksek Adliye Kuruluna ba\u015fvurdu... -","isPartOf":{"@id":"https:\/\/kibrisdakik.com\/#website"},"primaryImageOfPage":{"@id":"https:\/\/kibrisdakik.com\/?p=33351#primaryimage"},"image":{"@id":"https:\/\/kibrisdakik.com\/?p=33351#primaryimage"},"thumbnailUrl":"https:\/\/kibrisdakik.com\/wp-content\/uploads\/2024\/03\/tatar-yodak-baskani-avcinin-gorevden-alinmasi-icin-yuksek-adliye-kuruluna-basvurdu-1709917051.webp.webp","datePublished":"2024-03-09T04:30:31+00:00","author":{"@id":"https:\/\/kibrisdakik.com\/#\/schema\/person\/9cd9d437bbb44f72b73ba127e06d8e79"},"breadcrumb":{"@id":"https:\/\/kibrisdakik.com\/?p=33351#breadcrumb"},"inLanguage":"tr","potentialAction":[{"@type":"ReadAction","target":["https:\/\/kibrisdakik.com\/?p=33351"]}]},{"@type":"ImageObject","inLanguage":"tr","@id":"https:\/\/kibrisdakik.com\/?p=33351#primaryimage","url":"https:\/\/kibrisdakik.com\/wp-content\/uploads\/2024\/03\/tatar-yodak-baskani-avcinin-gorevden-alinmasi-icin-yuksek-adliye-kuruluna-basvurdu-1709917051.webp.webp","contentUrl":"https:\/\/kibrisdakik.com\/wp-content\/uploads\/2024\/03\/tatar-yodak-baskani-avcinin-gorevden-alinmasi-icin-yuksek-adliye-kuruluna-basvurdu-1709917051.webp.webp","width":710,"height":370},{"@type":"BreadcrumbList","@id":"https:\/\/kibrisdakik.com\/?p=33351#breadcrumb","itemListElement":[{"@type":"ListItem","position":1,"name":"Home","item":"https:\/\/kibrisdakik.com\/"},{"@type":"ListItem","position":2,"name":"Tatar, Y\u00d6DAK Ba\u015fkan\u0131 Avc\u0131\u2019n\u0131n g\u00f6revden al\u0131nmas\u0131 i\u00e7in Y\u00fcksek Adliye Kuruluna ba\u015fvurdu&#8230;"}]},{"@type":"WebSite","@id":"https:\/\/kibrisdakik.com\/#website","url":"https:\/\/kibrisdakik.com\/","name":"","description":"Tam vaktinde haber","potentialAction":[{"@type":"SearchAction","target":{"@type":"EntryPoint","urlTemplate":"https:\/\/kibrisdakik.com\/?s={search_term_string}"},"query-input":{"@type":"PropertyValueSpecification","valueRequired":true,"valueName":"search_term_string"}}],"inLanguage":"tr"},{"@type":"Person","@id":"https:\/\/kibrisdakik.com\/#\/schema\/person\/9cd9d437bbb44f72b73ba127e06d8e79","name":"admin","image":{"@type":"ImageObject","inLanguage":"tr","@id":"https:\/\/secure.gravatar.com\/avatar\/ccc17943b9d660506c869530f897617f7cb1c21a4bf30023f252596d83e1f007?s=96&d=mm&r=g","url":"https:\/\/secure.gravatar.com\/avatar\/ccc17943b9d660506c869530f897617f7cb1c21a4bf30023f252596d83e1f007?s=96&d=mm&r=g","contentUrl":"https:\/\/secure.gravatar.com\/avatar\/ccc17943b9d660506c869530f897617f7cb1c21a4bf30023f252596d83e1f007?s=96&d=mm&r=g","caption":"admin"},"sameAs":["https:\/\/kibrisdakik.com"],"url":"https:\/\/kibrisdakik.com\/?author=1"}]}},"_links":{"self":[{"href":"https:\/\/kibrisdakik.com\/index.php?rest_route=\/wp\/v2\/posts\/33351","targetHints":{"allow":["GET"]}}],"collection":[{"href":"https:\/\/kibrisdakik.com\/index.php?rest_route=\/wp\/v2\/posts"}],"about":[{"href":"https:\/\/kibrisdakik.com\/index.php?rest_route=\/wp\/v2\/types\/post"}],"author":[{"embeddable":true,"href":"https:\/\/kibrisdakik.com\/index.php?rest_route=\/wp\/v2\/users\/1"}],"replies":[{"embeddable":true,"href":"https:\/\/kibrisdakik.com\/index.php?rest_route=%2Fwp%2Fv2%2Fcomments&post=33351"}],"version-history":[{"count":0,"href":"https:\/\/kibrisdakik.com\/index.php?rest_route=\/wp\/v2\/posts\/33351\/revisions"}],"wp:featuredmedia":[{"embeddable":true,"href":"https:\/\/kibrisdakik.com\/index.php?rest_route=\/wp\/v2\/media\/33352"}],"wp:attachment":[{"href":"https:\/\/kibrisdakik.com\/index.php?rest_route=%2Fwp%2Fv2%2Fmedia&parent=33351"}],"wp:term":[{"taxonomy":"category","embeddable":true,"href":"https:\/\/kibrisdakik.com\/index.php?rest_route=%2Fwp%2Fv2%2Fcategories&post=33351"},{"taxonomy":"post_tag","embeddable":true,"href":"https:\/\/kibrisdakik.com\/index.php?rest_route=%2Fwp%2Fv2%2Ftags&post=33351"}],"curies":[{"name":"wp","href":"https:\/\/api.w.org\/{rel}","templated":true}]}}