{"id":33359,"date":"2024-03-09T06:32:42","date_gmt":"2024-03-09T06:32:42","guid":{"rendered":"https:\/\/kibrisdakik.com\/index.php\/2024\/03\/09\/tore-mehmetcik-buyukkonuk-belediyesini-ziyaret-etti\/"},"modified":"2024-03-09T06:32:42","modified_gmt":"2024-03-09T06:32:42","slug":"tore-mehmetcik-buyukkonuk-belediyesini-ziyaret-etti","status":"publish","type":"post","link":"https:\/\/kibrisdakik.com\/?p=33359","title":{"rendered":"T\u00f6re, Mehmet\u00e7ik-B\u00fcy\u00fckkonuk Belediyesini ziyaret etti"},"content":{"rendered":"<p><img decoding=\"async\" src=\"https:\/\/www.kibristurk.com\/images\/haberler\/2024\/03\/tore-mehmetcik-buyukkonuk-belediyesini-ziyaret-etti-1709909716.webp\" \/><\/p>\n<p style=\"text-align:left\"><span style=\"font-size:16px\"><span style=\"font-family:Merriweather,serif !important\"><span style=\"color:#000000\"><span style=\"background-color:#ffffff\">Cumhuriyet Meclisinden yap\u0131lan a\u00e7\u0131klamaya g\u00f6re, Meclis Ba\u015fkan T\u00f6re\u2019yi belediyede KKTC\u2019nin tek kad\u0131n Belediye Ba\u015fkan\u0131 Fatma \u00c7imen Tu\u011flu, TMT M\u00fccahit komutanlar\u0131 ve belediye personeli kar\u015f\u0131lad\u0131.<\/span><\/span><\/span><\/span><\/p>\n<p style=\"text-align:left\"><span style=\"font-size:16px\"><span style=\"font-family:Merriweather,serif !important\"><span style=\"color:#000000\"><span style=\"background-color:#ffffff\">-Tu\u011flu<\/span><\/span><\/span><\/span><\/p>\n<p style=\"text-align:left\"><span style=\"font-size:16px\"><span style=\"font-family:Merriweather,serif !important\"><span style=\"color:#000000\"><span style=\"background-color:#ffffff\">Mehmet\u00e7ik-B\u00fcy\u00fckkonuk Belediye Ba\u015fkan\u0131 Tu\u011flu yapt\u0131\u011f\u0131 konu\u015fmada&nbsp; T\u00f6re\u2019yi a\u011f\u0131rlamaktan memnuniyet duyduklar\u0131n\u0131 belirterek, Mehmet\u00e7ik-B\u00fcy\u00fckkonuk\u2019un m\u00fccadele y\u0131llar\u0131nda \u00f6nemli g\u00f6revler \u00fcstlendi\u011fini an\u0131msatt\u0131.<\/span><\/span><\/span><\/span><\/p>\n<p style=\"text-align:left\"><span style=\"font-size:16px\"><span style=\"font-family:Merriweather,serif !important\"><span style=\"color:#000000\"><span style=\"background-color:#ffffff\">Tu\u011flu, KKTC\u2019ye inand\u0131klar\u0131n\u0131 ve her zaman ana vatan T\u00fcrkiye ile birlikte y\u00fcr\u00fcyeceklerini s\u00f6yledi.<\/span><\/span><\/span><\/span><\/p>\n<p style=\"text-align:left\"><span style=\"font-size:16px\"><span style=\"font-family:Merriweather,serif !important\"><span style=\"color:#000000\"><span style=\"background-color:#ffffff\">-T\u00f6re<\/span><\/span><\/span><\/span><\/p>\n<p style=\"text-align:left\"><span style=\"font-size:16px\"><span style=\"font-family:Merriweather,serif !important\"><span style=\"color:#000000\"><span style=\"background-color:#ffffff\">Cumhurba\u015fkan\u0131 Vekili, Cumhuriyet Meclisi Ba\u015fkan\u0131 Zorlu T\u00f6re de, 8 Mart D\u00fcnya Emek\u00e7i Kad\u0131nlar G\u00fcn\u00fc \u00e7er\u00e7evesinde KKTC\u2019nin tek kad\u0131n belediye ba\u015fkan\u0131n\u0131 ziyaret etmek amac\u0131yla Mehmet\u00e7ik-B\u00fcy\u00fckkonuk Belediyesine geldiklerini kaydetti.<\/span><\/span><\/span><\/span><\/p>\n<p style=\"text-align:left\"><span style=\"font-size:16px\"><span style=\"font-family:Merriweather,serif !important\"><span style=\"color:#000000\"><span style=\"background-color:#ffffff\">Mehmet\u00e7ik isminin kutsal oldu\u011funu vurgulayan T\u00f6re, T\u00fcrk askeri gelene kadar M\u00fccahitlerin direndi\u011fini ve Mehmet\u00e7ik halk\u0131n\u0131n ikmal yollar\u0131n\u0131 s\u00fcrekli a\u00e7\u0131k tuttu\u011funu ifade etti.<\/span><\/span><\/span><\/span><\/p>\n<p style=\"text-align:left\"><span style=\"font-size:16px\"><span style=\"font-family:Merriweather,serif !important\"><span style=\"color:#000000\"><span style=\"background-color:#ffffff\">K\u0131br\u0131s T\u00fcrk halk\u0131n\u0131n bug\u00fcn bir devleti oldu\u011funu, bu yap\u0131dan geri d\u00f6nmenin m\u00fcmk\u00fcn olmad\u0131\u011f\u0131n\u0131 belirten T\u00f6re, kuzeydeki topraklar \u00fczerinde devletin kuruldu\u011funu, KKTC\u2019ye sar\u0131larak, yollar\u0131na devam edeceklerini kaydetti. T\u00f6re, T\u00fcrk ordusunun da bir daha adadan gitmeyece\u011fini vurgulad\u0131.<\/span><\/span><\/span><\/span><\/p>\n<p style=\"text-align:left\"><span style=\"font-size:16px\"><span style=\"font-family:Merriweather,serif !important\"><span style=\"color:#000000\"><span style=\"background-color:#ffffff\">Gelecek nesillere K\u0131br\u0131s T\u00fcrk halk\u0131n\u0131n neler ya\u015fad\u0131\u011f\u0131n\u0131n \u00f6\u011fretilmesi gerekti\u011fini ifade eden Meclis Ba\u015fkan\u0131 T\u00f6re, Belediye Ba\u015fkan\u0131 Tu\u011flu\u2019ya ba\u015far\u0131lar, gazilere de uzun \u00f6m\u00fcrler diledi.<\/span><\/span><\/span><\/span><\/p>\n<p style=\"text-align:left\"><span style=\"font-size:16px\"><span style=\"font-family:Merriweather,serif !important\"><span style=\"color:#000000\"><span style=\"background-color:#ffffff\">Konu\u015fmalar\u0131n ard\u0131ndan T\u00f6re, Mehmet\u00e7ik-B\u00fcy\u00fckkonuk Belediye Ba\u015fkan\u0131 \u00c7imen Tu\u011flu\u2019ya \u00e7i\u00e7ek takdim etti.<\/span><\/span><\/span><\/span><\/p>\n","protected":false},"excerpt":{"rendered":"<p>Cumhuriyet Meclisinden yap\u0131lan a\u00e7\u0131klamaya g\u00f6re, Meclis Ba\u015fkan T\u00f6re\u2019yi belediyede KKTC\u2019nin tek kad\u0131n Belediye Ba\u015fkan\u0131 Fatma \u00c7imen Tu\u011flu, TMT M\u00fccahit komutanlar\u0131 ve belediye personeli kar\u015f\u0131lad\u0131. -Tu\u011flu Mehmet\u00e7ik-B\u00fcy\u00fckkonuk Belediye Ba\u015fkan\u0131 Tu\u011flu yapt\u0131\u011f\u0131 konu\u015fmada&nbsp; T\u00f6re\u2019yi a\u011f\u0131rlamaktan memnuniyet duyduklar\u0131n\u0131 belirterek, Mehmet\u00e7ik-B\u00fcy\u00fckkonuk\u2019un m\u00fccadele y\u0131llar\u0131nda \u00f6nemli g\u00f6revler \u00fcstlendi\u011fini an\u0131msatt\u0131. Tu\u011flu, KKTC\u2019ye inand\u0131klar\u0131n\u0131 ve her zaman ana vatan T\u00fcrkiye ile birlikte y\u00fcr\u00fcyeceklerini<\/p>\n","protected":false},"author":1,"featured_media":33360,"comment_status":"open","ping_status":"open","sticky":false,"template":"","format":"standard","meta":{"footnotes":""},"categories":[79],"tags":[],"class_list":["post-33359","post","type-post","status-publish","format-standard","has-post-thumbnail","hentry","category-ekonomi"],"yoast_head":"<!-- This site is optimized with the Yoast SEO plugin v27.5 - https:\/\/yoast.com\/product\/yoast-seo-wordpress\/ -->\n<title>T\u00f6re, Mehmet\u00e7ik-B\u00fcy\u00fckkonuk Belediyesini ziyaret etti -<\/title>\n<meta name=\"robots\" content=\"index, follow, max-snippet:-1, max-image-preview:large, max-video-preview:-1\" \/>\n<link rel=\"canonical\" href=\"https:\/\/kibrisdakik.com\/?p=33359\" \/>\n<meta property=\"og:locale\" content=\"tr_TR\" \/>\n<meta property=\"og:type\" content=\"article\" \/>\n<meta property=\"og:title\" content=\"T\u00f6re, Mehmet\u00e7ik-B\u00fcy\u00fckkonuk Belediyesini ziyaret etti -\" \/>\n<meta property=\"og:description\" content=\"Cumhuriyet Meclisinden yap\u0131lan a\u00e7\u0131klamaya g\u00f6re, Meclis Ba\u015fkan T\u00f6re\u2019yi belediyede KKTC\u2019nin tek kad\u0131n Belediye Ba\u015fkan\u0131 Fatma \u00c7imen Tu\u011flu, TMT M\u00fccahit komutanlar\u0131 ve belediye personeli kar\u015f\u0131lad\u0131. -Tu\u011flu Mehmet\u00e7ik-B\u00fcy\u00fckkonuk Belediye Ba\u015fkan\u0131 Tu\u011flu yapt\u0131\u011f\u0131 konu\u015fmada&nbsp; T\u00f6re\u2019yi a\u011f\u0131rlamaktan memnuniyet duyduklar\u0131n\u0131 belirterek, Mehmet\u00e7ik-B\u00fcy\u00fckkonuk\u2019un m\u00fccadele y\u0131llar\u0131nda \u00f6nemli g\u00f6revler \u00fcstlendi\u011fini an\u0131msatt\u0131. Tu\u011flu, KKTC\u2019ye inand\u0131klar\u0131n\u0131 ve her zaman ana vatan T\u00fcrkiye ile birlikte y\u00fcr\u00fcyeceklerini\" \/>\n<meta property=\"og:url\" content=\"https:\/\/kibrisdakik.com\/?p=33359\" \/>\n<meta property=\"article:published_time\" content=\"2024-03-09T06:32:42+00:00\" \/>\n<meta property=\"og:image\" content=\"https:\/\/kibrisdakik.com\/wp-content\/uploads\/2024\/03\/tore-mehmetcik-buyukkonuk-belediyesini-ziyaret-etti-1709909716.webp.webp\" \/>\n\t<meta property=\"og:image:width\" content=\"710\" \/>\n\t<meta property=\"og:image:height\" content=\"370\" \/>\n\t<meta property=\"og:image:type\" content=\"image\/webp\" \/>\n<meta name=\"author\" content=\"admin\" \/>\n<meta name=\"twitter:card\" content=\"summary_large_image\" \/>\n<meta name=\"twitter:label1\" content=\"Yazan:\" \/>\n\t<meta name=\"twitter:data1\" content=\"admin\" \/>\n\t<meta name=\"twitter:label2\" content=\"Tahmini okuma s\u00fcresi\" \/>\n\t<meta name=\"twitter:data2\" content=\"1 dakika\" \/>\n<script type=\"application\/ld+json\" class=\"yoast-schema-graph\">{\"@context\":\"https:\\\/\\\/schema.org\",\"@graph\":[{\"@type\":\"Article\",\"@id\":\"https:\\\/\\\/kibrisdakik.com\\\/?p=33359#article\",\"isPartOf\":{\"@id\":\"https:\\\/\\\/kibrisdakik.com\\\/?p=33359\"},\"author\":{\"name\":\"admin\",\"@id\":\"https:\\\/\\\/kibrisdakik.com\\\/#\\\/schema\\\/person\\\/9cd9d437bbb44f72b73ba127e06d8e79\"},\"headline\":\"T\u00f6re, Mehmet\u00e7ik-B\u00fcy\u00fckkonuk Belediyesini ziyaret etti\",\"datePublished\":\"2024-03-09T06:32:42+00:00\",\"mainEntityOfPage\":{\"@id\":\"https:\\\/\\\/kibrisdakik.com\\\/?p=33359\"},\"wordCount\":303,\"commentCount\":0,\"image\":{\"@id\":\"https:\\\/\\\/kibrisdakik.com\\\/?p=33359#primaryimage\"},\"thumbnailUrl\":\"https:\\\/\\\/kibrisdakik.com\\\/wp-content\\\/uploads\\\/2024\\\/03\\\/tore-mehmetcik-buyukkonuk-belediyesini-ziyaret-etti-1709909716.webp.webp\",\"articleSection\":[\"Ekonomi\"],\"inLanguage\":\"tr\",\"potentialAction\":[{\"@type\":\"CommentAction\",\"name\":\"Comment\",\"target\":[\"https:\\\/\\\/kibrisdakik.com\\\/?p=33359#respond\"]}]},{\"@type\":\"WebPage\",\"@id\":\"https:\\\/\\\/kibrisdakik.com\\\/?p=33359\",\"url\":\"https:\\\/\\\/kibrisdakik.com\\\/?p=33359\",\"name\":\"T\u00f6re, Mehmet\u00e7ik-B\u00fcy\u00fckkonuk Belediyesini ziyaret etti -\",\"isPartOf\":{\"@id\":\"https:\\\/\\\/kibrisdakik.com\\\/#website\"},\"primaryImageOfPage\":{\"@id\":\"https:\\\/\\\/kibrisdakik.com\\\/?p=33359#primaryimage\"},\"image\":{\"@id\":\"https:\\\/\\\/kibrisdakik.com\\\/?p=33359#primaryimage\"},\"thumbnailUrl\":\"https:\\\/\\\/kibrisdakik.com\\\/wp-content\\\/uploads\\\/2024\\\/03\\\/tore-mehmetcik-buyukkonuk-belediyesini-ziyaret-etti-1709909716.webp.webp\",\"datePublished\":\"2024-03-09T06:32:42+00:00\",\"author\":{\"@id\":\"https:\\\/\\\/kibrisdakik.com\\\/#\\\/schema\\\/person\\\/9cd9d437bbb44f72b73ba127e06d8e79\"},\"breadcrumb\":{\"@id\":\"https:\\\/\\\/kibrisdakik.com\\\/?p=33359#breadcrumb\"},\"inLanguage\":\"tr\",\"potentialAction\":[{\"@type\":\"ReadAction\",\"target\":[\"https:\\\/\\\/kibrisdakik.com\\\/?p=33359\"]}]},{\"@type\":\"ImageObject\",\"inLanguage\":\"tr\",\"@id\":\"https:\\\/\\\/kibrisdakik.com\\\/?p=33359#primaryimage\",\"url\":\"https:\\\/\\\/kibrisdakik.com\\\/wp-content\\\/uploads\\\/2024\\\/03\\\/tore-mehmetcik-buyukkonuk-belediyesini-ziyaret-etti-1709909716.webp.webp\",\"contentUrl\":\"https:\\\/\\\/kibrisdakik.com\\\/wp-content\\\/uploads\\\/2024\\\/03\\\/tore-mehmetcik-buyukkonuk-belediyesini-ziyaret-etti-1709909716.webp.webp\",\"width\":710,\"height\":370},{\"@type\":\"BreadcrumbList\",\"@id\":\"https:\\\/\\\/kibrisdakik.com\\\/?p=33359#breadcrumb\",\"itemListElement\":[{\"@type\":\"ListItem\",\"position\":1,\"name\":\"Home\",\"item\":\"https:\\\/\\\/kibrisdakik.com\\\/\"},{\"@type\":\"ListItem\",\"position\":2,\"name\":\"T\u00f6re, Mehmet\u00e7ik-B\u00fcy\u00fckkonuk Belediyesini ziyaret etti\"}]},{\"@type\":\"WebSite\",\"@id\":\"https:\\\/\\\/kibrisdakik.com\\\/#website\",\"url\":\"https:\\\/\\\/kibrisdakik.com\\\/\",\"name\":\"\",\"description\":\"Tam vaktinde haber\",\"potentialAction\":[{\"@type\":\"SearchAction\",\"target\":{\"@type\":\"EntryPoint\",\"urlTemplate\":\"https:\\\/\\\/kibrisdakik.com\\\/?s={search_term_string}\"},\"query-input\":{\"@type\":\"PropertyValueSpecification\",\"valueRequired\":true,\"valueName\":\"search_term_string\"}}],\"inLanguage\":\"tr\"},{\"@type\":\"Person\",\"@id\":\"https:\\\/\\\/kibrisdakik.com\\\/#\\\/schema\\\/person\\\/9cd9d437bbb44f72b73ba127e06d8e79\",\"name\":\"admin\",\"image\":{\"@type\":\"ImageObject\",\"inLanguage\":\"tr\",\"@id\":\"https:\\\/\\\/secure.gravatar.com\\\/avatar\\\/ccc17943b9d660506c869530f897617f7cb1c21a4bf30023f252596d83e1f007?s=96&d=mm&r=g\",\"url\":\"https:\\\/\\\/secure.gravatar.com\\\/avatar\\\/ccc17943b9d660506c869530f897617f7cb1c21a4bf30023f252596d83e1f007?s=96&d=mm&r=g\",\"contentUrl\":\"https:\\\/\\\/secure.gravatar.com\\\/avatar\\\/ccc17943b9d660506c869530f897617f7cb1c21a4bf30023f252596d83e1f007?s=96&d=mm&r=g\",\"caption\":\"admin\"},\"sameAs\":[\"https:\\\/\\\/kibrisdakik.com\"],\"url\":\"https:\\\/\\\/kibrisdakik.com\\\/?author=1\"}]}<\/script>\n<!-- \/ Yoast SEO plugin. -->","yoast_head_json":{"title":"T\u00f6re, Mehmet\u00e7ik-B\u00fcy\u00fckkonuk Belediyesini ziyaret etti -","robots":{"index":"index","follow":"follow","max-snippet":"max-snippet:-1","max-image-preview":"max-image-preview:large","max-video-preview":"max-video-preview:-1"},"canonical":"https:\/\/kibrisdakik.com\/?p=33359","og_locale":"tr_TR","og_type":"article","og_title":"T\u00f6re, Mehmet\u00e7ik-B\u00fcy\u00fckkonuk Belediyesini ziyaret etti -","og_description":"Cumhuriyet Meclisinden yap\u0131lan a\u00e7\u0131klamaya g\u00f6re, Meclis Ba\u015fkan T\u00f6re\u2019yi belediyede KKTC\u2019nin tek kad\u0131n Belediye Ba\u015fkan\u0131 Fatma \u00c7imen Tu\u011flu, TMT M\u00fccahit komutanlar\u0131 ve belediye personeli kar\u015f\u0131lad\u0131. -Tu\u011flu Mehmet\u00e7ik-B\u00fcy\u00fckkonuk Belediye Ba\u015fkan\u0131 Tu\u011flu yapt\u0131\u011f\u0131 konu\u015fmada&nbsp; T\u00f6re\u2019yi a\u011f\u0131rlamaktan memnuniyet duyduklar\u0131n\u0131 belirterek, Mehmet\u00e7ik-B\u00fcy\u00fckkonuk\u2019un m\u00fccadele y\u0131llar\u0131nda \u00f6nemli g\u00f6revler \u00fcstlendi\u011fini an\u0131msatt\u0131. Tu\u011flu, KKTC\u2019ye inand\u0131klar\u0131n\u0131 ve her zaman ana vatan T\u00fcrkiye ile birlikte y\u00fcr\u00fcyeceklerini","og_url":"https:\/\/kibrisdakik.com\/?p=33359","article_published_time":"2024-03-09T06:32:42+00:00","og_image":[{"width":710,"height":370,"url":"https:\/\/kibrisdakik.com\/wp-content\/uploads\/2024\/03\/tore-mehmetcik-buyukkonuk-belediyesini-ziyaret-etti-1709909716.webp.webp","type":"image\/webp"}],"author":"admin","twitter_card":"summary_large_image","twitter_misc":{"Yazan:":"admin","Tahmini okuma s\u00fcresi":"1 dakika"},"schema":{"@context":"https:\/\/schema.org","@graph":[{"@type":"Article","@id":"https:\/\/kibrisdakik.com\/?p=33359#article","isPartOf":{"@id":"https:\/\/kibrisdakik.com\/?p=33359"},"author":{"name":"admin","@id":"https:\/\/kibrisdakik.com\/#\/schema\/person\/9cd9d437bbb44f72b73ba127e06d8e79"},"headline":"T\u00f6re, Mehmet\u00e7ik-B\u00fcy\u00fckkonuk Belediyesini ziyaret etti","datePublished":"2024-03-09T06:32:42+00:00","mainEntityOfPage":{"@id":"https:\/\/kibrisdakik.com\/?p=33359"},"wordCount":303,"commentCount":0,"image":{"@id":"https:\/\/kibrisdakik.com\/?p=33359#primaryimage"},"thumbnailUrl":"https:\/\/kibrisdakik.com\/wp-content\/uploads\/2024\/03\/tore-mehmetcik-buyukkonuk-belediyesini-ziyaret-etti-1709909716.webp.webp","articleSection":["Ekonomi"],"inLanguage":"tr","potentialAction":[{"@type":"CommentAction","name":"Comment","target":["https:\/\/kibrisdakik.com\/?p=33359#respond"]}]},{"@type":"WebPage","@id":"https:\/\/kibrisdakik.com\/?p=33359","url":"https:\/\/kibrisdakik.com\/?p=33359","name":"T\u00f6re, Mehmet\u00e7ik-B\u00fcy\u00fckkonuk Belediyesini ziyaret etti -","isPartOf":{"@id":"https:\/\/kibrisdakik.com\/#website"},"primaryImageOfPage":{"@id":"https:\/\/kibrisdakik.com\/?p=33359#primaryimage"},"image":{"@id":"https:\/\/kibrisdakik.com\/?p=33359#primaryimage"},"thumbnailUrl":"https:\/\/kibrisdakik.com\/wp-content\/uploads\/2024\/03\/tore-mehmetcik-buyukkonuk-belediyesini-ziyaret-etti-1709909716.webp.webp","datePublished":"2024-03-09T06:32:42+00:00","author":{"@id":"https:\/\/kibrisdakik.com\/#\/schema\/person\/9cd9d437bbb44f72b73ba127e06d8e79"},"breadcrumb":{"@id":"https:\/\/kibrisdakik.com\/?p=33359#breadcrumb"},"inLanguage":"tr","potentialAction":[{"@type":"ReadAction","target":["https:\/\/kibrisdakik.com\/?p=33359"]}]},{"@type":"ImageObject","inLanguage":"tr","@id":"https:\/\/kibrisdakik.com\/?p=33359#primaryimage","url":"https:\/\/kibrisdakik.com\/wp-content\/uploads\/2024\/03\/tore-mehmetcik-buyukkonuk-belediyesini-ziyaret-etti-1709909716.webp.webp","contentUrl":"https:\/\/kibrisdakik.com\/wp-content\/uploads\/2024\/03\/tore-mehmetcik-buyukkonuk-belediyesini-ziyaret-etti-1709909716.webp.webp","width":710,"height":370},{"@type":"BreadcrumbList","@id":"https:\/\/kibrisdakik.com\/?p=33359#breadcrumb","itemListElement":[{"@type":"ListItem","position":1,"name":"Home","item":"https:\/\/kibrisdakik.com\/"},{"@type":"ListItem","position":2,"name":"T\u00f6re, Mehmet\u00e7ik-B\u00fcy\u00fckkonuk Belediyesini ziyaret etti"}]},{"@type":"WebSite","@id":"https:\/\/kibrisdakik.com\/#website","url":"https:\/\/kibrisdakik.com\/","name":"","description":"Tam vaktinde haber","potentialAction":[{"@type":"SearchAction","target":{"@type":"EntryPoint","urlTemplate":"https:\/\/kibrisdakik.com\/?s={search_term_string}"},"query-input":{"@type":"PropertyValueSpecification","valueRequired":true,"valueName":"search_term_string"}}],"inLanguage":"tr"},{"@type":"Person","@id":"https:\/\/kibrisdakik.com\/#\/schema\/person\/9cd9d437bbb44f72b73ba127e06d8e79","name":"admin","image":{"@type":"ImageObject","inLanguage":"tr","@id":"https:\/\/secure.gravatar.com\/avatar\/ccc17943b9d660506c869530f897617f7cb1c21a4bf30023f252596d83e1f007?s=96&d=mm&r=g","url":"https:\/\/secure.gravatar.com\/avatar\/ccc17943b9d660506c869530f897617f7cb1c21a4bf30023f252596d83e1f007?s=96&d=mm&r=g","contentUrl":"https:\/\/secure.gravatar.com\/avatar\/ccc17943b9d660506c869530f897617f7cb1c21a4bf30023f252596d83e1f007?s=96&d=mm&r=g","caption":"admin"},"sameAs":["https:\/\/kibrisdakik.com"],"url":"https:\/\/kibrisdakik.com\/?author=1"}]}},"_links":{"self":[{"href":"https:\/\/kibrisdakik.com\/index.php?rest_route=\/wp\/v2\/posts\/33359","targetHints":{"allow":["GET"]}}],"collection":[{"href":"https:\/\/kibrisdakik.com\/index.php?rest_route=\/wp\/v2\/posts"}],"about":[{"href":"https:\/\/kibrisdakik.com\/index.php?rest_route=\/wp\/v2\/types\/post"}],"author":[{"embeddable":true,"href":"https:\/\/kibrisdakik.com\/index.php?rest_route=\/wp\/v2\/users\/1"}],"replies":[{"embeddable":true,"href":"https:\/\/kibrisdakik.com\/index.php?rest_route=%2Fwp%2Fv2%2Fcomments&post=33359"}],"version-history":[{"count":0,"href":"https:\/\/kibrisdakik.com\/index.php?rest_route=\/wp\/v2\/posts\/33359\/revisions"}],"wp:featuredmedia":[{"embeddable":true,"href":"https:\/\/kibrisdakik.com\/index.php?rest_route=\/wp\/v2\/media\/33360"}],"wp:attachment":[{"href":"https:\/\/kibrisdakik.com\/index.php?rest_route=%2Fwp%2Fv2%2Fmedia&parent=33359"}],"wp:term":[{"taxonomy":"category","embeddable":true,"href":"https:\/\/kibrisdakik.com\/index.php?rest_route=%2Fwp%2Fv2%2Fcategories&post=33359"},{"taxonomy":"post_tag","embeddable":true,"href":"https:\/\/kibrisdakik.com\/index.php?rest_route=%2Fwp%2Fv2%2Ftags&post=33359"}],"curies":[{"name":"wp","href":"https:\/\/api.w.org\/{rel}","templated":true}]}}