{"id":33388,"date":"2024-03-09T10:56:48","date_gmt":"2024-03-09T10:56:48","guid":{"rendered":"https:\/\/kibrisdakik.com\/index.php\/2024\/03\/09\/kadin-toplumda-hak-ettigi-yeri-bulana-kadar-mucadelemize-devam-edecegiz\/"},"modified":"2024-03-09T10:56:48","modified_gmt":"2024-03-09T10:56:48","slug":"kadin-toplumda-hak-ettigi-yeri-bulana-kadar-mucadelemize-devam-edecegiz","status":"publish","type":"post","link":"https:\/\/kibrisdakik.com\/?p=33388","title":{"rendered":"\u201cKad\u0131n toplumda hak etti\u011fi yeri bulana kadar m\u00fccadelemize devam edece\u011fiz\u201d"},"content":{"rendered":"<p><img decoding=\"async\" src=\"https:\/\/www.kibristurk.com\/images\/haberler\/2024\/03\/kadin-toplumda-hak-ettigi-yeri-bulana-kadar-mucadelemize-devam-edecegiz-1709908358.webp\" \/><\/p>\n<p style=\"text-align:left\"><span style=\"font-size:16px\"><span style=\"font-family:Merriweather,serif !important\"><span style=\"color:#000000\"><span style=\"background-color:#ffffff\">8 Mart D\u00fcnya Emek\u00e7i Kad\u0131nlar G\u00fcn\u00fc i\u00e7in mesaj yay\u0131nlayan TDP, y\u0131llard\u0131r kad\u0131n \u00f6rg\u00fctleri ve toplumsal cinsiyet e\u015fitli\u011fi i\u00e7in m\u00fccadele eden sivil toplum \u00f6rg\u00fctlerinin \u00fclkedeki kad\u0131nlar\u0131n daha e\u015fit ko\u015fullarda ya\u015fayabilmesi ad\u0131na taleplerde bulundu\u011funu, ayn\u0131 m\u00fccadelenin d\u00fcnyan\u0131n bir\u00e7ok \u00fclkesinde de verildi\u011fi belirtti.<\/span><\/span><\/span><\/span><\/p>\n<p style=\"text-align:left\"><span style=\"font-size:16px\"><span style=\"font-family:Merriweather,serif !important\"><span style=\"color:#000000\"><span style=\"background-color:#ffffff\">TDP\u2019nin mesaj\u0131nda \u201cK\u0131z \u00e7ocuklar\u0131 ve emek\u00e7i kad\u0131nlar\u0131n daha iyi ya\u015fam ko\u015fullar\u0131na sahip olabilmeleri, laik ve \u00e7a\u011fda\u015f e\u011fitim alabilmeleri, b\u00fcy\u00fcme \u00e7a\u011f\u0131nda yeterli besine ula\u015fabilmeleri ve sosyal ihtiya\u00e7lar\u0131n\u0131 kar\u015f\u0131layabilmeleri, \u00e7al\u0131\u015fan kad\u0131nlar\u0131n devlet taraf\u0131ndan sa\u011flanan kre\u015f ve bunlar gibi olanaklarla \u00e7al\u0131\u015fma hayat\u0131ndan kopmamalar\u0131 ve dahas\u0131n\u0131 sa\u011flamak sosyal devletin bir gere\u011fidir\u201d denildi.<\/span><\/span><\/span><\/span><\/p>\n<p style=\"text-align:left\">&nbsp;<\/p>\n<p style=\"text-align:left\">&nbsp;<\/p>\n<p style=\"text-align:left\"><span style=\"font-size:16px\"><span style=\"font-family:Merriweather,serif !important\"><span style=\"color:#000000\"><span style=\"background-color:#ffffff\">-\u201cAt\u0131lan \u00f6nemli ad\u0131mlar bilin\u00e7li \u015fekilde engellendi, siyasetin ve kurumlar\u0131n geneline yay\u0131lamad\u0131\u201d<\/span><\/span><\/span><\/span><\/p>\n<p style=\"text-align:left\"><span style=\"font-size:16px\"><span style=\"font-family:Merriweather,serif !important\"><span style=\"color:#000000\"><span style=\"background-color:#ffffff\">Kad\u0131n ve k\u0131z \u00e7ocuklar\u0131n\u0131n haklar\u0131na ula\u015fabilmek i\u00e7in m\u00fccadele etmesinin \u00fclke i\u00e7in ay\u0131p oldu\u011funun ifade edildi\u011fi a\u00e7\u0131klamada, K\u0131br\u0131s\u2019\u0131n kuzeyinde \u201cinsan ticareti ve emek s\u00f6m\u00fcr\u00fcs\u00fcn\u00fcn\u201d artt\u0131\u011f\u0131 savunuldu.<\/span><\/span><\/span><\/span><\/p>\n<p style=\"text-align:left\"><span style=\"font-size:16px\"><span style=\"font-family:Merriweather,serif !important\"><span style=\"color:#000000\"><span style=\"background-color:#ffffff\">Kad\u0131nlar\u0131n \u201cseks k\u00f6lesi\u201d oldu\u011fu \u201cs\u00f6zde kul\u00fcplerin\u201d kapat\u0131lmas\u0131, d\u00fczensiz g\u00f6\u00e7men kad\u0131n ve k\u0131z \u00e7ocuklar\u0131na bak\u0131m verebilecek, onlar\u0131 rehabilite edebilecek merkezlerin in\u015fa edilmesi gerekti\u011finin kaydedildi\u011fi a\u00e7\u0131klamada, \u015funlara da yer verdi:<\/span><\/span><\/span><\/span><\/p>\n<p style=\"text-align:left\"><span style=\"font-size:16px\"><span style=\"font-family:Merriweather,serif !important\"><span style=\"color:#000000\"><span style=\"background-color:#ffffff\">\u201cLTB S\u0131\u011f\u0131nma Evi, dar gelirli ailelere kre\u015f deste\u011fi ve adli yard\u0131m gibi kad\u0131n\u0131 siyasetin merkezine koyan \u00f6nemli ba\u015far\u0131lara imza atm\u0131\u015f olsa da bu ad\u0131mlar\u0131, bilin\u00e7li engellemelerle siyasetin ve kurumlar\u0131n geneline yay\u0131lamad\u0131. Bu b\u00fcy\u00fck utan\u00e7la bir 8 Mart\u2019\u0131 daha kar\u015f\u0131lad\u0131\u011f\u0131m\u0131z ger\u00e7e\u011fi \u00f6n\u00fcm\u00fczde dururken, TDP olarak kad\u0131n\u0131n toplumda hak etti\u011fi yeri bulana kadar m\u00fccadelemize devam edece\u011fimizi vurgular\u0131z.\u201d<\/span><\/span><\/span><\/span><\/p>\n","protected":false},"excerpt":{"rendered":"<p>8 Mart D\u00fcnya Emek\u00e7i Kad\u0131nlar G\u00fcn\u00fc i\u00e7in mesaj yay\u0131nlayan TDP, y\u0131llard\u0131r kad\u0131n \u00f6rg\u00fctleri ve toplumsal cinsiyet e\u015fitli\u011fi i\u00e7in m\u00fccadele eden sivil toplum \u00f6rg\u00fctlerinin \u00fclkedeki kad\u0131nlar\u0131n daha e\u015fit ko\u015fullarda ya\u015fayabilmesi ad\u0131na taleplerde bulundu\u011funu, ayn\u0131 m\u00fccadelenin d\u00fcnyan\u0131n bir\u00e7ok \u00fclkesinde de verildi\u011fi belirtti. TDP\u2019nin mesaj\u0131nda \u201cK\u0131z \u00e7ocuklar\u0131 ve emek\u00e7i kad\u0131nlar\u0131n daha iyi ya\u015fam ko\u015fullar\u0131na sahip olabilmeleri, laik ve<\/p>\n","protected":false},"author":1,"featured_media":33389,"comment_status":"open","ping_status":"open","sticky":false,"template":"","format":"standard","meta":{"footnotes":""},"categories":[85],"tags":[],"class_list":["post-33388","post","type-post","status-publish","format-standard","has-post-thumbnail","hentry","category-spor"],"yoast_head":"<!-- This site is optimized with the Yoast SEO plugin v27.4 - https:\/\/yoast.com\/product\/yoast-seo-wordpress\/ -->\n<title>\u201cKad\u0131n toplumda hak etti\u011fi yeri bulana kadar m\u00fccadelemize devam edece\u011fiz\u201d -<\/title>\n<meta name=\"robots\" content=\"index, follow, max-snippet:-1, max-image-preview:large, max-video-preview:-1\" \/>\n<link rel=\"canonical\" href=\"https:\/\/kibrisdakik.com\/?p=33388\" \/>\n<meta property=\"og:locale\" content=\"tr_TR\" \/>\n<meta property=\"og:type\" content=\"article\" \/>\n<meta property=\"og:title\" content=\"\u201cKad\u0131n toplumda hak etti\u011fi yeri bulana kadar m\u00fccadelemize devam edece\u011fiz\u201d -\" \/>\n<meta property=\"og:description\" content=\"8 Mart D\u00fcnya Emek\u00e7i Kad\u0131nlar G\u00fcn\u00fc i\u00e7in mesaj yay\u0131nlayan TDP, y\u0131llard\u0131r kad\u0131n \u00f6rg\u00fctleri ve toplumsal cinsiyet e\u015fitli\u011fi i\u00e7in m\u00fccadele eden sivil toplum \u00f6rg\u00fctlerinin \u00fclkedeki kad\u0131nlar\u0131n daha e\u015fit ko\u015fullarda ya\u015fayabilmesi ad\u0131na taleplerde bulundu\u011funu, ayn\u0131 m\u00fccadelenin d\u00fcnyan\u0131n bir\u00e7ok \u00fclkesinde de verildi\u011fi belirtti. TDP\u2019nin mesaj\u0131nda \u201cK\u0131z \u00e7ocuklar\u0131 ve emek\u00e7i kad\u0131nlar\u0131n daha iyi ya\u015fam ko\u015fullar\u0131na sahip olabilmeleri, laik ve\" \/>\n<meta property=\"og:url\" content=\"https:\/\/kibrisdakik.com\/?p=33388\" \/>\n<meta property=\"article:published_time\" content=\"2024-03-09T10:56:48+00:00\" \/>\n<meta property=\"og:image\" content=\"https:\/\/kibrisdakik.com\/wp-content\/uploads\/2024\/03\/kadin-toplumda-hak-ettigi-yeri-bulana-kadar-mucadelemize-devam-edecegiz-1709908358.webp.webp\" \/>\n\t<meta property=\"og:image:width\" content=\"710\" \/>\n\t<meta property=\"og:image:height\" content=\"370\" \/>\n\t<meta property=\"og:image:type\" content=\"image\/webp\" \/>\n<meta name=\"author\" content=\"admin\" \/>\n<meta name=\"twitter:card\" content=\"summary_large_image\" \/>\n<meta name=\"twitter:label1\" content=\"Yazan:\" \/>\n\t<meta name=\"twitter:data1\" content=\"admin\" \/>\n\t<meta name=\"twitter:label2\" content=\"Tahmini okuma s\u00fcresi\" \/>\n\t<meta name=\"twitter:data2\" content=\"2 dakika\" \/>\n<script type=\"application\/ld+json\" class=\"yoast-schema-graph\">{\"@context\":\"https:\\\/\\\/schema.org\",\"@graph\":[{\"@type\":\"Article\",\"@id\":\"https:\\\/\\\/kibrisdakik.com\\\/?p=33388#article\",\"isPartOf\":{\"@id\":\"https:\\\/\\\/kibrisdakik.com\\\/?p=33388\"},\"author\":{\"name\":\"admin\",\"@id\":\"https:\\\/\\\/kibrisdakik.com\\\/#\\\/schema\\\/person\\\/9cd9d437bbb44f72b73ba127e06d8e79\"},\"headline\":\"\u201cKad\u0131n toplumda hak etti\u011fi yeri bulana kadar m\u00fccadelemize devam edece\u011fiz\u201d\",\"datePublished\":\"2024-03-09T10:56:48+00:00\",\"mainEntityOfPage\":{\"@id\":\"https:\\\/\\\/kibrisdakik.com\\\/?p=33388\"},\"wordCount\":346,\"commentCount\":0,\"image\":{\"@id\":\"https:\\\/\\\/kibrisdakik.com\\\/?p=33388#primaryimage\"},\"thumbnailUrl\":\"https:\\\/\\\/kibrisdakik.com\\\/wp-content\\\/uploads\\\/2024\\\/03\\\/kadin-toplumda-hak-ettigi-yeri-bulana-kadar-mucadelemize-devam-edecegiz-1709908358.webp.webp\",\"articleSection\":[\"Spor\"],\"inLanguage\":\"tr\",\"potentialAction\":[{\"@type\":\"CommentAction\",\"name\":\"Comment\",\"target\":[\"https:\\\/\\\/kibrisdakik.com\\\/?p=33388#respond\"]}]},{\"@type\":\"WebPage\",\"@id\":\"https:\\\/\\\/kibrisdakik.com\\\/?p=33388\",\"url\":\"https:\\\/\\\/kibrisdakik.com\\\/?p=33388\",\"name\":\"\u201cKad\u0131n toplumda hak etti\u011fi yeri bulana kadar m\u00fccadelemize devam edece\u011fiz\u201d -\",\"isPartOf\":{\"@id\":\"https:\\\/\\\/kibrisdakik.com\\\/#website\"},\"primaryImageOfPage\":{\"@id\":\"https:\\\/\\\/kibrisdakik.com\\\/?p=33388#primaryimage\"},\"image\":{\"@id\":\"https:\\\/\\\/kibrisdakik.com\\\/?p=33388#primaryimage\"},\"thumbnailUrl\":\"https:\\\/\\\/kibrisdakik.com\\\/wp-content\\\/uploads\\\/2024\\\/03\\\/kadin-toplumda-hak-ettigi-yeri-bulana-kadar-mucadelemize-devam-edecegiz-1709908358.webp.webp\",\"datePublished\":\"2024-03-09T10:56:48+00:00\",\"author\":{\"@id\":\"https:\\\/\\\/kibrisdakik.com\\\/#\\\/schema\\\/person\\\/9cd9d437bbb44f72b73ba127e06d8e79\"},\"breadcrumb\":{\"@id\":\"https:\\\/\\\/kibrisdakik.com\\\/?p=33388#breadcrumb\"},\"inLanguage\":\"tr\",\"potentialAction\":[{\"@type\":\"ReadAction\",\"target\":[\"https:\\\/\\\/kibrisdakik.com\\\/?p=33388\"]}]},{\"@type\":\"ImageObject\",\"inLanguage\":\"tr\",\"@id\":\"https:\\\/\\\/kibrisdakik.com\\\/?p=33388#primaryimage\",\"url\":\"https:\\\/\\\/kibrisdakik.com\\\/wp-content\\\/uploads\\\/2024\\\/03\\\/kadin-toplumda-hak-ettigi-yeri-bulana-kadar-mucadelemize-devam-edecegiz-1709908358.webp.webp\",\"contentUrl\":\"https:\\\/\\\/kibrisdakik.com\\\/wp-content\\\/uploads\\\/2024\\\/03\\\/kadin-toplumda-hak-ettigi-yeri-bulana-kadar-mucadelemize-devam-edecegiz-1709908358.webp.webp\",\"width\":710,\"height\":370},{\"@type\":\"BreadcrumbList\",\"@id\":\"https:\\\/\\\/kibrisdakik.com\\\/?p=33388#breadcrumb\",\"itemListElement\":[{\"@type\":\"ListItem\",\"position\":1,\"name\":\"Home\",\"item\":\"https:\\\/\\\/kibrisdakik.com\\\/\"},{\"@type\":\"ListItem\",\"position\":2,\"name\":\"\u201cKad\u0131n toplumda hak etti\u011fi yeri bulana kadar m\u00fccadelemize devam edece\u011fiz\u201d\"}]},{\"@type\":\"WebSite\",\"@id\":\"https:\\\/\\\/kibrisdakik.com\\\/#website\",\"url\":\"https:\\\/\\\/kibrisdakik.com\\\/\",\"name\":\"\",\"description\":\"Tam vaktinde haber\",\"potentialAction\":[{\"@type\":\"SearchAction\",\"target\":{\"@type\":\"EntryPoint\",\"urlTemplate\":\"https:\\\/\\\/kibrisdakik.com\\\/?s={search_term_string}\"},\"query-input\":{\"@type\":\"PropertyValueSpecification\",\"valueRequired\":true,\"valueName\":\"search_term_string\"}}],\"inLanguage\":\"tr\"},{\"@type\":\"Person\",\"@id\":\"https:\\\/\\\/kibrisdakik.com\\\/#\\\/schema\\\/person\\\/9cd9d437bbb44f72b73ba127e06d8e79\",\"name\":\"admin\",\"image\":{\"@type\":\"ImageObject\",\"inLanguage\":\"tr\",\"@id\":\"https:\\\/\\\/secure.gravatar.com\\\/avatar\\\/ccc17943b9d660506c869530f897617f7cb1c21a4bf30023f252596d83e1f007?s=96&d=mm&r=g\",\"url\":\"https:\\\/\\\/secure.gravatar.com\\\/avatar\\\/ccc17943b9d660506c869530f897617f7cb1c21a4bf30023f252596d83e1f007?s=96&d=mm&r=g\",\"contentUrl\":\"https:\\\/\\\/secure.gravatar.com\\\/avatar\\\/ccc17943b9d660506c869530f897617f7cb1c21a4bf30023f252596d83e1f007?s=96&d=mm&r=g\",\"caption\":\"admin\"},\"sameAs\":[\"https:\\\/\\\/kibrisdakik.com\"],\"url\":\"https:\\\/\\\/kibrisdakik.com\\\/?author=1\"}]}<\/script>\n<!-- \/ Yoast SEO plugin. -->","yoast_head_json":{"title":"\u201cKad\u0131n toplumda hak etti\u011fi yeri bulana kadar m\u00fccadelemize devam edece\u011fiz\u201d -","robots":{"index":"index","follow":"follow","max-snippet":"max-snippet:-1","max-image-preview":"max-image-preview:large","max-video-preview":"max-video-preview:-1"},"canonical":"https:\/\/kibrisdakik.com\/?p=33388","og_locale":"tr_TR","og_type":"article","og_title":"\u201cKad\u0131n toplumda hak etti\u011fi yeri bulana kadar m\u00fccadelemize devam edece\u011fiz\u201d -","og_description":"8 Mart D\u00fcnya Emek\u00e7i Kad\u0131nlar G\u00fcn\u00fc i\u00e7in mesaj yay\u0131nlayan TDP, y\u0131llard\u0131r kad\u0131n \u00f6rg\u00fctleri ve toplumsal cinsiyet e\u015fitli\u011fi i\u00e7in m\u00fccadele eden sivil toplum \u00f6rg\u00fctlerinin \u00fclkedeki kad\u0131nlar\u0131n daha e\u015fit ko\u015fullarda ya\u015fayabilmesi ad\u0131na taleplerde bulundu\u011funu, ayn\u0131 m\u00fccadelenin d\u00fcnyan\u0131n bir\u00e7ok \u00fclkesinde de verildi\u011fi belirtti. TDP\u2019nin mesaj\u0131nda \u201cK\u0131z \u00e7ocuklar\u0131 ve emek\u00e7i kad\u0131nlar\u0131n daha iyi ya\u015fam ko\u015fullar\u0131na sahip olabilmeleri, laik ve","og_url":"https:\/\/kibrisdakik.com\/?p=33388","article_published_time":"2024-03-09T10:56:48+00:00","og_image":[{"width":710,"height":370,"url":"https:\/\/kibrisdakik.com\/wp-content\/uploads\/2024\/03\/kadin-toplumda-hak-ettigi-yeri-bulana-kadar-mucadelemize-devam-edecegiz-1709908358.webp.webp","type":"image\/webp"}],"author":"admin","twitter_card":"summary_large_image","twitter_misc":{"Yazan:":"admin","Tahmini okuma s\u00fcresi":"2 dakika"},"schema":{"@context":"https:\/\/schema.org","@graph":[{"@type":"Article","@id":"https:\/\/kibrisdakik.com\/?p=33388#article","isPartOf":{"@id":"https:\/\/kibrisdakik.com\/?p=33388"},"author":{"name":"admin","@id":"https:\/\/kibrisdakik.com\/#\/schema\/person\/9cd9d437bbb44f72b73ba127e06d8e79"},"headline":"\u201cKad\u0131n toplumda hak etti\u011fi yeri bulana kadar m\u00fccadelemize devam edece\u011fiz\u201d","datePublished":"2024-03-09T10:56:48+00:00","mainEntityOfPage":{"@id":"https:\/\/kibrisdakik.com\/?p=33388"},"wordCount":346,"commentCount":0,"image":{"@id":"https:\/\/kibrisdakik.com\/?p=33388#primaryimage"},"thumbnailUrl":"https:\/\/kibrisdakik.com\/wp-content\/uploads\/2024\/03\/kadin-toplumda-hak-ettigi-yeri-bulana-kadar-mucadelemize-devam-edecegiz-1709908358.webp.webp","articleSection":["Spor"],"inLanguage":"tr","potentialAction":[{"@type":"CommentAction","name":"Comment","target":["https:\/\/kibrisdakik.com\/?p=33388#respond"]}]},{"@type":"WebPage","@id":"https:\/\/kibrisdakik.com\/?p=33388","url":"https:\/\/kibrisdakik.com\/?p=33388","name":"\u201cKad\u0131n toplumda hak etti\u011fi yeri bulana kadar m\u00fccadelemize devam edece\u011fiz\u201d -","isPartOf":{"@id":"https:\/\/kibrisdakik.com\/#website"},"primaryImageOfPage":{"@id":"https:\/\/kibrisdakik.com\/?p=33388#primaryimage"},"image":{"@id":"https:\/\/kibrisdakik.com\/?p=33388#primaryimage"},"thumbnailUrl":"https:\/\/kibrisdakik.com\/wp-content\/uploads\/2024\/03\/kadin-toplumda-hak-ettigi-yeri-bulana-kadar-mucadelemize-devam-edecegiz-1709908358.webp.webp","datePublished":"2024-03-09T10:56:48+00:00","author":{"@id":"https:\/\/kibrisdakik.com\/#\/schema\/person\/9cd9d437bbb44f72b73ba127e06d8e79"},"breadcrumb":{"@id":"https:\/\/kibrisdakik.com\/?p=33388#breadcrumb"},"inLanguage":"tr","potentialAction":[{"@type":"ReadAction","target":["https:\/\/kibrisdakik.com\/?p=33388"]}]},{"@type":"ImageObject","inLanguage":"tr","@id":"https:\/\/kibrisdakik.com\/?p=33388#primaryimage","url":"https:\/\/kibrisdakik.com\/wp-content\/uploads\/2024\/03\/kadin-toplumda-hak-ettigi-yeri-bulana-kadar-mucadelemize-devam-edecegiz-1709908358.webp.webp","contentUrl":"https:\/\/kibrisdakik.com\/wp-content\/uploads\/2024\/03\/kadin-toplumda-hak-ettigi-yeri-bulana-kadar-mucadelemize-devam-edecegiz-1709908358.webp.webp","width":710,"height":370},{"@type":"BreadcrumbList","@id":"https:\/\/kibrisdakik.com\/?p=33388#breadcrumb","itemListElement":[{"@type":"ListItem","position":1,"name":"Home","item":"https:\/\/kibrisdakik.com\/"},{"@type":"ListItem","position":2,"name":"\u201cKad\u0131n toplumda hak etti\u011fi yeri bulana kadar m\u00fccadelemize devam edece\u011fiz\u201d"}]},{"@type":"WebSite","@id":"https:\/\/kibrisdakik.com\/#website","url":"https:\/\/kibrisdakik.com\/","name":"","description":"Tam vaktinde haber","potentialAction":[{"@type":"SearchAction","target":{"@type":"EntryPoint","urlTemplate":"https:\/\/kibrisdakik.com\/?s={search_term_string}"},"query-input":{"@type":"PropertyValueSpecification","valueRequired":true,"valueName":"search_term_string"}}],"inLanguage":"tr"},{"@type":"Person","@id":"https:\/\/kibrisdakik.com\/#\/schema\/person\/9cd9d437bbb44f72b73ba127e06d8e79","name":"admin","image":{"@type":"ImageObject","inLanguage":"tr","@id":"https:\/\/secure.gravatar.com\/avatar\/ccc17943b9d660506c869530f897617f7cb1c21a4bf30023f252596d83e1f007?s=96&d=mm&r=g","url":"https:\/\/secure.gravatar.com\/avatar\/ccc17943b9d660506c869530f897617f7cb1c21a4bf30023f252596d83e1f007?s=96&d=mm&r=g","contentUrl":"https:\/\/secure.gravatar.com\/avatar\/ccc17943b9d660506c869530f897617f7cb1c21a4bf30023f252596d83e1f007?s=96&d=mm&r=g","caption":"admin"},"sameAs":["https:\/\/kibrisdakik.com"],"url":"https:\/\/kibrisdakik.com\/?author=1"}]}},"_links":{"self":[{"href":"https:\/\/kibrisdakik.com\/index.php?rest_route=\/wp\/v2\/posts\/33388","targetHints":{"allow":["GET"]}}],"collection":[{"href":"https:\/\/kibrisdakik.com\/index.php?rest_route=\/wp\/v2\/posts"}],"about":[{"href":"https:\/\/kibrisdakik.com\/index.php?rest_route=\/wp\/v2\/types\/post"}],"author":[{"embeddable":true,"href":"https:\/\/kibrisdakik.com\/index.php?rest_route=\/wp\/v2\/users\/1"}],"replies":[{"embeddable":true,"href":"https:\/\/kibrisdakik.com\/index.php?rest_route=%2Fwp%2Fv2%2Fcomments&post=33388"}],"version-history":[{"count":0,"href":"https:\/\/kibrisdakik.com\/index.php?rest_route=\/wp\/v2\/posts\/33388\/revisions"}],"wp:featuredmedia":[{"embeddable":true,"href":"https:\/\/kibrisdakik.com\/index.php?rest_route=\/wp\/v2\/media\/33389"}],"wp:attachment":[{"href":"https:\/\/kibrisdakik.com\/index.php?rest_route=%2Fwp%2Fv2%2Fmedia&parent=33388"}],"wp:term":[{"taxonomy":"category","embeddable":true,"href":"https:\/\/kibrisdakik.com\/index.php?rest_route=%2Fwp%2Fv2%2Fcategories&post=33388"},{"taxonomy":"post_tag","embeddable":true,"href":"https:\/\/kibrisdakik.com\/index.php?rest_route=%2Fwp%2Fv2%2Ftags&post=33388"}],"curies":[{"name":"wp","href":"https:\/\/api.w.org\/{rel}","templated":true}]}}