{"id":33397,"date":"2024-03-09T12:55:49","date_gmt":"2024-03-09T12:55:49","guid":{"rendered":"https:\/\/kibrisdakik.com\/index.php\/2024\/03\/09\/guzelyurt-bolgesi-ve-lefkosada-bugun-meydana-gelen-kazalarda-yaralanan-olmadi-kaza-yapan-suruculerin-cogu-alkolluydu\/"},"modified":"2024-03-09T12:55:49","modified_gmt":"2024-03-09T12:55:49","slug":"guzelyurt-bolgesi-ve-lefkosada-bugun-meydana-gelen-kazalarda-yaralanan-olmadi-kaza-yapan-suruculerin-cogu-alkolluydu","status":"publish","type":"post","link":"https:\/\/kibrisdakik.com\/?p=33397","title":{"rendered":"G\u00fczelyurt b\u00f6lgesi ve Lefko\u015fa\u2019da bug\u00fcn meydana gelen kazalarda yaralanan olmad\u0131\u2026 Kaza yapan s\u00fcr\u00fcc\u00fclerin \u00e7o\u011fu alkoll\u00fcyd\u00fc"},"content":{"rendered":"<p><\/p>\n<div>\n<div class=\"mariselle-image-container center\">\n                <img loading=\"lazy\" decoding=\"async\" width=\"759\" height=\"768\" class=\"lazy-image\" alt=\"\" sizes=\"auto, (max-width: 759px) 100vw, 759px\" src=\"https:\/\/brtk.net\/wp-content\/uploads\/2024\/03\/09\/polis-genel-mudurlugu-amblem9.jpg?ver=a2472507f1a2cc84ba6f9db03803bcac\" srcset=\"https:\/\/brtk.net\/wp-content\/uploads\/2024\/03\/09\/polis-genel-mudurlugu-amblem9.jpg?ver=a2472507f1a2cc84ba6f9db03803bcac 759w, https:\/\/brtk.net\/wp-content\/uploads\/2024\/03\/09\/polis-genel-mudurlugu-amblem9-296x300.jpg?ver=a2472507f1a2cc84ba6f9db03803bcac 296w\"\/>                            <\/div>\n<p>Girne \u2013 G\u00fczelyurt anayolundan bug\u00fcn meydana gelen kazada Andreas Pavlou (E-34) 277 mlgr alkoll\u00fc i\u00e7ki tesiri alt\u0131nda y\u00f6netimindeki HBM 442 plakal\u0131 salon ara\u00e7 ile G\u00fczelyurt istikametinden Girne istikametine dikkatsiz bir \u015fekilde seyretti\u011fi s\u0131rada yoldan \u00e7\u0131k\u0131p askeri birli\u011fe ait \u00e7evre tellerine \u00e7arparak sol yan k\u0131sm\u0131 \u00fczerine devrildi.<\/p>\n<p>Kaza sonucu yaralanan olmazken, ara\u00e7 s\u00fcr\u00fcc\u00fcs\u00fc tutukland\u0131.<\/p>\n<p>-Z\u00fcmr\u00fctk\u00f6y\u2019de araba takla att\u0131<\/p>\n<p>G\u00fczelyurt \u2013 Serhatk\u00f6y eski anayolu \u00fczerinde bug\u00fcn Ece Karaosmano\u011flu (E-30) y\u00f6netimindeki JH 393 plakal\u0131 salon ara\u00e7 ile seyretti\u011fi s\u0131rada dikkatsizli\u011fi sonucu Z\u00fcmr\u00fctk\u00f6y\u2019de sa\u011fa meyilli viraja geldi\u011fi esnada direksiyon hakimiyetini kaybederken otomobil yoldan \u00e7\u0131karak takla att\u0131.<\/p>\n<p>Kaza sonucu yaralanan olmad\u0131.<\/p>\n<p>-Alkoll\u00fc s\u00fcr\u00fcc\u00fc park halindeki araca \u00e7arpt\u0131<\/p>\n<p>Lefko\u015fa\u2019da bug\u00fcn alkoll\u00fc s\u00fcr\u00fcc\u00fc park halindeki arabaya \u00e7arpt\u0131, kazada yaralanan olmazken 36 ya\u015f\u0131ndaki s\u00fcr\u00fcc\u00fc Azad Achilov tutukland\u0131.<\/p>\n<p>Kaza, Mehmet Akif Caddesinde boyunca SJ 635 plakal\u0131 salon arac\u0131 g\u00fcney istikametine do\u011fru 331 mlgr alkoll\u00fc i\u00e7ki tesiri alt\u0131nda kullanan Azad Achilov\u2019un (E-36) yolun solunda bulunan Dede D\u00f6ner \u00f6nlerine geldi\u011finde dikkatsizli\u011fi sonucu direksiyon hakimiyetini kaybetmesi sonucu yolun solunda park halinde bulunan GA 395 plakal\u0131 arac\u0131n arka k\u0131sm\u0131na \u00e7arpmas\u0131 sonucu meydana geldi.<\/p>\n<p>\u00c7arpma sonucu \u00f6ne do\u011fru savrulan GA 395 plakal\u0131 ara\u00e7 da \u00f6n\u00fcnde yine park halinde bulunan VK 815 plakal\u0131 araca \u00e7arpt\u0131.<\/p>\n<\/p><\/div>\n<p><script async\n                    defer\n                    crossorigin=\"anonymous\"\n                    src=\"https:\/\/connect.facebook.net\/tr_TR\/sdk.js#xfbml=1&#038;version=v3.3\"\n            ><\/script><\/p>\n","protected":false},"excerpt":{"rendered":"<p>Girne \u2013 G\u00fczelyurt anayolundan bug\u00fcn meydana gelen kazada Andreas Pavlou (E-34) 277 mlgr alkoll\u00fc i\u00e7ki tesiri alt\u0131nda y\u00f6netimindeki HBM 442 plakal\u0131 salon ara\u00e7 ile G\u00fczelyurt istikametinden Girne istikametine dikkatsiz bir \u015fekilde seyretti\u011fi s\u0131rada yoldan \u00e7\u0131k\u0131p askeri birli\u011fe ait \u00e7evre tellerine \u00e7arparak sol yan k\u0131sm\u0131 \u00fczerine devrildi. Kaza sonucu yaralanan olmazken, ara\u00e7 s\u00fcr\u00fcc\u00fcs\u00fc tutukland\u0131. -Z\u00fcmr\u00fctk\u00f6y\u2019de araba<\/p>\n","protected":false},"author":1,"featured_media":3753,"comment_status":"open","ping_status":"open","sticky":false,"template":"","format":"standard","meta":{"footnotes":""},"categories":[1],"tags":[],"class_list":["post-33397","post","type-post","status-publish","format-standard","has-post-thumbnail","hentry","category-gundem"],"yoast_head":"<!-- This site is optimized with the Yoast SEO plugin v27.5 - https:\/\/yoast.com\/product\/yoast-seo-wordpress\/ -->\n<title>G\u00fczelyurt b\u00f6lgesi ve Lefko\u015fa\u2019da bug\u00fcn meydana gelen kazalarda yaralanan olmad\u0131\u2026 Kaza yapan s\u00fcr\u00fcc\u00fclerin \u00e7o\u011fu alkoll\u00fcyd\u00fc -<\/title>\n<meta name=\"robots\" content=\"index, follow, max-snippet:-1, max-image-preview:large, max-video-preview:-1\" \/>\n<link rel=\"canonical\" href=\"https:\/\/kibrisdakik.com\/?p=33397\" \/>\n<meta property=\"og:locale\" content=\"tr_TR\" \/>\n<meta property=\"og:type\" content=\"article\" \/>\n<meta property=\"og:title\" content=\"G\u00fczelyurt b\u00f6lgesi ve Lefko\u015fa\u2019da bug\u00fcn meydana gelen kazalarda yaralanan olmad\u0131\u2026 Kaza yapan s\u00fcr\u00fcc\u00fclerin \u00e7o\u011fu alkoll\u00fcyd\u00fc -\" \/>\n<meta property=\"og:description\" content=\"Girne \u2013 G\u00fczelyurt anayolundan bug\u00fcn meydana gelen kazada Andreas Pavlou (E-34) 277 mlgr alkoll\u00fc i\u00e7ki tesiri alt\u0131nda y\u00f6netimindeki HBM 442 plakal\u0131 salon ara\u00e7 ile G\u00fczelyurt istikametinden Girne istikametine dikkatsiz bir \u015fekilde seyretti\u011fi s\u0131rada yoldan \u00e7\u0131k\u0131p askeri birli\u011fe ait \u00e7evre tellerine \u00e7arparak sol yan k\u0131sm\u0131 \u00fczerine devrildi. Kaza sonucu yaralanan olmazken, ara\u00e7 s\u00fcr\u00fcc\u00fcs\u00fc tutukland\u0131. -Z\u00fcmr\u00fctk\u00f6y\u2019de araba\" \/>\n<meta property=\"og:url\" content=\"https:\/\/kibrisdakik.com\/?p=33397\" \/>\n<meta property=\"article:published_time\" content=\"2024-03-09T12:55:49+00:00\" \/>\n<meta property=\"og:image\" content=\"https:\/\/kibrisdakik.com\/wp-content\/uploads\/2023\/03\/trafik-kazasi-66343-740x385.jpg\" \/>\n\t<meta property=\"og:image:width\" content=\"840\" \/>\n\t<meta property=\"og:image:height\" content=\"385\" \/>\n\t<meta property=\"og:image:type\" content=\"image\/jpeg\" \/>\n<meta name=\"author\" content=\"admin\" \/>\n<meta name=\"twitter:card\" content=\"summary_large_image\" \/>\n<meta name=\"twitter:label1\" content=\"Yazan:\" \/>\n\t<meta name=\"twitter:data1\" content=\"admin\" \/>\n\t<meta name=\"twitter:label2\" content=\"Tahmini okuma s\u00fcresi\" \/>\n\t<meta name=\"twitter:data2\" content=\"1 dakika\" \/>\n<script type=\"application\/ld+json\" class=\"yoast-schema-graph\">{\"@context\":\"https:\\\/\\\/schema.org\",\"@graph\":[{\"@type\":\"Article\",\"@id\":\"https:\\\/\\\/kibrisdakik.com\\\/?p=33397#article\",\"isPartOf\":{\"@id\":\"https:\\\/\\\/kibrisdakik.com\\\/?p=33397\"},\"author\":{\"name\":\"admin\",\"@id\":\"https:\\\/\\\/kibrisdakik.com\\\/#\\\/schema\\\/person\\\/9cd9d437bbb44f72b73ba127e06d8e79\"},\"headline\":\"G\u00fczelyurt b\u00f6lgesi ve Lefko\u015fa\u2019da bug\u00fcn meydana gelen kazalarda yaralanan olmad\u0131\u2026 Kaza yapan s\u00fcr\u00fcc\u00fclerin \u00e7o\u011fu alkoll\u00fcyd\u00fc\",\"datePublished\":\"2024-03-09T12:55:49+00:00\",\"mainEntityOfPage\":{\"@id\":\"https:\\\/\\\/kibrisdakik.com\\\/?p=33397\"},\"wordCount\":259,\"commentCount\":0,\"image\":{\"@id\":\"https:\\\/\\\/kibrisdakik.com\\\/?p=33397#primaryimage\"},\"thumbnailUrl\":\"https:\\\/\\\/kibrisdakik.com\\\/wp-content\\\/uploads\\\/2023\\\/03\\\/trafik-kazasi-66343-740x385.jpg\",\"articleSection\":[\"G\u00fcndem\"],\"inLanguage\":\"tr\",\"potentialAction\":[{\"@type\":\"CommentAction\",\"name\":\"Comment\",\"target\":[\"https:\\\/\\\/kibrisdakik.com\\\/?p=33397#respond\"]}]},{\"@type\":\"WebPage\",\"@id\":\"https:\\\/\\\/kibrisdakik.com\\\/?p=33397\",\"url\":\"https:\\\/\\\/kibrisdakik.com\\\/?p=33397\",\"name\":\"G\u00fczelyurt b\u00f6lgesi ve Lefko\u015fa\u2019da bug\u00fcn meydana gelen kazalarda yaralanan olmad\u0131\u2026 Kaza yapan s\u00fcr\u00fcc\u00fclerin \u00e7o\u011fu alkoll\u00fcyd\u00fc -\",\"isPartOf\":{\"@id\":\"https:\\\/\\\/kibrisdakik.com\\\/#website\"},\"primaryImageOfPage\":{\"@id\":\"https:\\\/\\\/kibrisdakik.com\\\/?p=33397#primaryimage\"},\"image\":{\"@id\":\"https:\\\/\\\/kibrisdakik.com\\\/?p=33397#primaryimage\"},\"thumbnailUrl\":\"https:\\\/\\\/kibrisdakik.com\\\/wp-content\\\/uploads\\\/2023\\\/03\\\/trafik-kazasi-66343-740x385.jpg\",\"datePublished\":\"2024-03-09T12:55:49+00:00\",\"author\":{\"@id\":\"https:\\\/\\\/kibrisdakik.com\\\/#\\\/schema\\\/person\\\/9cd9d437bbb44f72b73ba127e06d8e79\"},\"breadcrumb\":{\"@id\":\"https:\\\/\\\/kibrisdakik.com\\\/?p=33397#breadcrumb\"},\"inLanguage\":\"tr\",\"potentialAction\":[{\"@type\":\"ReadAction\",\"target\":[\"https:\\\/\\\/kibrisdakik.com\\\/?p=33397\"]}]},{\"@type\":\"ImageObject\",\"inLanguage\":\"tr\",\"@id\":\"https:\\\/\\\/kibrisdakik.com\\\/?p=33397#primaryimage\",\"url\":\"https:\\\/\\\/kibrisdakik.com\\\/wp-content\\\/uploads\\\/2023\\\/03\\\/trafik-kazasi-66343-740x385.jpg\",\"contentUrl\":\"https:\\\/\\\/kibrisdakik.com\\\/wp-content\\\/uploads\\\/2023\\\/03\\\/trafik-kazasi-66343-740x385.jpg\",\"width\":840,\"height\":385},{\"@type\":\"BreadcrumbList\",\"@id\":\"https:\\\/\\\/kibrisdakik.com\\\/?p=33397#breadcrumb\",\"itemListElement\":[{\"@type\":\"ListItem\",\"position\":1,\"name\":\"Home\",\"item\":\"https:\\\/\\\/kibrisdakik.com\\\/\"},{\"@type\":\"ListItem\",\"position\":2,\"name\":\"G\u00fczelyurt b\u00f6lgesi ve Lefko\u015fa\u2019da bug\u00fcn meydana gelen kazalarda yaralanan olmad\u0131\u2026 Kaza yapan s\u00fcr\u00fcc\u00fclerin \u00e7o\u011fu alkoll\u00fcyd\u00fc\"}]},{\"@type\":\"WebSite\",\"@id\":\"https:\\\/\\\/kibrisdakik.com\\\/#website\",\"url\":\"https:\\\/\\\/kibrisdakik.com\\\/\",\"name\":\"\",\"description\":\"Tam vaktinde haber\",\"potentialAction\":[{\"@type\":\"SearchAction\",\"target\":{\"@type\":\"EntryPoint\",\"urlTemplate\":\"https:\\\/\\\/kibrisdakik.com\\\/?s={search_term_string}\"},\"query-input\":{\"@type\":\"PropertyValueSpecification\",\"valueRequired\":true,\"valueName\":\"search_term_string\"}}],\"inLanguage\":\"tr\"},{\"@type\":\"Person\",\"@id\":\"https:\\\/\\\/kibrisdakik.com\\\/#\\\/schema\\\/person\\\/9cd9d437bbb44f72b73ba127e06d8e79\",\"name\":\"admin\",\"image\":{\"@type\":\"ImageObject\",\"inLanguage\":\"tr\",\"@id\":\"https:\\\/\\\/secure.gravatar.com\\\/avatar\\\/ccc17943b9d660506c869530f897617f7cb1c21a4bf30023f252596d83e1f007?s=96&d=mm&r=g\",\"url\":\"https:\\\/\\\/secure.gravatar.com\\\/avatar\\\/ccc17943b9d660506c869530f897617f7cb1c21a4bf30023f252596d83e1f007?s=96&d=mm&r=g\",\"contentUrl\":\"https:\\\/\\\/secure.gravatar.com\\\/avatar\\\/ccc17943b9d660506c869530f897617f7cb1c21a4bf30023f252596d83e1f007?s=96&d=mm&r=g\",\"caption\":\"admin\"},\"sameAs\":[\"https:\\\/\\\/kibrisdakik.com\"],\"url\":\"https:\\\/\\\/kibrisdakik.com\\\/?author=1\"}]}<\/script>\n<!-- \/ Yoast SEO plugin. -->","yoast_head_json":{"title":"G\u00fczelyurt b\u00f6lgesi ve Lefko\u015fa\u2019da bug\u00fcn meydana gelen kazalarda yaralanan olmad\u0131\u2026 Kaza yapan s\u00fcr\u00fcc\u00fclerin \u00e7o\u011fu alkoll\u00fcyd\u00fc -","robots":{"index":"index","follow":"follow","max-snippet":"max-snippet:-1","max-image-preview":"max-image-preview:large","max-video-preview":"max-video-preview:-1"},"canonical":"https:\/\/kibrisdakik.com\/?p=33397","og_locale":"tr_TR","og_type":"article","og_title":"G\u00fczelyurt b\u00f6lgesi ve Lefko\u015fa\u2019da bug\u00fcn meydana gelen kazalarda yaralanan olmad\u0131\u2026 Kaza yapan s\u00fcr\u00fcc\u00fclerin \u00e7o\u011fu alkoll\u00fcyd\u00fc -","og_description":"Girne \u2013 G\u00fczelyurt anayolundan bug\u00fcn meydana gelen kazada Andreas Pavlou (E-34) 277 mlgr alkoll\u00fc i\u00e7ki tesiri alt\u0131nda y\u00f6netimindeki HBM 442 plakal\u0131 salon ara\u00e7 ile G\u00fczelyurt istikametinden Girne istikametine dikkatsiz bir \u015fekilde seyretti\u011fi s\u0131rada yoldan \u00e7\u0131k\u0131p askeri birli\u011fe ait \u00e7evre tellerine \u00e7arparak sol yan k\u0131sm\u0131 \u00fczerine devrildi. Kaza sonucu yaralanan olmazken, ara\u00e7 s\u00fcr\u00fcc\u00fcs\u00fc tutukland\u0131. -Z\u00fcmr\u00fctk\u00f6y\u2019de araba","og_url":"https:\/\/kibrisdakik.com\/?p=33397","article_published_time":"2024-03-09T12:55:49+00:00","og_image":[{"width":840,"height":385,"url":"https:\/\/kibrisdakik.com\/wp-content\/uploads\/2023\/03\/trafik-kazasi-66343-740x385.jpg","type":"image\/jpeg"}],"author":"admin","twitter_card":"summary_large_image","twitter_misc":{"Yazan:":"admin","Tahmini okuma s\u00fcresi":"1 dakika"},"schema":{"@context":"https:\/\/schema.org","@graph":[{"@type":"Article","@id":"https:\/\/kibrisdakik.com\/?p=33397#article","isPartOf":{"@id":"https:\/\/kibrisdakik.com\/?p=33397"},"author":{"name":"admin","@id":"https:\/\/kibrisdakik.com\/#\/schema\/person\/9cd9d437bbb44f72b73ba127e06d8e79"},"headline":"G\u00fczelyurt b\u00f6lgesi ve Lefko\u015fa\u2019da bug\u00fcn meydana gelen kazalarda yaralanan olmad\u0131\u2026 Kaza yapan s\u00fcr\u00fcc\u00fclerin \u00e7o\u011fu alkoll\u00fcyd\u00fc","datePublished":"2024-03-09T12:55:49+00:00","mainEntityOfPage":{"@id":"https:\/\/kibrisdakik.com\/?p=33397"},"wordCount":259,"commentCount":0,"image":{"@id":"https:\/\/kibrisdakik.com\/?p=33397#primaryimage"},"thumbnailUrl":"https:\/\/kibrisdakik.com\/wp-content\/uploads\/2023\/03\/trafik-kazasi-66343-740x385.jpg","articleSection":["G\u00fcndem"],"inLanguage":"tr","potentialAction":[{"@type":"CommentAction","name":"Comment","target":["https:\/\/kibrisdakik.com\/?p=33397#respond"]}]},{"@type":"WebPage","@id":"https:\/\/kibrisdakik.com\/?p=33397","url":"https:\/\/kibrisdakik.com\/?p=33397","name":"G\u00fczelyurt b\u00f6lgesi ve Lefko\u015fa\u2019da bug\u00fcn meydana gelen kazalarda yaralanan olmad\u0131\u2026 Kaza yapan s\u00fcr\u00fcc\u00fclerin \u00e7o\u011fu alkoll\u00fcyd\u00fc -","isPartOf":{"@id":"https:\/\/kibrisdakik.com\/#website"},"primaryImageOfPage":{"@id":"https:\/\/kibrisdakik.com\/?p=33397#primaryimage"},"image":{"@id":"https:\/\/kibrisdakik.com\/?p=33397#primaryimage"},"thumbnailUrl":"https:\/\/kibrisdakik.com\/wp-content\/uploads\/2023\/03\/trafik-kazasi-66343-740x385.jpg","datePublished":"2024-03-09T12:55:49+00:00","author":{"@id":"https:\/\/kibrisdakik.com\/#\/schema\/person\/9cd9d437bbb44f72b73ba127e06d8e79"},"breadcrumb":{"@id":"https:\/\/kibrisdakik.com\/?p=33397#breadcrumb"},"inLanguage":"tr","potentialAction":[{"@type":"ReadAction","target":["https:\/\/kibrisdakik.com\/?p=33397"]}]},{"@type":"ImageObject","inLanguage":"tr","@id":"https:\/\/kibrisdakik.com\/?p=33397#primaryimage","url":"https:\/\/kibrisdakik.com\/wp-content\/uploads\/2023\/03\/trafik-kazasi-66343-740x385.jpg","contentUrl":"https:\/\/kibrisdakik.com\/wp-content\/uploads\/2023\/03\/trafik-kazasi-66343-740x385.jpg","width":840,"height":385},{"@type":"BreadcrumbList","@id":"https:\/\/kibrisdakik.com\/?p=33397#breadcrumb","itemListElement":[{"@type":"ListItem","position":1,"name":"Home","item":"https:\/\/kibrisdakik.com\/"},{"@type":"ListItem","position":2,"name":"G\u00fczelyurt b\u00f6lgesi ve Lefko\u015fa\u2019da bug\u00fcn meydana gelen kazalarda yaralanan olmad\u0131\u2026 Kaza yapan s\u00fcr\u00fcc\u00fclerin \u00e7o\u011fu alkoll\u00fcyd\u00fc"}]},{"@type":"WebSite","@id":"https:\/\/kibrisdakik.com\/#website","url":"https:\/\/kibrisdakik.com\/","name":"","description":"Tam vaktinde haber","potentialAction":[{"@type":"SearchAction","target":{"@type":"EntryPoint","urlTemplate":"https:\/\/kibrisdakik.com\/?s={search_term_string}"},"query-input":{"@type":"PropertyValueSpecification","valueRequired":true,"valueName":"search_term_string"}}],"inLanguage":"tr"},{"@type":"Person","@id":"https:\/\/kibrisdakik.com\/#\/schema\/person\/9cd9d437bbb44f72b73ba127e06d8e79","name":"admin","image":{"@type":"ImageObject","inLanguage":"tr","@id":"https:\/\/secure.gravatar.com\/avatar\/ccc17943b9d660506c869530f897617f7cb1c21a4bf30023f252596d83e1f007?s=96&d=mm&r=g","url":"https:\/\/secure.gravatar.com\/avatar\/ccc17943b9d660506c869530f897617f7cb1c21a4bf30023f252596d83e1f007?s=96&d=mm&r=g","contentUrl":"https:\/\/secure.gravatar.com\/avatar\/ccc17943b9d660506c869530f897617f7cb1c21a4bf30023f252596d83e1f007?s=96&d=mm&r=g","caption":"admin"},"sameAs":["https:\/\/kibrisdakik.com"],"url":"https:\/\/kibrisdakik.com\/?author=1"}]}},"_links":{"self":[{"href":"https:\/\/kibrisdakik.com\/index.php?rest_route=\/wp\/v2\/posts\/33397","targetHints":{"allow":["GET"]}}],"collection":[{"href":"https:\/\/kibrisdakik.com\/index.php?rest_route=\/wp\/v2\/posts"}],"about":[{"href":"https:\/\/kibrisdakik.com\/index.php?rest_route=\/wp\/v2\/types\/post"}],"author":[{"embeddable":true,"href":"https:\/\/kibrisdakik.com\/index.php?rest_route=\/wp\/v2\/users\/1"}],"replies":[{"embeddable":true,"href":"https:\/\/kibrisdakik.com\/index.php?rest_route=%2Fwp%2Fv2%2Fcomments&post=33397"}],"version-history":[{"count":0,"href":"https:\/\/kibrisdakik.com\/index.php?rest_route=\/wp\/v2\/posts\/33397\/revisions"}],"wp:featuredmedia":[{"embeddable":true,"href":"https:\/\/kibrisdakik.com\/index.php?rest_route=\/wp\/v2\/media\/3753"}],"wp:attachment":[{"href":"https:\/\/kibrisdakik.com\/index.php?rest_route=%2Fwp%2Fv2%2Fmedia&parent=33397"}],"wp:term":[{"taxonomy":"category","embeddable":true,"href":"https:\/\/kibrisdakik.com\/index.php?rest_route=%2Fwp%2Fv2%2Fcategories&post=33397"},{"taxonomy":"post_tag","embeddable":true,"href":"https:\/\/kibrisdakik.com\/index.php?rest_route=%2Fwp%2Fv2%2Ftags&post=33397"}],"curies":[{"name":"wp","href":"https:\/\/api.w.org\/{rel}","templated":true}]}}