{"id":33429,"date":"2024-03-09T17:09:27","date_gmt":"2024-03-09T17:09:27","guid":{"rendered":"https:\/\/kibrisdakik.com\/index.php\/2024\/03\/09\/saglik-bakani-hakan-dincyurekten-tuncer-arifoglu-icin-taziye-mesaji\/"},"modified":"2024-03-09T17:09:27","modified_gmt":"2024-03-09T17:09:27","slug":"saglik-bakani-hakan-dincyurekten-tuncer-arifoglu-icin-taziye-mesaji","status":"publish","type":"post","link":"https:\/\/kibrisdakik.com\/?p=33429","title":{"rendered":"Sa\u011fl\u0131k Bakan\u0131 Hakan Din\u00e7y\u00fcrek\u2019ten, Tuncer Arifo\u011flu i\u00e7in taziye mesaj\u0131"},"content":{"rendered":"<p><img decoding=\"async\" src=\"https:\/\/www.kibristurk.com\/images\/haberler\/2024\/03\/saglik-bakani-hakan-dincyurekten-tuncer-arifoglu-icin-taziye-mesaji-1709998977.webp\" \/><\/p>\n<p style=\"text-align:left\"><span style=\"font-size:16px\"><span style=\"font-family:Merriweather,serif !important\"><span style=\"color:#000000\"><span style=\"background-color:#ffffff\">Din\u00e7y\u00fcrek mesaj\u0131nda \u015fu ifadelere yer verdi:<\/span><\/span><\/span><\/span><\/p>\n<p style=\"text-align:left\"><span style=\"font-size:16px\"><span style=\"font-family:Merriweather,serif !important\"><span style=\"color:#000000\"><span style=\"background-color:#ffffff\">\u201cYa\u015fam\u0131 boyunca \u00fclkemize \u00e7e\u015fitli kademelerde \u00f6nemli hizmetler veren, Ulusal Birlik Partisi kurucular\u0131ndan, de\u011ferli b\u00fcy\u00fc\u011f\u00fcm\u00fcz, abimiz Tuncer Arifo\u011flu\u2019nun vefat\u0131n\u0131 derin bir \u00fcz\u00fcnt\u00fcyle \u00f6\u011frenmi\u015f bulunmaktay\u0131z. Hizmetlerini ve devletine katk\u0131lar\u0131n\u0131 asla unutmayaca\u011f\u0131m\u0131z, Tuncer Arfio\u011flu\u2019na Allah\u2019tan rahmet, ailesine ve t\u00fcm sevenlerine ba\u015fsa\u011fl\u0131\u011f\u0131 diliyorum.&nbsp; Mekan\u0131 cennet olsun.\u201d<\/span><\/span><\/span><\/span><\/p>\n","protected":false},"excerpt":{"rendered":"<p>Din\u00e7y\u00fcrek mesaj\u0131nda \u015fu ifadelere yer verdi: \u201cYa\u015fam\u0131 boyunca \u00fclkemize \u00e7e\u015fitli kademelerde \u00f6nemli hizmetler veren, Ulusal Birlik Partisi kurucular\u0131ndan, de\u011ferli b\u00fcy\u00fc\u011f\u00fcm\u00fcz, abimiz Tuncer Arifo\u011flu\u2019nun vefat\u0131n\u0131 derin bir \u00fcz\u00fcnt\u00fcyle \u00f6\u011frenmi\u015f bulunmaktay\u0131z. Hizmetlerini ve devletine katk\u0131lar\u0131n\u0131 asla unutmayaca\u011f\u0131m\u0131z, Tuncer Arfio\u011flu\u2019na Allah\u2019tan rahmet, ailesine ve t\u00fcm sevenlerine ba\u015fsa\u011fl\u0131\u011f\u0131 diliyorum.&nbsp; Mekan\u0131 cennet olsun.\u201d<\/p>\n","protected":false},"author":1,"featured_media":33430,"comment_status":"open","ping_status":"open","sticky":false,"template":"","format":"standard","meta":{"footnotes":""},"categories":[85],"tags":[],"class_list":["post-33429","post","type-post","status-publish","format-standard","has-post-thumbnail","hentry","category-spor"],"yoast_head":"<!-- This site is optimized with the Yoast SEO plugin v27.4 - https:\/\/yoast.com\/product\/yoast-seo-wordpress\/ -->\n<title>Sa\u011fl\u0131k Bakan\u0131 Hakan Din\u00e7y\u00fcrek\u2019ten, Tuncer Arifo\u011flu i\u00e7in taziye mesaj\u0131 -<\/title>\n<meta name=\"robots\" content=\"index, follow, max-snippet:-1, max-image-preview:large, max-video-preview:-1\" \/>\n<link rel=\"canonical\" href=\"https:\/\/kibrisdakik.com\/?p=33429\" \/>\n<meta property=\"og:locale\" content=\"tr_TR\" \/>\n<meta property=\"og:type\" content=\"article\" \/>\n<meta property=\"og:title\" content=\"Sa\u011fl\u0131k Bakan\u0131 Hakan Din\u00e7y\u00fcrek\u2019ten, Tuncer Arifo\u011flu i\u00e7in taziye mesaj\u0131 -\" \/>\n<meta property=\"og:description\" content=\"Din\u00e7y\u00fcrek mesaj\u0131nda \u015fu ifadelere yer verdi: \u201cYa\u015fam\u0131 boyunca \u00fclkemize \u00e7e\u015fitli kademelerde \u00f6nemli hizmetler veren, Ulusal Birlik Partisi kurucular\u0131ndan, de\u011ferli b\u00fcy\u00fc\u011f\u00fcm\u00fcz, abimiz Tuncer Arifo\u011flu\u2019nun vefat\u0131n\u0131 derin bir \u00fcz\u00fcnt\u00fcyle \u00f6\u011frenmi\u015f bulunmaktay\u0131z. Hizmetlerini ve devletine katk\u0131lar\u0131n\u0131 asla unutmayaca\u011f\u0131m\u0131z, Tuncer Arfio\u011flu\u2019na Allah\u2019tan rahmet, ailesine ve t\u00fcm sevenlerine ba\u015fsa\u011fl\u0131\u011f\u0131 diliyorum.&nbsp; Mekan\u0131 cennet olsun.\u201d\" \/>\n<meta property=\"og:url\" content=\"https:\/\/kibrisdakik.com\/?p=33429\" \/>\n<meta property=\"article:published_time\" content=\"2024-03-09T17:09:27+00:00\" \/>\n<meta property=\"og:image\" content=\"https:\/\/kibrisdakik.com\/wp-content\/uploads\/2024\/03\/saglik-bakani-hakan-dincyurekten-tuncer-arifoglu-icin-taziye-mesaji-1709998977.webp.webp\" \/>\n\t<meta property=\"og:image:width\" content=\"710\" \/>\n\t<meta property=\"og:image:height\" content=\"370\" \/>\n\t<meta property=\"og:image:type\" content=\"image\/webp\" \/>\n<meta name=\"author\" content=\"admin\" \/>\n<meta name=\"twitter:card\" content=\"summary_large_image\" \/>\n<meta name=\"twitter:label1\" content=\"Yazan:\" \/>\n\t<meta name=\"twitter:data1\" content=\"admin\" \/>\n<script type=\"application\/ld+json\" class=\"yoast-schema-graph\">{\"@context\":\"https:\\\/\\\/schema.org\",\"@graph\":[{\"@type\":\"Article\",\"@id\":\"https:\\\/\\\/kibrisdakik.com\\\/?p=33429#article\",\"isPartOf\":{\"@id\":\"https:\\\/\\\/kibrisdakik.com\\\/?p=33429\"},\"author\":{\"name\":\"admin\",\"@id\":\"https:\\\/\\\/kibrisdakik.com\\\/#\\\/schema\\\/person\\\/9cd9d437bbb44f72b73ba127e06d8e79\"},\"headline\":\"Sa\u011fl\u0131k Bakan\u0131 Hakan Din\u00e7y\u00fcrek\u2019ten, Tuncer Arifo\u011flu i\u00e7in taziye mesaj\u0131\",\"datePublished\":\"2024-03-09T17:09:27+00:00\",\"mainEntityOfPage\":{\"@id\":\"https:\\\/\\\/kibrisdakik.com\\\/?p=33429\"},\"wordCount\":91,\"commentCount\":0,\"image\":{\"@id\":\"https:\\\/\\\/kibrisdakik.com\\\/?p=33429#primaryimage\"},\"thumbnailUrl\":\"https:\\\/\\\/kibrisdakik.com\\\/wp-content\\\/uploads\\\/2024\\\/03\\\/saglik-bakani-hakan-dincyurekten-tuncer-arifoglu-icin-taziye-mesaji-1709998977.webp.webp\",\"articleSection\":[\"Spor\"],\"inLanguage\":\"tr\",\"potentialAction\":[{\"@type\":\"CommentAction\",\"name\":\"Comment\",\"target\":[\"https:\\\/\\\/kibrisdakik.com\\\/?p=33429#respond\"]}]},{\"@type\":\"WebPage\",\"@id\":\"https:\\\/\\\/kibrisdakik.com\\\/?p=33429\",\"url\":\"https:\\\/\\\/kibrisdakik.com\\\/?p=33429\",\"name\":\"Sa\u011fl\u0131k Bakan\u0131 Hakan Din\u00e7y\u00fcrek\u2019ten, Tuncer Arifo\u011flu i\u00e7in taziye mesaj\u0131 -\",\"isPartOf\":{\"@id\":\"https:\\\/\\\/kibrisdakik.com\\\/#website\"},\"primaryImageOfPage\":{\"@id\":\"https:\\\/\\\/kibrisdakik.com\\\/?p=33429#primaryimage\"},\"image\":{\"@id\":\"https:\\\/\\\/kibrisdakik.com\\\/?p=33429#primaryimage\"},\"thumbnailUrl\":\"https:\\\/\\\/kibrisdakik.com\\\/wp-content\\\/uploads\\\/2024\\\/03\\\/saglik-bakani-hakan-dincyurekten-tuncer-arifoglu-icin-taziye-mesaji-1709998977.webp.webp\",\"datePublished\":\"2024-03-09T17:09:27+00:00\",\"author\":{\"@id\":\"https:\\\/\\\/kibrisdakik.com\\\/#\\\/schema\\\/person\\\/9cd9d437bbb44f72b73ba127e06d8e79\"},\"breadcrumb\":{\"@id\":\"https:\\\/\\\/kibrisdakik.com\\\/?p=33429#breadcrumb\"},\"inLanguage\":\"tr\",\"potentialAction\":[{\"@type\":\"ReadAction\",\"target\":[\"https:\\\/\\\/kibrisdakik.com\\\/?p=33429\"]}]},{\"@type\":\"ImageObject\",\"inLanguage\":\"tr\",\"@id\":\"https:\\\/\\\/kibrisdakik.com\\\/?p=33429#primaryimage\",\"url\":\"https:\\\/\\\/kibrisdakik.com\\\/wp-content\\\/uploads\\\/2024\\\/03\\\/saglik-bakani-hakan-dincyurekten-tuncer-arifoglu-icin-taziye-mesaji-1709998977.webp.webp\",\"contentUrl\":\"https:\\\/\\\/kibrisdakik.com\\\/wp-content\\\/uploads\\\/2024\\\/03\\\/saglik-bakani-hakan-dincyurekten-tuncer-arifoglu-icin-taziye-mesaji-1709998977.webp.webp\",\"width\":710,\"height\":370},{\"@type\":\"BreadcrumbList\",\"@id\":\"https:\\\/\\\/kibrisdakik.com\\\/?p=33429#breadcrumb\",\"itemListElement\":[{\"@type\":\"ListItem\",\"position\":1,\"name\":\"Home\",\"item\":\"https:\\\/\\\/kibrisdakik.com\\\/\"},{\"@type\":\"ListItem\",\"position\":2,\"name\":\"Sa\u011fl\u0131k Bakan\u0131 Hakan Din\u00e7y\u00fcrek\u2019ten, Tuncer Arifo\u011flu i\u00e7in taziye mesaj\u0131\"}]},{\"@type\":\"WebSite\",\"@id\":\"https:\\\/\\\/kibrisdakik.com\\\/#website\",\"url\":\"https:\\\/\\\/kibrisdakik.com\\\/\",\"name\":\"\",\"description\":\"Tam vaktinde haber\",\"potentialAction\":[{\"@type\":\"SearchAction\",\"target\":{\"@type\":\"EntryPoint\",\"urlTemplate\":\"https:\\\/\\\/kibrisdakik.com\\\/?s={search_term_string}\"},\"query-input\":{\"@type\":\"PropertyValueSpecification\",\"valueRequired\":true,\"valueName\":\"search_term_string\"}}],\"inLanguage\":\"tr\"},{\"@type\":\"Person\",\"@id\":\"https:\\\/\\\/kibrisdakik.com\\\/#\\\/schema\\\/person\\\/9cd9d437bbb44f72b73ba127e06d8e79\",\"name\":\"admin\",\"image\":{\"@type\":\"ImageObject\",\"inLanguage\":\"tr\",\"@id\":\"https:\\\/\\\/secure.gravatar.com\\\/avatar\\\/ccc17943b9d660506c869530f897617f7cb1c21a4bf30023f252596d83e1f007?s=96&d=mm&r=g\",\"url\":\"https:\\\/\\\/secure.gravatar.com\\\/avatar\\\/ccc17943b9d660506c869530f897617f7cb1c21a4bf30023f252596d83e1f007?s=96&d=mm&r=g\",\"contentUrl\":\"https:\\\/\\\/secure.gravatar.com\\\/avatar\\\/ccc17943b9d660506c869530f897617f7cb1c21a4bf30023f252596d83e1f007?s=96&d=mm&r=g\",\"caption\":\"admin\"},\"sameAs\":[\"https:\\\/\\\/kibrisdakik.com\"],\"url\":\"https:\\\/\\\/kibrisdakik.com\\\/?author=1\"}]}<\/script>\n<!-- \/ Yoast SEO plugin. -->","yoast_head_json":{"title":"Sa\u011fl\u0131k Bakan\u0131 Hakan Din\u00e7y\u00fcrek\u2019ten, Tuncer Arifo\u011flu i\u00e7in taziye mesaj\u0131 -","robots":{"index":"index","follow":"follow","max-snippet":"max-snippet:-1","max-image-preview":"max-image-preview:large","max-video-preview":"max-video-preview:-1"},"canonical":"https:\/\/kibrisdakik.com\/?p=33429","og_locale":"tr_TR","og_type":"article","og_title":"Sa\u011fl\u0131k Bakan\u0131 Hakan Din\u00e7y\u00fcrek\u2019ten, Tuncer Arifo\u011flu i\u00e7in taziye mesaj\u0131 -","og_description":"Din\u00e7y\u00fcrek mesaj\u0131nda \u015fu ifadelere yer verdi: \u201cYa\u015fam\u0131 boyunca \u00fclkemize \u00e7e\u015fitli kademelerde \u00f6nemli hizmetler veren, Ulusal Birlik Partisi kurucular\u0131ndan, de\u011ferli b\u00fcy\u00fc\u011f\u00fcm\u00fcz, abimiz Tuncer Arifo\u011flu\u2019nun vefat\u0131n\u0131 derin bir \u00fcz\u00fcnt\u00fcyle \u00f6\u011frenmi\u015f bulunmaktay\u0131z. Hizmetlerini ve devletine katk\u0131lar\u0131n\u0131 asla unutmayaca\u011f\u0131m\u0131z, Tuncer Arfio\u011flu\u2019na Allah\u2019tan rahmet, ailesine ve t\u00fcm sevenlerine ba\u015fsa\u011fl\u0131\u011f\u0131 diliyorum.&nbsp; Mekan\u0131 cennet olsun.\u201d","og_url":"https:\/\/kibrisdakik.com\/?p=33429","article_published_time":"2024-03-09T17:09:27+00:00","og_image":[{"width":710,"height":370,"url":"https:\/\/kibrisdakik.com\/wp-content\/uploads\/2024\/03\/saglik-bakani-hakan-dincyurekten-tuncer-arifoglu-icin-taziye-mesaji-1709998977.webp.webp","type":"image\/webp"}],"author":"admin","twitter_card":"summary_large_image","twitter_misc":{"Yazan:":"admin"},"schema":{"@context":"https:\/\/schema.org","@graph":[{"@type":"Article","@id":"https:\/\/kibrisdakik.com\/?p=33429#article","isPartOf":{"@id":"https:\/\/kibrisdakik.com\/?p=33429"},"author":{"name":"admin","@id":"https:\/\/kibrisdakik.com\/#\/schema\/person\/9cd9d437bbb44f72b73ba127e06d8e79"},"headline":"Sa\u011fl\u0131k Bakan\u0131 Hakan Din\u00e7y\u00fcrek\u2019ten, Tuncer Arifo\u011flu i\u00e7in taziye mesaj\u0131","datePublished":"2024-03-09T17:09:27+00:00","mainEntityOfPage":{"@id":"https:\/\/kibrisdakik.com\/?p=33429"},"wordCount":91,"commentCount":0,"image":{"@id":"https:\/\/kibrisdakik.com\/?p=33429#primaryimage"},"thumbnailUrl":"https:\/\/kibrisdakik.com\/wp-content\/uploads\/2024\/03\/saglik-bakani-hakan-dincyurekten-tuncer-arifoglu-icin-taziye-mesaji-1709998977.webp.webp","articleSection":["Spor"],"inLanguage":"tr","potentialAction":[{"@type":"CommentAction","name":"Comment","target":["https:\/\/kibrisdakik.com\/?p=33429#respond"]}]},{"@type":"WebPage","@id":"https:\/\/kibrisdakik.com\/?p=33429","url":"https:\/\/kibrisdakik.com\/?p=33429","name":"Sa\u011fl\u0131k Bakan\u0131 Hakan Din\u00e7y\u00fcrek\u2019ten, Tuncer Arifo\u011flu i\u00e7in taziye mesaj\u0131 -","isPartOf":{"@id":"https:\/\/kibrisdakik.com\/#website"},"primaryImageOfPage":{"@id":"https:\/\/kibrisdakik.com\/?p=33429#primaryimage"},"image":{"@id":"https:\/\/kibrisdakik.com\/?p=33429#primaryimage"},"thumbnailUrl":"https:\/\/kibrisdakik.com\/wp-content\/uploads\/2024\/03\/saglik-bakani-hakan-dincyurekten-tuncer-arifoglu-icin-taziye-mesaji-1709998977.webp.webp","datePublished":"2024-03-09T17:09:27+00:00","author":{"@id":"https:\/\/kibrisdakik.com\/#\/schema\/person\/9cd9d437bbb44f72b73ba127e06d8e79"},"breadcrumb":{"@id":"https:\/\/kibrisdakik.com\/?p=33429#breadcrumb"},"inLanguage":"tr","potentialAction":[{"@type":"ReadAction","target":["https:\/\/kibrisdakik.com\/?p=33429"]}]},{"@type":"ImageObject","inLanguage":"tr","@id":"https:\/\/kibrisdakik.com\/?p=33429#primaryimage","url":"https:\/\/kibrisdakik.com\/wp-content\/uploads\/2024\/03\/saglik-bakani-hakan-dincyurekten-tuncer-arifoglu-icin-taziye-mesaji-1709998977.webp.webp","contentUrl":"https:\/\/kibrisdakik.com\/wp-content\/uploads\/2024\/03\/saglik-bakani-hakan-dincyurekten-tuncer-arifoglu-icin-taziye-mesaji-1709998977.webp.webp","width":710,"height":370},{"@type":"BreadcrumbList","@id":"https:\/\/kibrisdakik.com\/?p=33429#breadcrumb","itemListElement":[{"@type":"ListItem","position":1,"name":"Home","item":"https:\/\/kibrisdakik.com\/"},{"@type":"ListItem","position":2,"name":"Sa\u011fl\u0131k Bakan\u0131 Hakan Din\u00e7y\u00fcrek\u2019ten, Tuncer Arifo\u011flu i\u00e7in taziye mesaj\u0131"}]},{"@type":"WebSite","@id":"https:\/\/kibrisdakik.com\/#website","url":"https:\/\/kibrisdakik.com\/","name":"","description":"Tam vaktinde haber","potentialAction":[{"@type":"SearchAction","target":{"@type":"EntryPoint","urlTemplate":"https:\/\/kibrisdakik.com\/?s={search_term_string}"},"query-input":{"@type":"PropertyValueSpecification","valueRequired":true,"valueName":"search_term_string"}}],"inLanguage":"tr"},{"@type":"Person","@id":"https:\/\/kibrisdakik.com\/#\/schema\/person\/9cd9d437bbb44f72b73ba127e06d8e79","name":"admin","image":{"@type":"ImageObject","inLanguage":"tr","@id":"https:\/\/secure.gravatar.com\/avatar\/ccc17943b9d660506c869530f897617f7cb1c21a4bf30023f252596d83e1f007?s=96&d=mm&r=g","url":"https:\/\/secure.gravatar.com\/avatar\/ccc17943b9d660506c869530f897617f7cb1c21a4bf30023f252596d83e1f007?s=96&d=mm&r=g","contentUrl":"https:\/\/secure.gravatar.com\/avatar\/ccc17943b9d660506c869530f897617f7cb1c21a4bf30023f252596d83e1f007?s=96&d=mm&r=g","caption":"admin"},"sameAs":["https:\/\/kibrisdakik.com"],"url":"https:\/\/kibrisdakik.com\/?author=1"}]}},"_links":{"self":[{"href":"https:\/\/kibrisdakik.com\/index.php?rest_route=\/wp\/v2\/posts\/33429","targetHints":{"allow":["GET"]}}],"collection":[{"href":"https:\/\/kibrisdakik.com\/index.php?rest_route=\/wp\/v2\/posts"}],"about":[{"href":"https:\/\/kibrisdakik.com\/index.php?rest_route=\/wp\/v2\/types\/post"}],"author":[{"embeddable":true,"href":"https:\/\/kibrisdakik.com\/index.php?rest_route=\/wp\/v2\/users\/1"}],"replies":[{"embeddable":true,"href":"https:\/\/kibrisdakik.com\/index.php?rest_route=%2Fwp%2Fv2%2Fcomments&post=33429"}],"version-history":[{"count":0,"href":"https:\/\/kibrisdakik.com\/index.php?rest_route=\/wp\/v2\/posts\/33429\/revisions"}],"wp:featuredmedia":[{"embeddable":true,"href":"https:\/\/kibrisdakik.com\/index.php?rest_route=\/wp\/v2\/media\/33430"}],"wp:attachment":[{"href":"https:\/\/kibrisdakik.com\/index.php?rest_route=%2Fwp%2Fv2%2Fmedia&parent=33429"}],"wp:term":[{"taxonomy":"category","embeddable":true,"href":"https:\/\/kibrisdakik.com\/index.php?rest_route=%2Fwp%2Fv2%2Fcategories&post=33429"},{"taxonomy":"post_tag","embeddable":true,"href":"https:\/\/kibrisdakik.com\/index.php?rest_route=%2Fwp%2Fv2%2Ftags&post=33429"}],"curies":[{"name":"wp","href":"https:\/\/api.w.org\/{rel}","templated":true}]}}