{"id":33435,"date":"2024-03-09T18:10:58","date_gmt":"2024-03-09T18:10:58","guid":{"rendered":"https:\/\/kibrisdakik.com\/index.php\/2024\/03\/09\/tuncer-arifoglu-icin-11-mart-pazartesi-gunu-mecliste-toren-duzenlenecek\/"},"modified":"2024-03-09T18:10:58","modified_gmt":"2024-03-09T18:10:58","slug":"tuncer-arifoglu-icin-11-mart-pazartesi-gunu-mecliste-toren-duzenlenecek","status":"publish","type":"post","link":"https:\/\/kibrisdakik.com\/?p=33435","title":{"rendered":"Tuncer Arifo\u011flu i\u00e7in 11 Mart Pazartesi g\u00fcn\u00fc Meclis\u2019te t\u00f6ren d\u00fczenlenecek"},"content":{"rendered":"<p><img decoding=\"async\" src=\"https:\/\/www.kibristurk.com\/images\/haberler\/2024\/03\/tuncer-arifoglu-icin-11-mart-pazartesi-gunu-mecliste-toren-duzenlenecek-1710006334.webp\" \/><\/p>\n<p style=\"text-align:left\"><span style=\"font-size:16px\"><span style=\"font-family:Merriweather,serif !important\"><span style=\"color:#000000\"><span style=\"background-color:#ffffff\"><span style=\"font-size:16px !important\"><span style=\"font-family:Merriweather,serif !important\"><span style=\"color:#000000 !important\">78 ya\u015f\u0131nda hayata veda eden Tuncer Arifo\u011flu, ayn\u0131 g\u00fcn \u0130smail Safa Camiinde k\u0131l\u0131nacak \u00f6\u011fle namaz\u0131na m\u00fcteakip, Lefko\u015fa mezarl\u0131\u011f\u0131na defnedilecek.<\/span><\/span><\/span><\/span><\/span><\/span><\/span><\/p>\n<p style=\"text-align:left\"><span style=\"font-size:16px\"><span style=\"font-family:Merriweather,serif !important\"><span style=\"color:#000000\"><span style=\"background-color:#ffffff\"><span style=\"font-size:16px !important\"><span style=\"font-family:Merriweather,serif !important\"><span style=\"color:#000000 !important\">Tuncer Arifo\u011flu kimdir?<\/span><\/span><\/span><\/span><\/span><\/span><\/span><\/p>\n<p style=\"text-align:left\"><span style=\"font-size:16px\"><span style=\"font-family:Merriweather,serif !important\"><span style=\"color:#000000\"><span style=\"background-color:#ffffff\"><span style=\"font-size:16px !important\"><span style=\"font-family:Merriweather,serif !important\"><span style=\"color:#000000 !important\">1946 y\u0131l\u0131nda Baf\u2019ta do\u011fan Tuncer Arifo\u011flu, \u0130ngiliz Okulu\u2019ndan mezun olmas\u0131n\u0131n ard\u0131ndan ODT\u00dc \u0130dari \u0130limler Fak\u00fcltesi\u2019ni kazan\u0131.&nbsp; Tuncer Arifo\u011flu, 1964 y\u0131l\u0131nda bir\u00e7ok \u00fcniversite \u00f6\u011frencisi gibi Erenk\u00f6y\u2019e \u00e7\u0131kt\u0131 ve Erenk\u00f6y M\u00fccahidi oldu.<\/span><\/span><\/span><\/span><\/span><\/span><\/span><\/p>\n<p style=\"text-align:left\"><span style=\"font-size:16px\"><span style=\"font-family:Merriweather,serif !important\"><span style=\"color:#000000\"><span style=\"background-color:#ffffff\"><span style=\"font-size:16px !important\"><span style=\"font-family:Merriweather,serif !important\"><span style=\"color:#000000 !important\">1969 y\u0131l\u0131nda ODT\u00dc\u2019den mezun olmas\u0131n\u0131n ard\u0131ndan ABD\u2019de y\u00fcksek lisans ve doktora yapt\u0131.<\/span><\/span><\/span><\/span><\/span><\/span><\/span><\/p>\n<p style=\"text-align:left\"><span style=\"font-size:16px\"><span style=\"font-family:Merriweather,serif !important\"><span style=\"color:#000000\"><span style=\"background-color:#ffffff\"><span style=\"font-size:16px !important\"><span style=\"font-family:Merriweather,serif !important\"><span style=\"color:#000000 !important\">Tuncer Arifo\u011flu, ABD2deki e\u011fitimini tamamlamas\u0131n\u0131n ard\u0131ndan 31 ya\u015f\u0131nda bakan oldu.&nbsp; Tuncer Arifo\u011flu, 1975-1976 y\u0131llar\u0131nda Sanayi ve Ticaret Bakan\u0131, Planlama ve Koordinasyon Bakan Vekili\u011fi yapt\u0131.<\/span><\/span><\/span><\/span><\/span><\/span><\/span><\/p>\n<p style=\"text-align:left\"><span style=\"font-size:16px\"><span style=\"font-family:Merriweather,serif !important\"><span style=\"color:#000000\"><span style=\"background-color:#ffffff\"><span style=\"font-size:16px !important\"><span style=\"font-family:Merriweather,serif !important\"><span style=\"color:#000000 !important\">Ulusal Birik Partisi\u2019nin kurucular\u0131ndan olan Tuncer Arifo\u011flu, 1986-1996 y\u0131llar\u0131 aras\u0131nda ise Do\u011fu Akdeniz \u00dcniversitesi M\u00fctevelli Heyeti \u00dcyesi olarak g\u00f6rev yapt\u0131.<\/span><\/span><\/span><\/span><\/span><\/span><\/span><\/p>\n<p style=\"text-align:left\"><span style=\"font-size:16px\"><span style=\"font-family:Merriweather,serif !important\"><span style=\"color:#000000\"><span style=\"background-color:#ffffff\"><span style=\"font-size:16px !important\"><span style=\"font-family:Merriweather,serif !important\"><span style=\"color:#000000 !important\">Tuncer Arifo\u011flu, K\u0131br\u0131s T\u00fcrk Kooperatif Merkez Bankas\u0131\u2019na da 1986-1995 ve 1999-2004 y\u0131llar\u0131 aras\u0131nda toplam 14 y\u0131l Genel M\u00fcd\u00fcr olarak hizmet verdi. Arifo\u011flu,&nbsp; 2009-2010 y\u0131llar\u0131 aras\u0131nda da Y\u00f6netim Kurulu Ba\u015fkan\u0131 olarak g\u00f6rev yapt\u0131.<\/span><\/span><\/span><\/span><\/span><\/span><\/span><\/p>\n<p style=\"text-align:left\"><span style=\"font-size:16px\"><span style=\"font-family:Merriweather,serif !important\"><span style=\"color:#000000\"><span style=\"background-color:#ffffff\"><span style=\"font-size:16px !important\"><span style=\"font-family:Merriweather,serif !important\"><span style=\"color:#000000 !important\">1996-1999 y\u0131llar\u0131 aras\u0131nda K\u0131br\u0131s Vaj\u0131flar Bankas\u0131 Y\u00f6netim Kurulu Ba\u015fkan\u0131 olarak g\u00f6rev yapan Tuncer Arifo\u011flu, 1996-1999 y\u0131llar\u0131 aras\u0131nda Girne Amerikan \u00dcniversitesi \u0130\u015fletme ve Ekonomi Fak\u00fcltesi Dekan\u0131 ve Rekt\u00f6r Yard\u0131mc\u0131s\u0131 olarak hizmet verdi.<\/span><\/span><\/span><\/span><\/span><\/span><\/span><\/p>\n<p style=\"text-align:left\"><span style=\"font-size:16px\"><span style=\"font-family:Merriweather,serif !important\"><span style=\"color:#000000\"><span style=\"background-color:#ffffff\"><span style=\"font-size:16px !important\"><span style=\"font-family:Merriweather,serif !important\"><span style=\"color:#000000 !important\">78 ya\u015f\u0131ndaki Tuncer Arifo\u011flu, rahats\u0131zl\u0131\u011f\u0131 nedeniyle bir s\u00fcredir hastanede tedavi g\u00f6r\u00fcyordu.<\/span><\/span><\/span><\/span><\/span><\/span><\/span><\/p>\n","protected":false},"excerpt":{"rendered":"<p>78 ya\u015f\u0131nda hayata veda eden Tuncer Arifo\u011flu, ayn\u0131 g\u00fcn \u0130smail Safa Camiinde k\u0131l\u0131nacak \u00f6\u011fle namaz\u0131na m\u00fcteakip, Lefko\u015fa mezarl\u0131\u011f\u0131na defnedilecek. Tuncer Arifo\u011flu kimdir? 1946 y\u0131l\u0131nda Baf\u2019ta do\u011fan Tuncer Arifo\u011flu, \u0130ngiliz Okulu\u2019ndan mezun olmas\u0131n\u0131n ard\u0131ndan ODT\u00dc \u0130dari \u0130limler Fak\u00fcltesi\u2019ni kazan\u0131.&nbsp; Tuncer Arifo\u011flu, 1964 y\u0131l\u0131nda bir\u00e7ok \u00fcniversite \u00f6\u011frencisi gibi Erenk\u00f6y\u2019e \u00e7\u0131kt\u0131 ve Erenk\u00f6y M\u00fccahidi oldu. 1969 y\u0131l\u0131nda ODT\u00dc\u2019den<\/p>\n","protected":false},"author":1,"featured_media":33436,"comment_status":"open","ping_status":"open","sticky":false,"template":"","format":"standard","meta":{"footnotes":""},"categories":[85],"tags":[],"class_list":["post-33435","post","type-post","status-publish","format-standard","has-post-thumbnail","hentry","category-spor"],"yoast_head":"<!-- This site is optimized with the Yoast SEO plugin v27.5 - https:\/\/yoast.com\/product\/yoast-seo-wordpress\/ -->\n<title>Tuncer Arifo\u011flu i\u00e7in 11 Mart Pazartesi g\u00fcn\u00fc Meclis\u2019te t\u00f6ren d\u00fczenlenecek -<\/title>\n<meta name=\"robots\" content=\"index, follow, max-snippet:-1, max-image-preview:large, max-video-preview:-1\" \/>\n<link rel=\"canonical\" href=\"https:\/\/kibrisdakik.com\/?p=33435\" \/>\n<meta property=\"og:locale\" content=\"tr_TR\" \/>\n<meta property=\"og:type\" content=\"article\" \/>\n<meta property=\"og:title\" content=\"Tuncer Arifo\u011flu i\u00e7in 11 Mart Pazartesi g\u00fcn\u00fc Meclis\u2019te t\u00f6ren d\u00fczenlenecek -\" \/>\n<meta property=\"og:description\" content=\"78 ya\u015f\u0131nda hayata veda eden Tuncer Arifo\u011flu, ayn\u0131 g\u00fcn \u0130smail Safa Camiinde k\u0131l\u0131nacak \u00f6\u011fle namaz\u0131na m\u00fcteakip, Lefko\u015fa mezarl\u0131\u011f\u0131na defnedilecek. Tuncer Arifo\u011flu kimdir? 1946 y\u0131l\u0131nda Baf\u2019ta do\u011fan Tuncer Arifo\u011flu, \u0130ngiliz Okulu\u2019ndan mezun olmas\u0131n\u0131n ard\u0131ndan ODT\u00dc \u0130dari \u0130limler Fak\u00fcltesi\u2019ni kazan\u0131.&nbsp; Tuncer Arifo\u011flu, 1964 y\u0131l\u0131nda bir\u00e7ok \u00fcniversite \u00f6\u011frencisi gibi Erenk\u00f6y\u2019e \u00e7\u0131kt\u0131 ve Erenk\u00f6y M\u00fccahidi oldu. 1969 y\u0131l\u0131nda ODT\u00dc\u2019den\" \/>\n<meta property=\"og:url\" content=\"https:\/\/kibrisdakik.com\/?p=33435\" \/>\n<meta property=\"article:published_time\" content=\"2024-03-09T18:10:58+00:00\" \/>\n<meta property=\"og:image\" content=\"https:\/\/kibrisdakik.com\/wp-content\/uploads\/2024\/03\/tuncer-arifoglu-icin-11-mart-pazartesi-gunu-mecliste-toren-duzenlenecek-1710006334.webp.webp\" \/>\n\t<meta property=\"og:image:width\" content=\"710\" \/>\n\t<meta property=\"og:image:height\" content=\"370\" \/>\n\t<meta property=\"og:image:type\" content=\"image\/webp\" \/>\n<meta name=\"author\" content=\"admin\" \/>\n<meta name=\"twitter:card\" content=\"summary_large_image\" \/>\n<meta name=\"twitter:label1\" content=\"Yazan:\" \/>\n\t<meta name=\"twitter:data1\" content=\"admin\" \/>\n\t<meta name=\"twitter:label2\" content=\"Tahmini okuma s\u00fcresi\" \/>\n\t<meta name=\"twitter:data2\" content=\"1 dakika\" \/>\n<script type=\"application\/ld+json\" class=\"yoast-schema-graph\">{\"@context\":\"https:\\\/\\\/schema.org\",\"@graph\":[{\"@type\":\"Article\",\"@id\":\"https:\\\/\\\/kibrisdakik.com\\\/?p=33435#article\",\"isPartOf\":{\"@id\":\"https:\\\/\\\/kibrisdakik.com\\\/?p=33435\"},\"author\":{\"name\":\"admin\",\"@id\":\"https:\\\/\\\/kibrisdakik.com\\\/#\\\/schema\\\/person\\\/9cd9d437bbb44f72b73ba127e06d8e79\"},\"headline\":\"Tuncer Arifo\u011flu i\u00e7in 11 Mart Pazartesi g\u00fcn\u00fc Meclis\u2019te t\u00f6ren d\u00fczenlenecek\",\"datePublished\":\"2024-03-09T18:10:58+00:00\",\"mainEntityOfPage\":{\"@id\":\"https:\\\/\\\/kibrisdakik.com\\\/?p=33435\"},\"wordCount\":286,\"commentCount\":0,\"image\":{\"@id\":\"https:\\\/\\\/kibrisdakik.com\\\/?p=33435#primaryimage\"},\"thumbnailUrl\":\"https:\\\/\\\/kibrisdakik.com\\\/wp-content\\\/uploads\\\/2024\\\/03\\\/tuncer-arifoglu-icin-11-mart-pazartesi-gunu-mecliste-toren-duzenlenecek-1710006334.webp.webp\",\"articleSection\":[\"Spor\"],\"inLanguage\":\"tr\",\"potentialAction\":[{\"@type\":\"CommentAction\",\"name\":\"Comment\",\"target\":[\"https:\\\/\\\/kibrisdakik.com\\\/?p=33435#respond\"]}]},{\"@type\":\"WebPage\",\"@id\":\"https:\\\/\\\/kibrisdakik.com\\\/?p=33435\",\"url\":\"https:\\\/\\\/kibrisdakik.com\\\/?p=33435\",\"name\":\"Tuncer Arifo\u011flu i\u00e7in 11 Mart Pazartesi g\u00fcn\u00fc Meclis\u2019te t\u00f6ren d\u00fczenlenecek -\",\"isPartOf\":{\"@id\":\"https:\\\/\\\/kibrisdakik.com\\\/#website\"},\"primaryImageOfPage\":{\"@id\":\"https:\\\/\\\/kibrisdakik.com\\\/?p=33435#primaryimage\"},\"image\":{\"@id\":\"https:\\\/\\\/kibrisdakik.com\\\/?p=33435#primaryimage\"},\"thumbnailUrl\":\"https:\\\/\\\/kibrisdakik.com\\\/wp-content\\\/uploads\\\/2024\\\/03\\\/tuncer-arifoglu-icin-11-mart-pazartesi-gunu-mecliste-toren-duzenlenecek-1710006334.webp.webp\",\"datePublished\":\"2024-03-09T18:10:58+00:00\",\"author\":{\"@id\":\"https:\\\/\\\/kibrisdakik.com\\\/#\\\/schema\\\/person\\\/9cd9d437bbb44f72b73ba127e06d8e79\"},\"breadcrumb\":{\"@id\":\"https:\\\/\\\/kibrisdakik.com\\\/?p=33435#breadcrumb\"},\"inLanguage\":\"tr\",\"potentialAction\":[{\"@type\":\"ReadAction\",\"target\":[\"https:\\\/\\\/kibrisdakik.com\\\/?p=33435\"]}]},{\"@type\":\"ImageObject\",\"inLanguage\":\"tr\",\"@id\":\"https:\\\/\\\/kibrisdakik.com\\\/?p=33435#primaryimage\",\"url\":\"https:\\\/\\\/kibrisdakik.com\\\/wp-content\\\/uploads\\\/2024\\\/03\\\/tuncer-arifoglu-icin-11-mart-pazartesi-gunu-mecliste-toren-duzenlenecek-1710006334.webp.webp\",\"contentUrl\":\"https:\\\/\\\/kibrisdakik.com\\\/wp-content\\\/uploads\\\/2024\\\/03\\\/tuncer-arifoglu-icin-11-mart-pazartesi-gunu-mecliste-toren-duzenlenecek-1710006334.webp.webp\",\"width\":710,\"height\":370},{\"@type\":\"BreadcrumbList\",\"@id\":\"https:\\\/\\\/kibrisdakik.com\\\/?p=33435#breadcrumb\",\"itemListElement\":[{\"@type\":\"ListItem\",\"position\":1,\"name\":\"Home\",\"item\":\"https:\\\/\\\/kibrisdakik.com\\\/\"},{\"@type\":\"ListItem\",\"position\":2,\"name\":\"Tuncer Arifo\u011flu i\u00e7in 11 Mart Pazartesi g\u00fcn\u00fc Meclis\u2019te t\u00f6ren d\u00fczenlenecek\"}]},{\"@type\":\"WebSite\",\"@id\":\"https:\\\/\\\/kibrisdakik.com\\\/#website\",\"url\":\"https:\\\/\\\/kibrisdakik.com\\\/\",\"name\":\"\",\"description\":\"Tam vaktinde haber\",\"potentialAction\":[{\"@type\":\"SearchAction\",\"target\":{\"@type\":\"EntryPoint\",\"urlTemplate\":\"https:\\\/\\\/kibrisdakik.com\\\/?s={search_term_string}\"},\"query-input\":{\"@type\":\"PropertyValueSpecification\",\"valueRequired\":true,\"valueName\":\"search_term_string\"}}],\"inLanguage\":\"tr\"},{\"@type\":\"Person\",\"@id\":\"https:\\\/\\\/kibrisdakik.com\\\/#\\\/schema\\\/person\\\/9cd9d437bbb44f72b73ba127e06d8e79\",\"name\":\"admin\",\"image\":{\"@type\":\"ImageObject\",\"inLanguage\":\"tr\",\"@id\":\"https:\\\/\\\/secure.gravatar.com\\\/avatar\\\/ccc17943b9d660506c869530f897617f7cb1c21a4bf30023f252596d83e1f007?s=96&d=mm&r=g\",\"url\":\"https:\\\/\\\/secure.gravatar.com\\\/avatar\\\/ccc17943b9d660506c869530f897617f7cb1c21a4bf30023f252596d83e1f007?s=96&d=mm&r=g\",\"contentUrl\":\"https:\\\/\\\/secure.gravatar.com\\\/avatar\\\/ccc17943b9d660506c869530f897617f7cb1c21a4bf30023f252596d83e1f007?s=96&d=mm&r=g\",\"caption\":\"admin\"},\"sameAs\":[\"https:\\\/\\\/kibrisdakik.com\"],\"url\":\"https:\\\/\\\/kibrisdakik.com\\\/?author=1\"}]}<\/script>\n<!-- \/ Yoast SEO plugin. -->","yoast_head_json":{"title":"Tuncer Arifo\u011flu i\u00e7in 11 Mart Pazartesi g\u00fcn\u00fc Meclis\u2019te t\u00f6ren d\u00fczenlenecek -","robots":{"index":"index","follow":"follow","max-snippet":"max-snippet:-1","max-image-preview":"max-image-preview:large","max-video-preview":"max-video-preview:-1"},"canonical":"https:\/\/kibrisdakik.com\/?p=33435","og_locale":"tr_TR","og_type":"article","og_title":"Tuncer Arifo\u011flu i\u00e7in 11 Mart Pazartesi g\u00fcn\u00fc Meclis\u2019te t\u00f6ren d\u00fczenlenecek -","og_description":"78 ya\u015f\u0131nda hayata veda eden Tuncer Arifo\u011flu, ayn\u0131 g\u00fcn \u0130smail Safa Camiinde k\u0131l\u0131nacak \u00f6\u011fle namaz\u0131na m\u00fcteakip, Lefko\u015fa mezarl\u0131\u011f\u0131na defnedilecek. Tuncer Arifo\u011flu kimdir? 1946 y\u0131l\u0131nda Baf\u2019ta do\u011fan Tuncer Arifo\u011flu, \u0130ngiliz Okulu\u2019ndan mezun olmas\u0131n\u0131n ard\u0131ndan ODT\u00dc \u0130dari \u0130limler Fak\u00fcltesi\u2019ni kazan\u0131.&nbsp; Tuncer Arifo\u011flu, 1964 y\u0131l\u0131nda bir\u00e7ok \u00fcniversite \u00f6\u011frencisi gibi Erenk\u00f6y\u2019e \u00e7\u0131kt\u0131 ve Erenk\u00f6y M\u00fccahidi oldu. 1969 y\u0131l\u0131nda ODT\u00dc\u2019den","og_url":"https:\/\/kibrisdakik.com\/?p=33435","article_published_time":"2024-03-09T18:10:58+00:00","og_image":[{"width":710,"height":370,"url":"https:\/\/kibrisdakik.com\/wp-content\/uploads\/2024\/03\/tuncer-arifoglu-icin-11-mart-pazartesi-gunu-mecliste-toren-duzenlenecek-1710006334.webp.webp","type":"image\/webp"}],"author":"admin","twitter_card":"summary_large_image","twitter_misc":{"Yazan:":"admin","Tahmini okuma s\u00fcresi":"1 dakika"},"schema":{"@context":"https:\/\/schema.org","@graph":[{"@type":"Article","@id":"https:\/\/kibrisdakik.com\/?p=33435#article","isPartOf":{"@id":"https:\/\/kibrisdakik.com\/?p=33435"},"author":{"name":"admin","@id":"https:\/\/kibrisdakik.com\/#\/schema\/person\/9cd9d437bbb44f72b73ba127e06d8e79"},"headline":"Tuncer Arifo\u011flu i\u00e7in 11 Mart Pazartesi g\u00fcn\u00fc Meclis\u2019te t\u00f6ren d\u00fczenlenecek","datePublished":"2024-03-09T18:10:58+00:00","mainEntityOfPage":{"@id":"https:\/\/kibrisdakik.com\/?p=33435"},"wordCount":286,"commentCount":0,"image":{"@id":"https:\/\/kibrisdakik.com\/?p=33435#primaryimage"},"thumbnailUrl":"https:\/\/kibrisdakik.com\/wp-content\/uploads\/2024\/03\/tuncer-arifoglu-icin-11-mart-pazartesi-gunu-mecliste-toren-duzenlenecek-1710006334.webp.webp","articleSection":["Spor"],"inLanguage":"tr","potentialAction":[{"@type":"CommentAction","name":"Comment","target":["https:\/\/kibrisdakik.com\/?p=33435#respond"]}]},{"@type":"WebPage","@id":"https:\/\/kibrisdakik.com\/?p=33435","url":"https:\/\/kibrisdakik.com\/?p=33435","name":"Tuncer Arifo\u011flu i\u00e7in 11 Mart Pazartesi g\u00fcn\u00fc Meclis\u2019te t\u00f6ren d\u00fczenlenecek -","isPartOf":{"@id":"https:\/\/kibrisdakik.com\/#website"},"primaryImageOfPage":{"@id":"https:\/\/kibrisdakik.com\/?p=33435#primaryimage"},"image":{"@id":"https:\/\/kibrisdakik.com\/?p=33435#primaryimage"},"thumbnailUrl":"https:\/\/kibrisdakik.com\/wp-content\/uploads\/2024\/03\/tuncer-arifoglu-icin-11-mart-pazartesi-gunu-mecliste-toren-duzenlenecek-1710006334.webp.webp","datePublished":"2024-03-09T18:10:58+00:00","author":{"@id":"https:\/\/kibrisdakik.com\/#\/schema\/person\/9cd9d437bbb44f72b73ba127e06d8e79"},"breadcrumb":{"@id":"https:\/\/kibrisdakik.com\/?p=33435#breadcrumb"},"inLanguage":"tr","potentialAction":[{"@type":"ReadAction","target":["https:\/\/kibrisdakik.com\/?p=33435"]}]},{"@type":"ImageObject","inLanguage":"tr","@id":"https:\/\/kibrisdakik.com\/?p=33435#primaryimage","url":"https:\/\/kibrisdakik.com\/wp-content\/uploads\/2024\/03\/tuncer-arifoglu-icin-11-mart-pazartesi-gunu-mecliste-toren-duzenlenecek-1710006334.webp.webp","contentUrl":"https:\/\/kibrisdakik.com\/wp-content\/uploads\/2024\/03\/tuncer-arifoglu-icin-11-mart-pazartesi-gunu-mecliste-toren-duzenlenecek-1710006334.webp.webp","width":710,"height":370},{"@type":"BreadcrumbList","@id":"https:\/\/kibrisdakik.com\/?p=33435#breadcrumb","itemListElement":[{"@type":"ListItem","position":1,"name":"Home","item":"https:\/\/kibrisdakik.com\/"},{"@type":"ListItem","position":2,"name":"Tuncer Arifo\u011flu i\u00e7in 11 Mart Pazartesi g\u00fcn\u00fc Meclis\u2019te t\u00f6ren d\u00fczenlenecek"}]},{"@type":"WebSite","@id":"https:\/\/kibrisdakik.com\/#website","url":"https:\/\/kibrisdakik.com\/","name":"","description":"Tam vaktinde haber","potentialAction":[{"@type":"SearchAction","target":{"@type":"EntryPoint","urlTemplate":"https:\/\/kibrisdakik.com\/?s={search_term_string}"},"query-input":{"@type":"PropertyValueSpecification","valueRequired":true,"valueName":"search_term_string"}}],"inLanguage":"tr"},{"@type":"Person","@id":"https:\/\/kibrisdakik.com\/#\/schema\/person\/9cd9d437bbb44f72b73ba127e06d8e79","name":"admin","image":{"@type":"ImageObject","inLanguage":"tr","@id":"https:\/\/secure.gravatar.com\/avatar\/ccc17943b9d660506c869530f897617f7cb1c21a4bf30023f252596d83e1f007?s=96&d=mm&r=g","url":"https:\/\/secure.gravatar.com\/avatar\/ccc17943b9d660506c869530f897617f7cb1c21a4bf30023f252596d83e1f007?s=96&d=mm&r=g","contentUrl":"https:\/\/secure.gravatar.com\/avatar\/ccc17943b9d660506c869530f897617f7cb1c21a4bf30023f252596d83e1f007?s=96&d=mm&r=g","caption":"admin"},"sameAs":["https:\/\/kibrisdakik.com"],"url":"https:\/\/kibrisdakik.com\/?author=1"}]}},"_links":{"self":[{"href":"https:\/\/kibrisdakik.com\/index.php?rest_route=\/wp\/v2\/posts\/33435","targetHints":{"allow":["GET"]}}],"collection":[{"href":"https:\/\/kibrisdakik.com\/index.php?rest_route=\/wp\/v2\/posts"}],"about":[{"href":"https:\/\/kibrisdakik.com\/index.php?rest_route=\/wp\/v2\/types\/post"}],"author":[{"embeddable":true,"href":"https:\/\/kibrisdakik.com\/index.php?rest_route=\/wp\/v2\/users\/1"}],"replies":[{"embeddable":true,"href":"https:\/\/kibrisdakik.com\/index.php?rest_route=%2Fwp%2Fv2%2Fcomments&post=33435"}],"version-history":[{"count":0,"href":"https:\/\/kibrisdakik.com\/index.php?rest_route=\/wp\/v2\/posts\/33435\/revisions"}],"wp:featuredmedia":[{"embeddable":true,"href":"https:\/\/kibrisdakik.com\/index.php?rest_route=\/wp\/v2\/media\/33436"}],"wp:attachment":[{"href":"https:\/\/kibrisdakik.com\/index.php?rest_route=%2Fwp%2Fv2%2Fmedia&parent=33435"}],"wp:term":[{"taxonomy":"category","embeddable":true,"href":"https:\/\/kibrisdakik.com\/index.php?rest_route=%2Fwp%2Fv2%2Fcategories&post=33435"},{"taxonomy":"post_tag","embeddable":true,"href":"https:\/\/kibrisdakik.com\/index.php?rest_route=%2Fwp%2Fv2%2Ftags&post=33435"}],"curies":[{"name":"wp","href":"https:\/\/api.w.org\/{rel}","templated":true}]}}