{"id":33439,"date":"2024-03-09T19:06:50","date_gmt":"2024-03-09T19:06:50","guid":{"rendered":"https:\/\/kibrisdakik.com\/index.php\/2024\/03\/09\/tatarturkiye-masa-tenisi-federasyonunun-verdigi-destek-spora-ve-ulke-tanitimina-katkida-bulunacak\/"},"modified":"2024-03-09T19:06:50","modified_gmt":"2024-03-09T19:06:50","slug":"tatarturkiye-masa-tenisi-federasyonunun-verdigi-destek-spora-ve-ulke-tanitimina-katkida-bulunacak","status":"publish","type":"post","link":"https:\/\/kibrisdakik.com\/?p=33439","title":{"rendered":"Tatar:T\u00fcrkiye Masa Tenisi Federasyonu\u2019nun verdi\u011fi destek, spora ve \u00fclke tan\u0131t\u0131m\u0131na katk\u0131da bulunacak"},"content":{"rendered":"<p><\/p>\n<div>\n<div class=\"mariselle-image-container center\">\n                <img loading=\"lazy\" decoding=\"async\" width=\"1600\" height=\"1066\" class=\"lazy-image\" alt=\"\" sizes=\"auto, (max-width: 1600px) 100vw, 1600px\" src=\"https:\/\/brtk.net\/wp-content\/uploads\/2024\/03\/09\/IMG-20240309-WA0019.jpg?ver=ab833a815802cf138e00a4b81c4f3a66\" srcset=\"https:\/\/brtk.net\/wp-content\/uploads\/2024\/03\/09\/IMG-20240309-WA0019.jpg?ver=ab833a815802cf138e00a4b81c4f3a66 1600w, https:\/\/brtk.net\/wp-content\/uploads\/2024\/03\/09\/IMG-20240309-WA0019-300x200.jpg?ver=b315d653ee5b7609414140f4d063adf3 300w, https:\/\/brtk.net\/wp-content\/uploads\/2024\/03\/09\/IMG-20240309-WA0019-1024x682.jpg?ver=b315d653ee5b7609414140f4d063adf3 1024w, https:\/\/brtk.net\/wp-content\/uploads\/2024\/03\/09\/IMG-20240309-WA0019-768x512.jpg?ver=bb4ba63857b3864bbc6d9007c44504c6 768w, https:\/\/brtk.net\/wp-content\/uploads\/2024\/03\/09\/IMG-20240309-WA0019-1536x1023.jpg?ver=bb4ba63857b3864bbc6d9007c44504c6 1536w\"\/>                            <\/div>\n<p>Cumhurba\u015fkan\u0131 <a href=\"https:\/\/brtk.net\/\" target=\"_blank\" rel=\"noopener\"><a href=\"https:\/\/brtk.net\/\" target=\"_blank\" rel=\"noopener\">Ersin <\/a><a href=\"https:\/\/brtk.net\/\"\/><a href=\"https:\/\/brtk.net\/\"\/><a href=\"https:\/\/brtk.net\/\"\/><a href=\"https:\/\/brtk.net\/\"\/><a href=\"https:\/\/brtk.net\/\"\/><a href=\"https:\/\/brtk.net\/\"\/><a href=\"https:\/\/brtk.net\/\">Tatar<\/a>, Kuzey K\u0131br\u0131s Masa Federasyonu\u2019nu ziyaret etti, T\u00fcrkiye Masa Tenisi Federasyonu Ba\u015fkan\u0131 Oktay \u00c7imen ve Kuzey K\u0131br\u0131s Masa Federasyonu Ba\u015fkan\u0131 Mustafa Bekiro\u011fullar\u0131 ile g\u00f6r\u00fc\u015ft\u00fc.<\/p>\n<p>Cumhurba\u015fkan\u0131 <a href=\"https:\/\/brtk.net\/\" target=\"_blank\" rel=\"noopener\"><a href=\"https:\/\/brtk.net\/\" target=\"_blank\" rel=\"noopener\">Ersin <\/a><a href=\"https:\/\/brtk.net\/\"\/><a href=\"https:\/\/brtk.net\/\"\/><a href=\"https:\/\/brtk.net\/\"\/><a href=\"https:\/\/brtk.net\/\"\/><a href=\"https:\/\/brtk.net\/\"\/><a href=\"https:\/\/brtk.net\/\"\/><a href=\"https:\/\/brtk.net\/\">Tatar<\/a> ziyarette yapt\u0131\u011f\u0131 konu\u015fmada, Kuzey K\u0131br\u0131s T\u00fcrk Cumhuriyeti\u2019nde her spor dal\u0131nda oldu\u011fu gibi masa tenisine de b\u00fcy\u00fck ilgi g\u00f6sterildi\u011fini s\u00f6yledi. <\/p>\n<p>Cumhurba\u015fkan\u0131 <a href=\"https:\/\/brtk.net\/\"\/><a href=\"https:\/\/brtk.net\/\"\/><a href=\"https:\/\/brtk.net\/\"\/><a href=\"https:\/\/brtk.net\/\"\/><a href=\"https:\/\/brtk.net\/\"\/><a href=\"https:\/\/brtk.net\/\"\/><a href=\"https:\/\/brtk.net\/\">Tatar<\/a>, masa tenisinde ya\u015f\u0131n \u00f6nemli olmad\u0131\u011f\u0131n\u0131 belirterek, masa tenisinin ilerleyen ya\u015flarda bile yaz-k\u0131\u015f farketmeden a\u00e7\u0131k ve kapal\u0131 alanlarda b\u00fcy\u00fck imkanlar gerektirmeden oynanan bir spor oldu\u011funu vurgulad\u0131.<\/p>\n<p>Masa tenisinin bir k\u00fclt\u00fcr oldu\u011funa i\u015faret eden Cumhurba\u015fkan\u0131 <a href=\"https:\/\/brtk.net\/\"\/><a href=\"https:\/\/brtk.net\/\"\/><a href=\"https:\/\/brtk.net\/\"\/><a href=\"https:\/\/brtk.net\/\"\/><a href=\"https:\/\/brtk.net\/\"\/><a href=\"https:\/\/brtk.net\/\"\/><a href=\"https:\/\/brtk.net\/\">Tatar<\/a>, sporun dostluk ve karde\u015flik oldu\u011funu, bu ba\u011flar\u0131n\u0131n geli\u015fmesi i\u00e7in masa tenisinin yayg\u0131nla\u015fmas\u0131 gerekti\u011fine dikkat \u00e7ekti.<\/p>\n<p>Kuzey K\u0131br\u0131s Masa Tenisi Federasyon Ba\u015fkan\u0131 ve y\u00f6netim kurulunun \u00e7ok say\u0131da genci bu spora y\u00f6nlendirdi\u011fini aktaran Cumhurba\u015fkan\u0131 <a href=\"https:\/\/brtk.net\/\"\/><a href=\"https:\/\/brtk.net\/\"\/><a href=\"https:\/\/brtk.net\/\"\/><a href=\"https:\/\/brtk.net\/\"\/><a href=\"https:\/\/brtk.net\/\"\/><a href=\"https:\/\/brtk.net\/\"\/><a href=\"https:\/\/brtk.net\/\">Tatar<\/a>, K\u0131br\u0131s T\u00fcrk\u00fc\u2019ne uygulanan siyasi k\u0131s\u0131tlamalar, engelleme ve ambargolardan sporun da etkilendi\u011fini kaydetti.<\/p>\n<div class=\"mariselle-image-container center\">\n                <img loading=\"lazy\" decoding=\"async\" width=\"1600\" height=\"1066\" class=\"lazy-image\" alt=\"\" sizes=\"auto, (max-width: 1600px) 100vw, 1600px\" src=\"https:\/\/brtk.net\/wp-content\/uploads\/2024\/03\/09\/IMG-20240309-WA0020.jpg?ver=8a1476f0c9fed606e32e2d3f4c4ae8e6\" srcset=\"https:\/\/brtk.net\/wp-content\/uploads\/2024\/03\/09\/IMG-20240309-WA0020.jpg?ver=8a1476f0c9fed606e32e2d3f4c4ae8e6 1600w, https:\/\/brtk.net\/wp-content\/uploads\/2024\/03\/09\/IMG-20240309-WA0020-300x200.jpg?ver=49fba47b171d170e03b9838ffb430c00 300w, https:\/\/brtk.net\/wp-content\/uploads\/2024\/03\/09\/IMG-20240309-WA0020-1024x682.jpg?ver=49fba47b171d170e03b9838ffb430c00 1024w, https:\/\/brtk.net\/wp-content\/uploads\/2024\/03\/09\/IMG-20240309-WA0020-768x512.jpg?ver=8226d5c317ac6e52565e877186796cc1 768w, https:\/\/brtk.net\/wp-content\/uploads\/2024\/03\/09\/IMG-20240309-WA0020-1536x1023.jpg?ver=8226d5c317ac6e52565e877186796cc1 1536w\"\/>                            <\/div>\n<p>\u00dclke sporcular\u0131n\u0131n uluslararas\u0131 temaslara bulunmas\u0131n\u0131n \u00f6nemine dikkat \u00e7eken Cumhurba\u015fkan\u0131 <a href=\"https:\/\/brtk.net\/\"\/><a href=\"https:\/\/brtk.net\/\"\/><a href=\"https:\/\/brtk.net\/\"\/><a href=\"https:\/\/brtk.net\/\"\/><a href=\"https:\/\/brtk.net\/\"\/><a href=\"https:\/\/brtk.net\/\"\/><a href=\"https:\/\/brtk.net\/\">Tatar<\/a>, sporcular\u0131n T\u00fcrkiye ve di\u011fer uluslararas\u0131 oyuncularla kar\u015f\u0131la\u015fmas\u0131na imkan sa\u011flanmas\u0131 gerekti\u011fine vurgu yapt\u0131.<\/p>\n<p>Sa\u011flanan imkanlar\u0131n ki\u015fisel spor geli\u015fimi yan\u0131nda \u00fclke tan\u0131tt\u0131m\u0131 a\u00e7\u0131s\u0131ndan da \u00f6nemli oldu\u011funu aktaran Cumhurba\u015fkan\u0131 <a href=\"https:\/\/brtk.net\/\"\/><a href=\"https:\/\/brtk.net\/\"\/><a href=\"https:\/\/brtk.net\/\"\/><a href=\"https:\/\/brtk.net\/\"\/><a href=\"https:\/\/brtk.net\/\"\/><a href=\"https:\/\/brtk.net\/\"\/><a href=\"https:\/\/brtk.net\/\">Tatar<\/a>, K\u0131br\u0131s T\u00fcrk\u00fc\u2019n\u00fcn \u00f6zden gelen haklar\u0131n\u0131n masa tenisinde de kullan\u0131lmas\u0131 gerekti\u011fini kaydetti.<\/p>\n<p>\u00dclkemizde bulunan T\u00fcrkiye Masa Tenisi Federasyon Ba\u015fkan\u0131 ve Y\u00f6netim Kurulu \u00dcyelerinin \u00fclkemizdeki masa tenisi sporuna verdikleri deste\u011fin b\u00fcy\u00fck bir kazan\u0131m oldu\u011funu ifade eden Cumhurba\u015fkan\u0131 <a href=\"https:\/\/brtk.net\/\"\/><a href=\"https:\/\/brtk.net\/\"\/><a href=\"https:\/\/brtk.net\/\"\/><a href=\"https:\/\/brtk.net\/\"\/><a href=\"https:\/\/brtk.net\/\"\/><a href=\"https:\/\/brtk.net\/\"\/><a href=\"https:\/\/brtk.net\/\">Tatar<\/a>, \u201cMasa tenisi oynayanlar\u0131 selaml\u0131yorum, arac\u0131l\u0131\u011f\u0131n\u0131zla T\u00fcrkiye\u2019de 81 ilde sesimizi duyuraca\u011f\u0131z\u201d dedi. <\/p>\n<p>T\u00fcrkiye Masa Tenisi Federasyonu Ba\u015fkan\u0131 Oktay \u00c7imen ise davet edildikleri Lefke Avrupa \u00dcniversitesi\u2019nin y\u0131llard\u0131r masa tenisinde faaliyet g\u00f6sterdi\u011fini ve T\u00fcrkiye\u2019deki liglerde m\u00fccadele verdi\u011fini s\u00f6yledi.<\/p>\n<p>Oktay \u00c7imen, Kuzey K\u0131br\u0131s T\u00fcrk Cumhuriyeti\u2019ne uygulanan spor ambargosunu k\u0131rmak, gen\u00e7lerin spor yapmas\u0131na imkan sa\u011flamak ve masa tenisini geli\u015ftirmek istediklerini belirterek, sponsorlar arac\u0131l\u0131\u011f\u0131yla \u201cU\u00e7an Raketler Projesi\u201d kapsam\u0131nda okullara masa tenisi masas\u0131 ve malzemelerinin da\u011f\u0131t\u0131laca\u011f\u0131n\u0131 kaydetti.<\/p>\n<p>Kuzey K\u0131br\u0131s Masa Tenisi Federasyonu ile i\u015fbirli\u011fi yapmak istediklerini ifade eden Oktay \u00c7imen, antren\u00f6r, sporcu ve hakem konusunda nas\u0131l destek verilece\u011finin g\u00f6r\u00fc\u015f\u00fcld\u00fc\u011f\u00fcn\u00fc dile getirdi.<\/p>\n<p>Kuzey K\u0131br\u0131s Masa Federasyonu Ba\u015fkan\u0131 Mustafa Bekiro\u011fullar\u0131 da konu\u015fmas\u0131nda T\u00fcrkiye Masa Tenisi Federasyonu Ba\u015fkan\u0131 ve y\u00f6neticileri ile \u00e7ok olumlu bir g\u00f6r\u00fc\u015fme ger\u00e7ekle\u015ftirdiklerini s\u00f6yledi.<\/p>\n<p>Mustafa Bekiro\u011fullar\u0131, T\u00fcrkiye\u2019deki federasyonun 1971 y\u0131l\u0131ndan beri \u00fclkemizdeki masa tenisine destek verildi\u011fini ifade ederek, yak\u0131n zamanda \u201cU\u00e7an Raketler Projesi\u2019nin\u201d T\u00fcrkiye Masa Federasyonunun deste\u011fiyle hayata ge\u00e7ecek olmas\u0131n\u0131n mutlulu\u011funu ya\u015fad\u0131klar\u0131n\u0131 kaydetti.<\/p>\n<\/p><\/div>\n<p><script async\n                    defer\n                    crossorigin=\"anonymous\"\n                    src=\"https:\/\/connect.facebook.net\/tr_TR\/sdk.js#xfbml=1&#038;version=v3.3\"\n            ><\/script><\/p>\n","protected":false},"excerpt":{"rendered":"<p>Cumhurba\u015fkan\u0131 Ersin Tatar, Kuzey K\u0131br\u0131s Masa Federasyonu\u2019nu ziyaret etti, T\u00fcrkiye Masa Tenisi Federasyonu Ba\u015fkan\u0131 Oktay \u00c7imen ve Kuzey K\u0131br\u0131s Masa Federasyonu Ba\u015fkan\u0131 Mustafa Bekiro\u011fullar\u0131 ile g\u00f6r\u00fc\u015ft\u00fc. Cumhurba\u015fkan\u0131 Ersin Tatar ziyarette yapt\u0131\u011f\u0131 konu\u015fmada, Kuzey K\u0131br\u0131s T\u00fcrk Cumhuriyeti\u2019nde her spor dal\u0131nda oldu\u011fu gibi masa tenisine de b\u00fcy\u00fck ilgi g\u00f6sterildi\u011fini s\u00f6yledi. Cumhurba\u015fkan\u0131 Tatar, masa tenisinde ya\u015f\u0131n \u00f6nemli olmad\u0131\u011f\u0131n\u0131<\/p>\n","protected":false},"author":1,"featured_media":33440,"comment_status":"open","ping_status":"open","sticky":false,"template":"","format":"standard","meta":{"footnotes":""},"categories":[1],"tags":[],"class_list":["post-33439","post","type-post","status-publish","format-standard","has-post-thumbnail","hentry","category-gundem"],"yoast_head":"<!-- This site is optimized with the Yoast SEO plugin v27.4 - https:\/\/yoast.com\/product\/yoast-seo-wordpress\/ -->\n<title>Tatar:T\u00fcrkiye Masa Tenisi Federasyonu\u2019nun verdi\u011fi destek, spora ve \u00fclke tan\u0131t\u0131m\u0131na katk\u0131da bulunacak -<\/title>\n<meta name=\"robots\" content=\"index, follow, max-snippet:-1, max-image-preview:large, max-video-preview:-1\" \/>\n<link rel=\"canonical\" href=\"https:\/\/kibrisdakik.com\/?p=33439\" \/>\n<meta property=\"og:locale\" content=\"tr_TR\" \/>\n<meta property=\"og:type\" content=\"article\" \/>\n<meta property=\"og:title\" content=\"Tatar:T\u00fcrkiye Masa Tenisi Federasyonu\u2019nun verdi\u011fi destek, spora ve \u00fclke tan\u0131t\u0131m\u0131na katk\u0131da bulunacak -\" \/>\n<meta property=\"og:description\" content=\"Cumhurba\u015fkan\u0131 Ersin Tatar, Kuzey K\u0131br\u0131s Masa Federasyonu\u2019nu ziyaret etti, T\u00fcrkiye Masa Tenisi Federasyonu Ba\u015fkan\u0131 Oktay \u00c7imen ve Kuzey K\u0131br\u0131s Masa Federasyonu Ba\u015fkan\u0131 Mustafa Bekiro\u011fullar\u0131 ile g\u00f6r\u00fc\u015ft\u00fc. Cumhurba\u015fkan\u0131 Ersin Tatar ziyarette yapt\u0131\u011f\u0131 konu\u015fmada, Kuzey K\u0131br\u0131s T\u00fcrk Cumhuriyeti\u2019nde her spor dal\u0131nda oldu\u011fu gibi masa tenisine de b\u00fcy\u00fck ilgi g\u00f6sterildi\u011fini s\u00f6yledi. Cumhurba\u015fkan\u0131 Tatar, masa tenisinde ya\u015f\u0131n \u00f6nemli olmad\u0131\u011f\u0131n\u0131\" \/>\n<meta property=\"og:url\" content=\"https:\/\/kibrisdakik.com\/?p=33439\" \/>\n<meta property=\"article:published_time\" content=\"2024-03-09T19:06:50+00:00\" \/>\n<meta property=\"og:image\" content=\"https:\/\/kibrisdakik.com\/wp-content\/uploads\/2024\/03\/IMG-20240309-WA0019-740x420.jpg\" \/>\n\t<meta property=\"og:image:width\" content=\"1600\" \/>\n\t<meta property=\"og:image:height\" content=\"1066\" \/>\n\t<meta property=\"og:image:type\" content=\"image\/jpeg\" \/>\n<meta name=\"author\" content=\"admin\" \/>\n<meta name=\"twitter:card\" content=\"summary_large_image\" \/>\n<meta name=\"twitter:label1\" content=\"Yazan:\" \/>\n\t<meta name=\"twitter:data1\" content=\"admin\" \/>\n\t<meta name=\"twitter:label2\" content=\"Tahmini okuma s\u00fcresi\" \/>\n\t<meta name=\"twitter:data2\" content=\"3 dakika\" \/>\n<script type=\"application\/ld+json\" class=\"yoast-schema-graph\">{\"@context\":\"https:\\\/\\\/schema.org\",\"@graph\":[{\"@type\":\"Article\",\"@id\":\"https:\\\/\\\/kibrisdakik.com\\\/?p=33439#article\",\"isPartOf\":{\"@id\":\"https:\\\/\\\/kibrisdakik.com\\\/?p=33439\"},\"author\":{\"name\":\"admin\",\"@id\":\"https:\\\/\\\/kibrisdakik.com\\\/#\\\/schema\\\/person\\\/9cd9d437bbb44f72b73ba127e06d8e79\"},\"headline\":\"Tatar:T\u00fcrkiye Masa Tenisi Federasyonu\u2019nun verdi\u011fi destek, spora ve \u00fclke tan\u0131t\u0131m\u0131na katk\u0131da bulunacak\",\"datePublished\":\"2024-03-09T19:06:50+00:00\",\"mainEntityOfPage\":{\"@id\":\"https:\\\/\\\/kibrisdakik.com\\\/?p=33439\"},\"wordCount\":548,\"commentCount\":0,\"image\":{\"@id\":\"https:\\\/\\\/kibrisdakik.com\\\/?p=33439#primaryimage\"},\"thumbnailUrl\":\"https:\\\/\\\/kibrisdakik.com\\\/wp-content\\\/uploads\\\/2024\\\/03\\\/IMG-20240309-WA0019-740x420.jpg\",\"articleSection\":[\"G\u00fcndem\"],\"inLanguage\":\"tr\",\"potentialAction\":[{\"@type\":\"CommentAction\",\"name\":\"Comment\",\"target\":[\"https:\\\/\\\/kibrisdakik.com\\\/?p=33439#respond\"]}]},{\"@type\":\"WebPage\",\"@id\":\"https:\\\/\\\/kibrisdakik.com\\\/?p=33439\",\"url\":\"https:\\\/\\\/kibrisdakik.com\\\/?p=33439\",\"name\":\"Tatar:T\u00fcrkiye Masa Tenisi Federasyonu\u2019nun verdi\u011fi destek, spora ve \u00fclke tan\u0131t\u0131m\u0131na katk\u0131da bulunacak -\",\"isPartOf\":{\"@id\":\"https:\\\/\\\/kibrisdakik.com\\\/#website\"},\"primaryImageOfPage\":{\"@id\":\"https:\\\/\\\/kibrisdakik.com\\\/?p=33439#primaryimage\"},\"image\":{\"@id\":\"https:\\\/\\\/kibrisdakik.com\\\/?p=33439#primaryimage\"},\"thumbnailUrl\":\"https:\\\/\\\/kibrisdakik.com\\\/wp-content\\\/uploads\\\/2024\\\/03\\\/IMG-20240309-WA0019-740x420.jpg\",\"datePublished\":\"2024-03-09T19:06:50+00:00\",\"author\":{\"@id\":\"https:\\\/\\\/kibrisdakik.com\\\/#\\\/schema\\\/person\\\/9cd9d437bbb44f72b73ba127e06d8e79\"},\"breadcrumb\":{\"@id\":\"https:\\\/\\\/kibrisdakik.com\\\/?p=33439#breadcrumb\"},\"inLanguage\":\"tr\",\"potentialAction\":[{\"@type\":\"ReadAction\",\"target\":[\"https:\\\/\\\/kibrisdakik.com\\\/?p=33439\"]}]},{\"@type\":\"ImageObject\",\"inLanguage\":\"tr\",\"@id\":\"https:\\\/\\\/kibrisdakik.com\\\/?p=33439#primaryimage\",\"url\":\"https:\\\/\\\/kibrisdakik.com\\\/wp-content\\\/uploads\\\/2024\\\/03\\\/IMG-20240309-WA0019-740x420.jpg\",\"contentUrl\":\"https:\\\/\\\/kibrisdakik.com\\\/wp-content\\\/uploads\\\/2024\\\/03\\\/IMG-20240309-WA0019-740x420.jpg\",\"width\":1600,\"height\":1066},{\"@type\":\"BreadcrumbList\",\"@id\":\"https:\\\/\\\/kibrisdakik.com\\\/?p=33439#breadcrumb\",\"itemListElement\":[{\"@type\":\"ListItem\",\"position\":1,\"name\":\"Home\",\"item\":\"https:\\\/\\\/kibrisdakik.com\\\/\"},{\"@type\":\"ListItem\",\"position\":2,\"name\":\"Tatar:T\u00fcrkiye Masa Tenisi Federasyonu\u2019nun verdi\u011fi destek, spora ve \u00fclke tan\u0131t\u0131m\u0131na katk\u0131da bulunacak\"}]},{\"@type\":\"WebSite\",\"@id\":\"https:\\\/\\\/kibrisdakik.com\\\/#website\",\"url\":\"https:\\\/\\\/kibrisdakik.com\\\/\",\"name\":\"\",\"description\":\"Tam vaktinde haber\",\"potentialAction\":[{\"@type\":\"SearchAction\",\"target\":{\"@type\":\"EntryPoint\",\"urlTemplate\":\"https:\\\/\\\/kibrisdakik.com\\\/?s={search_term_string}\"},\"query-input\":{\"@type\":\"PropertyValueSpecification\",\"valueRequired\":true,\"valueName\":\"search_term_string\"}}],\"inLanguage\":\"tr\"},{\"@type\":\"Person\",\"@id\":\"https:\\\/\\\/kibrisdakik.com\\\/#\\\/schema\\\/person\\\/9cd9d437bbb44f72b73ba127e06d8e79\",\"name\":\"admin\",\"image\":{\"@type\":\"ImageObject\",\"inLanguage\":\"tr\",\"@id\":\"https:\\\/\\\/secure.gravatar.com\\\/avatar\\\/ccc17943b9d660506c869530f897617f7cb1c21a4bf30023f252596d83e1f007?s=96&d=mm&r=g\",\"url\":\"https:\\\/\\\/secure.gravatar.com\\\/avatar\\\/ccc17943b9d660506c869530f897617f7cb1c21a4bf30023f252596d83e1f007?s=96&d=mm&r=g\",\"contentUrl\":\"https:\\\/\\\/secure.gravatar.com\\\/avatar\\\/ccc17943b9d660506c869530f897617f7cb1c21a4bf30023f252596d83e1f007?s=96&d=mm&r=g\",\"caption\":\"admin\"},\"sameAs\":[\"https:\\\/\\\/kibrisdakik.com\"],\"url\":\"https:\\\/\\\/kibrisdakik.com\\\/?author=1\"}]}<\/script>\n<!-- \/ Yoast SEO plugin. -->","yoast_head_json":{"title":"Tatar:T\u00fcrkiye Masa Tenisi Federasyonu\u2019nun verdi\u011fi destek, spora ve \u00fclke tan\u0131t\u0131m\u0131na katk\u0131da bulunacak -","robots":{"index":"index","follow":"follow","max-snippet":"max-snippet:-1","max-image-preview":"max-image-preview:large","max-video-preview":"max-video-preview:-1"},"canonical":"https:\/\/kibrisdakik.com\/?p=33439","og_locale":"tr_TR","og_type":"article","og_title":"Tatar:T\u00fcrkiye Masa Tenisi Federasyonu\u2019nun verdi\u011fi destek, spora ve \u00fclke tan\u0131t\u0131m\u0131na katk\u0131da bulunacak -","og_description":"Cumhurba\u015fkan\u0131 Ersin Tatar, Kuzey K\u0131br\u0131s Masa Federasyonu\u2019nu ziyaret etti, T\u00fcrkiye Masa Tenisi Federasyonu Ba\u015fkan\u0131 Oktay \u00c7imen ve Kuzey K\u0131br\u0131s Masa Federasyonu Ba\u015fkan\u0131 Mustafa Bekiro\u011fullar\u0131 ile g\u00f6r\u00fc\u015ft\u00fc. Cumhurba\u015fkan\u0131 Ersin Tatar ziyarette yapt\u0131\u011f\u0131 konu\u015fmada, Kuzey K\u0131br\u0131s T\u00fcrk Cumhuriyeti\u2019nde her spor dal\u0131nda oldu\u011fu gibi masa tenisine de b\u00fcy\u00fck ilgi g\u00f6sterildi\u011fini s\u00f6yledi. Cumhurba\u015fkan\u0131 Tatar, masa tenisinde ya\u015f\u0131n \u00f6nemli olmad\u0131\u011f\u0131n\u0131","og_url":"https:\/\/kibrisdakik.com\/?p=33439","article_published_time":"2024-03-09T19:06:50+00:00","og_image":[{"width":1600,"height":1066,"url":"https:\/\/kibrisdakik.com\/wp-content\/uploads\/2024\/03\/IMG-20240309-WA0019-740x420.jpg","type":"image\/jpeg"}],"author":"admin","twitter_card":"summary_large_image","twitter_misc":{"Yazan:":"admin","Tahmini okuma s\u00fcresi":"3 dakika"},"schema":{"@context":"https:\/\/schema.org","@graph":[{"@type":"Article","@id":"https:\/\/kibrisdakik.com\/?p=33439#article","isPartOf":{"@id":"https:\/\/kibrisdakik.com\/?p=33439"},"author":{"name":"admin","@id":"https:\/\/kibrisdakik.com\/#\/schema\/person\/9cd9d437bbb44f72b73ba127e06d8e79"},"headline":"Tatar:T\u00fcrkiye Masa Tenisi Federasyonu\u2019nun verdi\u011fi destek, spora ve \u00fclke tan\u0131t\u0131m\u0131na katk\u0131da bulunacak","datePublished":"2024-03-09T19:06:50+00:00","mainEntityOfPage":{"@id":"https:\/\/kibrisdakik.com\/?p=33439"},"wordCount":548,"commentCount":0,"image":{"@id":"https:\/\/kibrisdakik.com\/?p=33439#primaryimage"},"thumbnailUrl":"https:\/\/kibrisdakik.com\/wp-content\/uploads\/2024\/03\/IMG-20240309-WA0019-740x420.jpg","articleSection":["G\u00fcndem"],"inLanguage":"tr","potentialAction":[{"@type":"CommentAction","name":"Comment","target":["https:\/\/kibrisdakik.com\/?p=33439#respond"]}]},{"@type":"WebPage","@id":"https:\/\/kibrisdakik.com\/?p=33439","url":"https:\/\/kibrisdakik.com\/?p=33439","name":"Tatar:T\u00fcrkiye Masa Tenisi Federasyonu\u2019nun verdi\u011fi destek, spora ve \u00fclke tan\u0131t\u0131m\u0131na katk\u0131da bulunacak -","isPartOf":{"@id":"https:\/\/kibrisdakik.com\/#website"},"primaryImageOfPage":{"@id":"https:\/\/kibrisdakik.com\/?p=33439#primaryimage"},"image":{"@id":"https:\/\/kibrisdakik.com\/?p=33439#primaryimage"},"thumbnailUrl":"https:\/\/kibrisdakik.com\/wp-content\/uploads\/2024\/03\/IMG-20240309-WA0019-740x420.jpg","datePublished":"2024-03-09T19:06:50+00:00","author":{"@id":"https:\/\/kibrisdakik.com\/#\/schema\/person\/9cd9d437bbb44f72b73ba127e06d8e79"},"breadcrumb":{"@id":"https:\/\/kibrisdakik.com\/?p=33439#breadcrumb"},"inLanguage":"tr","potentialAction":[{"@type":"ReadAction","target":["https:\/\/kibrisdakik.com\/?p=33439"]}]},{"@type":"ImageObject","inLanguage":"tr","@id":"https:\/\/kibrisdakik.com\/?p=33439#primaryimage","url":"https:\/\/kibrisdakik.com\/wp-content\/uploads\/2024\/03\/IMG-20240309-WA0019-740x420.jpg","contentUrl":"https:\/\/kibrisdakik.com\/wp-content\/uploads\/2024\/03\/IMG-20240309-WA0019-740x420.jpg","width":1600,"height":1066},{"@type":"BreadcrumbList","@id":"https:\/\/kibrisdakik.com\/?p=33439#breadcrumb","itemListElement":[{"@type":"ListItem","position":1,"name":"Home","item":"https:\/\/kibrisdakik.com\/"},{"@type":"ListItem","position":2,"name":"Tatar:T\u00fcrkiye Masa Tenisi Federasyonu\u2019nun verdi\u011fi destek, spora ve \u00fclke tan\u0131t\u0131m\u0131na katk\u0131da bulunacak"}]},{"@type":"WebSite","@id":"https:\/\/kibrisdakik.com\/#website","url":"https:\/\/kibrisdakik.com\/","name":"","description":"Tam vaktinde haber","potentialAction":[{"@type":"SearchAction","target":{"@type":"EntryPoint","urlTemplate":"https:\/\/kibrisdakik.com\/?s={search_term_string}"},"query-input":{"@type":"PropertyValueSpecification","valueRequired":true,"valueName":"search_term_string"}}],"inLanguage":"tr"},{"@type":"Person","@id":"https:\/\/kibrisdakik.com\/#\/schema\/person\/9cd9d437bbb44f72b73ba127e06d8e79","name":"admin","image":{"@type":"ImageObject","inLanguage":"tr","@id":"https:\/\/secure.gravatar.com\/avatar\/ccc17943b9d660506c869530f897617f7cb1c21a4bf30023f252596d83e1f007?s=96&d=mm&r=g","url":"https:\/\/secure.gravatar.com\/avatar\/ccc17943b9d660506c869530f897617f7cb1c21a4bf30023f252596d83e1f007?s=96&d=mm&r=g","contentUrl":"https:\/\/secure.gravatar.com\/avatar\/ccc17943b9d660506c869530f897617f7cb1c21a4bf30023f252596d83e1f007?s=96&d=mm&r=g","caption":"admin"},"sameAs":["https:\/\/kibrisdakik.com"],"url":"https:\/\/kibrisdakik.com\/?author=1"}]}},"_links":{"self":[{"href":"https:\/\/kibrisdakik.com\/index.php?rest_route=\/wp\/v2\/posts\/33439","targetHints":{"allow":["GET"]}}],"collection":[{"href":"https:\/\/kibrisdakik.com\/index.php?rest_route=\/wp\/v2\/posts"}],"about":[{"href":"https:\/\/kibrisdakik.com\/index.php?rest_route=\/wp\/v2\/types\/post"}],"author":[{"embeddable":true,"href":"https:\/\/kibrisdakik.com\/index.php?rest_route=\/wp\/v2\/users\/1"}],"replies":[{"embeddable":true,"href":"https:\/\/kibrisdakik.com\/index.php?rest_route=%2Fwp%2Fv2%2Fcomments&post=33439"}],"version-history":[{"count":0,"href":"https:\/\/kibrisdakik.com\/index.php?rest_route=\/wp\/v2\/posts\/33439\/revisions"}],"wp:featuredmedia":[{"embeddable":true,"href":"https:\/\/kibrisdakik.com\/index.php?rest_route=\/wp\/v2\/media\/33440"}],"wp:attachment":[{"href":"https:\/\/kibrisdakik.com\/index.php?rest_route=%2Fwp%2Fv2%2Fmedia&parent=33439"}],"wp:term":[{"taxonomy":"category","embeddable":true,"href":"https:\/\/kibrisdakik.com\/index.php?rest_route=%2Fwp%2Fv2%2Fcategories&post=33439"},{"taxonomy":"post_tag","embeddable":true,"href":"https:\/\/kibrisdakik.com\/index.php?rest_route=%2Fwp%2Fv2%2Ftags&post=33439"}],"curies":[{"name":"wp","href":"https:\/\/api.w.org\/{rel}","templated":true}]}}