{"id":33479,"date":"2024-03-10T01:21:29","date_gmt":"2024-03-10T01:21:29","guid":{"rendered":"https:\/\/kibrisdakik.com\/index.php\/2024\/03\/10\/aykut-gucveren-mahkeme-huzuruna-cikarildi\/"},"modified":"2024-03-10T01:21:29","modified_gmt":"2024-03-10T01:21:29","slug":"aykut-gucveren-mahkeme-huzuruna-cikarildi","status":"publish","type":"post","link":"https:\/\/kibrisdakik.com\/?p=33479","title":{"rendered":"Aykut G\u00fc\u00e7veren mahkeme huzuruna \u00e7\u0131kar\u0131ld\u0131"},"content":{"rendered":"<p><img decoding=\"async\" src=\"https:\/\/www.kibristurk.com\/images\/haberler\/2024\/03\/aykut-gucveren-mahkeme-huzuruna-cikarildi-1709995495.webp\" \/><\/p>\n<p><span style=\"font-size:11pt\"><span style=\"font-family:Calibri,sans-serif\"><span style=\"font-size:14.0pt\"><span style=\",serif\">Mahkemede mesele ile ilgili olarak \u015fahadet veren polis memuru Alparslan Yavuz olayla ilgili bulgular\u0131 aktard\u0131. Yavuz huzurda bulunan zanl\u0131 Aykut G\u00fc\u00e7veren\u2019in 2023 y\u0131l\u0131 Kas\u0131m ay\u0131 ve 04 Mart 2024 tarihinde Lefko\u015fa\u2019da Feride Hikmet Sokak \u00dczerinde faaliyet g\u00f6steren ve i\u015fletmecili\u011fini yapt\u0131\u011f\u0131 \u201c<em>Aykut Tattoo\u201d<\/em> isimli i\u015f yerinde, m\u00fc\u015fteri olarak gelen G.A\u2019n\u0131n sa\u011f el bile\u011fi \u00fczerinde bulunan d\u00f6vmeyi silmek i\u00e7in tabip olmad\u0131\u011f\u0131 ve yetkisi olmad\u0131\u011f\u0131 halde hekim gibi Q-Switch marka laser cihaz\u0131 ile i\u015flem yapt\u0131\u011f\u0131n\u0131 ve tabipler birli\u011fi yasas\u0131na ayk\u0131r\u0131 harekette bulundu\u011funu s\u00f6yledi. Polis akabinde yap\u0131lan i\u015flem sonucunda ad\u0131 edilenin sa\u011f el bile\u011fi \u00fczerinde 2. Derecede yan\u0131k olu\u015fmas\u0131na ve v\u00fccut b\u00fct\u00fcnl\u00fc\u011f\u00fcn\u00fcn bozulmas\u0131na sebep olup vahim zarara u\u011fratarak sorumlu oldu\u011fu bir makineden gelmesi muhtemel bir tehlikeye kar\u015f\u0131 gereken \u00f6nleyici tedbirleri almay\u0131 ihmal ederek ihmalk\u00e2r eylemde bulundu\u011funu mahkemeye aktard\u0131. Polis yap\u0131lan \u015fik\u00e2yet \u00fczerine soru\u015fturma ba\u015flat\u0131ld\u0131\u011f\u0131n\u0131, soru\u015fturma kapsam\u0131nda tabipler birli\u011finden g\u00f6r\u00fc\u015f al\u0131nd\u0131\u011f\u0131n\u0131 ve s\u00f6z konusu cihaz\u0131 kullanma yetkisinin tabip olanlara verildi\u011fini belirtti. Polis memuru Yavuz ayr\u0131ca birlikten al\u0131nan bilgide s\u00f6z konusu cihazlar\u0131n \u00fclkeye gire bilmesi i\u00e7in kendilerinden onay al\u0131nd\u0131\u011f\u0131n\u0131 ancak s\u00f6z konusu cihaz\u0131n yap\u0131lan kontrol\u00fcnde kayd\u0131n\u0131n bulunmad\u0131\u011f\u0131n\u0131 bu konunun da ara\u015ft\u0131r\u0131laca\u011f\u0131n\u0131 mahkeme aktard\u0131. Polis aktarm\u0131\u015f oldu\u011fu olgular \u0131\u015f\u0131nda soru\u015fturman\u0131n devam etti\u011fini al\u0131nmas\u0131 gereken ifadeler ve ara\u015ft\u0131r\u0131lmas\u0131 gereken hususlar oldu\u011funu belirterek ilk etapta zanl\u0131n\u0131n 3 g\u00fcn poliste tutuklu kalmas\u0131n\u0131 talep etti.<\/span><\/span><\/span><\/span><\/p>\n<p><span style=\"font-size:11pt\"><span style=\"font-family:Calibri,sans-serif\"><span style=\"font-size:14.0pt\"><span style=\",serif\">Huzurunda verilen \u015fahadeti de\u011ferlendiren K\u0131demli Yarg\u0131\u00e7 Meltem D\u00fcndar zanl\u0131n\u0131n soru\u015fturma maksatl\u0131 3 g\u00fcn poliste tutuklu kalmas\u0131na emir verdi.<\/span><\/span><\/span><\/span><\/p>\n","protected":false},"excerpt":{"rendered":"<p>Mahkemede mesele ile ilgili olarak \u015fahadet veren polis memuru Alparslan Yavuz olayla ilgili bulgular\u0131 aktard\u0131. Yavuz huzurda bulunan zanl\u0131 Aykut G\u00fc\u00e7veren\u2019in 2023 y\u0131l\u0131 Kas\u0131m ay\u0131 ve 04 Mart 2024 tarihinde Lefko\u015fa\u2019da Feride Hikmet Sokak \u00dczerinde faaliyet g\u00f6steren ve i\u015fletmecili\u011fini yapt\u0131\u011f\u0131 \u201cAykut Tattoo\u201d isimli i\u015f yerinde, m\u00fc\u015fteri olarak gelen G.A\u2019n\u0131n sa\u011f el bile\u011fi \u00fczerinde bulunan d\u00f6vmeyi<\/p>\n","protected":false},"author":1,"featured_media":33480,"comment_status":"open","ping_status":"open","sticky":false,"template":"","format":"standard","meta":{"footnotes":""},"categories":[85],"tags":[],"class_list":["post-33479","post","type-post","status-publish","format-standard","has-post-thumbnail","hentry","category-spor"],"yoast_head":"<!-- This site is optimized with the Yoast SEO plugin v27.5 - https:\/\/yoast.com\/product\/yoast-seo-wordpress\/ -->\n<title>Aykut G\u00fc\u00e7veren mahkeme huzuruna \u00e7\u0131kar\u0131ld\u0131 -<\/title>\n<meta name=\"robots\" content=\"index, follow, max-snippet:-1, max-image-preview:large, max-video-preview:-1\" \/>\n<link rel=\"canonical\" href=\"https:\/\/kibrisdakik.com\/?p=33479\" \/>\n<meta property=\"og:locale\" content=\"tr_TR\" \/>\n<meta property=\"og:type\" content=\"article\" \/>\n<meta property=\"og:title\" content=\"Aykut G\u00fc\u00e7veren mahkeme huzuruna \u00e7\u0131kar\u0131ld\u0131 -\" \/>\n<meta property=\"og:description\" content=\"Mahkemede mesele ile ilgili olarak \u015fahadet veren polis memuru Alparslan Yavuz olayla ilgili bulgular\u0131 aktard\u0131. Yavuz huzurda bulunan zanl\u0131 Aykut G\u00fc\u00e7veren\u2019in 2023 y\u0131l\u0131 Kas\u0131m ay\u0131 ve 04 Mart 2024 tarihinde Lefko\u015fa\u2019da Feride Hikmet Sokak \u00dczerinde faaliyet g\u00f6steren ve i\u015fletmecili\u011fini yapt\u0131\u011f\u0131 \u201cAykut Tattoo\u201d isimli i\u015f yerinde, m\u00fc\u015fteri olarak gelen G.A\u2019n\u0131n sa\u011f el bile\u011fi \u00fczerinde bulunan d\u00f6vmeyi\" \/>\n<meta property=\"og:url\" content=\"https:\/\/kibrisdakik.com\/?p=33479\" \/>\n<meta property=\"article:published_time\" content=\"2024-03-10T01:21:29+00:00\" \/>\n<meta property=\"og:image\" content=\"https:\/\/kibrisdakik.com\/wp-content\/uploads\/2024\/03\/aykut-gucveren-mahkeme-huzuruna-cikarildi-1709995495.webp.webp\" \/>\n\t<meta property=\"og:image:width\" content=\"710\" \/>\n\t<meta property=\"og:image:height\" content=\"370\" \/>\n\t<meta property=\"og:image:type\" content=\"image\/webp\" \/>\n<meta name=\"author\" content=\"admin\" \/>\n<meta name=\"twitter:card\" content=\"summary_large_image\" \/>\n<meta name=\"twitter:label1\" content=\"Yazan:\" \/>\n\t<meta name=\"twitter:data1\" content=\"admin\" \/>\n\t<meta name=\"twitter:label2\" content=\"Tahmini okuma s\u00fcresi\" \/>\n\t<meta name=\"twitter:data2\" content=\"2 dakika\" \/>\n<script type=\"application\/ld+json\" class=\"yoast-schema-graph\">{\"@context\":\"https:\\\/\\\/schema.org\",\"@graph\":[{\"@type\":\"Article\",\"@id\":\"https:\\\/\\\/kibrisdakik.com\\\/?p=33479#article\",\"isPartOf\":{\"@id\":\"https:\\\/\\\/kibrisdakik.com\\\/?p=33479\"},\"author\":{\"name\":\"admin\",\"@id\":\"https:\\\/\\\/kibrisdakik.com\\\/#\\\/schema\\\/person\\\/9cd9d437bbb44f72b73ba127e06d8e79\"},\"headline\":\"Aykut G\u00fc\u00e7veren mahkeme huzuruna \u00e7\u0131kar\u0131ld\u0131\",\"datePublished\":\"2024-03-10T01:21:29+00:00\",\"mainEntityOfPage\":{\"@id\":\"https:\\\/\\\/kibrisdakik.com\\\/?p=33479\"},\"wordCount\":315,\"commentCount\":0,\"image\":{\"@id\":\"https:\\\/\\\/kibrisdakik.com\\\/?p=33479#primaryimage\"},\"thumbnailUrl\":\"https:\\\/\\\/kibrisdakik.com\\\/wp-content\\\/uploads\\\/2024\\\/03\\\/aykut-gucveren-mahkeme-huzuruna-cikarildi-1709995495.webp.webp\",\"articleSection\":[\"Spor\"],\"inLanguage\":\"tr\",\"potentialAction\":[{\"@type\":\"CommentAction\",\"name\":\"Comment\",\"target\":[\"https:\\\/\\\/kibrisdakik.com\\\/?p=33479#respond\"]}]},{\"@type\":\"WebPage\",\"@id\":\"https:\\\/\\\/kibrisdakik.com\\\/?p=33479\",\"url\":\"https:\\\/\\\/kibrisdakik.com\\\/?p=33479\",\"name\":\"Aykut G\u00fc\u00e7veren mahkeme huzuruna \u00e7\u0131kar\u0131ld\u0131 -\",\"isPartOf\":{\"@id\":\"https:\\\/\\\/kibrisdakik.com\\\/#website\"},\"primaryImageOfPage\":{\"@id\":\"https:\\\/\\\/kibrisdakik.com\\\/?p=33479#primaryimage\"},\"image\":{\"@id\":\"https:\\\/\\\/kibrisdakik.com\\\/?p=33479#primaryimage\"},\"thumbnailUrl\":\"https:\\\/\\\/kibrisdakik.com\\\/wp-content\\\/uploads\\\/2024\\\/03\\\/aykut-gucveren-mahkeme-huzuruna-cikarildi-1709995495.webp.webp\",\"datePublished\":\"2024-03-10T01:21:29+00:00\",\"author\":{\"@id\":\"https:\\\/\\\/kibrisdakik.com\\\/#\\\/schema\\\/person\\\/9cd9d437bbb44f72b73ba127e06d8e79\"},\"breadcrumb\":{\"@id\":\"https:\\\/\\\/kibrisdakik.com\\\/?p=33479#breadcrumb\"},\"inLanguage\":\"tr\",\"potentialAction\":[{\"@type\":\"ReadAction\",\"target\":[\"https:\\\/\\\/kibrisdakik.com\\\/?p=33479\"]}]},{\"@type\":\"ImageObject\",\"inLanguage\":\"tr\",\"@id\":\"https:\\\/\\\/kibrisdakik.com\\\/?p=33479#primaryimage\",\"url\":\"https:\\\/\\\/kibrisdakik.com\\\/wp-content\\\/uploads\\\/2024\\\/03\\\/aykut-gucveren-mahkeme-huzuruna-cikarildi-1709995495.webp.webp\",\"contentUrl\":\"https:\\\/\\\/kibrisdakik.com\\\/wp-content\\\/uploads\\\/2024\\\/03\\\/aykut-gucveren-mahkeme-huzuruna-cikarildi-1709995495.webp.webp\",\"width\":710,\"height\":370},{\"@type\":\"BreadcrumbList\",\"@id\":\"https:\\\/\\\/kibrisdakik.com\\\/?p=33479#breadcrumb\",\"itemListElement\":[{\"@type\":\"ListItem\",\"position\":1,\"name\":\"Home\",\"item\":\"https:\\\/\\\/kibrisdakik.com\\\/\"},{\"@type\":\"ListItem\",\"position\":2,\"name\":\"Aykut G\u00fc\u00e7veren mahkeme huzuruna \u00e7\u0131kar\u0131ld\u0131\"}]},{\"@type\":\"WebSite\",\"@id\":\"https:\\\/\\\/kibrisdakik.com\\\/#website\",\"url\":\"https:\\\/\\\/kibrisdakik.com\\\/\",\"name\":\"\",\"description\":\"Tam vaktinde haber\",\"potentialAction\":[{\"@type\":\"SearchAction\",\"target\":{\"@type\":\"EntryPoint\",\"urlTemplate\":\"https:\\\/\\\/kibrisdakik.com\\\/?s={search_term_string}\"},\"query-input\":{\"@type\":\"PropertyValueSpecification\",\"valueRequired\":true,\"valueName\":\"search_term_string\"}}],\"inLanguage\":\"tr\"},{\"@type\":\"Person\",\"@id\":\"https:\\\/\\\/kibrisdakik.com\\\/#\\\/schema\\\/person\\\/9cd9d437bbb44f72b73ba127e06d8e79\",\"name\":\"admin\",\"image\":{\"@type\":\"ImageObject\",\"inLanguage\":\"tr\",\"@id\":\"https:\\\/\\\/secure.gravatar.com\\\/avatar\\\/ccc17943b9d660506c869530f897617f7cb1c21a4bf30023f252596d83e1f007?s=96&d=mm&r=g\",\"url\":\"https:\\\/\\\/secure.gravatar.com\\\/avatar\\\/ccc17943b9d660506c869530f897617f7cb1c21a4bf30023f252596d83e1f007?s=96&d=mm&r=g\",\"contentUrl\":\"https:\\\/\\\/secure.gravatar.com\\\/avatar\\\/ccc17943b9d660506c869530f897617f7cb1c21a4bf30023f252596d83e1f007?s=96&d=mm&r=g\",\"caption\":\"admin\"},\"sameAs\":[\"https:\\\/\\\/kibrisdakik.com\"],\"url\":\"https:\\\/\\\/kibrisdakik.com\\\/?author=1\"}]}<\/script>\n<!-- \/ Yoast SEO plugin. -->","yoast_head_json":{"title":"Aykut G\u00fc\u00e7veren mahkeme huzuruna \u00e7\u0131kar\u0131ld\u0131 -","robots":{"index":"index","follow":"follow","max-snippet":"max-snippet:-1","max-image-preview":"max-image-preview:large","max-video-preview":"max-video-preview:-1"},"canonical":"https:\/\/kibrisdakik.com\/?p=33479","og_locale":"tr_TR","og_type":"article","og_title":"Aykut G\u00fc\u00e7veren mahkeme huzuruna \u00e7\u0131kar\u0131ld\u0131 -","og_description":"Mahkemede mesele ile ilgili olarak \u015fahadet veren polis memuru Alparslan Yavuz olayla ilgili bulgular\u0131 aktard\u0131. Yavuz huzurda bulunan zanl\u0131 Aykut G\u00fc\u00e7veren\u2019in 2023 y\u0131l\u0131 Kas\u0131m ay\u0131 ve 04 Mart 2024 tarihinde Lefko\u015fa\u2019da Feride Hikmet Sokak \u00dczerinde faaliyet g\u00f6steren ve i\u015fletmecili\u011fini yapt\u0131\u011f\u0131 \u201cAykut Tattoo\u201d isimli i\u015f yerinde, m\u00fc\u015fteri olarak gelen G.A\u2019n\u0131n sa\u011f el bile\u011fi \u00fczerinde bulunan d\u00f6vmeyi","og_url":"https:\/\/kibrisdakik.com\/?p=33479","article_published_time":"2024-03-10T01:21:29+00:00","og_image":[{"width":710,"height":370,"url":"https:\/\/kibrisdakik.com\/wp-content\/uploads\/2024\/03\/aykut-gucveren-mahkeme-huzuruna-cikarildi-1709995495.webp.webp","type":"image\/webp"}],"author":"admin","twitter_card":"summary_large_image","twitter_misc":{"Yazan:":"admin","Tahmini okuma s\u00fcresi":"2 dakika"},"schema":{"@context":"https:\/\/schema.org","@graph":[{"@type":"Article","@id":"https:\/\/kibrisdakik.com\/?p=33479#article","isPartOf":{"@id":"https:\/\/kibrisdakik.com\/?p=33479"},"author":{"name":"admin","@id":"https:\/\/kibrisdakik.com\/#\/schema\/person\/9cd9d437bbb44f72b73ba127e06d8e79"},"headline":"Aykut G\u00fc\u00e7veren mahkeme huzuruna \u00e7\u0131kar\u0131ld\u0131","datePublished":"2024-03-10T01:21:29+00:00","mainEntityOfPage":{"@id":"https:\/\/kibrisdakik.com\/?p=33479"},"wordCount":315,"commentCount":0,"image":{"@id":"https:\/\/kibrisdakik.com\/?p=33479#primaryimage"},"thumbnailUrl":"https:\/\/kibrisdakik.com\/wp-content\/uploads\/2024\/03\/aykut-gucveren-mahkeme-huzuruna-cikarildi-1709995495.webp.webp","articleSection":["Spor"],"inLanguage":"tr","potentialAction":[{"@type":"CommentAction","name":"Comment","target":["https:\/\/kibrisdakik.com\/?p=33479#respond"]}]},{"@type":"WebPage","@id":"https:\/\/kibrisdakik.com\/?p=33479","url":"https:\/\/kibrisdakik.com\/?p=33479","name":"Aykut G\u00fc\u00e7veren mahkeme huzuruna \u00e7\u0131kar\u0131ld\u0131 -","isPartOf":{"@id":"https:\/\/kibrisdakik.com\/#website"},"primaryImageOfPage":{"@id":"https:\/\/kibrisdakik.com\/?p=33479#primaryimage"},"image":{"@id":"https:\/\/kibrisdakik.com\/?p=33479#primaryimage"},"thumbnailUrl":"https:\/\/kibrisdakik.com\/wp-content\/uploads\/2024\/03\/aykut-gucveren-mahkeme-huzuruna-cikarildi-1709995495.webp.webp","datePublished":"2024-03-10T01:21:29+00:00","author":{"@id":"https:\/\/kibrisdakik.com\/#\/schema\/person\/9cd9d437bbb44f72b73ba127e06d8e79"},"breadcrumb":{"@id":"https:\/\/kibrisdakik.com\/?p=33479#breadcrumb"},"inLanguage":"tr","potentialAction":[{"@type":"ReadAction","target":["https:\/\/kibrisdakik.com\/?p=33479"]}]},{"@type":"ImageObject","inLanguage":"tr","@id":"https:\/\/kibrisdakik.com\/?p=33479#primaryimage","url":"https:\/\/kibrisdakik.com\/wp-content\/uploads\/2024\/03\/aykut-gucveren-mahkeme-huzuruna-cikarildi-1709995495.webp.webp","contentUrl":"https:\/\/kibrisdakik.com\/wp-content\/uploads\/2024\/03\/aykut-gucveren-mahkeme-huzuruna-cikarildi-1709995495.webp.webp","width":710,"height":370},{"@type":"BreadcrumbList","@id":"https:\/\/kibrisdakik.com\/?p=33479#breadcrumb","itemListElement":[{"@type":"ListItem","position":1,"name":"Home","item":"https:\/\/kibrisdakik.com\/"},{"@type":"ListItem","position":2,"name":"Aykut G\u00fc\u00e7veren mahkeme huzuruna \u00e7\u0131kar\u0131ld\u0131"}]},{"@type":"WebSite","@id":"https:\/\/kibrisdakik.com\/#website","url":"https:\/\/kibrisdakik.com\/","name":"","description":"Tam vaktinde haber","potentialAction":[{"@type":"SearchAction","target":{"@type":"EntryPoint","urlTemplate":"https:\/\/kibrisdakik.com\/?s={search_term_string}"},"query-input":{"@type":"PropertyValueSpecification","valueRequired":true,"valueName":"search_term_string"}}],"inLanguage":"tr"},{"@type":"Person","@id":"https:\/\/kibrisdakik.com\/#\/schema\/person\/9cd9d437bbb44f72b73ba127e06d8e79","name":"admin","image":{"@type":"ImageObject","inLanguage":"tr","@id":"https:\/\/secure.gravatar.com\/avatar\/ccc17943b9d660506c869530f897617f7cb1c21a4bf30023f252596d83e1f007?s=96&d=mm&r=g","url":"https:\/\/secure.gravatar.com\/avatar\/ccc17943b9d660506c869530f897617f7cb1c21a4bf30023f252596d83e1f007?s=96&d=mm&r=g","contentUrl":"https:\/\/secure.gravatar.com\/avatar\/ccc17943b9d660506c869530f897617f7cb1c21a4bf30023f252596d83e1f007?s=96&d=mm&r=g","caption":"admin"},"sameAs":["https:\/\/kibrisdakik.com"],"url":"https:\/\/kibrisdakik.com\/?author=1"}]}},"_links":{"self":[{"href":"https:\/\/kibrisdakik.com\/index.php?rest_route=\/wp\/v2\/posts\/33479","targetHints":{"allow":["GET"]}}],"collection":[{"href":"https:\/\/kibrisdakik.com\/index.php?rest_route=\/wp\/v2\/posts"}],"about":[{"href":"https:\/\/kibrisdakik.com\/index.php?rest_route=\/wp\/v2\/types\/post"}],"author":[{"embeddable":true,"href":"https:\/\/kibrisdakik.com\/index.php?rest_route=\/wp\/v2\/users\/1"}],"replies":[{"embeddable":true,"href":"https:\/\/kibrisdakik.com\/index.php?rest_route=%2Fwp%2Fv2%2Fcomments&post=33479"}],"version-history":[{"count":0,"href":"https:\/\/kibrisdakik.com\/index.php?rest_route=\/wp\/v2\/posts\/33479\/revisions"}],"wp:featuredmedia":[{"embeddable":true,"href":"https:\/\/kibrisdakik.com\/index.php?rest_route=\/wp\/v2\/media\/33480"}],"wp:attachment":[{"href":"https:\/\/kibrisdakik.com\/index.php?rest_route=%2Fwp%2Fv2%2Fmedia&parent=33479"}],"wp:term":[{"taxonomy":"category","embeddable":true,"href":"https:\/\/kibrisdakik.com\/index.php?rest_route=%2Fwp%2Fv2%2Fcategories&post=33479"},{"taxonomy":"post_tag","embeddable":true,"href":"https:\/\/kibrisdakik.com\/index.php?rest_route=%2Fwp%2Fv2%2Ftags&post=33479"}],"curies":[{"name":"wp","href":"https:\/\/api.w.org\/{rel}","templated":true}]}}