{"id":33508,"date":"2024-03-10T07:26:54","date_gmt":"2024-03-10T07:26:54","guid":{"rendered":"https:\/\/kibrisdakik.com\/index.php\/2024\/03\/10\/kibris-vakiflar-idaresi-8-mart-kadinlar-gunu-dolayisiyla-cezaevini-ziyaret-etti\/"},"modified":"2024-03-10T07:26:54","modified_gmt":"2024-03-10T07:26:54","slug":"kibris-vakiflar-idaresi-8-mart-kadinlar-gunu-dolayisiyla-cezaevini-ziyaret-etti","status":"publish","type":"post","link":"https:\/\/kibrisdakik.com\/?p=33508","title":{"rendered":"K\u0131br\u0131s Vak\u0131flar \u0130daresi 8 Mart Kad\u0131nlar G\u00fcn\u00fc dolay\u0131s\u0131yla cezaevini ziyaret etti"},"content":{"rendered":"<p><img decoding=\"async\" src=\"https:\/\/www.kibristurk.com\/images\/haberler\/2024\/03\/kibris-vakiflar-idaresi-8-mart-kadinlar-gunu-dolayisiyla-cezaevini-ziyaret-etti-1709901779.webp\" \/><\/p>\n<p style=\"text-align:left\"><span style=\"font-size:16px\"><span style=\"font-family:Merriweather,serif !important\"><span style=\"color:#000000\"><span style=\"background-color:#ffffff\"><span style=\"font-size:16px !important\"><span style=\"font-family:Merriweather,serif !important\"><span style=\"color:#000000 !important\">Vak\u0131flar \u0130daresinden yap\u0131lan a\u00e7\u0131klamaya g\u00f6re ziyarete Evkaf Genel M\u00fcd\u00fcr\u00fc Prof. Dr. Mustafa T\u00fcmer ve T\u00fcrkiye Cumhuriyeti Lefko\u015fa B\u00fcy\u00fckel\u00e7isi Metin Feyzio\u011flu\u2019nun e\u015fi Birg\u00fcl Feyzio\u011flu da kat\u0131ld\u0131.<\/span><\/span><\/span><\/span><\/span><\/span><\/span><\/p>\n<p style=\"text-align:left\"><span style=\"font-size:16px\"><span style=\"font-family:Merriweather,serif !important\"><span style=\"color:#000000\"><span style=\"background-color:#ffffff\"><span style=\"font-size:16px !important\"><span style=\"font-family:Merriweather,serif !important\"><span style=\"color:#000000 !important\">Kad\u0131n mahkumlar\u0131n durumu ve ihtiya\u00e7lar\u0131 hakk\u0131nda cezaevi personeli ile isti\u015farede bulunulan ziyarette, kad\u0131n mahkumlara hijyen paketi, cezaevinde g\u00f6rev yapan kad\u0131n personele \u00e7i\u00e7ek verildi.<\/span><\/span><\/span><\/span><\/span><\/span><\/span><\/p>\n","protected":false},"excerpt":{"rendered":"<p>Vak\u0131flar \u0130daresinden yap\u0131lan a\u00e7\u0131klamaya g\u00f6re ziyarete Evkaf Genel M\u00fcd\u00fcr\u00fc Prof. Dr. Mustafa T\u00fcmer ve T\u00fcrkiye Cumhuriyeti Lefko\u015fa B\u00fcy\u00fckel\u00e7isi Metin Feyzio\u011flu\u2019nun e\u015fi Birg\u00fcl Feyzio\u011flu da kat\u0131ld\u0131. Kad\u0131n mahkumlar\u0131n durumu ve ihtiya\u00e7lar\u0131 hakk\u0131nda cezaevi personeli ile isti\u015farede bulunulan ziyarette, kad\u0131n mahkumlara hijyen paketi, cezaevinde g\u00f6rev yapan kad\u0131n personele \u00e7i\u00e7ek verildi.<\/p>\n","protected":false},"author":1,"featured_media":33509,"comment_status":"open","ping_status":"open","sticky":false,"template":"","format":"standard","meta":{"footnotes":""},"categories":[85],"tags":[],"class_list":["post-33508","post","type-post","status-publish","format-standard","has-post-thumbnail","hentry","category-spor"],"yoast_head":"<!-- This site is optimized with the Yoast SEO plugin v27.5 - https:\/\/yoast.com\/product\/yoast-seo-wordpress\/ -->\n<title>K\u0131br\u0131s Vak\u0131flar \u0130daresi 8 Mart Kad\u0131nlar G\u00fcn\u00fc dolay\u0131s\u0131yla cezaevini ziyaret etti -<\/title>\n<meta name=\"robots\" content=\"index, follow, max-snippet:-1, max-image-preview:large, max-video-preview:-1\" \/>\n<link rel=\"canonical\" href=\"https:\/\/kibrisdakik.com\/?p=33508\" \/>\n<meta property=\"og:locale\" content=\"tr_TR\" \/>\n<meta property=\"og:type\" content=\"article\" \/>\n<meta property=\"og:title\" content=\"K\u0131br\u0131s Vak\u0131flar \u0130daresi 8 Mart Kad\u0131nlar G\u00fcn\u00fc dolay\u0131s\u0131yla cezaevini ziyaret etti -\" \/>\n<meta property=\"og:description\" content=\"Vak\u0131flar \u0130daresinden yap\u0131lan a\u00e7\u0131klamaya g\u00f6re ziyarete Evkaf Genel M\u00fcd\u00fcr\u00fc Prof. Dr. Mustafa T\u00fcmer ve T\u00fcrkiye Cumhuriyeti Lefko\u015fa B\u00fcy\u00fckel\u00e7isi Metin Feyzio\u011flu\u2019nun e\u015fi Birg\u00fcl Feyzio\u011flu da kat\u0131ld\u0131. Kad\u0131n mahkumlar\u0131n durumu ve ihtiya\u00e7lar\u0131 hakk\u0131nda cezaevi personeli ile isti\u015farede bulunulan ziyarette, kad\u0131n mahkumlara hijyen paketi, cezaevinde g\u00f6rev yapan kad\u0131n personele \u00e7i\u00e7ek verildi.\" \/>\n<meta property=\"og:url\" content=\"https:\/\/kibrisdakik.com\/?p=33508\" \/>\n<meta property=\"article:published_time\" content=\"2024-03-10T07:26:54+00:00\" \/>\n<meta property=\"og:image\" content=\"https:\/\/kibrisdakik.com\/wp-content\/uploads\/2024\/03\/kibris-vakiflar-idaresi-8-mart-kadinlar-gunu-dolayisiyla-cezaevini-ziyaret-etti-1709901779.webp.webp\" \/>\n\t<meta property=\"og:image:width\" content=\"710\" \/>\n\t<meta property=\"og:image:height\" content=\"370\" \/>\n\t<meta property=\"og:image:type\" content=\"image\/webp\" \/>\n<meta name=\"author\" content=\"admin\" \/>\n<meta name=\"twitter:card\" content=\"summary_large_image\" \/>\n<meta name=\"twitter:label1\" content=\"Yazan:\" \/>\n\t<meta name=\"twitter:data1\" content=\"admin\" \/>\n<script type=\"application\/ld+json\" class=\"yoast-schema-graph\">{\"@context\":\"https:\\\/\\\/schema.org\",\"@graph\":[{\"@type\":\"Article\",\"@id\":\"https:\\\/\\\/kibrisdakik.com\\\/?p=33508#article\",\"isPartOf\":{\"@id\":\"https:\\\/\\\/kibrisdakik.com\\\/?p=33508\"},\"author\":{\"name\":\"admin\",\"@id\":\"https:\\\/\\\/kibrisdakik.com\\\/#\\\/schema\\\/person\\\/9cd9d437bbb44f72b73ba127e06d8e79\"},\"headline\":\"K\u0131br\u0131s Vak\u0131flar \u0130daresi 8 Mart Kad\u0131nlar G\u00fcn\u00fc dolay\u0131s\u0131yla cezaevini ziyaret etti\",\"datePublished\":\"2024-03-10T07:26:54+00:00\",\"mainEntityOfPage\":{\"@id\":\"https:\\\/\\\/kibrisdakik.com\\\/?p=33508\"},\"wordCount\":92,\"commentCount\":0,\"image\":{\"@id\":\"https:\\\/\\\/kibrisdakik.com\\\/?p=33508#primaryimage\"},\"thumbnailUrl\":\"https:\\\/\\\/kibrisdakik.com\\\/wp-content\\\/uploads\\\/2024\\\/03\\\/kibris-vakiflar-idaresi-8-mart-kadinlar-gunu-dolayisiyla-cezaevini-ziyaret-etti-1709901779.webp.webp\",\"articleSection\":[\"Spor\"],\"inLanguage\":\"tr\",\"potentialAction\":[{\"@type\":\"CommentAction\",\"name\":\"Comment\",\"target\":[\"https:\\\/\\\/kibrisdakik.com\\\/?p=33508#respond\"]}]},{\"@type\":\"WebPage\",\"@id\":\"https:\\\/\\\/kibrisdakik.com\\\/?p=33508\",\"url\":\"https:\\\/\\\/kibrisdakik.com\\\/?p=33508\",\"name\":\"K\u0131br\u0131s Vak\u0131flar \u0130daresi 8 Mart Kad\u0131nlar G\u00fcn\u00fc dolay\u0131s\u0131yla cezaevini ziyaret etti -\",\"isPartOf\":{\"@id\":\"https:\\\/\\\/kibrisdakik.com\\\/#website\"},\"primaryImageOfPage\":{\"@id\":\"https:\\\/\\\/kibrisdakik.com\\\/?p=33508#primaryimage\"},\"image\":{\"@id\":\"https:\\\/\\\/kibrisdakik.com\\\/?p=33508#primaryimage\"},\"thumbnailUrl\":\"https:\\\/\\\/kibrisdakik.com\\\/wp-content\\\/uploads\\\/2024\\\/03\\\/kibris-vakiflar-idaresi-8-mart-kadinlar-gunu-dolayisiyla-cezaevini-ziyaret-etti-1709901779.webp.webp\",\"datePublished\":\"2024-03-10T07:26:54+00:00\",\"author\":{\"@id\":\"https:\\\/\\\/kibrisdakik.com\\\/#\\\/schema\\\/person\\\/9cd9d437bbb44f72b73ba127e06d8e79\"},\"breadcrumb\":{\"@id\":\"https:\\\/\\\/kibrisdakik.com\\\/?p=33508#breadcrumb\"},\"inLanguage\":\"tr\",\"potentialAction\":[{\"@type\":\"ReadAction\",\"target\":[\"https:\\\/\\\/kibrisdakik.com\\\/?p=33508\"]}]},{\"@type\":\"ImageObject\",\"inLanguage\":\"tr\",\"@id\":\"https:\\\/\\\/kibrisdakik.com\\\/?p=33508#primaryimage\",\"url\":\"https:\\\/\\\/kibrisdakik.com\\\/wp-content\\\/uploads\\\/2024\\\/03\\\/kibris-vakiflar-idaresi-8-mart-kadinlar-gunu-dolayisiyla-cezaevini-ziyaret-etti-1709901779.webp.webp\",\"contentUrl\":\"https:\\\/\\\/kibrisdakik.com\\\/wp-content\\\/uploads\\\/2024\\\/03\\\/kibris-vakiflar-idaresi-8-mart-kadinlar-gunu-dolayisiyla-cezaevini-ziyaret-etti-1709901779.webp.webp\",\"width\":710,\"height\":370},{\"@type\":\"BreadcrumbList\",\"@id\":\"https:\\\/\\\/kibrisdakik.com\\\/?p=33508#breadcrumb\",\"itemListElement\":[{\"@type\":\"ListItem\",\"position\":1,\"name\":\"Home\",\"item\":\"https:\\\/\\\/kibrisdakik.com\\\/\"},{\"@type\":\"ListItem\",\"position\":2,\"name\":\"K\u0131br\u0131s Vak\u0131flar \u0130daresi 8 Mart Kad\u0131nlar G\u00fcn\u00fc dolay\u0131s\u0131yla cezaevini ziyaret etti\"}]},{\"@type\":\"WebSite\",\"@id\":\"https:\\\/\\\/kibrisdakik.com\\\/#website\",\"url\":\"https:\\\/\\\/kibrisdakik.com\\\/\",\"name\":\"\",\"description\":\"Tam vaktinde haber\",\"potentialAction\":[{\"@type\":\"SearchAction\",\"target\":{\"@type\":\"EntryPoint\",\"urlTemplate\":\"https:\\\/\\\/kibrisdakik.com\\\/?s={search_term_string}\"},\"query-input\":{\"@type\":\"PropertyValueSpecification\",\"valueRequired\":true,\"valueName\":\"search_term_string\"}}],\"inLanguage\":\"tr\"},{\"@type\":\"Person\",\"@id\":\"https:\\\/\\\/kibrisdakik.com\\\/#\\\/schema\\\/person\\\/9cd9d437bbb44f72b73ba127e06d8e79\",\"name\":\"admin\",\"image\":{\"@type\":\"ImageObject\",\"inLanguage\":\"tr\",\"@id\":\"https:\\\/\\\/secure.gravatar.com\\\/avatar\\\/ccc17943b9d660506c869530f897617f7cb1c21a4bf30023f252596d83e1f007?s=96&d=mm&r=g\",\"url\":\"https:\\\/\\\/secure.gravatar.com\\\/avatar\\\/ccc17943b9d660506c869530f897617f7cb1c21a4bf30023f252596d83e1f007?s=96&d=mm&r=g\",\"contentUrl\":\"https:\\\/\\\/secure.gravatar.com\\\/avatar\\\/ccc17943b9d660506c869530f897617f7cb1c21a4bf30023f252596d83e1f007?s=96&d=mm&r=g\",\"caption\":\"admin\"},\"sameAs\":[\"https:\\\/\\\/kibrisdakik.com\"],\"url\":\"https:\\\/\\\/kibrisdakik.com\\\/?author=1\"}]}<\/script>\n<!-- \/ Yoast SEO plugin. -->","yoast_head_json":{"title":"K\u0131br\u0131s Vak\u0131flar \u0130daresi 8 Mart Kad\u0131nlar G\u00fcn\u00fc dolay\u0131s\u0131yla cezaevini ziyaret etti -","robots":{"index":"index","follow":"follow","max-snippet":"max-snippet:-1","max-image-preview":"max-image-preview:large","max-video-preview":"max-video-preview:-1"},"canonical":"https:\/\/kibrisdakik.com\/?p=33508","og_locale":"tr_TR","og_type":"article","og_title":"K\u0131br\u0131s Vak\u0131flar \u0130daresi 8 Mart Kad\u0131nlar G\u00fcn\u00fc dolay\u0131s\u0131yla cezaevini ziyaret etti -","og_description":"Vak\u0131flar \u0130daresinden yap\u0131lan a\u00e7\u0131klamaya g\u00f6re ziyarete Evkaf Genel M\u00fcd\u00fcr\u00fc Prof. Dr. Mustafa T\u00fcmer ve T\u00fcrkiye Cumhuriyeti Lefko\u015fa B\u00fcy\u00fckel\u00e7isi Metin Feyzio\u011flu\u2019nun e\u015fi Birg\u00fcl Feyzio\u011flu da kat\u0131ld\u0131. Kad\u0131n mahkumlar\u0131n durumu ve ihtiya\u00e7lar\u0131 hakk\u0131nda cezaevi personeli ile isti\u015farede bulunulan ziyarette, kad\u0131n mahkumlara hijyen paketi, cezaevinde g\u00f6rev yapan kad\u0131n personele \u00e7i\u00e7ek verildi.","og_url":"https:\/\/kibrisdakik.com\/?p=33508","article_published_time":"2024-03-10T07:26:54+00:00","og_image":[{"width":710,"height":370,"url":"https:\/\/kibrisdakik.com\/wp-content\/uploads\/2024\/03\/kibris-vakiflar-idaresi-8-mart-kadinlar-gunu-dolayisiyla-cezaevini-ziyaret-etti-1709901779.webp.webp","type":"image\/webp"}],"author":"admin","twitter_card":"summary_large_image","twitter_misc":{"Yazan:":"admin"},"schema":{"@context":"https:\/\/schema.org","@graph":[{"@type":"Article","@id":"https:\/\/kibrisdakik.com\/?p=33508#article","isPartOf":{"@id":"https:\/\/kibrisdakik.com\/?p=33508"},"author":{"name":"admin","@id":"https:\/\/kibrisdakik.com\/#\/schema\/person\/9cd9d437bbb44f72b73ba127e06d8e79"},"headline":"K\u0131br\u0131s Vak\u0131flar \u0130daresi 8 Mart Kad\u0131nlar G\u00fcn\u00fc dolay\u0131s\u0131yla cezaevini ziyaret etti","datePublished":"2024-03-10T07:26:54+00:00","mainEntityOfPage":{"@id":"https:\/\/kibrisdakik.com\/?p=33508"},"wordCount":92,"commentCount":0,"image":{"@id":"https:\/\/kibrisdakik.com\/?p=33508#primaryimage"},"thumbnailUrl":"https:\/\/kibrisdakik.com\/wp-content\/uploads\/2024\/03\/kibris-vakiflar-idaresi-8-mart-kadinlar-gunu-dolayisiyla-cezaevini-ziyaret-etti-1709901779.webp.webp","articleSection":["Spor"],"inLanguage":"tr","potentialAction":[{"@type":"CommentAction","name":"Comment","target":["https:\/\/kibrisdakik.com\/?p=33508#respond"]}]},{"@type":"WebPage","@id":"https:\/\/kibrisdakik.com\/?p=33508","url":"https:\/\/kibrisdakik.com\/?p=33508","name":"K\u0131br\u0131s Vak\u0131flar \u0130daresi 8 Mart Kad\u0131nlar G\u00fcn\u00fc dolay\u0131s\u0131yla cezaevini ziyaret etti -","isPartOf":{"@id":"https:\/\/kibrisdakik.com\/#website"},"primaryImageOfPage":{"@id":"https:\/\/kibrisdakik.com\/?p=33508#primaryimage"},"image":{"@id":"https:\/\/kibrisdakik.com\/?p=33508#primaryimage"},"thumbnailUrl":"https:\/\/kibrisdakik.com\/wp-content\/uploads\/2024\/03\/kibris-vakiflar-idaresi-8-mart-kadinlar-gunu-dolayisiyla-cezaevini-ziyaret-etti-1709901779.webp.webp","datePublished":"2024-03-10T07:26:54+00:00","author":{"@id":"https:\/\/kibrisdakik.com\/#\/schema\/person\/9cd9d437bbb44f72b73ba127e06d8e79"},"breadcrumb":{"@id":"https:\/\/kibrisdakik.com\/?p=33508#breadcrumb"},"inLanguage":"tr","potentialAction":[{"@type":"ReadAction","target":["https:\/\/kibrisdakik.com\/?p=33508"]}]},{"@type":"ImageObject","inLanguage":"tr","@id":"https:\/\/kibrisdakik.com\/?p=33508#primaryimage","url":"https:\/\/kibrisdakik.com\/wp-content\/uploads\/2024\/03\/kibris-vakiflar-idaresi-8-mart-kadinlar-gunu-dolayisiyla-cezaevini-ziyaret-etti-1709901779.webp.webp","contentUrl":"https:\/\/kibrisdakik.com\/wp-content\/uploads\/2024\/03\/kibris-vakiflar-idaresi-8-mart-kadinlar-gunu-dolayisiyla-cezaevini-ziyaret-etti-1709901779.webp.webp","width":710,"height":370},{"@type":"BreadcrumbList","@id":"https:\/\/kibrisdakik.com\/?p=33508#breadcrumb","itemListElement":[{"@type":"ListItem","position":1,"name":"Home","item":"https:\/\/kibrisdakik.com\/"},{"@type":"ListItem","position":2,"name":"K\u0131br\u0131s Vak\u0131flar \u0130daresi 8 Mart Kad\u0131nlar G\u00fcn\u00fc dolay\u0131s\u0131yla cezaevini ziyaret etti"}]},{"@type":"WebSite","@id":"https:\/\/kibrisdakik.com\/#website","url":"https:\/\/kibrisdakik.com\/","name":"","description":"Tam vaktinde haber","potentialAction":[{"@type":"SearchAction","target":{"@type":"EntryPoint","urlTemplate":"https:\/\/kibrisdakik.com\/?s={search_term_string}"},"query-input":{"@type":"PropertyValueSpecification","valueRequired":true,"valueName":"search_term_string"}}],"inLanguage":"tr"},{"@type":"Person","@id":"https:\/\/kibrisdakik.com\/#\/schema\/person\/9cd9d437bbb44f72b73ba127e06d8e79","name":"admin","image":{"@type":"ImageObject","inLanguage":"tr","@id":"https:\/\/secure.gravatar.com\/avatar\/ccc17943b9d660506c869530f897617f7cb1c21a4bf30023f252596d83e1f007?s=96&d=mm&r=g","url":"https:\/\/secure.gravatar.com\/avatar\/ccc17943b9d660506c869530f897617f7cb1c21a4bf30023f252596d83e1f007?s=96&d=mm&r=g","contentUrl":"https:\/\/secure.gravatar.com\/avatar\/ccc17943b9d660506c869530f897617f7cb1c21a4bf30023f252596d83e1f007?s=96&d=mm&r=g","caption":"admin"},"sameAs":["https:\/\/kibrisdakik.com"],"url":"https:\/\/kibrisdakik.com\/?author=1"}]}},"_links":{"self":[{"href":"https:\/\/kibrisdakik.com\/index.php?rest_route=\/wp\/v2\/posts\/33508","targetHints":{"allow":["GET"]}}],"collection":[{"href":"https:\/\/kibrisdakik.com\/index.php?rest_route=\/wp\/v2\/posts"}],"about":[{"href":"https:\/\/kibrisdakik.com\/index.php?rest_route=\/wp\/v2\/types\/post"}],"author":[{"embeddable":true,"href":"https:\/\/kibrisdakik.com\/index.php?rest_route=\/wp\/v2\/users\/1"}],"replies":[{"embeddable":true,"href":"https:\/\/kibrisdakik.com\/index.php?rest_route=%2Fwp%2Fv2%2Fcomments&post=33508"}],"version-history":[{"count":0,"href":"https:\/\/kibrisdakik.com\/index.php?rest_route=\/wp\/v2\/posts\/33508\/revisions"}],"wp:featuredmedia":[{"embeddable":true,"href":"https:\/\/kibrisdakik.com\/index.php?rest_route=\/wp\/v2\/media\/33509"}],"wp:attachment":[{"href":"https:\/\/kibrisdakik.com\/index.php?rest_route=%2Fwp%2Fv2%2Fmedia&parent=33508"}],"wp:term":[{"taxonomy":"category","embeddable":true,"href":"https:\/\/kibrisdakik.com\/index.php?rest_route=%2Fwp%2Fv2%2Fcategories&post=33508"},{"taxonomy":"post_tag","embeddable":true,"href":"https:\/\/kibrisdakik.com\/index.php?rest_route=%2Fwp%2Fv2%2Ftags&post=33508"}],"curies":[{"name":"wp","href":"https:\/\/api.w.org\/{rel}","templated":true}]}}