{"id":33546,"date":"2024-03-10T12:21:00","date_gmt":"2024-03-10T12:21:00","guid":{"rendered":"https:\/\/kibrisdakik.com\/index.php\/2024\/03\/10\/ctp-kadin-orgutu-magusa-ilcesi-gazimagusa-carsi-ve-pazar-esnafini-ziyaret-etti\/"},"modified":"2024-03-10T12:21:00","modified_gmt":"2024-03-10T12:21:00","slug":"ctp-kadin-orgutu-magusa-ilcesi-gazimagusa-carsi-ve-pazar-esnafini-ziyaret-etti","status":"publish","type":"post","link":"https:\/\/kibrisdakik.com\/?p=33546","title":{"rendered":"CTP Kad\u0131n \u00d6rg\u00fct\u00fc Ma\u011fusa \u0130l\u00e7esi Gazima\u011fusa \u00e7ar\u015f\u0131 ve pazar esnaf\u0131n\u0131 ziyaret etti"},"content":{"rendered":"<p><img decoding=\"async\" src=\"https:\/\/www.kibristurk.com\/images\/haberler\/2024\/03\/ctp-kadin-orgutu-magusa-ilcesi-gazimagusa-carsi-ve-pazar-esnafini-ziyaret-etti-1710073806.webp\" \/><\/p>\n<p>Karaca toplumsal cinsiyet rolleri nedeniyle kad\u0131nlara y\u00fcklenen ev i\u00e7i eme\u011fin kad\u0131nlar\u0131n ekonomik ya\u015fama kat\u0131l\u0131m\u0131nda bir engel oldu\u011funa belirterek, devletin bu engelleri a\u015fmada sorumlulu\u011fu oldu\u011funa dikkat \u00e7ekti. Karaca, ziyaret s\u0131ras\u0131nda da\u011f\u0131t\u0131lan bro\u015f\u00fcr i\u00e7eri\u011finde yer alan CTP\u2019nin kad\u0131nlar \u00f6zelinde uygulayaca\u011f\u0131 politikalara da de\u011finerek, AB direktiflerinde belirtilen \u2018\u0130\u015fyerinde Ayr\u0131mc\u0131l\u0131kla M\u00fccadele\u2019 \u00e7er\u00e7eve yasas\u0131n\u0131n CTP d\u00f6neminde ge\u00e7irilece\u011fini s\u00f6yledi.<\/p>\n","protected":false},"excerpt":{"rendered":"<p>Karaca toplumsal cinsiyet rolleri nedeniyle kad\u0131nlara y\u00fcklenen ev i\u00e7i eme\u011fin kad\u0131nlar\u0131n ekonomik ya\u015fama kat\u0131l\u0131m\u0131nda bir engel oldu\u011funa belirterek, devletin bu engelleri a\u015fmada sorumlulu\u011fu oldu\u011funa dikkat \u00e7ekti. Karaca, ziyaret s\u0131ras\u0131nda da\u011f\u0131t\u0131lan bro\u015f\u00fcr i\u00e7eri\u011finde yer alan CTP\u2019nin kad\u0131nlar \u00f6zelinde uygulayaca\u011f\u0131 politikalara da de\u011finerek, AB direktiflerinde belirtilen \u2018\u0130\u015fyerinde Ayr\u0131mc\u0131l\u0131kla M\u00fccadele\u2019 \u00e7er\u00e7eve yasas\u0131n\u0131n CTP d\u00f6neminde ge\u00e7irilece\u011fini s\u00f6yledi.<\/p>\n","protected":false},"author":1,"featured_media":33547,"comment_status":"open","ping_status":"open","sticky":false,"template":"","format":"standard","meta":{"footnotes":""},"categories":[1],"tags":[],"class_list":["post-33546","post","type-post","status-publish","format-standard","has-post-thumbnail","hentry","category-gundem"],"yoast_head":"<!-- This site is optimized with the Yoast SEO plugin v27.4 - https:\/\/yoast.com\/product\/yoast-seo-wordpress\/ -->\n<title>CTP Kad\u0131n \u00d6rg\u00fct\u00fc Ma\u011fusa \u0130l\u00e7esi Gazima\u011fusa \u00e7ar\u015f\u0131 ve pazar esnaf\u0131n\u0131 ziyaret etti -<\/title>\n<meta name=\"robots\" content=\"index, follow, max-snippet:-1, max-image-preview:large, max-video-preview:-1\" \/>\n<link rel=\"canonical\" href=\"https:\/\/kibrisdakik.com\/?p=33546\" \/>\n<meta property=\"og:locale\" content=\"tr_TR\" \/>\n<meta property=\"og:type\" content=\"article\" \/>\n<meta property=\"og:title\" content=\"CTP Kad\u0131n \u00d6rg\u00fct\u00fc Ma\u011fusa \u0130l\u00e7esi Gazima\u011fusa \u00e7ar\u015f\u0131 ve pazar esnaf\u0131n\u0131 ziyaret etti -\" \/>\n<meta property=\"og:description\" content=\"Karaca toplumsal cinsiyet rolleri nedeniyle kad\u0131nlara y\u00fcklenen ev i\u00e7i eme\u011fin kad\u0131nlar\u0131n ekonomik ya\u015fama kat\u0131l\u0131m\u0131nda bir engel oldu\u011funa belirterek, devletin bu engelleri a\u015fmada sorumlulu\u011fu oldu\u011funa dikkat \u00e7ekti. Karaca, ziyaret s\u0131ras\u0131nda da\u011f\u0131t\u0131lan bro\u015f\u00fcr i\u00e7eri\u011finde yer alan CTP\u2019nin kad\u0131nlar \u00f6zelinde uygulayaca\u011f\u0131 politikalara da de\u011finerek, AB direktiflerinde belirtilen \u2018\u0130\u015fyerinde Ayr\u0131mc\u0131l\u0131kla M\u00fccadele\u2019 \u00e7er\u00e7eve yasas\u0131n\u0131n CTP d\u00f6neminde ge\u00e7irilece\u011fini s\u00f6yledi.\" \/>\n<meta property=\"og:url\" content=\"https:\/\/kibrisdakik.com\/?p=33546\" \/>\n<meta property=\"article:published_time\" content=\"2024-03-10T12:21:00+00:00\" \/>\n<meta property=\"og:image\" content=\"https:\/\/kibrisdakik.com\/wp-content\/uploads\/2024\/03\/ctp-kadin-orgutu-magusa-ilcesi-gazimagusa-carsi-ve-pazar-esnafini-ziyaret-etti-1710073806.webp.webp\" \/>\n\t<meta property=\"og:image:width\" content=\"710\" \/>\n\t<meta property=\"og:image:height\" content=\"370\" \/>\n\t<meta property=\"og:image:type\" content=\"image\/webp\" \/>\n<meta name=\"author\" content=\"admin\" \/>\n<meta name=\"twitter:card\" content=\"summary_large_image\" \/>\n<meta name=\"twitter:label1\" content=\"Yazan:\" \/>\n\t<meta name=\"twitter:data1\" content=\"admin\" \/>\n<script type=\"application\/ld+json\" class=\"yoast-schema-graph\">{\"@context\":\"https:\\\/\\\/schema.org\",\"@graph\":[{\"@type\":\"Article\",\"@id\":\"https:\\\/\\\/kibrisdakik.com\\\/?p=33546#article\",\"isPartOf\":{\"@id\":\"https:\\\/\\\/kibrisdakik.com\\\/?p=33546\"},\"author\":{\"name\":\"admin\",\"@id\":\"https:\\\/\\\/kibrisdakik.com\\\/#\\\/schema\\\/person\\\/9cd9d437bbb44f72b73ba127e06d8e79\"},\"headline\":\"CTP Kad\u0131n \u00d6rg\u00fct\u00fc Ma\u011fusa \u0130l\u00e7esi Gazima\u011fusa \u00e7ar\u015f\u0131 ve pazar esnaf\u0131n\u0131 ziyaret etti\",\"datePublished\":\"2024-03-10T12:21:00+00:00\",\"mainEntityOfPage\":{\"@id\":\"https:\\\/\\\/kibrisdakik.com\\\/?p=33546\"},\"wordCount\":106,\"commentCount\":0,\"image\":{\"@id\":\"https:\\\/\\\/kibrisdakik.com\\\/?p=33546#primaryimage\"},\"thumbnailUrl\":\"https:\\\/\\\/kibrisdakik.com\\\/wp-content\\\/uploads\\\/2024\\\/03\\\/ctp-kadin-orgutu-magusa-ilcesi-gazimagusa-carsi-ve-pazar-esnafini-ziyaret-etti-1710073806.webp.webp\",\"articleSection\":[\"G\u00fcndem\"],\"inLanguage\":\"tr\",\"potentialAction\":[{\"@type\":\"CommentAction\",\"name\":\"Comment\",\"target\":[\"https:\\\/\\\/kibrisdakik.com\\\/?p=33546#respond\"]}]},{\"@type\":\"WebPage\",\"@id\":\"https:\\\/\\\/kibrisdakik.com\\\/?p=33546\",\"url\":\"https:\\\/\\\/kibrisdakik.com\\\/?p=33546\",\"name\":\"CTP Kad\u0131n \u00d6rg\u00fct\u00fc Ma\u011fusa \u0130l\u00e7esi Gazima\u011fusa \u00e7ar\u015f\u0131 ve pazar esnaf\u0131n\u0131 ziyaret etti -\",\"isPartOf\":{\"@id\":\"https:\\\/\\\/kibrisdakik.com\\\/#website\"},\"primaryImageOfPage\":{\"@id\":\"https:\\\/\\\/kibrisdakik.com\\\/?p=33546#primaryimage\"},\"image\":{\"@id\":\"https:\\\/\\\/kibrisdakik.com\\\/?p=33546#primaryimage\"},\"thumbnailUrl\":\"https:\\\/\\\/kibrisdakik.com\\\/wp-content\\\/uploads\\\/2024\\\/03\\\/ctp-kadin-orgutu-magusa-ilcesi-gazimagusa-carsi-ve-pazar-esnafini-ziyaret-etti-1710073806.webp.webp\",\"datePublished\":\"2024-03-10T12:21:00+00:00\",\"author\":{\"@id\":\"https:\\\/\\\/kibrisdakik.com\\\/#\\\/schema\\\/person\\\/9cd9d437bbb44f72b73ba127e06d8e79\"},\"breadcrumb\":{\"@id\":\"https:\\\/\\\/kibrisdakik.com\\\/?p=33546#breadcrumb\"},\"inLanguage\":\"tr\",\"potentialAction\":[{\"@type\":\"ReadAction\",\"target\":[\"https:\\\/\\\/kibrisdakik.com\\\/?p=33546\"]}]},{\"@type\":\"ImageObject\",\"inLanguage\":\"tr\",\"@id\":\"https:\\\/\\\/kibrisdakik.com\\\/?p=33546#primaryimage\",\"url\":\"https:\\\/\\\/kibrisdakik.com\\\/wp-content\\\/uploads\\\/2024\\\/03\\\/ctp-kadin-orgutu-magusa-ilcesi-gazimagusa-carsi-ve-pazar-esnafini-ziyaret-etti-1710073806.webp.webp\",\"contentUrl\":\"https:\\\/\\\/kibrisdakik.com\\\/wp-content\\\/uploads\\\/2024\\\/03\\\/ctp-kadin-orgutu-magusa-ilcesi-gazimagusa-carsi-ve-pazar-esnafini-ziyaret-etti-1710073806.webp.webp\",\"width\":710,\"height\":370},{\"@type\":\"BreadcrumbList\",\"@id\":\"https:\\\/\\\/kibrisdakik.com\\\/?p=33546#breadcrumb\",\"itemListElement\":[{\"@type\":\"ListItem\",\"position\":1,\"name\":\"Home\",\"item\":\"https:\\\/\\\/kibrisdakik.com\\\/\"},{\"@type\":\"ListItem\",\"position\":2,\"name\":\"CTP Kad\u0131n \u00d6rg\u00fct\u00fc Ma\u011fusa \u0130l\u00e7esi Gazima\u011fusa \u00e7ar\u015f\u0131 ve pazar esnaf\u0131n\u0131 ziyaret etti\"}]},{\"@type\":\"WebSite\",\"@id\":\"https:\\\/\\\/kibrisdakik.com\\\/#website\",\"url\":\"https:\\\/\\\/kibrisdakik.com\\\/\",\"name\":\"\",\"description\":\"Tam vaktinde haber\",\"potentialAction\":[{\"@type\":\"SearchAction\",\"target\":{\"@type\":\"EntryPoint\",\"urlTemplate\":\"https:\\\/\\\/kibrisdakik.com\\\/?s={search_term_string}\"},\"query-input\":{\"@type\":\"PropertyValueSpecification\",\"valueRequired\":true,\"valueName\":\"search_term_string\"}}],\"inLanguage\":\"tr\"},{\"@type\":\"Person\",\"@id\":\"https:\\\/\\\/kibrisdakik.com\\\/#\\\/schema\\\/person\\\/9cd9d437bbb44f72b73ba127e06d8e79\",\"name\":\"admin\",\"image\":{\"@type\":\"ImageObject\",\"inLanguage\":\"tr\",\"@id\":\"https:\\\/\\\/secure.gravatar.com\\\/avatar\\\/ccc17943b9d660506c869530f897617f7cb1c21a4bf30023f252596d83e1f007?s=96&d=mm&r=g\",\"url\":\"https:\\\/\\\/secure.gravatar.com\\\/avatar\\\/ccc17943b9d660506c869530f897617f7cb1c21a4bf30023f252596d83e1f007?s=96&d=mm&r=g\",\"contentUrl\":\"https:\\\/\\\/secure.gravatar.com\\\/avatar\\\/ccc17943b9d660506c869530f897617f7cb1c21a4bf30023f252596d83e1f007?s=96&d=mm&r=g\",\"caption\":\"admin\"},\"sameAs\":[\"https:\\\/\\\/kibrisdakik.com\"],\"url\":\"https:\\\/\\\/kibrisdakik.com\\\/?author=1\"}]}<\/script>\n<!-- \/ Yoast SEO plugin. -->","yoast_head_json":{"title":"CTP Kad\u0131n \u00d6rg\u00fct\u00fc Ma\u011fusa \u0130l\u00e7esi Gazima\u011fusa \u00e7ar\u015f\u0131 ve pazar esnaf\u0131n\u0131 ziyaret etti -","robots":{"index":"index","follow":"follow","max-snippet":"max-snippet:-1","max-image-preview":"max-image-preview:large","max-video-preview":"max-video-preview:-1"},"canonical":"https:\/\/kibrisdakik.com\/?p=33546","og_locale":"tr_TR","og_type":"article","og_title":"CTP Kad\u0131n \u00d6rg\u00fct\u00fc Ma\u011fusa \u0130l\u00e7esi Gazima\u011fusa \u00e7ar\u015f\u0131 ve pazar esnaf\u0131n\u0131 ziyaret etti -","og_description":"Karaca toplumsal cinsiyet rolleri nedeniyle kad\u0131nlara y\u00fcklenen ev i\u00e7i eme\u011fin kad\u0131nlar\u0131n ekonomik ya\u015fama kat\u0131l\u0131m\u0131nda bir engel oldu\u011funa belirterek, devletin bu engelleri a\u015fmada sorumlulu\u011fu oldu\u011funa dikkat \u00e7ekti. Karaca, ziyaret s\u0131ras\u0131nda da\u011f\u0131t\u0131lan bro\u015f\u00fcr i\u00e7eri\u011finde yer alan CTP\u2019nin kad\u0131nlar \u00f6zelinde uygulayaca\u011f\u0131 politikalara da de\u011finerek, AB direktiflerinde belirtilen \u2018\u0130\u015fyerinde Ayr\u0131mc\u0131l\u0131kla M\u00fccadele\u2019 \u00e7er\u00e7eve yasas\u0131n\u0131n CTP d\u00f6neminde ge\u00e7irilece\u011fini s\u00f6yledi.","og_url":"https:\/\/kibrisdakik.com\/?p=33546","article_published_time":"2024-03-10T12:21:00+00:00","og_image":[{"width":710,"height":370,"url":"https:\/\/kibrisdakik.com\/wp-content\/uploads\/2024\/03\/ctp-kadin-orgutu-magusa-ilcesi-gazimagusa-carsi-ve-pazar-esnafini-ziyaret-etti-1710073806.webp.webp","type":"image\/webp"}],"author":"admin","twitter_card":"summary_large_image","twitter_misc":{"Yazan:":"admin"},"schema":{"@context":"https:\/\/schema.org","@graph":[{"@type":"Article","@id":"https:\/\/kibrisdakik.com\/?p=33546#article","isPartOf":{"@id":"https:\/\/kibrisdakik.com\/?p=33546"},"author":{"name":"admin","@id":"https:\/\/kibrisdakik.com\/#\/schema\/person\/9cd9d437bbb44f72b73ba127e06d8e79"},"headline":"CTP Kad\u0131n \u00d6rg\u00fct\u00fc Ma\u011fusa \u0130l\u00e7esi Gazima\u011fusa \u00e7ar\u015f\u0131 ve pazar esnaf\u0131n\u0131 ziyaret etti","datePublished":"2024-03-10T12:21:00+00:00","mainEntityOfPage":{"@id":"https:\/\/kibrisdakik.com\/?p=33546"},"wordCount":106,"commentCount":0,"image":{"@id":"https:\/\/kibrisdakik.com\/?p=33546#primaryimage"},"thumbnailUrl":"https:\/\/kibrisdakik.com\/wp-content\/uploads\/2024\/03\/ctp-kadin-orgutu-magusa-ilcesi-gazimagusa-carsi-ve-pazar-esnafini-ziyaret-etti-1710073806.webp.webp","articleSection":["G\u00fcndem"],"inLanguage":"tr","potentialAction":[{"@type":"CommentAction","name":"Comment","target":["https:\/\/kibrisdakik.com\/?p=33546#respond"]}]},{"@type":"WebPage","@id":"https:\/\/kibrisdakik.com\/?p=33546","url":"https:\/\/kibrisdakik.com\/?p=33546","name":"CTP Kad\u0131n \u00d6rg\u00fct\u00fc Ma\u011fusa \u0130l\u00e7esi Gazima\u011fusa \u00e7ar\u015f\u0131 ve pazar esnaf\u0131n\u0131 ziyaret etti -","isPartOf":{"@id":"https:\/\/kibrisdakik.com\/#website"},"primaryImageOfPage":{"@id":"https:\/\/kibrisdakik.com\/?p=33546#primaryimage"},"image":{"@id":"https:\/\/kibrisdakik.com\/?p=33546#primaryimage"},"thumbnailUrl":"https:\/\/kibrisdakik.com\/wp-content\/uploads\/2024\/03\/ctp-kadin-orgutu-magusa-ilcesi-gazimagusa-carsi-ve-pazar-esnafini-ziyaret-etti-1710073806.webp.webp","datePublished":"2024-03-10T12:21:00+00:00","author":{"@id":"https:\/\/kibrisdakik.com\/#\/schema\/person\/9cd9d437bbb44f72b73ba127e06d8e79"},"breadcrumb":{"@id":"https:\/\/kibrisdakik.com\/?p=33546#breadcrumb"},"inLanguage":"tr","potentialAction":[{"@type":"ReadAction","target":["https:\/\/kibrisdakik.com\/?p=33546"]}]},{"@type":"ImageObject","inLanguage":"tr","@id":"https:\/\/kibrisdakik.com\/?p=33546#primaryimage","url":"https:\/\/kibrisdakik.com\/wp-content\/uploads\/2024\/03\/ctp-kadin-orgutu-magusa-ilcesi-gazimagusa-carsi-ve-pazar-esnafini-ziyaret-etti-1710073806.webp.webp","contentUrl":"https:\/\/kibrisdakik.com\/wp-content\/uploads\/2024\/03\/ctp-kadin-orgutu-magusa-ilcesi-gazimagusa-carsi-ve-pazar-esnafini-ziyaret-etti-1710073806.webp.webp","width":710,"height":370},{"@type":"BreadcrumbList","@id":"https:\/\/kibrisdakik.com\/?p=33546#breadcrumb","itemListElement":[{"@type":"ListItem","position":1,"name":"Home","item":"https:\/\/kibrisdakik.com\/"},{"@type":"ListItem","position":2,"name":"CTP Kad\u0131n \u00d6rg\u00fct\u00fc Ma\u011fusa \u0130l\u00e7esi Gazima\u011fusa \u00e7ar\u015f\u0131 ve pazar esnaf\u0131n\u0131 ziyaret etti"}]},{"@type":"WebSite","@id":"https:\/\/kibrisdakik.com\/#website","url":"https:\/\/kibrisdakik.com\/","name":"","description":"Tam vaktinde haber","potentialAction":[{"@type":"SearchAction","target":{"@type":"EntryPoint","urlTemplate":"https:\/\/kibrisdakik.com\/?s={search_term_string}"},"query-input":{"@type":"PropertyValueSpecification","valueRequired":true,"valueName":"search_term_string"}}],"inLanguage":"tr"},{"@type":"Person","@id":"https:\/\/kibrisdakik.com\/#\/schema\/person\/9cd9d437bbb44f72b73ba127e06d8e79","name":"admin","image":{"@type":"ImageObject","inLanguage":"tr","@id":"https:\/\/secure.gravatar.com\/avatar\/ccc17943b9d660506c869530f897617f7cb1c21a4bf30023f252596d83e1f007?s=96&d=mm&r=g","url":"https:\/\/secure.gravatar.com\/avatar\/ccc17943b9d660506c869530f897617f7cb1c21a4bf30023f252596d83e1f007?s=96&d=mm&r=g","contentUrl":"https:\/\/secure.gravatar.com\/avatar\/ccc17943b9d660506c869530f897617f7cb1c21a4bf30023f252596d83e1f007?s=96&d=mm&r=g","caption":"admin"},"sameAs":["https:\/\/kibrisdakik.com"],"url":"https:\/\/kibrisdakik.com\/?author=1"}]}},"_links":{"self":[{"href":"https:\/\/kibrisdakik.com\/index.php?rest_route=\/wp\/v2\/posts\/33546","targetHints":{"allow":["GET"]}}],"collection":[{"href":"https:\/\/kibrisdakik.com\/index.php?rest_route=\/wp\/v2\/posts"}],"about":[{"href":"https:\/\/kibrisdakik.com\/index.php?rest_route=\/wp\/v2\/types\/post"}],"author":[{"embeddable":true,"href":"https:\/\/kibrisdakik.com\/index.php?rest_route=\/wp\/v2\/users\/1"}],"replies":[{"embeddable":true,"href":"https:\/\/kibrisdakik.com\/index.php?rest_route=%2Fwp%2Fv2%2Fcomments&post=33546"}],"version-history":[{"count":0,"href":"https:\/\/kibrisdakik.com\/index.php?rest_route=\/wp\/v2\/posts\/33546\/revisions"}],"wp:featuredmedia":[{"embeddable":true,"href":"https:\/\/kibrisdakik.com\/index.php?rest_route=\/wp\/v2\/media\/33547"}],"wp:attachment":[{"href":"https:\/\/kibrisdakik.com\/index.php?rest_route=%2Fwp%2Fv2%2Fmedia&parent=33546"}],"wp:term":[{"taxonomy":"category","embeddable":true,"href":"https:\/\/kibrisdakik.com\/index.php?rest_route=%2Fwp%2Fv2%2Fcategories&post=33546"},{"taxonomy":"post_tag","embeddable":true,"href":"https:\/\/kibrisdakik.com\/index.php?rest_route=%2Fwp%2Fv2%2Ftags&post=33546"}],"curies":[{"name":"wp","href":"https:\/\/api.w.org\/{rel}","templated":true}]}}